{"id":9538,"date":"2017-06-05T11:03:32","date_gmt":"2017-06-05T11:03:32","guid":{"rendered":"https:\/\/v2.tuzlainfo.ba\/2017\/06\/05\/sjecanje-na-zrtve-je-obaveza-aktivisti-obiljezili-vise-od-40-neobiljeznih-mjesta-stradanja-u-bih\/"},"modified":"2021-03-23T09:01:50","modified_gmt":"2021-03-23T09:01:50","slug":"sjecanje-na-zrtve-je-obaveza-aktivisti-obiljezili-vise-od-40-neobiljeznih-mjesta-stradanja-u-bih","status":"publish","type":"post","link":"https:\/\/tuzlainfo.ba\/index.php\/clanci\/sa-svih-strana\/item\/9538-sjecanje-na-zrtve-je-obaveza-aktivisti-obiljezili-vise-od-40-neobiljeznih-mjesta-stradanja-u-bih\/","title":{"rendered":"Sje\u0107anje na \u017ertve je obaveza: Aktivisti obilje\u017eili vi\u0161e od 40 neobilje\u017enih mjesta stradanja u BiH"},"content":{"rendered":"<p>Iako je od proteklog rata u Bosni i Hercegovini pro&scaron;lo vi&scaron;e od dvije decenije, veliki broj mjesta stradanja &scaron;irom Bosne i Hercegovine jo&scaron; uvijek nije obilje\u017een na bilo koji na\u010din. Neformalna grupa okupljena od strane mirovnih aktivista i aktivistica, ve\u0107 dvije godine&nbsp; ukazuje na va\u017enost primjerenog obilje\u017eavanja svih mjesta stradanja, patnje i straha.<\/p>\n<p>Danas su to hoteli, &scaron;kole, fabrike, kulturni domovi&hellip;, koji su nakon ratnih razaranja uglavnom obnovljeni i vra\u0107eni prvobitnoj namjeni. No, tokom rata od 1992. do 1995. mnogi od ovih objekata bili su mjesta zato\u010denja i stradanja, a nakon rata izostalo je njihovo obilje\u017eavanje&nbsp; kao mjesta stradanja.<\/p>\n<p>Iako postoje primjeri gdje nisu obilje\u017eena ni mjesta stradanja naroda koji je danas ve\u0107inski na nekim podru\u010djima, u kontekstu lokalnih zajednica u ve\u0107ini slu\u010dajeva radi se o stradanju &#8220;drugih&#8221;, onih koji u ustaljenim narativima imaju ulogu &#8220;iskonskih neprijatelja&#8221;, pri \u010demu je memorijalizacija \u017ertava ekskluzivno pravo &#8220;pobjednika&#8221; i onih koji dr\u017ee poluge mo\u0107i u tim zajednicama.<\/p>\n<p>Vjeruju\u0107i da sve \u017ertve zaslu\u017euju na&scaron;e sje\u0107anje, grupa neformalnih aktivistica i aktivistkinja u posljednje dvije godine obi&scaron;la je vi&scaron;e od 40 lokacija nastoje\u0107i obilje\u017eiti mjesta stradanja. Livno, Bijeljina, Rogatica, \u010capljina, Velika Kladu&scaron;a, Bugojno, Zvornik, Prijedor, Drvar, Novi Grad\/Bosanski Novi, Zenica, Vi&scaron;egrad, su samo neke od lokacija koje se do\u017eivljavaju kao hipoteka kolektivne krivice.<\/p>\n<p>Krajem maja 2017. godine, u petoj po redu akciji obilje\u017eavanja neobilje\u017eenih mjesta strdanja, aktivisti i aktivistice su obilje\u017eili mjesta stradanja u Bosanskom Brodu, Derventi, Zavidovi\u0107ima, Bratuncu iPalama.<\/p>\n<p>Ovom prilikom obilje\u017eeno je neobilje\u017eeno mjesto stradanja Kajak klub u Bosanskom Brodu koji je slu\u017eio za zatvaranje osobasrpske nacionalnosti u periodu od juna do oktobra 1992. godine. U Derventi je obilje\u017eena nekada&scaron;nja Osnovnu &scaron;kolu Poljari koja je tokom 1992. godine kori&scaron;tena kao mjesto zato\u010denja osoba srpske nacionalnosti sa podru\u010dja op&scaron;tine Derventa, dok je u Zavidovi\u0107ima obilje\u017eena lokaciju &#8220;13. Kilometar&#8221; koja se nalazi uz rijeku Gostovi\u0107 gdje je tokom 1995. uspostavljen zato\u010deni\u010dki objekt za civile i vojnike srpske nacionalnosti. U Bratuncu je obilje\u017een objekt gradskog stadiona koji je tokom prolje\u0107a 1992.&nbsp; godine slu\u017eio kao mjesto zato\u010denja osoba bo&scaron;nja\u010dke nacionalnosti sa podru\u010dja op&scaron;tine Bratunac. Ove lokacije, kao i mnoge druge koje jo&scaron; uvijek nisu obilje\u017eene, bile su ne samo mjesta zato\u010denja nego i mjesta stradanja. Uslovi su bili nehmani uz svakodnevno premla\u0107ivanje, zlostavljanje, prinudni rad&#8230;<\/p>\n<p>Ovom aktivno&scaron;\u0107u \u017eelimo da detabuiziramo ta mjesta i potaknemo ljude iz lokalnih zajednica da ih obilje\u017ee na primjeren na\u010din i time odaju po\u010dast \u017ertvama i izraze \u017eal nad izgubljenim \u017eivotima i ljudskom patnjom, &scaron;to bi bio iskorak ka po&scaron;tenom odnosu prema pro&scaron;losti.<\/p>\n<p>Legitimitet za sprovo\u0111enje ove aktivnosti imamo kao gra\u0111ani dru&scaron;tva u kojem \u017eelimo svjetljiju budu\u0107nost, bez straha i nepravde &#8211; saop&scaron;tili su iz&nbsp;Neformalne grupa aktivista &#8220;Neobilje\u017eena mjesta stradanja&#8221;.<\/p>\n<p><strong>(TI)<\/strong><\/p>\n","protected":false},"excerpt":{"rendered":"<p>Iako je od proteklog rata u Bosni i Hercegovini pro&scaron;lo vi&scaron;e od dvije decenije, veliki&hellip;<\/p>\n","protected":false},"author":7,"featured_media":57433,"comment_status":"open","ping_status":"closed","sticky":false,"template":"","format":"standard","meta":{"_acf_changed":false,"footnotes":""},"categories":[16],"tags":[],"acf":[],"yoast_head":"<!-- This site is optimized with the Yoast SEO plugin v23.5 - https:\/\/yoast.com\/wordpress\/plugins\/seo\/ -->\n<title>Sje\u0107anje na \u017ertve je obaveza: Aktivisti obilje\u017eili vi\u0161e od 40 neobilje\u017enih mjesta stradanja u BiH - TuzlaInfo.ba<\/title>\n<meta name=\"robots\" content=\"index, follow, max-snippet:-1, max-image-preview:large, max-video-preview:-1\" \/>\n<link rel=\"canonical\" href=\"https:\/\/tuzlainfo.ba\/index.php\/clanci\/sa-svih-strana\/item\/9538-sjecanje-na-zrtve-je-obaveza-aktivisti-obiljezili-vise-od-40-neobiljeznih-mjesta-stradanja-u-bih\/\" \/>\n<meta property=\"og:locale\" content=\"bs_BA\" \/>\n<meta property=\"og:type\" content=\"article\" \/>\n<meta property=\"og:title\" content=\"Sje\u0107anje na \u017ertve je obaveza: Aktivisti obilje\u017eili vi\u0161e od 40 neobilje\u017enih mjesta stradanja u BiH - TuzlaInfo.ba\" \/>\n<meta property=\"og:description\" content=\"Iako je od proteklog rata u Bosni i Hercegovini pro&scaron;lo vi&scaron;e od dvije decenije, veliki&hellip;\" \/>\n<meta property=\"og:url\" content=\"https:\/\/tuzlainfo.ba\/index.php\/clanci\/sa-svih-strana\/item\/9538-sjecanje-na-zrtve-je-obaveza-aktivisti-obiljezili-vise-od-40-neobiljeznih-mjesta-stradanja-u-bih\/\" \/>\n<meta property=\"og:site_name\" content=\"TuzlaInfo.ba\" \/>\n<meta property=\"article:publisher\" content=\"https:\/\/www.facebook.com\/tuzlainfo.ba\/\" \/>\n<meta property=\"article:published_time\" content=\"2017-06-05T11:03:32+00:00\" \/>\n<meta property=\"article:modified_time\" content=\"2021-03-23T09:01:50+00:00\" \/>\n<meta property=\"og:image\" content=\"https:\/\/tuzlainfo.ba\/wp-content\/uploads\/2017\/06\/k2_items_src_68953dfe92b06685985277c5f9e4fe15.jpg\" \/>\n\t<meta property=\"og:image:width\" content=\"600\" \/>\n\t<meta property=\"og:image:height\" content=\"399\" \/>\n\t<meta property=\"og:image:type\" content=\"image\/jpeg\" \/>\n<meta name=\"author\" content=\"admin\" \/>\n<meta name=\"twitter:card\" content=\"summary_large_image\" \/>\n<meta name=\"twitter:label1\" content=\"Written by\" \/>\n\t<meta name=\"twitter:data1\" content=\"admin\" \/>\n\t<meta name=\"twitter:label2\" content=\"Est. reading time\" \/>\n\t<meta name=\"twitter:data2\" content=\"3 minute\" \/>\n<script type=\"application\/ld+json\" class=\"yoast-schema-graph\">{\"@context\":\"https:\/\/schema.org\",\"@graph\":[{\"@type\":\"Article\",\"@id\":\"https:\/\/tuzlainfo.ba\/index.php\/clanci\/sa-svih-strana\/item\/9538-sjecanje-na-zrtve-je-obaveza-aktivisti-obiljezili-vise-od-40-neobiljeznih-mjesta-stradanja-u-bih\/#article\",\"isPartOf\":{\"@id\":\"https:\/\/tuzlainfo.ba\/index.php\/clanci\/sa-svih-strana\/item\/9538-sjecanje-na-zrtve-je-obaveza-aktivisti-obiljezili-vise-od-40-neobiljeznih-mjesta-stradanja-u-bih\/\"},\"author\":{\"name\":\"admin\",\"@id\":\"https:\/\/tuzlainfo.ba\/#\/schema\/person\/2f43db7fe019bcec025fe92cee6adb27\"},\"headline\":\"Sje\u0107anje na \u017ertve je obaveza: Aktivisti obilje\u017eili vi\u0161e od 40 neobilje\u017enih mjesta stradanja u BiH\",\"datePublished\":\"2017-06-05T11:03:32+00:00\",\"dateModified\":\"2021-03-23T09:01:50+00:00\",\"mainEntityOfPage\":{\"@id\":\"https:\/\/tuzlainfo.ba\/index.php\/clanci\/sa-svih-strana\/item\/9538-sjecanje-na-zrtve-je-obaveza-aktivisti-obiljezili-vise-od-40-neobiljeznih-mjesta-stradanja-u-bih\/\"},\"wordCount\":543,\"commentCount\":0,\"publisher\":{\"@id\":\"https:\/\/tuzlainfo.ba\/#organization\"},\"image\":{\"@id\":\"https:\/\/tuzlainfo.ba\/index.php\/clanci\/sa-svih-strana\/item\/9538-sjecanje-na-zrtve-je-obaveza-aktivisti-obiljezili-vise-od-40-neobiljeznih-mjesta-stradanja-u-bih\/#primaryimage\"},\"thumbnailUrl\":\"https:\/\/tuzlainfo.ba\/wp-content\/uploads\/2017\/06\/k2_items_src_68953dfe92b06685985277c5f9e4fe15.jpg\",\"articleSection\":[\"Sa svih strana\"],\"inLanguage\":\"bs-BA\"},{\"@type\":\"WebPage\",\"@id\":\"https:\/\/tuzlainfo.ba\/index.php\/clanci\/sa-svih-strana\/item\/9538-sjecanje-na-zrtve-je-obaveza-aktivisti-obiljezili-vise-od-40-neobiljeznih-mjesta-stradanja-u-bih\/\",\"url\":\"https:\/\/tuzlainfo.ba\/index.php\/clanci\/sa-svih-strana\/item\/9538-sjecanje-na-zrtve-je-obaveza-aktivisti-obiljezili-vise-od-40-neobiljeznih-mjesta-stradanja-u-bih\/\",\"name\":\"Sje\u0107anje na \u017ertve je obaveza: Aktivisti obilje\u017eili vi\u0161e od 40 neobilje\u017enih mjesta stradanja u BiH - TuzlaInfo.ba\",\"isPartOf\":{\"@id\":\"https:\/\/tuzlainfo.ba\/#website\"},\"primaryImageOfPage\":{\"@id\":\"https:\/\/tuzlainfo.ba\/index.php\/clanci\/sa-svih-strana\/item\/9538-sjecanje-na-zrtve-je-obaveza-aktivisti-obiljezili-vise-od-40-neobiljeznih-mjesta-stradanja-u-bih\/#primaryimage\"},\"image\":{\"@id\":\"https:\/\/tuzlainfo.ba\/index.php\/clanci\/sa-svih-strana\/item\/9538-sjecanje-na-zrtve-je-obaveza-aktivisti-obiljezili-vise-od-40-neobiljeznih-mjesta-stradanja-u-bih\/#primaryimage\"},\"thumbnailUrl\":\"https:\/\/tuzlainfo.ba\/wp-content\/uploads\/2017\/06\/k2_items_src_68953dfe92b06685985277c5f9e4fe15.jpg\",\"datePublished\":\"2017-06-05T11:03:32+00:00\",\"dateModified\":\"2021-03-23T09:01:50+00:00\",\"breadcrumb\":{\"@id\":\"https:\/\/tuzlainfo.ba\/index.php\/clanci\/sa-svih-strana\/item\/9538-sjecanje-na-zrtve-je-obaveza-aktivisti-obiljezili-vise-od-40-neobiljeznih-mjesta-stradanja-u-bih\/#breadcrumb\"},\"inLanguage\":\"bs-BA\",\"potentialAction\":[{\"@type\":\"ReadAction\",\"target\":[\"https:\/\/tuzlainfo.ba\/index.php\/clanci\/sa-svih-strana\/item\/9538-sjecanje-na-zrtve-je-obaveza-aktivisti-obiljezili-vise-od-40-neobiljeznih-mjesta-stradanja-u-bih\/\"]}]},{\"@type\":\"ImageObject\",\"inLanguage\":\"bs-BA\",\"@id\":\"https:\/\/tuzlainfo.ba\/index.php\/clanci\/sa-svih-strana\/item\/9538-sjecanje-na-zrtve-je-obaveza-aktivisti-obiljezili-vise-od-40-neobiljeznih-mjesta-stradanja-u-bih\/#primaryimage\",\"url\":\"https:\/\/tuzlainfo.ba\/wp-content\/uploads\/2017\/06\/k2_items_src_68953dfe92b06685985277c5f9e4fe15.jpg\",\"contentUrl\":\"https:\/\/tuzlainfo.ba\/wp-content\/uploads\/2017\/06\/k2_items_src_68953dfe92b06685985277c5f9e4fe15.jpg\",\"width\":600,\"height\":399},{\"@type\":\"BreadcrumbList\",\"@id\":\"https:\/\/tuzlainfo.ba\/index.php\/clanci\/sa-svih-strana\/item\/9538-sjecanje-na-zrtve-je-obaveza-aktivisti-obiljezili-vise-od-40-neobiljeznih-mjesta-stradanja-u-bih\/#breadcrumb\",\"itemListElement\":[{\"@type\":\"ListItem\",\"position\":1,\"name\":\"Home\",\"item\":\"https:\/\/tuzlainfo.ba\/\"},{\"@type\":\"ListItem\",\"position\":2,\"name\":\"Sje\u0107anje na \u017ertve je obaveza: Aktivisti obilje\u017eili vi\u0161e od 40 neobilje\u017enih mjesta stradanja u BiH\"}]},{\"@type\":\"WebSite\",\"@id\":\"https:\/\/tuzlainfo.ba\/#website\",\"url\":\"https:\/\/tuzlainfo.ba\/\",\"name\":\"TuzlaInfo.ba\",\"description\":\"Tuzla info, gradski informator - Tuzla na dlanu\",\"publisher\":{\"@id\":\"https:\/\/tuzlainfo.ba\/#organization\"},\"potentialAction\":[{\"@type\":\"SearchAction\",\"target\":{\"@type\":\"EntryPoint\",\"urlTemplate\":\"https:\/\/tuzlainfo.ba\/?s={search_term_string}\"},\"query-input\":{\"@type\":\"PropertyValueSpecification\",\"valueRequired\":true,\"valueName\":\"search_term_string\"}}],\"inLanguage\":\"bs-BA\"},{\"@type\":\"Organization\",\"@id\":\"https:\/\/tuzlainfo.ba\/#organization\",\"name\":\"TuzlaInfo.ba\",\"url\":\"https:\/\/tuzlainfo.ba\/\",\"logo\":{\"@type\":\"ImageObject\",\"inLanguage\":\"bs-BA\",\"@id\":\"https:\/\/tuzlainfo.ba\/#\/schema\/logo\/image\/\",\"url\":\"https:\/\/tuzlainfo.ba\/wp-content\/uploads\/2021\/03\/logo-ver-3-1.png\",\"contentUrl\":\"https:\/\/tuzlainfo.ba\/wp-content\/uploads\/2021\/03\/logo-ver-3-1.png\",\"width\":350,\"height\":95,\"caption\":\"TuzlaInfo.ba\"},\"image\":{\"@id\":\"https:\/\/tuzlainfo.ba\/#\/schema\/logo\/image\/\"},\"sameAs\":[\"https:\/\/www.facebook.com\/tuzlainfo.ba\/\"]},{\"@type\":\"Person\",\"@id\":\"https:\/\/tuzlainfo.ba\/#\/schema\/person\/2f43db7fe019bcec025fe92cee6adb27\",\"name\":\"admin\",\"image\":{\"@type\":\"ImageObject\",\"inLanguage\":\"bs-BA\",\"@id\":\"https:\/\/tuzlainfo.ba\/#\/schema\/person\/image\/\",\"url\":\"https:\/\/tuzlainfo.ba\/wp-content\/litespeed\/avatar\/eb0aa75b4e22c68d0055a88f8529ef59.jpg?ver=1777307908\",\"contentUrl\":\"https:\/\/tuzlainfo.ba\/wp-content\/litespeed\/avatar\/eb0aa75b4e22c68d0055a88f8529ef59.jpg?ver=1777307908\",\"caption\":\"admin\"},\"sameAs\":[\"https:\/\/tuzlainfo.ba\"]}]}<\/script>\n<!-- \/ Yoast SEO plugin. -->","yoast_head_json":{"title":"Sje\u0107anje na \u017ertve je obaveza: Aktivisti obilje\u017eili vi\u0161e od 40 neobilje\u017enih mjesta stradanja u BiH - TuzlaInfo.ba","robots":{"index":"index","follow":"follow","max-snippet":"max-snippet:-1","max-image-preview":"max-image-preview:large","max-video-preview":"max-video-preview:-1"},"canonical":"https:\/\/tuzlainfo.ba\/index.php\/clanci\/sa-svih-strana\/item\/9538-sjecanje-na-zrtve-je-obaveza-aktivisti-obiljezili-vise-od-40-neobiljeznih-mjesta-stradanja-u-bih\/","og_locale":"bs_BA","og_type":"article","og_title":"Sje\u0107anje na \u017ertve je obaveza: Aktivisti obilje\u017eili vi\u0161e od 40 neobilje\u017enih mjesta stradanja u BiH - TuzlaInfo.ba","og_description":"Iako je od proteklog rata u Bosni i Hercegovini pro&scaron;lo vi&scaron;e od dvije decenije, veliki&hellip;","og_url":"https:\/\/tuzlainfo.ba\/index.php\/clanci\/sa-svih-strana\/item\/9538-sjecanje-na-zrtve-je-obaveza-aktivisti-obiljezili-vise-od-40-neobiljeznih-mjesta-stradanja-u-bih\/","og_site_name":"TuzlaInfo.ba","article_publisher":"https:\/\/www.facebook.com\/tuzlainfo.ba\/","article_published_time":"2017-06-05T11:03:32+00:00","article_modified_time":"2021-03-23T09:01:50+00:00","og_image":[{"width":600,"height":399,"url":"https:\/\/tuzlainfo.ba\/wp-content\/uploads\/2017\/06\/k2_items_src_68953dfe92b06685985277c5f9e4fe15.jpg","type":"image\/jpeg"}],"author":"admin","twitter_card":"summary_large_image","twitter_misc":{"Written by":"admin","Est. reading time":"3 minute"},"schema":{"@context":"https:\/\/schema.org","@graph":[{"@type":"Article","@id":"https:\/\/tuzlainfo.ba\/index.php\/clanci\/sa-svih-strana\/item\/9538-sjecanje-na-zrtve-je-obaveza-aktivisti-obiljezili-vise-od-40-neobiljeznih-mjesta-stradanja-u-bih\/#article","isPartOf":{"@id":"https:\/\/tuzlainfo.ba\/index.php\/clanci\/sa-svih-strana\/item\/9538-sjecanje-na-zrtve-je-obaveza-aktivisti-obiljezili-vise-od-40-neobiljeznih-mjesta-stradanja-u-bih\/"},"author":{"name":"admin","@id":"https:\/\/tuzlainfo.ba\/#\/schema\/person\/2f43db7fe019bcec025fe92cee6adb27"},"headline":"Sje\u0107anje na \u017ertve je obaveza: Aktivisti obilje\u017eili vi\u0161e od 40 neobilje\u017enih mjesta stradanja u BiH","datePublished":"2017-06-05T11:03:32+00:00","dateModified":"2021-03-23T09:01:50+00:00","mainEntityOfPage":{"@id":"https:\/\/tuzlainfo.ba\/index.php\/clanci\/sa-svih-strana\/item\/9538-sjecanje-na-zrtve-je-obaveza-aktivisti-obiljezili-vise-od-40-neobiljeznih-mjesta-stradanja-u-bih\/"},"wordCount":543,"commentCount":0,"publisher":{"@id":"https:\/\/tuzlainfo.ba\/#organization"},"image":{"@id":"https:\/\/tuzlainfo.ba\/index.php\/clanci\/sa-svih-strana\/item\/9538-sjecanje-na-zrtve-je-obaveza-aktivisti-obiljezili-vise-od-40-neobiljeznih-mjesta-stradanja-u-bih\/#primaryimage"},"thumbnailUrl":"https:\/\/tuzlainfo.ba\/wp-content\/uploads\/2017\/06\/k2_items_src_68953dfe92b06685985277c5f9e4fe15.jpg","articleSection":["Sa svih strana"],"inLanguage":"bs-BA"},{"@type":"WebPage","@id":"https:\/\/tuzlainfo.ba\/index.php\/clanci\/sa-svih-strana\/item\/9538-sjecanje-na-zrtve-je-obaveza-aktivisti-obiljezili-vise-od-40-neobiljeznih-mjesta-stradanja-u-bih\/","url":"https:\/\/tuzlainfo.ba\/index.php\/clanci\/sa-svih-strana\/item\/9538-sjecanje-na-zrtve-je-obaveza-aktivisti-obiljezili-vise-od-40-neobiljeznih-mjesta-stradanja-u-bih\/","name":"Sje\u0107anje na \u017ertve je obaveza: Aktivisti obilje\u017eili vi\u0161e od 40 neobilje\u017enih mjesta stradanja u BiH - TuzlaInfo.ba","isPartOf":{"@id":"https:\/\/tuzlainfo.ba\/#website"},"primaryImageOfPage":{"@id":"https:\/\/tuzlainfo.ba\/index.php\/clanci\/sa-svih-strana\/item\/9538-sjecanje-na-zrtve-je-obaveza-aktivisti-obiljezili-vise-od-40-neobiljeznih-mjesta-stradanja-u-bih\/#primaryimage"},"image":{"@id":"https:\/\/tuzlainfo.ba\/index.php\/clanci\/sa-svih-strana\/item\/9538-sjecanje-na-zrtve-je-obaveza-aktivisti-obiljezili-vise-od-40-neobiljeznih-mjesta-stradanja-u-bih\/#primaryimage"},"thumbnailUrl":"https:\/\/tuzlainfo.ba\/wp-content\/uploads\/2017\/06\/k2_items_src_68953dfe92b06685985277c5f9e4fe15.jpg","datePublished":"2017-06-05T11:03:32+00:00","dateModified":"2021-03-23T09:01:50+00:00","breadcrumb":{"@id":"https:\/\/tuzlainfo.ba\/index.php\/clanci\/sa-svih-strana\/item\/9538-sjecanje-na-zrtve-je-obaveza-aktivisti-obiljezili-vise-od-40-neobiljeznih-mjesta-stradanja-u-bih\/#breadcrumb"},"inLanguage":"bs-BA","potentialAction":[{"@type":"ReadAction","target":["https:\/\/tuzlainfo.ba\/index.php\/clanci\/sa-svih-strana\/item\/9538-sjecanje-na-zrtve-je-obaveza-aktivisti-obiljezili-vise-od-40-neobiljeznih-mjesta-stradanja-u-bih\/"]}]},{"@type":"ImageObject","inLanguage":"bs-BA","@id":"https:\/\/tuzlainfo.ba\/index.php\/clanci\/sa-svih-strana\/item\/9538-sjecanje-na-zrtve-je-obaveza-aktivisti-obiljezili-vise-od-40-neobiljeznih-mjesta-stradanja-u-bih\/#primaryimage","url":"https:\/\/tuzlainfo.ba\/wp-content\/uploads\/2017\/06\/k2_items_src_68953dfe92b06685985277c5f9e4fe15.jpg","contentUrl":"https:\/\/tuzlainfo.ba\/wp-content\/uploads\/2017\/06\/k2_items_src_68953dfe92b06685985277c5f9e4fe15.jpg","width":600,"height":399},{"@type":"BreadcrumbList","@id":"https:\/\/tuzlainfo.ba\/index.php\/clanci\/sa-svih-strana\/item\/9538-sjecanje-na-zrtve-je-obaveza-aktivisti-obiljezili-vise-od-40-neobiljeznih-mjesta-stradanja-u-bih\/#breadcrumb","itemListElement":[{"@type":"ListItem","position":1,"name":"Home","item":"https:\/\/tuzlainfo.ba\/"},{"@type":"ListItem","position":2,"name":"Sje\u0107anje na \u017ertve je obaveza: Aktivisti obilje\u017eili vi\u0161e od 40 neobilje\u017enih mjesta stradanja u BiH"}]},{"@type":"WebSite","@id":"https:\/\/tuzlainfo.ba\/#website","url":"https:\/\/tuzlainfo.ba\/","name":"TuzlaInfo.ba","description":"Tuzla info, gradski informator - Tuzla na dlanu","publisher":{"@id":"https:\/\/tuzlainfo.ba\/#organization"},"potentialAction":[{"@type":"SearchAction","target":{"@type":"EntryPoint","urlTemplate":"https:\/\/tuzlainfo.ba\/?s={search_term_string}"},"query-input":{"@type":"PropertyValueSpecification","valueRequired":true,"valueName":"search_term_string"}}],"inLanguage":"bs-BA"},{"@type":"Organization","@id":"https:\/\/tuzlainfo.ba\/#organization","name":"TuzlaInfo.ba","url":"https:\/\/tuzlainfo.ba\/","logo":{"@type":"ImageObject","inLanguage":"bs-BA","@id":"https:\/\/tuzlainfo.ba\/#\/schema\/logo\/image\/","url":"https:\/\/tuzlainfo.ba\/wp-content\/uploads\/2021\/03\/logo-ver-3-1.png","contentUrl":"https:\/\/tuzlainfo.ba\/wp-content\/uploads\/2021\/03\/logo-ver-3-1.png","width":350,"height":95,"caption":"TuzlaInfo.ba"},"image":{"@id":"https:\/\/tuzlainfo.ba\/#\/schema\/logo\/image\/"},"sameAs":["https:\/\/www.facebook.com\/tuzlainfo.ba\/"]},{"@type":"Person","@id":"https:\/\/tuzlainfo.ba\/#\/schema\/person\/2f43db7fe019bcec025fe92cee6adb27","name":"admin","image":{"@type":"ImageObject","inLanguage":"bs-BA","@id":"https:\/\/tuzlainfo.ba\/#\/schema\/person\/image\/","url":"https:\/\/tuzlainfo.ba\/wp-content\/litespeed\/avatar\/eb0aa75b4e22c68d0055a88f8529ef59.jpg?ver=1777307908","contentUrl":"https:\/\/tuzlainfo.ba\/wp-content\/litespeed\/avatar\/eb0aa75b4e22c68d0055a88f8529ef59.jpg?ver=1777307908","caption":"admin"},"sameAs":["https:\/\/tuzlainfo.ba"]}]}},"_links":{"self":[{"href":"https:\/\/tuzlainfo.ba\/index.php\/wp-json\/wp\/v2\/posts\/9538"}],"collection":[{"href":"https:\/\/tuzlainfo.ba\/index.php\/wp-json\/wp\/v2\/posts"}],"about":[{"href":"https:\/\/tuzlainfo.ba\/index.php\/wp-json\/wp\/v2\/types\/post"}],"author":[{"embeddable":true,"href":"https:\/\/tuzlainfo.ba\/index.php\/wp-json\/wp\/v2\/users\/7"}],"replies":[{"embeddable":true,"href":"https:\/\/tuzlainfo.ba\/index.php\/wp-json\/wp\/v2\/comments?post=9538"}],"version-history":[{"count":0,"href":"https:\/\/tuzlainfo.ba\/index.php\/wp-json\/wp\/v2\/posts\/9538\/revisions"}],"wp:featuredmedia":[{"embeddable":true,"href":"https:\/\/tuzlainfo.ba\/index.php\/wp-json\/wp\/v2\/media\/57433"}],"wp:attachment":[{"href":"https:\/\/tuzlainfo.ba\/index.php\/wp-json\/wp\/v2\/media?parent=9538"}],"wp:term":[{"taxonomy":"category","embeddable":true,"href":"https:\/\/tuzlainfo.ba\/index.php\/wp-json\/wp\/v2\/categories?post=9538"},{"taxonomy":"post_tag","embeddable":true,"href":"https:\/\/tuzlainfo.ba\/index.php\/wp-json\/wp\/v2\/tags?post=9538"}],"curies":[{"name":"wp","href":"https:\/\/api.w.org\/{rel}","templated":true}]}}