{"id":4181,"date":"2015-08-03T12:08:17","date_gmt":"2015-08-03T12:08:17","guid":{"rendered":"https:\/\/v2.tuzlainfo.ba\/2015\/08\/03\/novi-protesti-zbog-povecanja-cijena-gips-a-uskoro-vanredna-sjednica-gv-tuzla\/"},"modified":"2021-03-23T09:12:26","modified_gmt":"2021-03-23T09:12:26","slug":"novi-protesti-zbog-povecanja-cijena-gips-a-uskoro-vanredna-sjednica-gv-tuzla","status":"publish","type":"post","link":"https:\/\/tuzlainfo.ba\/index.php\/novosti\/item\/4181-novi-protesti-zbog-povecanja-cijena-gips-a-uskoro-vanredna-sjednica-gv-tuzla\/","title":{"rendered":"Novi protesti zbog ve\u0107ih cijena GIPS-a: Uskoro vanredna sjednica GV Tuzla"},"content":{"rendered":"<p>Mje\u0161tani Lipnice, nezadovoljni pove\u0107anjem cijena GIPS-a, okupili su se danas ispred zgrade Gradske uprave Tuzla. Delegaciju ovih ljudi, na&nbsp; sastanku koji je bio zatvoren za javnost,&nbsp; primio je gradona\u010delnik Jasmin Imamovi\u0107.<\/p>\n<p>Zbog nezakonitog dizanja cijena mjese\u010dnih karata, te zbog toga \u0161to nisu postupili sukladno naredbi Gradske komunalne inspekcije i vratili cijene na one koje su bile na snazi prije poskupljenja, Gradsko Pravobranila\u0161tvo podnijelo je i krivi\u010dnu prijavu protiv Gradskog i progradskog saobra\u0107aja.<\/p>\n<p>Gradona\u010delnik Imamovi\u0107 je istakao da se ovakva situacija do sada nije dogodila, tj.da se do sada niko nije oglu\u0161io na naredbu Inspekcije. Zbog svega toga razmatraju se razne mjere koje bi mogle biti poduzete, a do kraja sedmice trebala bi biti odr\u017eana i vanredna sjednica Gradskog vije\u0107a Tuzla.<\/p>\n<p><strong>(TI\/RTV7)<\/strong><\/p>\n","protected":false},"excerpt":{"rendered":"<p>Mje\u0161tani Lipnice, nezadovoljni pove\u0107anjem cijena GIPS-a, okupili su se danas ispred zgrade Gradske uprave Tuzla.&hellip;<\/p>\n","protected":false},"author":7,"featured_media":48470,"comment_status":"open","ping_status":"closed","sticky":false,"template":"","format":"standard","meta":{"_acf_changed":false,"footnotes":""},"categories":[12],"tags":[],"acf":[],"yoast_head":"<!-- This site is optimized with the Yoast SEO plugin v23.5 - https:\/\/yoast.com\/wordpress\/plugins\/seo\/ -->\n<title>Novi protesti zbog ve\u0107ih cijena GIPS-a: Uskoro vanredna sjednica GV Tuzla - TuzlaInfo.ba<\/title>\n<meta name=\"robots\" content=\"index, follow, max-snippet:-1, max-image-preview:large, max-video-preview:-1\" \/>\n<link rel=\"canonical\" href=\"https:\/\/tuzlainfo.ba\/index.php\/novosti\/item\/4181-novi-protesti-zbog-povecanja-cijena-gips-a-uskoro-vanredna-sjednica-gv-tuzla\/\" \/>\n<meta property=\"og:locale\" content=\"bs_BA\" \/>\n<meta property=\"og:type\" content=\"article\" \/>\n<meta property=\"og:title\" content=\"Novi protesti zbog ve\u0107ih cijena GIPS-a: Uskoro vanredna sjednica GV Tuzla - TuzlaInfo.ba\" \/>\n<meta property=\"og:description\" content=\"Mje\u0161tani Lipnice, nezadovoljni pove\u0107anjem cijena GIPS-a, okupili su se danas ispred zgrade Gradske uprave Tuzla.&hellip;\" \/>\n<meta property=\"og:url\" content=\"https:\/\/tuzlainfo.ba\/index.php\/novosti\/item\/4181-novi-protesti-zbog-povecanja-cijena-gips-a-uskoro-vanredna-sjednica-gv-tuzla\/\" \/>\n<meta property=\"og:site_name\" content=\"TuzlaInfo.ba\" \/>\n<meta property=\"article:publisher\" content=\"https:\/\/www.facebook.com\/tuzlainfo.ba\/\" \/>\n<meta property=\"article:published_time\" content=\"2015-08-03T12:08:17+00:00\" \/>\n<meta property=\"article:modified_time\" content=\"2021-03-23T09:12:26+00:00\" \/>\n<meta property=\"og:image\" content=\"https:\/\/tuzlainfo.ba\/wp-content\/uploads\/2015\/08\/k2_items_src_c44b3abd57ccfbc620ba9eaafbc28bd6.jpg\" \/>\n\t<meta property=\"og:image:width\" content=\"400\" \/>\n\t<meta property=\"og:image:height\" content=\"212\" \/>\n\t<meta property=\"og:image:type\" content=\"image\/jpeg\" \/>\n<meta name=\"author\" content=\"admin\" \/>\n<meta name=\"twitter:card\" content=\"summary_large_image\" \/>\n<meta name=\"twitter:label1\" content=\"Written by\" \/>\n\t<meta name=\"twitter:data1\" content=\"admin\" \/>\n\t<meta name=\"twitter:label2\" content=\"Est. reading time\" \/>\n\t<meta name=\"twitter:data2\" content=\"1 minuta\" \/>\n<script type=\"application\/ld+json\" class=\"yoast-schema-graph\">{\"@context\":\"https:\/\/schema.org\",\"@graph\":[{\"@type\":\"Article\",\"@id\":\"https:\/\/tuzlainfo.ba\/index.php\/novosti\/item\/4181-novi-protesti-zbog-povecanja-cijena-gips-a-uskoro-vanredna-sjednica-gv-tuzla\/#article\",\"isPartOf\":{\"@id\":\"https:\/\/tuzlainfo.ba\/index.php\/novosti\/item\/4181-novi-protesti-zbog-povecanja-cijena-gips-a-uskoro-vanredna-sjednica-gv-tuzla\/\"},\"author\":{\"name\":\"admin\",\"@id\":\"https:\/\/tuzlainfo.ba\/#\/schema\/person\/2f43db7fe019bcec025fe92cee6adb27\"},\"headline\":\"Novi protesti zbog ve\u0107ih cijena GIPS-a: Uskoro vanredna sjednica GV Tuzla\",\"datePublished\":\"2015-08-03T12:08:17+00:00\",\"dateModified\":\"2021-03-23T09:12:26+00:00\",\"mainEntityOfPage\":{\"@id\":\"https:\/\/tuzlainfo.ba\/index.php\/novosti\/item\/4181-novi-protesti-zbog-povecanja-cijena-gips-a-uskoro-vanredna-sjednica-gv-tuzla\/\"},\"wordCount\":148,\"commentCount\":0,\"publisher\":{\"@id\":\"https:\/\/tuzlainfo.ba\/#organization\"},\"image\":{\"@id\":\"https:\/\/tuzlainfo.ba\/index.php\/novosti\/item\/4181-novi-protesti-zbog-povecanja-cijena-gips-a-uskoro-vanredna-sjednica-gv-tuzla\/#primaryimage\"},\"thumbnailUrl\":\"https:\/\/tuzlainfo.ba\/wp-content\/uploads\/2015\/08\/k2_items_src_c44b3abd57ccfbc620ba9eaafbc28bd6.jpg\",\"articleSection\":[\"Novosti\"],\"inLanguage\":\"bs-BA\"},{\"@type\":\"WebPage\",\"@id\":\"https:\/\/tuzlainfo.ba\/index.php\/novosti\/item\/4181-novi-protesti-zbog-povecanja-cijena-gips-a-uskoro-vanredna-sjednica-gv-tuzla\/\",\"url\":\"https:\/\/tuzlainfo.ba\/index.php\/novosti\/item\/4181-novi-protesti-zbog-povecanja-cijena-gips-a-uskoro-vanredna-sjednica-gv-tuzla\/\",\"name\":\"Novi protesti zbog ve\u0107ih cijena GIPS-a: Uskoro vanredna sjednica GV Tuzla - TuzlaInfo.ba\",\"isPartOf\":{\"@id\":\"https:\/\/tuzlainfo.ba\/#website\"},\"primaryImageOfPage\":{\"@id\":\"https:\/\/tuzlainfo.ba\/index.php\/novosti\/item\/4181-novi-protesti-zbog-povecanja-cijena-gips-a-uskoro-vanredna-sjednica-gv-tuzla\/#primaryimage\"},\"image\":{\"@id\":\"https:\/\/tuzlainfo.ba\/index.php\/novosti\/item\/4181-novi-protesti-zbog-povecanja-cijena-gips-a-uskoro-vanredna-sjednica-gv-tuzla\/#primaryimage\"},\"thumbnailUrl\":\"https:\/\/tuzlainfo.ba\/wp-content\/uploads\/2015\/08\/k2_items_src_c44b3abd57ccfbc620ba9eaafbc28bd6.jpg\",\"datePublished\":\"2015-08-03T12:08:17+00:00\",\"dateModified\":\"2021-03-23T09:12:26+00:00\",\"breadcrumb\":{\"@id\":\"https:\/\/tuzlainfo.ba\/index.php\/novosti\/item\/4181-novi-protesti-zbog-povecanja-cijena-gips-a-uskoro-vanredna-sjednica-gv-tuzla\/#breadcrumb\"},\"inLanguage\":\"bs-BA\",\"potentialAction\":[{\"@type\":\"ReadAction\",\"target\":[\"https:\/\/tuzlainfo.ba\/index.php\/novosti\/item\/4181-novi-protesti-zbog-povecanja-cijena-gips-a-uskoro-vanredna-sjednica-gv-tuzla\/\"]}]},{\"@type\":\"ImageObject\",\"inLanguage\":\"bs-BA\",\"@id\":\"https:\/\/tuzlainfo.ba\/index.php\/novosti\/item\/4181-novi-protesti-zbog-povecanja-cijena-gips-a-uskoro-vanredna-sjednica-gv-tuzla\/#primaryimage\",\"url\":\"https:\/\/tuzlainfo.ba\/wp-content\/uploads\/2015\/08\/k2_items_src_c44b3abd57ccfbc620ba9eaafbc28bd6.jpg\",\"contentUrl\":\"https:\/\/tuzlainfo.ba\/wp-content\/uploads\/2015\/08\/k2_items_src_c44b3abd57ccfbc620ba9eaafbc28bd6.jpg\",\"width\":400,\"height\":212},{\"@type\":\"BreadcrumbList\",\"@id\":\"https:\/\/tuzlainfo.ba\/index.php\/novosti\/item\/4181-novi-protesti-zbog-povecanja-cijena-gips-a-uskoro-vanredna-sjednica-gv-tuzla\/#breadcrumb\",\"itemListElement\":[{\"@type\":\"ListItem\",\"position\":1,\"name\":\"Home\",\"item\":\"https:\/\/tuzlainfo.ba\/\"},{\"@type\":\"ListItem\",\"position\":2,\"name\":\"Novi protesti zbog ve\u0107ih cijena GIPS-a: Uskoro vanredna sjednica GV Tuzla\"}]},{\"@type\":\"WebSite\",\"@id\":\"https:\/\/tuzlainfo.ba\/#website\",\"url\":\"https:\/\/tuzlainfo.ba\/\",\"name\":\"TuzlaInfo.ba\",\"description\":\"Tuzla info, gradski informator - Tuzla na dlanu\",\"publisher\":{\"@id\":\"https:\/\/tuzlainfo.ba\/#organization\"},\"potentialAction\":[{\"@type\":\"SearchAction\",\"target\":{\"@type\":\"EntryPoint\",\"urlTemplate\":\"https:\/\/tuzlainfo.ba\/?s={search_term_string}\"},\"query-input\":{\"@type\":\"PropertyValueSpecification\",\"valueRequired\":true,\"valueName\":\"search_term_string\"}}],\"inLanguage\":\"bs-BA\"},{\"@type\":\"Organization\",\"@id\":\"https:\/\/tuzlainfo.ba\/#organization\",\"name\":\"TuzlaInfo.ba\",\"url\":\"https:\/\/tuzlainfo.ba\/\",\"logo\":{\"@type\":\"ImageObject\",\"inLanguage\":\"bs-BA\",\"@id\":\"https:\/\/tuzlainfo.ba\/#\/schema\/logo\/image\/\",\"url\":\"https:\/\/tuzlainfo.ba\/wp-content\/uploads\/2021\/03\/logo-ver-3-1.png\",\"contentUrl\":\"https:\/\/tuzlainfo.ba\/wp-content\/uploads\/2021\/03\/logo-ver-3-1.png\",\"width\":350,\"height\":95,\"caption\":\"TuzlaInfo.ba\"},\"image\":{\"@id\":\"https:\/\/tuzlainfo.ba\/#\/schema\/logo\/image\/\"},\"sameAs\":[\"https:\/\/www.facebook.com\/tuzlainfo.ba\/\"]},{\"@type\":\"Person\",\"@id\":\"https:\/\/tuzlainfo.ba\/#\/schema\/person\/2f43db7fe019bcec025fe92cee6adb27\",\"name\":\"admin\",\"image\":{\"@type\":\"ImageObject\",\"inLanguage\":\"bs-BA\",\"@id\":\"https:\/\/tuzlainfo.ba\/#\/schema\/person\/image\/\",\"url\":\"https:\/\/tuzlainfo.ba\/wp-content\/litespeed\/avatar\/eb0aa75b4e22c68d0055a88f8529ef59.jpg?ver=1776703072\",\"contentUrl\":\"https:\/\/tuzlainfo.ba\/wp-content\/litespeed\/avatar\/eb0aa75b4e22c68d0055a88f8529ef59.jpg?ver=1776703072\",\"caption\":\"admin\"},\"sameAs\":[\"https:\/\/tuzlainfo.ba\"]}]}<\/script>\n<!-- \/ Yoast SEO plugin. -->","yoast_head_json":{"title":"Novi protesti zbog ve\u0107ih cijena GIPS-a: Uskoro vanredna sjednica GV Tuzla - TuzlaInfo.ba","robots":{"index":"index","follow":"follow","max-snippet":"max-snippet:-1","max-image-preview":"max-image-preview:large","max-video-preview":"max-video-preview:-1"},"canonical":"https:\/\/tuzlainfo.ba\/index.php\/novosti\/item\/4181-novi-protesti-zbog-povecanja-cijena-gips-a-uskoro-vanredna-sjednica-gv-tuzla\/","og_locale":"bs_BA","og_type":"article","og_title":"Novi protesti zbog ve\u0107ih cijena GIPS-a: Uskoro vanredna sjednica GV Tuzla - TuzlaInfo.ba","og_description":"Mje\u0161tani Lipnice, nezadovoljni pove\u0107anjem cijena GIPS-a, okupili su se danas ispred zgrade Gradske uprave Tuzla.&hellip;","og_url":"https:\/\/tuzlainfo.ba\/index.php\/novosti\/item\/4181-novi-protesti-zbog-povecanja-cijena-gips-a-uskoro-vanredna-sjednica-gv-tuzla\/","og_site_name":"TuzlaInfo.ba","article_publisher":"https:\/\/www.facebook.com\/tuzlainfo.ba\/","article_published_time":"2015-08-03T12:08:17+00:00","article_modified_time":"2021-03-23T09:12:26+00:00","og_image":[{"width":400,"height":212,"url":"https:\/\/tuzlainfo.ba\/wp-content\/uploads\/2015\/08\/k2_items_src_c44b3abd57ccfbc620ba9eaafbc28bd6.jpg","type":"image\/jpeg"}],"author":"admin","twitter_card":"summary_large_image","twitter_misc":{"Written by":"admin","Est. reading time":"1 minuta"},"schema":{"@context":"https:\/\/schema.org","@graph":[{"@type":"Article","@id":"https:\/\/tuzlainfo.ba\/index.php\/novosti\/item\/4181-novi-protesti-zbog-povecanja-cijena-gips-a-uskoro-vanredna-sjednica-gv-tuzla\/#article","isPartOf":{"@id":"https:\/\/tuzlainfo.ba\/index.php\/novosti\/item\/4181-novi-protesti-zbog-povecanja-cijena-gips-a-uskoro-vanredna-sjednica-gv-tuzla\/"},"author":{"name":"admin","@id":"https:\/\/tuzlainfo.ba\/#\/schema\/person\/2f43db7fe019bcec025fe92cee6adb27"},"headline":"Novi protesti zbog ve\u0107ih cijena GIPS-a: Uskoro vanredna sjednica GV Tuzla","datePublished":"2015-08-03T12:08:17+00:00","dateModified":"2021-03-23T09:12:26+00:00","mainEntityOfPage":{"@id":"https:\/\/tuzlainfo.ba\/index.php\/novosti\/item\/4181-novi-protesti-zbog-povecanja-cijena-gips-a-uskoro-vanredna-sjednica-gv-tuzla\/"},"wordCount":148,"commentCount":0,"publisher":{"@id":"https:\/\/tuzlainfo.ba\/#organization"},"image":{"@id":"https:\/\/tuzlainfo.ba\/index.php\/novosti\/item\/4181-novi-protesti-zbog-povecanja-cijena-gips-a-uskoro-vanredna-sjednica-gv-tuzla\/#primaryimage"},"thumbnailUrl":"https:\/\/tuzlainfo.ba\/wp-content\/uploads\/2015\/08\/k2_items_src_c44b3abd57ccfbc620ba9eaafbc28bd6.jpg","articleSection":["Novosti"],"inLanguage":"bs-BA"},{"@type":"WebPage","@id":"https:\/\/tuzlainfo.ba\/index.php\/novosti\/item\/4181-novi-protesti-zbog-povecanja-cijena-gips-a-uskoro-vanredna-sjednica-gv-tuzla\/","url":"https:\/\/tuzlainfo.ba\/index.php\/novosti\/item\/4181-novi-protesti-zbog-povecanja-cijena-gips-a-uskoro-vanredna-sjednica-gv-tuzla\/","name":"Novi protesti zbog ve\u0107ih cijena GIPS-a: Uskoro vanredna sjednica GV Tuzla - TuzlaInfo.ba","isPartOf":{"@id":"https:\/\/tuzlainfo.ba\/#website"},"primaryImageOfPage":{"@id":"https:\/\/tuzlainfo.ba\/index.php\/novosti\/item\/4181-novi-protesti-zbog-povecanja-cijena-gips-a-uskoro-vanredna-sjednica-gv-tuzla\/#primaryimage"},"image":{"@id":"https:\/\/tuzlainfo.ba\/index.php\/novosti\/item\/4181-novi-protesti-zbog-povecanja-cijena-gips-a-uskoro-vanredna-sjednica-gv-tuzla\/#primaryimage"},"thumbnailUrl":"https:\/\/tuzlainfo.ba\/wp-content\/uploads\/2015\/08\/k2_items_src_c44b3abd57ccfbc620ba9eaafbc28bd6.jpg","datePublished":"2015-08-03T12:08:17+00:00","dateModified":"2021-03-23T09:12:26+00:00","breadcrumb":{"@id":"https:\/\/tuzlainfo.ba\/index.php\/novosti\/item\/4181-novi-protesti-zbog-povecanja-cijena-gips-a-uskoro-vanredna-sjednica-gv-tuzla\/#breadcrumb"},"inLanguage":"bs-BA","potentialAction":[{"@type":"ReadAction","target":["https:\/\/tuzlainfo.ba\/index.php\/novosti\/item\/4181-novi-protesti-zbog-povecanja-cijena-gips-a-uskoro-vanredna-sjednica-gv-tuzla\/"]}]},{"@type":"ImageObject","inLanguage":"bs-BA","@id":"https:\/\/tuzlainfo.ba\/index.php\/novosti\/item\/4181-novi-protesti-zbog-povecanja-cijena-gips-a-uskoro-vanredna-sjednica-gv-tuzla\/#primaryimage","url":"https:\/\/tuzlainfo.ba\/wp-content\/uploads\/2015\/08\/k2_items_src_c44b3abd57ccfbc620ba9eaafbc28bd6.jpg","contentUrl":"https:\/\/tuzlainfo.ba\/wp-content\/uploads\/2015\/08\/k2_items_src_c44b3abd57ccfbc620ba9eaafbc28bd6.jpg","width":400,"height":212},{"@type":"BreadcrumbList","@id":"https:\/\/tuzlainfo.ba\/index.php\/novosti\/item\/4181-novi-protesti-zbog-povecanja-cijena-gips-a-uskoro-vanredna-sjednica-gv-tuzla\/#breadcrumb","itemListElement":[{"@type":"ListItem","position":1,"name":"Home","item":"https:\/\/tuzlainfo.ba\/"},{"@type":"ListItem","position":2,"name":"Novi protesti zbog ve\u0107ih cijena GIPS-a: Uskoro vanredna sjednica GV Tuzla"}]},{"@type":"WebSite","@id":"https:\/\/tuzlainfo.ba\/#website","url":"https:\/\/tuzlainfo.ba\/","name":"TuzlaInfo.ba","description":"Tuzla info, gradski informator - Tuzla na dlanu","publisher":{"@id":"https:\/\/tuzlainfo.ba\/#organization"},"potentialAction":[{"@type":"SearchAction","target":{"@type":"EntryPoint","urlTemplate":"https:\/\/tuzlainfo.ba\/?s={search_term_string}"},"query-input":{"@type":"PropertyValueSpecification","valueRequired":true,"valueName":"search_term_string"}}],"inLanguage":"bs-BA"},{"@type":"Organization","@id":"https:\/\/tuzlainfo.ba\/#organization","name":"TuzlaInfo.ba","url":"https:\/\/tuzlainfo.ba\/","logo":{"@type":"ImageObject","inLanguage":"bs-BA","@id":"https:\/\/tuzlainfo.ba\/#\/schema\/logo\/image\/","url":"https:\/\/tuzlainfo.ba\/wp-content\/uploads\/2021\/03\/logo-ver-3-1.png","contentUrl":"https:\/\/tuzlainfo.ba\/wp-content\/uploads\/2021\/03\/logo-ver-3-1.png","width":350,"height":95,"caption":"TuzlaInfo.ba"},"image":{"@id":"https:\/\/tuzlainfo.ba\/#\/schema\/logo\/image\/"},"sameAs":["https:\/\/www.facebook.com\/tuzlainfo.ba\/"]},{"@type":"Person","@id":"https:\/\/tuzlainfo.ba\/#\/schema\/person\/2f43db7fe019bcec025fe92cee6adb27","name":"admin","image":{"@type":"ImageObject","inLanguage":"bs-BA","@id":"https:\/\/tuzlainfo.ba\/#\/schema\/person\/image\/","url":"https:\/\/tuzlainfo.ba\/wp-content\/litespeed\/avatar\/eb0aa75b4e22c68d0055a88f8529ef59.jpg?ver=1776703072","contentUrl":"https:\/\/tuzlainfo.ba\/wp-content\/litespeed\/avatar\/eb0aa75b4e22c68d0055a88f8529ef59.jpg?ver=1776703072","caption":"admin"},"sameAs":["https:\/\/tuzlainfo.ba"]}]}},"_links":{"self":[{"href":"https:\/\/tuzlainfo.ba\/index.php\/wp-json\/wp\/v2\/posts\/4181"}],"collection":[{"href":"https:\/\/tuzlainfo.ba\/index.php\/wp-json\/wp\/v2\/posts"}],"about":[{"href":"https:\/\/tuzlainfo.ba\/index.php\/wp-json\/wp\/v2\/types\/post"}],"author":[{"embeddable":true,"href":"https:\/\/tuzlainfo.ba\/index.php\/wp-json\/wp\/v2\/users\/7"}],"replies":[{"embeddable":true,"href":"https:\/\/tuzlainfo.ba\/index.php\/wp-json\/wp\/v2\/comments?post=4181"}],"version-history":[{"count":0,"href":"https:\/\/tuzlainfo.ba\/index.php\/wp-json\/wp\/v2\/posts\/4181\/revisions"}],"wp:featuredmedia":[{"embeddable":true,"href":"https:\/\/tuzlainfo.ba\/index.php\/wp-json\/wp\/v2\/media\/48470"}],"wp:attachment":[{"href":"https:\/\/tuzlainfo.ba\/index.php\/wp-json\/wp\/v2\/media?parent=4181"}],"wp:term":[{"taxonomy":"category","embeddable":true,"href":"https:\/\/tuzlainfo.ba\/index.php\/wp-json\/wp\/v2\/categories?post=4181"},{"taxonomy":"post_tag","embeddable":true,"href":"https:\/\/tuzlainfo.ba\/index.php\/wp-json\/wp\/v2\/tags?post=4181"}],"curies":[{"name":"wp","href":"https:\/\/api.w.org\/{rel}","templated":true}]}}