{"id":3816,"date":"2015-06-11T16:23:13","date_gmt":"2015-06-11T16:23:13","guid":{"rendered":"https:\/\/v2.tuzlainfo.ba\/2015\/06\/11\/saniranje-posljedica-poplava-potpisani-ugovori-za-izgradnju-montaznih-kuca-u-tuzli\/"},"modified":"2021-03-23T09:13:10","modified_gmt":"2021-03-23T09:13:10","slug":"saniranje-posljedica-poplava-potpisani-ugovori-za-izgradnju-montaznih-kuca-u-tuzli","status":"publish","type":"post","link":"https:\/\/tuzlainfo.ba\/index.php\/novosti\/item\/3816-saniranje-posljedica-poplava-potpisani-ugovori-za-izgradnju-montaznih-kuca-u-tuzli\/","title":{"rendered":"Saniranje posljedica poplava: Potpisani ugovori za izgradnju monta\u017enih ku\u0107a u Tuzli"},"content":{"rendered":"<p>Danas je u zgradi Gradske uprave Grada Tuzla, obavljeno potpisivanje i razmjena pisama izme\u0111u predstavnika UNDP-a i Grada Tuzla, kao i potpisivanje ugovora sa korisnicima, kojima se reguli\u0161u prava i obaveze ugovorenih strana za realizaciju projekta izgradnje osam monta\u017enih stambenih objekata na lokalitetu Plane i Pa\u0161a bunar.<\/p>\n<p>Prema ranije utvr\u0111enim obavezama, Grad Tuzla je dodijelio besplatne placeve za igradnju monta\u017enih ku\u0107a, snosi\u0107e tro\u0161kove izdavanja dozvola i saglasnosti, ure\u0111enja komunalne infrastrukture i pristupnih puteva na lokalitetima na kojima \u0107e se graditi objekti.<\/p>\n<p>Predstavnicima UNDP-a na dana\u0161njem sastanku su predati kompletni geotehni\u010dki elaborati za jo\u0161 dvanaest placeva na lokalitetu Kozlovac, na kojima \u0107e se u saradnji sa UNDP-om u budu\u0107nosti graditi monta\u017ene ku\u0107e.<\/p>\n<p>Tokom sastanka obavljeno je i potpisivanje Memoranduma o razumijevanju izme\u0111u UNDP-a i Grada Tuzla, koji se odnosi na ure\u0111enje odnosa izme\u0111u strana potpisnica, i obuhvata sve aktivnosti uklju\u010dene u projekte sanacije posljedica od poplava i klizi\u0161ta, u periodu od \u010detiri godine.<\/p>\n<p>Usagla\u0161en je i Aneks ugovora o pravima i obavezama izme\u0111u UNDP-a i Grada Tuzla, u vezi sa izgradnjom monta\u017enih ku\u0107a, namijenjenih porodicama koje se ne mogu vratiti u svoje domove nakon majskih poplava.<\/p>\n<p>Potpisnici dana\u0161njih ugovora su se zahvalili na dosada\u0161njoj uspje\u0161noj saradnji Grada Tuzla sa EU Projektom oporavka od poplava na provo\u0111enju aktivnosti rehabilitacije javnih ustanova, stambenih jedinica i komunalne infrastrukture kao i oporavka lokalne privrede.<\/p>\n<p><strong>(TI)<\/strong><\/p>\n","protected":false},"excerpt":{"rendered":"<p>Danas je u zgradi Gradske uprave Grada Tuzla, obavljeno potpisivanje i razmjena pisama izme\u0111u predstavnika&hellip;<\/p>\n","protected":false},"author":7,"featured_media":47847,"comment_status":"open","ping_status":"closed","sticky":false,"template":"","format":"standard","meta":{"_acf_changed":false,"footnotes":""},"categories":[12],"tags":[],"acf":[],"yoast_head":"<!-- This site is optimized with the Yoast SEO plugin v23.5 - https:\/\/yoast.com\/wordpress\/plugins\/seo\/ -->\n<title>Saniranje posljedica poplava: Potpisani ugovori za izgradnju monta\u017enih ku\u0107a u Tuzli - TuzlaInfo.ba<\/title>\n<meta name=\"robots\" content=\"index, follow, max-snippet:-1, max-image-preview:large, max-video-preview:-1\" \/>\n<link rel=\"canonical\" href=\"https:\/\/tuzlainfo.ba\/index.php\/novosti\/item\/3816-saniranje-posljedica-poplava-potpisani-ugovori-za-izgradnju-montaznih-kuca-u-tuzli\/\" \/>\n<meta property=\"og:locale\" content=\"bs_BA\" \/>\n<meta property=\"og:type\" content=\"article\" \/>\n<meta property=\"og:title\" content=\"Saniranje posljedica poplava: Potpisani ugovori za izgradnju monta\u017enih ku\u0107a u Tuzli - TuzlaInfo.ba\" \/>\n<meta property=\"og:description\" content=\"Danas je u zgradi Gradske uprave Grada Tuzla, obavljeno potpisivanje i razmjena pisama izme\u0111u predstavnika&hellip;\" \/>\n<meta property=\"og:url\" content=\"https:\/\/tuzlainfo.ba\/index.php\/novosti\/item\/3816-saniranje-posljedica-poplava-potpisani-ugovori-za-izgradnju-montaznih-kuca-u-tuzli\/\" \/>\n<meta property=\"og:site_name\" content=\"TuzlaInfo.ba\" \/>\n<meta property=\"article:publisher\" content=\"https:\/\/www.facebook.com\/tuzlainfo.ba\/\" \/>\n<meta property=\"article:published_time\" content=\"2015-06-11T16:23:13+00:00\" \/>\n<meta property=\"article:modified_time\" content=\"2021-03-23T09:13:10+00:00\" \/>\n<meta property=\"og:image\" content=\"https:\/\/tuzlainfo.ba\/wp-content\/uploads\/2015\/06\/k2_items_src_f05e8cbabf676a2100520bda666c1d0d.jpg\" \/>\n\t<meta property=\"og:image:width\" content=\"400\" \/>\n\t<meta property=\"og:image:height\" content=\"300\" \/>\n\t<meta property=\"og:image:type\" content=\"image\/jpeg\" \/>\n<meta name=\"author\" content=\"admin\" \/>\n<meta name=\"twitter:card\" content=\"summary_large_image\" \/>\n<meta name=\"twitter:label1\" content=\"Written by\" \/>\n\t<meta name=\"twitter:data1\" content=\"admin\" \/>\n\t<meta name=\"twitter:label2\" content=\"Est. reading time\" \/>\n\t<meta name=\"twitter:data2\" content=\"1 minuta\" \/>\n<script type=\"application\/ld+json\" class=\"yoast-schema-graph\">{\"@context\":\"https:\/\/schema.org\",\"@graph\":[{\"@type\":\"Article\",\"@id\":\"https:\/\/tuzlainfo.ba\/index.php\/novosti\/item\/3816-saniranje-posljedica-poplava-potpisani-ugovori-za-izgradnju-montaznih-kuca-u-tuzli\/#article\",\"isPartOf\":{\"@id\":\"https:\/\/tuzlainfo.ba\/index.php\/novosti\/item\/3816-saniranje-posljedica-poplava-potpisani-ugovori-za-izgradnju-montaznih-kuca-u-tuzli\/\"},\"author\":{\"name\":\"admin\",\"@id\":\"https:\/\/tuzlainfo.ba\/#\/schema\/person\/2f43db7fe019bcec025fe92cee6adb27\"},\"headline\":\"Saniranje posljedica poplava: Potpisani ugovori za izgradnju monta\u017enih ku\u0107a u Tuzli\",\"datePublished\":\"2015-06-11T16:23:13+00:00\",\"dateModified\":\"2021-03-23T09:13:10+00:00\",\"mainEntityOfPage\":{\"@id\":\"https:\/\/tuzlainfo.ba\/index.php\/novosti\/item\/3816-saniranje-posljedica-poplava-potpisani-ugovori-za-izgradnju-montaznih-kuca-u-tuzli\/\"},\"wordCount\":261,\"commentCount\":0,\"publisher\":{\"@id\":\"https:\/\/tuzlainfo.ba\/#organization\"},\"image\":{\"@id\":\"https:\/\/tuzlainfo.ba\/index.php\/novosti\/item\/3816-saniranje-posljedica-poplava-potpisani-ugovori-za-izgradnju-montaznih-kuca-u-tuzli\/#primaryimage\"},\"thumbnailUrl\":\"https:\/\/tuzlainfo.ba\/wp-content\/uploads\/2015\/06\/k2_items_src_f05e8cbabf676a2100520bda666c1d0d.jpg\",\"articleSection\":[\"Novosti\"],\"inLanguage\":\"bs-BA\"},{\"@type\":\"WebPage\",\"@id\":\"https:\/\/tuzlainfo.ba\/index.php\/novosti\/item\/3816-saniranje-posljedica-poplava-potpisani-ugovori-za-izgradnju-montaznih-kuca-u-tuzli\/\",\"url\":\"https:\/\/tuzlainfo.ba\/index.php\/novosti\/item\/3816-saniranje-posljedica-poplava-potpisani-ugovori-za-izgradnju-montaznih-kuca-u-tuzli\/\",\"name\":\"Saniranje posljedica poplava: Potpisani ugovori za izgradnju monta\u017enih ku\u0107a u Tuzli - TuzlaInfo.ba\",\"isPartOf\":{\"@id\":\"https:\/\/tuzlainfo.ba\/#website\"},\"primaryImageOfPage\":{\"@id\":\"https:\/\/tuzlainfo.ba\/index.php\/novosti\/item\/3816-saniranje-posljedica-poplava-potpisani-ugovori-za-izgradnju-montaznih-kuca-u-tuzli\/#primaryimage\"},\"image\":{\"@id\":\"https:\/\/tuzlainfo.ba\/index.php\/novosti\/item\/3816-saniranje-posljedica-poplava-potpisani-ugovori-za-izgradnju-montaznih-kuca-u-tuzli\/#primaryimage\"},\"thumbnailUrl\":\"https:\/\/tuzlainfo.ba\/wp-content\/uploads\/2015\/06\/k2_items_src_f05e8cbabf676a2100520bda666c1d0d.jpg\",\"datePublished\":\"2015-06-11T16:23:13+00:00\",\"dateModified\":\"2021-03-23T09:13:10+00:00\",\"breadcrumb\":{\"@id\":\"https:\/\/tuzlainfo.ba\/index.php\/novosti\/item\/3816-saniranje-posljedica-poplava-potpisani-ugovori-za-izgradnju-montaznih-kuca-u-tuzli\/#breadcrumb\"},\"inLanguage\":\"bs-BA\",\"potentialAction\":[{\"@type\":\"ReadAction\",\"target\":[\"https:\/\/tuzlainfo.ba\/index.php\/novosti\/item\/3816-saniranje-posljedica-poplava-potpisani-ugovori-za-izgradnju-montaznih-kuca-u-tuzli\/\"]}]},{\"@type\":\"ImageObject\",\"inLanguage\":\"bs-BA\",\"@id\":\"https:\/\/tuzlainfo.ba\/index.php\/novosti\/item\/3816-saniranje-posljedica-poplava-potpisani-ugovori-za-izgradnju-montaznih-kuca-u-tuzli\/#primaryimage\",\"url\":\"https:\/\/tuzlainfo.ba\/wp-content\/uploads\/2015\/06\/k2_items_src_f05e8cbabf676a2100520bda666c1d0d.jpg\",\"contentUrl\":\"https:\/\/tuzlainfo.ba\/wp-content\/uploads\/2015\/06\/k2_items_src_f05e8cbabf676a2100520bda666c1d0d.jpg\",\"width\":400,\"height\":300},{\"@type\":\"BreadcrumbList\",\"@id\":\"https:\/\/tuzlainfo.ba\/index.php\/novosti\/item\/3816-saniranje-posljedica-poplava-potpisani-ugovori-za-izgradnju-montaznih-kuca-u-tuzli\/#breadcrumb\",\"itemListElement\":[{\"@type\":\"ListItem\",\"position\":1,\"name\":\"Home\",\"item\":\"https:\/\/tuzlainfo.ba\/\"},{\"@type\":\"ListItem\",\"position\":2,\"name\":\"Saniranje posljedica poplava: Potpisani ugovori za izgradnju monta\u017enih ku\u0107a u Tuzli\"}]},{\"@type\":\"WebSite\",\"@id\":\"https:\/\/tuzlainfo.ba\/#website\",\"url\":\"https:\/\/tuzlainfo.ba\/\",\"name\":\"TuzlaInfo.ba\",\"description\":\"Tuzla info, gradski informator - Tuzla na dlanu\",\"publisher\":{\"@id\":\"https:\/\/tuzlainfo.ba\/#organization\"},\"potentialAction\":[{\"@type\":\"SearchAction\",\"target\":{\"@type\":\"EntryPoint\",\"urlTemplate\":\"https:\/\/tuzlainfo.ba\/?s={search_term_string}\"},\"query-input\":{\"@type\":\"PropertyValueSpecification\",\"valueRequired\":true,\"valueName\":\"search_term_string\"}}],\"inLanguage\":\"bs-BA\"},{\"@type\":\"Organization\",\"@id\":\"https:\/\/tuzlainfo.ba\/#organization\",\"name\":\"TuzlaInfo.ba\",\"url\":\"https:\/\/tuzlainfo.ba\/\",\"logo\":{\"@type\":\"ImageObject\",\"inLanguage\":\"bs-BA\",\"@id\":\"https:\/\/tuzlainfo.ba\/#\/schema\/logo\/image\/\",\"url\":\"https:\/\/tuzlainfo.ba\/wp-content\/uploads\/2021\/03\/logo-ver-3-1.png\",\"contentUrl\":\"https:\/\/tuzlainfo.ba\/wp-content\/uploads\/2021\/03\/logo-ver-3-1.png\",\"width\":350,\"height\":95,\"caption\":\"TuzlaInfo.ba\"},\"image\":{\"@id\":\"https:\/\/tuzlainfo.ba\/#\/schema\/logo\/image\/\"},\"sameAs\":[\"https:\/\/www.facebook.com\/tuzlainfo.ba\/\"]},{\"@type\":\"Person\",\"@id\":\"https:\/\/tuzlainfo.ba\/#\/schema\/person\/2f43db7fe019bcec025fe92cee6adb27\",\"name\":\"admin\",\"image\":{\"@type\":\"ImageObject\",\"inLanguage\":\"bs-BA\",\"@id\":\"https:\/\/tuzlainfo.ba\/#\/schema\/person\/image\/\",\"url\":\"https:\/\/tuzlainfo.ba\/wp-content\/litespeed\/avatar\/eb0aa75b4e22c68d0055a88f8529ef59.jpg?ver=1777307908\",\"contentUrl\":\"https:\/\/tuzlainfo.ba\/wp-content\/litespeed\/avatar\/eb0aa75b4e22c68d0055a88f8529ef59.jpg?ver=1777307908\",\"caption\":\"admin\"},\"sameAs\":[\"https:\/\/tuzlainfo.ba\"]}]}<\/script>\n<!-- \/ Yoast SEO plugin. -->","yoast_head_json":{"title":"Saniranje posljedica poplava: Potpisani ugovori za izgradnju monta\u017enih ku\u0107a u Tuzli - TuzlaInfo.ba","robots":{"index":"index","follow":"follow","max-snippet":"max-snippet:-1","max-image-preview":"max-image-preview:large","max-video-preview":"max-video-preview:-1"},"canonical":"https:\/\/tuzlainfo.ba\/index.php\/novosti\/item\/3816-saniranje-posljedica-poplava-potpisani-ugovori-za-izgradnju-montaznih-kuca-u-tuzli\/","og_locale":"bs_BA","og_type":"article","og_title":"Saniranje posljedica poplava: Potpisani ugovori za izgradnju monta\u017enih ku\u0107a u Tuzli - TuzlaInfo.ba","og_description":"Danas je u zgradi Gradske uprave Grada Tuzla, obavljeno potpisivanje i razmjena pisama izme\u0111u predstavnika&hellip;","og_url":"https:\/\/tuzlainfo.ba\/index.php\/novosti\/item\/3816-saniranje-posljedica-poplava-potpisani-ugovori-za-izgradnju-montaznih-kuca-u-tuzli\/","og_site_name":"TuzlaInfo.ba","article_publisher":"https:\/\/www.facebook.com\/tuzlainfo.ba\/","article_published_time":"2015-06-11T16:23:13+00:00","article_modified_time":"2021-03-23T09:13:10+00:00","og_image":[{"width":400,"height":300,"url":"https:\/\/tuzlainfo.ba\/wp-content\/uploads\/2015\/06\/k2_items_src_f05e8cbabf676a2100520bda666c1d0d.jpg","type":"image\/jpeg"}],"author":"admin","twitter_card":"summary_large_image","twitter_misc":{"Written by":"admin","Est. reading time":"1 minuta"},"schema":{"@context":"https:\/\/schema.org","@graph":[{"@type":"Article","@id":"https:\/\/tuzlainfo.ba\/index.php\/novosti\/item\/3816-saniranje-posljedica-poplava-potpisani-ugovori-za-izgradnju-montaznih-kuca-u-tuzli\/#article","isPartOf":{"@id":"https:\/\/tuzlainfo.ba\/index.php\/novosti\/item\/3816-saniranje-posljedica-poplava-potpisani-ugovori-za-izgradnju-montaznih-kuca-u-tuzli\/"},"author":{"name":"admin","@id":"https:\/\/tuzlainfo.ba\/#\/schema\/person\/2f43db7fe019bcec025fe92cee6adb27"},"headline":"Saniranje posljedica poplava: Potpisani ugovori za izgradnju monta\u017enih ku\u0107a u Tuzli","datePublished":"2015-06-11T16:23:13+00:00","dateModified":"2021-03-23T09:13:10+00:00","mainEntityOfPage":{"@id":"https:\/\/tuzlainfo.ba\/index.php\/novosti\/item\/3816-saniranje-posljedica-poplava-potpisani-ugovori-za-izgradnju-montaznih-kuca-u-tuzli\/"},"wordCount":261,"commentCount":0,"publisher":{"@id":"https:\/\/tuzlainfo.ba\/#organization"},"image":{"@id":"https:\/\/tuzlainfo.ba\/index.php\/novosti\/item\/3816-saniranje-posljedica-poplava-potpisani-ugovori-za-izgradnju-montaznih-kuca-u-tuzli\/#primaryimage"},"thumbnailUrl":"https:\/\/tuzlainfo.ba\/wp-content\/uploads\/2015\/06\/k2_items_src_f05e8cbabf676a2100520bda666c1d0d.jpg","articleSection":["Novosti"],"inLanguage":"bs-BA"},{"@type":"WebPage","@id":"https:\/\/tuzlainfo.ba\/index.php\/novosti\/item\/3816-saniranje-posljedica-poplava-potpisani-ugovori-za-izgradnju-montaznih-kuca-u-tuzli\/","url":"https:\/\/tuzlainfo.ba\/index.php\/novosti\/item\/3816-saniranje-posljedica-poplava-potpisani-ugovori-za-izgradnju-montaznih-kuca-u-tuzli\/","name":"Saniranje posljedica poplava: Potpisani ugovori za izgradnju monta\u017enih ku\u0107a u Tuzli - TuzlaInfo.ba","isPartOf":{"@id":"https:\/\/tuzlainfo.ba\/#website"},"primaryImageOfPage":{"@id":"https:\/\/tuzlainfo.ba\/index.php\/novosti\/item\/3816-saniranje-posljedica-poplava-potpisani-ugovori-za-izgradnju-montaznih-kuca-u-tuzli\/#primaryimage"},"image":{"@id":"https:\/\/tuzlainfo.ba\/index.php\/novosti\/item\/3816-saniranje-posljedica-poplava-potpisani-ugovori-za-izgradnju-montaznih-kuca-u-tuzli\/#primaryimage"},"thumbnailUrl":"https:\/\/tuzlainfo.ba\/wp-content\/uploads\/2015\/06\/k2_items_src_f05e8cbabf676a2100520bda666c1d0d.jpg","datePublished":"2015-06-11T16:23:13+00:00","dateModified":"2021-03-23T09:13:10+00:00","breadcrumb":{"@id":"https:\/\/tuzlainfo.ba\/index.php\/novosti\/item\/3816-saniranje-posljedica-poplava-potpisani-ugovori-za-izgradnju-montaznih-kuca-u-tuzli\/#breadcrumb"},"inLanguage":"bs-BA","potentialAction":[{"@type":"ReadAction","target":["https:\/\/tuzlainfo.ba\/index.php\/novosti\/item\/3816-saniranje-posljedica-poplava-potpisani-ugovori-za-izgradnju-montaznih-kuca-u-tuzli\/"]}]},{"@type":"ImageObject","inLanguage":"bs-BA","@id":"https:\/\/tuzlainfo.ba\/index.php\/novosti\/item\/3816-saniranje-posljedica-poplava-potpisani-ugovori-za-izgradnju-montaznih-kuca-u-tuzli\/#primaryimage","url":"https:\/\/tuzlainfo.ba\/wp-content\/uploads\/2015\/06\/k2_items_src_f05e8cbabf676a2100520bda666c1d0d.jpg","contentUrl":"https:\/\/tuzlainfo.ba\/wp-content\/uploads\/2015\/06\/k2_items_src_f05e8cbabf676a2100520bda666c1d0d.jpg","width":400,"height":300},{"@type":"BreadcrumbList","@id":"https:\/\/tuzlainfo.ba\/index.php\/novosti\/item\/3816-saniranje-posljedica-poplava-potpisani-ugovori-za-izgradnju-montaznih-kuca-u-tuzli\/#breadcrumb","itemListElement":[{"@type":"ListItem","position":1,"name":"Home","item":"https:\/\/tuzlainfo.ba\/"},{"@type":"ListItem","position":2,"name":"Saniranje posljedica poplava: Potpisani ugovori za izgradnju monta\u017enih ku\u0107a u Tuzli"}]},{"@type":"WebSite","@id":"https:\/\/tuzlainfo.ba\/#website","url":"https:\/\/tuzlainfo.ba\/","name":"TuzlaInfo.ba","description":"Tuzla info, gradski informator - Tuzla na dlanu","publisher":{"@id":"https:\/\/tuzlainfo.ba\/#organization"},"potentialAction":[{"@type":"SearchAction","target":{"@type":"EntryPoint","urlTemplate":"https:\/\/tuzlainfo.ba\/?s={search_term_string}"},"query-input":{"@type":"PropertyValueSpecification","valueRequired":true,"valueName":"search_term_string"}}],"inLanguage":"bs-BA"},{"@type":"Organization","@id":"https:\/\/tuzlainfo.ba\/#organization","name":"TuzlaInfo.ba","url":"https:\/\/tuzlainfo.ba\/","logo":{"@type":"ImageObject","inLanguage":"bs-BA","@id":"https:\/\/tuzlainfo.ba\/#\/schema\/logo\/image\/","url":"https:\/\/tuzlainfo.ba\/wp-content\/uploads\/2021\/03\/logo-ver-3-1.png","contentUrl":"https:\/\/tuzlainfo.ba\/wp-content\/uploads\/2021\/03\/logo-ver-3-1.png","width":350,"height":95,"caption":"TuzlaInfo.ba"},"image":{"@id":"https:\/\/tuzlainfo.ba\/#\/schema\/logo\/image\/"},"sameAs":["https:\/\/www.facebook.com\/tuzlainfo.ba\/"]},{"@type":"Person","@id":"https:\/\/tuzlainfo.ba\/#\/schema\/person\/2f43db7fe019bcec025fe92cee6adb27","name":"admin","image":{"@type":"ImageObject","inLanguage":"bs-BA","@id":"https:\/\/tuzlainfo.ba\/#\/schema\/person\/image\/","url":"https:\/\/tuzlainfo.ba\/wp-content\/litespeed\/avatar\/eb0aa75b4e22c68d0055a88f8529ef59.jpg?ver=1777307908","contentUrl":"https:\/\/tuzlainfo.ba\/wp-content\/litespeed\/avatar\/eb0aa75b4e22c68d0055a88f8529ef59.jpg?ver=1777307908","caption":"admin"},"sameAs":["https:\/\/tuzlainfo.ba"]}]}},"_links":{"self":[{"href":"https:\/\/tuzlainfo.ba\/index.php\/wp-json\/wp\/v2\/posts\/3816"}],"collection":[{"href":"https:\/\/tuzlainfo.ba\/index.php\/wp-json\/wp\/v2\/posts"}],"about":[{"href":"https:\/\/tuzlainfo.ba\/index.php\/wp-json\/wp\/v2\/types\/post"}],"author":[{"embeddable":true,"href":"https:\/\/tuzlainfo.ba\/index.php\/wp-json\/wp\/v2\/users\/7"}],"replies":[{"embeddable":true,"href":"https:\/\/tuzlainfo.ba\/index.php\/wp-json\/wp\/v2\/comments?post=3816"}],"version-history":[{"count":0,"href":"https:\/\/tuzlainfo.ba\/index.php\/wp-json\/wp\/v2\/posts\/3816\/revisions"}],"wp:featuredmedia":[{"embeddable":true,"href":"https:\/\/tuzlainfo.ba\/index.php\/wp-json\/wp\/v2\/media\/47847"}],"wp:attachment":[{"href":"https:\/\/tuzlainfo.ba\/index.php\/wp-json\/wp\/v2\/media?parent=3816"}],"wp:term":[{"taxonomy":"category","embeddable":true,"href":"https:\/\/tuzlainfo.ba\/index.php\/wp-json\/wp\/v2\/categories?post=3816"},{"taxonomy":"post_tag","embeddable":true,"href":"https:\/\/tuzlainfo.ba\/index.php\/wp-json\/wp\/v2\/tags?post=3816"}],"curies":[{"name":"wp","href":"https:\/\/api.w.org\/{rel}","templated":true}]}}