{"id":315141,"date":"2026-09-06T22:21:57","date_gmt":"2026-09-06T20:21:57","guid":{"rendered":"https:\/\/tuzlainfo.ba\/?p=315141"},"modified":"2026-09-06T22:21:57","modified_gmt":"2026-09-06T20:21:57","slug":"skandalozne-scene-na-beogradskom-derbiju-uz-lik-zlocinca-mladica-istaknuta-poruka-pravac-potocari","status":"publish","type":"post","link":"https:\/\/tuzlainfo.ba\/index.php\/clanci\/sa-svih-strana\/item\/315141-skandalozne-scene-na-beogradskom-derbiju-uz-lik-zlocinca-mladica-istaknuta-poruka-pravac-potocari\/","title":{"rendered":"Skandalozne scene na beogradskom derbiju: Uz lik zlo\u010dinca Mladi\u0107a istaknuta poruka \u201ePravac Poto\u010dari\u201c"},"content":{"rendered":"<p class=\"PDq2pG_selectionAnchorContainer\" data-start=\"101\" data-end=\"295\">Beogradski derbi izme\u0111u Crvene zvezde i Partizana ostao je u sjeni de\u0161avanja na tribinama, nakon \u0161to su navija\u010di doma\u0107eg tima istakli koreografiju posve\u0107enu ratnom zlo\u010dincu Ratku Mladi\u0107u.<\/p>\n<p data-start=\"297\" data-end=\"553\">Na sjevernoj tribini stadiona Crvene zvezde prikazan je Mladi\u0107ev lik uz poruku <strong data-start=\"376\" data-end=\"397\">\u201ePravac Poto\u010dari\u201c<\/strong>, \u0161to je posebno uznemiruju\u0107e imaju\u0107i u vidu da se u Memorijalnom centru Srebrenica \u2013 Poto\u010dari nalaze mezari \u017ertava genocida po\u010dinjenog u julu 1995. godine.<\/p>\n<p data-start=\"555\" data-end=\"740\">Veli\u010danje Mladi\u0107a nije ostalo samo na navija\u010dkoj tribini. Crvena zvezda je na svom zvani\u010dnom profilu na dru\u0161tvenoj mre\u017ei X objavila fotografiju koreografije na kojoj se vidi njegov lik.<\/p>\n<p data-start=\"742\" data-end=\"859\">Prema izvje\u0161tajima medija, utakmica je po\u010dela i minutom \u0161utnje za Ratka Mladi\u0107a, koji je preminuo 27. augusta u Hagu.<\/p>\n<p data-start=\"861\" data-end=\"1132\">Nove scene na stadionu Crvene zvezde uslijedile su svega nekoliko dana nakon \u0161to je UEFA kaznila beogradski klub zbog pona\u0161anja njegovih navija\u010da na evropskoj utakmici protiv Viktorije Plzen. I tada je na tribinama veli\u010dan pravosna\u017eno osu\u0111eni ratni zlo\u010dinac Ratko Mladi\u0107.<\/p>\n<p data-start=\"1134\" data-end=\"1406\">Mladi\u0107 je kao nekada\u0161nji komandant Glavnog \u0161taba Vojske RS pred me\u0111unarodnim sudom u Hagu pravosna\u017eno osu\u0111en na do\u017eivotni zatvor. Progla\u0161en je krivim za genocid u Srebrenici, progone Bo\u0161njaka i Hrvata, terorisanje stanovni\u0161tva Sarajeva i uzimanje pripadnika UN-a za taoce.<\/p>\n<p data-start=\"1408\" data-end=\"1646\">Genocid u Srebrenici po\u010dinjen je u julu 1995. godine, kada su snage Vojske RS ubile vi\u0161e od 8.000 bo\u0161nja\u010dkih mu\u0161karaca i dje\u010daka. Zbog toga poruka \u201ePravac Poto\u010dari\u201c, istaknuta uz Mladi\u0107ev lik, dodatno dobija posebno uznemiruju\u0107i karakter.<\/p>\n","protected":false},"excerpt":{"rendered":"<p>Beogradski derbi izme\u0111u Crvene zvezde i Partizana ostao je u sjeni de\u0161avanja na tribinama, nakon \u0161to su navija\u010di doma\u0107eg tima istakli koreografiju posve\u0107enu ratnom zlo\u010dincu Ratku Mladi\u0107u. Na sjevernoj tribini stadiona Crvene zvezde prikazan je Mladi\u0107ev lik uz poruku \u201ePravac Poto\u010dari\u201c, \u0161to je posebno uznemiruju\u0107e imaju\u0107i u vidu da se u Memorijalnom centru Srebrenica \u2013 [&hellip;]<\/p>\n","protected":false},"author":2,"featured_media":315142,"comment_status":"closed","ping_status":"closed","sticky":false,"template":"","format":"standard","meta":{"footnotes":""},"categories":[16],"tags":[1171,1117,939],"class_list":["post-315141","post","type-post","status-publish","format-standard","has-post-thumbnail","hentry","category-sa-svih-strana","tag-beograd","tag-navijaci","tag-ratko-mladic"],"yoast_head":"<!-- This site is optimized with the Yoast SEO plugin v28.4 - https:\/\/yoast.com\/product\/yoast-seo-wordpress\/ -->\n<title>Skandalozne scene na beogradskom derbiju: Uz lik zlo\u010dinca Mladi\u0107a istaknuta poruka \u201ePravac Poto\u010dari\u201c<\/title>\n<meta name=\"robots\" content=\"index, follow, max-snippet:-1, max-image-preview:large, max-video-preview:-1\" \/>\n<link rel=\"canonical\" href=\"https:\/\/tuzlainfo.ba\/index.php\/clanci\/sa-svih-strana\/item\/315141-skandalozne-scene-na-beogradskom-derbiju-uz-lik-zlocinca-mladica-istaknuta-poruka-pravac-potocari\/\" \/>\n<meta property=\"og:locale\" content=\"bs_BA\" \/>\n<meta property=\"og:type\" content=\"article\" \/>\n<meta property=\"og:title\" content=\"Skandalozne scene na beogradskom derbiju: Uz lik zlo\u010dinca Mladi\u0107a istaknuta poruka \u201ePravac Poto\u010dari\u201c\" \/>\n<meta property=\"og:description\" content=\"Beogradski derbi izme\u0111u Crvene zvezde i Partizana ostao je u sjeni de\u0161avanja na tribinama, nakon \u0161to su navija\u010di doma\u0107eg tima istakli koreografiju posve\u0107enu ratnom zlo\u010dincu Ratku Mladi\u0107u. Na sjevernoj tribini stadiona Crvene zvezde prikazan je Mladi\u0107ev lik uz poruku \u201ePravac Poto\u010dari\u201c, \u0161to je posebno uznemiruju\u0107e imaju\u0107i u vidu da se u Memorijalnom centru Srebrenica \u2013 [&hellip;]\" \/>\n<meta property=\"og:url\" content=\"https:\/\/tuzlainfo.ba\/index.php\/clanci\/sa-svih-strana\/item\/315141-skandalozne-scene-na-beogradskom-derbiju-uz-lik-zlocinca-mladica-istaknuta-poruka-pravac-potocari\/\" \/>\n<meta property=\"og:site_name\" content=\"TuzlaInfo.ba\" \/>\n<meta property=\"article:publisher\" content=\"https:\/\/www.facebook.com\/tuzlainfo.ba\/\" \/>\n<meta property=\"article:published_time\" content=\"2026-09-06T20:21:57+00:00\" \/>\n<meta property=\"og:image\" content=\"https:\/\/tuzlainfo.ba\/wp-content\/uploads\/2026\/09\/navijaci_mladic.jpg\" \/>\n\t<meta property=\"og:image:width\" content=\"1021\" \/>\n\t<meta property=\"og:image:height\" content=\"658\" \/>\n\t<meta property=\"og:image:type\" content=\"image\/jpeg\" \/>\n<meta name=\"author\" content=\"nedim\" \/>\n<meta name=\"twitter:card\" content=\"summary_large_image\" \/>\n<meta name=\"twitter:label1\" content=\"Written by\" \/>\n\t<meta name=\"twitter:data1\" content=\"nedim\" \/>\n\t<meta name=\"twitter:label2\" content=\"Est. reading time\" \/>\n\t<meta name=\"twitter:data2\" content=\"2 minute\" \/>\n<script type=\"application\/ld+json\" class=\"yoast-schema-graph\">{\"@context\":\"https:\\\/\\\/schema.org\",\"@graph\":[{\"@type\":\"Article\",\"@id\":\"https:\\\/\\\/tuzlainfo.ba\\\/index.php\\\/clanci\\\/sa-svih-strana\\\/item\\\/315141-skandalozne-scene-na-beogradskom-derbiju-uz-lik-zlocinca-mladica-istaknuta-poruka-pravac-potocari\\\/#article\",\"isPartOf\":{\"@id\":\"https:\\\/\\\/tuzlainfo.ba\\\/index.php\\\/clanci\\\/sa-svih-strana\\\/item\\\/315141-skandalozne-scene-na-beogradskom-derbiju-uz-lik-zlocinca-mladica-istaknuta-poruka-pravac-potocari\\\/\"},\"author\":{\"name\":\"nedim\",\"@id\":\"https:\\\/\\\/tuzlainfo.ba\\\/#\\\/schema\\\/person\\\/f434e20dc27ea133923aab08451b7f7f\"},\"headline\":\"Skandalozne scene na beogradskom derbiju: Uz lik zlo\u010dinca Mladi\u0107a istaknuta poruka \u201ePravac Poto\u010dari\u201c\",\"datePublished\":\"2026-09-06T20:21:57+00:00\",\"mainEntityOfPage\":{\"@id\":\"https:\\\/\\\/tuzlainfo.ba\\\/index.php\\\/clanci\\\/sa-svih-strana\\\/item\\\/315141-skandalozne-scene-na-beogradskom-derbiju-uz-lik-zlocinca-mladica-istaknuta-poruka-pravac-potocari\\\/\"},\"wordCount\":283,\"publisher\":{\"@id\":\"https:\\\/\\\/tuzlainfo.ba\\\/#organization\"},\"image\":{\"@id\":\"https:\\\/\\\/tuzlainfo.ba\\\/index.php\\\/clanci\\\/sa-svih-strana\\\/item\\\/315141-skandalozne-scene-na-beogradskom-derbiju-uz-lik-zlocinca-mladica-istaknuta-poruka-pravac-potocari\\\/#primaryimage\"},\"thumbnailUrl\":\"https:\\\/\\\/tuzlainfo.ba\\\/wp-content\\\/uploads\\\/2026\\\/09\\\/navijaci_mladic.jpg\",\"keywords\":[\"beograd\",\"navija\u010di\",\"ratko mladi\u0107\"],\"articleSection\":[\"Sa svih strana\"],\"inLanguage\":\"bs-BA\",\"copyrightYear\":\"2026\",\"copyrightHolder\":{\"@id\":\"https:\\\/\\\/tuzlainfo.ba\\\/#organization\"}},{\"@type\":\"WebPage\",\"@id\":\"https:\\\/\\\/tuzlainfo.ba\\\/index.php\\\/clanci\\\/sa-svih-strana\\\/item\\\/315141-skandalozne-scene-na-beogradskom-derbiju-uz-lik-zlocinca-mladica-istaknuta-poruka-pravac-potocari\\\/\",\"url\":\"https:\\\/\\\/tuzlainfo.ba\\\/index.php\\\/clanci\\\/sa-svih-strana\\\/item\\\/315141-skandalozne-scene-na-beogradskom-derbiju-uz-lik-zlocinca-mladica-istaknuta-poruka-pravac-potocari\\\/\",\"name\":\"Skandalozne scene na beogradskom derbiju: Uz lik zlo\u010dinca Mladi\u0107a istaknuta poruka \u201ePravac Poto\u010dari\u201c\",\"isPartOf\":{\"@id\":\"https:\\\/\\\/tuzlainfo.ba\\\/#website\"},\"primaryImageOfPage\":{\"@id\":\"https:\\\/\\\/tuzlainfo.ba\\\/index.php\\\/clanci\\\/sa-svih-strana\\\/item\\\/315141-skandalozne-scene-na-beogradskom-derbiju-uz-lik-zlocinca-mladica-istaknuta-poruka-pravac-potocari\\\/#primaryimage\"},\"image\":{\"@id\":\"https:\\\/\\\/tuzlainfo.ba\\\/index.php\\\/clanci\\\/sa-svih-strana\\\/item\\\/315141-skandalozne-scene-na-beogradskom-derbiju-uz-lik-zlocinca-mladica-istaknuta-poruka-pravac-potocari\\\/#primaryimage\"},\"thumbnailUrl\":\"https:\\\/\\\/tuzlainfo.ba\\\/wp-content\\\/uploads\\\/2026\\\/09\\\/navijaci_mladic.jpg\",\"datePublished\":\"2026-09-06T20:21:57+00:00\",\"breadcrumb\":{\"@id\":\"https:\\\/\\\/tuzlainfo.ba\\\/index.php\\\/clanci\\\/sa-svih-strana\\\/item\\\/315141-skandalozne-scene-na-beogradskom-derbiju-uz-lik-zlocinca-mladica-istaknuta-poruka-pravac-potocari\\\/#breadcrumb\"},\"inLanguage\":\"bs-BA\",\"potentialAction\":[{\"@type\":\"ReadAction\",\"target\":[\"https:\\\/\\\/tuzlainfo.ba\\\/index.php\\\/clanci\\\/sa-svih-strana\\\/item\\\/315141-skandalozne-scene-na-beogradskom-derbiju-uz-lik-zlocinca-mladica-istaknuta-poruka-pravac-potocari\\\/\"]}]},{\"@type\":\"ImageObject\",\"inLanguage\":\"bs-BA\",\"@id\":\"https:\\\/\\\/tuzlainfo.ba\\\/index.php\\\/clanci\\\/sa-svih-strana\\\/item\\\/315141-skandalozne-scene-na-beogradskom-derbiju-uz-lik-zlocinca-mladica-istaknuta-poruka-pravac-potocari\\\/#primaryimage\",\"url\":\"https:\\\/\\\/tuzlainfo.ba\\\/wp-content\\\/uploads\\\/2026\\\/09\\\/navijaci_mladic.jpg\",\"contentUrl\":\"https:\\\/\\\/tuzlainfo.ba\\\/wp-content\\\/uploads\\\/2026\\\/09\\\/navijaci_mladic.jpg\",\"width\":1021,\"height\":658},{\"@type\":\"BreadcrumbList\",\"@id\":\"https:\\\/\\\/tuzlainfo.ba\\\/index.php\\\/clanci\\\/sa-svih-strana\\\/item\\\/315141-skandalozne-scene-na-beogradskom-derbiju-uz-lik-zlocinca-mladica-istaknuta-poruka-pravac-potocari\\\/#breadcrumb\",\"itemListElement\":[{\"@type\":\"ListItem\",\"position\":1,\"name\":\"Home\",\"item\":\"https:\\\/\\\/tuzlainfo.ba\\\/\"},{\"@type\":\"ListItem\",\"position\":2,\"name\":\"Skandalozne scene na beogradskom derbiju: Uz lik zlo\u010dinca Mladi\u0107a istaknuta poruka \u201ePravac Poto\u010dari\u201c\"}]},{\"@type\":\"WebSite\",\"@id\":\"https:\\\/\\\/tuzlainfo.ba\\\/#website\",\"url\":\"https:\\\/\\\/tuzlainfo.ba\\\/\",\"name\":\"TuzlaInfo.ba\",\"description\":\"Tuzla info, gradski informator - Tuzla na dlanu\",\"publisher\":{\"@id\":\"https:\\\/\\\/tuzlainfo.ba\\\/#organization\"},\"potentialAction\":[{\"@type\":\"SearchAction\",\"target\":{\"@type\":\"EntryPoint\",\"urlTemplate\":\"https:\\\/\\\/tuzlainfo.ba\\\/?s={search_term_string}\"},\"query-input\":{\"@type\":\"PropertyValueSpecification\",\"valueRequired\":true,\"valueName\":\"search_term_string\"}}],\"inLanguage\":\"bs-BA\"},{\"@type\":\"Organization\",\"@id\":\"https:\\\/\\\/tuzlainfo.ba\\\/#organization\",\"name\":\"TuzlaInfo.ba\",\"url\":\"https:\\\/\\\/tuzlainfo.ba\\\/\",\"logo\":{\"@type\":\"ImageObject\",\"inLanguage\":\"bs-BA\",\"@id\":\"https:\\\/\\\/tuzlainfo.ba\\\/#\\\/schema\\\/logo\\\/image\\\/\",\"url\":\"https:\\\/\\\/tuzlainfo.ba\\\/wp-content\\\/uploads\\\/2021\\\/03\\\/logo-ver-3-1.png\",\"contentUrl\":\"https:\\\/\\\/tuzlainfo.ba\\\/wp-content\\\/uploads\\\/2021\\\/03\\\/logo-ver-3-1.png\",\"width\":350,\"height\":95,\"caption\":\"TuzlaInfo.ba\"},\"image\":{\"@id\":\"https:\\\/\\\/tuzlainfo.ba\\\/#\\\/schema\\\/logo\\\/image\\\/\"},\"sameAs\":[\"https:\\\/\\\/www.facebook.com\\\/tuzlainfo.ba\\\/\"]},{\"@type\":\"Person\",\"@id\":\"https:\\\/\\\/tuzlainfo.ba\\\/#\\\/schema\\\/person\\\/f434e20dc27ea133923aab08451b7f7f\",\"name\":\"nedim\",\"image\":{\"@type\":\"ImageObject\",\"inLanguage\":\"bs-BA\",\"@id\":\"https:\\\/\\\/secure.gravatar.com\\\/avatar\\\/5b928a2e7e70a54208d2eb6c1edcb75a5350d6ae97d5f0a701203d456823f6f3?s=96&d=mm&r=g\",\"url\":\"https:\\\/\\\/secure.gravatar.com\\\/avatar\\\/5b928a2e7e70a54208d2eb6c1edcb75a5350d6ae97d5f0a701203d456823f6f3?s=96&d=mm&r=g\",\"contentUrl\":\"https:\\\/\\\/secure.gravatar.com\\\/avatar\\\/5b928a2e7e70a54208d2eb6c1edcb75a5350d6ae97d5f0a701203d456823f6f3?s=96&d=mm&r=g\",\"caption\":\"nedim\"},\"description\":\"Tuzlainfo.ba pratite na dru\u0161tvenim mre\u017eama: Facebook, Instagram i Youtube. Svoje pri\u010de, upite i fotografije \u0161aljite na na\u0161u e-mail adresu.\"}]}<\/script>\n<!-- \/ Yoast SEO plugin. -->","yoast_head_json":{"title":"Skandalozne scene na beogradskom derbiju: Uz lik zlo\u010dinca Mladi\u0107a istaknuta poruka \u201ePravac Poto\u010dari\u201c","robots":{"index":"index","follow":"follow","max-snippet":"max-snippet:-1","max-image-preview":"max-image-preview:large","max-video-preview":"max-video-preview:-1"},"canonical":"https:\/\/tuzlainfo.ba\/index.php\/clanci\/sa-svih-strana\/item\/315141-skandalozne-scene-na-beogradskom-derbiju-uz-lik-zlocinca-mladica-istaknuta-poruka-pravac-potocari\/","og_locale":"bs_BA","og_type":"article","og_title":"Skandalozne scene na beogradskom derbiju: Uz lik zlo\u010dinca Mladi\u0107a istaknuta poruka \u201ePravac Poto\u010dari\u201c","og_description":"Beogradski derbi izme\u0111u Crvene zvezde i Partizana ostao je u sjeni de\u0161avanja na tribinama, nakon \u0161to su navija\u010di doma\u0107eg tima istakli koreografiju posve\u0107enu ratnom zlo\u010dincu Ratku Mladi\u0107u. Na sjevernoj tribini stadiona Crvene zvezde prikazan je Mladi\u0107ev lik uz poruku \u201ePravac Poto\u010dari\u201c, \u0161to je posebno uznemiruju\u0107e imaju\u0107i u vidu da se u Memorijalnom centru Srebrenica \u2013 [&hellip;]","og_url":"https:\/\/tuzlainfo.ba\/index.php\/clanci\/sa-svih-strana\/item\/315141-skandalozne-scene-na-beogradskom-derbiju-uz-lik-zlocinca-mladica-istaknuta-poruka-pravac-potocari\/","og_site_name":"TuzlaInfo.ba","article_publisher":"https:\/\/www.facebook.com\/tuzlainfo.ba\/","article_published_time":"2026-09-06T20:21:57+00:00","og_image":[{"width":1021,"height":658,"url":"https:\/\/tuzlainfo.ba\/wp-content\/uploads\/2026\/09\/navijaci_mladic.jpg","type":"image\/jpeg"}],"author":"nedim","twitter_card":"summary_large_image","twitter_misc":{"Written by":"nedim","Est. reading time":"2 minute"},"schema":{"@context":"https:\/\/schema.org","@graph":[{"@type":"Article","@id":"https:\/\/tuzlainfo.ba\/index.php\/clanci\/sa-svih-strana\/item\/315141-skandalozne-scene-na-beogradskom-derbiju-uz-lik-zlocinca-mladica-istaknuta-poruka-pravac-potocari\/#article","isPartOf":{"@id":"https:\/\/tuzlainfo.ba\/index.php\/clanci\/sa-svih-strana\/item\/315141-skandalozne-scene-na-beogradskom-derbiju-uz-lik-zlocinca-mladica-istaknuta-poruka-pravac-potocari\/"},"author":{"name":"nedim","@id":"https:\/\/tuzlainfo.ba\/#\/schema\/person\/f434e20dc27ea133923aab08451b7f7f"},"headline":"Skandalozne scene na beogradskom derbiju: Uz lik zlo\u010dinca Mladi\u0107a istaknuta poruka \u201ePravac Poto\u010dari\u201c","datePublished":"2026-09-06T20:21:57+00:00","mainEntityOfPage":{"@id":"https:\/\/tuzlainfo.ba\/index.php\/clanci\/sa-svih-strana\/item\/315141-skandalozne-scene-na-beogradskom-derbiju-uz-lik-zlocinca-mladica-istaknuta-poruka-pravac-potocari\/"},"wordCount":283,"publisher":{"@id":"https:\/\/tuzlainfo.ba\/#organization"},"image":{"@id":"https:\/\/tuzlainfo.ba\/index.php\/clanci\/sa-svih-strana\/item\/315141-skandalozne-scene-na-beogradskom-derbiju-uz-lik-zlocinca-mladica-istaknuta-poruka-pravac-potocari\/#primaryimage"},"thumbnailUrl":"https:\/\/tuzlainfo.ba\/wp-content\/uploads\/2026\/09\/navijaci_mladic.jpg","keywords":["beograd","navija\u010di","ratko mladi\u0107"],"articleSection":["Sa svih strana"],"inLanguage":"bs-BA","copyrightYear":"2026","copyrightHolder":{"@id":"https:\/\/tuzlainfo.ba\/#organization"}},{"@type":"WebPage","@id":"https:\/\/tuzlainfo.ba\/index.php\/clanci\/sa-svih-strana\/item\/315141-skandalozne-scene-na-beogradskom-derbiju-uz-lik-zlocinca-mladica-istaknuta-poruka-pravac-potocari\/","url":"https:\/\/tuzlainfo.ba\/index.php\/clanci\/sa-svih-strana\/item\/315141-skandalozne-scene-na-beogradskom-derbiju-uz-lik-zlocinca-mladica-istaknuta-poruka-pravac-potocari\/","name":"Skandalozne scene na beogradskom derbiju: Uz lik zlo\u010dinca Mladi\u0107a istaknuta poruka \u201ePravac Poto\u010dari\u201c","isPartOf":{"@id":"https:\/\/tuzlainfo.ba\/#website"},"primaryImageOfPage":{"@id":"https:\/\/tuzlainfo.ba\/index.php\/clanci\/sa-svih-strana\/item\/315141-skandalozne-scene-na-beogradskom-derbiju-uz-lik-zlocinca-mladica-istaknuta-poruka-pravac-potocari\/#primaryimage"},"image":{"@id":"https:\/\/tuzlainfo.ba\/index.php\/clanci\/sa-svih-strana\/item\/315141-skandalozne-scene-na-beogradskom-derbiju-uz-lik-zlocinca-mladica-istaknuta-poruka-pravac-potocari\/#primaryimage"},"thumbnailUrl":"https:\/\/tuzlainfo.ba\/wp-content\/uploads\/2026\/09\/navijaci_mladic.jpg","datePublished":"2026-09-06T20:21:57+00:00","breadcrumb":{"@id":"https:\/\/tuzlainfo.ba\/index.php\/clanci\/sa-svih-strana\/item\/315141-skandalozne-scene-na-beogradskom-derbiju-uz-lik-zlocinca-mladica-istaknuta-poruka-pravac-potocari\/#breadcrumb"},"inLanguage":"bs-BA","potentialAction":[{"@type":"ReadAction","target":["https:\/\/tuzlainfo.ba\/index.php\/clanci\/sa-svih-strana\/item\/315141-skandalozne-scene-na-beogradskom-derbiju-uz-lik-zlocinca-mladica-istaknuta-poruka-pravac-potocari\/"]}]},{"@type":"ImageObject","inLanguage":"bs-BA","@id":"https:\/\/tuzlainfo.ba\/index.php\/clanci\/sa-svih-strana\/item\/315141-skandalozne-scene-na-beogradskom-derbiju-uz-lik-zlocinca-mladica-istaknuta-poruka-pravac-potocari\/#primaryimage","url":"https:\/\/tuzlainfo.ba\/wp-content\/uploads\/2026\/09\/navijaci_mladic.jpg","contentUrl":"https:\/\/tuzlainfo.ba\/wp-content\/uploads\/2026\/09\/navijaci_mladic.jpg","width":1021,"height":658},{"@type":"BreadcrumbList","@id":"https:\/\/tuzlainfo.ba\/index.php\/clanci\/sa-svih-strana\/item\/315141-skandalozne-scene-na-beogradskom-derbiju-uz-lik-zlocinca-mladica-istaknuta-poruka-pravac-potocari\/#breadcrumb","itemListElement":[{"@type":"ListItem","position":1,"name":"Home","item":"https:\/\/tuzlainfo.ba\/"},{"@type":"ListItem","position":2,"name":"Skandalozne scene na beogradskom derbiju: Uz lik zlo\u010dinca Mladi\u0107a istaknuta poruka \u201ePravac Poto\u010dari\u201c"}]},{"@type":"WebSite","@id":"https:\/\/tuzlainfo.ba\/#website","url":"https:\/\/tuzlainfo.ba\/","name":"TuzlaInfo.ba","description":"Tuzla info, gradski informator - Tuzla na dlanu","publisher":{"@id":"https:\/\/tuzlainfo.ba\/#organization"},"potentialAction":[{"@type":"SearchAction","target":{"@type":"EntryPoint","urlTemplate":"https:\/\/tuzlainfo.ba\/?s={search_term_string}"},"query-input":{"@type":"PropertyValueSpecification","valueRequired":true,"valueName":"search_term_string"}}],"inLanguage":"bs-BA"},{"@type":"Organization","@id":"https:\/\/tuzlainfo.ba\/#organization","name":"TuzlaInfo.ba","url":"https:\/\/tuzlainfo.ba\/","logo":{"@type":"ImageObject","inLanguage":"bs-BA","@id":"https:\/\/tuzlainfo.ba\/#\/schema\/logo\/image\/","url":"https:\/\/tuzlainfo.ba\/wp-content\/uploads\/2021\/03\/logo-ver-3-1.png","contentUrl":"https:\/\/tuzlainfo.ba\/wp-content\/uploads\/2021\/03\/logo-ver-3-1.png","width":350,"height":95,"caption":"TuzlaInfo.ba"},"image":{"@id":"https:\/\/tuzlainfo.ba\/#\/schema\/logo\/image\/"},"sameAs":["https:\/\/www.facebook.com\/tuzlainfo.ba\/"]},{"@type":"Person","@id":"https:\/\/tuzlainfo.ba\/#\/schema\/person\/f434e20dc27ea133923aab08451b7f7f","name":"nedim","image":{"@type":"ImageObject","inLanguage":"bs-BA","@id":"https:\/\/secure.gravatar.com\/avatar\/5b928a2e7e70a54208d2eb6c1edcb75a5350d6ae97d5f0a701203d456823f6f3?s=96&d=mm&r=g","url":"https:\/\/secure.gravatar.com\/avatar\/5b928a2e7e70a54208d2eb6c1edcb75a5350d6ae97d5f0a701203d456823f6f3?s=96&d=mm&r=g","contentUrl":"https:\/\/secure.gravatar.com\/avatar\/5b928a2e7e70a54208d2eb6c1edcb75a5350d6ae97d5f0a701203d456823f6f3?s=96&d=mm&r=g","caption":"nedim"},"description":"Tuzlainfo.ba pratite na dru\u0161tvenim mre\u017eama: Facebook, Instagram i Youtube. Svoje pri\u010de, upite i fotografije \u0161aljite na na\u0161u e-mail adresu."}]}},"_links":{"self":[{"href":"https:\/\/tuzlainfo.ba\/index.php\/wp-json\/wp\/v2\/posts\/315141","targetHints":{"allow":["GET"]}}],"collection":[{"href":"https:\/\/tuzlainfo.ba\/index.php\/wp-json\/wp\/v2\/posts"}],"about":[{"href":"https:\/\/tuzlainfo.ba\/index.php\/wp-json\/wp\/v2\/types\/post"}],"author":[{"embeddable":true,"href":"https:\/\/tuzlainfo.ba\/index.php\/wp-json\/wp\/v2\/users\/2"}],"replies":[{"embeddable":true,"href":"https:\/\/tuzlainfo.ba\/index.php\/wp-json\/wp\/v2\/comments?post=315141"}],"version-history":[{"count":1,"href":"https:\/\/tuzlainfo.ba\/index.php\/wp-json\/wp\/v2\/posts\/315141\/revisions"}],"predecessor-version":[{"id":315143,"href":"https:\/\/tuzlainfo.ba\/index.php\/wp-json\/wp\/v2\/posts\/315141\/revisions\/315143"}],"wp:featuredmedia":[{"embeddable":true,"href":"https:\/\/tuzlainfo.ba\/index.php\/wp-json\/wp\/v2\/media\/315142"}],"wp:attachment":[{"href":"https:\/\/tuzlainfo.ba\/index.php\/wp-json\/wp\/v2\/media?parent=315141"}],"wp:term":[{"taxonomy":"category","embeddable":true,"href":"https:\/\/tuzlainfo.ba\/index.php\/wp-json\/wp\/v2\/categories?post=315141"},{"taxonomy":"post_tag","embeddable":true,"href":"https:\/\/tuzlainfo.ba\/index.php\/wp-json\/wp\/v2\/tags?post=315141"}],"curies":[{"name":"wp","href":"https:\/\/api.w.org\/{rel}","templated":true}]}}