{"id":315134,"date":"2026-09-06T21:32:22","date_gmt":"2026-09-06T19:32:22","guid":{"rendered":"https:\/\/tuzlainfo.ba\/?p=315134"},"modified":"2026-09-06T21:32:22","modified_gmt":"2026-09-06T19:32:22","slug":"red-bull-soapbox-odusevio-sarajevo-tuzlacima-odlicno-drugo-mjesto","status":"publish","type":"post","link":"https:\/\/tuzlainfo.ba\/index.php\/magazin\/item\/315134-red-bull-soapbox-odusevio-sarajevo-tuzlacima-odlicno-drugo-mjesto\/","title":{"rendered":"Red Bull Soapbox odu\u0161evio Sarajevo, Tuzlacima odli\u010dno drugo mjesto"},"content":{"rendered":"<p class=\"PDq2pG_selectionAnchorContainer\" data-start=\"119\" data-end=\"323\">Red Bull Soapbox danas je nakon dvije decenije ponovo odr\u017ean u Sarajevu, a utrka ru\u010dno izra\u0111enih vozila bez motora okupila je 35 ekipa iz Bosne i Hercegovine i veliki broj posjetilaca na Alipa\u0161inom Polju.<\/p>\n<p data-start=\"325\" data-end=\"575\">Najuspje\u0161nija je bila ekipa <strong data-start=\"353\" data-end=\"380\">\u201eBH farmeri\u201c iz Konjica<\/strong>, koja je osvojila prvo mjesto, dok je odli\u010dan rezultat ostvarila i ekipa <strong data-start=\"454\" data-end=\"489\">\u201eGolden State varioci\u201c iz Tuzle<\/strong>, osvojiv\u0161i drugo mjesto. Tre\u0107e mjesto pripalo je ekipi <strong data-start=\"545\" data-end=\"574\">\u201eSuperbrke\u201c iz Banje Luke<\/strong>.<\/p>\n<p data-start=\"577\" data-end=\"845\">Takmi\u010dari su se originalnim vozilima spu\u0161tali niz posebno pripremljenu stazu, a za pobjedu nije bila dovoljna samo brzina. Ocjenjivani su kreativnost vozila, scenski nastup i prolazno vrijeme, pa su ekipe morale spojiti dobru ideju, tehni\u010dku izvedbu i voza\u010dko umije\u0107e.<\/p>\n<p data-start=\"847\" data-end=\"938\">Pobjedni\u010dki \u201eBH farmeri\u201c svoj nastup posvetili su bosanskohercegova\u010dkim poljoprivrednicima.<\/p>\n<p data-start=\"940\" data-end=\"1199\">\u201eOdlu\u010dili smo ispri\u010dati pri\u010du o na\u0161im bosanskohercegova\u010dkim farmerima, pru\u017eiti im podr\u0161ku i kroz svoju ideju skrenuti pa\u017enju na te vrijedne ljude. Mogu s ponosom re\u0107i da smo u tome uspjeli i ovu pri\u010du za\u010dinili pobjedom\u201c, poru\u010dili su \u010dlanovi pobjedni\u010dke ekipe.<\/p>\n<p data-start=\"1201\" data-end=\"1304\">Posebno razloga za zadovoljstvo imali su \u201eGolden State varioci\u201c, koji su u Tuzlu donijeli drugo mjesto.<\/p>\n<p data-start=\"1306\" data-end=\"1572\">\u201ePostigli smo dobru brzinu, voza\u010d je bio predobar, uradio je sve \u0161to smo se i dogovorili, performans je bio odli\u010dan. Vozilo nam je izdr\u017ealo, \u0161to je najbitnije. Varovi su nam izdr\u017eali i sve u svemu bilo je onako kako smo planirali\u201c, naveli su \u010dlanovi tuzlanske ekipe.<\/p>\n<figure id=\"attachment_315136\" aria-describedby=\"caption-attachment-315136\" style=\"width: 2048px\" class=\"wp-caption alignnone\"><img fetchpriority=\"high\" decoding=\"async\" class=\"size-full wp-image-315136\" src=\"https:\/\/tuzlainfo.ba\/wp-content\/uploads\/2026\/09\/003-Soapbox-26-Sarajevo-photo-Sulejman-Omerbasic.jpg\" alt=\"\" width=\"2048\" height=\"1363\" srcset=\"https:\/\/tuzlainfo.ba\/wp-content\/uploads\/2026\/09\/003-Soapbox-26-Sarajevo-photo-Sulejman-Omerbasic.jpg 2048w, https:\/\/tuzlainfo.ba\/wp-content\/uploads\/2026\/09\/003-Soapbox-26-Sarajevo-photo-Sulejman-Omerbasic-300x200.jpg 300w, https:\/\/tuzlainfo.ba\/wp-content\/uploads\/2026\/09\/003-Soapbox-26-Sarajevo-photo-Sulejman-Omerbasic-1024x682.jpg 1024w, https:\/\/tuzlainfo.ba\/wp-content\/uploads\/2026\/09\/003-Soapbox-26-Sarajevo-photo-Sulejman-Omerbasic-768x511.jpg 768w, https:\/\/tuzlainfo.ba\/wp-content\/uploads\/2026\/09\/003-Soapbox-26-Sarajevo-photo-Sulejman-Omerbasic-1536x1022.jpg 1536w, https:\/\/tuzlainfo.ba\/wp-content\/uploads\/2026\/09\/003-Soapbox-26-Sarajevo-photo-Sulejman-Omerbasic-150x100.jpg 150w, https:\/\/tuzlainfo.ba\/wp-content\/uploads\/2026\/09\/003-Soapbox-26-Sarajevo-photo-Sulejman-Omerbasic-500x333.jpg 500w, https:\/\/tuzlainfo.ba\/wp-content\/uploads\/2026\/09\/003-Soapbox-26-Sarajevo-photo-Sulejman-Omerbasic-1920x1278.jpg 1920w, https:\/\/tuzlainfo.ba\/wp-content\/uploads\/2026\/09\/003-Soapbox-26-Sarajevo-photo-Sulejman-Omerbasic-1170x779.jpg 1170w, https:\/\/tuzlainfo.ba\/wp-content\/uploads\/2026\/09\/003-Soapbox-26-Sarajevo-photo-Sulejman-Omerbasic-585x389.jpg 585w, https:\/\/tuzlainfo.ba\/wp-content\/uploads\/2026\/09\/003-Soapbox-26-Sarajevo-photo-Sulejman-Omerbasic-263x175.jpg 263w, https:\/\/tuzlainfo.ba\/wp-content\/uploads\/2026\/09\/003-Soapbox-26-Sarajevo-photo-Sulejman-Omerbasic-120x80.jpg 120w\" sizes=\"(max-width: 2048px) 100vw, 2048px\" \/><figcaption id=\"caption-attachment-315136\" class=\"wp-caption-text\">Foto: Sulejman Omerbasic<\/figcaption><\/figure>\n<p data-start=\"1574\" data-end=\"1668\">Tre\u0107eplasirane \u201eSuperbrke\u201c svoj nastup iskoristile su i za promociju va\u017enosti mu\u0161kog zdravlja.<\/p>\n<p data-start=\"1670\" data-end=\"1886\">\u201eImpresije su zaista sjajne. Drago nam je \u0161to smo imali priliku da na ovaj na\u010din pri\u010damo o mu\u0161kom zdravlju, da poka\u017eemo kako su brkovi cool i da imamo najbr\u017ei brk na svijetu\u201c, poru\u010dili su \u010dlanovi ekipe iz Banje Luke.<\/p>\n<p data-start=\"1888\" data-end=\"2165\">Nastupe 35 ekipa ocjenjivao je \u010detvero\u010dlani \u017eiri u kojem su bili najbolja bosanskohercegova\u010dka alpska skija\u0161ica Elvedina Muzaferija, glumac Dino Bajrovi\u0107, umjetnica i zaljubljenica u motocikle Larisa Kadi\u0107, poznatija kao Lara MotoCraft, te profesionalni BMX voza\u010d Senad Gro\u0161i\u0107.<\/p>\n<p data-start=\"2167\" data-end=\"2427\">Povratkom u Sarajevo nakon dvije decenije, Red Bull Soapbox pretvorio je Alipa\u0161ino Polje u veliku pozornicu neobi\u010dnih vozila, kreativnih nastupa i zabave, a me\u0111u ekipama koje \u0107e ovogodi\u0161nje izdanje posebno pamtiti svakako su i tuzlanski \u201eGolden State varioci\u201c.<\/p>\n","protected":false},"excerpt":{"rendered":"<p>Red Bull Soapbox danas je nakon dvije decenije ponovo odr\u017ean u Sarajevu, a utrka ru\u010dno izra\u0111enih vozila bez motora okupila je 35 ekipa iz Bosne i Hercegovine i veliki broj posjetilaca na Alipa\u0161inom Polju. Najuspje\u0161nija je bila ekipa \u201eBH farmeri\u201c iz Konjica, koja je osvojila prvo mjesto, dok je odli\u010dan rezultat ostvarila i ekipa \u201eGolden [&hellip;]<\/p>\n","protected":false},"author":2,"featured_media":315135,"comment_status":"closed","ping_status":"closed","sticky":false,"template":"","format":"standard","meta":{"footnotes":""},"categories":[292],"tags":[14467],"class_list":["post-315134","post","type-post","status-publish","format-standard","has-post-thumbnail","hentry","category-magazin","tag-red-bull-soapbox"],"yoast_head":"<!-- This site is optimized with the Yoast SEO plugin v28.4 - https:\/\/yoast.com\/product\/yoast-seo-wordpress\/ -->\n<title>Red Bull Soapbox odu\u0161evio Sarajevo, Tuzlacima odli\u010dno drugo mjesto<\/title>\n<meta name=\"robots\" content=\"index, follow, max-snippet:-1, max-image-preview:large, max-video-preview:-1\" \/>\n<link rel=\"canonical\" href=\"https:\/\/tuzlainfo.ba\/index.php\/magazin\/item\/315134-red-bull-soapbox-odusevio-sarajevo-tuzlacima-odlicno-drugo-mjesto\/\" \/>\n<meta property=\"og:locale\" content=\"bs_BA\" \/>\n<meta property=\"og:type\" content=\"article\" \/>\n<meta property=\"og:title\" content=\"Red Bull Soapbox odu\u0161evio Sarajevo, Tuzlacima odli\u010dno drugo mjesto\" \/>\n<meta property=\"og:description\" content=\"Red Bull Soapbox danas je nakon dvije decenije ponovo odr\u017ean u Sarajevu, a utrka ru\u010dno izra\u0111enih vozila bez motora okupila je 35 ekipa iz Bosne i Hercegovine i veliki broj posjetilaca na Alipa\u0161inom Polju. Najuspje\u0161nija je bila ekipa \u201eBH farmeri\u201c iz Konjica, koja je osvojila prvo mjesto, dok je odli\u010dan rezultat ostvarila i ekipa \u201eGolden [&hellip;]\" \/>\n<meta property=\"og:url\" content=\"https:\/\/tuzlainfo.ba\/index.php\/magazin\/item\/315134-red-bull-soapbox-odusevio-sarajevo-tuzlacima-odlicno-drugo-mjesto\/\" \/>\n<meta property=\"og:site_name\" content=\"TuzlaInfo.ba\" \/>\n<meta property=\"article:publisher\" content=\"https:\/\/www.facebook.com\/tuzlainfo.ba\/\" \/>\n<meta property=\"article:published_time\" content=\"2026-09-06T19:32:22+00:00\" \/>\n<meta property=\"og:image\" content=\"https:\/\/tuzlainfo.ba\/wp-content\/uploads\/2026\/09\/014-Soapbox-26-Sarajevo-photo-Sulejman-Omerbasic.jpg\" \/>\n\t<meta property=\"og:image:width\" content=\"2048\" \/>\n\t<meta property=\"og:image:height\" content=\"1363\" \/>\n\t<meta property=\"og:image:type\" content=\"image\/jpeg\" \/>\n<meta name=\"author\" content=\"nedim\" \/>\n<meta name=\"twitter:card\" content=\"summary_large_image\" \/>\n<meta name=\"twitter:label1\" content=\"Written by\" \/>\n\t<meta name=\"twitter:data1\" content=\"nedim\" \/>\n\t<meta name=\"twitter:label2\" content=\"Est. reading time\" \/>\n\t<meta name=\"twitter:data2\" content=\"3 minute\" \/>\n<script type=\"application\/ld+json\" class=\"yoast-schema-graph\">{\"@context\":\"https:\\\/\\\/schema.org\",\"@graph\":[{\"@type\":\"Article\",\"@id\":\"https:\\\/\\\/tuzlainfo.ba\\\/index.php\\\/magazin\\\/item\\\/315134-red-bull-soapbox-odusevio-sarajevo-tuzlacima-odlicno-drugo-mjesto\\\/#article\",\"isPartOf\":{\"@id\":\"https:\\\/\\\/tuzlainfo.ba\\\/index.php\\\/magazin\\\/item\\\/315134-red-bull-soapbox-odusevio-sarajevo-tuzlacima-odlicno-drugo-mjesto\\\/\"},\"author\":{\"name\":\"nedim\",\"@id\":\"https:\\\/\\\/tuzlainfo.ba\\\/#\\\/schema\\\/person\\\/f434e20dc27ea133923aab08451b7f7f\"},\"headline\":\"Red Bull Soapbox odu\u0161evio Sarajevo, Tuzlacima odli\u010dno drugo mjesto\",\"datePublished\":\"2026-09-06T19:32:22+00:00\",\"mainEntityOfPage\":{\"@id\":\"https:\\\/\\\/tuzlainfo.ba\\\/index.php\\\/magazin\\\/item\\\/315134-red-bull-soapbox-odusevio-sarajevo-tuzlacima-odlicno-drugo-mjesto\\\/\"},\"wordCount\":414,\"publisher\":{\"@id\":\"https:\\\/\\\/tuzlainfo.ba\\\/#organization\"},\"image\":{\"@id\":\"https:\\\/\\\/tuzlainfo.ba\\\/index.php\\\/magazin\\\/item\\\/315134-red-bull-soapbox-odusevio-sarajevo-tuzlacima-odlicno-drugo-mjesto\\\/#primaryimage\"},\"thumbnailUrl\":\"https:\\\/\\\/tuzlainfo.ba\\\/wp-content\\\/uploads\\\/2026\\\/09\\\/014-Soapbox-26-Sarajevo-photo-Sulejman-Omerbasic.jpg\",\"keywords\":[\"Red Bull Soapbox\"],\"articleSection\":[\"Magazin\"],\"inLanguage\":\"bs-BA\",\"copyrightYear\":\"2026\",\"copyrightHolder\":{\"@id\":\"https:\\\/\\\/tuzlainfo.ba\\\/#organization\"}},{\"@type\":\"WebPage\",\"@id\":\"https:\\\/\\\/tuzlainfo.ba\\\/index.php\\\/magazin\\\/item\\\/315134-red-bull-soapbox-odusevio-sarajevo-tuzlacima-odlicno-drugo-mjesto\\\/\",\"url\":\"https:\\\/\\\/tuzlainfo.ba\\\/index.php\\\/magazin\\\/item\\\/315134-red-bull-soapbox-odusevio-sarajevo-tuzlacima-odlicno-drugo-mjesto\\\/\",\"name\":\"Red Bull Soapbox odu\u0161evio Sarajevo, Tuzlacima odli\u010dno drugo mjesto\",\"isPartOf\":{\"@id\":\"https:\\\/\\\/tuzlainfo.ba\\\/#website\"},\"primaryImageOfPage\":{\"@id\":\"https:\\\/\\\/tuzlainfo.ba\\\/index.php\\\/magazin\\\/item\\\/315134-red-bull-soapbox-odusevio-sarajevo-tuzlacima-odlicno-drugo-mjesto\\\/#primaryimage\"},\"image\":{\"@id\":\"https:\\\/\\\/tuzlainfo.ba\\\/index.php\\\/magazin\\\/item\\\/315134-red-bull-soapbox-odusevio-sarajevo-tuzlacima-odlicno-drugo-mjesto\\\/#primaryimage\"},\"thumbnailUrl\":\"https:\\\/\\\/tuzlainfo.ba\\\/wp-content\\\/uploads\\\/2026\\\/09\\\/014-Soapbox-26-Sarajevo-photo-Sulejman-Omerbasic.jpg\",\"datePublished\":\"2026-09-06T19:32:22+00:00\",\"breadcrumb\":{\"@id\":\"https:\\\/\\\/tuzlainfo.ba\\\/index.php\\\/magazin\\\/item\\\/315134-red-bull-soapbox-odusevio-sarajevo-tuzlacima-odlicno-drugo-mjesto\\\/#breadcrumb\"},\"inLanguage\":\"bs-BA\",\"potentialAction\":[{\"@type\":\"ReadAction\",\"target\":[\"https:\\\/\\\/tuzlainfo.ba\\\/index.php\\\/magazin\\\/item\\\/315134-red-bull-soapbox-odusevio-sarajevo-tuzlacima-odlicno-drugo-mjesto\\\/\"]}]},{\"@type\":\"ImageObject\",\"inLanguage\":\"bs-BA\",\"@id\":\"https:\\\/\\\/tuzlainfo.ba\\\/index.php\\\/magazin\\\/item\\\/315134-red-bull-soapbox-odusevio-sarajevo-tuzlacima-odlicno-drugo-mjesto\\\/#primaryimage\",\"url\":\"https:\\\/\\\/tuzlainfo.ba\\\/wp-content\\\/uploads\\\/2026\\\/09\\\/014-Soapbox-26-Sarajevo-photo-Sulejman-Omerbasic.jpg\",\"contentUrl\":\"https:\\\/\\\/tuzlainfo.ba\\\/wp-content\\\/uploads\\\/2026\\\/09\\\/014-Soapbox-26-Sarajevo-photo-Sulejman-Omerbasic.jpg\",\"width\":2048,\"height\":1363,\"caption\":\"Foto: Sulejman Omerbasic\"},{\"@type\":\"BreadcrumbList\",\"@id\":\"https:\\\/\\\/tuzlainfo.ba\\\/index.php\\\/magazin\\\/item\\\/315134-red-bull-soapbox-odusevio-sarajevo-tuzlacima-odlicno-drugo-mjesto\\\/#breadcrumb\",\"itemListElement\":[{\"@type\":\"ListItem\",\"position\":1,\"name\":\"Home\",\"item\":\"https:\\\/\\\/tuzlainfo.ba\\\/\"},{\"@type\":\"ListItem\",\"position\":2,\"name\":\"Red Bull Soapbox odu\u0161evio Sarajevo, Tuzlacima odli\u010dno drugo mjesto\"}]},{\"@type\":\"WebSite\",\"@id\":\"https:\\\/\\\/tuzlainfo.ba\\\/#website\",\"url\":\"https:\\\/\\\/tuzlainfo.ba\\\/\",\"name\":\"TuzlaInfo.ba\",\"description\":\"Tuzla info, gradski informator - Tuzla na dlanu\",\"publisher\":{\"@id\":\"https:\\\/\\\/tuzlainfo.ba\\\/#organization\"},\"potentialAction\":[{\"@type\":\"SearchAction\",\"target\":{\"@type\":\"EntryPoint\",\"urlTemplate\":\"https:\\\/\\\/tuzlainfo.ba\\\/?s={search_term_string}\"},\"query-input\":{\"@type\":\"PropertyValueSpecification\",\"valueRequired\":true,\"valueName\":\"search_term_string\"}}],\"inLanguage\":\"bs-BA\"},{\"@type\":\"Organization\",\"@id\":\"https:\\\/\\\/tuzlainfo.ba\\\/#organization\",\"name\":\"TuzlaInfo.ba\",\"url\":\"https:\\\/\\\/tuzlainfo.ba\\\/\",\"logo\":{\"@type\":\"ImageObject\",\"inLanguage\":\"bs-BA\",\"@id\":\"https:\\\/\\\/tuzlainfo.ba\\\/#\\\/schema\\\/logo\\\/image\\\/\",\"url\":\"https:\\\/\\\/tuzlainfo.ba\\\/wp-content\\\/uploads\\\/2021\\\/03\\\/logo-ver-3-1.png\",\"contentUrl\":\"https:\\\/\\\/tuzlainfo.ba\\\/wp-content\\\/uploads\\\/2021\\\/03\\\/logo-ver-3-1.png\",\"width\":350,\"height\":95,\"caption\":\"TuzlaInfo.ba\"},\"image\":{\"@id\":\"https:\\\/\\\/tuzlainfo.ba\\\/#\\\/schema\\\/logo\\\/image\\\/\"},\"sameAs\":[\"https:\\\/\\\/www.facebook.com\\\/tuzlainfo.ba\\\/\"]},{\"@type\":\"Person\",\"@id\":\"https:\\\/\\\/tuzlainfo.ba\\\/#\\\/schema\\\/person\\\/f434e20dc27ea133923aab08451b7f7f\",\"name\":\"nedim\",\"image\":{\"@type\":\"ImageObject\",\"inLanguage\":\"bs-BA\",\"@id\":\"https:\\\/\\\/secure.gravatar.com\\\/avatar\\\/5b928a2e7e70a54208d2eb6c1edcb75a5350d6ae97d5f0a701203d456823f6f3?s=96&d=mm&r=g\",\"url\":\"https:\\\/\\\/secure.gravatar.com\\\/avatar\\\/5b928a2e7e70a54208d2eb6c1edcb75a5350d6ae97d5f0a701203d456823f6f3?s=96&d=mm&r=g\",\"contentUrl\":\"https:\\\/\\\/secure.gravatar.com\\\/avatar\\\/5b928a2e7e70a54208d2eb6c1edcb75a5350d6ae97d5f0a701203d456823f6f3?s=96&d=mm&r=g\",\"caption\":\"nedim\"},\"description\":\"Tuzlainfo.ba pratite na dru\u0161tvenim mre\u017eama: Facebook, Instagram i Youtube. Svoje pri\u010de, upite i fotografije \u0161aljite na na\u0161u e-mail adresu.\"}]}<\/script>\n<!-- \/ Yoast SEO plugin. -->","yoast_head_json":{"title":"Red Bull Soapbox odu\u0161evio Sarajevo, Tuzlacima odli\u010dno drugo mjesto","robots":{"index":"index","follow":"follow","max-snippet":"max-snippet:-1","max-image-preview":"max-image-preview:large","max-video-preview":"max-video-preview:-1"},"canonical":"https:\/\/tuzlainfo.ba\/index.php\/magazin\/item\/315134-red-bull-soapbox-odusevio-sarajevo-tuzlacima-odlicno-drugo-mjesto\/","og_locale":"bs_BA","og_type":"article","og_title":"Red Bull Soapbox odu\u0161evio Sarajevo, Tuzlacima odli\u010dno drugo mjesto","og_description":"Red Bull Soapbox danas je nakon dvije decenije ponovo odr\u017ean u Sarajevu, a utrka ru\u010dno izra\u0111enih vozila bez motora okupila je 35 ekipa iz Bosne i Hercegovine i veliki broj posjetilaca na Alipa\u0161inom Polju. Najuspje\u0161nija je bila ekipa \u201eBH farmeri\u201c iz Konjica, koja je osvojila prvo mjesto, dok je odli\u010dan rezultat ostvarila i ekipa \u201eGolden [&hellip;]","og_url":"https:\/\/tuzlainfo.ba\/index.php\/magazin\/item\/315134-red-bull-soapbox-odusevio-sarajevo-tuzlacima-odlicno-drugo-mjesto\/","og_site_name":"TuzlaInfo.ba","article_publisher":"https:\/\/www.facebook.com\/tuzlainfo.ba\/","article_published_time":"2026-09-06T19:32:22+00:00","og_image":[{"width":2048,"height":1363,"url":"https:\/\/tuzlainfo.ba\/wp-content\/uploads\/2026\/09\/014-Soapbox-26-Sarajevo-photo-Sulejman-Omerbasic.jpg","type":"image\/jpeg"}],"author":"nedim","twitter_card":"summary_large_image","twitter_misc":{"Written by":"nedim","Est. reading time":"3 minute"},"schema":{"@context":"https:\/\/schema.org","@graph":[{"@type":"Article","@id":"https:\/\/tuzlainfo.ba\/index.php\/magazin\/item\/315134-red-bull-soapbox-odusevio-sarajevo-tuzlacima-odlicno-drugo-mjesto\/#article","isPartOf":{"@id":"https:\/\/tuzlainfo.ba\/index.php\/magazin\/item\/315134-red-bull-soapbox-odusevio-sarajevo-tuzlacima-odlicno-drugo-mjesto\/"},"author":{"name":"nedim","@id":"https:\/\/tuzlainfo.ba\/#\/schema\/person\/f434e20dc27ea133923aab08451b7f7f"},"headline":"Red Bull Soapbox odu\u0161evio Sarajevo, Tuzlacima odli\u010dno drugo mjesto","datePublished":"2026-09-06T19:32:22+00:00","mainEntityOfPage":{"@id":"https:\/\/tuzlainfo.ba\/index.php\/magazin\/item\/315134-red-bull-soapbox-odusevio-sarajevo-tuzlacima-odlicno-drugo-mjesto\/"},"wordCount":414,"publisher":{"@id":"https:\/\/tuzlainfo.ba\/#organization"},"image":{"@id":"https:\/\/tuzlainfo.ba\/index.php\/magazin\/item\/315134-red-bull-soapbox-odusevio-sarajevo-tuzlacima-odlicno-drugo-mjesto\/#primaryimage"},"thumbnailUrl":"https:\/\/tuzlainfo.ba\/wp-content\/uploads\/2026\/09\/014-Soapbox-26-Sarajevo-photo-Sulejman-Omerbasic.jpg","keywords":["Red Bull Soapbox"],"articleSection":["Magazin"],"inLanguage":"bs-BA","copyrightYear":"2026","copyrightHolder":{"@id":"https:\/\/tuzlainfo.ba\/#organization"}},{"@type":"WebPage","@id":"https:\/\/tuzlainfo.ba\/index.php\/magazin\/item\/315134-red-bull-soapbox-odusevio-sarajevo-tuzlacima-odlicno-drugo-mjesto\/","url":"https:\/\/tuzlainfo.ba\/index.php\/magazin\/item\/315134-red-bull-soapbox-odusevio-sarajevo-tuzlacima-odlicno-drugo-mjesto\/","name":"Red Bull Soapbox odu\u0161evio Sarajevo, Tuzlacima odli\u010dno drugo mjesto","isPartOf":{"@id":"https:\/\/tuzlainfo.ba\/#website"},"primaryImageOfPage":{"@id":"https:\/\/tuzlainfo.ba\/index.php\/magazin\/item\/315134-red-bull-soapbox-odusevio-sarajevo-tuzlacima-odlicno-drugo-mjesto\/#primaryimage"},"image":{"@id":"https:\/\/tuzlainfo.ba\/index.php\/magazin\/item\/315134-red-bull-soapbox-odusevio-sarajevo-tuzlacima-odlicno-drugo-mjesto\/#primaryimage"},"thumbnailUrl":"https:\/\/tuzlainfo.ba\/wp-content\/uploads\/2026\/09\/014-Soapbox-26-Sarajevo-photo-Sulejman-Omerbasic.jpg","datePublished":"2026-09-06T19:32:22+00:00","breadcrumb":{"@id":"https:\/\/tuzlainfo.ba\/index.php\/magazin\/item\/315134-red-bull-soapbox-odusevio-sarajevo-tuzlacima-odlicno-drugo-mjesto\/#breadcrumb"},"inLanguage":"bs-BA","potentialAction":[{"@type":"ReadAction","target":["https:\/\/tuzlainfo.ba\/index.php\/magazin\/item\/315134-red-bull-soapbox-odusevio-sarajevo-tuzlacima-odlicno-drugo-mjesto\/"]}]},{"@type":"ImageObject","inLanguage":"bs-BA","@id":"https:\/\/tuzlainfo.ba\/index.php\/magazin\/item\/315134-red-bull-soapbox-odusevio-sarajevo-tuzlacima-odlicno-drugo-mjesto\/#primaryimage","url":"https:\/\/tuzlainfo.ba\/wp-content\/uploads\/2026\/09\/014-Soapbox-26-Sarajevo-photo-Sulejman-Omerbasic.jpg","contentUrl":"https:\/\/tuzlainfo.ba\/wp-content\/uploads\/2026\/09\/014-Soapbox-26-Sarajevo-photo-Sulejman-Omerbasic.jpg","width":2048,"height":1363,"caption":"Foto: Sulejman Omerbasic"},{"@type":"BreadcrumbList","@id":"https:\/\/tuzlainfo.ba\/index.php\/magazin\/item\/315134-red-bull-soapbox-odusevio-sarajevo-tuzlacima-odlicno-drugo-mjesto\/#breadcrumb","itemListElement":[{"@type":"ListItem","position":1,"name":"Home","item":"https:\/\/tuzlainfo.ba\/"},{"@type":"ListItem","position":2,"name":"Red Bull Soapbox odu\u0161evio Sarajevo, Tuzlacima odli\u010dno drugo mjesto"}]},{"@type":"WebSite","@id":"https:\/\/tuzlainfo.ba\/#website","url":"https:\/\/tuzlainfo.ba\/","name":"TuzlaInfo.ba","description":"Tuzla info, gradski informator - Tuzla na dlanu","publisher":{"@id":"https:\/\/tuzlainfo.ba\/#organization"},"potentialAction":[{"@type":"SearchAction","target":{"@type":"EntryPoint","urlTemplate":"https:\/\/tuzlainfo.ba\/?s={search_term_string}"},"query-input":{"@type":"PropertyValueSpecification","valueRequired":true,"valueName":"search_term_string"}}],"inLanguage":"bs-BA"},{"@type":"Organization","@id":"https:\/\/tuzlainfo.ba\/#organization","name":"TuzlaInfo.ba","url":"https:\/\/tuzlainfo.ba\/","logo":{"@type":"ImageObject","inLanguage":"bs-BA","@id":"https:\/\/tuzlainfo.ba\/#\/schema\/logo\/image\/","url":"https:\/\/tuzlainfo.ba\/wp-content\/uploads\/2021\/03\/logo-ver-3-1.png","contentUrl":"https:\/\/tuzlainfo.ba\/wp-content\/uploads\/2021\/03\/logo-ver-3-1.png","width":350,"height":95,"caption":"TuzlaInfo.ba"},"image":{"@id":"https:\/\/tuzlainfo.ba\/#\/schema\/logo\/image\/"},"sameAs":["https:\/\/www.facebook.com\/tuzlainfo.ba\/"]},{"@type":"Person","@id":"https:\/\/tuzlainfo.ba\/#\/schema\/person\/f434e20dc27ea133923aab08451b7f7f","name":"nedim","image":{"@type":"ImageObject","inLanguage":"bs-BA","@id":"https:\/\/secure.gravatar.com\/avatar\/5b928a2e7e70a54208d2eb6c1edcb75a5350d6ae97d5f0a701203d456823f6f3?s=96&d=mm&r=g","url":"https:\/\/secure.gravatar.com\/avatar\/5b928a2e7e70a54208d2eb6c1edcb75a5350d6ae97d5f0a701203d456823f6f3?s=96&d=mm&r=g","contentUrl":"https:\/\/secure.gravatar.com\/avatar\/5b928a2e7e70a54208d2eb6c1edcb75a5350d6ae97d5f0a701203d456823f6f3?s=96&d=mm&r=g","caption":"nedim"},"description":"Tuzlainfo.ba pratite na dru\u0161tvenim mre\u017eama: Facebook, Instagram i Youtube. Svoje pri\u010de, upite i fotografije \u0161aljite na na\u0161u e-mail adresu."}]}},"_links":{"self":[{"href":"https:\/\/tuzlainfo.ba\/index.php\/wp-json\/wp\/v2\/posts\/315134","targetHints":{"allow":["GET"]}}],"collection":[{"href":"https:\/\/tuzlainfo.ba\/index.php\/wp-json\/wp\/v2\/posts"}],"about":[{"href":"https:\/\/tuzlainfo.ba\/index.php\/wp-json\/wp\/v2\/types\/post"}],"author":[{"embeddable":true,"href":"https:\/\/tuzlainfo.ba\/index.php\/wp-json\/wp\/v2\/users\/2"}],"replies":[{"embeddable":true,"href":"https:\/\/tuzlainfo.ba\/index.php\/wp-json\/wp\/v2\/comments?post=315134"}],"version-history":[{"count":1,"href":"https:\/\/tuzlainfo.ba\/index.php\/wp-json\/wp\/v2\/posts\/315134\/revisions"}],"predecessor-version":[{"id":315137,"href":"https:\/\/tuzlainfo.ba\/index.php\/wp-json\/wp\/v2\/posts\/315134\/revisions\/315137"}],"wp:featuredmedia":[{"embeddable":true,"href":"https:\/\/tuzlainfo.ba\/index.php\/wp-json\/wp\/v2\/media\/315135"}],"wp:attachment":[{"href":"https:\/\/tuzlainfo.ba\/index.php\/wp-json\/wp\/v2\/media?parent=315134"}],"wp:term":[{"taxonomy":"category","embeddable":true,"href":"https:\/\/tuzlainfo.ba\/index.php\/wp-json\/wp\/v2\/categories?post=315134"},{"taxonomy":"post_tag","embeddable":true,"href":"https:\/\/tuzlainfo.ba\/index.php\/wp-json\/wp\/v2\/tags?post=315134"}],"curies":[{"name":"wp","href":"https:\/\/api.w.org\/{rel}","templated":true}]}}