{"id":315121,"date":"2026-09-06T19:47:32","date_gmt":"2026-09-06T17:47:32","guid":{"rendered":"https:\/\/tuzlainfo.ba\/?p=315121"},"modified":"2026-09-06T19:51:10","modified_gmt":"2026-09-06T17:51:10","slug":"gradacac-dzamija-husejnija-zasjala-nakon-temeljite-obnove","status":"publish","type":"post","link":"https:\/\/tuzlainfo.ba\/index.php\/novosti\/item\/315121-gradacac-dzamija-husejnija-zasjala-nakon-temeljite-obnove\/","title":{"rendered":"Grada\u010dac: D\u017eamija Husejnija zasjala nakon temeljite obnove"},"content":{"rendered":"<p class=\"PDq2pG_selectionAnchorContainer\" data-start=\"75\" data-end=\"259\">Husejnija d\u017eamija u Grada\u010dcu danas je ponovo sve\u010dano otvorena nakon temeljite obnove, ta\u010dno dva stolje\u0107a nakon \u0161to ju je 1826. godine podigao Husein-kapetan Grada\u0161\u010devi\u0107, Zmaj od Bosne.<\/p>\n<p data-start=\"261\" data-end=\"550\">Sve\u010danost je okupila veliki broj vjernika, predstavnika Islamske zajednice, javnog \u017eivota i gostiju. Prostor ispred Husejnije, smje\u0161tene podno grada\u010da\u010dke kule, bio je mjesto obilje\u017eavanja zna\u010dajnog jubileja jednog od najprepoznatljivijih vjerskih i kulturno-historijskih objekata Grada\u010dca.<\/p>\n<p data-start=\"552\" data-end=\"765\">Husejnija je tokom dva stolje\u0107a postala mnogo vi\u0161e od vjerskog objekta. D\u017eamija predstavlja vrijedan spomenik arhitekture i jedno od najzna\u010dajnijih materijalnih svjedo\u010danstava vremena Husein-kapetana Grada\u0161\u010devi\u0107a.<\/p>\n<p data-start=\"767\" data-end=\"971\">Reisul-ulema Islamske zajednice u Bosni i Hercegovini Husein-ef. Kavazovi\u0107 u obra\u0107anju je posebno ukazao na historijski zna\u010daj Husejnije i njenu povezanost s identitetom i historijskim iskustvom Bo\u0161njaka.<\/p>\n<p data-start=\"973\" data-end=\"1297\">\u201eIzgra\u0111ena 1826. godine, ta\u010dno prije dva stolje\u0107a, ona je plemenita zadu\u017ebina Husein-kapetana Grada\u0161\u010devi\u0107a, u narodu pam\u0107enog kao Zmaj od Bosne. Zato ona nadilazi okvire obi\u010dnog vjerskog objekta; ona je \u017eivi, kameni svjedok bo\u0161nja\u010dke dr\u017eavotvorne svijesti, hrabrosti, dostojanstva i ponosa\u201c, kazao je reisul-ulema Kavazovi\u0107.<\/p>\n<p data-start=\"1299\" data-end=\"1504\">Govore\u0107i o vremenu u kojem je Husejnija nastala, Kavazovi\u0107 je podsjetio i na politi\u010dke okolnosti prve polovine 19. stolje\u0107a, navode\u0107i da se u toj epohi \u201era\u0111ala i kalila ideja o autonomiji i slobodi Bosne\u201c.<\/p>\n<p><iframe title=\"U Grada\u010dcu sve\u010dano obilje\u017eeno 200 godina Husejnije d\u017eamije\" width=\"800\" height=\"450\" src=\"https:\/\/www.youtube.com\/embed\/MNoUyOuS1Zg?feature=oembed\" frameborder=\"0\" allow=\"accelerometer; autoplay; clipboard-write; encrypted-media; gyroscope; picture-in-picture; web-share\" referrerpolicy=\"strict-origin-when-cross-origin\" allowfullscreen><\/iframe><\/p>\n<p data-start=\"1506\" data-end=\"1707\">Obnovu d\u017eamije opisao je kao zalog za budu\u0107nost, nagla\u0161avaju\u0107i da smisao njene restauracije nije samo u o\u010duvanju gra\u0111evine kao historijskog spomenika, ve\u0107 prvenstveno u nastavku njenog vjerskog \u017eivota.<\/p>\n<p data-start=\"1709\" data-end=\"1965\">\u201eNjena stvarna, neprolazna ljepota jesu njeni safovi \u2013 a to ste vi u njima, jer je radi vas i radi sed\u017ede ona i podignuta. D\u017eamije se grade kamenom, ciglom i drvetom, ali se odr\u017eavaju, o\u017eivljavaju i \u010duvaju namazom, zikrom i ibadetom\u201c, poru\u010dio je Kavazovi\u0107.<\/p>\n<h3 data-section-id=\"19zdwf4\" data-start=\"1967\" data-end=\"2004\">Obnovom sa\u010duvan autenti\u010dan izgled<\/h3>\n<p data-start=\"2006\" data-end=\"2187\">Cilj temeljite obnove nije bio mijenjanje izgleda Husejnije, ve\u0107 o\u010duvanje njene autenti\u010dnosti i vra\u0107anje elemenata koji su tokom dva stolje\u0107a bili naru\u0161eni, izgubljeni ili skriveni.<\/p>\n<p data-start=\"2189\" data-end=\"2339\">Muftija tuzlanski Vahid-ef. Fazlovi\u0107 istakao je da dana\u0161nje okupljanje potvr\u0111uje sna\u017enu vezu koju s Husejnijom imaju Bo\u0161njaci u domovini i inozemstvu.<\/p>\n<p data-start=\"2341\" data-end=\"2490\">\u201eHusejnija je \u010duvena d\u017eamija. To je ime koje nas osvaja. Svjedo\u010di na\u0161u postojanost, na\u0161u autohtonost, na\u0161e vrijednosti\u201c, poru\u010dio je muftija Fazlovi\u0107.<\/p>\n<p data-start=\"2492\" data-end=\"2708\">Posebno je ukazao na \u010dinjenicu da je i nakon 200 godina sa\u010duvan autenti\u010dan karakter d\u017eamije, zahvaliv\u0161i d\u017eematlijama, imamima, Med\u017elisu Islamske zajednice Grada\u010dac i institucijama koje su u\u010destvovale u njenoj obnovi.<\/p>\n<p data-start=\"2492\" data-end=\"2708\"><img fetchpriority=\"high\" decoding=\"async\" class=\"alignnone size-full wp-image-315125\" src=\"https:\/\/tuzlainfo.ba\/wp-content\/uploads\/2026\/09\/Dzamija_husejnija_2.jpg\" alt=\"\" width=\"1000\" height=\"562\" srcset=\"https:\/\/tuzlainfo.ba\/wp-content\/uploads\/2026\/09\/Dzamija_husejnija_2.jpg 1000w, https:\/\/tuzlainfo.ba\/wp-content\/uploads\/2026\/09\/Dzamija_husejnija_2-300x169.jpg 300w, https:\/\/tuzlainfo.ba\/wp-content\/uploads\/2026\/09\/Dzamija_husejnija_2-768x432.jpg 768w, https:\/\/tuzlainfo.ba\/wp-content\/uploads\/2026\/09\/Dzamija_husejnija_2-150x84.jpg 150w, https:\/\/tuzlainfo.ba\/wp-content\/uploads\/2026\/09\/Dzamija_husejnija_2-500x281.jpg 500w, https:\/\/tuzlainfo.ba\/wp-content\/uploads\/2026\/09\/Dzamija_husejnija_2-585x329.jpg 585w\" sizes=\"(max-width: 1000px) 100vw, 1000px\" \/><\/p>\n<p data-start=\"2710\" data-end=\"2961\">\u201eHusejnija svojom monumentalno\u0161\u0107u svjedo\u010di o jednoj velikoj generaciji Bo\u0161njaka, ali i o svim generacijama kasnije koje su dostojno nastavljale \u010duvati svoju vjeru, tradiciju i vrijednosti, \u010duvati svoju domovinu Bosnu i Hercegovinu\u201c, kazao je Fazlovi\u0107.<\/p>\n<p data-start=\"2963\" data-end=\"3149\">Obnova je ponovo u prvi plan iznijela i bogat dekorativni koncept unutra\u0161njosti Husejnije, njenu kaligrafiju, biljne motive i elemente povezane s razli\u010ditim periodima bosanske historije.<\/p>\n<p data-start=\"3151\" data-end=\"3305\">Glavni imam Med\u017elisa Islamske zajednice Grada\u010dac Nusret-ef. Kujrakovi\u0107 istakao je da upravo ti detalji predstavljaju jednu od najve\u0107ih posebnosti d\u017eamije.<\/p>\n<p data-start=\"3307\" data-end=\"3536\">\u201ePo\u010dev\u0161i od biljnih motiva, elemenata s bosanskih ste\u0107aka i drugih doma\u0107ih ukrasnih elemenata, mihrab i dekorativni koncept d\u017eamije objedinjuju historiju Bosne i Hercegovine od njenog prvog spomena do danas\u201c, kazao je Kujrakovi\u0107.<\/p>\n<h3 data-section-id=\"1psspkw\" data-start=\"3538\" data-end=\"3567\">Jedan od simbola Grada\u010dca<\/h3>\n<p data-start=\"3569\" data-end=\"3807\">Gradona\u010delnik Grada\u010dca Hajrudin Mehanovi\u0107 ocijenio je da ponovno otvorenje Husejnije predstavlja najzna\u010dajniji doga\u0111aj ove godine za grad, posebno jer je 2026. posve\u0107ena obilje\u017eavanju kulturnog i turisti\u010dkog naslje\u0111a porodice Grada\u0161\u010devi\u0107.<\/p>\n<p data-start=\"3809\" data-end=\"4096\">\u201eSvi smo ovu godinu posvetili obilje\u017eavanju kulturnog i turisti\u010dkog naslje\u0111a, ostav\u0161tine porodice Grada\u0161\u010devi\u0107, posebno Husein-kapetana. Najzna\u010dajniji spomenik iz njegovog vremena i njegovog doprinosa razvoju grada upravo je Husejnija, \u010diju obnovu danas obilje\u017eavamo\u201c, kazao je Mehanovi\u0107.<\/p>\n<p data-start=\"4098\" data-end=\"4392\">Dana\u0161nje ponovno otvorenje posebno je simboli\u010dno zbog 200. godi\u0161njice izgradnje. Generacije d\u017eematlija smjenjivale su se tokom dva stolje\u0107a, dok je Husejnija ostala jedan od najprepoznatljivijih simbola Grada\u010dca, neraskidivo povezana s obli\u017enjom kulom i naslije\u0111em Husein-kapetana Grada\u0161\u010devi\u0107a.<\/p>\n<p data-start=\"4394\" data-end=\"4553\">Temeljitom obnovom Husejnija je sa\u010duvala svoju historijsku i arhitektonsku vrijednost, ali i svoju prvobitnu funkciju \u2013 da bude \u017eivo mjesto vjere i okupljanja.<\/p>\n","protected":false},"excerpt":{"rendered":"<p>Husejnija d\u017eamija u Grada\u010dcu danas je ponovo sve\u010dano otvorena nakon temeljite obnove, ta\u010dno dva stolje\u0107a nakon \u0161to ju je 1826. godine podigao Husein-kapetan Grada\u0161\u010devi\u0107, Zmaj od Bosne. Sve\u010danost je okupila veliki broj vjernika, predstavnika Islamske zajednice, javnog \u017eivota i gostiju. Prostor ispred Husejnije, smje\u0161tene podno grada\u010da\u010dke kule, bio je mjesto obilje\u017eavanja zna\u010dajnog jubileja jednog od [&hellip;]<\/p>\n","protected":false},"author":2,"featured_media":315122,"comment_status":"closed","ping_status":"closed","sticky":false,"template":"","format":"standard","meta":{"footnotes":""},"categories":[12],"tags":[27,14466],"class_list":["post-315121","post","type-post","status-publish","format-standard","has-post-thumbnail","hentry","category-novosti","tag-gradacac","tag-husejnija"],"yoast_head":"<!-- This site is optimized with the Yoast SEO plugin v28.4 - https:\/\/yoast.com\/product\/yoast-seo-wordpress\/ -->\n<title>Grada\u010dac: D\u017eamija Husejnija zasjala nakon temeljite obnove<\/title>\n<meta name=\"robots\" content=\"index, follow, max-snippet:-1, max-image-preview:large, max-video-preview:-1\" \/>\n<link rel=\"canonical\" href=\"https:\/\/tuzlainfo.ba\/index.php\/novosti\/item\/315121-gradacac-dzamija-husejnija-zasjala-nakon-temeljite-obnove\/\" \/>\n<meta property=\"og:locale\" content=\"bs_BA\" \/>\n<meta property=\"og:type\" content=\"article\" \/>\n<meta property=\"og:title\" content=\"Grada\u010dac: D\u017eamija Husejnija zasjala nakon temeljite obnove\" \/>\n<meta property=\"og:description\" content=\"Husejnija d\u017eamija u Grada\u010dcu danas je ponovo sve\u010dano otvorena nakon temeljite obnove, ta\u010dno dva stolje\u0107a nakon \u0161to ju je 1826. godine podigao Husein-kapetan Grada\u0161\u010devi\u0107, Zmaj od Bosne. Sve\u010danost je okupila veliki broj vjernika, predstavnika Islamske zajednice, javnog \u017eivota i gostiju. Prostor ispred Husejnije, smje\u0161tene podno grada\u010da\u010dke kule, bio je mjesto obilje\u017eavanja zna\u010dajnog jubileja jednog od [&hellip;]\" \/>\n<meta property=\"og:url\" content=\"https:\/\/tuzlainfo.ba\/index.php\/novosti\/item\/315121-gradacac-dzamija-husejnija-zasjala-nakon-temeljite-obnove\/\" \/>\n<meta property=\"og:site_name\" content=\"TuzlaInfo.ba\" \/>\n<meta property=\"article:publisher\" content=\"https:\/\/www.facebook.com\/tuzlainfo.ba\/\" \/>\n<meta property=\"article:published_time\" content=\"2026-09-06T17:47:32+00:00\" \/>\n<meta property=\"article:modified_time\" content=\"2026-09-06T17:51:10+00:00\" \/>\n<meta property=\"og:image\" content=\"https:\/\/tuzlainfo.ba\/wp-content\/uploads\/2026\/09\/Dzamija_husejnija.jpg\" \/>\n\t<meta property=\"og:image:width\" content=\"1000\" \/>\n\t<meta property=\"og:image:height\" content=\"667\" \/>\n\t<meta property=\"og:image:type\" content=\"image\/jpeg\" \/>\n<meta name=\"author\" content=\"nedim\" \/>\n<meta name=\"twitter:card\" content=\"summary_large_image\" \/>\n<meta name=\"twitter:label1\" content=\"Written by\" \/>\n\t<meta name=\"twitter:data1\" content=\"nedim\" \/>\n\t<meta name=\"twitter:label2\" content=\"Est. reading time\" \/>\n\t<meta name=\"twitter:data2\" content=\"4 minute\" \/>\n<script type=\"application\/ld+json\" class=\"yoast-schema-graph\">{\"@context\":\"https:\\\/\\\/schema.org\",\"@graph\":[{\"@type\":\"Article\",\"@id\":\"https:\\\/\\\/tuzlainfo.ba\\\/index.php\\\/novosti\\\/item\\\/315121-gradacac-dzamija-husejnija-zasjala-nakon-temeljite-obnove\\\/#article\",\"isPartOf\":{\"@id\":\"https:\\\/\\\/tuzlainfo.ba\\\/index.php\\\/novosti\\\/item\\\/315121-gradacac-dzamija-husejnija-zasjala-nakon-temeljite-obnove\\\/\"},\"author\":{\"name\":\"nedim\",\"@id\":\"https:\\\/\\\/tuzlainfo.ba\\\/#\\\/schema\\\/person\\\/f434e20dc27ea133923aab08451b7f7f\"},\"headline\":\"Grada\u010dac: D\u017eamija Husejnija zasjala nakon temeljite obnove\",\"datePublished\":\"2026-09-06T17:47:32+00:00\",\"dateModified\":\"2026-09-06T17:51:10+00:00\",\"mainEntityOfPage\":{\"@id\":\"https:\\\/\\\/tuzlainfo.ba\\\/index.php\\\/novosti\\\/item\\\/315121-gradacac-dzamija-husejnija-zasjala-nakon-temeljite-obnove\\\/\"},\"wordCount\":728,\"publisher\":{\"@id\":\"https:\\\/\\\/tuzlainfo.ba\\\/#organization\"},\"image\":{\"@id\":\"https:\\\/\\\/tuzlainfo.ba\\\/index.php\\\/novosti\\\/item\\\/315121-gradacac-dzamija-husejnija-zasjala-nakon-temeljite-obnove\\\/#primaryimage\"},\"thumbnailUrl\":\"https:\\\/\\\/tuzlainfo.ba\\\/wp-content\\\/uploads\\\/2026\\\/09\\\/Dzamija_husejnija.jpg\",\"keywords\":[\"grada\u010dac\",\"husejnija\"],\"articleSection\":[\"Novosti\"],\"inLanguage\":\"bs-BA\",\"copyrightYear\":\"2026\",\"copyrightHolder\":{\"@id\":\"https:\\\/\\\/tuzlainfo.ba\\\/#organization\"}},{\"@type\":\"WebPage\",\"@id\":\"https:\\\/\\\/tuzlainfo.ba\\\/index.php\\\/novosti\\\/item\\\/315121-gradacac-dzamija-husejnija-zasjala-nakon-temeljite-obnove\\\/\",\"url\":\"https:\\\/\\\/tuzlainfo.ba\\\/index.php\\\/novosti\\\/item\\\/315121-gradacac-dzamija-husejnija-zasjala-nakon-temeljite-obnove\\\/\",\"name\":\"Grada\u010dac: D\u017eamija Husejnija zasjala nakon temeljite obnove\",\"isPartOf\":{\"@id\":\"https:\\\/\\\/tuzlainfo.ba\\\/#website\"},\"primaryImageOfPage\":{\"@id\":\"https:\\\/\\\/tuzlainfo.ba\\\/index.php\\\/novosti\\\/item\\\/315121-gradacac-dzamija-husejnija-zasjala-nakon-temeljite-obnove\\\/#primaryimage\"},\"image\":{\"@id\":\"https:\\\/\\\/tuzlainfo.ba\\\/index.php\\\/novosti\\\/item\\\/315121-gradacac-dzamija-husejnija-zasjala-nakon-temeljite-obnove\\\/#primaryimage\"},\"thumbnailUrl\":\"https:\\\/\\\/tuzlainfo.ba\\\/wp-content\\\/uploads\\\/2026\\\/09\\\/Dzamija_husejnija.jpg\",\"datePublished\":\"2026-09-06T17:47:32+00:00\",\"dateModified\":\"2026-09-06T17:51:10+00:00\",\"breadcrumb\":{\"@id\":\"https:\\\/\\\/tuzlainfo.ba\\\/index.php\\\/novosti\\\/item\\\/315121-gradacac-dzamija-husejnija-zasjala-nakon-temeljite-obnove\\\/#breadcrumb\"},\"inLanguage\":\"bs-BA\",\"potentialAction\":[{\"@type\":\"ReadAction\",\"target\":[\"https:\\\/\\\/tuzlainfo.ba\\\/index.php\\\/novosti\\\/item\\\/315121-gradacac-dzamija-husejnija-zasjala-nakon-temeljite-obnove\\\/\"]}]},{\"@type\":\"ImageObject\",\"inLanguage\":\"bs-BA\",\"@id\":\"https:\\\/\\\/tuzlainfo.ba\\\/index.php\\\/novosti\\\/item\\\/315121-gradacac-dzamija-husejnija-zasjala-nakon-temeljite-obnove\\\/#primaryimage\",\"url\":\"https:\\\/\\\/tuzlainfo.ba\\\/wp-content\\\/uploads\\\/2026\\\/09\\\/Dzamija_husejnija.jpg\",\"contentUrl\":\"https:\\\/\\\/tuzlainfo.ba\\\/wp-content\\\/uploads\\\/2026\\\/09\\\/Dzamija_husejnija.jpg\",\"width\":1000,\"height\":667},{\"@type\":\"BreadcrumbList\",\"@id\":\"https:\\\/\\\/tuzlainfo.ba\\\/index.php\\\/novosti\\\/item\\\/315121-gradacac-dzamija-husejnija-zasjala-nakon-temeljite-obnove\\\/#breadcrumb\",\"itemListElement\":[{\"@type\":\"ListItem\",\"position\":1,\"name\":\"Home\",\"item\":\"https:\\\/\\\/tuzlainfo.ba\\\/\"},{\"@type\":\"ListItem\",\"position\":2,\"name\":\"Grada\u010dac: D\u017eamija Husejnija zasjala nakon temeljite obnove\"}]},{\"@type\":\"WebSite\",\"@id\":\"https:\\\/\\\/tuzlainfo.ba\\\/#website\",\"url\":\"https:\\\/\\\/tuzlainfo.ba\\\/\",\"name\":\"TuzlaInfo.ba\",\"description\":\"Tuzla info, gradski informator - Tuzla na dlanu\",\"publisher\":{\"@id\":\"https:\\\/\\\/tuzlainfo.ba\\\/#organization\"},\"potentialAction\":[{\"@type\":\"SearchAction\",\"target\":{\"@type\":\"EntryPoint\",\"urlTemplate\":\"https:\\\/\\\/tuzlainfo.ba\\\/?s={search_term_string}\"},\"query-input\":{\"@type\":\"PropertyValueSpecification\",\"valueRequired\":true,\"valueName\":\"search_term_string\"}}],\"inLanguage\":\"bs-BA\"},{\"@type\":\"Organization\",\"@id\":\"https:\\\/\\\/tuzlainfo.ba\\\/#organization\",\"name\":\"TuzlaInfo.ba\",\"url\":\"https:\\\/\\\/tuzlainfo.ba\\\/\",\"logo\":{\"@type\":\"ImageObject\",\"inLanguage\":\"bs-BA\",\"@id\":\"https:\\\/\\\/tuzlainfo.ba\\\/#\\\/schema\\\/logo\\\/image\\\/\",\"url\":\"https:\\\/\\\/tuzlainfo.ba\\\/wp-content\\\/uploads\\\/2021\\\/03\\\/logo-ver-3-1.png\",\"contentUrl\":\"https:\\\/\\\/tuzlainfo.ba\\\/wp-content\\\/uploads\\\/2021\\\/03\\\/logo-ver-3-1.png\",\"width\":350,\"height\":95,\"caption\":\"TuzlaInfo.ba\"},\"image\":{\"@id\":\"https:\\\/\\\/tuzlainfo.ba\\\/#\\\/schema\\\/logo\\\/image\\\/\"},\"sameAs\":[\"https:\\\/\\\/www.facebook.com\\\/tuzlainfo.ba\\\/\"]},{\"@type\":\"Person\",\"@id\":\"https:\\\/\\\/tuzlainfo.ba\\\/#\\\/schema\\\/person\\\/f434e20dc27ea133923aab08451b7f7f\",\"name\":\"nedim\",\"image\":{\"@type\":\"ImageObject\",\"inLanguage\":\"bs-BA\",\"@id\":\"https:\\\/\\\/secure.gravatar.com\\\/avatar\\\/5b928a2e7e70a54208d2eb6c1edcb75a5350d6ae97d5f0a701203d456823f6f3?s=96&d=mm&r=g\",\"url\":\"https:\\\/\\\/secure.gravatar.com\\\/avatar\\\/5b928a2e7e70a54208d2eb6c1edcb75a5350d6ae97d5f0a701203d456823f6f3?s=96&d=mm&r=g\",\"contentUrl\":\"https:\\\/\\\/secure.gravatar.com\\\/avatar\\\/5b928a2e7e70a54208d2eb6c1edcb75a5350d6ae97d5f0a701203d456823f6f3?s=96&d=mm&r=g\",\"caption\":\"nedim\"},\"description\":\"Tuzlainfo.ba pratite na dru\u0161tvenim mre\u017eama: Facebook, Instagram i Youtube. Svoje pri\u010de, upite i fotografije \u0161aljite na na\u0161u e-mail adresu.\"}]}<\/script>\n<!-- \/ Yoast SEO plugin. -->","yoast_head_json":{"title":"Grada\u010dac: D\u017eamija Husejnija zasjala nakon temeljite obnove","robots":{"index":"index","follow":"follow","max-snippet":"max-snippet:-1","max-image-preview":"max-image-preview:large","max-video-preview":"max-video-preview:-1"},"canonical":"https:\/\/tuzlainfo.ba\/index.php\/novosti\/item\/315121-gradacac-dzamija-husejnija-zasjala-nakon-temeljite-obnove\/","og_locale":"bs_BA","og_type":"article","og_title":"Grada\u010dac: D\u017eamija Husejnija zasjala nakon temeljite obnove","og_description":"Husejnija d\u017eamija u Grada\u010dcu danas je ponovo sve\u010dano otvorena nakon temeljite obnove, ta\u010dno dva stolje\u0107a nakon \u0161to ju je 1826. godine podigao Husein-kapetan Grada\u0161\u010devi\u0107, Zmaj od Bosne. Sve\u010danost je okupila veliki broj vjernika, predstavnika Islamske zajednice, javnog \u017eivota i gostiju. Prostor ispred Husejnije, smje\u0161tene podno grada\u010da\u010dke kule, bio je mjesto obilje\u017eavanja zna\u010dajnog jubileja jednog od [&hellip;]","og_url":"https:\/\/tuzlainfo.ba\/index.php\/novosti\/item\/315121-gradacac-dzamija-husejnija-zasjala-nakon-temeljite-obnove\/","og_site_name":"TuzlaInfo.ba","article_publisher":"https:\/\/www.facebook.com\/tuzlainfo.ba\/","article_published_time":"2026-09-06T17:47:32+00:00","article_modified_time":"2026-09-06T17:51:10+00:00","og_image":[{"width":1000,"height":667,"url":"https:\/\/tuzlainfo.ba\/wp-content\/uploads\/2026\/09\/Dzamija_husejnija.jpg","type":"image\/jpeg"}],"author":"nedim","twitter_card":"summary_large_image","twitter_misc":{"Written by":"nedim","Est. reading time":"4 minute"},"schema":{"@context":"https:\/\/schema.org","@graph":[{"@type":"Article","@id":"https:\/\/tuzlainfo.ba\/index.php\/novosti\/item\/315121-gradacac-dzamija-husejnija-zasjala-nakon-temeljite-obnove\/#article","isPartOf":{"@id":"https:\/\/tuzlainfo.ba\/index.php\/novosti\/item\/315121-gradacac-dzamija-husejnija-zasjala-nakon-temeljite-obnove\/"},"author":{"name":"nedim","@id":"https:\/\/tuzlainfo.ba\/#\/schema\/person\/f434e20dc27ea133923aab08451b7f7f"},"headline":"Grada\u010dac: D\u017eamija Husejnija zasjala nakon temeljite obnove","datePublished":"2026-09-06T17:47:32+00:00","dateModified":"2026-09-06T17:51:10+00:00","mainEntityOfPage":{"@id":"https:\/\/tuzlainfo.ba\/index.php\/novosti\/item\/315121-gradacac-dzamija-husejnija-zasjala-nakon-temeljite-obnove\/"},"wordCount":728,"publisher":{"@id":"https:\/\/tuzlainfo.ba\/#organization"},"image":{"@id":"https:\/\/tuzlainfo.ba\/index.php\/novosti\/item\/315121-gradacac-dzamija-husejnija-zasjala-nakon-temeljite-obnove\/#primaryimage"},"thumbnailUrl":"https:\/\/tuzlainfo.ba\/wp-content\/uploads\/2026\/09\/Dzamija_husejnija.jpg","keywords":["grada\u010dac","husejnija"],"articleSection":["Novosti"],"inLanguage":"bs-BA","copyrightYear":"2026","copyrightHolder":{"@id":"https:\/\/tuzlainfo.ba\/#organization"}},{"@type":"WebPage","@id":"https:\/\/tuzlainfo.ba\/index.php\/novosti\/item\/315121-gradacac-dzamija-husejnija-zasjala-nakon-temeljite-obnove\/","url":"https:\/\/tuzlainfo.ba\/index.php\/novosti\/item\/315121-gradacac-dzamija-husejnija-zasjala-nakon-temeljite-obnove\/","name":"Grada\u010dac: D\u017eamija Husejnija zasjala nakon temeljite obnove","isPartOf":{"@id":"https:\/\/tuzlainfo.ba\/#website"},"primaryImageOfPage":{"@id":"https:\/\/tuzlainfo.ba\/index.php\/novosti\/item\/315121-gradacac-dzamija-husejnija-zasjala-nakon-temeljite-obnove\/#primaryimage"},"image":{"@id":"https:\/\/tuzlainfo.ba\/index.php\/novosti\/item\/315121-gradacac-dzamija-husejnija-zasjala-nakon-temeljite-obnove\/#primaryimage"},"thumbnailUrl":"https:\/\/tuzlainfo.ba\/wp-content\/uploads\/2026\/09\/Dzamija_husejnija.jpg","datePublished":"2026-09-06T17:47:32+00:00","dateModified":"2026-09-06T17:51:10+00:00","breadcrumb":{"@id":"https:\/\/tuzlainfo.ba\/index.php\/novosti\/item\/315121-gradacac-dzamija-husejnija-zasjala-nakon-temeljite-obnove\/#breadcrumb"},"inLanguage":"bs-BA","potentialAction":[{"@type":"ReadAction","target":["https:\/\/tuzlainfo.ba\/index.php\/novosti\/item\/315121-gradacac-dzamija-husejnija-zasjala-nakon-temeljite-obnove\/"]}]},{"@type":"ImageObject","inLanguage":"bs-BA","@id":"https:\/\/tuzlainfo.ba\/index.php\/novosti\/item\/315121-gradacac-dzamija-husejnija-zasjala-nakon-temeljite-obnove\/#primaryimage","url":"https:\/\/tuzlainfo.ba\/wp-content\/uploads\/2026\/09\/Dzamija_husejnija.jpg","contentUrl":"https:\/\/tuzlainfo.ba\/wp-content\/uploads\/2026\/09\/Dzamija_husejnija.jpg","width":1000,"height":667},{"@type":"BreadcrumbList","@id":"https:\/\/tuzlainfo.ba\/index.php\/novosti\/item\/315121-gradacac-dzamija-husejnija-zasjala-nakon-temeljite-obnove\/#breadcrumb","itemListElement":[{"@type":"ListItem","position":1,"name":"Home","item":"https:\/\/tuzlainfo.ba\/"},{"@type":"ListItem","position":2,"name":"Grada\u010dac: D\u017eamija Husejnija zasjala nakon temeljite obnove"}]},{"@type":"WebSite","@id":"https:\/\/tuzlainfo.ba\/#website","url":"https:\/\/tuzlainfo.ba\/","name":"TuzlaInfo.ba","description":"Tuzla info, gradski informator - Tuzla na dlanu","publisher":{"@id":"https:\/\/tuzlainfo.ba\/#organization"},"potentialAction":[{"@type":"SearchAction","target":{"@type":"EntryPoint","urlTemplate":"https:\/\/tuzlainfo.ba\/?s={search_term_string}"},"query-input":{"@type":"PropertyValueSpecification","valueRequired":true,"valueName":"search_term_string"}}],"inLanguage":"bs-BA"},{"@type":"Organization","@id":"https:\/\/tuzlainfo.ba\/#organization","name":"TuzlaInfo.ba","url":"https:\/\/tuzlainfo.ba\/","logo":{"@type":"ImageObject","inLanguage":"bs-BA","@id":"https:\/\/tuzlainfo.ba\/#\/schema\/logo\/image\/","url":"https:\/\/tuzlainfo.ba\/wp-content\/uploads\/2021\/03\/logo-ver-3-1.png","contentUrl":"https:\/\/tuzlainfo.ba\/wp-content\/uploads\/2021\/03\/logo-ver-3-1.png","width":350,"height":95,"caption":"TuzlaInfo.ba"},"image":{"@id":"https:\/\/tuzlainfo.ba\/#\/schema\/logo\/image\/"},"sameAs":["https:\/\/www.facebook.com\/tuzlainfo.ba\/"]},{"@type":"Person","@id":"https:\/\/tuzlainfo.ba\/#\/schema\/person\/f434e20dc27ea133923aab08451b7f7f","name":"nedim","image":{"@type":"ImageObject","inLanguage":"bs-BA","@id":"https:\/\/secure.gravatar.com\/avatar\/5b928a2e7e70a54208d2eb6c1edcb75a5350d6ae97d5f0a701203d456823f6f3?s=96&d=mm&r=g","url":"https:\/\/secure.gravatar.com\/avatar\/5b928a2e7e70a54208d2eb6c1edcb75a5350d6ae97d5f0a701203d456823f6f3?s=96&d=mm&r=g","contentUrl":"https:\/\/secure.gravatar.com\/avatar\/5b928a2e7e70a54208d2eb6c1edcb75a5350d6ae97d5f0a701203d456823f6f3?s=96&d=mm&r=g","caption":"nedim"},"description":"Tuzlainfo.ba pratite na dru\u0161tvenim mre\u017eama: Facebook, Instagram i Youtube. Svoje pri\u010de, upite i fotografije \u0161aljite na na\u0161u e-mail adresu."}]}},"_links":{"self":[{"href":"https:\/\/tuzlainfo.ba\/index.php\/wp-json\/wp\/v2\/posts\/315121","targetHints":{"allow":["GET"]}}],"collection":[{"href":"https:\/\/tuzlainfo.ba\/index.php\/wp-json\/wp\/v2\/posts"}],"about":[{"href":"https:\/\/tuzlainfo.ba\/index.php\/wp-json\/wp\/v2\/types\/post"}],"author":[{"embeddable":true,"href":"https:\/\/tuzlainfo.ba\/index.php\/wp-json\/wp\/v2\/users\/2"}],"replies":[{"embeddable":true,"href":"https:\/\/tuzlainfo.ba\/index.php\/wp-json\/wp\/v2\/comments?post=315121"}],"version-history":[{"count":3,"href":"https:\/\/tuzlainfo.ba\/index.php\/wp-json\/wp\/v2\/posts\/315121\/revisions"}],"predecessor-version":[{"id":315126,"href":"https:\/\/tuzlainfo.ba\/index.php\/wp-json\/wp\/v2\/posts\/315121\/revisions\/315126"}],"wp:featuredmedia":[{"embeddable":true,"href":"https:\/\/tuzlainfo.ba\/index.php\/wp-json\/wp\/v2\/media\/315122"}],"wp:attachment":[{"href":"https:\/\/tuzlainfo.ba\/index.php\/wp-json\/wp\/v2\/media?parent=315121"}],"wp:term":[{"taxonomy":"category","embeddable":true,"href":"https:\/\/tuzlainfo.ba\/index.php\/wp-json\/wp\/v2\/categories?post=315121"},{"taxonomy":"post_tag","embeddable":true,"href":"https:\/\/tuzlainfo.ba\/index.php\/wp-json\/wp\/v2\/tags?post=315121"}],"curies":[{"name":"wp","href":"https:\/\/api.w.org\/{rel}","templated":true}]}}