{"id":315114,"date":"2026-09-06T19:28:17","date_gmt":"2026-09-06T17:28:17","guid":{"rendered":"https:\/\/tuzlainfo.ba\/?p=315114"},"modified":"2026-09-06T19:28:17","modified_gmt":"2026-09-06T17:28:17","slug":"spc-zlocinca-ratka-mladica-nazvala-vojnikom-srpskim-porfirije-ce-sluziti-opelo","status":"publish","type":"post","link":"https:\/\/tuzlainfo.ba\/index.php\/clanci\/sa-svih-strana\/item\/315114-spc-zlocinca-ratka-mladica-nazvala-vojnikom-srpskim-porfirije-ce-sluziti-opelo\/","title":{"rendered":"SPC zlo\u010dinca Ratka Mladi\u0107a nazvala \u201evojnikom srpskim\u201c, Porfirije \u0107e slu\u017eiti opelo"},"content":{"rendered":"<p data-start=\"89\" data-end=\"321\">Srpska pravoslavna crkva (SPC) objavila je detalje crkvenog obreda povodom sahrane ratnog zlo\u010dinca Ratka Mladi\u0107a, pravosna\u017eno osu\u0111enog na do\u017eivotni zatvor zbog genocida u Srebrenici i drugih zlo\u010dina po\u010dinjenih u Bosni i Hercegovini.<\/p>\n<p data-start=\"323\" data-end=\"510\">Prema objavljenim informacijama, opelo \u0107e slu\u017eiti patrijarh Porfirije u hramu Svetog Luke na Ko\u0161utnjaku, dok je najavljeno da \u0107e sahrana biti obavljena uz najvi\u0161e dr\u017eavne i vojne po\u010dasti.<\/p>\n<p data-start=\"512\" data-end=\"748\">Posebnu pa\u017enju izazvao je na\u010din na koji SPC u svom saop\u0107enju opisuje Mladi\u0107a. Pravomo\u0107no osu\u0111enog ratnog zlo\u010dinca nazvali su \u201epravoslavnim hri\u0161\u0107aninom i vojnikom srpskim\u201c, bez navo\u0111enja zlo\u010dina za koje je osu\u0111en pred me\u0111unarodnim sudom.<\/p>\n<p data-start=\"750\" data-end=\"944\">Prema najavama organizatora sahrane, prije crkvenog obreda planirano je da posmrtni ostaci budu izlo\u017eeni u crkvi Svetog Marka na Vidikovcu od 7 do 12 sati, gdje \u0107e gra\u0111ani mo\u0107i pro\u0107i u mimohodu.<\/p>\n<p data-start=\"946\" data-end=\"1116\">Nakon crkvenog obreda trebala bi biti formirana kolona prema Top\u010diderskom groblju, gdje \u0107e Mladi\u0107, prema njegovoj ranije izra\u017eenoj \u017eelji, biti sahranjen pored k\u0107erke Ane.<\/p>\n<p data-start=\"1118\" data-end=\"1267\">\u010clan tima za organizaciju sahrane Svetozar Andri\u0107 izjavio je da su pripreme u zavr\u0161noj fazi te najavio u\u010de\u0161\u0107e po\u010dasne jedinice i druge vojne po\u010dasti.<\/p>\n<p data-start=\"1269\" data-end=\"1448\">\u201ePo dolasku na Top\u010didersko groblje, posmrtne ostatke pratit \u0107e po\u010dasna jedinica do grobnog mjesta, nakon \u010dega \u0107e uslijediti po\u010dasna paljba i opro\u0161tajni govori\u201c, izjavio je Andri\u0107.<\/p>\n<p data-start=\"1450\" data-end=\"1552\">Prema njegovim rije\u010dima, organizovan je i dolazak ljudi iz Srbije i bosanskohercegova\u010dkog entiteta RS.<\/p>\n<p data-start=\"1554\" data-end=\"1785\">Sahrani je prethodila i komemoracija odr\u017eana u Domu Vojske Srbije u Beogradu, kojoj su, uz \u010dlanove porodice, prisustvovali pojedini zvani\u010dnici iz Srbije i entiteta RS. Na prilazima crkvi Svetog Luke postavljene su i zastave Srbije.<\/p>\n<p data-start=\"1787\" data-end=\"1945\">O na\u010dinu ispra\u0107aja Mladi\u0107a govorio je i predsjednik Srbije Aleksandar Vu\u010di\u0107, nakon kritika koje su iz Evropske unije upu\u0107ene zbog njegovog veli\u010danja u Srbiji.<\/p>\n<p data-start=\"1947\" data-end=\"2187\">\u201e\u010cuvat \u0107emo dostojanstvo na\u0161eg naroda, \u010duvat \u0107emo dostojanstvo na\u0161ih gra\u0111ana. Briga mene \u0161ta ka\u017ee Marta Kos ili neko drugi kad imam narod, kad imam Prigrevicu i gra\u0111ane Srbije uz sebe\u201c, izjavio je Vu\u010di\u0107 tokom posjete Prigrevici kod Apatina.<\/p>\n<p data-start=\"2189\" data-end=\"2447\">Ratko Mladi\u0107 preminuo je 27. augusta u Hagu. Kao nekada\u0161nji komandant Glavnog \u0161taba Vojske RS pravosna\u017eno je osu\u0111en na do\u017eivotni zatvor za genocid u Srebrenici, progone Bo\u0161njaka i Hrvata, terorisanje stanovni\u0161tva Sarajeva i uzimanje pripadnika UN-a za taoce.<\/p>\n","protected":false},"excerpt":{"rendered":"<p>Srpska pravoslavna crkva (SPC) objavila je detalje crkvenog obreda povodom sahrane ratnog zlo\u010dinca Ratka Mladi\u0107a, pravosna\u017eno osu\u0111enog na do\u017eivotni zatvor zbog genocida u Srebrenici i drugih zlo\u010dina po\u010dinjenih u Bosni i Hercegovini. Prema objavljenim informacijama, opelo \u0107e slu\u017eiti patrijarh Porfirije u hramu Svetog Luke na Ko\u0161utnjaku, dok je najavljeno da \u0107e sahrana biti obavljena uz [&hellip;]<\/p>\n","protected":false},"author":2,"featured_media":146940,"comment_status":"closed","ping_status":"closed","sticky":false,"template":"","format":"standard","meta":{"footnotes":""},"categories":[16],"tags":[2934,939,5377],"class_list":["post-315114","post","type-post","status-publish","format-standard","has-post-thumbnail","hentry","category-sa-svih-strana","tag-porfirije","tag-ratko-mladic","tag-spc"],"yoast_head":"<!-- This site is optimized with the Yoast SEO plugin v28.4 - https:\/\/yoast.com\/product\/yoast-seo-wordpress\/ -->\n<title>SPC zlo\u010dinca Ratka Mladi\u0107a nazvala \u201evojnikom srpskim\u201c, Porfirije \u0107e slu\u017eiti opelo<\/title>\n<meta name=\"robots\" content=\"index, follow, max-snippet:-1, max-image-preview:large, max-video-preview:-1\" \/>\n<link rel=\"canonical\" href=\"https:\/\/tuzlainfo.ba\/index.php\/clanci\/sa-svih-strana\/item\/315114-spc-zlocinca-ratka-mladica-nazvala-vojnikom-srpskim-porfirije-ce-sluziti-opelo\/\" \/>\n<meta property=\"og:locale\" content=\"bs_BA\" \/>\n<meta property=\"og:type\" content=\"article\" \/>\n<meta property=\"og:title\" content=\"SPC zlo\u010dinca Ratka Mladi\u0107a nazvala \u201evojnikom srpskim\u201c, Porfirije \u0107e slu\u017eiti opelo\" \/>\n<meta property=\"og:description\" content=\"Srpska pravoslavna crkva (SPC) objavila je detalje crkvenog obreda povodom sahrane ratnog zlo\u010dinca Ratka Mladi\u0107a, pravosna\u017eno osu\u0111enog na do\u017eivotni zatvor zbog genocida u Srebrenici i drugih zlo\u010dina po\u010dinjenih u Bosni i Hercegovini. Prema objavljenim informacijama, opelo \u0107e slu\u017eiti patrijarh Porfirije u hramu Svetog Luke na Ko\u0161utnjaku, dok je najavljeno da \u0107e sahrana biti obavljena uz [&hellip;]\" \/>\n<meta property=\"og:url\" content=\"https:\/\/tuzlainfo.ba\/index.php\/clanci\/sa-svih-strana\/item\/315114-spc-zlocinca-ratka-mladica-nazvala-vojnikom-srpskim-porfirije-ce-sluziti-opelo\/\" \/>\n<meta property=\"og:site_name\" content=\"TuzlaInfo.ba\" \/>\n<meta property=\"article:publisher\" content=\"https:\/\/www.facebook.com\/tuzlainfo.ba\/\" \/>\n<meta property=\"article:published_time\" content=\"2026-09-06T17:28:17+00:00\" \/>\n<meta property=\"og:image\" content=\"https:\/\/tuzlainfo.ba\/wp-content\/uploads\/2021\/09\/0509_patrijarh_porfirije.jpg\" \/>\n\t<meta property=\"og:image:width\" content=\"1194\" \/>\n\t<meta property=\"og:image:height\" content=\"735\" \/>\n\t<meta property=\"og:image:type\" content=\"image\/jpeg\" \/>\n<meta name=\"author\" content=\"nedim\" \/>\n<meta name=\"twitter:card\" content=\"summary_large_image\" \/>\n<meta name=\"twitter:label1\" content=\"Written by\" \/>\n\t<meta name=\"twitter:data1\" content=\"nedim\" \/>\n\t<meta name=\"twitter:label2\" content=\"Est. reading time\" \/>\n\t<meta name=\"twitter:data2\" content=\"3 minute\" \/>\n<script type=\"application\/ld+json\" class=\"yoast-schema-graph\">{\"@context\":\"https:\\\/\\\/schema.org\",\"@graph\":[{\"@type\":\"Article\",\"@id\":\"https:\\\/\\\/tuzlainfo.ba\\\/index.php\\\/clanci\\\/sa-svih-strana\\\/item\\\/315114-spc-zlocinca-ratka-mladica-nazvala-vojnikom-srpskim-porfirije-ce-sluziti-opelo\\\/#article\",\"isPartOf\":{\"@id\":\"https:\\\/\\\/tuzlainfo.ba\\\/index.php\\\/clanci\\\/sa-svih-strana\\\/item\\\/315114-spc-zlocinca-ratka-mladica-nazvala-vojnikom-srpskim-porfirije-ce-sluziti-opelo\\\/\"},\"author\":{\"name\":\"nedim\",\"@id\":\"https:\\\/\\\/tuzlainfo.ba\\\/#\\\/schema\\\/person\\\/f434e20dc27ea133923aab08451b7f7f\"},\"headline\":\"SPC zlo\u010dinca Ratka Mladi\u0107a nazvala \u201evojnikom srpskim\u201c, Porfirije \u0107e slu\u017eiti opelo\",\"datePublished\":\"2026-09-06T17:28:17+00:00\",\"mainEntityOfPage\":{\"@id\":\"https:\\\/\\\/tuzlainfo.ba\\\/index.php\\\/clanci\\\/sa-svih-strana\\\/item\\\/315114-spc-zlocinca-ratka-mladica-nazvala-vojnikom-srpskim-porfirije-ce-sluziti-opelo\\\/\"},\"wordCount\":422,\"publisher\":{\"@id\":\"https:\\\/\\\/tuzlainfo.ba\\\/#organization\"},\"image\":{\"@id\":\"https:\\\/\\\/tuzlainfo.ba\\\/index.php\\\/clanci\\\/sa-svih-strana\\\/item\\\/315114-spc-zlocinca-ratka-mladica-nazvala-vojnikom-srpskim-porfirije-ce-sluziti-opelo\\\/#primaryimage\"},\"thumbnailUrl\":\"https:\\\/\\\/tuzlainfo.ba\\\/wp-content\\\/uploads\\\/2021\\\/09\\\/0509_patrijarh_porfirije.jpg\",\"keywords\":[\"porfirije\",\"ratko mladi\u0107\",\"SPC\"],\"articleSection\":[\"Sa svih strana\"],\"inLanguage\":\"bs-BA\",\"copyrightYear\":\"2026\",\"copyrightHolder\":{\"@id\":\"https:\\\/\\\/tuzlainfo.ba\\\/#organization\"}},{\"@type\":\"WebPage\",\"@id\":\"https:\\\/\\\/tuzlainfo.ba\\\/index.php\\\/clanci\\\/sa-svih-strana\\\/item\\\/315114-spc-zlocinca-ratka-mladica-nazvala-vojnikom-srpskim-porfirije-ce-sluziti-opelo\\\/\",\"url\":\"https:\\\/\\\/tuzlainfo.ba\\\/index.php\\\/clanci\\\/sa-svih-strana\\\/item\\\/315114-spc-zlocinca-ratka-mladica-nazvala-vojnikom-srpskim-porfirije-ce-sluziti-opelo\\\/\",\"name\":\"SPC zlo\u010dinca Ratka Mladi\u0107a nazvala \u201evojnikom srpskim\u201c, Porfirije \u0107e slu\u017eiti opelo\",\"isPartOf\":{\"@id\":\"https:\\\/\\\/tuzlainfo.ba\\\/#website\"},\"primaryImageOfPage\":{\"@id\":\"https:\\\/\\\/tuzlainfo.ba\\\/index.php\\\/clanci\\\/sa-svih-strana\\\/item\\\/315114-spc-zlocinca-ratka-mladica-nazvala-vojnikom-srpskim-porfirije-ce-sluziti-opelo\\\/#primaryimage\"},\"image\":{\"@id\":\"https:\\\/\\\/tuzlainfo.ba\\\/index.php\\\/clanci\\\/sa-svih-strana\\\/item\\\/315114-spc-zlocinca-ratka-mladica-nazvala-vojnikom-srpskim-porfirije-ce-sluziti-opelo\\\/#primaryimage\"},\"thumbnailUrl\":\"https:\\\/\\\/tuzlainfo.ba\\\/wp-content\\\/uploads\\\/2021\\\/09\\\/0509_patrijarh_porfirije.jpg\",\"datePublished\":\"2026-09-06T17:28:17+00:00\",\"breadcrumb\":{\"@id\":\"https:\\\/\\\/tuzlainfo.ba\\\/index.php\\\/clanci\\\/sa-svih-strana\\\/item\\\/315114-spc-zlocinca-ratka-mladica-nazvala-vojnikom-srpskim-porfirije-ce-sluziti-opelo\\\/#breadcrumb\"},\"inLanguage\":\"bs-BA\",\"potentialAction\":[{\"@type\":\"ReadAction\",\"target\":[\"https:\\\/\\\/tuzlainfo.ba\\\/index.php\\\/clanci\\\/sa-svih-strana\\\/item\\\/315114-spc-zlocinca-ratka-mladica-nazvala-vojnikom-srpskim-porfirije-ce-sluziti-opelo\\\/\"]}]},{\"@type\":\"ImageObject\",\"inLanguage\":\"bs-BA\",\"@id\":\"https:\\\/\\\/tuzlainfo.ba\\\/index.php\\\/clanci\\\/sa-svih-strana\\\/item\\\/315114-spc-zlocinca-ratka-mladica-nazvala-vojnikom-srpskim-porfirije-ce-sluziti-opelo\\\/#primaryimage\",\"url\":\"https:\\\/\\\/tuzlainfo.ba\\\/wp-content\\\/uploads\\\/2021\\\/09\\\/0509_patrijarh_porfirije.jpg\",\"contentUrl\":\"https:\\\/\\\/tuzlainfo.ba\\\/wp-content\\\/uploads\\\/2021\\\/09\\\/0509_patrijarh_porfirije.jpg\",\"width\":1194,\"height\":735},{\"@type\":\"BreadcrumbList\",\"@id\":\"https:\\\/\\\/tuzlainfo.ba\\\/index.php\\\/clanci\\\/sa-svih-strana\\\/item\\\/315114-spc-zlocinca-ratka-mladica-nazvala-vojnikom-srpskim-porfirije-ce-sluziti-opelo\\\/#breadcrumb\",\"itemListElement\":[{\"@type\":\"ListItem\",\"position\":1,\"name\":\"Home\",\"item\":\"https:\\\/\\\/tuzlainfo.ba\\\/\"},{\"@type\":\"ListItem\",\"position\":2,\"name\":\"SPC zlo\u010dinca Ratka Mladi\u0107a nazvala \u201evojnikom srpskim\u201c, Porfirije \u0107e slu\u017eiti opelo\"}]},{\"@type\":\"WebSite\",\"@id\":\"https:\\\/\\\/tuzlainfo.ba\\\/#website\",\"url\":\"https:\\\/\\\/tuzlainfo.ba\\\/\",\"name\":\"TuzlaInfo.ba\",\"description\":\"Tuzla info, gradski informator - Tuzla na dlanu\",\"publisher\":{\"@id\":\"https:\\\/\\\/tuzlainfo.ba\\\/#organization\"},\"potentialAction\":[{\"@type\":\"SearchAction\",\"target\":{\"@type\":\"EntryPoint\",\"urlTemplate\":\"https:\\\/\\\/tuzlainfo.ba\\\/?s={search_term_string}\"},\"query-input\":{\"@type\":\"PropertyValueSpecification\",\"valueRequired\":true,\"valueName\":\"search_term_string\"}}],\"inLanguage\":\"bs-BA\"},{\"@type\":\"Organization\",\"@id\":\"https:\\\/\\\/tuzlainfo.ba\\\/#organization\",\"name\":\"TuzlaInfo.ba\",\"url\":\"https:\\\/\\\/tuzlainfo.ba\\\/\",\"logo\":{\"@type\":\"ImageObject\",\"inLanguage\":\"bs-BA\",\"@id\":\"https:\\\/\\\/tuzlainfo.ba\\\/#\\\/schema\\\/logo\\\/image\\\/\",\"url\":\"https:\\\/\\\/tuzlainfo.ba\\\/wp-content\\\/uploads\\\/2021\\\/03\\\/logo-ver-3-1.png\",\"contentUrl\":\"https:\\\/\\\/tuzlainfo.ba\\\/wp-content\\\/uploads\\\/2021\\\/03\\\/logo-ver-3-1.png\",\"width\":350,\"height\":95,\"caption\":\"TuzlaInfo.ba\"},\"image\":{\"@id\":\"https:\\\/\\\/tuzlainfo.ba\\\/#\\\/schema\\\/logo\\\/image\\\/\"},\"sameAs\":[\"https:\\\/\\\/www.facebook.com\\\/tuzlainfo.ba\\\/\"]},{\"@type\":\"Person\",\"@id\":\"https:\\\/\\\/tuzlainfo.ba\\\/#\\\/schema\\\/person\\\/f434e20dc27ea133923aab08451b7f7f\",\"name\":\"nedim\",\"image\":{\"@type\":\"ImageObject\",\"inLanguage\":\"bs-BA\",\"@id\":\"https:\\\/\\\/secure.gravatar.com\\\/avatar\\\/5b928a2e7e70a54208d2eb6c1edcb75a5350d6ae97d5f0a701203d456823f6f3?s=96&d=mm&r=g\",\"url\":\"https:\\\/\\\/secure.gravatar.com\\\/avatar\\\/5b928a2e7e70a54208d2eb6c1edcb75a5350d6ae97d5f0a701203d456823f6f3?s=96&d=mm&r=g\",\"contentUrl\":\"https:\\\/\\\/secure.gravatar.com\\\/avatar\\\/5b928a2e7e70a54208d2eb6c1edcb75a5350d6ae97d5f0a701203d456823f6f3?s=96&d=mm&r=g\",\"caption\":\"nedim\"},\"description\":\"Tuzlainfo.ba pratite na dru\u0161tvenim mre\u017eama: Facebook, Instagram i Youtube. Svoje pri\u010de, upite i fotografije \u0161aljite na na\u0161u e-mail adresu.\"}]}<\/script>\n<!-- \/ Yoast SEO plugin. -->","yoast_head_json":{"title":"SPC zlo\u010dinca Ratka Mladi\u0107a nazvala \u201evojnikom srpskim\u201c, Porfirije \u0107e slu\u017eiti opelo","robots":{"index":"index","follow":"follow","max-snippet":"max-snippet:-1","max-image-preview":"max-image-preview:large","max-video-preview":"max-video-preview:-1"},"canonical":"https:\/\/tuzlainfo.ba\/index.php\/clanci\/sa-svih-strana\/item\/315114-spc-zlocinca-ratka-mladica-nazvala-vojnikom-srpskim-porfirije-ce-sluziti-opelo\/","og_locale":"bs_BA","og_type":"article","og_title":"SPC zlo\u010dinca Ratka Mladi\u0107a nazvala \u201evojnikom srpskim\u201c, Porfirije \u0107e slu\u017eiti opelo","og_description":"Srpska pravoslavna crkva (SPC) objavila je detalje crkvenog obreda povodom sahrane ratnog zlo\u010dinca Ratka Mladi\u0107a, pravosna\u017eno osu\u0111enog na do\u017eivotni zatvor zbog genocida u Srebrenici i drugih zlo\u010dina po\u010dinjenih u Bosni i Hercegovini. Prema objavljenim informacijama, opelo \u0107e slu\u017eiti patrijarh Porfirije u hramu Svetog Luke na Ko\u0161utnjaku, dok je najavljeno da \u0107e sahrana biti obavljena uz [&hellip;]","og_url":"https:\/\/tuzlainfo.ba\/index.php\/clanci\/sa-svih-strana\/item\/315114-spc-zlocinca-ratka-mladica-nazvala-vojnikom-srpskim-porfirije-ce-sluziti-opelo\/","og_site_name":"TuzlaInfo.ba","article_publisher":"https:\/\/www.facebook.com\/tuzlainfo.ba\/","article_published_time":"2026-09-06T17:28:17+00:00","og_image":[{"width":1194,"height":735,"url":"https:\/\/tuzlainfo.ba\/wp-content\/uploads\/2021\/09\/0509_patrijarh_porfirije.jpg","type":"image\/jpeg"}],"author":"nedim","twitter_card":"summary_large_image","twitter_misc":{"Written by":"nedim","Est. reading time":"3 minute"},"schema":{"@context":"https:\/\/schema.org","@graph":[{"@type":"Article","@id":"https:\/\/tuzlainfo.ba\/index.php\/clanci\/sa-svih-strana\/item\/315114-spc-zlocinca-ratka-mladica-nazvala-vojnikom-srpskim-porfirije-ce-sluziti-opelo\/#article","isPartOf":{"@id":"https:\/\/tuzlainfo.ba\/index.php\/clanci\/sa-svih-strana\/item\/315114-spc-zlocinca-ratka-mladica-nazvala-vojnikom-srpskim-porfirije-ce-sluziti-opelo\/"},"author":{"name":"nedim","@id":"https:\/\/tuzlainfo.ba\/#\/schema\/person\/f434e20dc27ea133923aab08451b7f7f"},"headline":"SPC zlo\u010dinca Ratka Mladi\u0107a nazvala \u201evojnikom srpskim\u201c, Porfirije \u0107e slu\u017eiti opelo","datePublished":"2026-09-06T17:28:17+00:00","mainEntityOfPage":{"@id":"https:\/\/tuzlainfo.ba\/index.php\/clanci\/sa-svih-strana\/item\/315114-spc-zlocinca-ratka-mladica-nazvala-vojnikom-srpskim-porfirije-ce-sluziti-opelo\/"},"wordCount":422,"publisher":{"@id":"https:\/\/tuzlainfo.ba\/#organization"},"image":{"@id":"https:\/\/tuzlainfo.ba\/index.php\/clanci\/sa-svih-strana\/item\/315114-spc-zlocinca-ratka-mladica-nazvala-vojnikom-srpskim-porfirije-ce-sluziti-opelo\/#primaryimage"},"thumbnailUrl":"https:\/\/tuzlainfo.ba\/wp-content\/uploads\/2021\/09\/0509_patrijarh_porfirije.jpg","keywords":["porfirije","ratko mladi\u0107","SPC"],"articleSection":["Sa svih strana"],"inLanguage":"bs-BA","copyrightYear":"2026","copyrightHolder":{"@id":"https:\/\/tuzlainfo.ba\/#organization"}},{"@type":"WebPage","@id":"https:\/\/tuzlainfo.ba\/index.php\/clanci\/sa-svih-strana\/item\/315114-spc-zlocinca-ratka-mladica-nazvala-vojnikom-srpskim-porfirije-ce-sluziti-opelo\/","url":"https:\/\/tuzlainfo.ba\/index.php\/clanci\/sa-svih-strana\/item\/315114-spc-zlocinca-ratka-mladica-nazvala-vojnikom-srpskim-porfirije-ce-sluziti-opelo\/","name":"SPC zlo\u010dinca Ratka Mladi\u0107a nazvala \u201evojnikom srpskim\u201c, Porfirije \u0107e slu\u017eiti opelo","isPartOf":{"@id":"https:\/\/tuzlainfo.ba\/#website"},"primaryImageOfPage":{"@id":"https:\/\/tuzlainfo.ba\/index.php\/clanci\/sa-svih-strana\/item\/315114-spc-zlocinca-ratka-mladica-nazvala-vojnikom-srpskim-porfirije-ce-sluziti-opelo\/#primaryimage"},"image":{"@id":"https:\/\/tuzlainfo.ba\/index.php\/clanci\/sa-svih-strana\/item\/315114-spc-zlocinca-ratka-mladica-nazvala-vojnikom-srpskim-porfirije-ce-sluziti-opelo\/#primaryimage"},"thumbnailUrl":"https:\/\/tuzlainfo.ba\/wp-content\/uploads\/2021\/09\/0509_patrijarh_porfirije.jpg","datePublished":"2026-09-06T17:28:17+00:00","breadcrumb":{"@id":"https:\/\/tuzlainfo.ba\/index.php\/clanci\/sa-svih-strana\/item\/315114-spc-zlocinca-ratka-mladica-nazvala-vojnikom-srpskim-porfirije-ce-sluziti-opelo\/#breadcrumb"},"inLanguage":"bs-BA","potentialAction":[{"@type":"ReadAction","target":["https:\/\/tuzlainfo.ba\/index.php\/clanci\/sa-svih-strana\/item\/315114-spc-zlocinca-ratka-mladica-nazvala-vojnikom-srpskim-porfirije-ce-sluziti-opelo\/"]}]},{"@type":"ImageObject","inLanguage":"bs-BA","@id":"https:\/\/tuzlainfo.ba\/index.php\/clanci\/sa-svih-strana\/item\/315114-spc-zlocinca-ratka-mladica-nazvala-vojnikom-srpskim-porfirije-ce-sluziti-opelo\/#primaryimage","url":"https:\/\/tuzlainfo.ba\/wp-content\/uploads\/2021\/09\/0509_patrijarh_porfirije.jpg","contentUrl":"https:\/\/tuzlainfo.ba\/wp-content\/uploads\/2021\/09\/0509_patrijarh_porfirije.jpg","width":1194,"height":735},{"@type":"BreadcrumbList","@id":"https:\/\/tuzlainfo.ba\/index.php\/clanci\/sa-svih-strana\/item\/315114-spc-zlocinca-ratka-mladica-nazvala-vojnikom-srpskim-porfirije-ce-sluziti-opelo\/#breadcrumb","itemListElement":[{"@type":"ListItem","position":1,"name":"Home","item":"https:\/\/tuzlainfo.ba\/"},{"@type":"ListItem","position":2,"name":"SPC zlo\u010dinca Ratka Mladi\u0107a nazvala \u201evojnikom srpskim\u201c, Porfirije \u0107e slu\u017eiti opelo"}]},{"@type":"WebSite","@id":"https:\/\/tuzlainfo.ba\/#website","url":"https:\/\/tuzlainfo.ba\/","name":"TuzlaInfo.ba","description":"Tuzla info, gradski informator - Tuzla na dlanu","publisher":{"@id":"https:\/\/tuzlainfo.ba\/#organization"},"potentialAction":[{"@type":"SearchAction","target":{"@type":"EntryPoint","urlTemplate":"https:\/\/tuzlainfo.ba\/?s={search_term_string}"},"query-input":{"@type":"PropertyValueSpecification","valueRequired":true,"valueName":"search_term_string"}}],"inLanguage":"bs-BA"},{"@type":"Organization","@id":"https:\/\/tuzlainfo.ba\/#organization","name":"TuzlaInfo.ba","url":"https:\/\/tuzlainfo.ba\/","logo":{"@type":"ImageObject","inLanguage":"bs-BA","@id":"https:\/\/tuzlainfo.ba\/#\/schema\/logo\/image\/","url":"https:\/\/tuzlainfo.ba\/wp-content\/uploads\/2021\/03\/logo-ver-3-1.png","contentUrl":"https:\/\/tuzlainfo.ba\/wp-content\/uploads\/2021\/03\/logo-ver-3-1.png","width":350,"height":95,"caption":"TuzlaInfo.ba"},"image":{"@id":"https:\/\/tuzlainfo.ba\/#\/schema\/logo\/image\/"},"sameAs":["https:\/\/www.facebook.com\/tuzlainfo.ba\/"]},{"@type":"Person","@id":"https:\/\/tuzlainfo.ba\/#\/schema\/person\/f434e20dc27ea133923aab08451b7f7f","name":"nedim","image":{"@type":"ImageObject","inLanguage":"bs-BA","@id":"https:\/\/secure.gravatar.com\/avatar\/5b928a2e7e70a54208d2eb6c1edcb75a5350d6ae97d5f0a701203d456823f6f3?s=96&d=mm&r=g","url":"https:\/\/secure.gravatar.com\/avatar\/5b928a2e7e70a54208d2eb6c1edcb75a5350d6ae97d5f0a701203d456823f6f3?s=96&d=mm&r=g","contentUrl":"https:\/\/secure.gravatar.com\/avatar\/5b928a2e7e70a54208d2eb6c1edcb75a5350d6ae97d5f0a701203d456823f6f3?s=96&d=mm&r=g","caption":"nedim"},"description":"Tuzlainfo.ba pratite na dru\u0161tvenim mre\u017eama: Facebook, Instagram i Youtube. Svoje pri\u010de, upite i fotografije \u0161aljite na na\u0161u e-mail adresu."}]}},"_links":{"self":[{"href":"https:\/\/tuzlainfo.ba\/index.php\/wp-json\/wp\/v2\/posts\/315114","targetHints":{"allow":["GET"]}}],"collection":[{"href":"https:\/\/tuzlainfo.ba\/index.php\/wp-json\/wp\/v2\/posts"}],"about":[{"href":"https:\/\/tuzlainfo.ba\/index.php\/wp-json\/wp\/v2\/types\/post"}],"author":[{"embeddable":true,"href":"https:\/\/tuzlainfo.ba\/index.php\/wp-json\/wp\/v2\/users\/2"}],"replies":[{"embeddable":true,"href":"https:\/\/tuzlainfo.ba\/index.php\/wp-json\/wp\/v2\/comments?post=315114"}],"version-history":[{"count":1,"href":"https:\/\/tuzlainfo.ba\/index.php\/wp-json\/wp\/v2\/posts\/315114\/revisions"}],"predecessor-version":[{"id":315115,"href":"https:\/\/tuzlainfo.ba\/index.php\/wp-json\/wp\/v2\/posts\/315114\/revisions\/315115"}],"wp:featuredmedia":[{"embeddable":true,"href":"https:\/\/tuzlainfo.ba\/index.php\/wp-json\/wp\/v2\/media\/146940"}],"wp:attachment":[{"href":"https:\/\/tuzlainfo.ba\/index.php\/wp-json\/wp\/v2\/media?parent=315114"}],"wp:term":[{"taxonomy":"category","embeddable":true,"href":"https:\/\/tuzlainfo.ba\/index.php\/wp-json\/wp\/v2\/categories?post=315114"},{"taxonomy":"post_tag","embeddable":true,"href":"https:\/\/tuzlainfo.ba\/index.php\/wp-json\/wp\/v2\/tags?post=315114"}],"curies":[{"name":"wp","href":"https:\/\/api.w.org\/{rel}","templated":true}]}}