{"id":315110,"date":"2026-09-06T18:25:17","date_gmt":"2026-09-06T16:25:17","guid":{"rendered":"https:\/\/tuzlainfo.ba\/?p=315110"},"modified":"2026-09-06T18:25:17","modified_gmt":"2026-09-06T16:25:17","slug":"poznat-identitet-u-kpz-tuzla-preminuo-zatvorenik","status":"publish","type":"post","link":"https:\/\/tuzlainfo.ba\/index.php\/novosti\/item\/315110-poznat-identitet-u-kpz-tuzla-preminuo-zatvorenik\/","title":{"rendered":"Poznat identitet: U KPZ Tuzla preminuo zatvorenik"},"content":{"rendered":"<p>U Kazneno-popravnom zavodu Kozlovac u Tuzli jutros je preminuo Sanel Arslani (49), vi\u0161estruko hap\u0161en zbog kra\u0111a vozila i drugih krivi\u010dnih djela. Njegovo tijelo prona\u0111eno je u zatvorskoj \u0107eliji.<\/p>\n<p>Prema prvim informacijama, na tijelu nisu prona\u0111eni tragovi nasilja niti postoje indicije da je smrt nastupila usljed nasilno nanesenih povreda. Ta\u010dan uzrok smrti trebao bi biti utvr\u0111en obdukcijom, koja je planirana za sutra.<\/p>\n<p>O slu\u010daju je obavije\u0161teno Kantonalno tu\u017eila\u0161tvo Tuzlanskog kantona, koje vodi istragu radi utvr\u0111ivanja svih okolnosti smrti.<\/p>\n<p>Arslani je odranije bio poznat policijskim i pravosudnim organima, prvenstveno zbog kra\u0111a automobila i bjekstava od policije. U maju 2023. godine, tokom bijega od policije, automobilom je udario u ogradu bolnice u Novoj Biloj, nakon \u010dega je pobjegao. Uhap\u0161en je dva mjeseca kasnije u Lukavcu.<\/p>\n<p><img fetchpriority=\"high\" decoding=\"async\" class=\"alignnone size-full wp-image-315111\" src=\"https:\/\/tuzlainfo.ba\/wp-content\/uploads\/2026\/09\/IMG_6463.jpeg\" alt=\"\" width=\"718\" height=\"404\" srcset=\"https:\/\/tuzlainfo.ba\/wp-content\/uploads\/2026\/09\/IMG_6463.jpeg 718w, https:\/\/tuzlainfo.ba\/wp-content\/uploads\/2026\/09\/IMG_6463-300x169.jpeg 300w, https:\/\/tuzlainfo.ba\/wp-content\/uploads\/2026\/09\/IMG_6463-150x84.jpeg 150w, https:\/\/tuzlainfo.ba\/wp-content\/uploads\/2026\/09\/IMG_6463-500x281.jpeg 500w, https:\/\/tuzlainfo.ba\/wp-content\/uploads\/2026\/09\/IMG_6463-585x329.jpeg 585w\" sizes=\"(max-width: 718px) 100vw, 718px\" \/><\/p>\n<p>Njegovo ime spominjalo se i u vezi s desetodnevnom pobunom zatvorenika u KPZ-u Zenica 2003. godine. Prema tada\u0161njim navodima uprave zatvora, bio je jedan od organizatora pobune koja je okon\u010dana intervencijom policijskih specijalaca i zatvorskih stra\u017eara.<\/p>\n","protected":false},"excerpt":{"rendered":"<p>U Kazneno-popravnom zavodu Kozlovac u Tuzli jutros je preminuo Sanel Arslani (49), vi\u0161estruko hap\u0161en zbog kra\u0111a vozila i drugih krivi\u010dnih djela. Njegovo tijelo prona\u0111eno je u zatvorskoj \u0107eliji. Prema prvim informacijama, na tijelu nisu prona\u0111eni tragovi nasilja niti postoje indicije da je smrt nastupila usljed nasilno nanesenih povreda. Ta\u010dan uzrok smrti trebao bi biti utvr\u0111en [&hellip;]<\/p>\n","protected":false},"author":2,"featured_media":214997,"comment_status":"closed","ping_status":"closed","sticky":false,"template":"","format":"standard","meta":{"footnotes":""},"categories":[304,12],"tags":[8449,1239],"class_list":["post-315110","post","type-post","status-publish","format-standard","has-post-thumbnail","hentry","category-istaknuto","category-novosti","tag-kpz-kozlovac","tag-kpz-tuzla"],"yoast_head":"<!-- This site is optimized with the Yoast SEO plugin v28.4 - https:\/\/yoast.com\/product\/yoast-seo-wordpress\/ -->\n<title>Poznat identitet: U KPZ Tuzla preminuo zatvorenik<\/title>\n<meta name=\"robots\" content=\"index, follow, max-snippet:-1, max-image-preview:large, max-video-preview:-1\" \/>\n<link rel=\"canonical\" href=\"https:\/\/tuzlainfo.ba\/index.php\/novosti\/item\/315110-poznat-identitet-u-kpz-tuzla-preminuo-zatvorenik\/\" \/>\n<meta property=\"og:locale\" content=\"bs_BA\" \/>\n<meta property=\"og:type\" content=\"article\" \/>\n<meta property=\"og:title\" content=\"Poznat identitet: U KPZ Tuzla preminuo zatvorenik\" \/>\n<meta property=\"og:description\" content=\"U Kazneno-popravnom zavodu Kozlovac u Tuzli jutros je preminuo Sanel Arslani (49), vi\u0161estruko hap\u0161en zbog kra\u0111a vozila i drugih krivi\u010dnih djela. Njegovo tijelo prona\u0111eno je u zatvorskoj \u0107eliji. Prema prvim informacijama, na tijelu nisu prona\u0111eni tragovi nasilja niti postoje indicije da je smrt nastupila usljed nasilno nanesenih povreda. Ta\u010dan uzrok smrti trebao bi biti utvr\u0111en [&hellip;]\" \/>\n<meta property=\"og:url\" content=\"https:\/\/tuzlainfo.ba\/index.php\/novosti\/item\/315110-poznat-identitet-u-kpz-tuzla-preminuo-zatvorenik\/\" \/>\n<meta property=\"og:site_name\" content=\"TuzlaInfo.ba\" \/>\n<meta property=\"article:publisher\" content=\"https:\/\/www.facebook.com\/tuzlainfo.ba\/\" \/>\n<meta property=\"article:published_time\" content=\"2026-09-06T16:25:17+00:00\" \/>\n<meta property=\"og:image\" content=\"https:\/\/tuzlainfo.ba\/wp-content\/uploads\/2023\/08\/2608_kpz_kozlovac.jpg\" \/>\n\t<meta property=\"og:image:width\" content=\"1000\" \/>\n\t<meta property=\"og:image:height\" content=\"750\" \/>\n\t<meta property=\"og:image:type\" content=\"image\/jpeg\" \/>\n<meta name=\"author\" content=\"nedim\" \/>\n<meta name=\"twitter:card\" content=\"summary_large_image\" \/>\n<meta name=\"twitter:label1\" content=\"Written by\" \/>\n\t<meta name=\"twitter:data1\" content=\"nedim\" \/>\n\t<meta name=\"twitter:label2\" content=\"Est. reading time\" \/>\n\t<meta name=\"twitter:data2\" content=\"2 minute\" \/>\n<script type=\"application\/ld+json\" class=\"yoast-schema-graph\">{\"@context\":\"https:\\\/\\\/schema.org\",\"@graph\":[{\"@type\":\"Article\",\"@id\":\"https:\\\/\\\/tuzlainfo.ba\\\/index.php\\\/novosti\\\/item\\\/315110-poznat-identitet-u-kpz-tuzla-preminuo-zatvorenik\\\/#article\",\"isPartOf\":{\"@id\":\"https:\\\/\\\/tuzlainfo.ba\\\/index.php\\\/novosti\\\/item\\\/315110-poznat-identitet-u-kpz-tuzla-preminuo-zatvorenik\\\/\"},\"author\":{\"name\":\"nedim\",\"@id\":\"https:\\\/\\\/tuzlainfo.ba\\\/#\\\/schema\\\/person\\\/f434e20dc27ea133923aab08451b7f7f\"},\"headline\":\"Poznat identitet: U KPZ Tuzla preminuo zatvorenik\",\"datePublished\":\"2026-09-06T16:25:17+00:00\",\"mainEntityOfPage\":{\"@id\":\"https:\\\/\\\/tuzlainfo.ba\\\/index.php\\\/novosti\\\/item\\\/315110-poznat-identitet-u-kpz-tuzla-preminuo-zatvorenik\\\/\"},\"wordCount\":180,\"publisher\":{\"@id\":\"https:\\\/\\\/tuzlainfo.ba\\\/#organization\"},\"image\":{\"@id\":\"https:\\\/\\\/tuzlainfo.ba\\\/index.php\\\/novosti\\\/item\\\/315110-poznat-identitet-u-kpz-tuzla-preminuo-zatvorenik\\\/#primaryimage\"},\"thumbnailUrl\":\"https:\\\/\\\/tuzlainfo.ba\\\/wp-content\\\/uploads\\\/2023\\\/08\\\/2608_kpz_kozlovac.jpg\",\"keywords\":[\"kpz kozlovac\",\"KPZ Tuzla\"],\"articleSection\":[\"Istaknuto\",\"Novosti\"],\"inLanguage\":\"bs-BA\",\"copyrightYear\":\"2026\",\"copyrightHolder\":{\"@id\":\"https:\\\/\\\/tuzlainfo.ba\\\/#organization\"}},{\"@type\":\"WebPage\",\"@id\":\"https:\\\/\\\/tuzlainfo.ba\\\/index.php\\\/novosti\\\/item\\\/315110-poznat-identitet-u-kpz-tuzla-preminuo-zatvorenik\\\/\",\"url\":\"https:\\\/\\\/tuzlainfo.ba\\\/index.php\\\/novosti\\\/item\\\/315110-poznat-identitet-u-kpz-tuzla-preminuo-zatvorenik\\\/\",\"name\":\"Poznat identitet: U KPZ Tuzla preminuo zatvorenik\",\"isPartOf\":{\"@id\":\"https:\\\/\\\/tuzlainfo.ba\\\/#website\"},\"primaryImageOfPage\":{\"@id\":\"https:\\\/\\\/tuzlainfo.ba\\\/index.php\\\/novosti\\\/item\\\/315110-poznat-identitet-u-kpz-tuzla-preminuo-zatvorenik\\\/#primaryimage\"},\"image\":{\"@id\":\"https:\\\/\\\/tuzlainfo.ba\\\/index.php\\\/novosti\\\/item\\\/315110-poznat-identitet-u-kpz-tuzla-preminuo-zatvorenik\\\/#primaryimage\"},\"thumbnailUrl\":\"https:\\\/\\\/tuzlainfo.ba\\\/wp-content\\\/uploads\\\/2023\\\/08\\\/2608_kpz_kozlovac.jpg\",\"datePublished\":\"2026-09-06T16:25:17+00:00\",\"breadcrumb\":{\"@id\":\"https:\\\/\\\/tuzlainfo.ba\\\/index.php\\\/novosti\\\/item\\\/315110-poznat-identitet-u-kpz-tuzla-preminuo-zatvorenik\\\/#breadcrumb\"},\"inLanguage\":\"bs-BA\",\"potentialAction\":[{\"@type\":\"ReadAction\",\"target\":[\"https:\\\/\\\/tuzlainfo.ba\\\/index.php\\\/novosti\\\/item\\\/315110-poznat-identitet-u-kpz-tuzla-preminuo-zatvorenik\\\/\"]}]},{\"@type\":\"ImageObject\",\"inLanguage\":\"bs-BA\",\"@id\":\"https:\\\/\\\/tuzlainfo.ba\\\/index.php\\\/novosti\\\/item\\\/315110-poznat-identitet-u-kpz-tuzla-preminuo-zatvorenik\\\/#primaryimage\",\"url\":\"https:\\\/\\\/tuzlainfo.ba\\\/wp-content\\\/uploads\\\/2023\\\/08\\\/2608_kpz_kozlovac.jpg\",\"contentUrl\":\"https:\\\/\\\/tuzlainfo.ba\\\/wp-content\\\/uploads\\\/2023\\\/08\\\/2608_kpz_kozlovac.jpg\",\"width\":1000,\"height\":750},{\"@type\":\"BreadcrumbList\",\"@id\":\"https:\\\/\\\/tuzlainfo.ba\\\/index.php\\\/novosti\\\/item\\\/315110-poznat-identitet-u-kpz-tuzla-preminuo-zatvorenik\\\/#breadcrumb\",\"itemListElement\":[{\"@type\":\"ListItem\",\"position\":1,\"name\":\"Home\",\"item\":\"https:\\\/\\\/tuzlainfo.ba\\\/\"},{\"@type\":\"ListItem\",\"position\":2,\"name\":\"Poznat identitet: U KPZ Tuzla preminuo zatvorenik\"}]},{\"@type\":\"WebSite\",\"@id\":\"https:\\\/\\\/tuzlainfo.ba\\\/#website\",\"url\":\"https:\\\/\\\/tuzlainfo.ba\\\/\",\"name\":\"TuzlaInfo.ba\",\"description\":\"Tuzla info, gradski informator - Tuzla na dlanu\",\"publisher\":{\"@id\":\"https:\\\/\\\/tuzlainfo.ba\\\/#organization\"},\"potentialAction\":[{\"@type\":\"SearchAction\",\"target\":{\"@type\":\"EntryPoint\",\"urlTemplate\":\"https:\\\/\\\/tuzlainfo.ba\\\/?s={search_term_string}\"},\"query-input\":{\"@type\":\"PropertyValueSpecification\",\"valueRequired\":true,\"valueName\":\"search_term_string\"}}],\"inLanguage\":\"bs-BA\"},{\"@type\":\"Organization\",\"@id\":\"https:\\\/\\\/tuzlainfo.ba\\\/#organization\",\"name\":\"TuzlaInfo.ba\",\"url\":\"https:\\\/\\\/tuzlainfo.ba\\\/\",\"logo\":{\"@type\":\"ImageObject\",\"inLanguage\":\"bs-BA\",\"@id\":\"https:\\\/\\\/tuzlainfo.ba\\\/#\\\/schema\\\/logo\\\/image\\\/\",\"url\":\"https:\\\/\\\/tuzlainfo.ba\\\/wp-content\\\/uploads\\\/2021\\\/03\\\/logo-ver-3-1.png\",\"contentUrl\":\"https:\\\/\\\/tuzlainfo.ba\\\/wp-content\\\/uploads\\\/2021\\\/03\\\/logo-ver-3-1.png\",\"width\":350,\"height\":95,\"caption\":\"TuzlaInfo.ba\"},\"image\":{\"@id\":\"https:\\\/\\\/tuzlainfo.ba\\\/#\\\/schema\\\/logo\\\/image\\\/\"},\"sameAs\":[\"https:\\\/\\\/www.facebook.com\\\/tuzlainfo.ba\\\/\"]},{\"@type\":\"Person\",\"@id\":\"https:\\\/\\\/tuzlainfo.ba\\\/#\\\/schema\\\/person\\\/f434e20dc27ea133923aab08451b7f7f\",\"name\":\"nedim\",\"image\":{\"@type\":\"ImageObject\",\"inLanguage\":\"bs-BA\",\"@id\":\"https:\\\/\\\/secure.gravatar.com\\\/avatar\\\/5b928a2e7e70a54208d2eb6c1edcb75a5350d6ae97d5f0a701203d456823f6f3?s=96&d=mm&r=g\",\"url\":\"https:\\\/\\\/secure.gravatar.com\\\/avatar\\\/5b928a2e7e70a54208d2eb6c1edcb75a5350d6ae97d5f0a701203d456823f6f3?s=96&d=mm&r=g\",\"contentUrl\":\"https:\\\/\\\/secure.gravatar.com\\\/avatar\\\/5b928a2e7e70a54208d2eb6c1edcb75a5350d6ae97d5f0a701203d456823f6f3?s=96&d=mm&r=g\",\"caption\":\"nedim\"},\"description\":\"Tuzlainfo.ba pratite na dru\u0161tvenim mre\u017eama: Facebook, Instagram i Youtube. Svoje pri\u010de, upite i fotografije \u0161aljite na na\u0161u e-mail adresu.\"}]}<\/script>\n<!-- \/ Yoast SEO plugin. -->","yoast_head_json":{"title":"Poznat identitet: U KPZ Tuzla preminuo zatvorenik","robots":{"index":"index","follow":"follow","max-snippet":"max-snippet:-1","max-image-preview":"max-image-preview:large","max-video-preview":"max-video-preview:-1"},"canonical":"https:\/\/tuzlainfo.ba\/index.php\/novosti\/item\/315110-poznat-identitet-u-kpz-tuzla-preminuo-zatvorenik\/","og_locale":"bs_BA","og_type":"article","og_title":"Poznat identitet: U KPZ Tuzla preminuo zatvorenik","og_description":"U Kazneno-popravnom zavodu Kozlovac u Tuzli jutros je preminuo Sanel Arslani (49), vi\u0161estruko hap\u0161en zbog kra\u0111a vozila i drugih krivi\u010dnih djela. Njegovo tijelo prona\u0111eno je u zatvorskoj \u0107eliji. Prema prvim informacijama, na tijelu nisu prona\u0111eni tragovi nasilja niti postoje indicije da je smrt nastupila usljed nasilno nanesenih povreda. Ta\u010dan uzrok smrti trebao bi biti utvr\u0111en [&hellip;]","og_url":"https:\/\/tuzlainfo.ba\/index.php\/novosti\/item\/315110-poznat-identitet-u-kpz-tuzla-preminuo-zatvorenik\/","og_site_name":"TuzlaInfo.ba","article_publisher":"https:\/\/www.facebook.com\/tuzlainfo.ba\/","article_published_time":"2026-09-06T16:25:17+00:00","og_image":[{"width":1000,"height":750,"url":"https:\/\/tuzlainfo.ba\/wp-content\/uploads\/2023\/08\/2608_kpz_kozlovac.jpg","type":"image\/jpeg"}],"author":"nedim","twitter_card":"summary_large_image","twitter_misc":{"Written by":"nedim","Est. reading time":"2 minute"},"schema":{"@context":"https:\/\/schema.org","@graph":[{"@type":"Article","@id":"https:\/\/tuzlainfo.ba\/index.php\/novosti\/item\/315110-poznat-identitet-u-kpz-tuzla-preminuo-zatvorenik\/#article","isPartOf":{"@id":"https:\/\/tuzlainfo.ba\/index.php\/novosti\/item\/315110-poznat-identitet-u-kpz-tuzla-preminuo-zatvorenik\/"},"author":{"name":"nedim","@id":"https:\/\/tuzlainfo.ba\/#\/schema\/person\/f434e20dc27ea133923aab08451b7f7f"},"headline":"Poznat identitet: U KPZ Tuzla preminuo zatvorenik","datePublished":"2026-09-06T16:25:17+00:00","mainEntityOfPage":{"@id":"https:\/\/tuzlainfo.ba\/index.php\/novosti\/item\/315110-poznat-identitet-u-kpz-tuzla-preminuo-zatvorenik\/"},"wordCount":180,"publisher":{"@id":"https:\/\/tuzlainfo.ba\/#organization"},"image":{"@id":"https:\/\/tuzlainfo.ba\/index.php\/novosti\/item\/315110-poznat-identitet-u-kpz-tuzla-preminuo-zatvorenik\/#primaryimage"},"thumbnailUrl":"https:\/\/tuzlainfo.ba\/wp-content\/uploads\/2023\/08\/2608_kpz_kozlovac.jpg","keywords":["kpz kozlovac","KPZ Tuzla"],"articleSection":["Istaknuto","Novosti"],"inLanguage":"bs-BA","copyrightYear":"2026","copyrightHolder":{"@id":"https:\/\/tuzlainfo.ba\/#organization"}},{"@type":"WebPage","@id":"https:\/\/tuzlainfo.ba\/index.php\/novosti\/item\/315110-poznat-identitet-u-kpz-tuzla-preminuo-zatvorenik\/","url":"https:\/\/tuzlainfo.ba\/index.php\/novosti\/item\/315110-poznat-identitet-u-kpz-tuzla-preminuo-zatvorenik\/","name":"Poznat identitet: U KPZ Tuzla preminuo zatvorenik","isPartOf":{"@id":"https:\/\/tuzlainfo.ba\/#website"},"primaryImageOfPage":{"@id":"https:\/\/tuzlainfo.ba\/index.php\/novosti\/item\/315110-poznat-identitet-u-kpz-tuzla-preminuo-zatvorenik\/#primaryimage"},"image":{"@id":"https:\/\/tuzlainfo.ba\/index.php\/novosti\/item\/315110-poznat-identitet-u-kpz-tuzla-preminuo-zatvorenik\/#primaryimage"},"thumbnailUrl":"https:\/\/tuzlainfo.ba\/wp-content\/uploads\/2023\/08\/2608_kpz_kozlovac.jpg","datePublished":"2026-09-06T16:25:17+00:00","breadcrumb":{"@id":"https:\/\/tuzlainfo.ba\/index.php\/novosti\/item\/315110-poznat-identitet-u-kpz-tuzla-preminuo-zatvorenik\/#breadcrumb"},"inLanguage":"bs-BA","potentialAction":[{"@type":"ReadAction","target":["https:\/\/tuzlainfo.ba\/index.php\/novosti\/item\/315110-poznat-identitet-u-kpz-tuzla-preminuo-zatvorenik\/"]}]},{"@type":"ImageObject","inLanguage":"bs-BA","@id":"https:\/\/tuzlainfo.ba\/index.php\/novosti\/item\/315110-poznat-identitet-u-kpz-tuzla-preminuo-zatvorenik\/#primaryimage","url":"https:\/\/tuzlainfo.ba\/wp-content\/uploads\/2023\/08\/2608_kpz_kozlovac.jpg","contentUrl":"https:\/\/tuzlainfo.ba\/wp-content\/uploads\/2023\/08\/2608_kpz_kozlovac.jpg","width":1000,"height":750},{"@type":"BreadcrumbList","@id":"https:\/\/tuzlainfo.ba\/index.php\/novosti\/item\/315110-poznat-identitet-u-kpz-tuzla-preminuo-zatvorenik\/#breadcrumb","itemListElement":[{"@type":"ListItem","position":1,"name":"Home","item":"https:\/\/tuzlainfo.ba\/"},{"@type":"ListItem","position":2,"name":"Poznat identitet: U KPZ Tuzla preminuo zatvorenik"}]},{"@type":"WebSite","@id":"https:\/\/tuzlainfo.ba\/#website","url":"https:\/\/tuzlainfo.ba\/","name":"TuzlaInfo.ba","description":"Tuzla info, gradski informator - Tuzla na dlanu","publisher":{"@id":"https:\/\/tuzlainfo.ba\/#organization"},"potentialAction":[{"@type":"SearchAction","target":{"@type":"EntryPoint","urlTemplate":"https:\/\/tuzlainfo.ba\/?s={search_term_string}"},"query-input":{"@type":"PropertyValueSpecification","valueRequired":true,"valueName":"search_term_string"}}],"inLanguage":"bs-BA"},{"@type":"Organization","@id":"https:\/\/tuzlainfo.ba\/#organization","name":"TuzlaInfo.ba","url":"https:\/\/tuzlainfo.ba\/","logo":{"@type":"ImageObject","inLanguage":"bs-BA","@id":"https:\/\/tuzlainfo.ba\/#\/schema\/logo\/image\/","url":"https:\/\/tuzlainfo.ba\/wp-content\/uploads\/2021\/03\/logo-ver-3-1.png","contentUrl":"https:\/\/tuzlainfo.ba\/wp-content\/uploads\/2021\/03\/logo-ver-3-1.png","width":350,"height":95,"caption":"TuzlaInfo.ba"},"image":{"@id":"https:\/\/tuzlainfo.ba\/#\/schema\/logo\/image\/"},"sameAs":["https:\/\/www.facebook.com\/tuzlainfo.ba\/"]},{"@type":"Person","@id":"https:\/\/tuzlainfo.ba\/#\/schema\/person\/f434e20dc27ea133923aab08451b7f7f","name":"nedim","image":{"@type":"ImageObject","inLanguage":"bs-BA","@id":"https:\/\/secure.gravatar.com\/avatar\/5b928a2e7e70a54208d2eb6c1edcb75a5350d6ae97d5f0a701203d456823f6f3?s=96&d=mm&r=g","url":"https:\/\/secure.gravatar.com\/avatar\/5b928a2e7e70a54208d2eb6c1edcb75a5350d6ae97d5f0a701203d456823f6f3?s=96&d=mm&r=g","contentUrl":"https:\/\/secure.gravatar.com\/avatar\/5b928a2e7e70a54208d2eb6c1edcb75a5350d6ae97d5f0a701203d456823f6f3?s=96&d=mm&r=g","caption":"nedim"},"description":"Tuzlainfo.ba pratite na dru\u0161tvenim mre\u017eama: Facebook, Instagram i Youtube. Svoje pri\u010de, upite i fotografije \u0161aljite na na\u0161u e-mail adresu."}]}},"_links":{"self":[{"href":"https:\/\/tuzlainfo.ba\/index.php\/wp-json\/wp\/v2\/posts\/315110","targetHints":{"allow":["GET"]}}],"collection":[{"href":"https:\/\/tuzlainfo.ba\/index.php\/wp-json\/wp\/v2\/posts"}],"about":[{"href":"https:\/\/tuzlainfo.ba\/index.php\/wp-json\/wp\/v2\/types\/post"}],"author":[{"embeddable":true,"href":"https:\/\/tuzlainfo.ba\/index.php\/wp-json\/wp\/v2\/users\/2"}],"replies":[{"embeddable":true,"href":"https:\/\/tuzlainfo.ba\/index.php\/wp-json\/wp\/v2\/comments?post=315110"}],"version-history":[{"count":1,"href":"https:\/\/tuzlainfo.ba\/index.php\/wp-json\/wp\/v2\/posts\/315110\/revisions"}],"predecessor-version":[{"id":315112,"href":"https:\/\/tuzlainfo.ba\/index.php\/wp-json\/wp\/v2\/posts\/315110\/revisions\/315112"}],"wp:featuredmedia":[{"embeddable":true,"href":"https:\/\/tuzlainfo.ba\/index.php\/wp-json\/wp\/v2\/media\/214997"}],"wp:attachment":[{"href":"https:\/\/tuzlainfo.ba\/index.php\/wp-json\/wp\/v2\/media?parent=315110"}],"wp:term":[{"taxonomy":"category","embeddable":true,"href":"https:\/\/tuzlainfo.ba\/index.php\/wp-json\/wp\/v2\/categories?post=315110"},{"taxonomy":"post_tag","embeddable":true,"href":"https:\/\/tuzlainfo.ba\/index.php\/wp-json\/wp\/v2\/tags?post=315110"}],"curies":[{"name":"wp","href":"https:\/\/api.w.org\/{rel}","templated":true}]}}