{"id":315104,"date":"2026-09-06T17:49:19","date_gmt":"2026-09-06T15:49:19","guid":{"rendered":"https:\/\/tuzlainfo.ba\/?p=315104"},"modified":"2026-09-06T19:21:52","modified_gmt":"2026-09-06T17:21:52","slug":"potrebno-ukloniti-deponiju-i-isusiti-akumulaciju-tuzla-priprema-novu-poslovnu-zonu","status":"publish","type":"post","link":"https:\/\/tuzlainfo.ba\/index.php\/novosti\/item\/315104-potrebno-ukloniti-deponiju-i-isusiti-akumulaciju-tuzla-priprema-novu-poslovnu-zonu\/","title":{"rendered":"Potrebno ukloniti deponiju i isu\u0161iti akumulaciju: Tuzla priprema novu poslovnu zonu"},"content":{"rendered":"<p class=\"PDq2pG_selectionAnchorContainer\" data-start=\"112\" data-end=\"388\">Gradsko vije\u0107e Tuzla trebalo bi na sjednici zakazanoj za \u010detvrtak, 10. septembra, razmatrati <strong data-start=\"205\" data-end=\"256\">Nacrt Zoning plana poslovne zone \u201eKreka sjever\u201c<\/strong>, kojim se stvaraju planski uslovi za daljnje ure\u0111enje i izgradnju jednog od zna\u010dajnijih poslovnih prostora u zapadnom dijelu Tuzle.<\/p>\n<p data-start=\"390\" data-end=\"844\">Izradi novog Zoning plana pristupilo se nakon \u0161to je Gradsko vije\u0107e 28. januara ove godine usvojilo odgovaraju\u0107u odluku. Za ovo podru\u010dje je jo\u0161 2014. godine izra\u0111en Regulacioni plan poslovne zone \u201eKreka sjever\u201c, ali je njegova va\u017enost u me\u0111uvremenu istekla. Na osnovu tog dokumenta ve\u0107 su izgra\u0111eni dijelovi saobra\u0107ajne, vodovodne, kanalizacione i elektroenergetske infrastrukture, kao i nekoliko poslovnih objekata.<\/p>\n<p data-start=\"846\" data-end=\"1205\">Nova planska dokumentacija obuhvata prostor povr\u0161ine <strong data-start=\"899\" data-end=\"916\">13,94 hektara<\/strong>, smje\u0161ten izme\u0111u \u017deljezni\u010dke stanice Kreka Nova i regulisanog korita rijeke Jale. Sa zapadne strane zona se naslanja na Putni\u010dki terminal i transverzalu T1, dok se prema istoku povezuje s podru\u010djem na kojem ve\u0107 postoje proizvodni i poslovni sadr\u017eaji.<\/p>\n<p data-start=\"846\" data-end=\"1205\"><img fetchpriority=\"high\" decoding=\"async\" class=\"alignnone size-full wp-image-315106\" src=\"https:\/\/tuzlainfo.ba\/wp-content\/uploads\/2026\/09\/zoning_Plan_kreka_sjever2.jpg\" alt=\"\" width=\"1189\" height=\"867\" srcset=\"https:\/\/tuzlainfo.ba\/wp-content\/uploads\/2026\/09\/zoning_Plan_kreka_sjever2.jpg 1189w, https:\/\/tuzlainfo.ba\/wp-content\/uploads\/2026\/09\/zoning_Plan_kreka_sjever2-300x219.jpg 300w, https:\/\/tuzlainfo.ba\/wp-content\/uploads\/2026\/09\/zoning_Plan_kreka_sjever2-1024x747.jpg 1024w, https:\/\/tuzlainfo.ba\/wp-content\/uploads\/2026\/09\/zoning_Plan_kreka_sjever2-768x560.jpg 768w, https:\/\/tuzlainfo.ba\/wp-content\/uploads\/2026\/09\/zoning_Plan_kreka_sjever2-150x109.jpg 150w, https:\/\/tuzlainfo.ba\/wp-content\/uploads\/2026\/09\/zoning_Plan_kreka_sjever2-500x365.jpg 500w, https:\/\/tuzlainfo.ba\/wp-content\/uploads\/2026\/09\/zoning_Plan_kreka_sjever2-1170x853.jpg 1170w, https:\/\/tuzlainfo.ba\/wp-content\/uploads\/2026\/09\/zoning_Plan_kreka_sjever2-585x427.jpg 585w\" sizes=\"(max-width: 1189px) 100vw, 1189px\" \/><\/p>\n<p data-start=\"1207\" data-end=\"1559\">U dokumentaciji se navodi da postoji evidentan interes privrednika i poduzetnika za izgradnju malih i srednjih poslovnih kompleksa u blizini grada. Daljnje ure\u0111enje ovog podru\u010dja ocijenjeno je zna\u010dajnim za budu\u0107i privredni razvoj Tuzle, posebno zbog mogu\u0107nosti otvaranja novih poslovnih kapaciteta i radnih mjesta.<\/p>\n<h3 data-section-id=\"qsuryo\" data-start=\"1561\" data-end=\"1606\">Dio zemlji\u0161ta zahtijeva ozbiljnu sanaciju<\/h3>\n<p data-start=\"1608\" data-end=\"1804\">Me\u0111utim, dokumentacija pokazuje i da ure\u0111enje kompletnog prostora ne\u0107e biti jednostavno. U sredi\u0161njem dijelu poslovne zone nalaze se podru\u010dja sa slo\u017eenim geolo\u0161kim i geotehni\u010dkim karakteristikama.<\/p>\n<p data-start=\"1608\" data-end=\"1804\"><img decoding=\"async\" class=\"alignnone size-full wp-image-315107\" src=\"https:\/\/tuzlainfo.ba\/wp-content\/uploads\/2026\/09\/zoning_Plan_kreka_sjever3.jpg\" alt=\"\" width=\"1223\" height=\"867\" srcset=\"https:\/\/tuzlainfo.ba\/wp-content\/uploads\/2026\/09\/zoning_Plan_kreka_sjever3.jpg 1223w, https:\/\/tuzlainfo.ba\/wp-content\/uploads\/2026\/09\/zoning_Plan_kreka_sjever3-300x213.jpg 300w, https:\/\/tuzlainfo.ba\/wp-content\/uploads\/2026\/09\/zoning_Plan_kreka_sjever3-1024x726.jpg 1024w, https:\/\/tuzlainfo.ba\/wp-content\/uploads\/2026\/09\/zoning_Plan_kreka_sjever3-768x544.jpg 768w, https:\/\/tuzlainfo.ba\/wp-content\/uploads\/2026\/09\/zoning_Plan_kreka_sjever3-150x106.jpg 150w, https:\/\/tuzlainfo.ba\/wp-content\/uploads\/2026\/09\/zoning_Plan_kreka_sjever3-500x354.jpg 500w, https:\/\/tuzlainfo.ba\/wp-content\/uploads\/2026\/09\/zoning_Plan_kreka_sjever3-1170x829.jpg 1170w, https:\/\/tuzlainfo.ba\/wp-content\/uploads\/2026\/09\/zoning_Plan_kreka_sjever3-585x415.jpg 585w\" sizes=\"(max-width: 1223px) 100vw, 1223px\" \/><\/p>\n<p data-start=\"1806\" data-end=\"2135\">Posebno se izdvaja <strong data-start=\"1825\" data-end=\"1912\">deponija otpada povr\u0161ine oko jednog hektara i procijenjene debljine oko \u0161est metara<\/strong>. Prema Zoning planu, taj materijal trebalo bi u potpunosti ukloniti i odvesti na gradsku deponiju, a teren potom nasuti odgovaraju\u0107im materijalom kako bi se stvorili uslovi za gradnju.<\/p>\n<p data-start=\"2137\" data-end=\"2566\">Na podru\u010dju obuhvata nalazi se i <strong data-start=\"2170\" data-end=\"2272\">stalna vodena akumulacija povr\u0161ine oko 5.100 kvadratnih metara i procijenjene dubine oko tri metra<\/strong>. Planom je predvi\u0111eno njeno isu\u0161ivanje i zatrpavanje, ali dokumentacija upozorava da je rije\u010d o tehni\u010dki slo\u017eenom zahvatu jer se akumulacija, izme\u0111u ostalog, prihranjuje i podzemnim vodama. Zbog toga bi bilo potrebno izgraditi odgovaraju\u0107i sistem drena\u017ee.<\/p>\n<p data-start=\"2137\" data-end=\"2566\"><img decoding=\"async\" class=\"alignnone size-full wp-image-315105\" src=\"https:\/\/tuzlainfo.ba\/wp-content\/uploads\/2026\/09\/zoning_Plan_kreka_sjever.jpg\" alt=\"\" width=\"1261\" height=\"871\" srcset=\"https:\/\/tuzlainfo.ba\/wp-content\/uploads\/2026\/09\/zoning_Plan_kreka_sjever.jpg 1261w, https:\/\/tuzlainfo.ba\/wp-content\/uploads\/2026\/09\/zoning_Plan_kreka_sjever-300x207.jpg 300w, https:\/\/tuzlainfo.ba\/wp-content\/uploads\/2026\/09\/zoning_Plan_kreka_sjever-1024x707.jpg 1024w, https:\/\/tuzlainfo.ba\/wp-content\/uploads\/2026\/09\/zoning_Plan_kreka_sjever-768x530.jpg 768w, https:\/\/tuzlainfo.ba\/wp-content\/uploads\/2026\/09\/zoning_Plan_kreka_sjever-150x104.jpg 150w, https:\/\/tuzlainfo.ba\/wp-content\/uploads\/2026\/09\/zoning_Plan_kreka_sjever-500x345.jpg 500w, https:\/\/tuzlainfo.ba\/wp-content\/uploads\/2026\/09\/zoning_Plan_kreka_sjever-1170x808.jpg 1170w, https:\/\/tuzlainfo.ba\/wp-content\/uploads\/2026\/09\/zoning_Plan_kreka_sjever-585x404.jpg 585w\" sizes=\"(max-width: 1261px) 100vw, 1261px\" \/><\/p>\n<p data-start=\"2568\" data-end=\"2890\">Problem predstavlja i dio nekada\u0161njeg korita rijeke Jale, kao i nasuto zemlji\u0161te razli\u010ditog sastava. Zbog toga se prije izrade izvedbenih projekata budu\u0107ih objekata zahtijevaju detaljna geomehani\u010dka ispitivanja svake pojedina\u010dne lokacije kako bi se utvrdili uslovi i na\u010din temeljenja.<\/p>\n<p data-start=\"2892\" data-end=\"3143\">Uprkos zahtjevnim uslovima na pojedinim dijelovima, zona ve\u0107 ima izgra\u0111ene poslovne objekte i dio potrebne infrastrukture. Postoje\u0107a asfaltirana saobra\u0107ajnica povezuje izgra\u0111ene objekte i omogu\u0107ava pristup ve\u0107ini parcela predvi\u0111enih za budu\u0107u gradnju.<\/p>\n<p data-start=\"3145\" data-end=\"3345\">Ukoliko vije\u0107nici prihvate Nacrt Zoning plana, bit \u0107e napravljen novi korak ka planskom ure\u0111enju podru\u010dja \u201eKreka sjever\u201c i stvaranju uslova za daljnju izgradnju poslovnih sadr\u017eaja u ovom dijelu Tuzle.<strong>\/Tuzlainfo.ba\/<\/strong><\/p>\n","protected":false},"excerpt":{"rendered":"<p>Gradsko vije\u0107e Tuzla trebalo bi na sjednici zakazanoj za \u010detvrtak, 10. septembra, razmatrati Nacrt Zoning plana poslovne zone \u201eKreka sjever\u201c, kojim se stvaraju planski uslovi za daljnje ure\u0111enje i izgradnju jednog od zna\u010dajnijih poslovnih prostora u zapadnom dijelu Tuzle. Izradi novog Zoning plana pristupilo se nakon \u0161to je Gradsko vije\u0107e 28. januara ove godine usvojilo [&hellip;]<\/p>\n","protected":false},"author":2,"featured_media":315108,"comment_status":"closed","ping_status":"closed","sticky":false,"template":"","format":"standard","meta":{"footnotes":""},"categories":[304,12,306],"tags":[331,9856,42],"class_list":["post-315104","post","type-post","status-publish","format-standard","has-post-thumbnail","hentry","category-istaknuto","category-novosti","category-preporucujemo","tag-grad-tuzla","tag-poslovna-zona-kreka","tag-tuzla"],"yoast_head":"<!-- This site is optimized with the Yoast SEO plugin v28.4 - https:\/\/yoast.com\/product\/yoast-seo-wordpress\/ -->\n<title>Potrebno ukloniti deponiju i isu\u0161iti akumulaciju: Tuzla priprema novu poslovnu zonu<\/title>\n<meta name=\"robots\" content=\"index, follow, max-snippet:-1, max-image-preview:large, max-video-preview:-1\" \/>\n<link rel=\"canonical\" href=\"https:\/\/tuzlainfo.ba\/index.php\/novosti\/item\/315104-potrebno-ukloniti-deponiju-i-isusiti-akumulaciju-tuzla-priprema-novu-poslovnu-zonu\/\" \/>\n<meta property=\"og:locale\" content=\"bs_BA\" \/>\n<meta property=\"og:type\" content=\"article\" \/>\n<meta property=\"og:title\" content=\"Potrebno ukloniti deponiju i isu\u0161iti akumulaciju: Tuzla priprema novu poslovnu zonu\" \/>\n<meta property=\"og:description\" content=\"Gradsko vije\u0107e Tuzla trebalo bi na sjednici zakazanoj za \u010detvrtak, 10. septembra, razmatrati Nacrt Zoning plana poslovne zone \u201eKreka sjever\u201c, kojim se stvaraju planski uslovi za daljnje ure\u0111enje i izgradnju jednog od zna\u010dajnijih poslovnih prostora u zapadnom dijelu Tuzle. Izradi novog Zoning plana pristupilo se nakon \u0161to je Gradsko vije\u0107e 28. januara ove godine usvojilo [&hellip;]\" \/>\n<meta property=\"og:url\" content=\"https:\/\/tuzlainfo.ba\/index.php\/novosti\/item\/315104-potrebno-ukloniti-deponiju-i-isusiti-akumulaciju-tuzla-priprema-novu-poslovnu-zonu\/\" \/>\n<meta property=\"og:site_name\" content=\"TuzlaInfo.ba\" \/>\n<meta property=\"article:publisher\" content=\"https:\/\/www.facebook.com\/tuzlainfo.ba\/\" \/>\n<meta property=\"article:published_time\" content=\"2026-09-06T15:49:19+00:00\" \/>\n<meta property=\"article:modified_time\" content=\"2026-09-06T17:21:52+00:00\" \/>\n<meta property=\"og:image\" content=\"https:\/\/tuzlainfo.ba\/wp-content\/uploads\/2026\/09\/zoning_Plan_kreka_sjever3_3d_prikaz.jpg\" \/>\n\t<meta property=\"og:image:width\" content=\"1200\" \/>\n\t<meta property=\"og:image:height\" content=\"597\" \/>\n\t<meta property=\"og:image:type\" content=\"image\/jpeg\" \/>\n<meta name=\"author\" content=\"nedim\" \/>\n<meta name=\"twitter:card\" content=\"summary_large_image\" \/>\n<meta name=\"twitter:label1\" content=\"Written by\" \/>\n\t<meta name=\"twitter:data1\" content=\"nedim\" \/>\n\t<meta name=\"twitter:label2\" content=\"Est. reading time\" \/>\n\t<meta name=\"twitter:data2\" content=\"4 minute\" \/>\n<script type=\"application\/ld+json\" class=\"yoast-schema-graph\">{\"@context\":\"https:\\\/\\\/schema.org\",\"@graph\":[{\"@type\":\"Article\",\"@id\":\"https:\\\/\\\/tuzlainfo.ba\\\/index.php\\\/novosti\\\/item\\\/315104-potrebno-ukloniti-deponiju-i-isusiti-akumulaciju-tuzla-priprema-novu-poslovnu-zonu\\\/#article\",\"isPartOf\":{\"@id\":\"https:\\\/\\\/tuzlainfo.ba\\\/index.php\\\/novosti\\\/item\\\/315104-potrebno-ukloniti-deponiju-i-isusiti-akumulaciju-tuzla-priprema-novu-poslovnu-zonu\\\/\"},\"author\":{\"name\":\"nedim\",\"@id\":\"https:\\\/\\\/tuzlainfo.ba\\\/#\\\/schema\\\/person\\\/f434e20dc27ea133923aab08451b7f7f\"},\"headline\":\"Potrebno ukloniti deponiju i isu\u0161iti akumulaciju: Tuzla priprema novu poslovnu zonu\",\"datePublished\":\"2026-09-06T15:49:19+00:00\",\"dateModified\":\"2026-09-06T17:21:52+00:00\",\"mainEntityOfPage\":{\"@id\":\"https:\\\/\\\/tuzlainfo.ba\\\/index.php\\\/novosti\\\/item\\\/315104-potrebno-ukloniti-deponiju-i-isusiti-akumulaciju-tuzla-priprema-novu-poslovnu-zonu\\\/\"},\"wordCount\":483,\"publisher\":{\"@id\":\"https:\\\/\\\/tuzlainfo.ba\\\/#organization\"},\"image\":{\"@id\":\"https:\\\/\\\/tuzlainfo.ba\\\/index.php\\\/novosti\\\/item\\\/315104-potrebno-ukloniti-deponiju-i-isusiti-akumulaciju-tuzla-priprema-novu-poslovnu-zonu\\\/#primaryimage\"},\"thumbnailUrl\":\"https:\\\/\\\/tuzlainfo.ba\\\/wp-content\\\/uploads\\\/2026\\\/09\\\/zoning_Plan_kreka_sjever3_3d_prikaz.jpg\",\"keywords\":[\"grad tuzla\",\"poslovna zona kreka\",\"tuzla\"],\"articleSection\":[\"Istaknuto\",\"Novosti\",\"Preporu\u010dujemo\"],\"inLanguage\":\"bs-BA\",\"copyrightYear\":\"2026\",\"copyrightHolder\":{\"@id\":\"https:\\\/\\\/tuzlainfo.ba\\\/#organization\"}},{\"@type\":\"WebPage\",\"@id\":\"https:\\\/\\\/tuzlainfo.ba\\\/index.php\\\/novosti\\\/item\\\/315104-potrebno-ukloniti-deponiju-i-isusiti-akumulaciju-tuzla-priprema-novu-poslovnu-zonu\\\/\",\"url\":\"https:\\\/\\\/tuzlainfo.ba\\\/index.php\\\/novosti\\\/item\\\/315104-potrebno-ukloniti-deponiju-i-isusiti-akumulaciju-tuzla-priprema-novu-poslovnu-zonu\\\/\",\"name\":\"Potrebno ukloniti deponiju i isu\u0161iti akumulaciju: Tuzla priprema novu poslovnu zonu\",\"isPartOf\":{\"@id\":\"https:\\\/\\\/tuzlainfo.ba\\\/#website\"},\"primaryImageOfPage\":{\"@id\":\"https:\\\/\\\/tuzlainfo.ba\\\/index.php\\\/novosti\\\/item\\\/315104-potrebno-ukloniti-deponiju-i-isusiti-akumulaciju-tuzla-priprema-novu-poslovnu-zonu\\\/#primaryimage\"},\"image\":{\"@id\":\"https:\\\/\\\/tuzlainfo.ba\\\/index.php\\\/novosti\\\/item\\\/315104-potrebno-ukloniti-deponiju-i-isusiti-akumulaciju-tuzla-priprema-novu-poslovnu-zonu\\\/#primaryimage\"},\"thumbnailUrl\":\"https:\\\/\\\/tuzlainfo.ba\\\/wp-content\\\/uploads\\\/2026\\\/09\\\/zoning_Plan_kreka_sjever3_3d_prikaz.jpg\",\"datePublished\":\"2026-09-06T15:49:19+00:00\",\"dateModified\":\"2026-09-06T17:21:52+00:00\",\"breadcrumb\":{\"@id\":\"https:\\\/\\\/tuzlainfo.ba\\\/index.php\\\/novosti\\\/item\\\/315104-potrebno-ukloniti-deponiju-i-isusiti-akumulaciju-tuzla-priprema-novu-poslovnu-zonu\\\/#breadcrumb\"},\"inLanguage\":\"bs-BA\",\"potentialAction\":[{\"@type\":\"ReadAction\",\"target\":[\"https:\\\/\\\/tuzlainfo.ba\\\/index.php\\\/novosti\\\/item\\\/315104-potrebno-ukloniti-deponiju-i-isusiti-akumulaciju-tuzla-priprema-novu-poslovnu-zonu\\\/\"]}]},{\"@type\":\"ImageObject\",\"inLanguage\":\"bs-BA\",\"@id\":\"https:\\\/\\\/tuzlainfo.ba\\\/index.php\\\/novosti\\\/item\\\/315104-potrebno-ukloniti-deponiju-i-isusiti-akumulaciju-tuzla-priprema-novu-poslovnu-zonu\\\/#primaryimage\",\"url\":\"https:\\\/\\\/tuzlainfo.ba\\\/wp-content\\\/uploads\\\/2026\\\/09\\\/zoning_Plan_kreka_sjever3_3d_prikaz.jpg\",\"contentUrl\":\"https:\\\/\\\/tuzlainfo.ba\\\/wp-content\\\/uploads\\\/2026\\\/09\\\/zoning_Plan_kreka_sjever3_3d_prikaz.jpg\",\"width\":1200,\"height\":597,\"caption\":\"Poslovna zona Kreka Sjever - 3D prikaz (Tuzlainfo.ba)\"},{\"@type\":\"BreadcrumbList\",\"@id\":\"https:\\\/\\\/tuzlainfo.ba\\\/index.php\\\/novosti\\\/item\\\/315104-potrebno-ukloniti-deponiju-i-isusiti-akumulaciju-tuzla-priprema-novu-poslovnu-zonu\\\/#breadcrumb\",\"itemListElement\":[{\"@type\":\"ListItem\",\"position\":1,\"name\":\"Home\",\"item\":\"https:\\\/\\\/tuzlainfo.ba\\\/\"},{\"@type\":\"ListItem\",\"position\":2,\"name\":\"Potrebno ukloniti deponiju i isu\u0161iti akumulaciju: Tuzla priprema novu poslovnu zonu\"}]},{\"@type\":\"WebSite\",\"@id\":\"https:\\\/\\\/tuzlainfo.ba\\\/#website\",\"url\":\"https:\\\/\\\/tuzlainfo.ba\\\/\",\"name\":\"TuzlaInfo.ba\",\"description\":\"Tuzla info, gradski informator - Tuzla na dlanu\",\"publisher\":{\"@id\":\"https:\\\/\\\/tuzlainfo.ba\\\/#organization\"},\"potentialAction\":[{\"@type\":\"SearchAction\",\"target\":{\"@type\":\"EntryPoint\",\"urlTemplate\":\"https:\\\/\\\/tuzlainfo.ba\\\/?s={search_term_string}\"},\"query-input\":{\"@type\":\"PropertyValueSpecification\",\"valueRequired\":true,\"valueName\":\"search_term_string\"}}],\"inLanguage\":\"bs-BA\"},{\"@type\":\"Organization\",\"@id\":\"https:\\\/\\\/tuzlainfo.ba\\\/#organization\",\"name\":\"TuzlaInfo.ba\",\"url\":\"https:\\\/\\\/tuzlainfo.ba\\\/\",\"logo\":{\"@type\":\"ImageObject\",\"inLanguage\":\"bs-BA\",\"@id\":\"https:\\\/\\\/tuzlainfo.ba\\\/#\\\/schema\\\/logo\\\/image\\\/\",\"url\":\"https:\\\/\\\/tuzlainfo.ba\\\/wp-content\\\/uploads\\\/2021\\\/03\\\/logo-ver-3-1.png\",\"contentUrl\":\"https:\\\/\\\/tuzlainfo.ba\\\/wp-content\\\/uploads\\\/2021\\\/03\\\/logo-ver-3-1.png\",\"width\":350,\"height\":95,\"caption\":\"TuzlaInfo.ba\"},\"image\":{\"@id\":\"https:\\\/\\\/tuzlainfo.ba\\\/#\\\/schema\\\/logo\\\/image\\\/\"},\"sameAs\":[\"https:\\\/\\\/www.facebook.com\\\/tuzlainfo.ba\\\/\"]},{\"@type\":\"Person\",\"@id\":\"https:\\\/\\\/tuzlainfo.ba\\\/#\\\/schema\\\/person\\\/f434e20dc27ea133923aab08451b7f7f\",\"name\":\"nedim\",\"image\":{\"@type\":\"ImageObject\",\"inLanguage\":\"bs-BA\",\"@id\":\"https:\\\/\\\/secure.gravatar.com\\\/avatar\\\/5b928a2e7e70a54208d2eb6c1edcb75a5350d6ae97d5f0a701203d456823f6f3?s=96&d=mm&r=g\",\"url\":\"https:\\\/\\\/secure.gravatar.com\\\/avatar\\\/5b928a2e7e70a54208d2eb6c1edcb75a5350d6ae97d5f0a701203d456823f6f3?s=96&d=mm&r=g\",\"contentUrl\":\"https:\\\/\\\/secure.gravatar.com\\\/avatar\\\/5b928a2e7e70a54208d2eb6c1edcb75a5350d6ae97d5f0a701203d456823f6f3?s=96&d=mm&r=g\",\"caption\":\"nedim\"},\"description\":\"Tuzlainfo.ba pratite na dru\u0161tvenim mre\u017eama: Facebook, Instagram i Youtube. Svoje pri\u010de, upite i fotografije \u0161aljite na na\u0161u e-mail adresu.\"}]}<\/script>\n<!-- \/ Yoast SEO plugin. -->","yoast_head_json":{"title":"Potrebno ukloniti deponiju i isu\u0161iti akumulaciju: Tuzla priprema novu poslovnu zonu","robots":{"index":"index","follow":"follow","max-snippet":"max-snippet:-1","max-image-preview":"max-image-preview:large","max-video-preview":"max-video-preview:-1"},"canonical":"https:\/\/tuzlainfo.ba\/index.php\/novosti\/item\/315104-potrebno-ukloniti-deponiju-i-isusiti-akumulaciju-tuzla-priprema-novu-poslovnu-zonu\/","og_locale":"bs_BA","og_type":"article","og_title":"Potrebno ukloniti deponiju i isu\u0161iti akumulaciju: Tuzla priprema novu poslovnu zonu","og_description":"Gradsko vije\u0107e Tuzla trebalo bi na sjednici zakazanoj za \u010detvrtak, 10. septembra, razmatrati Nacrt Zoning plana poslovne zone \u201eKreka sjever\u201c, kojim se stvaraju planski uslovi za daljnje ure\u0111enje i izgradnju jednog od zna\u010dajnijih poslovnih prostora u zapadnom dijelu Tuzle. Izradi novog Zoning plana pristupilo se nakon \u0161to je Gradsko vije\u0107e 28. januara ove godine usvojilo [&hellip;]","og_url":"https:\/\/tuzlainfo.ba\/index.php\/novosti\/item\/315104-potrebno-ukloniti-deponiju-i-isusiti-akumulaciju-tuzla-priprema-novu-poslovnu-zonu\/","og_site_name":"TuzlaInfo.ba","article_publisher":"https:\/\/www.facebook.com\/tuzlainfo.ba\/","article_published_time":"2026-09-06T15:49:19+00:00","article_modified_time":"2026-09-06T17:21:52+00:00","og_image":[{"width":1200,"height":597,"url":"https:\/\/tuzlainfo.ba\/wp-content\/uploads\/2026\/09\/zoning_Plan_kreka_sjever3_3d_prikaz.jpg","type":"image\/jpeg"}],"author":"nedim","twitter_card":"summary_large_image","twitter_misc":{"Written by":"nedim","Est. reading time":"4 minute"},"schema":{"@context":"https:\/\/schema.org","@graph":[{"@type":"Article","@id":"https:\/\/tuzlainfo.ba\/index.php\/novosti\/item\/315104-potrebno-ukloniti-deponiju-i-isusiti-akumulaciju-tuzla-priprema-novu-poslovnu-zonu\/#article","isPartOf":{"@id":"https:\/\/tuzlainfo.ba\/index.php\/novosti\/item\/315104-potrebno-ukloniti-deponiju-i-isusiti-akumulaciju-tuzla-priprema-novu-poslovnu-zonu\/"},"author":{"name":"nedim","@id":"https:\/\/tuzlainfo.ba\/#\/schema\/person\/f434e20dc27ea133923aab08451b7f7f"},"headline":"Potrebno ukloniti deponiju i isu\u0161iti akumulaciju: Tuzla priprema novu poslovnu zonu","datePublished":"2026-09-06T15:49:19+00:00","dateModified":"2026-09-06T17:21:52+00:00","mainEntityOfPage":{"@id":"https:\/\/tuzlainfo.ba\/index.php\/novosti\/item\/315104-potrebno-ukloniti-deponiju-i-isusiti-akumulaciju-tuzla-priprema-novu-poslovnu-zonu\/"},"wordCount":483,"publisher":{"@id":"https:\/\/tuzlainfo.ba\/#organization"},"image":{"@id":"https:\/\/tuzlainfo.ba\/index.php\/novosti\/item\/315104-potrebno-ukloniti-deponiju-i-isusiti-akumulaciju-tuzla-priprema-novu-poslovnu-zonu\/#primaryimage"},"thumbnailUrl":"https:\/\/tuzlainfo.ba\/wp-content\/uploads\/2026\/09\/zoning_Plan_kreka_sjever3_3d_prikaz.jpg","keywords":["grad tuzla","poslovna zona kreka","tuzla"],"articleSection":["Istaknuto","Novosti","Preporu\u010dujemo"],"inLanguage":"bs-BA","copyrightYear":"2026","copyrightHolder":{"@id":"https:\/\/tuzlainfo.ba\/#organization"}},{"@type":"WebPage","@id":"https:\/\/tuzlainfo.ba\/index.php\/novosti\/item\/315104-potrebno-ukloniti-deponiju-i-isusiti-akumulaciju-tuzla-priprema-novu-poslovnu-zonu\/","url":"https:\/\/tuzlainfo.ba\/index.php\/novosti\/item\/315104-potrebno-ukloniti-deponiju-i-isusiti-akumulaciju-tuzla-priprema-novu-poslovnu-zonu\/","name":"Potrebno ukloniti deponiju i isu\u0161iti akumulaciju: Tuzla priprema novu poslovnu zonu","isPartOf":{"@id":"https:\/\/tuzlainfo.ba\/#website"},"primaryImageOfPage":{"@id":"https:\/\/tuzlainfo.ba\/index.php\/novosti\/item\/315104-potrebno-ukloniti-deponiju-i-isusiti-akumulaciju-tuzla-priprema-novu-poslovnu-zonu\/#primaryimage"},"image":{"@id":"https:\/\/tuzlainfo.ba\/index.php\/novosti\/item\/315104-potrebno-ukloniti-deponiju-i-isusiti-akumulaciju-tuzla-priprema-novu-poslovnu-zonu\/#primaryimage"},"thumbnailUrl":"https:\/\/tuzlainfo.ba\/wp-content\/uploads\/2026\/09\/zoning_Plan_kreka_sjever3_3d_prikaz.jpg","datePublished":"2026-09-06T15:49:19+00:00","dateModified":"2026-09-06T17:21:52+00:00","breadcrumb":{"@id":"https:\/\/tuzlainfo.ba\/index.php\/novosti\/item\/315104-potrebno-ukloniti-deponiju-i-isusiti-akumulaciju-tuzla-priprema-novu-poslovnu-zonu\/#breadcrumb"},"inLanguage":"bs-BA","potentialAction":[{"@type":"ReadAction","target":["https:\/\/tuzlainfo.ba\/index.php\/novosti\/item\/315104-potrebno-ukloniti-deponiju-i-isusiti-akumulaciju-tuzla-priprema-novu-poslovnu-zonu\/"]}]},{"@type":"ImageObject","inLanguage":"bs-BA","@id":"https:\/\/tuzlainfo.ba\/index.php\/novosti\/item\/315104-potrebno-ukloniti-deponiju-i-isusiti-akumulaciju-tuzla-priprema-novu-poslovnu-zonu\/#primaryimage","url":"https:\/\/tuzlainfo.ba\/wp-content\/uploads\/2026\/09\/zoning_Plan_kreka_sjever3_3d_prikaz.jpg","contentUrl":"https:\/\/tuzlainfo.ba\/wp-content\/uploads\/2026\/09\/zoning_Plan_kreka_sjever3_3d_prikaz.jpg","width":1200,"height":597,"caption":"Poslovna zona Kreka Sjever - 3D prikaz (Tuzlainfo.ba)"},{"@type":"BreadcrumbList","@id":"https:\/\/tuzlainfo.ba\/index.php\/novosti\/item\/315104-potrebno-ukloniti-deponiju-i-isusiti-akumulaciju-tuzla-priprema-novu-poslovnu-zonu\/#breadcrumb","itemListElement":[{"@type":"ListItem","position":1,"name":"Home","item":"https:\/\/tuzlainfo.ba\/"},{"@type":"ListItem","position":2,"name":"Potrebno ukloniti deponiju i isu\u0161iti akumulaciju: Tuzla priprema novu poslovnu zonu"}]},{"@type":"WebSite","@id":"https:\/\/tuzlainfo.ba\/#website","url":"https:\/\/tuzlainfo.ba\/","name":"TuzlaInfo.ba","description":"Tuzla info, gradski informator - Tuzla na dlanu","publisher":{"@id":"https:\/\/tuzlainfo.ba\/#organization"},"potentialAction":[{"@type":"SearchAction","target":{"@type":"EntryPoint","urlTemplate":"https:\/\/tuzlainfo.ba\/?s={search_term_string}"},"query-input":{"@type":"PropertyValueSpecification","valueRequired":true,"valueName":"search_term_string"}}],"inLanguage":"bs-BA"},{"@type":"Organization","@id":"https:\/\/tuzlainfo.ba\/#organization","name":"TuzlaInfo.ba","url":"https:\/\/tuzlainfo.ba\/","logo":{"@type":"ImageObject","inLanguage":"bs-BA","@id":"https:\/\/tuzlainfo.ba\/#\/schema\/logo\/image\/","url":"https:\/\/tuzlainfo.ba\/wp-content\/uploads\/2021\/03\/logo-ver-3-1.png","contentUrl":"https:\/\/tuzlainfo.ba\/wp-content\/uploads\/2021\/03\/logo-ver-3-1.png","width":350,"height":95,"caption":"TuzlaInfo.ba"},"image":{"@id":"https:\/\/tuzlainfo.ba\/#\/schema\/logo\/image\/"},"sameAs":["https:\/\/www.facebook.com\/tuzlainfo.ba\/"]},{"@type":"Person","@id":"https:\/\/tuzlainfo.ba\/#\/schema\/person\/f434e20dc27ea133923aab08451b7f7f","name":"nedim","image":{"@type":"ImageObject","inLanguage":"bs-BA","@id":"https:\/\/secure.gravatar.com\/avatar\/5b928a2e7e70a54208d2eb6c1edcb75a5350d6ae97d5f0a701203d456823f6f3?s=96&d=mm&r=g","url":"https:\/\/secure.gravatar.com\/avatar\/5b928a2e7e70a54208d2eb6c1edcb75a5350d6ae97d5f0a701203d456823f6f3?s=96&d=mm&r=g","contentUrl":"https:\/\/secure.gravatar.com\/avatar\/5b928a2e7e70a54208d2eb6c1edcb75a5350d6ae97d5f0a701203d456823f6f3?s=96&d=mm&r=g","caption":"nedim"},"description":"Tuzlainfo.ba pratite na dru\u0161tvenim mre\u017eama: Facebook, Instagram i Youtube. Svoje pri\u010de, upite i fotografije \u0161aljite na na\u0161u e-mail adresu."}]}},"_links":{"self":[{"href":"https:\/\/tuzlainfo.ba\/index.php\/wp-json\/wp\/v2\/posts\/315104","targetHints":{"allow":["GET"]}}],"collection":[{"href":"https:\/\/tuzlainfo.ba\/index.php\/wp-json\/wp\/v2\/posts"}],"about":[{"href":"https:\/\/tuzlainfo.ba\/index.php\/wp-json\/wp\/v2\/types\/post"}],"author":[{"embeddable":true,"href":"https:\/\/tuzlainfo.ba\/index.php\/wp-json\/wp\/v2\/users\/2"}],"replies":[{"embeddable":true,"href":"https:\/\/tuzlainfo.ba\/index.php\/wp-json\/wp\/v2\/comments?post=315104"}],"version-history":[{"count":1,"href":"https:\/\/tuzlainfo.ba\/index.php\/wp-json\/wp\/v2\/posts\/315104\/revisions"}],"predecessor-version":[{"id":315109,"href":"https:\/\/tuzlainfo.ba\/index.php\/wp-json\/wp\/v2\/posts\/315104\/revisions\/315109"}],"wp:featuredmedia":[{"embeddable":true,"href":"https:\/\/tuzlainfo.ba\/index.php\/wp-json\/wp\/v2\/media\/315108"}],"wp:attachment":[{"href":"https:\/\/tuzlainfo.ba\/index.php\/wp-json\/wp\/v2\/media?parent=315104"}],"wp:term":[{"taxonomy":"category","embeddable":true,"href":"https:\/\/tuzlainfo.ba\/index.php\/wp-json\/wp\/v2\/categories?post=315104"},{"taxonomy":"post_tag","embeddable":true,"href":"https:\/\/tuzlainfo.ba\/index.php\/wp-json\/wp\/v2\/tags?post=315104"}],"curies":[{"name":"wp","href":"https:\/\/api.w.org\/{rel}","templated":true}]}}