{"id":315102,"date":"2026-09-06T17:21:21","date_gmt":"2026-09-06T15:21:21","guid":{"rendered":"https:\/\/tuzlainfo.ba\/?p=315102"},"modified":"2026-09-06T19:22:04","modified_gmt":"2026-09-06T17:22:04","slug":"nove-cijene-za-groblje-dreznik-pred-vijecnicima-naknada-za-grobno-mjesto-znatno-smanjena","status":"publish","type":"post","link":"https:\/\/tuzlainfo.ba\/index.php\/novosti\/item\/315102-nove-cijene-za-groblje-dreznik-pred-vijecnicima-naknada-za-grobno-mjesto-znatno-smanjena\/","title":{"rendered":"Nove cijene za groblje Dre\u017enik pred vije\u0107nicima: Naknada za grobno mjesto znatno smanjena"},"content":{"rendered":"<p class=\"PDq2pG_selectionAnchorContainer\" data-start=\"105\" data-end=\"428\">Cijene kori\u0161tenja grobnih mjesta i pogrebnih usluga na Centralnom gradskom groblju \u201eDre\u017enik\u201c ponovo \u0107e se na\u0107i pred Gradskim vije\u0107em Tuzla. Vije\u0107nici bi u \u010detvrtak, 10. septembra, trebali razmatrati davanje saglasnosti na pravilnik o naknadama za grobna mjesta i cjenovnik pogrebnih usluga JKP \u201eKomemorativni centar\u201c Tuzla.<\/p>\n<p data-start=\"430\" data-end=\"705\">Rije\u010d je o izmijenjenom prijedlogu u odnosu na dokumentaciju koja je ranije bila pripremljena za razmatranje pred Gradskim vije\u0107em, ali je ta ta\u010dka tada skinuta s dnevnog reda. Pore\u0111enje dva prijedloga pokazuje zna\u010dajno smanjenje naknada koje se odnose na samo grobno mjesto.<\/p>\n<p data-start=\"707\" data-end=\"928\">Prema novom prijedlogu, jednokratna naknada za zauzimanje jednog grobnog mjesta na Dre\u017eniku iznosila bi <strong data-start=\"811\" data-end=\"831\">400 KM bez PDV-a<\/strong>. Isti iznos predvi\u0111en je za rezervaciju grobnog mjesta prije nego \u0161to nastupi potreba za ukopom.<\/p>\n<p data-start=\"930\" data-end=\"1166\">U ranijem prijedlogu, o kojem Gradsko vije\u0107e na kraju nije odlu\u010divalo, naknada za zauzimanje jednog grobnog mjesta bila je utvr\u0111ena na <strong data-start=\"1065\" data-end=\"1087\">1.200 KM bez PDV-a<\/strong>, i to za period od deset godina. Isti iznos bio je predvi\u0111en i za rezervaciju.<\/p>\n<p data-start=\"1168\" data-end=\"1304\">To zna\u010di da je u novom prijedlogu po\u010detna naknada smanjena za <strong data-start=\"1230\" data-end=\"1266\">800 KM, odnosno za dvije tre\u0107ine<\/strong> u odnosu na ranije predlo\u017eenu cijenu.<\/p>\n<p data-start=\"1306\" data-end=\"1601\">Promijenjen je i model naplate odr\u017eavanja. Ranijom dokumentacijom bilo je predvi\u0111eno <strong data-start=\"1391\" data-end=\"1426\">300 KM za desetogodi\u0161nji period<\/strong>, \u0161to odgovara iznosu od 30 KM godi\u0161nje. Novi prijedlog sada izri\u010dito propisuje <strong data-start=\"1506\" data-end=\"1545\">godi\u0161nju naknadu od 30 KM bez PDV-a<\/strong> za odr\u017eavanje zauzetog ili rezervisanog grobnog mjesta.<\/p>\n<p data-start=\"1603\" data-end=\"1817\">Prema novom pravilniku, rezervisanje grobnih mjesta ne\u0107e biti mogu\u0107e mimo utvr\u0111enih pravila, dok \u0107e se njihovo popunjavanje odvijati redoslijedom utvr\u0111enim Regulacionim planom Centralnog gradskog groblja \u201eDre\u017enik\u201c.<\/p>\n<h3 data-section-id=\"1e02iy2\" data-start=\"1819\" data-end=\"1859\">Predlo\u017eene i cijene pogrebnih usluga<\/h3>\n<p data-start=\"1861\" data-end=\"2000\">Uz naknade za grobna mjesta, pred vije\u0107nicima \u0107e se na\u0107i i prijedlog cjenovnika pogrebnih usluga koje bi pru\u017eao JKP \u201eKomemorativni centar\u201c.<\/p>\n<p data-start=\"2002\" data-end=\"2346\">Prema prijedlogu, <strong data-start=\"2020\" data-end=\"2072\">preuzimanje tijela umrle osobe ko\u0161talo bi 115 KM<\/strong>, dok bi za <strong data-start=\"2084\" data-end=\"2138\">kopanje i zagrtanje groba trebalo izdvojiti 250 KM<\/strong>. Uno\u0161enje i izno\u0161enje umrle osobe predlo\u017eeno je po cijeni od <strong data-start=\"2200\" data-end=\"2209\">62 KM<\/strong>, kori\u0161tenje rashladnog ure\u0111aja iznosilo bi <strong data-start=\"2253\" data-end=\"2269\">18 KM dnevno<\/strong>, a kupanje i opremanje umrle osobe <strong data-start=\"2305\" data-end=\"2315\">135 KM<\/strong>. Navedeni iznosi su bez PDV-a.<\/p>\n<p data-start=\"2348\" data-end=\"2470\">Ove cijene jo\u0161 nisu u primjeni. Da bi se mogle primjenjivati, potrebno je da Gradsko vije\u0107e Tuzla prethodno da saglasnost.<\/p>\n<p data-start=\"2472\" data-end=\"2812\">U obrazlo\u017eenju prijedloga navedeno je da bi novac prikupljen kroz naknade bio kori\u0161ten za odr\u017eavanje groblja, zelenih povr\u0161ina, pristupnih puteva, komunalne infrastrukture, objekata i zajedni\u010dkih prostora. Kao razlog za dono\u0161enje pravilnika navedena je potreba uspostavljanja jasnog sistema dodjele, rezervacije i odr\u017eavanja grobnih mjesta.<\/p>\n<p data-start=\"2814\" data-end=\"2927\">Prilikom odre\u0111ivanja predlo\u017eenih cijena razmatrane su i cijene usluga na gradskim grobljima u Sarajevu i Visokom.<\/p>\n<p data-start=\"2929\" data-end=\"3209\">Zanimljiv je i finansijski aspekt funkcionisanja novog groblja. U dokumentaciji je navedeno da bi, \u010dak i uz primjenu predlo\u017eenih cijena, za finansijsku stabilnost JKP \u201eKomemorativni centar\u201c tokom 2027. godine bilo potrebno osigurati dodatnih <strong data-start=\"3171\" data-end=\"3208\">200.000 KM iz Bud\u017eeta Grada Tuzla<\/strong>.<\/p>\n<p data-start=\"3211\" data-end=\"3597\">Centralno gradsko groblje \u201eDre\u017enik\u201c izgra\u0111eno je na prostoru nekada\u0161njeg \u0161lja\u010di\u0161ta Termoelektrane Tuzla. Prva faza kompleksa obuhvata 21 grobno polje sa ukupno <strong data-start=\"3371\" data-end=\"3395\">4.427 grobnih mjesta<\/strong> za pripadnike svih konfesija, kao i ateiste i agnostike. Vrijednost prve faze izgradnje iznosila je oko 3,9 miliona KM, a planirano je da kapacitet groblja zadovolji potrebe Tuzle u narednih 30 godina.<strong>\/Tuzlainfo.ba\/<\/strong><\/p>\n","protected":false},"excerpt":{"rendered":"<p>Cijene kori\u0161tenja grobnih mjesta i pogrebnih usluga na Centralnom gradskom groblju \u201eDre\u017enik\u201c ponovo \u0107e se na\u0107i pred Gradskim vije\u0107em Tuzla. Vije\u0107nici bi u \u010detvrtak, 10. septembra, trebali razmatrati davanje saglasnosti na pravilnik o naknadama za grobna mjesta i cjenovnik pogrebnih usluga JKP \u201eKomemorativni centar\u201c Tuzla. Rije\u010d je o izmijenjenom prijedlogu u odnosu na dokumentaciju koja [&hellip;]<\/p>\n","protected":false},"author":2,"featured_media":308383,"comment_status":"closed","ping_status":"closed","sticky":false,"template":"","format":"standard","meta":{"footnotes":""},"categories":[304,12,306],"tags":[4762,858],"class_list":["post-315102","post","type-post","status-publish","format-standard","has-post-thumbnail","hentry","category-istaknuto","category-novosti","category-preporucujemo","tag-gradsko-groblje-dreznik","tag-gradsko-vijece-tuzla"],"yoast_head":"<!-- This site is optimized with the Yoast SEO plugin v28.4 - https:\/\/yoast.com\/product\/yoast-seo-wordpress\/ -->\n<title>Nove cijene za groblje Dre\u017enik pred vije\u0107nicima: Naknada za grobno mjesto znatno smanjena<\/title>\n<meta name=\"robots\" content=\"index, follow, max-snippet:-1, max-image-preview:large, max-video-preview:-1\" \/>\n<link rel=\"canonical\" href=\"https:\/\/tuzlainfo.ba\/index.php\/novosti\/item\/315102-nove-cijene-za-groblje-dreznik-pred-vijecnicima-naknada-za-grobno-mjesto-znatno-smanjena\/\" \/>\n<meta property=\"og:locale\" content=\"bs_BA\" \/>\n<meta property=\"og:type\" content=\"article\" \/>\n<meta property=\"og:title\" content=\"Nove cijene za groblje Dre\u017enik pred vije\u0107nicima: Naknada za grobno mjesto znatno smanjena\" \/>\n<meta property=\"og:description\" content=\"Cijene kori\u0161tenja grobnih mjesta i pogrebnih usluga na Centralnom gradskom groblju \u201eDre\u017enik\u201c ponovo \u0107e se na\u0107i pred Gradskim vije\u0107em Tuzla. Vije\u0107nici bi u \u010detvrtak, 10. septembra, trebali razmatrati davanje saglasnosti na pravilnik o naknadama za grobna mjesta i cjenovnik pogrebnih usluga JKP \u201eKomemorativni centar\u201c Tuzla. Rije\u010d je o izmijenjenom prijedlogu u odnosu na dokumentaciju koja [&hellip;]\" \/>\n<meta property=\"og:url\" content=\"https:\/\/tuzlainfo.ba\/index.php\/novosti\/item\/315102-nove-cijene-za-groblje-dreznik-pred-vijecnicima-naknada-za-grobno-mjesto-znatno-smanjena\/\" \/>\n<meta property=\"og:site_name\" content=\"TuzlaInfo.ba\" \/>\n<meta property=\"article:publisher\" content=\"https:\/\/www.facebook.com\/tuzlainfo.ba\/\" \/>\n<meta property=\"article:published_time\" content=\"2026-09-06T15:21:21+00:00\" \/>\n<meta property=\"article:modified_time\" content=\"2026-09-06T17:22:04+00:00\" \/>\n<meta property=\"og:image\" content=\"https:\/\/tuzlainfo.ba\/wp-content\/uploads\/2026\/06\/2606_gradsko_groblje_dreznik.jpg\" \/>\n\t<meta property=\"og:image:width\" content=\"1000\" \/>\n\t<meta property=\"og:image:height\" content=\"562\" \/>\n\t<meta property=\"og:image:type\" content=\"image\/jpeg\" \/>\n<meta name=\"author\" content=\"nedim\" \/>\n<meta name=\"twitter:card\" content=\"summary_large_image\" \/>\n<meta name=\"twitter:label1\" content=\"Written by\" \/>\n\t<meta name=\"twitter:data1\" content=\"nedim\" \/>\n\t<meta name=\"twitter:label2\" content=\"Est. reading time\" \/>\n\t<meta name=\"twitter:data2\" content=\"3 minute\" \/>\n<script type=\"application\/ld+json\" class=\"yoast-schema-graph\">{\"@context\":\"https:\\\/\\\/schema.org\",\"@graph\":[{\"@type\":\"Article\",\"@id\":\"https:\\\/\\\/tuzlainfo.ba\\\/index.php\\\/novosti\\\/item\\\/315102-nove-cijene-za-groblje-dreznik-pred-vijecnicima-naknada-za-grobno-mjesto-znatno-smanjena\\\/#article\",\"isPartOf\":{\"@id\":\"https:\\\/\\\/tuzlainfo.ba\\\/index.php\\\/novosti\\\/item\\\/315102-nove-cijene-za-groblje-dreznik-pred-vijecnicima-naknada-za-grobno-mjesto-znatno-smanjena\\\/\"},\"author\":{\"name\":\"nedim\",\"@id\":\"https:\\\/\\\/tuzlainfo.ba\\\/#\\\/schema\\\/person\\\/f434e20dc27ea133923aab08451b7f7f\"},\"headline\":\"Nove cijene za groblje Dre\u017enik pred vije\u0107nicima: Naknada za grobno mjesto znatno smanjena\",\"datePublished\":\"2026-09-06T15:21:21+00:00\",\"dateModified\":\"2026-09-06T17:22:04+00:00\",\"mainEntityOfPage\":{\"@id\":\"https:\\\/\\\/tuzlainfo.ba\\\/index.php\\\/novosti\\\/item\\\/315102-nove-cijene-za-groblje-dreznik-pred-vijecnicima-naknada-za-grobno-mjesto-znatno-smanjena\\\/\"},\"wordCount\":562,\"publisher\":{\"@id\":\"https:\\\/\\\/tuzlainfo.ba\\\/#organization\"},\"image\":{\"@id\":\"https:\\\/\\\/tuzlainfo.ba\\\/index.php\\\/novosti\\\/item\\\/315102-nove-cijene-za-groblje-dreznik-pred-vijecnicima-naknada-za-grobno-mjesto-znatno-smanjena\\\/#primaryimage\"},\"thumbnailUrl\":\"https:\\\/\\\/tuzlainfo.ba\\\/wp-content\\\/uploads\\\/2026\\\/06\\\/2606_gradsko_groblje_dreznik.jpg\",\"keywords\":[\"gradsko groblje dre\u017enik\",\"gradsko vije\u0107e tuzla\"],\"articleSection\":[\"Istaknuto\",\"Novosti\",\"Preporu\u010dujemo\"],\"inLanguage\":\"bs-BA\",\"copyrightYear\":\"2026\",\"copyrightHolder\":{\"@id\":\"https:\\\/\\\/tuzlainfo.ba\\\/#organization\"}},{\"@type\":\"WebPage\",\"@id\":\"https:\\\/\\\/tuzlainfo.ba\\\/index.php\\\/novosti\\\/item\\\/315102-nove-cijene-za-groblje-dreznik-pred-vijecnicima-naknada-za-grobno-mjesto-znatno-smanjena\\\/\",\"url\":\"https:\\\/\\\/tuzlainfo.ba\\\/index.php\\\/novosti\\\/item\\\/315102-nove-cijene-za-groblje-dreznik-pred-vijecnicima-naknada-za-grobno-mjesto-znatno-smanjena\\\/\",\"name\":\"Nove cijene za groblje Dre\u017enik pred vije\u0107nicima: Naknada za grobno mjesto znatno smanjena\",\"isPartOf\":{\"@id\":\"https:\\\/\\\/tuzlainfo.ba\\\/#website\"},\"primaryImageOfPage\":{\"@id\":\"https:\\\/\\\/tuzlainfo.ba\\\/index.php\\\/novosti\\\/item\\\/315102-nove-cijene-za-groblje-dreznik-pred-vijecnicima-naknada-za-grobno-mjesto-znatno-smanjena\\\/#primaryimage\"},\"image\":{\"@id\":\"https:\\\/\\\/tuzlainfo.ba\\\/index.php\\\/novosti\\\/item\\\/315102-nove-cijene-za-groblje-dreznik-pred-vijecnicima-naknada-za-grobno-mjesto-znatno-smanjena\\\/#primaryimage\"},\"thumbnailUrl\":\"https:\\\/\\\/tuzlainfo.ba\\\/wp-content\\\/uploads\\\/2026\\\/06\\\/2606_gradsko_groblje_dreznik.jpg\",\"datePublished\":\"2026-09-06T15:21:21+00:00\",\"dateModified\":\"2026-09-06T17:22:04+00:00\",\"breadcrumb\":{\"@id\":\"https:\\\/\\\/tuzlainfo.ba\\\/index.php\\\/novosti\\\/item\\\/315102-nove-cijene-za-groblje-dreznik-pred-vijecnicima-naknada-za-grobno-mjesto-znatno-smanjena\\\/#breadcrumb\"},\"inLanguage\":\"bs-BA\",\"potentialAction\":[{\"@type\":\"ReadAction\",\"target\":[\"https:\\\/\\\/tuzlainfo.ba\\\/index.php\\\/novosti\\\/item\\\/315102-nove-cijene-za-groblje-dreznik-pred-vijecnicima-naknada-za-grobno-mjesto-znatno-smanjena\\\/\"]}]},{\"@type\":\"ImageObject\",\"inLanguage\":\"bs-BA\",\"@id\":\"https:\\\/\\\/tuzlainfo.ba\\\/index.php\\\/novosti\\\/item\\\/315102-nove-cijene-za-groblje-dreznik-pred-vijecnicima-naknada-za-grobno-mjesto-znatno-smanjena\\\/#primaryimage\",\"url\":\"https:\\\/\\\/tuzlainfo.ba\\\/wp-content\\\/uploads\\\/2026\\\/06\\\/2606_gradsko_groblje_dreznik.jpg\",\"contentUrl\":\"https:\\\/\\\/tuzlainfo.ba\\\/wp-content\\\/uploads\\\/2026\\\/06\\\/2606_gradsko_groblje_dreznik.jpg\",\"width\":1000,\"height\":562},{\"@type\":\"BreadcrumbList\",\"@id\":\"https:\\\/\\\/tuzlainfo.ba\\\/index.php\\\/novosti\\\/item\\\/315102-nove-cijene-za-groblje-dreznik-pred-vijecnicima-naknada-za-grobno-mjesto-znatno-smanjena\\\/#breadcrumb\",\"itemListElement\":[{\"@type\":\"ListItem\",\"position\":1,\"name\":\"Home\",\"item\":\"https:\\\/\\\/tuzlainfo.ba\\\/\"},{\"@type\":\"ListItem\",\"position\":2,\"name\":\"Nove cijene za groblje Dre\u017enik pred vije\u0107nicima: Naknada za grobno mjesto znatno smanjena\"}]},{\"@type\":\"WebSite\",\"@id\":\"https:\\\/\\\/tuzlainfo.ba\\\/#website\",\"url\":\"https:\\\/\\\/tuzlainfo.ba\\\/\",\"name\":\"TuzlaInfo.ba\",\"description\":\"Tuzla info, gradski informator - Tuzla na dlanu\",\"publisher\":{\"@id\":\"https:\\\/\\\/tuzlainfo.ba\\\/#organization\"},\"potentialAction\":[{\"@type\":\"SearchAction\",\"target\":{\"@type\":\"EntryPoint\",\"urlTemplate\":\"https:\\\/\\\/tuzlainfo.ba\\\/?s={search_term_string}\"},\"query-input\":{\"@type\":\"PropertyValueSpecification\",\"valueRequired\":true,\"valueName\":\"search_term_string\"}}],\"inLanguage\":\"bs-BA\"},{\"@type\":\"Organization\",\"@id\":\"https:\\\/\\\/tuzlainfo.ba\\\/#organization\",\"name\":\"TuzlaInfo.ba\",\"url\":\"https:\\\/\\\/tuzlainfo.ba\\\/\",\"logo\":{\"@type\":\"ImageObject\",\"inLanguage\":\"bs-BA\",\"@id\":\"https:\\\/\\\/tuzlainfo.ba\\\/#\\\/schema\\\/logo\\\/image\\\/\",\"url\":\"https:\\\/\\\/tuzlainfo.ba\\\/wp-content\\\/uploads\\\/2021\\\/03\\\/logo-ver-3-1.png\",\"contentUrl\":\"https:\\\/\\\/tuzlainfo.ba\\\/wp-content\\\/uploads\\\/2021\\\/03\\\/logo-ver-3-1.png\",\"width\":350,\"height\":95,\"caption\":\"TuzlaInfo.ba\"},\"image\":{\"@id\":\"https:\\\/\\\/tuzlainfo.ba\\\/#\\\/schema\\\/logo\\\/image\\\/\"},\"sameAs\":[\"https:\\\/\\\/www.facebook.com\\\/tuzlainfo.ba\\\/\"]},{\"@type\":\"Person\",\"@id\":\"https:\\\/\\\/tuzlainfo.ba\\\/#\\\/schema\\\/person\\\/f434e20dc27ea133923aab08451b7f7f\",\"name\":\"nedim\",\"image\":{\"@type\":\"ImageObject\",\"inLanguage\":\"bs-BA\",\"@id\":\"https:\\\/\\\/secure.gravatar.com\\\/avatar\\\/5b928a2e7e70a54208d2eb6c1edcb75a5350d6ae97d5f0a701203d456823f6f3?s=96&d=mm&r=g\",\"url\":\"https:\\\/\\\/secure.gravatar.com\\\/avatar\\\/5b928a2e7e70a54208d2eb6c1edcb75a5350d6ae97d5f0a701203d456823f6f3?s=96&d=mm&r=g\",\"contentUrl\":\"https:\\\/\\\/secure.gravatar.com\\\/avatar\\\/5b928a2e7e70a54208d2eb6c1edcb75a5350d6ae97d5f0a701203d456823f6f3?s=96&d=mm&r=g\",\"caption\":\"nedim\"},\"description\":\"Tuzlainfo.ba pratite na dru\u0161tvenim mre\u017eama: Facebook, Instagram i Youtube. Svoje pri\u010de, upite i fotografije \u0161aljite na na\u0161u e-mail adresu.\"}]}<\/script>\n<!-- \/ Yoast SEO plugin. -->","yoast_head_json":{"title":"Nove cijene za groblje Dre\u017enik pred vije\u0107nicima: Naknada za grobno mjesto znatno smanjena","robots":{"index":"index","follow":"follow","max-snippet":"max-snippet:-1","max-image-preview":"max-image-preview:large","max-video-preview":"max-video-preview:-1"},"canonical":"https:\/\/tuzlainfo.ba\/index.php\/novosti\/item\/315102-nove-cijene-za-groblje-dreznik-pred-vijecnicima-naknada-za-grobno-mjesto-znatno-smanjena\/","og_locale":"bs_BA","og_type":"article","og_title":"Nove cijene za groblje Dre\u017enik pred vije\u0107nicima: Naknada za grobno mjesto znatno smanjena","og_description":"Cijene kori\u0161tenja grobnih mjesta i pogrebnih usluga na Centralnom gradskom groblju \u201eDre\u017enik\u201c ponovo \u0107e se na\u0107i pred Gradskim vije\u0107em Tuzla. Vije\u0107nici bi u \u010detvrtak, 10. septembra, trebali razmatrati davanje saglasnosti na pravilnik o naknadama za grobna mjesta i cjenovnik pogrebnih usluga JKP \u201eKomemorativni centar\u201c Tuzla. Rije\u010d je o izmijenjenom prijedlogu u odnosu na dokumentaciju koja [&hellip;]","og_url":"https:\/\/tuzlainfo.ba\/index.php\/novosti\/item\/315102-nove-cijene-za-groblje-dreznik-pred-vijecnicima-naknada-za-grobno-mjesto-znatno-smanjena\/","og_site_name":"TuzlaInfo.ba","article_publisher":"https:\/\/www.facebook.com\/tuzlainfo.ba\/","article_published_time":"2026-09-06T15:21:21+00:00","article_modified_time":"2026-09-06T17:22:04+00:00","og_image":[{"width":1000,"height":562,"url":"https:\/\/tuzlainfo.ba\/wp-content\/uploads\/2026\/06\/2606_gradsko_groblje_dreznik.jpg","type":"image\/jpeg"}],"author":"nedim","twitter_card":"summary_large_image","twitter_misc":{"Written by":"nedim","Est. reading time":"3 minute"},"schema":{"@context":"https:\/\/schema.org","@graph":[{"@type":"Article","@id":"https:\/\/tuzlainfo.ba\/index.php\/novosti\/item\/315102-nove-cijene-za-groblje-dreznik-pred-vijecnicima-naknada-za-grobno-mjesto-znatno-smanjena\/#article","isPartOf":{"@id":"https:\/\/tuzlainfo.ba\/index.php\/novosti\/item\/315102-nove-cijene-za-groblje-dreznik-pred-vijecnicima-naknada-za-grobno-mjesto-znatno-smanjena\/"},"author":{"name":"nedim","@id":"https:\/\/tuzlainfo.ba\/#\/schema\/person\/f434e20dc27ea133923aab08451b7f7f"},"headline":"Nove cijene za groblje Dre\u017enik pred vije\u0107nicima: Naknada za grobno mjesto znatno smanjena","datePublished":"2026-09-06T15:21:21+00:00","dateModified":"2026-09-06T17:22:04+00:00","mainEntityOfPage":{"@id":"https:\/\/tuzlainfo.ba\/index.php\/novosti\/item\/315102-nove-cijene-za-groblje-dreznik-pred-vijecnicima-naknada-za-grobno-mjesto-znatno-smanjena\/"},"wordCount":562,"publisher":{"@id":"https:\/\/tuzlainfo.ba\/#organization"},"image":{"@id":"https:\/\/tuzlainfo.ba\/index.php\/novosti\/item\/315102-nove-cijene-za-groblje-dreznik-pred-vijecnicima-naknada-za-grobno-mjesto-znatno-smanjena\/#primaryimage"},"thumbnailUrl":"https:\/\/tuzlainfo.ba\/wp-content\/uploads\/2026\/06\/2606_gradsko_groblje_dreznik.jpg","keywords":["gradsko groblje dre\u017enik","gradsko vije\u0107e tuzla"],"articleSection":["Istaknuto","Novosti","Preporu\u010dujemo"],"inLanguage":"bs-BA","copyrightYear":"2026","copyrightHolder":{"@id":"https:\/\/tuzlainfo.ba\/#organization"}},{"@type":"WebPage","@id":"https:\/\/tuzlainfo.ba\/index.php\/novosti\/item\/315102-nove-cijene-za-groblje-dreznik-pred-vijecnicima-naknada-za-grobno-mjesto-znatno-smanjena\/","url":"https:\/\/tuzlainfo.ba\/index.php\/novosti\/item\/315102-nove-cijene-za-groblje-dreznik-pred-vijecnicima-naknada-za-grobno-mjesto-znatno-smanjena\/","name":"Nove cijene za groblje Dre\u017enik pred vije\u0107nicima: Naknada za grobno mjesto znatno smanjena","isPartOf":{"@id":"https:\/\/tuzlainfo.ba\/#website"},"primaryImageOfPage":{"@id":"https:\/\/tuzlainfo.ba\/index.php\/novosti\/item\/315102-nove-cijene-za-groblje-dreznik-pred-vijecnicima-naknada-za-grobno-mjesto-znatno-smanjena\/#primaryimage"},"image":{"@id":"https:\/\/tuzlainfo.ba\/index.php\/novosti\/item\/315102-nove-cijene-za-groblje-dreznik-pred-vijecnicima-naknada-za-grobno-mjesto-znatno-smanjena\/#primaryimage"},"thumbnailUrl":"https:\/\/tuzlainfo.ba\/wp-content\/uploads\/2026\/06\/2606_gradsko_groblje_dreznik.jpg","datePublished":"2026-09-06T15:21:21+00:00","dateModified":"2026-09-06T17:22:04+00:00","breadcrumb":{"@id":"https:\/\/tuzlainfo.ba\/index.php\/novosti\/item\/315102-nove-cijene-za-groblje-dreznik-pred-vijecnicima-naknada-za-grobno-mjesto-znatno-smanjena\/#breadcrumb"},"inLanguage":"bs-BA","potentialAction":[{"@type":"ReadAction","target":["https:\/\/tuzlainfo.ba\/index.php\/novosti\/item\/315102-nove-cijene-za-groblje-dreznik-pred-vijecnicima-naknada-za-grobno-mjesto-znatno-smanjena\/"]}]},{"@type":"ImageObject","inLanguage":"bs-BA","@id":"https:\/\/tuzlainfo.ba\/index.php\/novosti\/item\/315102-nove-cijene-za-groblje-dreznik-pred-vijecnicima-naknada-za-grobno-mjesto-znatno-smanjena\/#primaryimage","url":"https:\/\/tuzlainfo.ba\/wp-content\/uploads\/2026\/06\/2606_gradsko_groblje_dreznik.jpg","contentUrl":"https:\/\/tuzlainfo.ba\/wp-content\/uploads\/2026\/06\/2606_gradsko_groblje_dreznik.jpg","width":1000,"height":562},{"@type":"BreadcrumbList","@id":"https:\/\/tuzlainfo.ba\/index.php\/novosti\/item\/315102-nove-cijene-za-groblje-dreznik-pred-vijecnicima-naknada-za-grobno-mjesto-znatno-smanjena\/#breadcrumb","itemListElement":[{"@type":"ListItem","position":1,"name":"Home","item":"https:\/\/tuzlainfo.ba\/"},{"@type":"ListItem","position":2,"name":"Nove cijene za groblje Dre\u017enik pred vije\u0107nicima: Naknada za grobno mjesto znatno smanjena"}]},{"@type":"WebSite","@id":"https:\/\/tuzlainfo.ba\/#website","url":"https:\/\/tuzlainfo.ba\/","name":"TuzlaInfo.ba","description":"Tuzla info, gradski informator - Tuzla na dlanu","publisher":{"@id":"https:\/\/tuzlainfo.ba\/#organization"},"potentialAction":[{"@type":"SearchAction","target":{"@type":"EntryPoint","urlTemplate":"https:\/\/tuzlainfo.ba\/?s={search_term_string}"},"query-input":{"@type":"PropertyValueSpecification","valueRequired":true,"valueName":"search_term_string"}}],"inLanguage":"bs-BA"},{"@type":"Organization","@id":"https:\/\/tuzlainfo.ba\/#organization","name":"TuzlaInfo.ba","url":"https:\/\/tuzlainfo.ba\/","logo":{"@type":"ImageObject","inLanguage":"bs-BA","@id":"https:\/\/tuzlainfo.ba\/#\/schema\/logo\/image\/","url":"https:\/\/tuzlainfo.ba\/wp-content\/uploads\/2021\/03\/logo-ver-3-1.png","contentUrl":"https:\/\/tuzlainfo.ba\/wp-content\/uploads\/2021\/03\/logo-ver-3-1.png","width":350,"height":95,"caption":"TuzlaInfo.ba"},"image":{"@id":"https:\/\/tuzlainfo.ba\/#\/schema\/logo\/image\/"},"sameAs":["https:\/\/www.facebook.com\/tuzlainfo.ba\/"]},{"@type":"Person","@id":"https:\/\/tuzlainfo.ba\/#\/schema\/person\/f434e20dc27ea133923aab08451b7f7f","name":"nedim","image":{"@type":"ImageObject","inLanguage":"bs-BA","@id":"https:\/\/secure.gravatar.com\/avatar\/5b928a2e7e70a54208d2eb6c1edcb75a5350d6ae97d5f0a701203d456823f6f3?s=96&d=mm&r=g","url":"https:\/\/secure.gravatar.com\/avatar\/5b928a2e7e70a54208d2eb6c1edcb75a5350d6ae97d5f0a701203d456823f6f3?s=96&d=mm&r=g","contentUrl":"https:\/\/secure.gravatar.com\/avatar\/5b928a2e7e70a54208d2eb6c1edcb75a5350d6ae97d5f0a701203d456823f6f3?s=96&d=mm&r=g","caption":"nedim"},"description":"Tuzlainfo.ba pratite na dru\u0161tvenim mre\u017eama: Facebook, Instagram i Youtube. Svoje pri\u010de, upite i fotografije \u0161aljite na na\u0161u e-mail adresu."}]}},"_links":{"self":[{"href":"https:\/\/tuzlainfo.ba\/index.php\/wp-json\/wp\/v2\/posts\/315102","targetHints":{"allow":["GET"]}}],"collection":[{"href":"https:\/\/tuzlainfo.ba\/index.php\/wp-json\/wp\/v2\/posts"}],"about":[{"href":"https:\/\/tuzlainfo.ba\/index.php\/wp-json\/wp\/v2\/types\/post"}],"author":[{"embeddable":true,"href":"https:\/\/tuzlainfo.ba\/index.php\/wp-json\/wp\/v2\/users\/2"}],"replies":[{"embeddable":true,"href":"https:\/\/tuzlainfo.ba\/index.php\/wp-json\/wp\/v2\/comments?post=315102"}],"version-history":[{"count":1,"href":"https:\/\/tuzlainfo.ba\/index.php\/wp-json\/wp\/v2\/posts\/315102\/revisions"}],"predecessor-version":[{"id":315103,"href":"https:\/\/tuzlainfo.ba\/index.php\/wp-json\/wp\/v2\/posts\/315102\/revisions\/315103"}],"wp:featuredmedia":[{"embeddable":true,"href":"https:\/\/tuzlainfo.ba\/index.php\/wp-json\/wp\/v2\/media\/308383"}],"wp:attachment":[{"href":"https:\/\/tuzlainfo.ba\/index.php\/wp-json\/wp\/v2\/media?parent=315102"}],"wp:term":[{"taxonomy":"category","embeddable":true,"href":"https:\/\/tuzlainfo.ba\/index.php\/wp-json\/wp\/v2\/categories?post=315102"},{"taxonomy":"post_tag","embeddable":true,"href":"https:\/\/tuzlainfo.ba\/index.php\/wp-json\/wp\/v2\/tags?post=315102"}],"curies":[{"name":"wp","href":"https:\/\/api.w.org\/{rel}","templated":true}]}}