{"id":315100,"date":"2026-09-06T16:56:31","date_gmt":"2026-09-06T14:56:31","guid":{"rendered":"https:\/\/tuzlainfo.ba\/?p=315100"},"modified":"2026-09-06T16:56:31","modified_gmt":"2026-09-06T14:56:31","slug":"vucic-o-sahrani-zlocinca-mladica-htjeli-su-nas-natjerati-da-radimo-pasja-groblja-za-svoje-ljude","status":"publish","type":"post","link":"https:\/\/tuzlainfo.ba\/index.php\/clanci\/sa-svih-strana\/item\/315100-vucic-o-sahrani-zlocinca-mladica-htjeli-su-nas-natjerati-da-radimo-pasja-groblja-za-svoje-ljude\/","title":{"rendered":"Vu\u010di\u0107 o sahrani zlo\u010dinca Mladi\u0107a: &#8220;Htjeli su nas natjerati da radimo pasja groblja za svoje ljude&#8221;"},"content":{"rendered":"<p data-start=\"111\" data-end=\"334\">Predsjednik Srbije Aleksandar Vu\u010di\u0107 ponovo je kritikovao zvani\u010dnike Evropske unije, nekoliko dana nakon \u0161to je evropska komesarka za pro\u0161irenje Marta Kos otkazala posjetu Srbiji zbog veli\u010danja ratnog zlo\u010dinca Ratka Mladi\u0107a.<\/p>\n<p data-start=\"336\" data-end=\"579\">Vu\u010di\u0107 je tokom obilaska Zapadnoba\u010dkog okruga govorio o, kako tvrdi, mije\u0161anju vanjskih faktora u unutra\u0161nja politi\u010dka pitanja Srbije, a doga\u0111aje povezane sa studentskim protestima i opozicijom ponovo je opisao kao poku\u0161aj \u201eobojene revolucije\u201c.<\/p>\n<p data-start=\"581\" data-end=\"773\">Govore\u0107i o reakcijama koje su uslijedile nakon smrti Ratka Mladi\u0107a i na\u010dinu na koji je u Srbiji organizovan njegov do\u010dek i opro\u0161taj, Vu\u010di\u0107 je poru\u010dio da Srbija ne\u0107e prihvatiti pritiske izvana.<\/p>\n<p data-start=\"775\" data-end=\"969\">\u201eHtjeli su nas natjerati da nakon 80 godina radimo pasja groblja i da svoje ljude ne pokapamo kako dolikuje. Mi to nikada ne\u0107emo prihvatiti. \u010cuvat \u0107emo dostojanstvo svog naroda\u201c, rekao je Vu\u010di\u0107.<\/p>\n<p data-start=\"971\" data-end=\"1230\">Posebno se osvrnuo na Martu Kos, \u010dije je otkazivanje posjete Srbiji uslijedilo nakon javnog veli\u010danja Mladi\u0107a, pravosna\u017eno osu\u0111enog na do\u017eivotni zatvor za genocid u Srebrenici i druge ratne zlo\u010dine i zlo\u010dine protiv \u010dovje\u010dnosti po\u010dinjene u Bosni i Hercegovini.<\/p>\n<p data-start=\"1232\" data-end=\"1356\">\u201eBriga mene \u0161ta ka\u017ee Marta Kos ili neko drugi kad imam narod, kad imam Prigrevicu i gra\u0111ane Srbije uz sebe\u201c, kazao je Vu\u010di\u0107.<\/p>\n<p data-start=\"1358\" data-end=\"1627\">Predsjednik Srbije govorio je i o informacijama prema kojima se rektor Univerziteta u Beogradu Vladan \u0110oki\u0107 na\u0161ao na studentskoj izbornoj listi uprkos ranijem protivljenju dijela studenata. Vu\u010di\u0107 tvrdi da je na takvu odluku utjecao pritisak iz Brisela i drugih centara.<\/p>\n<p data-start=\"1629\" data-end=\"1884\">\u201eGovorili su nam da odlu\u010duju plenumi, a sada je jasno da oni nikada nisu stvarno donosili odluke. Plenumi su odlu\u010dili da jedna osoba ne bude na listi, ali je stigao pritisak iz Bruxellesa i s drugih mjesta, pa ta osoba mora biti na listi\u201c, rekao je Vu\u010di\u0107.<\/p>\n<p data-start=\"1886\" data-end=\"2001\">Za tvrdnje o direktnom utjecaju Brisela na sastavljanje studentske liste u iznesenim navodima nisu ponu\u0111eni dokazi.<\/p>\n<p data-start=\"2003\" data-end=\"2276\">Vu\u010di\u0107 se osvrnuo i na Hrvatsku, ponovo govore\u0107i o usta\u0161kom pozdravu \u201eZa dom spremni\u201c, za koji je rekao da predstavlja nacisti\u010dki pozdrav iz Drugog svjetskog rata. Kritike je uputio i hrvatskom premijeru Andreju Plenkovi\u0107u, povezuju\u0107i ih sa stavovima Marte Kos prema Srbiji.<\/p>\n<p data-start=\"2278\" data-end=\"2450\">Istovremeno su objavljeni novi detalji sahrane Ratka Mladi\u0107a. \u010clan organizacionog tima Svetozar Andri\u0107 izjavio je da je planirano da Mladi\u0107 bude sahranjen uz vojne po\u010dasti.<\/p>\n<p data-start=\"2452\" data-end=\"2709\">Prema njegovim navodima, posmrtni ostaci \u0107e prije sahrane biti izlo\u017eeni u crkvi Svetog Marka na Vidikovcu, gdje je planirano i slu\u017eenje opijela. Nakon toga kolona bi trebala krenuti prema Top\u010diderskom groblju, gdje \u0107e Mladi\u0107 biti sahranjen pored k\u0107erke Ane.<\/p>\n<p data-start=\"2711\" data-end=\"2849\">Andri\u0107 je najavio prisustvo po\u010dasne jedinice, po\u010dasnu paljbu i opro\u0161tajne govore, kao i organizovan dolazak ljudi iz Srbije i entiteta RS.<\/p>\n<p data-start=\"2851\" data-end=\"3192\">Ratko Mladi\u0107, nekada\u0161nji komandant Glavnog \u0161taba Vojske RS, umro je 27. augusta u Pritvorskoj jedinici Me\u0111unarodnog mehanizma za krivi\u010dne sudove. Pravomo\u0107no je osu\u0111en na do\u017eivotni zatvor za genocid u Srebrenici, progone Bo\u0161njaka i Hrvata \u0161irom Bosne i Hercegovine, terorisanje stanovni\u0161tva Sarajeva i uzimanje pripadnika UNPROFOR-a za taoce.<\/p>\n","protected":false},"excerpt":{"rendered":"<p>Predsjednik Srbije Aleksandar Vu\u010di\u0107 ponovo je kritikovao zvani\u010dnike Evropske unije, nekoliko dana nakon \u0161to je evropska komesarka za pro\u0161irenje Marta Kos otkazala posjetu Srbiji zbog veli\u010danja ratnog zlo\u010dinca Ratka Mladi\u0107a. Vu\u010di\u0107 je tokom obilaska Zapadnoba\u010dkog okruga govorio o, kako tvrdi, mije\u0161anju vanjskih faktora u unutra\u0161nja politi\u010dka pitanja Srbije, a doga\u0111aje povezane sa studentskim protestima i [&hellip;]<\/p>\n","protected":false},"author":2,"featured_media":239613,"comment_status":"closed","ping_status":"closed","sticky":false,"template":"","format":"standard","meta":{"footnotes":""},"categories":[16],"tags":[638,939,309],"class_list":["post-315100","post","type-post","status-publish","format-standard","has-post-thumbnail","hentry","category-sa-svih-strana","tag-aleksandar-vucic","tag-ratko-mladic","tag-srbija"],"yoast_head":"<!-- This site is optimized with the Yoast SEO plugin v28.4 - https:\/\/yoast.com\/product\/yoast-seo-wordpress\/ -->\n<title>Vu\u010di\u0107 o sahrani zlo\u010dinca Mladi\u0107a: &quot;Htjeli su nas natjerati da radimo pasja groblja za svoje ljude&quot;<\/title>\n<meta name=\"robots\" content=\"index, follow, max-snippet:-1, max-image-preview:large, max-video-preview:-1\" \/>\n<link rel=\"canonical\" href=\"https:\/\/tuzlainfo.ba\/index.php\/clanci\/sa-svih-strana\/item\/315100-vucic-o-sahrani-zlocinca-mladica-htjeli-su-nas-natjerati-da-radimo-pasja-groblja-za-svoje-ljude\/\" \/>\n<meta property=\"og:locale\" content=\"bs_BA\" \/>\n<meta property=\"og:type\" content=\"article\" \/>\n<meta property=\"og:title\" content=\"Vu\u010di\u0107 o sahrani zlo\u010dinca Mladi\u0107a: &quot;Htjeli su nas natjerati da radimo pasja groblja za svoje ljude&quot;\" \/>\n<meta property=\"og:description\" content=\"Predsjednik Srbije Aleksandar Vu\u010di\u0107 ponovo je kritikovao zvani\u010dnike Evropske unije, nekoliko dana nakon \u0161to je evropska komesarka za pro\u0161irenje Marta Kos otkazala posjetu Srbiji zbog veli\u010danja ratnog zlo\u010dinca Ratka Mladi\u0107a. Vu\u010di\u0107 je tokom obilaska Zapadnoba\u010dkog okruga govorio o, kako tvrdi, mije\u0161anju vanjskih faktora u unutra\u0161nja politi\u010dka pitanja Srbije, a doga\u0111aje povezane sa studentskim protestima i [&hellip;]\" \/>\n<meta property=\"og:url\" content=\"https:\/\/tuzlainfo.ba\/index.php\/clanci\/sa-svih-strana\/item\/315100-vucic-o-sahrani-zlocinca-mladica-htjeli-su-nas-natjerati-da-radimo-pasja-groblja-za-svoje-ljude\/\" \/>\n<meta property=\"og:site_name\" content=\"TuzlaInfo.ba\" \/>\n<meta property=\"article:publisher\" content=\"https:\/\/www.facebook.com\/tuzlainfo.ba\/\" \/>\n<meta property=\"article:published_time\" content=\"2026-09-06T14:56:31+00:00\" \/>\n<meta property=\"og:image\" content=\"https:\/\/tuzlainfo.ba\/wp-content\/uploads\/2024\/05\/2705_aleksandar-vucic-zastava.webp\" \/>\n\t<meta property=\"og:image:width\" content=\"768\" \/>\n\t<meta property=\"og:image:height\" content=\"476\" \/>\n\t<meta property=\"og:image:type\" content=\"image\/webp\" \/>\n<meta name=\"author\" content=\"nedim\" \/>\n<meta name=\"twitter:card\" content=\"summary_large_image\" \/>\n<meta name=\"twitter:label1\" content=\"Written by\" \/>\n\t<meta name=\"twitter:data1\" content=\"nedim\" \/>\n\t<meta name=\"twitter:label2\" content=\"Est. reading time\" \/>\n\t<meta name=\"twitter:data2\" content=\"3 minute\" \/>\n<script type=\"application\/ld+json\" class=\"yoast-schema-graph\">{\"@context\":\"https:\\\/\\\/schema.org\",\"@graph\":[{\"@type\":\"Article\",\"@id\":\"https:\\\/\\\/tuzlainfo.ba\\\/index.php\\\/clanci\\\/sa-svih-strana\\\/item\\\/315100-vucic-o-sahrani-zlocinca-mladica-htjeli-su-nas-natjerati-da-radimo-pasja-groblja-za-svoje-ljude\\\/#article\",\"isPartOf\":{\"@id\":\"https:\\\/\\\/tuzlainfo.ba\\\/index.php\\\/clanci\\\/sa-svih-strana\\\/item\\\/315100-vucic-o-sahrani-zlocinca-mladica-htjeli-su-nas-natjerati-da-radimo-pasja-groblja-za-svoje-ljude\\\/\"},\"author\":{\"name\":\"nedim\",\"@id\":\"https:\\\/\\\/tuzlainfo.ba\\\/#\\\/schema\\\/person\\\/f434e20dc27ea133923aab08451b7f7f\"},\"headline\":\"Vu\u010di\u0107 o sahrani zlo\u010dinca Mladi\u0107a: &#8220;Htjeli su nas natjerati da radimo pasja groblja za svoje ljude&#8221;\",\"datePublished\":\"2026-09-06T14:56:31+00:00\",\"mainEntityOfPage\":{\"@id\":\"https:\\\/\\\/tuzlainfo.ba\\\/index.php\\\/clanci\\\/sa-svih-strana\\\/item\\\/315100-vucic-o-sahrani-zlocinca-mladica-htjeli-su-nas-natjerati-da-radimo-pasja-groblja-za-svoje-ljude\\\/\"},\"wordCount\":545,\"publisher\":{\"@id\":\"https:\\\/\\\/tuzlainfo.ba\\\/#organization\"},\"image\":{\"@id\":\"https:\\\/\\\/tuzlainfo.ba\\\/index.php\\\/clanci\\\/sa-svih-strana\\\/item\\\/315100-vucic-o-sahrani-zlocinca-mladica-htjeli-su-nas-natjerati-da-radimo-pasja-groblja-za-svoje-ljude\\\/#primaryimage\"},\"thumbnailUrl\":\"https:\\\/\\\/tuzlainfo.ba\\\/wp-content\\\/uploads\\\/2024\\\/05\\\/2705_aleksandar-vucic-zastava.webp\",\"keywords\":[\"aleksandar vu\u010di\u0107\",\"ratko mladi\u0107\",\"srbija\"],\"articleSection\":[\"Sa svih strana\"],\"inLanguage\":\"bs-BA\",\"copyrightYear\":\"2026\",\"copyrightHolder\":{\"@id\":\"https:\\\/\\\/tuzlainfo.ba\\\/#organization\"}},{\"@type\":\"WebPage\",\"@id\":\"https:\\\/\\\/tuzlainfo.ba\\\/index.php\\\/clanci\\\/sa-svih-strana\\\/item\\\/315100-vucic-o-sahrani-zlocinca-mladica-htjeli-su-nas-natjerati-da-radimo-pasja-groblja-za-svoje-ljude\\\/\",\"url\":\"https:\\\/\\\/tuzlainfo.ba\\\/index.php\\\/clanci\\\/sa-svih-strana\\\/item\\\/315100-vucic-o-sahrani-zlocinca-mladica-htjeli-su-nas-natjerati-da-radimo-pasja-groblja-za-svoje-ljude\\\/\",\"name\":\"Vu\u010di\u0107 o sahrani zlo\u010dinca Mladi\u0107a: \\\"Htjeli su nas natjerati da radimo pasja groblja za svoje ljude\\\"\",\"isPartOf\":{\"@id\":\"https:\\\/\\\/tuzlainfo.ba\\\/#website\"},\"primaryImageOfPage\":{\"@id\":\"https:\\\/\\\/tuzlainfo.ba\\\/index.php\\\/clanci\\\/sa-svih-strana\\\/item\\\/315100-vucic-o-sahrani-zlocinca-mladica-htjeli-su-nas-natjerati-da-radimo-pasja-groblja-za-svoje-ljude\\\/#primaryimage\"},\"image\":{\"@id\":\"https:\\\/\\\/tuzlainfo.ba\\\/index.php\\\/clanci\\\/sa-svih-strana\\\/item\\\/315100-vucic-o-sahrani-zlocinca-mladica-htjeli-su-nas-natjerati-da-radimo-pasja-groblja-za-svoje-ljude\\\/#primaryimage\"},\"thumbnailUrl\":\"https:\\\/\\\/tuzlainfo.ba\\\/wp-content\\\/uploads\\\/2024\\\/05\\\/2705_aleksandar-vucic-zastava.webp\",\"datePublished\":\"2026-09-06T14:56:31+00:00\",\"breadcrumb\":{\"@id\":\"https:\\\/\\\/tuzlainfo.ba\\\/index.php\\\/clanci\\\/sa-svih-strana\\\/item\\\/315100-vucic-o-sahrani-zlocinca-mladica-htjeli-su-nas-natjerati-da-radimo-pasja-groblja-za-svoje-ljude\\\/#breadcrumb\"},\"inLanguage\":\"bs-BA\",\"potentialAction\":[{\"@type\":\"ReadAction\",\"target\":[\"https:\\\/\\\/tuzlainfo.ba\\\/index.php\\\/clanci\\\/sa-svih-strana\\\/item\\\/315100-vucic-o-sahrani-zlocinca-mladica-htjeli-su-nas-natjerati-da-radimo-pasja-groblja-za-svoje-ljude\\\/\"]}]},{\"@type\":\"ImageObject\",\"inLanguage\":\"bs-BA\",\"@id\":\"https:\\\/\\\/tuzlainfo.ba\\\/index.php\\\/clanci\\\/sa-svih-strana\\\/item\\\/315100-vucic-o-sahrani-zlocinca-mladica-htjeli-su-nas-natjerati-da-radimo-pasja-groblja-za-svoje-ljude\\\/#primaryimage\",\"url\":\"https:\\\/\\\/tuzlainfo.ba\\\/wp-content\\\/uploads\\\/2024\\\/05\\\/2705_aleksandar-vucic-zastava.webp\",\"contentUrl\":\"https:\\\/\\\/tuzlainfo.ba\\\/wp-content\\\/uploads\\\/2024\\\/05\\\/2705_aleksandar-vucic-zastava.webp\",\"width\":768,\"height\":476},{\"@type\":\"BreadcrumbList\",\"@id\":\"https:\\\/\\\/tuzlainfo.ba\\\/index.php\\\/clanci\\\/sa-svih-strana\\\/item\\\/315100-vucic-o-sahrani-zlocinca-mladica-htjeli-su-nas-natjerati-da-radimo-pasja-groblja-za-svoje-ljude\\\/#breadcrumb\",\"itemListElement\":[{\"@type\":\"ListItem\",\"position\":1,\"name\":\"Home\",\"item\":\"https:\\\/\\\/tuzlainfo.ba\\\/\"},{\"@type\":\"ListItem\",\"position\":2,\"name\":\"Vu\u010di\u0107 o sahrani zlo\u010dinca Mladi\u0107a: &#8220;Htjeli su nas natjerati da radimo pasja groblja za svoje ljude&#8221;\"}]},{\"@type\":\"WebSite\",\"@id\":\"https:\\\/\\\/tuzlainfo.ba\\\/#website\",\"url\":\"https:\\\/\\\/tuzlainfo.ba\\\/\",\"name\":\"TuzlaInfo.ba\",\"description\":\"Tuzla info, gradski informator - Tuzla na dlanu\",\"publisher\":{\"@id\":\"https:\\\/\\\/tuzlainfo.ba\\\/#organization\"},\"potentialAction\":[{\"@type\":\"SearchAction\",\"target\":{\"@type\":\"EntryPoint\",\"urlTemplate\":\"https:\\\/\\\/tuzlainfo.ba\\\/?s={search_term_string}\"},\"query-input\":{\"@type\":\"PropertyValueSpecification\",\"valueRequired\":true,\"valueName\":\"search_term_string\"}}],\"inLanguage\":\"bs-BA\"},{\"@type\":\"Organization\",\"@id\":\"https:\\\/\\\/tuzlainfo.ba\\\/#organization\",\"name\":\"TuzlaInfo.ba\",\"url\":\"https:\\\/\\\/tuzlainfo.ba\\\/\",\"logo\":{\"@type\":\"ImageObject\",\"inLanguage\":\"bs-BA\",\"@id\":\"https:\\\/\\\/tuzlainfo.ba\\\/#\\\/schema\\\/logo\\\/image\\\/\",\"url\":\"https:\\\/\\\/tuzlainfo.ba\\\/wp-content\\\/uploads\\\/2021\\\/03\\\/logo-ver-3-1.png\",\"contentUrl\":\"https:\\\/\\\/tuzlainfo.ba\\\/wp-content\\\/uploads\\\/2021\\\/03\\\/logo-ver-3-1.png\",\"width\":350,\"height\":95,\"caption\":\"TuzlaInfo.ba\"},\"image\":{\"@id\":\"https:\\\/\\\/tuzlainfo.ba\\\/#\\\/schema\\\/logo\\\/image\\\/\"},\"sameAs\":[\"https:\\\/\\\/www.facebook.com\\\/tuzlainfo.ba\\\/\"]},{\"@type\":\"Person\",\"@id\":\"https:\\\/\\\/tuzlainfo.ba\\\/#\\\/schema\\\/person\\\/f434e20dc27ea133923aab08451b7f7f\",\"name\":\"nedim\",\"image\":{\"@type\":\"ImageObject\",\"inLanguage\":\"bs-BA\",\"@id\":\"https:\\\/\\\/secure.gravatar.com\\\/avatar\\\/5b928a2e7e70a54208d2eb6c1edcb75a5350d6ae97d5f0a701203d456823f6f3?s=96&d=mm&r=g\",\"url\":\"https:\\\/\\\/secure.gravatar.com\\\/avatar\\\/5b928a2e7e70a54208d2eb6c1edcb75a5350d6ae97d5f0a701203d456823f6f3?s=96&d=mm&r=g\",\"contentUrl\":\"https:\\\/\\\/secure.gravatar.com\\\/avatar\\\/5b928a2e7e70a54208d2eb6c1edcb75a5350d6ae97d5f0a701203d456823f6f3?s=96&d=mm&r=g\",\"caption\":\"nedim\"},\"description\":\"Tuzlainfo.ba pratite na dru\u0161tvenim mre\u017eama: Facebook, Instagram i Youtube. Svoje pri\u010de, upite i fotografije \u0161aljite na na\u0161u e-mail adresu.\"}]}<\/script>\n<!-- \/ Yoast SEO plugin. -->","yoast_head_json":{"title":"Vu\u010di\u0107 o sahrani zlo\u010dinca Mladi\u0107a: \"Htjeli su nas natjerati da radimo pasja groblja za svoje ljude\"","robots":{"index":"index","follow":"follow","max-snippet":"max-snippet:-1","max-image-preview":"max-image-preview:large","max-video-preview":"max-video-preview:-1"},"canonical":"https:\/\/tuzlainfo.ba\/index.php\/clanci\/sa-svih-strana\/item\/315100-vucic-o-sahrani-zlocinca-mladica-htjeli-su-nas-natjerati-da-radimo-pasja-groblja-za-svoje-ljude\/","og_locale":"bs_BA","og_type":"article","og_title":"Vu\u010di\u0107 o sahrani zlo\u010dinca Mladi\u0107a: \"Htjeli su nas natjerati da radimo pasja groblja za svoje ljude\"","og_description":"Predsjednik Srbije Aleksandar Vu\u010di\u0107 ponovo je kritikovao zvani\u010dnike Evropske unije, nekoliko dana nakon \u0161to je evropska komesarka za pro\u0161irenje Marta Kos otkazala posjetu Srbiji zbog veli\u010danja ratnog zlo\u010dinca Ratka Mladi\u0107a. Vu\u010di\u0107 je tokom obilaska Zapadnoba\u010dkog okruga govorio o, kako tvrdi, mije\u0161anju vanjskih faktora u unutra\u0161nja politi\u010dka pitanja Srbije, a doga\u0111aje povezane sa studentskim protestima i [&hellip;]","og_url":"https:\/\/tuzlainfo.ba\/index.php\/clanci\/sa-svih-strana\/item\/315100-vucic-o-sahrani-zlocinca-mladica-htjeli-su-nas-natjerati-da-radimo-pasja-groblja-za-svoje-ljude\/","og_site_name":"TuzlaInfo.ba","article_publisher":"https:\/\/www.facebook.com\/tuzlainfo.ba\/","article_published_time":"2026-09-06T14:56:31+00:00","og_image":[{"width":768,"height":476,"url":"https:\/\/tuzlainfo.ba\/wp-content\/uploads\/2024\/05\/2705_aleksandar-vucic-zastava.webp","type":"image\/webp"}],"author":"nedim","twitter_card":"summary_large_image","twitter_misc":{"Written by":"nedim","Est. reading time":"3 minute"},"schema":{"@context":"https:\/\/schema.org","@graph":[{"@type":"Article","@id":"https:\/\/tuzlainfo.ba\/index.php\/clanci\/sa-svih-strana\/item\/315100-vucic-o-sahrani-zlocinca-mladica-htjeli-su-nas-natjerati-da-radimo-pasja-groblja-za-svoje-ljude\/#article","isPartOf":{"@id":"https:\/\/tuzlainfo.ba\/index.php\/clanci\/sa-svih-strana\/item\/315100-vucic-o-sahrani-zlocinca-mladica-htjeli-su-nas-natjerati-da-radimo-pasja-groblja-za-svoje-ljude\/"},"author":{"name":"nedim","@id":"https:\/\/tuzlainfo.ba\/#\/schema\/person\/f434e20dc27ea133923aab08451b7f7f"},"headline":"Vu\u010di\u0107 o sahrani zlo\u010dinca Mladi\u0107a: &#8220;Htjeli su nas natjerati da radimo pasja groblja za svoje ljude&#8221;","datePublished":"2026-09-06T14:56:31+00:00","mainEntityOfPage":{"@id":"https:\/\/tuzlainfo.ba\/index.php\/clanci\/sa-svih-strana\/item\/315100-vucic-o-sahrani-zlocinca-mladica-htjeli-su-nas-natjerati-da-radimo-pasja-groblja-za-svoje-ljude\/"},"wordCount":545,"publisher":{"@id":"https:\/\/tuzlainfo.ba\/#organization"},"image":{"@id":"https:\/\/tuzlainfo.ba\/index.php\/clanci\/sa-svih-strana\/item\/315100-vucic-o-sahrani-zlocinca-mladica-htjeli-su-nas-natjerati-da-radimo-pasja-groblja-za-svoje-ljude\/#primaryimage"},"thumbnailUrl":"https:\/\/tuzlainfo.ba\/wp-content\/uploads\/2024\/05\/2705_aleksandar-vucic-zastava.webp","keywords":["aleksandar vu\u010di\u0107","ratko mladi\u0107","srbija"],"articleSection":["Sa svih strana"],"inLanguage":"bs-BA","copyrightYear":"2026","copyrightHolder":{"@id":"https:\/\/tuzlainfo.ba\/#organization"}},{"@type":"WebPage","@id":"https:\/\/tuzlainfo.ba\/index.php\/clanci\/sa-svih-strana\/item\/315100-vucic-o-sahrani-zlocinca-mladica-htjeli-su-nas-natjerati-da-radimo-pasja-groblja-za-svoje-ljude\/","url":"https:\/\/tuzlainfo.ba\/index.php\/clanci\/sa-svih-strana\/item\/315100-vucic-o-sahrani-zlocinca-mladica-htjeli-su-nas-natjerati-da-radimo-pasja-groblja-za-svoje-ljude\/","name":"Vu\u010di\u0107 o sahrani zlo\u010dinca Mladi\u0107a: \"Htjeli su nas natjerati da radimo pasja groblja za svoje ljude\"","isPartOf":{"@id":"https:\/\/tuzlainfo.ba\/#website"},"primaryImageOfPage":{"@id":"https:\/\/tuzlainfo.ba\/index.php\/clanci\/sa-svih-strana\/item\/315100-vucic-o-sahrani-zlocinca-mladica-htjeli-su-nas-natjerati-da-radimo-pasja-groblja-za-svoje-ljude\/#primaryimage"},"image":{"@id":"https:\/\/tuzlainfo.ba\/index.php\/clanci\/sa-svih-strana\/item\/315100-vucic-o-sahrani-zlocinca-mladica-htjeli-su-nas-natjerati-da-radimo-pasja-groblja-za-svoje-ljude\/#primaryimage"},"thumbnailUrl":"https:\/\/tuzlainfo.ba\/wp-content\/uploads\/2024\/05\/2705_aleksandar-vucic-zastava.webp","datePublished":"2026-09-06T14:56:31+00:00","breadcrumb":{"@id":"https:\/\/tuzlainfo.ba\/index.php\/clanci\/sa-svih-strana\/item\/315100-vucic-o-sahrani-zlocinca-mladica-htjeli-su-nas-natjerati-da-radimo-pasja-groblja-za-svoje-ljude\/#breadcrumb"},"inLanguage":"bs-BA","potentialAction":[{"@type":"ReadAction","target":["https:\/\/tuzlainfo.ba\/index.php\/clanci\/sa-svih-strana\/item\/315100-vucic-o-sahrani-zlocinca-mladica-htjeli-su-nas-natjerati-da-radimo-pasja-groblja-za-svoje-ljude\/"]}]},{"@type":"ImageObject","inLanguage":"bs-BA","@id":"https:\/\/tuzlainfo.ba\/index.php\/clanci\/sa-svih-strana\/item\/315100-vucic-o-sahrani-zlocinca-mladica-htjeli-su-nas-natjerati-da-radimo-pasja-groblja-za-svoje-ljude\/#primaryimage","url":"https:\/\/tuzlainfo.ba\/wp-content\/uploads\/2024\/05\/2705_aleksandar-vucic-zastava.webp","contentUrl":"https:\/\/tuzlainfo.ba\/wp-content\/uploads\/2024\/05\/2705_aleksandar-vucic-zastava.webp","width":768,"height":476},{"@type":"BreadcrumbList","@id":"https:\/\/tuzlainfo.ba\/index.php\/clanci\/sa-svih-strana\/item\/315100-vucic-o-sahrani-zlocinca-mladica-htjeli-su-nas-natjerati-da-radimo-pasja-groblja-za-svoje-ljude\/#breadcrumb","itemListElement":[{"@type":"ListItem","position":1,"name":"Home","item":"https:\/\/tuzlainfo.ba\/"},{"@type":"ListItem","position":2,"name":"Vu\u010di\u0107 o sahrani zlo\u010dinca Mladi\u0107a: &#8220;Htjeli su nas natjerati da radimo pasja groblja za svoje ljude&#8221;"}]},{"@type":"WebSite","@id":"https:\/\/tuzlainfo.ba\/#website","url":"https:\/\/tuzlainfo.ba\/","name":"TuzlaInfo.ba","description":"Tuzla info, gradski informator - Tuzla na dlanu","publisher":{"@id":"https:\/\/tuzlainfo.ba\/#organization"},"potentialAction":[{"@type":"SearchAction","target":{"@type":"EntryPoint","urlTemplate":"https:\/\/tuzlainfo.ba\/?s={search_term_string}"},"query-input":{"@type":"PropertyValueSpecification","valueRequired":true,"valueName":"search_term_string"}}],"inLanguage":"bs-BA"},{"@type":"Organization","@id":"https:\/\/tuzlainfo.ba\/#organization","name":"TuzlaInfo.ba","url":"https:\/\/tuzlainfo.ba\/","logo":{"@type":"ImageObject","inLanguage":"bs-BA","@id":"https:\/\/tuzlainfo.ba\/#\/schema\/logo\/image\/","url":"https:\/\/tuzlainfo.ba\/wp-content\/uploads\/2021\/03\/logo-ver-3-1.png","contentUrl":"https:\/\/tuzlainfo.ba\/wp-content\/uploads\/2021\/03\/logo-ver-3-1.png","width":350,"height":95,"caption":"TuzlaInfo.ba"},"image":{"@id":"https:\/\/tuzlainfo.ba\/#\/schema\/logo\/image\/"},"sameAs":["https:\/\/www.facebook.com\/tuzlainfo.ba\/"]},{"@type":"Person","@id":"https:\/\/tuzlainfo.ba\/#\/schema\/person\/f434e20dc27ea133923aab08451b7f7f","name":"nedim","image":{"@type":"ImageObject","inLanguage":"bs-BA","@id":"https:\/\/secure.gravatar.com\/avatar\/5b928a2e7e70a54208d2eb6c1edcb75a5350d6ae97d5f0a701203d456823f6f3?s=96&d=mm&r=g","url":"https:\/\/secure.gravatar.com\/avatar\/5b928a2e7e70a54208d2eb6c1edcb75a5350d6ae97d5f0a701203d456823f6f3?s=96&d=mm&r=g","contentUrl":"https:\/\/secure.gravatar.com\/avatar\/5b928a2e7e70a54208d2eb6c1edcb75a5350d6ae97d5f0a701203d456823f6f3?s=96&d=mm&r=g","caption":"nedim"},"description":"Tuzlainfo.ba pratite na dru\u0161tvenim mre\u017eama: Facebook, Instagram i Youtube. Svoje pri\u010de, upite i fotografije \u0161aljite na na\u0161u e-mail adresu."}]}},"_links":{"self":[{"href":"https:\/\/tuzlainfo.ba\/index.php\/wp-json\/wp\/v2\/posts\/315100","targetHints":{"allow":["GET"]}}],"collection":[{"href":"https:\/\/tuzlainfo.ba\/index.php\/wp-json\/wp\/v2\/posts"}],"about":[{"href":"https:\/\/tuzlainfo.ba\/index.php\/wp-json\/wp\/v2\/types\/post"}],"author":[{"embeddable":true,"href":"https:\/\/tuzlainfo.ba\/index.php\/wp-json\/wp\/v2\/users\/2"}],"replies":[{"embeddable":true,"href":"https:\/\/tuzlainfo.ba\/index.php\/wp-json\/wp\/v2\/comments?post=315100"}],"version-history":[{"count":1,"href":"https:\/\/tuzlainfo.ba\/index.php\/wp-json\/wp\/v2\/posts\/315100\/revisions"}],"predecessor-version":[{"id":315101,"href":"https:\/\/tuzlainfo.ba\/index.php\/wp-json\/wp\/v2\/posts\/315100\/revisions\/315101"}],"wp:featuredmedia":[{"embeddable":true,"href":"https:\/\/tuzlainfo.ba\/index.php\/wp-json\/wp\/v2\/media\/239613"}],"wp:attachment":[{"href":"https:\/\/tuzlainfo.ba\/index.php\/wp-json\/wp\/v2\/media?parent=315100"}],"wp:term":[{"taxonomy":"category","embeddable":true,"href":"https:\/\/tuzlainfo.ba\/index.php\/wp-json\/wp\/v2\/categories?post=315100"},{"taxonomy":"post_tag","embeddable":true,"href":"https:\/\/tuzlainfo.ba\/index.php\/wp-json\/wp\/v2\/tags?post=315100"}],"curies":[{"name":"wp","href":"https:\/\/api.w.org\/{rel}","templated":true}]}}