{"id":315091,"date":"2026-09-06T13:18:02","date_gmt":"2026-09-06T11:18:02","guid":{"rendered":"https:\/\/tuzlainfo.ba\/?p=315091"},"modified":"2026-09-06T13:18:02","modified_gmt":"2026-09-06T11:18:02","slug":"go-sdp-bih-tuzla-iz-tuzle-je-krenula-pobjednicka-kampanja-sdp-a-bih","status":"publish","type":"post","link":"https:\/\/tuzlainfo.ba\/index.php\/clanci\/izbori-clanci\/item\/315091-go-sdp-bih-tuzla-iz-tuzle-je-krenula-pobjednicka-kampanja-sdp-a-bih\/","title":{"rendered":"GO SDP BiH Tuzla: Iz Tuzle je krenula pobjedni\u010dka kampanja SDP-a BiH"},"content":{"rendered":"<p>Gradska organizacija SDP BiH Tuzla oglasila se nakon sino\u0107njeg centralnog promotivnog skupa SDP-a BiH, kojim je u Velikoj dvorani SKPC Mejdan u Tuzli otvorena kampanja za Op\u0107e izbore 2026. godine.<\/p>\n<p>Iz GO SDP BiH Tuzla naveli su da je ispunjena Velika dvorana Mejdana pokazala snagu i zajedni\u0161tvo \u010dlanova i simpatizera socijaldemokratije koji su u Tuzlu stigli iz razli\u010ditih krajeva Bosne i Hercegovine.<\/p>\n<p><img fetchpriority=\"high\" decoding=\"async\" class=\"alignnone size-full wp-image-315094\" src=\"https:\/\/tuzlainfo.ba\/wp-content\/uploads\/2026\/09\/IMG_6422.jpeg\" alt=\"\" width=\"1200\" height=\"800\" srcset=\"https:\/\/tuzlainfo.ba\/wp-content\/uploads\/2026\/09\/IMG_6422.jpeg 1200w, https:\/\/tuzlainfo.ba\/wp-content\/uploads\/2026\/09\/IMG_6422-300x200.jpeg 300w, https:\/\/tuzlainfo.ba\/wp-content\/uploads\/2026\/09\/IMG_6422-1024x683.jpeg 1024w, https:\/\/tuzlainfo.ba\/wp-content\/uploads\/2026\/09\/IMG_6422-768x512.jpeg 768w, https:\/\/tuzlainfo.ba\/wp-content\/uploads\/2026\/09\/IMG_6422-150x100.jpeg 150w, https:\/\/tuzlainfo.ba\/wp-content\/uploads\/2026\/09\/IMG_6422-500x333.jpeg 500w, https:\/\/tuzlainfo.ba\/wp-content\/uploads\/2026\/09\/IMG_6422-1170x780.jpeg 1170w, https:\/\/tuzlainfo.ba\/wp-content\/uploads\/2026\/09\/IMG_6422-585x390.jpeg 585w, https:\/\/tuzlainfo.ba\/wp-content\/uploads\/2026\/09\/IMG_6422-263x175.jpeg 263w, https:\/\/tuzlainfo.ba\/wp-content\/uploads\/2026\/09\/IMG_6422-120x80.jpeg 120w\" sizes=\"(max-width: 1200px) 100vw, 1200px\" \/><\/p>\n<p>\u201eSino\u0107 je tuzlanski Mejdan bio mjesto zajedni\u0161tva, energije i snage socijaldemokratije iz cijele Bosne i Hercegovine. Puna Velika dvorana pokazala je da smo spremni za ono \u0161to je pred nama. Pokazala je snagu ljudi okupljenih oko ideje pravednije, sigurnije i bolje Bosne i Hercegovine\u201c, poru\u010dili su iz tuzlanskog SDP-a.<\/p>\n<p>Posebno su istakli zna\u010daj \u010dinjenice da je upravo Tuzla izabrana za po\u010detak kampanje SDP-a BiH za Op\u0107e izbore koji \u0107e biti odr\u017eani 4. oktobra.<\/p>\n<p>\u201eTuzla je jo\u0161 jednom pokazala da zna biti najbolji doma\u0107in, ali i da ostaje jedan od najsna\u017enijih bedema socijaldemokratije u Bosni i Hercegovini\u201c, naveli su.<\/p>\n<p><img decoding=\"async\" class=\"alignnone size-full wp-image-315093\" src=\"https:\/\/tuzlainfo.ba\/wp-content\/uploads\/2026\/09\/IMG_6423.jpeg\" alt=\"\" width=\"1200\" height=\"800\" srcset=\"https:\/\/tuzlainfo.ba\/wp-content\/uploads\/2026\/09\/IMG_6423.jpeg 1200w, https:\/\/tuzlainfo.ba\/wp-content\/uploads\/2026\/09\/IMG_6423-300x200.jpeg 300w, https:\/\/tuzlainfo.ba\/wp-content\/uploads\/2026\/09\/IMG_6423-1024x683.jpeg 1024w, https:\/\/tuzlainfo.ba\/wp-content\/uploads\/2026\/09\/IMG_6423-768x512.jpeg 768w, https:\/\/tuzlainfo.ba\/wp-content\/uploads\/2026\/09\/IMG_6423-150x100.jpeg 150w, https:\/\/tuzlainfo.ba\/wp-content\/uploads\/2026\/09\/IMG_6423-500x333.jpeg 500w, https:\/\/tuzlainfo.ba\/wp-content\/uploads\/2026\/09\/IMG_6423-1170x780.jpeg 1170w, https:\/\/tuzlainfo.ba\/wp-content\/uploads\/2026\/09\/IMG_6423-585x390.jpeg 585w, https:\/\/tuzlainfo.ba\/wp-content\/uploads\/2026\/09\/IMG_6423-263x175.jpeg 263w, https:\/\/tuzlainfo.ba\/wp-content\/uploads\/2026\/09\/IMG_6423-120x80.jpeg 120w\" sizes=\"(max-width: 1200px) 100vw, 1200px\" \/><\/p>\n<p>Iz GO SDP BiH Tuzla zahvalili su \u010dlanovima i simpatizerima koji su stigli iz drugih dijelova BiH, kao i gra\u0111anima Tuzle koji su prisustvovali skupu.<\/p>\n<p>\u201eKampanja je po\u010dela. Idemo zajedno. Idemo odlu\u010dno. Idemo po pobjedu! Jedna dr\u017eava. Jedan tim\u201c, zaklju\u010dili su iz GO SDP BiH Tuzla.<\/p>\n<p>Na sino\u0107njem skupu govorili su Denis Be\u0107irovi\u0107, kandidat za \u010dlana Predsjedni\u0161tva BiH, predsjednik SDP-a BiH Nermin Nik\u0161i\u0107 i D\u017eevad Had\u017ei\u0107, kandidat za Skup\u0161tinu Tuzlanskog kantona, a predstavljene su i klju\u010dne poruke s kojima ova stranka ulazi u predizbornu kampanju.<\/p>\n","protected":false},"excerpt":{"rendered":"<p>Gradska organizacija SDP BiH Tuzla oglasila se nakon sino\u0107njeg centralnog promotivnog skupa SDP-a BiH, kojim je u Velikoj dvorani SKPC Mejdan u Tuzli otvorena kampanja za Op\u0107e izbore 2026. godine. Iz GO SDP BiH Tuzla naveli su da je ispunjena Velika dvorana Mejdana pokazala snagu i zajedni\u0161tvo \u010dlanova i simpatizera socijaldemokratije koji su u Tuzlu [&hellip;]<\/p>\n","protected":false},"author":2,"featured_media":315092,"comment_status":"closed","ping_status":"closed","sticky":false,"template":"","format":"standard","meta":{"footnotes":""},"categories":[15],"tags":[5359,475],"class_list":["post-315091","post","type-post","status-publish","format-standard","has-post-thumbnail","hentry","category-izbori-clanci","tag-go-sdp-bih-tuzla","tag-izbori"],"yoast_head":"<!-- This site is optimized with the Yoast SEO plugin v28.4 - https:\/\/yoast.com\/product\/yoast-seo-wordpress\/ -->\n<title>GO SDP BiH Tuzla: Iz Tuzle je krenula pobjedni\u010dka kampanja SDP-a BiH<\/title>\n<meta name=\"robots\" content=\"index, follow, max-snippet:-1, max-image-preview:large, max-video-preview:-1\" \/>\n<link rel=\"canonical\" href=\"https:\/\/tuzlainfo.ba\/index.php\/clanci\/izbori-clanci\/item\/315091-go-sdp-bih-tuzla-iz-tuzle-je-krenula-pobjednicka-kampanja-sdp-a-bih\/\" \/>\n<meta property=\"og:locale\" content=\"bs_BA\" \/>\n<meta property=\"og:type\" content=\"article\" \/>\n<meta property=\"og:title\" content=\"GO SDP BiH Tuzla: Iz Tuzle je krenula pobjedni\u010dka kampanja SDP-a BiH\" \/>\n<meta property=\"og:description\" content=\"Gradska organizacija SDP BiH Tuzla oglasila se nakon sino\u0107njeg centralnog promotivnog skupa SDP-a BiH, kojim je u Velikoj dvorani SKPC Mejdan u Tuzli otvorena kampanja za Op\u0107e izbore 2026. godine. Iz GO SDP BiH Tuzla naveli su da je ispunjena Velika dvorana Mejdana pokazala snagu i zajedni\u0161tvo \u010dlanova i simpatizera socijaldemokratije koji su u Tuzlu [&hellip;]\" \/>\n<meta property=\"og:url\" content=\"https:\/\/tuzlainfo.ba\/index.php\/clanci\/izbori-clanci\/item\/315091-go-sdp-bih-tuzla-iz-tuzle-je-krenula-pobjednicka-kampanja-sdp-a-bih\/\" \/>\n<meta property=\"og:site_name\" content=\"TuzlaInfo.ba\" \/>\n<meta property=\"article:publisher\" content=\"https:\/\/www.facebook.com\/tuzlainfo.ba\/\" \/>\n<meta property=\"article:published_time\" content=\"2026-09-06T11:18:02+00:00\" \/>\n<meta property=\"og:image\" content=\"https:\/\/tuzlainfo.ba\/wp-content\/uploads\/2026\/09\/IMG_6424.jpeg\" \/>\n\t<meta property=\"og:image:width\" content=\"1800\" \/>\n\t<meta property=\"og:image:height\" content=\"1200\" \/>\n\t<meta property=\"og:image:type\" content=\"image\/jpeg\" \/>\n<meta name=\"author\" content=\"nedim\" \/>\n<meta name=\"twitter:card\" content=\"summary_large_image\" \/>\n<meta name=\"twitter:label1\" content=\"Written by\" \/>\n\t<meta name=\"twitter:data1\" content=\"nedim\" \/>\n\t<meta name=\"twitter:label2\" content=\"Est. reading time\" \/>\n\t<meta name=\"twitter:data2\" content=\"2 minute\" \/>\n<script type=\"application\/ld+json\" class=\"yoast-schema-graph\">{\"@context\":\"https:\\\/\\\/schema.org\",\"@graph\":[{\"@type\":\"Article\",\"@id\":\"https:\\\/\\\/tuzlainfo.ba\\\/index.php\\\/clanci\\\/izbori-clanci\\\/item\\\/315091-go-sdp-bih-tuzla-iz-tuzle-je-krenula-pobjednicka-kampanja-sdp-a-bih\\\/#article\",\"isPartOf\":{\"@id\":\"https:\\\/\\\/tuzlainfo.ba\\\/index.php\\\/clanci\\\/izbori-clanci\\\/item\\\/315091-go-sdp-bih-tuzla-iz-tuzle-je-krenula-pobjednicka-kampanja-sdp-a-bih\\\/\"},\"author\":{\"name\":\"nedim\",\"@id\":\"https:\\\/\\\/tuzlainfo.ba\\\/#\\\/schema\\\/person\\\/f434e20dc27ea133923aab08451b7f7f\"},\"headline\":\"GO SDP BiH Tuzla: Iz Tuzle je krenula pobjedni\u010dka kampanja SDP-a BiH\",\"datePublished\":\"2026-09-06T11:18:02+00:00\",\"mainEntityOfPage\":{\"@id\":\"https:\\\/\\\/tuzlainfo.ba\\\/index.php\\\/clanci\\\/izbori-clanci\\\/item\\\/315091-go-sdp-bih-tuzla-iz-tuzle-je-krenula-pobjednicka-kampanja-sdp-a-bih\\\/\"},\"wordCount\":281,\"publisher\":{\"@id\":\"https:\\\/\\\/tuzlainfo.ba\\\/#organization\"},\"image\":{\"@id\":\"https:\\\/\\\/tuzlainfo.ba\\\/index.php\\\/clanci\\\/izbori-clanci\\\/item\\\/315091-go-sdp-bih-tuzla-iz-tuzle-je-krenula-pobjednicka-kampanja-sdp-a-bih\\\/#primaryimage\"},\"thumbnailUrl\":\"https:\\\/\\\/tuzlainfo.ba\\\/wp-content\\\/uploads\\\/2026\\\/09\\\/IMG_6424.jpeg\",\"keywords\":[\"go sdp bih tuzla\",\"izbori\"],\"articleSection\":[\"Izbori\"],\"inLanguage\":\"bs-BA\",\"copyrightYear\":\"2026\",\"copyrightHolder\":{\"@id\":\"https:\\\/\\\/tuzlainfo.ba\\\/#organization\"}},{\"@type\":\"WebPage\",\"@id\":\"https:\\\/\\\/tuzlainfo.ba\\\/index.php\\\/clanci\\\/izbori-clanci\\\/item\\\/315091-go-sdp-bih-tuzla-iz-tuzle-je-krenula-pobjednicka-kampanja-sdp-a-bih\\\/\",\"url\":\"https:\\\/\\\/tuzlainfo.ba\\\/index.php\\\/clanci\\\/izbori-clanci\\\/item\\\/315091-go-sdp-bih-tuzla-iz-tuzle-je-krenula-pobjednicka-kampanja-sdp-a-bih\\\/\",\"name\":\"GO SDP BiH Tuzla: Iz Tuzle je krenula pobjedni\u010dka kampanja SDP-a BiH\",\"isPartOf\":{\"@id\":\"https:\\\/\\\/tuzlainfo.ba\\\/#website\"},\"primaryImageOfPage\":{\"@id\":\"https:\\\/\\\/tuzlainfo.ba\\\/index.php\\\/clanci\\\/izbori-clanci\\\/item\\\/315091-go-sdp-bih-tuzla-iz-tuzle-je-krenula-pobjednicka-kampanja-sdp-a-bih\\\/#primaryimage\"},\"image\":{\"@id\":\"https:\\\/\\\/tuzlainfo.ba\\\/index.php\\\/clanci\\\/izbori-clanci\\\/item\\\/315091-go-sdp-bih-tuzla-iz-tuzle-je-krenula-pobjednicka-kampanja-sdp-a-bih\\\/#primaryimage\"},\"thumbnailUrl\":\"https:\\\/\\\/tuzlainfo.ba\\\/wp-content\\\/uploads\\\/2026\\\/09\\\/IMG_6424.jpeg\",\"datePublished\":\"2026-09-06T11:18:02+00:00\",\"breadcrumb\":{\"@id\":\"https:\\\/\\\/tuzlainfo.ba\\\/index.php\\\/clanci\\\/izbori-clanci\\\/item\\\/315091-go-sdp-bih-tuzla-iz-tuzle-je-krenula-pobjednicka-kampanja-sdp-a-bih\\\/#breadcrumb\"},\"inLanguage\":\"bs-BA\",\"potentialAction\":[{\"@type\":\"ReadAction\",\"target\":[\"https:\\\/\\\/tuzlainfo.ba\\\/index.php\\\/clanci\\\/izbori-clanci\\\/item\\\/315091-go-sdp-bih-tuzla-iz-tuzle-je-krenula-pobjednicka-kampanja-sdp-a-bih\\\/\"]}]},{\"@type\":\"ImageObject\",\"inLanguage\":\"bs-BA\",\"@id\":\"https:\\\/\\\/tuzlainfo.ba\\\/index.php\\\/clanci\\\/izbori-clanci\\\/item\\\/315091-go-sdp-bih-tuzla-iz-tuzle-je-krenula-pobjednicka-kampanja-sdp-a-bih\\\/#primaryimage\",\"url\":\"https:\\\/\\\/tuzlainfo.ba\\\/wp-content\\\/uploads\\\/2026\\\/09\\\/IMG_6424.jpeg\",\"contentUrl\":\"https:\\\/\\\/tuzlainfo.ba\\\/wp-content\\\/uploads\\\/2026\\\/09\\\/IMG_6424.jpeg\",\"width\":1800,\"height\":1200},{\"@type\":\"BreadcrumbList\",\"@id\":\"https:\\\/\\\/tuzlainfo.ba\\\/index.php\\\/clanci\\\/izbori-clanci\\\/item\\\/315091-go-sdp-bih-tuzla-iz-tuzle-je-krenula-pobjednicka-kampanja-sdp-a-bih\\\/#breadcrumb\",\"itemListElement\":[{\"@type\":\"ListItem\",\"position\":1,\"name\":\"Home\",\"item\":\"https:\\\/\\\/tuzlainfo.ba\\\/\"},{\"@type\":\"ListItem\",\"position\":2,\"name\":\"GO SDP BiH Tuzla: Iz Tuzle je krenula pobjedni\u010dka kampanja SDP-a BiH\"}]},{\"@type\":\"WebSite\",\"@id\":\"https:\\\/\\\/tuzlainfo.ba\\\/#website\",\"url\":\"https:\\\/\\\/tuzlainfo.ba\\\/\",\"name\":\"TuzlaInfo.ba\",\"description\":\"Tuzla info, gradski informator - Tuzla na dlanu\",\"publisher\":{\"@id\":\"https:\\\/\\\/tuzlainfo.ba\\\/#organization\"},\"potentialAction\":[{\"@type\":\"SearchAction\",\"target\":{\"@type\":\"EntryPoint\",\"urlTemplate\":\"https:\\\/\\\/tuzlainfo.ba\\\/?s={search_term_string}\"},\"query-input\":{\"@type\":\"PropertyValueSpecification\",\"valueRequired\":true,\"valueName\":\"search_term_string\"}}],\"inLanguage\":\"bs-BA\"},{\"@type\":\"Organization\",\"@id\":\"https:\\\/\\\/tuzlainfo.ba\\\/#organization\",\"name\":\"TuzlaInfo.ba\",\"url\":\"https:\\\/\\\/tuzlainfo.ba\\\/\",\"logo\":{\"@type\":\"ImageObject\",\"inLanguage\":\"bs-BA\",\"@id\":\"https:\\\/\\\/tuzlainfo.ba\\\/#\\\/schema\\\/logo\\\/image\\\/\",\"url\":\"https:\\\/\\\/tuzlainfo.ba\\\/wp-content\\\/uploads\\\/2021\\\/03\\\/logo-ver-3-1.png\",\"contentUrl\":\"https:\\\/\\\/tuzlainfo.ba\\\/wp-content\\\/uploads\\\/2021\\\/03\\\/logo-ver-3-1.png\",\"width\":350,\"height\":95,\"caption\":\"TuzlaInfo.ba\"},\"image\":{\"@id\":\"https:\\\/\\\/tuzlainfo.ba\\\/#\\\/schema\\\/logo\\\/image\\\/\"},\"sameAs\":[\"https:\\\/\\\/www.facebook.com\\\/tuzlainfo.ba\\\/\"]},{\"@type\":\"Person\",\"@id\":\"https:\\\/\\\/tuzlainfo.ba\\\/#\\\/schema\\\/person\\\/f434e20dc27ea133923aab08451b7f7f\",\"name\":\"nedim\",\"image\":{\"@type\":\"ImageObject\",\"inLanguage\":\"bs-BA\",\"@id\":\"https:\\\/\\\/secure.gravatar.com\\\/avatar\\\/5b928a2e7e70a54208d2eb6c1edcb75a5350d6ae97d5f0a701203d456823f6f3?s=96&d=mm&r=g\",\"url\":\"https:\\\/\\\/secure.gravatar.com\\\/avatar\\\/5b928a2e7e70a54208d2eb6c1edcb75a5350d6ae97d5f0a701203d456823f6f3?s=96&d=mm&r=g\",\"contentUrl\":\"https:\\\/\\\/secure.gravatar.com\\\/avatar\\\/5b928a2e7e70a54208d2eb6c1edcb75a5350d6ae97d5f0a701203d456823f6f3?s=96&d=mm&r=g\",\"caption\":\"nedim\"},\"description\":\"Tuzlainfo.ba pratite na dru\u0161tvenim mre\u017eama: Facebook, Instagram i Youtube. Svoje pri\u010de, upite i fotografije \u0161aljite na na\u0161u e-mail adresu.\"}]}<\/script>\n<!-- \/ Yoast SEO plugin. -->","yoast_head_json":{"title":"GO SDP BiH Tuzla: Iz Tuzle je krenula pobjedni\u010dka kampanja SDP-a BiH","robots":{"index":"index","follow":"follow","max-snippet":"max-snippet:-1","max-image-preview":"max-image-preview:large","max-video-preview":"max-video-preview:-1"},"canonical":"https:\/\/tuzlainfo.ba\/index.php\/clanci\/izbori-clanci\/item\/315091-go-sdp-bih-tuzla-iz-tuzle-je-krenula-pobjednicka-kampanja-sdp-a-bih\/","og_locale":"bs_BA","og_type":"article","og_title":"GO SDP BiH Tuzla: Iz Tuzle je krenula pobjedni\u010dka kampanja SDP-a BiH","og_description":"Gradska organizacija SDP BiH Tuzla oglasila se nakon sino\u0107njeg centralnog promotivnog skupa SDP-a BiH, kojim je u Velikoj dvorani SKPC Mejdan u Tuzli otvorena kampanja za Op\u0107e izbore 2026. godine. Iz GO SDP BiH Tuzla naveli su da je ispunjena Velika dvorana Mejdana pokazala snagu i zajedni\u0161tvo \u010dlanova i simpatizera socijaldemokratije koji su u Tuzlu [&hellip;]","og_url":"https:\/\/tuzlainfo.ba\/index.php\/clanci\/izbori-clanci\/item\/315091-go-sdp-bih-tuzla-iz-tuzle-je-krenula-pobjednicka-kampanja-sdp-a-bih\/","og_site_name":"TuzlaInfo.ba","article_publisher":"https:\/\/www.facebook.com\/tuzlainfo.ba\/","article_published_time":"2026-09-06T11:18:02+00:00","og_image":[{"width":1800,"height":1200,"url":"https:\/\/tuzlainfo.ba\/wp-content\/uploads\/2026\/09\/IMG_6424.jpeg","type":"image\/jpeg"}],"author":"nedim","twitter_card":"summary_large_image","twitter_misc":{"Written by":"nedim","Est. reading time":"2 minute"},"schema":{"@context":"https:\/\/schema.org","@graph":[{"@type":"Article","@id":"https:\/\/tuzlainfo.ba\/index.php\/clanci\/izbori-clanci\/item\/315091-go-sdp-bih-tuzla-iz-tuzle-je-krenula-pobjednicka-kampanja-sdp-a-bih\/#article","isPartOf":{"@id":"https:\/\/tuzlainfo.ba\/index.php\/clanci\/izbori-clanci\/item\/315091-go-sdp-bih-tuzla-iz-tuzle-je-krenula-pobjednicka-kampanja-sdp-a-bih\/"},"author":{"name":"nedim","@id":"https:\/\/tuzlainfo.ba\/#\/schema\/person\/f434e20dc27ea133923aab08451b7f7f"},"headline":"GO SDP BiH Tuzla: Iz Tuzle je krenula pobjedni\u010dka kampanja SDP-a BiH","datePublished":"2026-09-06T11:18:02+00:00","mainEntityOfPage":{"@id":"https:\/\/tuzlainfo.ba\/index.php\/clanci\/izbori-clanci\/item\/315091-go-sdp-bih-tuzla-iz-tuzle-je-krenula-pobjednicka-kampanja-sdp-a-bih\/"},"wordCount":281,"publisher":{"@id":"https:\/\/tuzlainfo.ba\/#organization"},"image":{"@id":"https:\/\/tuzlainfo.ba\/index.php\/clanci\/izbori-clanci\/item\/315091-go-sdp-bih-tuzla-iz-tuzle-je-krenula-pobjednicka-kampanja-sdp-a-bih\/#primaryimage"},"thumbnailUrl":"https:\/\/tuzlainfo.ba\/wp-content\/uploads\/2026\/09\/IMG_6424.jpeg","keywords":["go sdp bih tuzla","izbori"],"articleSection":["Izbori"],"inLanguage":"bs-BA","copyrightYear":"2026","copyrightHolder":{"@id":"https:\/\/tuzlainfo.ba\/#organization"}},{"@type":"WebPage","@id":"https:\/\/tuzlainfo.ba\/index.php\/clanci\/izbori-clanci\/item\/315091-go-sdp-bih-tuzla-iz-tuzle-je-krenula-pobjednicka-kampanja-sdp-a-bih\/","url":"https:\/\/tuzlainfo.ba\/index.php\/clanci\/izbori-clanci\/item\/315091-go-sdp-bih-tuzla-iz-tuzle-je-krenula-pobjednicka-kampanja-sdp-a-bih\/","name":"GO SDP BiH Tuzla: Iz Tuzle je krenula pobjedni\u010dka kampanja SDP-a BiH","isPartOf":{"@id":"https:\/\/tuzlainfo.ba\/#website"},"primaryImageOfPage":{"@id":"https:\/\/tuzlainfo.ba\/index.php\/clanci\/izbori-clanci\/item\/315091-go-sdp-bih-tuzla-iz-tuzle-je-krenula-pobjednicka-kampanja-sdp-a-bih\/#primaryimage"},"image":{"@id":"https:\/\/tuzlainfo.ba\/index.php\/clanci\/izbori-clanci\/item\/315091-go-sdp-bih-tuzla-iz-tuzle-je-krenula-pobjednicka-kampanja-sdp-a-bih\/#primaryimage"},"thumbnailUrl":"https:\/\/tuzlainfo.ba\/wp-content\/uploads\/2026\/09\/IMG_6424.jpeg","datePublished":"2026-09-06T11:18:02+00:00","breadcrumb":{"@id":"https:\/\/tuzlainfo.ba\/index.php\/clanci\/izbori-clanci\/item\/315091-go-sdp-bih-tuzla-iz-tuzle-je-krenula-pobjednicka-kampanja-sdp-a-bih\/#breadcrumb"},"inLanguage":"bs-BA","potentialAction":[{"@type":"ReadAction","target":["https:\/\/tuzlainfo.ba\/index.php\/clanci\/izbori-clanci\/item\/315091-go-sdp-bih-tuzla-iz-tuzle-je-krenula-pobjednicka-kampanja-sdp-a-bih\/"]}]},{"@type":"ImageObject","inLanguage":"bs-BA","@id":"https:\/\/tuzlainfo.ba\/index.php\/clanci\/izbori-clanci\/item\/315091-go-sdp-bih-tuzla-iz-tuzle-je-krenula-pobjednicka-kampanja-sdp-a-bih\/#primaryimage","url":"https:\/\/tuzlainfo.ba\/wp-content\/uploads\/2026\/09\/IMG_6424.jpeg","contentUrl":"https:\/\/tuzlainfo.ba\/wp-content\/uploads\/2026\/09\/IMG_6424.jpeg","width":1800,"height":1200},{"@type":"BreadcrumbList","@id":"https:\/\/tuzlainfo.ba\/index.php\/clanci\/izbori-clanci\/item\/315091-go-sdp-bih-tuzla-iz-tuzle-je-krenula-pobjednicka-kampanja-sdp-a-bih\/#breadcrumb","itemListElement":[{"@type":"ListItem","position":1,"name":"Home","item":"https:\/\/tuzlainfo.ba\/"},{"@type":"ListItem","position":2,"name":"GO SDP BiH Tuzla: Iz Tuzle je krenula pobjedni\u010dka kampanja SDP-a BiH"}]},{"@type":"WebSite","@id":"https:\/\/tuzlainfo.ba\/#website","url":"https:\/\/tuzlainfo.ba\/","name":"TuzlaInfo.ba","description":"Tuzla info, gradski informator - Tuzla na dlanu","publisher":{"@id":"https:\/\/tuzlainfo.ba\/#organization"},"potentialAction":[{"@type":"SearchAction","target":{"@type":"EntryPoint","urlTemplate":"https:\/\/tuzlainfo.ba\/?s={search_term_string}"},"query-input":{"@type":"PropertyValueSpecification","valueRequired":true,"valueName":"search_term_string"}}],"inLanguage":"bs-BA"},{"@type":"Organization","@id":"https:\/\/tuzlainfo.ba\/#organization","name":"TuzlaInfo.ba","url":"https:\/\/tuzlainfo.ba\/","logo":{"@type":"ImageObject","inLanguage":"bs-BA","@id":"https:\/\/tuzlainfo.ba\/#\/schema\/logo\/image\/","url":"https:\/\/tuzlainfo.ba\/wp-content\/uploads\/2021\/03\/logo-ver-3-1.png","contentUrl":"https:\/\/tuzlainfo.ba\/wp-content\/uploads\/2021\/03\/logo-ver-3-1.png","width":350,"height":95,"caption":"TuzlaInfo.ba"},"image":{"@id":"https:\/\/tuzlainfo.ba\/#\/schema\/logo\/image\/"},"sameAs":["https:\/\/www.facebook.com\/tuzlainfo.ba\/"]},{"@type":"Person","@id":"https:\/\/tuzlainfo.ba\/#\/schema\/person\/f434e20dc27ea133923aab08451b7f7f","name":"nedim","image":{"@type":"ImageObject","inLanguage":"bs-BA","@id":"https:\/\/secure.gravatar.com\/avatar\/5b928a2e7e70a54208d2eb6c1edcb75a5350d6ae97d5f0a701203d456823f6f3?s=96&d=mm&r=g","url":"https:\/\/secure.gravatar.com\/avatar\/5b928a2e7e70a54208d2eb6c1edcb75a5350d6ae97d5f0a701203d456823f6f3?s=96&d=mm&r=g","contentUrl":"https:\/\/secure.gravatar.com\/avatar\/5b928a2e7e70a54208d2eb6c1edcb75a5350d6ae97d5f0a701203d456823f6f3?s=96&d=mm&r=g","caption":"nedim"},"description":"Tuzlainfo.ba pratite na dru\u0161tvenim mre\u017eama: Facebook, Instagram i Youtube. Svoje pri\u010de, upite i fotografije \u0161aljite na na\u0161u e-mail adresu."}]}},"_links":{"self":[{"href":"https:\/\/tuzlainfo.ba\/index.php\/wp-json\/wp\/v2\/posts\/315091","targetHints":{"allow":["GET"]}}],"collection":[{"href":"https:\/\/tuzlainfo.ba\/index.php\/wp-json\/wp\/v2\/posts"}],"about":[{"href":"https:\/\/tuzlainfo.ba\/index.php\/wp-json\/wp\/v2\/types\/post"}],"author":[{"embeddable":true,"href":"https:\/\/tuzlainfo.ba\/index.php\/wp-json\/wp\/v2\/users\/2"}],"replies":[{"embeddable":true,"href":"https:\/\/tuzlainfo.ba\/index.php\/wp-json\/wp\/v2\/comments?post=315091"}],"version-history":[{"count":1,"href":"https:\/\/tuzlainfo.ba\/index.php\/wp-json\/wp\/v2\/posts\/315091\/revisions"}],"predecessor-version":[{"id":315095,"href":"https:\/\/tuzlainfo.ba\/index.php\/wp-json\/wp\/v2\/posts\/315091\/revisions\/315095"}],"wp:featuredmedia":[{"embeddable":true,"href":"https:\/\/tuzlainfo.ba\/index.php\/wp-json\/wp\/v2\/media\/315092"}],"wp:attachment":[{"href":"https:\/\/tuzlainfo.ba\/index.php\/wp-json\/wp\/v2\/media?parent=315091"}],"wp:term":[{"taxonomy":"category","embeddable":true,"href":"https:\/\/tuzlainfo.ba\/index.php\/wp-json\/wp\/v2\/categories?post=315091"},{"taxonomy":"post_tag","embeddable":true,"href":"https:\/\/tuzlainfo.ba\/index.php\/wp-json\/wp\/v2\/tags?post=315091"}],"curies":[{"name":"wp","href":"https:\/\/api.w.org\/{rel}","templated":true}]}}