{"id":315089,"date":"2026-09-06T19:04:42","date_gmt":"2026-09-06T17:04:42","guid":{"rendered":"https:\/\/tuzlainfo.ba\/?p=315089"},"modified":"2026-09-06T17:24:44","modified_gmt":"2026-09-06T15:24:44","slug":"putujete-iz-bih-u-hrvatsku-od-danas-se-mijenjaju-pravila-na-granici","status":"publish","type":"post","link":"https:\/\/tuzlainfo.ba\/index.php\/bosna-i-hercegovina\/item\/315089-putujete-iz-bih-u-hrvatsku-od-danas-se-mijenjaju-pravila-na-granici\/","title":{"rendered":"Putujete iz BiH u Hrvatsku? Od danas se mijenjaju pravila na granici"},"content":{"rendered":"<p>Putnike iz Bosne i Hercegovine koji putuju prema Hrvatskoj i drugim zemljama \u0161engenskog prostora od danas mogu o\u010dekivati detaljnije grani\u010dne procedure, nakon \u0161to isti\u010du privremene olak\u0161ice uvedene uz novi evropski sistem ulaska i izlaska iz Evropske unije.<\/p>\n<p>U nedjelju, 6. septembra, zavr\u0161ava period tokom kojeg su dr\u017eave \u010dlanice u izuzetnim situacijama mogle privremeno obustaviti dio biometrijskih provjera kako bi se sprije\u010dilo stvaranje velikih gu\u017evi na granicama i aerodromima.<\/p>\n<p>Iako to ne zna\u010di da \u0107e odjednom na svim grani\u010dnim prijelazima nastati kilometarske kolone, putnicima se savjetuje da prilikom planiranja putovanja ostave vi\u0161e vremena za paso\u0161ku kontrolu.<\/p>\n<p>\u0160ta se mijenja za gra\u0111ane BiH?<\/p>\n<p>EES, odnosno Entry\/Exit System, elektronski je sistem kojim se registruju ulasci i izlasci dr\u017eavljana zemalja koje nisu \u010dlanice Evropske unije, a koji u \u0161engenski prostor dolaze na kratkotrajni boravak.<\/p>\n<p>Umjesto dosada\u0161njeg pe\u010datiranja paso\u0161a, sistem digitalno evidentira prelazak granice, a prilikom registracije prikupljaju se podaci iz putne isprave, fotografija lica i otisci prstiju. Sistem je u potpunosti operativan od 10. aprila 2026. godine.<\/p>\n<p>Za gra\u0111ane BiH ovo je posebno va\u017eno prilikom putovanja u Hrvatsku, ali i u druge zemlje \u0161engenskog prostora.<\/p>\n<p>Ko ne podlije\u017ee EES-u?<\/p>\n<p>EES se ne odnosi na gra\u0111ane Evropske unije, pa tako ni na osobe koje imaju hrvatsko dr\u017eavljanstvo.<\/p>\n<p>To zna\u010di da gra\u0111ani BiH koji posjeduju i hrvatsko dr\u017eavljanstvo ne prolaze EES proceduru kao dr\u017eavljani tre\u0107e zemlje. Prilikom prelaska granice svoj status trebaju dokazati va\u017ee\u0107om hrvatskom putnom ispravom.<\/p>\n<p>Postoje i druga izuze\u0107a, izme\u0111u ostalog za odre\u0111ene kategorije osoba sa dozvolama boravka ili vizama za dugotrajni boravak.<\/p>\n<p>Za\u0161to postoji strah od novih gu\u017evi?<\/p>\n<p>Tokom ljeta pojedine dr\u017eave mogle su, kada bi do\u0161lo do velikih optere\u0107enja, privremeno zaustaviti prikupljanje biometrijskih podataka kako bi ubrzale prolazak putnika.<\/p>\n<p>Me\u0111utim, ta mogu\u0107nost od 6. septembra prestaje, \u0161to zna\u010di da \u0107e grani\u010dne slu\u017ebe imati manje prostora za ubla\u017eavanje procedura u situacijama kada se formiraju veliki redovi.<\/p>\n<p>Avioindustrija i turisti\u010dki sektor ve\u0107 su upozoravali na posljedice sporijih kontrola. Prema podacima koje navodi Euronews, standardna provjera paso\u0161a koja je ranije trajala oko 20 do 25 sekundi uz EES mo\u017ee trajati pribli\u017eno 90 sekundi. Na pojedinim velikim evropskim aerodromima zabilje\u017eena su i zna\u010dajna pove\u0107anja vremena \u010dekanja.<\/p>\n<p>Zbog toga predstavnici turisti\u010dkog sektora i avioindustrije tra\u017ee da se mogu\u0107nost privremenog ubla\u017eavanja kontrola produ\u017ei i nakon 6. septembra.<\/p>\n<p>Ho\u0107e li biti gu\u017evi na granici BiH i Hrvatske?<br \/>\nZa sada nema potvrde da \u0107e prestanak ovih privremenih mjera automatski dovesti do velikih kolona na granici Bosne i Hercegovine i Hrvatske.<\/p>\n<p>Evropska komisija saop\u0107ila je po\u010detkom septembra da je EES tokom ljeta uglavnom funkcionisao dobro, ali da se s pojedinim dr\u017eavama i dalje razgovara o potrebnim prilagodbama na odre\u0111enim grani\u010dnim prijelazima.<\/p>\n<p>Zato se putnicima iz BiH preporu\u010duje oprez, posebno ako putuju avionom ili imaju unaprijed rezervisane konekcije. Dodatno vrijeme za paso\u0161ku kontrolu mo\u017ee biti posebno va\u017eno u periodima poja\u010danog prometa.<\/p>\n<p>Drugim rije\u010dima, 6. septembar ne zna\u010di automatski povratak velikih kolona na svim granicama, ali od danas vi\u0161e ne\u0107e postojati ista mogu\u0107nost privremenog ubla\u017eavanja EES procedura kada do\u0111e do preoptere\u0107enja.<\/p>\n","protected":false},"excerpt":{"rendered":"<p>Putnike iz Bosne i Hercegovine koji putuju prema Hrvatskoj i drugim zemljama \u0161engenskog prostora od danas mogu o\u010dekivati detaljnije grani\u010dne procedure, nakon \u0161to isti\u010du privremene olak\u0161ice uvedene uz novi evropski sistem ulaska i izlaska iz Evropske unije. U nedjelju, 6. septembra, zavr\u0161ava period tokom kojeg su dr\u017eave \u010dlanice u izuzetnim situacijama mogle privremeno obustaviti dio [&hellip;]<\/p>\n","protected":false},"author":8,"featured_media":293561,"comment_status":"closed","ping_status":"closed","sticky":false,"template":"","format":"standard","meta":{"footnotes":""},"categories":[291,304],"tags":[10769,1099,455],"class_list":["post-315089","post","type-post","status-publish","format-standard","has-post-thumbnail","hentry","category-bosna-i-hercegovina","category-istaknuto","tag-ees","tag-eu","tag-granica"],"yoast_head":"<!-- This site is optimized with the Yoast SEO plugin v28.4 - https:\/\/yoast.com\/product\/yoast-seo-wordpress\/ -->\n<title>Putujete iz BiH u Hrvatsku? Od danas se mijenjaju pravila na granici<\/title>\n<meta name=\"robots\" content=\"index, follow, max-snippet:-1, max-image-preview:large, max-video-preview:-1\" \/>\n<link rel=\"canonical\" href=\"https:\/\/tuzlainfo.ba\/index.php\/bosna-i-hercegovina\/item\/315089-putujete-iz-bih-u-hrvatsku-od-danas-se-mijenjaju-pravila-na-granici\/\" \/>\n<meta property=\"og:locale\" content=\"bs_BA\" \/>\n<meta property=\"og:type\" content=\"article\" \/>\n<meta property=\"og:title\" content=\"Putujete iz BiH u Hrvatsku? Od danas se mijenjaju pravila na granici\" \/>\n<meta property=\"og:description\" content=\"Putnike iz Bosne i Hercegovine koji putuju prema Hrvatskoj i drugim zemljama \u0161engenskog prostora od danas mogu o\u010dekivati detaljnije grani\u010dne procedure, nakon \u0161to isti\u010du privremene olak\u0161ice uvedene uz novi evropski sistem ulaska i izlaska iz Evropske unije. U nedjelju, 6. septembra, zavr\u0161ava period tokom kojeg su dr\u017eave \u010dlanice u izuzetnim situacijama mogle privremeno obustaviti dio [&hellip;]\" \/>\n<meta property=\"og:url\" content=\"https:\/\/tuzlainfo.ba\/index.php\/bosna-i-hercegovina\/item\/315089-putujete-iz-bih-u-hrvatsku-od-danas-se-mijenjaju-pravila-na-granici\/\" \/>\n<meta property=\"og:site_name\" content=\"TuzlaInfo.ba\" \/>\n<meta property=\"article:publisher\" content=\"https:\/\/www.facebook.com\/tuzlainfo.ba\/\" \/>\n<meta property=\"article:published_time\" content=\"2026-09-06T17:04:42+00:00\" \/>\n<meta property=\"og:image\" content=\"https:\/\/tuzlainfo.ba\/wp-content\/uploads\/2026\/02\/IMG_4902.jpg\" \/>\n\t<meta property=\"og:image:width\" content=\"2194\" \/>\n\t<meta property=\"og:image:height\" content=\"1558\" \/>\n\t<meta property=\"og:image:type\" content=\"image\/jpeg\" \/>\n<meta name=\"author\" content=\"Admin Tri\" \/>\n<meta name=\"twitter:card\" content=\"summary_large_image\" \/>\n<meta name=\"twitter:label1\" content=\"Written by\" \/>\n\t<meta name=\"twitter:data1\" content=\"Admin Tri\" \/>\n\t<meta name=\"twitter:label2\" content=\"Est. reading time\" \/>\n\t<meta name=\"twitter:data2\" content=\"3 minute\" \/>\n<script type=\"application\/ld+json\" class=\"yoast-schema-graph\">{\"@context\":\"https:\\\/\\\/schema.org\",\"@graph\":[{\"@type\":\"Article\",\"@id\":\"https:\\\/\\\/tuzlainfo.ba\\\/index.php\\\/bosna-i-hercegovina\\\/item\\\/315089-putujete-iz-bih-u-hrvatsku-od-danas-se-mijenjaju-pravila-na-granici\\\/#article\",\"isPartOf\":{\"@id\":\"https:\\\/\\\/tuzlainfo.ba\\\/index.php\\\/bosna-i-hercegovina\\\/item\\\/315089-putujete-iz-bih-u-hrvatsku-od-danas-se-mijenjaju-pravila-na-granici\\\/\"},\"author\":{\"name\":\"Admin Tri\",\"@id\":\"https:\\\/\\\/tuzlainfo.ba\\\/#\\\/schema\\\/person\\\/593e78a2f6378c5ba3e7600ecfa4e63a\"},\"headline\":\"Putujete iz BiH u Hrvatsku? Od danas se mijenjaju pravila na granici\",\"datePublished\":\"2026-09-06T17:04:42+00:00\",\"mainEntityOfPage\":{\"@id\":\"https:\\\/\\\/tuzlainfo.ba\\\/index.php\\\/bosna-i-hercegovina\\\/item\\\/315089-putujete-iz-bih-u-hrvatsku-od-danas-se-mijenjaju-pravila-na-granici\\\/\"},\"wordCount\":567,\"publisher\":{\"@id\":\"https:\\\/\\\/tuzlainfo.ba\\\/#organization\"},\"image\":{\"@id\":\"https:\\\/\\\/tuzlainfo.ba\\\/index.php\\\/bosna-i-hercegovina\\\/item\\\/315089-putujete-iz-bih-u-hrvatsku-od-danas-se-mijenjaju-pravila-na-granici\\\/#primaryimage\"},\"thumbnailUrl\":\"https:\\\/\\\/tuzlainfo.ba\\\/wp-content\\\/uploads\\\/2026\\\/02\\\/IMG_4902.jpg\",\"keywords\":[\"EES\",\"EU\",\"granica\"],\"articleSection\":[\"Bosna i Hercegovina\",\"Istaknuto\"],\"inLanguage\":\"bs-BA\",\"copyrightYear\":\"2026\",\"copyrightHolder\":{\"@id\":\"https:\\\/\\\/tuzlainfo.ba\\\/#organization\"}},{\"@type\":\"WebPage\",\"@id\":\"https:\\\/\\\/tuzlainfo.ba\\\/index.php\\\/bosna-i-hercegovina\\\/item\\\/315089-putujete-iz-bih-u-hrvatsku-od-danas-se-mijenjaju-pravila-na-granici\\\/\",\"url\":\"https:\\\/\\\/tuzlainfo.ba\\\/index.php\\\/bosna-i-hercegovina\\\/item\\\/315089-putujete-iz-bih-u-hrvatsku-od-danas-se-mijenjaju-pravila-na-granici\\\/\",\"name\":\"Putujete iz BiH u Hrvatsku? Od danas se mijenjaju pravila na granici\",\"isPartOf\":{\"@id\":\"https:\\\/\\\/tuzlainfo.ba\\\/#website\"},\"primaryImageOfPage\":{\"@id\":\"https:\\\/\\\/tuzlainfo.ba\\\/index.php\\\/bosna-i-hercegovina\\\/item\\\/315089-putujete-iz-bih-u-hrvatsku-od-danas-se-mijenjaju-pravila-na-granici\\\/#primaryimage\"},\"image\":{\"@id\":\"https:\\\/\\\/tuzlainfo.ba\\\/index.php\\\/bosna-i-hercegovina\\\/item\\\/315089-putujete-iz-bih-u-hrvatsku-od-danas-se-mijenjaju-pravila-na-granici\\\/#primaryimage\"},\"thumbnailUrl\":\"https:\\\/\\\/tuzlainfo.ba\\\/wp-content\\\/uploads\\\/2026\\\/02\\\/IMG_4902.jpg\",\"datePublished\":\"2026-09-06T17:04:42+00:00\",\"breadcrumb\":{\"@id\":\"https:\\\/\\\/tuzlainfo.ba\\\/index.php\\\/bosna-i-hercegovina\\\/item\\\/315089-putujete-iz-bih-u-hrvatsku-od-danas-se-mijenjaju-pravila-na-granici\\\/#breadcrumb\"},\"inLanguage\":\"bs-BA\",\"potentialAction\":[{\"@type\":\"ReadAction\",\"target\":[\"https:\\\/\\\/tuzlainfo.ba\\\/index.php\\\/bosna-i-hercegovina\\\/item\\\/315089-putujete-iz-bih-u-hrvatsku-od-danas-se-mijenjaju-pravila-na-granici\\\/\"]}]},{\"@type\":\"ImageObject\",\"inLanguage\":\"bs-BA\",\"@id\":\"https:\\\/\\\/tuzlainfo.ba\\\/index.php\\\/bosna-i-hercegovina\\\/item\\\/315089-putujete-iz-bih-u-hrvatsku-od-danas-se-mijenjaju-pravila-na-granici\\\/#primaryimage\",\"url\":\"https:\\\/\\\/tuzlainfo.ba\\\/wp-content\\\/uploads\\\/2026\\\/02\\\/IMG_4902.jpg\",\"contentUrl\":\"https:\\\/\\\/tuzlainfo.ba\\\/wp-content\\\/uploads\\\/2026\\\/02\\\/IMG_4902.jpg\",\"width\":2194,\"height\":1558,\"caption\":\"Foto: Tuzlainfo\"},{\"@type\":\"BreadcrumbList\",\"@id\":\"https:\\\/\\\/tuzlainfo.ba\\\/index.php\\\/bosna-i-hercegovina\\\/item\\\/315089-putujete-iz-bih-u-hrvatsku-od-danas-se-mijenjaju-pravila-na-granici\\\/#breadcrumb\",\"itemListElement\":[{\"@type\":\"ListItem\",\"position\":1,\"name\":\"Home\",\"item\":\"https:\\\/\\\/tuzlainfo.ba\\\/\"},{\"@type\":\"ListItem\",\"position\":2,\"name\":\"Putujete iz BiH u Hrvatsku? Od danas se mijenjaju pravila na granici\"}]},{\"@type\":\"WebSite\",\"@id\":\"https:\\\/\\\/tuzlainfo.ba\\\/#website\",\"url\":\"https:\\\/\\\/tuzlainfo.ba\\\/\",\"name\":\"TuzlaInfo.ba\",\"description\":\"Tuzla info, gradski informator - Tuzla na dlanu\",\"publisher\":{\"@id\":\"https:\\\/\\\/tuzlainfo.ba\\\/#organization\"},\"potentialAction\":[{\"@type\":\"SearchAction\",\"target\":{\"@type\":\"EntryPoint\",\"urlTemplate\":\"https:\\\/\\\/tuzlainfo.ba\\\/?s={search_term_string}\"},\"query-input\":{\"@type\":\"PropertyValueSpecification\",\"valueRequired\":true,\"valueName\":\"search_term_string\"}}],\"inLanguage\":\"bs-BA\"},{\"@type\":\"Organization\",\"@id\":\"https:\\\/\\\/tuzlainfo.ba\\\/#organization\",\"name\":\"TuzlaInfo.ba\",\"url\":\"https:\\\/\\\/tuzlainfo.ba\\\/\",\"logo\":{\"@type\":\"ImageObject\",\"inLanguage\":\"bs-BA\",\"@id\":\"https:\\\/\\\/tuzlainfo.ba\\\/#\\\/schema\\\/logo\\\/image\\\/\",\"url\":\"https:\\\/\\\/tuzlainfo.ba\\\/wp-content\\\/uploads\\\/2021\\\/03\\\/logo-ver-3-1.png\",\"contentUrl\":\"https:\\\/\\\/tuzlainfo.ba\\\/wp-content\\\/uploads\\\/2021\\\/03\\\/logo-ver-3-1.png\",\"width\":350,\"height\":95,\"caption\":\"TuzlaInfo.ba\"},\"image\":{\"@id\":\"https:\\\/\\\/tuzlainfo.ba\\\/#\\\/schema\\\/logo\\\/image\\\/\"},\"sameAs\":[\"https:\\\/\\\/www.facebook.com\\\/tuzlainfo.ba\\\/\"]},{\"@type\":\"Person\",\"@id\":\"https:\\\/\\\/tuzlainfo.ba\\\/#\\\/schema\\\/person\\\/593e78a2f6378c5ba3e7600ecfa4e63a\",\"name\":\"Admin Tri\",\"image\":{\"@type\":\"ImageObject\",\"inLanguage\":\"bs-BA\",\"@id\":\"https:\\\/\\\/secure.gravatar.com\\\/avatar\\\/b53a7f47acc7a09467757d8b2234cc38fa334b13599376e53104c0036b528ca1?s=96&d=mm&r=g\",\"url\":\"https:\\\/\\\/secure.gravatar.com\\\/avatar\\\/b53a7f47acc7a09467757d8b2234cc38fa334b13599376e53104c0036b528ca1?s=96&d=mm&r=g\",\"contentUrl\":\"https:\\\/\\\/secure.gravatar.com\\\/avatar\\\/b53a7f47acc7a09467757d8b2234cc38fa334b13599376e53104c0036b528ca1?s=96&d=mm&r=g\",\"caption\":\"Admin Tri\"},\"sameAs\":[\"https:\\\/\\\/tuzlainfo.ba\"]}]}<\/script>\n<!-- \/ Yoast SEO plugin. -->","yoast_head_json":{"title":"Putujete iz BiH u Hrvatsku? Od danas se mijenjaju pravila na granici","robots":{"index":"index","follow":"follow","max-snippet":"max-snippet:-1","max-image-preview":"max-image-preview:large","max-video-preview":"max-video-preview:-1"},"canonical":"https:\/\/tuzlainfo.ba\/index.php\/bosna-i-hercegovina\/item\/315089-putujete-iz-bih-u-hrvatsku-od-danas-se-mijenjaju-pravila-na-granici\/","og_locale":"bs_BA","og_type":"article","og_title":"Putujete iz BiH u Hrvatsku? Od danas se mijenjaju pravila na granici","og_description":"Putnike iz Bosne i Hercegovine koji putuju prema Hrvatskoj i drugim zemljama \u0161engenskog prostora od danas mogu o\u010dekivati detaljnije grani\u010dne procedure, nakon \u0161to isti\u010du privremene olak\u0161ice uvedene uz novi evropski sistem ulaska i izlaska iz Evropske unije. U nedjelju, 6. septembra, zavr\u0161ava period tokom kojeg su dr\u017eave \u010dlanice u izuzetnim situacijama mogle privremeno obustaviti dio [&hellip;]","og_url":"https:\/\/tuzlainfo.ba\/index.php\/bosna-i-hercegovina\/item\/315089-putujete-iz-bih-u-hrvatsku-od-danas-se-mijenjaju-pravila-na-granici\/","og_site_name":"TuzlaInfo.ba","article_publisher":"https:\/\/www.facebook.com\/tuzlainfo.ba\/","article_published_time":"2026-09-06T17:04:42+00:00","og_image":[{"width":2194,"height":1558,"url":"https:\/\/tuzlainfo.ba\/wp-content\/uploads\/2026\/02\/IMG_4902.jpg","type":"image\/jpeg"}],"author":"Admin Tri","twitter_card":"summary_large_image","twitter_misc":{"Written by":"Admin Tri","Est. reading time":"3 minute"},"schema":{"@context":"https:\/\/schema.org","@graph":[{"@type":"Article","@id":"https:\/\/tuzlainfo.ba\/index.php\/bosna-i-hercegovina\/item\/315089-putujete-iz-bih-u-hrvatsku-od-danas-se-mijenjaju-pravila-na-granici\/#article","isPartOf":{"@id":"https:\/\/tuzlainfo.ba\/index.php\/bosna-i-hercegovina\/item\/315089-putujete-iz-bih-u-hrvatsku-od-danas-se-mijenjaju-pravila-na-granici\/"},"author":{"name":"Admin Tri","@id":"https:\/\/tuzlainfo.ba\/#\/schema\/person\/593e78a2f6378c5ba3e7600ecfa4e63a"},"headline":"Putujete iz BiH u Hrvatsku? Od danas se mijenjaju pravila na granici","datePublished":"2026-09-06T17:04:42+00:00","mainEntityOfPage":{"@id":"https:\/\/tuzlainfo.ba\/index.php\/bosna-i-hercegovina\/item\/315089-putujete-iz-bih-u-hrvatsku-od-danas-se-mijenjaju-pravila-na-granici\/"},"wordCount":567,"publisher":{"@id":"https:\/\/tuzlainfo.ba\/#organization"},"image":{"@id":"https:\/\/tuzlainfo.ba\/index.php\/bosna-i-hercegovina\/item\/315089-putujete-iz-bih-u-hrvatsku-od-danas-se-mijenjaju-pravila-na-granici\/#primaryimage"},"thumbnailUrl":"https:\/\/tuzlainfo.ba\/wp-content\/uploads\/2026\/02\/IMG_4902.jpg","keywords":["EES","EU","granica"],"articleSection":["Bosna i Hercegovina","Istaknuto"],"inLanguage":"bs-BA","copyrightYear":"2026","copyrightHolder":{"@id":"https:\/\/tuzlainfo.ba\/#organization"}},{"@type":"WebPage","@id":"https:\/\/tuzlainfo.ba\/index.php\/bosna-i-hercegovina\/item\/315089-putujete-iz-bih-u-hrvatsku-od-danas-se-mijenjaju-pravila-na-granici\/","url":"https:\/\/tuzlainfo.ba\/index.php\/bosna-i-hercegovina\/item\/315089-putujete-iz-bih-u-hrvatsku-od-danas-se-mijenjaju-pravila-na-granici\/","name":"Putujete iz BiH u Hrvatsku? Od danas se mijenjaju pravila na granici","isPartOf":{"@id":"https:\/\/tuzlainfo.ba\/#website"},"primaryImageOfPage":{"@id":"https:\/\/tuzlainfo.ba\/index.php\/bosna-i-hercegovina\/item\/315089-putujete-iz-bih-u-hrvatsku-od-danas-se-mijenjaju-pravila-na-granici\/#primaryimage"},"image":{"@id":"https:\/\/tuzlainfo.ba\/index.php\/bosna-i-hercegovina\/item\/315089-putujete-iz-bih-u-hrvatsku-od-danas-se-mijenjaju-pravila-na-granici\/#primaryimage"},"thumbnailUrl":"https:\/\/tuzlainfo.ba\/wp-content\/uploads\/2026\/02\/IMG_4902.jpg","datePublished":"2026-09-06T17:04:42+00:00","breadcrumb":{"@id":"https:\/\/tuzlainfo.ba\/index.php\/bosna-i-hercegovina\/item\/315089-putujete-iz-bih-u-hrvatsku-od-danas-se-mijenjaju-pravila-na-granici\/#breadcrumb"},"inLanguage":"bs-BA","potentialAction":[{"@type":"ReadAction","target":["https:\/\/tuzlainfo.ba\/index.php\/bosna-i-hercegovina\/item\/315089-putujete-iz-bih-u-hrvatsku-od-danas-se-mijenjaju-pravila-na-granici\/"]}]},{"@type":"ImageObject","inLanguage":"bs-BA","@id":"https:\/\/tuzlainfo.ba\/index.php\/bosna-i-hercegovina\/item\/315089-putujete-iz-bih-u-hrvatsku-od-danas-se-mijenjaju-pravila-na-granici\/#primaryimage","url":"https:\/\/tuzlainfo.ba\/wp-content\/uploads\/2026\/02\/IMG_4902.jpg","contentUrl":"https:\/\/tuzlainfo.ba\/wp-content\/uploads\/2026\/02\/IMG_4902.jpg","width":2194,"height":1558,"caption":"Foto: Tuzlainfo"},{"@type":"BreadcrumbList","@id":"https:\/\/tuzlainfo.ba\/index.php\/bosna-i-hercegovina\/item\/315089-putujete-iz-bih-u-hrvatsku-od-danas-se-mijenjaju-pravila-na-granici\/#breadcrumb","itemListElement":[{"@type":"ListItem","position":1,"name":"Home","item":"https:\/\/tuzlainfo.ba\/"},{"@type":"ListItem","position":2,"name":"Putujete iz BiH u Hrvatsku? Od danas se mijenjaju pravila na granici"}]},{"@type":"WebSite","@id":"https:\/\/tuzlainfo.ba\/#website","url":"https:\/\/tuzlainfo.ba\/","name":"TuzlaInfo.ba","description":"Tuzla info, gradski informator - Tuzla na dlanu","publisher":{"@id":"https:\/\/tuzlainfo.ba\/#organization"},"potentialAction":[{"@type":"SearchAction","target":{"@type":"EntryPoint","urlTemplate":"https:\/\/tuzlainfo.ba\/?s={search_term_string}"},"query-input":{"@type":"PropertyValueSpecification","valueRequired":true,"valueName":"search_term_string"}}],"inLanguage":"bs-BA"},{"@type":"Organization","@id":"https:\/\/tuzlainfo.ba\/#organization","name":"TuzlaInfo.ba","url":"https:\/\/tuzlainfo.ba\/","logo":{"@type":"ImageObject","inLanguage":"bs-BA","@id":"https:\/\/tuzlainfo.ba\/#\/schema\/logo\/image\/","url":"https:\/\/tuzlainfo.ba\/wp-content\/uploads\/2021\/03\/logo-ver-3-1.png","contentUrl":"https:\/\/tuzlainfo.ba\/wp-content\/uploads\/2021\/03\/logo-ver-3-1.png","width":350,"height":95,"caption":"TuzlaInfo.ba"},"image":{"@id":"https:\/\/tuzlainfo.ba\/#\/schema\/logo\/image\/"},"sameAs":["https:\/\/www.facebook.com\/tuzlainfo.ba\/"]},{"@type":"Person","@id":"https:\/\/tuzlainfo.ba\/#\/schema\/person\/593e78a2f6378c5ba3e7600ecfa4e63a","name":"Admin Tri","image":{"@type":"ImageObject","inLanguage":"bs-BA","@id":"https:\/\/secure.gravatar.com\/avatar\/b53a7f47acc7a09467757d8b2234cc38fa334b13599376e53104c0036b528ca1?s=96&d=mm&r=g","url":"https:\/\/secure.gravatar.com\/avatar\/b53a7f47acc7a09467757d8b2234cc38fa334b13599376e53104c0036b528ca1?s=96&d=mm&r=g","contentUrl":"https:\/\/secure.gravatar.com\/avatar\/b53a7f47acc7a09467757d8b2234cc38fa334b13599376e53104c0036b528ca1?s=96&d=mm&r=g","caption":"Admin Tri"},"sameAs":["https:\/\/tuzlainfo.ba"]}]}},"_links":{"self":[{"href":"https:\/\/tuzlainfo.ba\/index.php\/wp-json\/wp\/v2\/posts\/315089","targetHints":{"allow":["GET"]}}],"collection":[{"href":"https:\/\/tuzlainfo.ba\/index.php\/wp-json\/wp\/v2\/posts"}],"about":[{"href":"https:\/\/tuzlainfo.ba\/index.php\/wp-json\/wp\/v2\/types\/post"}],"author":[{"embeddable":true,"href":"https:\/\/tuzlainfo.ba\/index.php\/wp-json\/wp\/v2\/users\/8"}],"replies":[{"embeddable":true,"href":"https:\/\/tuzlainfo.ba\/index.php\/wp-json\/wp\/v2\/comments?post=315089"}],"version-history":[{"count":1,"href":"https:\/\/tuzlainfo.ba\/index.php\/wp-json\/wp\/v2\/posts\/315089\/revisions"}],"predecessor-version":[{"id":315090,"href":"https:\/\/tuzlainfo.ba\/index.php\/wp-json\/wp\/v2\/posts\/315089\/revisions\/315090"}],"wp:featuredmedia":[{"embeddable":true,"href":"https:\/\/tuzlainfo.ba\/index.php\/wp-json\/wp\/v2\/media\/293561"}],"wp:attachment":[{"href":"https:\/\/tuzlainfo.ba\/index.php\/wp-json\/wp\/v2\/media?parent=315089"}],"wp:term":[{"taxonomy":"category","embeddable":true,"href":"https:\/\/tuzlainfo.ba\/index.php\/wp-json\/wp\/v2\/categories?post=315089"},{"taxonomy":"post_tag","embeddable":true,"href":"https:\/\/tuzlainfo.ba\/index.php\/wp-json\/wp\/v2\/tags?post=315089"}],"curies":[{"name":"wp","href":"https:\/\/api.w.org\/{rel}","templated":true}]}}