{"id":315071,"date":"2026-09-05T22:29:15","date_gmt":"2026-09-05T20:29:15","guid":{"rendered":"https:\/\/tuzlainfo.ba\/?p=315071"},"modified":"2026-09-05T22:29:15","modified_gmt":"2026-09-05T20:29:15","slug":"federalno-ministarstvo-dijeli-12-miliona-km-evo-ko-i-za-sta-moze-dobiti-sredstva","status":"publish","type":"post","link":"https:\/\/tuzlainfo.ba\/index.php\/bosna-i-hercegovina\/item\/315071-federalno-ministarstvo-dijeli-12-miliona-km-evo-ko-i-za-sta-moze-dobiti-sredstva\/","title":{"rendered":"Federalno ministarstvo dijeli 1,2 miliona KM: Evo ko i za \u0161ta mo\u017ee dobiti sredstva"},"content":{"rendered":"<p class=\"PDq2pG_selectionAnchorContainer\" data-start=\"110\" data-end=\"309\">Federalno ministarstvo rada i socijalne politike raspisalo je javni poziv za raspodjelu 1,2 miliona KM namijenjenih neprofitnim organizacijama za sufinansiranje projekata u oblasti socijalne za\u0161tite.<\/p>\n<p data-start=\"311\" data-end=\"591\">Javni poziv raspisan je u okviru programa \u201eKapitalni transferi neprofitnim organizacijama \u2013 Sufinansiranje projekata u oblasti socijalne za\u0161tite\u201c, a cilj je unapre\u0111enje prostornih i tehni\u010dkih kapaciteta organizacija koje pru\u017eaju usluge socijalnog zbrinjavanja i socijalne podr\u0161ke.<\/p>\n<p data-start=\"593\" data-end=\"781\">Najve\u0107i dio raspolo\u017eivog novca, ukupno 650.000 KM, namijenjen je investicijskim ulaganjima u postoje\u0107e objekte. Za pojedina\u010dni projekt iz ove kategorije mogu\u0107e je dobiti najvi\u0161e 50.000 KM.<\/p>\n<p data-start=\"783\" data-end=\"914\">Za izgradnju novih objekata osigurano je ukupno 400.000 KM, dok maksimalna podr\u0161ka za pojedina\u010dni projekt mo\u017ee iznositi 100.000 KM.<\/p>\n<p data-start=\"916\" data-end=\"1059\">Preostalih 150.000 KM predvi\u0111eno je za nabavku stalnih sredstava. U ovoj kategoriji pojedina\u010dnom projektu mo\u017ee biti odobreno najvi\u0161e 15.000 KM.<\/p>\n<p data-start=\"1061\" data-end=\"1223\">Kompletan tekst javnog poziva, prijavni obrazac, bodovna shema i popis potrebne dokumentacije dostupni su putem Federalnog ministarstva rada i socijalne politike.<\/p>\n<p data-start=\"1225\" data-end=\"1431\">Rok za podno\u0161enje prijava je 15 dana od posljednje objave obavijesti o javnom pozivu u dnevnim novinama, zbog \u010dega potencijalni aplikanti trebaju voditi ra\u010duna da se rok ne ra\u010duna nu\u017eno od datuma dokumenta.<\/p>\n<p data-start=\"1433\" data-end=\"1659\">Prijave se dostavljaju u zatvorenoj koverti preporu\u010denom po\u0161tom ili li\u010dno putem pisarnice Federalnog ministarstva rada i socijalne politike, na adresu Hamdije \u010cemerli\u0107a 2, 71000 Sarajevo, uz odgovaraju\u0107u naznaku javnog poziva.<\/p>\n<p data-start=\"1661\" data-end=\"1903\">Kod prijava dostavljenih po\u0161tom pravovremenost \u0107e se utvr\u0111ivati prema datumu po\u0161tanskog \u017eiga, dok se za prijave predane neposredno u pisarnici uzima datum njihovog prijema. Prijave koje budu dostavljene nakon isteka roka ne\u0107e biti razmatrane.<\/p>\n<p data-start=\"1905\" data-end=\"2049\">Obavijest o javnom pozivu potpisao je federalni ministar rada i socijalne politike Adnan Deli\u0107, a dokument je datiran 1. septembra 2026. godine.<\/p>\n","protected":false},"excerpt":{"rendered":"<p>Federalno ministarstvo rada i socijalne politike raspisalo je javni poziv za raspodjelu 1,2 miliona KM namijenjenih neprofitnim organizacijama za sufinansiranje projekata u oblasti socijalne za\u0161tite. Javni poziv raspisan je u okviru programa \u201eKapitalni transferi neprofitnim organizacijama \u2013 Sufinansiranje projekata u oblasti socijalne za\u0161tite\u201c, a cilj je unapre\u0111enje prostornih i tehni\u010dkih kapaciteta organizacija koje pru\u017eaju usluge [&hellip;]<\/p>\n","protected":false},"author":2,"featured_media":245711,"comment_status":"closed","ping_status":"closed","sticky":false,"template":"","format":"standard","meta":{"footnotes":""},"categories":[291,304],"tags":[502],"class_list":["post-315071","post","type-post","status-publish","format-standard","has-post-thumbnail","hentry","category-bosna-i-hercegovina","category-istaknuto","tag-vlada-fbih"],"yoast_head":"<!-- This site is optimized with the Yoast SEO plugin v28.4 - https:\/\/yoast.com\/product\/yoast-seo-wordpress\/ -->\n<title>Federalno ministarstvo dijeli 1,2 miliona KM: Evo ko i za \u0161ta mo\u017ee dobiti sredstva<\/title>\n<meta name=\"robots\" content=\"index, follow, max-snippet:-1, max-image-preview:large, max-video-preview:-1\" \/>\n<link rel=\"canonical\" href=\"https:\/\/tuzlainfo.ba\/index.php\/bosna-i-hercegovina\/item\/315071-federalno-ministarstvo-dijeli-12-miliona-km-evo-ko-i-za-sta-moze-dobiti-sredstva\/\" \/>\n<meta property=\"og:locale\" content=\"bs_BA\" \/>\n<meta property=\"og:type\" content=\"article\" \/>\n<meta property=\"og:title\" content=\"Federalno ministarstvo dijeli 1,2 miliona KM: Evo ko i za \u0161ta mo\u017ee dobiti sredstva\" \/>\n<meta property=\"og:description\" content=\"Federalno ministarstvo rada i socijalne politike raspisalo je javni poziv za raspodjelu 1,2 miliona KM namijenjenih neprofitnim organizacijama za sufinansiranje projekata u oblasti socijalne za\u0161tite. Javni poziv raspisan je u okviru programa \u201eKapitalni transferi neprofitnim organizacijama \u2013 Sufinansiranje projekata u oblasti socijalne za\u0161tite\u201c, a cilj je unapre\u0111enje prostornih i tehni\u010dkih kapaciteta organizacija koje pru\u017eaju usluge [&hellip;]\" \/>\n<meta property=\"og:url\" content=\"https:\/\/tuzlainfo.ba\/index.php\/bosna-i-hercegovina\/item\/315071-federalno-ministarstvo-dijeli-12-miliona-km-evo-ko-i-za-sta-moze-dobiti-sredstva\/\" \/>\n<meta property=\"og:site_name\" content=\"TuzlaInfo.ba\" \/>\n<meta property=\"article:publisher\" content=\"https:\/\/www.facebook.com\/tuzlainfo.ba\/\" \/>\n<meta property=\"article:published_time\" content=\"2026-09-05T20:29:15+00:00\" \/>\n<meta property=\"og:image\" content=\"https:\/\/tuzlainfo.ba\/wp-content\/uploads\/2024\/08\/novac_novcanice_marke1.jpg\" \/>\n\t<meta property=\"og:image:width\" content=\"1600\" \/>\n\t<meta property=\"og:image:height\" content=\"1200\" \/>\n\t<meta property=\"og:image:type\" content=\"image\/jpeg\" \/>\n<meta name=\"author\" content=\"nedim\" \/>\n<meta name=\"twitter:card\" content=\"summary_large_image\" \/>\n<meta name=\"twitter:label1\" content=\"Written by\" \/>\n\t<meta name=\"twitter:data1\" content=\"nedim\" \/>\n\t<meta name=\"twitter:label2\" content=\"Est. reading time\" \/>\n\t<meta name=\"twitter:data2\" content=\"2 minute\" \/>\n<script type=\"application\/ld+json\" class=\"yoast-schema-graph\">{\"@context\":\"https:\\\/\\\/schema.org\",\"@graph\":[{\"@type\":\"Article\",\"@id\":\"https:\\\/\\\/tuzlainfo.ba\\\/index.php\\\/bosna-i-hercegovina\\\/item\\\/315071-federalno-ministarstvo-dijeli-12-miliona-km-evo-ko-i-za-sta-moze-dobiti-sredstva\\\/#article\",\"isPartOf\":{\"@id\":\"https:\\\/\\\/tuzlainfo.ba\\\/index.php\\\/bosna-i-hercegovina\\\/item\\\/315071-federalno-ministarstvo-dijeli-12-miliona-km-evo-ko-i-za-sta-moze-dobiti-sredstva\\\/\"},\"author\":{\"name\":\"nedim\",\"@id\":\"https:\\\/\\\/tuzlainfo.ba\\\/#\\\/schema\\\/person\\\/f434e20dc27ea133923aab08451b7f7f\"},\"headline\":\"Federalno ministarstvo dijeli 1,2 miliona KM: Evo ko i za \u0161ta mo\u017ee dobiti sredstva\",\"datePublished\":\"2026-09-05T20:29:15+00:00\",\"mainEntityOfPage\":{\"@id\":\"https:\\\/\\\/tuzlainfo.ba\\\/index.php\\\/bosna-i-hercegovina\\\/item\\\/315071-federalno-ministarstvo-dijeli-12-miliona-km-evo-ko-i-za-sta-moze-dobiti-sredstva\\\/\"},\"wordCount\":298,\"publisher\":{\"@id\":\"https:\\\/\\\/tuzlainfo.ba\\\/#organization\"},\"image\":{\"@id\":\"https:\\\/\\\/tuzlainfo.ba\\\/index.php\\\/bosna-i-hercegovina\\\/item\\\/315071-federalno-ministarstvo-dijeli-12-miliona-km-evo-ko-i-za-sta-moze-dobiti-sredstva\\\/#primaryimage\"},\"thumbnailUrl\":\"https:\\\/\\\/tuzlainfo.ba\\\/wp-content\\\/uploads\\\/2024\\\/08\\\/novac_novcanice_marke1.jpg\",\"keywords\":[\"vlada fbih\"],\"articleSection\":[\"Bosna i Hercegovina\",\"Istaknuto\"],\"inLanguage\":\"bs-BA\",\"copyrightYear\":\"2026\",\"copyrightHolder\":{\"@id\":\"https:\\\/\\\/tuzlainfo.ba\\\/#organization\"}},{\"@type\":\"WebPage\",\"@id\":\"https:\\\/\\\/tuzlainfo.ba\\\/index.php\\\/bosna-i-hercegovina\\\/item\\\/315071-federalno-ministarstvo-dijeli-12-miliona-km-evo-ko-i-za-sta-moze-dobiti-sredstva\\\/\",\"url\":\"https:\\\/\\\/tuzlainfo.ba\\\/index.php\\\/bosna-i-hercegovina\\\/item\\\/315071-federalno-ministarstvo-dijeli-12-miliona-km-evo-ko-i-za-sta-moze-dobiti-sredstva\\\/\",\"name\":\"Federalno ministarstvo dijeli 1,2 miliona KM: Evo ko i za \u0161ta mo\u017ee dobiti sredstva\",\"isPartOf\":{\"@id\":\"https:\\\/\\\/tuzlainfo.ba\\\/#website\"},\"primaryImageOfPage\":{\"@id\":\"https:\\\/\\\/tuzlainfo.ba\\\/index.php\\\/bosna-i-hercegovina\\\/item\\\/315071-federalno-ministarstvo-dijeli-12-miliona-km-evo-ko-i-za-sta-moze-dobiti-sredstva\\\/#primaryimage\"},\"image\":{\"@id\":\"https:\\\/\\\/tuzlainfo.ba\\\/index.php\\\/bosna-i-hercegovina\\\/item\\\/315071-federalno-ministarstvo-dijeli-12-miliona-km-evo-ko-i-za-sta-moze-dobiti-sredstva\\\/#primaryimage\"},\"thumbnailUrl\":\"https:\\\/\\\/tuzlainfo.ba\\\/wp-content\\\/uploads\\\/2024\\\/08\\\/novac_novcanice_marke1.jpg\",\"datePublished\":\"2026-09-05T20:29:15+00:00\",\"breadcrumb\":{\"@id\":\"https:\\\/\\\/tuzlainfo.ba\\\/index.php\\\/bosna-i-hercegovina\\\/item\\\/315071-federalno-ministarstvo-dijeli-12-miliona-km-evo-ko-i-za-sta-moze-dobiti-sredstva\\\/#breadcrumb\"},\"inLanguage\":\"bs-BA\",\"potentialAction\":[{\"@type\":\"ReadAction\",\"target\":[\"https:\\\/\\\/tuzlainfo.ba\\\/index.php\\\/bosna-i-hercegovina\\\/item\\\/315071-federalno-ministarstvo-dijeli-12-miliona-km-evo-ko-i-za-sta-moze-dobiti-sredstva\\\/\"]}]},{\"@type\":\"ImageObject\",\"inLanguage\":\"bs-BA\",\"@id\":\"https:\\\/\\\/tuzlainfo.ba\\\/index.php\\\/bosna-i-hercegovina\\\/item\\\/315071-federalno-ministarstvo-dijeli-12-miliona-km-evo-ko-i-za-sta-moze-dobiti-sredstva\\\/#primaryimage\",\"url\":\"https:\\\/\\\/tuzlainfo.ba\\\/wp-content\\\/uploads\\\/2024\\\/08\\\/novac_novcanice_marke1.jpg\",\"contentUrl\":\"https:\\\/\\\/tuzlainfo.ba\\\/wp-content\\\/uploads\\\/2024\\\/08\\\/novac_novcanice_marke1.jpg\",\"width\":1600,\"height\":1200},{\"@type\":\"BreadcrumbList\",\"@id\":\"https:\\\/\\\/tuzlainfo.ba\\\/index.php\\\/bosna-i-hercegovina\\\/item\\\/315071-federalno-ministarstvo-dijeli-12-miliona-km-evo-ko-i-za-sta-moze-dobiti-sredstva\\\/#breadcrumb\",\"itemListElement\":[{\"@type\":\"ListItem\",\"position\":1,\"name\":\"Home\",\"item\":\"https:\\\/\\\/tuzlainfo.ba\\\/\"},{\"@type\":\"ListItem\",\"position\":2,\"name\":\"Federalno ministarstvo dijeli 1,2 miliona KM: Evo ko i za \u0161ta mo\u017ee dobiti sredstva\"}]},{\"@type\":\"WebSite\",\"@id\":\"https:\\\/\\\/tuzlainfo.ba\\\/#website\",\"url\":\"https:\\\/\\\/tuzlainfo.ba\\\/\",\"name\":\"TuzlaInfo.ba\",\"description\":\"Tuzla info, gradski informator - Tuzla na dlanu\",\"publisher\":{\"@id\":\"https:\\\/\\\/tuzlainfo.ba\\\/#organization\"},\"potentialAction\":[{\"@type\":\"SearchAction\",\"target\":{\"@type\":\"EntryPoint\",\"urlTemplate\":\"https:\\\/\\\/tuzlainfo.ba\\\/?s={search_term_string}\"},\"query-input\":{\"@type\":\"PropertyValueSpecification\",\"valueRequired\":true,\"valueName\":\"search_term_string\"}}],\"inLanguage\":\"bs-BA\"},{\"@type\":\"Organization\",\"@id\":\"https:\\\/\\\/tuzlainfo.ba\\\/#organization\",\"name\":\"TuzlaInfo.ba\",\"url\":\"https:\\\/\\\/tuzlainfo.ba\\\/\",\"logo\":{\"@type\":\"ImageObject\",\"inLanguage\":\"bs-BA\",\"@id\":\"https:\\\/\\\/tuzlainfo.ba\\\/#\\\/schema\\\/logo\\\/image\\\/\",\"url\":\"https:\\\/\\\/tuzlainfo.ba\\\/wp-content\\\/uploads\\\/2021\\\/03\\\/logo-ver-3-1.png\",\"contentUrl\":\"https:\\\/\\\/tuzlainfo.ba\\\/wp-content\\\/uploads\\\/2021\\\/03\\\/logo-ver-3-1.png\",\"width\":350,\"height\":95,\"caption\":\"TuzlaInfo.ba\"},\"image\":{\"@id\":\"https:\\\/\\\/tuzlainfo.ba\\\/#\\\/schema\\\/logo\\\/image\\\/\"},\"sameAs\":[\"https:\\\/\\\/www.facebook.com\\\/tuzlainfo.ba\\\/\"]},{\"@type\":\"Person\",\"@id\":\"https:\\\/\\\/tuzlainfo.ba\\\/#\\\/schema\\\/person\\\/f434e20dc27ea133923aab08451b7f7f\",\"name\":\"nedim\",\"image\":{\"@type\":\"ImageObject\",\"inLanguage\":\"bs-BA\",\"@id\":\"https:\\\/\\\/secure.gravatar.com\\\/avatar\\\/5b928a2e7e70a54208d2eb6c1edcb75a5350d6ae97d5f0a701203d456823f6f3?s=96&d=mm&r=g\",\"url\":\"https:\\\/\\\/secure.gravatar.com\\\/avatar\\\/5b928a2e7e70a54208d2eb6c1edcb75a5350d6ae97d5f0a701203d456823f6f3?s=96&d=mm&r=g\",\"contentUrl\":\"https:\\\/\\\/secure.gravatar.com\\\/avatar\\\/5b928a2e7e70a54208d2eb6c1edcb75a5350d6ae97d5f0a701203d456823f6f3?s=96&d=mm&r=g\",\"caption\":\"nedim\"},\"description\":\"Tuzlainfo.ba pratite na dru\u0161tvenim mre\u017eama: Facebook, Instagram i Youtube. Svoje pri\u010de, upite i fotografije \u0161aljite na na\u0161u e-mail adresu.\"}]}<\/script>\n<!-- \/ Yoast SEO plugin. -->","yoast_head_json":{"title":"Federalno ministarstvo dijeli 1,2 miliona KM: Evo ko i za \u0161ta mo\u017ee dobiti sredstva","robots":{"index":"index","follow":"follow","max-snippet":"max-snippet:-1","max-image-preview":"max-image-preview:large","max-video-preview":"max-video-preview:-1"},"canonical":"https:\/\/tuzlainfo.ba\/index.php\/bosna-i-hercegovina\/item\/315071-federalno-ministarstvo-dijeli-12-miliona-km-evo-ko-i-za-sta-moze-dobiti-sredstva\/","og_locale":"bs_BA","og_type":"article","og_title":"Federalno ministarstvo dijeli 1,2 miliona KM: Evo ko i za \u0161ta mo\u017ee dobiti sredstva","og_description":"Federalno ministarstvo rada i socijalne politike raspisalo je javni poziv za raspodjelu 1,2 miliona KM namijenjenih neprofitnim organizacijama za sufinansiranje projekata u oblasti socijalne za\u0161tite. Javni poziv raspisan je u okviru programa \u201eKapitalni transferi neprofitnim organizacijama \u2013 Sufinansiranje projekata u oblasti socijalne za\u0161tite\u201c, a cilj je unapre\u0111enje prostornih i tehni\u010dkih kapaciteta organizacija koje pru\u017eaju usluge [&hellip;]","og_url":"https:\/\/tuzlainfo.ba\/index.php\/bosna-i-hercegovina\/item\/315071-federalno-ministarstvo-dijeli-12-miliona-km-evo-ko-i-za-sta-moze-dobiti-sredstva\/","og_site_name":"TuzlaInfo.ba","article_publisher":"https:\/\/www.facebook.com\/tuzlainfo.ba\/","article_published_time":"2026-09-05T20:29:15+00:00","og_image":[{"width":1600,"height":1200,"url":"https:\/\/tuzlainfo.ba\/wp-content\/uploads\/2024\/08\/novac_novcanice_marke1.jpg","type":"image\/jpeg"}],"author":"nedim","twitter_card":"summary_large_image","twitter_misc":{"Written by":"nedim","Est. reading time":"2 minute"},"schema":{"@context":"https:\/\/schema.org","@graph":[{"@type":"Article","@id":"https:\/\/tuzlainfo.ba\/index.php\/bosna-i-hercegovina\/item\/315071-federalno-ministarstvo-dijeli-12-miliona-km-evo-ko-i-za-sta-moze-dobiti-sredstva\/#article","isPartOf":{"@id":"https:\/\/tuzlainfo.ba\/index.php\/bosna-i-hercegovina\/item\/315071-federalno-ministarstvo-dijeli-12-miliona-km-evo-ko-i-za-sta-moze-dobiti-sredstva\/"},"author":{"name":"nedim","@id":"https:\/\/tuzlainfo.ba\/#\/schema\/person\/f434e20dc27ea133923aab08451b7f7f"},"headline":"Federalno ministarstvo dijeli 1,2 miliona KM: Evo ko i za \u0161ta mo\u017ee dobiti sredstva","datePublished":"2026-09-05T20:29:15+00:00","mainEntityOfPage":{"@id":"https:\/\/tuzlainfo.ba\/index.php\/bosna-i-hercegovina\/item\/315071-federalno-ministarstvo-dijeli-12-miliona-km-evo-ko-i-za-sta-moze-dobiti-sredstva\/"},"wordCount":298,"publisher":{"@id":"https:\/\/tuzlainfo.ba\/#organization"},"image":{"@id":"https:\/\/tuzlainfo.ba\/index.php\/bosna-i-hercegovina\/item\/315071-federalno-ministarstvo-dijeli-12-miliona-km-evo-ko-i-za-sta-moze-dobiti-sredstva\/#primaryimage"},"thumbnailUrl":"https:\/\/tuzlainfo.ba\/wp-content\/uploads\/2024\/08\/novac_novcanice_marke1.jpg","keywords":["vlada fbih"],"articleSection":["Bosna i Hercegovina","Istaknuto"],"inLanguage":"bs-BA","copyrightYear":"2026","copyrightHolder":{"@id":"https:\/\/tuzlainfo.ba\/#organization"}},{"@type":"WebPage","@id":"https:\/\/tuzlainfo.ba\/index.php\/bosna-i-hercegovina\/item\/315071-federalno-ministarstvo-dijeli-12-miliona-km-evo-ko-i-za-sta-moze-dobiti-sredstva\/","url":"https:\/\/tuzlainfo.ba\/index.php\/bosna-i-hercegovina\/item\/315071-federalno-ministarstvo-dijeli-12-miliona-km-evo-ko-i-za-sta-moze-dobiti-sredstva\/","name":"Federalno ministarstvo dijeli 1,2 miliona KM: Evo ko i za \u0161ta mo\u017ee dobiti sredstva","isPartOf":{"@id":"https:\/\/tuzlainfo.ba\/#website"},"primaryImageOfPage":{"@id":"https:\/\/tuzlainfo.ba\/index.php\/bosna-i-hercegovina\/item\/315071-federalno-ministarstvo-dijeli-12-miliona-km-evo-ko-i-za-sta-moze-dobiti-sredstva\/#primaryimage"},"image":{"@id":"https:\/\/tuzlainfo.ba\/index.php\/bosna-i-hercegovina\/item\/315071-federalno-ministarstvo-dijeli-12-miliona-km-evo-ko-i-za-sta-moze-dobiti-sredstva\/#primaryimage"},"thumbnailUrl":"https:\/\/tuzlainfo.ba\/wp-content\/uploads\/2024\/08\/novac_novcanice_marke1.jpg","datePublished":"2026-09-05T20:29:15+00:00","breadcrumb":{"@id":"https:\/\/tuzlainfo.ba\/index.php\/bosna-i-hercegovina\/item\/315071-federalno-ministarstvo-dijeli-12-miliona-km-evo-ko-i-za-sta-moze-dobiti-sredstva\/#breadcrumb"},"inLanguage":"bs-BA","potentialAction":[{"@type":"ReadAction","target":["https:\/\/tuzlainfo.ba\/index.php\/bosna-i-hercegovina\/item\/315071-federalno-ministarstvo-dijeli-12-miliona-km-evo-ko-i-za-sta-moze-dobiti-sredstva\/"]}]},{"@type":"ImageObject","inLanguage":"bs-BA","@id":"https:\/\/tuzlainfo.ba\/index.php\/bosna-i-hercegovina\/item\/315071-federalno-ministarstvo-dijeli-12-miliona-km-evo-ko-i-za-sta-moze-dobiti-sredstva\/#primaryimage","url":"https:\/\/tuzlainfo.ba\/wp-content\/uploads\/2024\/08\/novac_novcanice_marke1.jpg","contentUrl":"https:\/\/tuzlainfo.ba\/wp-content\/uploads\/2024\/08\/novac_novcanice_marke1.jpg","width":1600,"height":1200},{"@type":"BreadcrumbList","@id":"https:\/\/tuzlainfo.ba\/index.php\/bosna-i-hercegovina\/item\/315071-federalno-ministarstvo-dijeli-12-miliona-km-evo-ko-i-za-sta-moze-dobiti-sredstva\/#breadcrumb","itemListElement":[{"@type":"ListItem","position":1,"name":"Home","item":"https:\/\/tuzlainfo.ba\/"},{"@type":"ListItem","position":2,"name":"Federalno ministarstvo dijeli 1,2 miliona KM: Evo ko i za \u0161ta mo\u017ee dobiti sredstva"}]},{"@type":"WebSite","@id":"https:\/\/tuzlainfo.ba\/#website","url":"https:\/\/tuzlainfo.ba\/","name":"TuzlaInfo.ba","description":"Tuzla info, gradski informator - Tuzla na dlanu","publisher":{"@id":"https:\/\/tuzlainfo.ba\/#organization"},"potentialAction":[{"@type":"SearchAction","target":{"@type":"EntryPoint","urlTemplate":"https:\/\/tuzlainfo.ba\/?s={search_term_string}"},"query-input":{"@type":"PropertyValueSpecification","valueRequired":true,"valueName":"search_term_string"}}],"inLanguage":"bs-BA"},{"@type":"Organization","@id":"https:\/\/tuzlainfo.ba\/#organization","name":"TuzlaInfo.ba","url":"https:\/\/tuzlainfo.ba\/","logo":{"@type":"ImageObject","inLanguage":"bs-BA","@id":"https:\/\/tuzlainfo.ba\/#\/schema\/logo\/image\/","url":"https:\/\/tuzlainfo.ba\/wp-content\/uploads\/2021\/03\/logo-ver-3-1.png","contentUrl":"https:\/\/tuzlainfo.ba\/wp-content\/uploads\/2021\/03\/logo-ver-3-1.png","width":350,"height":95,"caption":"TuzlaInfo.ba"},"image":{"@id":"https:\/\/tuzlainfo.ba\/#\/schema\/logo\/image\/"},"sameAs":["https:\/\/www.facebook.com\/tuzlainfo.ba\/"]},{"@type":"Person","@id":"https:\/\/tuzlainfo.ba\/#\/schema\/person\/f434e20dc27ea133923aab08451b7f7f","name":"nedim","image":{"@type":"ImageObject","inLanguage":"bs-BA","@id":"https:\/\/secure.gravatar.com\/avatar\/5b928a2e7e70a54208d2eb6c1edcb75a5350d6ae97d5f0a701203d456823f6f3?s=96&d=mm&r=g","url":"https:\/\/secure.gravatar.com\/avatar\/5b928a2e7e70a54208d2eb6c1edcb75a5350d6ae97d5f0a701203d456823f6f3?s=96&d=mm&r=g","contentUrl":"https:\/\/secure.gravatar.com\/avatar\/5b928a2e7e70a54208d2eb6c1edcb75a5350d6ae97d5f0a701203d456823f6f3?s=96&d=mm&r=g","caption":"nedim"},"description":"Tuzlainfo.ba pratite na dru\u0161tvenim mre\u017eama: Facebook, Instagram i Youtube. Svoje pri\u010de, upite i fotografije \u0161aljite na na\u0161u e-mail adresu."}]}},"_links":{"self":[{"href":"https:\/\/tuzlainfo.ba\/index.php\/wp-json\/wp\/v2\/posts\/315071","targetHints":{"allow":["GET"]}}],"collection":[{"href":"https:\/\/tuzlainfo.ba\/index.php\/wp-json\/wp\/v2\/posts"}],"about":[{"href":"https:\/\/tuzlainfo.ba\/index.php\/wp-json\/wp\/v2\/types\/post"}],"author":[{"embeddable":true,"href":"https:\/\/tuzlainfo.ba\/index.php\/wp-json\/wp\/v2\/users\/2"}],"replies":[{"embeddable":true,"href":"https:\/\/tuzlainfo.ba\/index.php\/wp-json\/wp\/v2\/comments?post=315071"}],"version-history":[{"count":1,"href":"https:\/\/tuzlainfo.ba\/index.php\/wp-json\/wp\/v2\/posts\/315071\/revisions"}],"predecessor-version":[{"id":315072,"href":"https:\/\/tuzlainfo.ba\/index.php\/wp-json\/wp\/v2\/posts\/315071\/revisions\/315072"}],"wp:featuredmedia":[{"embeddable":true,"href":"https:\/\/tuzlainfo.ba\/index.php\/wp-json\/wp\/v2\/media\/245711"}],"wp:attachment":[{"href":"https:\/\/tuzlainfo.ba\/index.php\/wp-json\/wp\/v2\/media?parent=315071"}],"wp:term":[{"taxonomy":"category","embeddable":true,"href":"https:\/\/tuzlainfo.ba\/index.php\/wp-json\/wp\/v2\/categories?post=315071"},{"taxonomy":"post_tag","embeddable":true,"href":"https:\/\/tuzlainfo.ba\/index.php\/wp-json\/wp\/v2\/tags?post=315071"}],"curies":[{"name":"wp","href":"https:\/\/api.w.org\/{rel}","templated":true}]}}