{"id":315050,"date":"2026-09-05T20:38:12","date_gmt":"2026-09-05T18:38:12","guid":{"rendered":"https:\/\/tuzlainfo.ba\/?p=315050"},"modified":"2026-09-05T20:47:36","modified_gmt":"2026-09-05T18:47:36","slug":"video-jedna-drzava-jedan-tim-sdp-bih-pred-punim-mejdanom-otvorio-kampanju","status":"publish","type":"post","link":"https:\/\/tuzlainfo.ba\/index.php\/clanci\/izbori-clanci\/item\/315050-video-jedna-drzava-jedan-tim-sdp-bih-pred-punim-mejdanom-otvorio-kampanju\/","title":{"rendered":"VIDEO \/ \u201eJedna dr\u017eava, jedan tim\u201c: SDP BiH pred punim Mejdanom otvorio kampanju"},"content":{"rendered":"<p class=\"PDq2pG_selectionAnchorContainer\" data-start=\"119\" data-end=\"319\">Socijaldemokratska partija Bosne i Hercegovine ve\u010deras je u punoj Velikoj dvorani SKPC Mejdan u Tuzli odr\u017eala centralni promotivni skup kojim je zvani\u010dno otvorila kampanju za Op\u0107e izbore 2026. godine.<\/p>\n<p data-start=\"321\" data-end=\"734\">Pod sloganom \u201eJedna dr\u017eava, jedan tim\u201c, u Mejdanu su se okupili \u010dlanovi i simpatizeri SDP-a, kao i kandidati ove stranke iz razli\u010ditih dijelova Bosne i Hercegovine. Centralne poruke sa skupa uputili su Denis Be\u0107irovi\u0107, kandidat za \u010dlana Predsjedni\u0161tva BiH i aktuelni \u010dlan Predsjedni\u0161tva BiH, predsjednik SDP-a BiH i premijer Federacije BiH Nermin Nik\u0161i\u0107 te D\u017eevad Had\u017ei\u0107, kandidat za Skup\u0161tinu Tuzlanskog kantona.<\/p>\n<p data-start=\"736\" data-end=\"1016\">Had\u017ei\u0107 je u obra\u0107anju naglasio va\u017enost ozbiljnog rada tokom cijele predizborne kampanje i direktnog razgovora sa gra\u0111anima. Istakao je da je uvjeren u pobjedu SDP-a, navode\u0107i kao jednu od prednosti stranke ljude i organizaciju koju ima u razli\u010ditim dijelovima Bosne i Hercegovine.<\/p>\n<p data-start=\"1018\" data-end=\"1182\">Nermin Nik\u0161i\u0107 predstavio je program SDP-a za period od 2026. do 2030. godine, izdvojiv\u0161i nekoliko konkretnih ciljeva koje stranka \u017eeli ostvariti u narednom mandatu.<\/p>\n<p data-start=\"1184\" data-end=\"1459\">Me\u0111u ciljevima koje je Nik\u0161i\u0107 predstavio su najni\u017ea neto pla\u0107a od 1.500 KM i najni\u017ea penzija od 1.000 KM. SDP svojim programom predvi\u0111a i dje\u010diji dodatak do 350 KM, pomo\u0107 za novoro\u0111eno dijete do 2.000 KM te mogu\u0107nost obavljanja specijalisti\u010dkog pregleda u roku do deset dana.<\/p>\n<div id='gallery-1' class='gallery galleryid-315050 gallery-columns-3 gallery-size-medium'><figure class='gallery-item'>\n\t\t\t<div class='gallery-icon landscape'>\n\t\t\t\t<a href='https:\/\/tuzlainfo.ba\/index.php\/clanci\/izbori-clanci\/item\/315050-video-jedna-drzava-jedan-tim-sdp-bih-pred-punim-mejdanom-otvorio-kampanju\/attachment\/sdp-mejdan-1\/'><img fetchpriority=\"high\" decoding=\"async\" width=\"300\" height=\"225\" src=\"https:\/\/tuzlainfo.ba\/wp-content\/uploads\/2026\/09\/SDP-Mejdan-1-300x225.jpg\" class=\"attachment-medium size-medium\" alt=\"\" srcset=\"https:\/\/tuzlainfo.ba\/wp-content\/uploads\/2026\/09\/SDP-Mejdan-1-300x225.jpg 300w, https:\/\/tuzlainfo.ba\/wp-content\/uploads\/2026\/09\/SDP-Mejdan-1-1024x768.jpg 1024w, https:\/\/tuzlainfo.ba\/wp-content\/uploads\/2026\/09\/SDP-Mejdan-1-768x576.jpg 768w, https:\/\/tuzlainfo.ba\/wp-content\/uploads\/2026\/09\/SDP-Mejdan-1-1536x1152.jpg 1536w, https:\/\/tuzlainfo.ba\/wp-content\/uploads\/2026\/09\/SDP-Mejdan-1-150x113.jpg 150w, https:\/\/tuzlainfo.ba\/wp-content\/uploads\/2026\/09\/SDP-Mejdan-1-500x375.jpg 500w, https:\/\/tuzlainfo.ba\/wp-content\/uploads\/2026\/09\/SDP-Mejdan-1-1170x878.jpg 1170w, https:\/\/tuzlainfo.ba\/wp-content\/uploads\/2026\/09\/SDP-Mejdan-1-585x439.jpg 585w, https:\/\/tuzlainfo.ba\/wp-content\/uploads\/2026\/09\/SDP-Mejdan-1.jpg 1800w\" sizes=\"(max-width: 300px) 100vw, 300px\" \/><\/a>\n\t\t\t<\/div><\/figure><figure class='gallery-item'>\n\t\t\t<div class='gallery-icon landscape'>\n\t\t\t\t<a href='https:\/\/tuzlainfo.ba\/index.php\/clanci\/izbori-clanci\/item\/315050-video-jedna-drzava-jedan-tim-sdp-bih-pred-punim-mejdanom-otvorio-kampanju\/attachment\/sdp-mejdan-2\/'><img decoding=\"async\" width=\"300\" height=\"225\" src=\"https:\/\/tuzlainfo.ba\/wp-content\/uploads\/2026\/09\/SDP-Mejdan-2-300x225.jpg\" class=\"attachment-medium size-medium\" alt=\"\" srcset=\"https:\/\/tuzlainfo.ba\/wp-content\/uploads\/2026\/09\/SDP-Mejdan-2-300x225.jpg 300w, https:\/\/tuzlainfo.ba\/wp-content\/uploads\/2026\/09\/SDP-Mejdan-2-1024x768.jpg 1024w, https:\/\/tuzlainfo.ba\/wp-content\/uploads\/2026\/09\/SDP-Mejdan-2-768x576.jpg 768w, https:\/\/tuzlainfo.ba\/wp-content\/uploads\/2026\/09\/SDP-Mejdan-2-1536x1152.jpg 1536w, https:\/\/tuzlainfo.ba\/wp-content\/uploads\/2026\/09\/SDP-Mejdan-2-150x113.jpg 150w, https:\/\/tuzlainfo.ba\/wp-content\/uploads\/2026\/09\/SDP-Mejdan-2-500x375.jpg 500w, https:\/\/tuzlainfo.ba\/wp-content\/uploads\/2026\/09\/SDP-Mejdan-2-1170x878.jpg 1170w, https:\/\/tuzlainfo.ba\/wp-content\/uploads\/2026\/09\/SDP-Mejdan-2-585x439.jpg 585w, https:\/\/tuzlainfo.ba\/wp-content\/uploads\/2026\/09\/SDP-Mejdan-2.jpg 1800w\" sizes=\"(max-width: 300px) 100vw, 300px\" \/><\/a>\n\t\t\t<\/div><\/figure><figure class='gallery-item'>\n\t\t\t<div class='gallery-icon landscape'>\n\t\t\t\t<a href='https:\/\/tuzlainfo.ba\/index.php\/clanci\/izbori-clanci\/item\/315050-video-jedna-drzava-jedan-tim-sdp-bih-pred-punim-mejdanom-otvorio-kampanju\/attachment\/sdp-mejdan-3\/'><img decoding=\"async\" width=\"300\" height=\"225\" src=\"https:\/\/tuzlainfo.ba\/wp-content\/uploads\/2026\/09\/SDP-Mejdan-3-300x225.jpg\" class=\"attachment-medium size-medium\" alt=\"\" srcset=\"https:\/\/tuzlainfo.ba\/wp-content\/uploads\/2026\/09\/SDP-Mejdan-3-300x225.jpg 300w, https:\/\/tuzlainfo.ba\/wp-content\/uploads\/2026\/09\/SDP-Mejdan-3-1024x768.jpg 1024w, https:\/\/tuzlainfo.ba\/wp-content\/uploads\/2026\/09\/SDP-Mejdan-3-768x576.jpg 768w, https:\/\/tuzlainfo.ba\/wp-content\/uploads\/2026\/09\/SDP-Mejdan-3-1536x1152.jpg 1536w, https:\/\/tuzlainfo.ba\/wp-content\/uploads\/2026\/09\/SDP-Mejdan-3-150x113.jpg 150w, https:\/\/tuzlainfo.ba\/wp-content\/uploads\/2026\/09\/SDP-Mejdan-3-500x375.jpg 500w, https:\/\/tuzlainfo.ba\/wp-content\/uploads\/2026\/09\/SDP-Mejdan-3-1170x878.jpg 1170w, https:\/\/tuzlainfo.ba\/wp-content\/uploads\/2026\/09\/SDP-Mejdan-3-585x439.jpg 585w, https:\/\/tuzlainfo.ba\/wp-content\/uploads\/2026\/09\/SDP-Mejdan-3.jpg 1800w\" sizes=\"(max-width: 300px) 100vw, 300px\" \/><\/a>\n\t\t\t<\/div><\/figure><figure class='gallery-item'>\n\t\t\t<div class='gallery-icon landscape'>\n\t\t\t\t<a href='https:\/\/tuzlainfo.ba\/index.php\/clanci\/izbori-clanci\/item\/315050-video-jedna-drzava-jedan-tim-sdp-bih-pred-punim-mejdanom-otvorio-kampanju\/attachment\/sdp-mejdan-4\/'><img loading=\"lazy\" decoding=\"async\" width=\"300\" height=\"225\" src=\"https:\/\/tuzlainfo.ba\/wp-content\/uploads\/2026\/09\/SDP-Mejdan-4-300x225.jpg\" class=\"attachment-medium size-medium\" alt=\"\" srcset=\"https:\/\/tuzlainfo.ba\/wp-content\/uploads\/2026\/09\/SDP-Mejdan-4-300x225.jpg 300w, https:\/\/tuzlainfo.ba\/wp-content\/uploads\/2026\/09\/SDP-Mejdan-4-1024x768.jpg 1024w, https:\/\/tuzlainfo.ba\/wp-content\/uploads\/2026\/09\/SDP-Mejdan-4-768x576.jpg 768w, https:\/\/tuzlainfo.ba\/wp-content\/uploads\/2026\/09\/SDP-Mejdan-4-1536x1152.jpg 1536w, https:\/\/tuzlainfo.ba\/wp-content\/uploads\/2026\/09\/SDP-Mejdan-4-150x113.jpg 150w, https:\/\/tuzlainfo.ba\/wp-content\/uploads\/2026\/09\/SDP-Mejdan-4-500x375.jpg 500w, https:\/\/tuzlainfo.ba\/wp-content\/uploads\/2026\/09\/SDP-Mejdan-4-1170x878.jpg 1170w, https:\/\/tuzlainfo.ba\/wp-content\/uploads\/2026\/09\/SDP-Mejdan-4-585x439.jpg 585w, https:\/\/tuzlainfo.ba\/wp-content\/uploads\/2026\/09\/SDP-Mejdan-4.jpg 1800w\" sizes=\"(max-width: 300px) 100vw, 300px\" \/><\/a>\n\t\t\t<\/div><\/figure><figure class='gallery-item'>\n\t\t\t<div class='gallery-icon landscape'>\n\t\t\t\t<a href='https:\/\/tuzlainfo.ba\/index.php\/clanci\/izbori-clanci\/item\/315050-video-jedna-drzava-jedan-tim-sdp-bih-pred-punim-mejdanom-otvorio-kampanju\/attachment\/sdp-mejdan-5\/'><img loading=\"lazy\" decoding=\"async\" width=\"300\" height=\"225\" src=\"https:\/\/tuzlainfo.ba\/wp-content\/uploads\/2026\/09\/SDP-Mejdan-5-300x225.jpg\" class=\"attachment-medium size-medium\" alt=\"\" srcset=\"https:\/\/tuzlainfo.ba\/wp-content\/uploads\/2026\/09\/SDP-Mejdan-5-300x225.jpg 300w, https:\/\/tuzlainfo.ba\/wp-content\/uploads\/2026\/09\/SDP-Mejdan-5-1024x768.jpg 1024w, https:\/\/tuzlainfo.ba\/wp-content\/uploads\/2026\/09\/SDP-Mejdan-5-768x576.jpg 768w, https:\/\/tuzlainfo.ba\/wp-content\/uploads\/2026\/09\/SDP-Mejdan-5-1536x1152.jpg 1536w, https:\/\/tuzlainfo.ba\/wp-content\/uploads\/2026\/09\/SDP-Mejdan-5-2048x1536.jpg 2048w, https:\/\/tuzlainfo.ba\/wp-content\/uploads\/2026\/09\/SDP-Mejdan-5-150x113.jpg 150w, https:\/\/tuzlainfo.ba\/wp-content\/uploads\/2026\/09\/SDP-Mejdan-5-500x375.jpg 500w, https:\/\/tuzlainfo.ba\/wp-content\/uploads\/2026\/09\/SDP-Mejdan-5-1920x1440.jpg 1920w, https:\/\/tuzlainfo.ba\/wp-content\/uploads\/2026\/09\/SDP-Mejdan-5-1170x878.jpg 1170w, https:\/\/tuzlainfo.ba\/wp-content\/uploads\/2026\/09\/SDP-Mejdan-5-585x439.jpg 585w\" sizes=\"(max-width: 300px) 100vw, 300px\" \/><\/a>\n\t\t\t<\/div><\/figure><figure class='gallery-item'>\n\t\t\t<div class='gallery-icon landscape'>\n\t\t\t\t<a href='https:\/\/tuzlainfo.ba\/index.php\/clanci\/izbori-clanci\/item\/315050-video-jedna-drzava-jedan-tim-sdp-bih-pred-punim-mejdanom-otvorio-kampanju\/attachment\/sdp-mejdan-6\/'><img loading=\"lazy\" decoding=\"async\" width=\"300\" height=\"225\" src=\"https:\/\/tuzlainfo.ba\/wp-content\/uploads\/2026\/09\/SDP-Mejdan-6-300x225.jpg\" class=\"attachment-medium size-medium\" alt=\"\" srcset=\"https:\/\/tuzlainfo.ba\/wp-content\/uploads\/2026\/09\/SDP-Mejdan-6-300x225.jpg 300w, https:\/\/tuzlainfo.ba\/wp-content\/uploads\/2026\/09\/SDP-Mejdan-6-1024x768.jpg 1024w, https:\/\/tuzlainfo.ba\/wp-content\/uploads\/2026\/09\/SDP-Mejdan-6-768x576.jpg 768w, https:\/\/tuzlainfo.ba\/wp-content\/uploads\/2026\/09\/SDP-Mejdan-6-1536x1152.jpg 1536w, https:\/\/tuzlainfo.ba\/wp-content\/uploads\/2026\/09\/SDP-Mejdan-6-150x113.jpg 150w, https:\/\/tuzlainfo.ba\/wp-content\/uploads\/2026\/09\/SDP-Mejdan-6-500x375.jpg 500w, https:\/\/tuzlainfo.ba\/wp-content\/uploads\/2026\/09\/SDP-Mejdan-6-1170x878.jpg 1170w, https:\/\/tuzlainfo.ba\/wp-content\/uploads\/2026\/09\/SDP-Mejdan-6-585x439.jpg 585w, https:\/\/tuzlainfo.ba\/wp-content\/uploads\/2026\/09\/SDP-Mejdan-6.jpg 1800w\" sizes=\"(max-width: 300px) 100vw, 300px\" \/><\/a>\n\t\t\t<\/div><\/figure>\n\t\t<\/div>\n\n<p data-start=\"1461\" data-end=\"1750\">Program, kako je predstavljeno, obuhvata i nova radna mjesta, za\u0161titu radnika, ja\u010danje zdravstvenog i obrazovnog sistema, socijalnu za\u0161titu, podr\u0161ku mladima i penzionerima, razvoj privrede i infrastrukture, ravnomjerniji regionalni razvoj, borbu protiv korupcije i ja\u010danje vladavine prava.<\/p>\n<p><iframe title=\"Nermin Nik\u0161i\u0107 o platama i penzijama na predizbornom skupu u Tuzli\" width=\"563\" height=\"1000\" src=\"https:\/\/www.youtube.com\/embed\/zKm-iSq9wwU?feature=oembed\" frameborder=\"0\" allow=\"accelerometer; autoplay; clipboard-write; encrypted-media; gyroscope; picture-in-picture; web-share\" referrerpolicy=\"strict-origin-when-cross-origin\" allowfullscreen><\/iframe><\/p>\n<p>&nbsp;<\/p>\n<p data-start=\"1752\" data-end=\"1945\">Denis Be\u0107irovi\u0107 je zna\u010dajan dio obra\u0107anja posvetio svom radu tokom protekle \u010detiri godine u Predsjedni\u0161tvu Bosne i Hercegovine, navode\u0107i rezultate za koje smatra da su obilje\u017eili njegov mandat.<\/p>\n<p data-start=\"1947\" data-end=\"2302\">Posebno je izdvojio aktivnosti koje su prethodile usvajanju Rezolucije o Me\u0111unarodnom danu sje\u0107anja i obilje\u017eavanja genocida u Srebrenici 1995. godine. Generalna skup\u0161tina Ujedinjenih nacija Rezoluciju je usvojila 23. maja 2024. godine u New Yorku, \u010dime je 11. juli progla\u0161en Me\u0111unarodnim danom sje\u0107anja i obilje\u017eavanja genocida u Srebrenici 1995. godine.<\/p>\n<p data-start=\"2304\" data-end=\"2590\">Be\u0107irovi\u0107 je pred \u010dlanovima i simpatizerima SDP-a govorio i o politi\u010dkim izazovima koji o\u010dekuju Bosnu i Hercegovinu u narednom periodu, dok je skup u Mejdanu iskori\u0161ten i za predstavljanje kandidata i slanje prvih centralnih poruka SDP-a u kampanji koja \u0107e trajati do izbora 4. oktobra.<\/p>\n<p><iframe title=\"Veliki predizborni skup SDP-a BiH u tuzlanskom Mejdanu\" width=\"563\" height=\"1000\" src=\"https:\/\/www.youtube.com\/embed\/PeF3sTS2Z0A?feature=oembed\" frameborder=\"0\" allow=\"accelerometer; autoplay; clipboard-write; encrypted-media; gyroscope; picture-in-picture; web-share\" referrerpolicy=\"strict-origin-when-cross-origin\" allowfullscreen><\/iframe><\/p>\n<p>&nbsp;<\/p>\n<p data-start=\"2592\" data-end=\"2736\">Iz SDP-a su ranije najavili da \u0107e kampanju voditi programski i argumentovano, uz poruku da bira\u010dima \u017eele ponuditi ostvarive i mjerljive ciljeve.<\/p>\n<p><iframe title=\"Veliki skup SDP-a BiH u tuzlanskom Mejdanu\" width=\"563\" height=\"1000\" src=\"https:\/\/www.youtube.com\/embed\/kxON6EhQXKw?feature=oembed\" frameborder=\"0\" allow=\"accelerometer; autoplay; clipboard-write; encrypted-media; gyroscope; picture-in-picture; web-share\" referrerpolicy=\"strict-origin-when-cross-origin\" allowfullscreen><\/iframe><\/p>\n<p data-start=\"2592\" data-end=\"2736\">\n<p data-start=\"2738\" data-end=\"2908\">\u201eNe nudimo savr\u0161enstvo, ve\u0107 odgovornost. Ne obe\u0107avamo ono \u0161to ne mo\u017eemo ostvariti i ono \u0161to obe\u0107amo mjerit \u0107emo rezultatima\u201c, poru\u010dili su iz SDP-a uo\u010di ve\u010dera\u0161njeg skupa.<strong>\/Tuzlainfo.ba\/<br \/>\n<\/strong><\/p>\n<div class=\"elementor-element elementor-element-d29343f elementor-widget elementor-widget-theme-post-content\" data-id=\"d29343f\" data-element_type=\"widget\" data-e-type=\"widget\" data-widget_type=\"theme-post-content.default\">\n<div class=\"elementor-element elementor-element-d29343f elementor-widget elementor-widget-theme-post-content\" data-id=\"d29343f\" data-element_type=\"widget\" data-e-type=\"widget\" data-widget_type=\"theme-post-content.default\">\n<div class=\"elementor-element elementor-element-d29343f elementor-widget elementor-widget-theme-post-content\" data-id=\"d29343f\" data-element_type=\"widget\" data-e-type=\"widget\" data-widget_type=\"theme-post-content.default\">\n<p data-start=\"1358\" data-end=\"1568\"><span style=\"font-size: 8pt;\"><strong>Sadr\u017eaj je objavljen u okviru pla\u0107enog politi\u010dkog ogla\u0161avanja, u skladu s ugovorenim uslugama tokom izborne kampanje za Op\u0107e izbore 2026. godine.<\/strong><\/span><\/p>\n<\/div>\n<\/div>\n<\/div>\n","protected":false},"excerpt":{"rendered":"<p>Socijaldemokratska partija Bosne i Hercegovine ve\u010deras je u punoj Velikoj dvorani SKPC Mejdan u Tuzli odr\u017eala centralni promotivni skup kojim je zvani\u010dno otvorila kampanju za Op\u0107e izbore 2026. godine. Pod sloganom \u201eJedna dr\u017eava, jedan tim\u201c, u Mejdanu su se okupili \u010dlanovi i simpatizeri SDP-a, kao i kandidati ove stranke iz razli\u010ditih dijelova Bosne i Hercegovine. [&hellip;]<\/p>\n","protected":false},"author":2,"featured_media":315058,"comment_status":"closed","ping_status":"closed","sticky":false,"template":"","format":"standard","meta":{"footnotes":""},"categories":[304,15],"tags":[475,1060],"class_list":["post-315050","post","type-post","status-publish","format-standard","has-post-thumbnail","hentry","category-istaknuto","category-izbori-clanci","tag-izbori","tag-sdp"],"yoast_head":"<!-- This site is optimized with the Yoast SEO plugin v28.4 - https:\/\/yoast.com\/product\/yoast-seo-wordpress\/ -->\n<title>VIDEO \/ \u201eJedna dr\u017eava, jedan tim\u201c: SDP BiH pred punim Mejdanom otvorio kampanju<\/title>\n<meta name=\"robots\" content=\"index, follow, max-snippet:-1, max-image-preview:large, max-video-preview:-1\" \/>\n<link rel=\"canonical\" href=\"https:\/\/tuzlainfo.ba\/index.php\/clanci\/izbori-clanci\/item\/315050-video-jedna-drzava-jedan-tim-sdp-bih-pred-punim-mejdanom-otvorio-kampanju\/\" \/>\n<meta property=\"og:locale\" content=\"bs_BA\" \/>\n<meta property=\"og:type\" content=\"article\" \/>\n<meta property=\"og:title\" content=\"VIDEO \/ \u201eJedna dr\u017eava, jedan tim\u201c: SDP BiH pred punim Mejdanom otvorio kampanju\" \/>\n<meta property=\"og:description\" content=\"Socijaldemokratska partija Bosne i Hercegovine ve\u010deras je u punoj Velikoj dvorani SKPC Mejdan u Tuzli odr\u017eala centralni promotivni skup kojim je zvani\u010dno otvorila kampanju za Op\u0107e izbore 2026. godine. Pod sloganom \u201eJedna dr\u017eava, jedan tim\u201c, u Mejdanu su se okupili \u010dlanovi i simpatizeri SDP-a, kao i kandidati ove stranke iz razli\u010ditih dijelova Bosne i Hercegovine. [&hellip;]\" \/>\n<meta property=\"og:url\" content=\"https:\/\/tuzlainfo.ba\/index.php\/clanci\/izbori-clanci\/item\/315050-video-jedna-drzava-jedan-tim-sdp-bih-pred-punim-mejdanom-otvorio-kampanju\/\" \/>\n<meta property=\"og:site_name\" content=\"TuzlaInfo.ba\" \/>\n<meta property=\"article:publisher\" content=\"https:\/\/www.facebook.com\/tuzlainfo.ba\/\" \/>\n<meta property=\"article:published_time\" content=\"2026-09-05T18:38:12+00:00\" \/>\n<meta property=\"article:modified_time\" content=\"2026-09-05T18:47:36+00:00\" \/>\n<meta property=\"og:image\" content=\"https:\/\/tuzlainfo.ba\/wp-content\/uploads\/2026\/09\/kolaz_sdp.jpg\" \/>\n\t<meta property=\"og:image:width\" content=\"1000\" \/>\n\t<meta property=\"og:image:height\" content=\"668\" \/>\n\t<meta property=\"og:image:type\" content=\"image\/jpeg\" \/>\n<meta name=\"author\" content=\"nedim\" \/>\n<meta name=\"twitter:card\" content=\"summary_large_image\" \/>\n<meta name=\"twitter:label1\" content=\"Written by\" \/>\n\t<meta name=\"twitter:data1\" content=\"nedim\" \/>\n\t<meta name=\"twitter:label2\" content=\"Est. reading time\" \/>\n\t<meta name=\"twitter:data2\" content=\"3 minute\" \/>\n<script type=\"application\/ld+json\" class=\"yoast-schema-graph\">{\"@context\":\"https:\\\/\\\/schema.org\",\"@graph\":[{\"@type\":\"Article\",\"@id\":\"https:\\\/\\\/tuzlainfo.ba\\\/index.php\\\/clanci\\\/izbori-clanci\\\/item\\\/315050-video-jedna-drzava-jedan-tim-sdp-bih-pred-punim-mejdanom-otvorio-kampanju\\\/#article\",\"isPartOf\":{\"@id\":\"https:\\\/\\\/tuzlainfo.ba\\\/index.php\\\/clanci\\\/izbori-clanci\\\/item\\\/315050-video-jedna-drzava-jedan-tim-sdp-bih-pred-punim-mejdanom-otvorio-kampanju\\\/\"},\"author\":{\"name\":\"nedim\",\"@id\":\"https:\\\/\\\/tuzlainfo.ba\\\/#\\\/schema\\\/person\\\/f434e20dc27ea133923aab08451b7f7f\"},\"headline\":\"VIDEO \\\/ \u201eJedna dr\u017eava, jedan tim\u201c: SDP BiH pred punim Mejdanom otvorio kampanju\",\"datePublished\":\"2026-09-05T18:38:12+00:00\",\"dateModified\":\"2026-09-05T18:47:36+00:00\",\"mainEntityOfPage\":{\"@id\":\"https:\\\/\\\/tuzlainfo.ba\\\/index.php\\\/clanci\\\/izbori-clanci\\\/item\\\/315050-video-jedna-drzava-jedan-tim-sdp-bih-pred-punim-mejdanom-otvorio-kampanju\\\/\"},\"wordCount\":538,\"publisher\":{\"@id\":\"https:\\\/\\\/tuzlainfo.ba\\\/#organization\"},\"image\":{\"@id\":\"https:\\\/\\\/tuzlainfo.ba\\\/index.php\\\/clanci\\\/izbori-clanci\\\/item\\\/315050-video-jedna-drzava-jedan-tim-sdp-bih-pred-punim-mejdanom-otvorio-kampanju\\\/#primaryimage\"},\"thumbnailUrl\":\"https:\\\/\\\/tuzlainfo.ba\\\/wp-content\\\/uploads\\\/2026\\\/09\\\/kolaz_sdp.jpg\",\"keywords\":[\"izbori\",\"SDP\"],\"articleSection\":[\"Istaknuto\",\"Izbori\"],\"inLanguage\":\"bs-BA\",\"copyrightYear\":\"2026\",\"copyrightHolder\":{\"@id\":\"https:\\\/\\\/tuzlainfo.ba\\\/#organization\"}},{\"@type\":\"WebPage\",\"@id\":\"https:\\\/\\\/tuzlainfo.ba\\\/index.php\\\/clanci\\\/izbori-clanci\\\/item\\\/315050-video-jedna-drzava-jedan-tim-sdp-bih-pred-punim-mejdanom-otvorio-kampanju\\\/\",\"url\":\"https:\\\/\\\/tuzlainfo.ba\\\/index.php\\\/clanci\\\/izbori-clanci\\\/item\\\/315050-video-jedna-drzava-jedan-tim-sdp-bih-pred-punim-mejdanom-otvorio-kampanju\\\/\",\"name\":\"VIDEO \\\/ \u201eJedna dr\u017eava, jedan tim\u201c: SDP BiH pred punim Mejdanom otvorio kampanju\",\"isPartOf\":{\"@id\":\"https:\\\/\\\/tuzlainfo.ba\\\/#website\"},\"primaryImageOfPage\":{\"@id\":\"https:\\\/\\\/tuzlainfo.ba\\\/index.php\\\/clanci\\\/izbori-clanci\\\/item\\\/315050-video-jedna-drzava-jedan-tim-sdp-bih-pred-punim-mejdanom-otvorio-kampanju\\\/#primaryimage\"},\"image\":{\"@id\":\"https:\\\/\\\/tuzlainfo.ba\\\/index.php\\\/clanci\\\/izbori-clanci\\\/item\\\/315050-video-jedna-drzava-jedan-tim-sdp-bih-pred-punim-mejdanom-otvorio-kampanju\\\/#primaryimage\"},\"thumbnailUrl\":\"https:\\\/\\\/tuzlainfo.ba\\\/wp-content\\\/uploads\\\/2026\\\/09\\\/kolaz_sdp.jpg\",\"datePublished\":\"2026-09-05T18:38:12+00:00\",\"dateModified\":\"2026-09-05T18:47:36+00:00\",\"breadcrumb\":{\"@id\":\"https:\\\/\\\/tuzlainfo.ba\\\/index.php\\\/clanci\\\/izbori-clanci\\\/item\\\/315050-video-jedna-drzava-jedan-tim-sdp-bih-pred-punim-mejdanom-otvorio-kampanju\\\/#breadcrumb\"},\"inLanguage\":\"bs-BA\",\"potentialAction\":[{\"@type\":\"ReadAction\",\"target\":[\"https:\\\/\\\/tuzlainfo.ba\\\/index.php\\\/clanci\\\/izbori-clanci\\\/item\\\/315050-video-jedna-drzava-jedan-tim-sdp-bih-pred-punim-mejdanom-otvorio-kampanju\\\/\"]}]},{\"@type\":\"ImageObject\",\"inLanguage\":\"bs-BA\",\"@id\":\"https:\\\/\\\/tuzlainfo.ba\\\/index.php\\\/clanci\\\/izbori-clanci\\\/item\\\/315050-video-jedna-drzava-jedan-tim-sdp-bih-pred-punim-mejdanom-otvorio-kampanju\\\/#primaryimage\",\"url\":\"https:\\\/\\\/tuzlainfo.ba\\\/wp-content\\\/uploads\\\/2026\\\/09\\\/kolaz_sdp.jpg\",\"contentUrl\":\"https:\\\/\\\/tuzlainfo.ba\\\/wp-content\\\/uploads\\\/2026\\\/09\\\/kolaz_sdp.jpg\",\"width\":1000,\"height\":668},{\"@type\":\"BreadcrumbList\",\"@id\":\"https:\\\/\\\/tuzlainfo.ba\\\/index.php\\\/clanci\\\/izbori-clanci\\\/item\\\/315050-video-jedna-drzava-jedan-tim-sdp-bih-pred-punim-mejdanom-otvorio-kampanju\\\/#breadcrumb\",\"itemListElement\":[{\"@type\":\"ListItem\",\"position\":1,\"name\":\"Home\",\"item\":\"https:\\\/\\\/tuzlainfo.ba\\\/\"},{\"@type\":\"ListItem\",\"position\":2,\"name\":\"VIDEO \\\/ \u201eJedna dr\u017eava, jedan tim\u201c: SDP BiH pred punim Mejdanom otvorio kampanju\"}]},{\"@type\":\"WebSite\",\"@id\":\"https:\\\/\\\/tuzlainfo.ba\\\/#website\",\"url\":\"https:\\\/\\\/tuzlainfo.ba\\\/\",\"name\":\"TuzlaInfo.ba\",\"description\":\"Tuzla info, gradski informator - Tuzla na dlanu\",\"publisher\":{\"@id\":\"https:\\\/\\\/tuzlainfo.ba\\\/#organization\"},\"potentialAction\":[{\"@type\":\"SearchAction\",\"target\":{\"@type\":\"EntryPoint\",\"urlTemplate\":\"https:\\\/\\\/tuzlainfo.ba\\\/?s={search_term_string}\"},\"query-input\":{\"@type\":\"PropertyValueSpecification\",\"valueRequired\":true,\"valueName\":\"search_term_string\"}}],\"inLanguage\":\"bs-BA\"},{\"@type\":\"Organization\",\"@id\":\"https:\\\/\\\/tuzlainfo.ba\\\/#organization\",\"name\":\"TuzlaInfo.ba\",\"url\":\"https:\\\/\\\/tuzlainfo.ba\\\/\",\"logo\":{\"@type\":\"ImageObject\",\"inLanguage\":\"bs-BA\",\"@id\":\"https:\\\/\\\/tuzlainfo.ba\\\/#\\\/schema\\\/logo\\\/image\\\/\",\"url\":\"https:\\\/\\\/tuzlainfo.ba\\\/wp-content\\\/uploads\\\/2021\\\/03\\\/logo-ver-3-1.png\",\"contentUrl\":\"https:\\\/\\\/tuzlainfo.ba\\\/wp-content\\\/uploads\\\/2021\\\/03\\\/logo-ver-3-1.png\",\"width\":350,\"height\":95,\"caption\":\"TuzlaInfo.ba\"},\"image\":{\"@id\":\"https:\\\/\\\/tuzlainfo.ba\\\/#\\\/schema\\\/logo\\\/image\\\/\"},\"sameAs\":[\"https:\\\/\\\/www.facebook.com\\\/tuzlainfo.ba\\\/\"]},{\"@type\":\"Person\",\"@id\":\"https:\\\/\\\/tuzlainfo.ba\\\/#\\\/schema\\\/person\\\/f434e20dc27ea133923aab08451b7f7f\",\"name\":\"nedim\",\"image\":{\"@type\":\"ImageObject\",\"inLanguage\":\"bs-BA\",\"@id\":\"https:\\\/\\\/secure.gravatar.com\\\/avatar\\\/5b928a2e7e70a54208d2eb6c1edcb75a5350d6ae97d5f0a701203d456823f6f3?s=96&d=mm&r=g\",\"url\":\"https:\\\/\\\/secure.gravatar.com\\\/avatar\\\/5b928a2e7e70a54208d2eb6c1edcb75a5350d6ae97d5f0a701203d456823f6f3?s=96&d=mm&r=g\",\"contentUrl\":\"https:\\\/\\\/secure.gravatar.com\\\/avatar\\\/5b928a2e7e70a54208d2eb6c1edcb75a5350d6ae97d5f0a701203d456823f6f3?s=96&d=mm&r=g\",\"caption\":\"nedim\"},\"description\":\"Tuzlainfo.ba pratite na dru\u0161tvenim mre\u017eama: Facebook, Instagram i Youtube. Svoje pri\u010de, upite i fotografije \u0161aljite na na\u0161u e-mail adresu.\"}]}<\/script>\n<!-- \/ Yoast SEO plugin. -->","yoast_head_json":{"title":"VIDEO \/ \u201eJedna dr\u017eava, jedan tim\u201c: SDP BiH pred punim Mejdanom otvorio kampanju","robots":{"index":"index","follow":"follow","max-snippet":"max-snippet:-1","max-image-preview":"max-image-preview:large","max-video-preview":"max-video-preview:-1"},"canonical":"https:\/\/tuzlainfo.ba\/index.php\/clanci\/izbori-clanci\/item\/315050-video-jedna-drzava-jedan-tim-sdp-bih-pred-punim-mejdanom-otvorio-kampanju\/","og_locale":"bs_BA","og_type":"article","og_title":"VIDEO \/ \u201eJedna dr\u017eava, jedan tim\u201c: SDP BiH pred punim Mejdanom otvorio kampanju","og_description":"Socijaldemokratska partija Bosne i Hercegovine ve\u010deras je u punoj Velikoj dvorani SKPC Mejdan u Tuzli odr\u017eala centralni promotivni skup kojim je zvani\u010dno otvorila kampanju za Op\u0107e izbore 2026. godine. Pod sloganom \u201eJedna dr\u017eava, jedan tim\u201c, u Mejdanu su se okupili \u010dlanovi i simpatizeri SDP-a, kao i kandidati ove stranke iz razli\u010ditih dijelova Bosne i Hercegovine. [&hellip;]","og_url":"https:\/\/tuzlainfo.ba\/index.php\/clanci\/izbori-clanci\/item\/315050-video-jedna-drzava-jedan-tim-sdp-bih-pred-punim-mejdanom-otvorio-kampanju\/","og_site_name":"TuzlaInfo.ba","article_publisher":"https:\/\/www.facebook.com\/tuzlainfo.ba\/","article_published_time":"2026-09-05T18:38:12+00:00","article_modified_time":"2026-09-05T18:47:36+00:00","og_image":[{"width":1000,"height":668,"url":"https:\/\/tuzlainfo.ba\/wp-content\/uploads\/2026\/09\/kolaz_sdp.jpg","type":"image\/jpeg"}],"author":"nedim","twitter_card":"summary_large_image","twitter_misc":{"Written by":"nedim","Est. reading time":"3 minute"},"schema":{"@context":"https:\/\/schema.org","@graph":[{"@type":"Article","@id":"https:\/\/tuzlainfo.ba\/index.php\/clanci\/izbori-clanci\/item\/315050-video-jedna-drzava-jedan-tim-sdp-bih-pred-punim-mejdanom-otvorio-kampanju\/#article","isPartOf":{"@id":"https:\/\/tuzlainfo.ba\/index.php\/clanci\/izbori-clanci\/item\/315050-video-jedna-drzava-jedan-tim-sdp-bih-pred-punim-mejdanom-otvorio-kampanju\/"},"author":{"name":"nedim","@id":"https:\/\/tuzlainfo.ba\/#\/schema\/person\/f434e20dc27ea133923aab08451b7f7f"},"headline":"VIDEO \/ \u201eJedna dr\u017eava, jedan tim\u201c: SDP BiH pred punim Mejdanom otvorio kampanju","datePublished":"2026-09-05T18:38:12+00:00","dateModified":"2026-09-05T18:47:36+00:00","mainEntityOfPage":{"@id":"https:\/\/tuzlainfo.ba\/index.php\/clanci\/izbori-clanci\/item\/315050-video-jedna-drzava-jedan-tim-sdp-bih-pred-punim-mejdanom-otvorio-kampanju\/"},"wordCount":538,"publisher":{"@id":"https:\/\/tuzlainfo.ba\/#organization"},"image":{"@id":"https:\/\/tuzlainfo.ba\/index.php\/clanci\/izbori-clanci\/item\/315050-video-jedna-drzava-jedan-tim-sdp-bih-pred-punim-mejdanom-otvorio-kampanju\/#primaryimage"},"thumbnailUrl":"https:\/\/tuzlainfo.ba\/wp-content\/uploads\/2026\/09\/kolaz_sdp.jpg","keywords":["izbori","SDP"],"articleSection":["Istaknuto","Izbori"],"inLanguage":"bs-BA","copyrightYear":"2026","copyrightHolder":{"@id":"https:\/\/tuzlainfo.ba\/#organization"}},{"@type":"WebPage","@id":"https:\/\/tuzlainfo.ba\/index.php\/clanci\/izbori-clanci\/item\/315050-video-jedna-drzava-jedan-tim-sdp-bih-pred-punim-mejdanom-otvorio-kampanju\/","url":"https:\/\/tuzlainfo.ba\/index.php\/clanci\/izbori-clanci\/item\/315050-video-jedna-drzava-jedan-tim-sdp-bih-pred-punim-mejdanom-otvorio-kampanju\/","name":"VIDEO \/ \u201eJedna dr\u017eava, jedan tim\u201c: SDP BiH pred punim Mejdanom otvorio kampanju","isPartOf":{"@id":"https:\/\/tuzlainfo.ba\/#website"},"primaryImageOfPage":{"@id":"https:\/\/tuzlainfo.ba\/index.php\/clanci\/izbori-clanci\/item\/315050-video-jedna-drzava-jedan-tim-sdp-bih-pred-punim-mejdanom-otvorio-kampanju\/#primaryimage"},"image":{"@id":"https:\/\/tuzlainfo.ba\/index.php\/clanci\/izbori-clanci\/item\/315050-video-jedna-drzava-jedan-tim-sdp-bih-pred-punim-mejdanom-otvorio-kampanju\/#primaryimage"},"thumbnailUrl":"https:\/\/tuzlainfo.ba\/wp-content\/uploads\/2026\/09\/kolaz_sdp.jpg","datePublished":"2026-09-05T18:38:12+00:00","dateModified":"2026-09-05T18:47:36+00:00","breadcrumb":{"@id":"https:\/\/tuzlainfo.ba\/index.php\/clanci\/izbori-clanci\/item\/315050-video-jedna-drzava-jedan-tim-sdp-bih-pred-punim-mejdanom-otvorio-kampanju\/#breadcrumb"},"inLanguage":"bs-BA","potentialAction":[{"@type":"ReadAction","target":["https:\/\/tuzlainfo.ba\/index.php\/clanci\/izbori-clanci\/item\/315050-video-jedna-drzava-jedan-tim-sdp-bih-pred-punim-mejdanom-otvorio-kampanju\/"]}]},{"@type":"ImageObject","inLanguage":"bs-BA","@id":"https:\/\/tuzlainfo.ba\/index.php\/clanci\/izbori-clanci\/item\/315050-video-jedna-drzava-jedan-tim-sdp-bih-pred-punim-mejdanom-otvorio-kampanju\/#primaryimage","url":"https:\/\/tuzlainfo.ba\/wp-content\/uploads\/2026\/09\/kolaz_sdp.jpg","contentUrl":"https:\/\/tuzlainfo.ba\/wp-content\/uploads\/2026\/09\/kolaz_sdp.jpg","width":1000,"height":668},{"@type":"BreadcrumbList","@id":"https:\/\/tuzlainfo.ba\/index.php\/clanci\/izbori-clanci\/item\/315050-video-jedna-drzava-jedan-tim-sdp-bih-pred-punim-mejdanom-otvorio-kampanju\/#breadcrumb","itemListElement":[{"@type":"ListItem","position":1,"name":"Home","item":"https:\/\/tuzlainfo.ba\/"},{"@type":"ListItem","position":2,"name":"VIDEO \/ \u201eJedna dr\u017eava, jedan tim\u201c: SDP BiH pred punim Mejdanom otvorio kampanju"}]},{"@type":"WebSite","@id":"https:\/\/tuzlainfo.ba\/#website","url":"https:\/\/tuzlainfo.ba\/","name":"TuzlaInfo.ba","description":"Tuzla info, gradski informator - Tuzla na dlanu","publisher":{"@id":"https:\/\/tuzlainfo.ba\/#organization"},"potentialAction":[{"@type":"SearchAction","target":{"@type":"EntryPoint","urlTemplate":"https:\/\/tuzlainfo.ba\/?s={search_term_string}"},"query-input":{"@type":"PropertyValueSpecification","valueRequired":true,"valueName":"search_term_string"}}],"inLanguage":"bs-BA"},{"@type":"Organization","@id":"https:\/\/tuzlainfo.ba\/#organization","name":"TuzlaInfo.ba","url":"https:\/\/tuzlainfo.ba\/","logo":{"@type":"ImageObject","inLanguage":"bs-BA","@id":"https:\/\/tuzlainfo.ba\/#\/schema\/logo\/image\/","url":"https:\/\/tuzlainfo.ba\/wp-content\/uploads\/2021\/03\/logo-ver-3-1.png","contentUrl":"https:\/\/tuzlainfo.ba\/wp-content\/uploads\/2021\/03\/logo-ver-3-1.png","width":350,"height":95,"caption":"TuzlaInfo.ba"},"image":{"@id":"https:\/\/tuzlainfo.ba\/#\/schema\/logo\/image\/"},"sameAs":["https:\/\/www.facebook.com\/tuzlainfo.ba\/"]},{"@type":"Person","@id":"https:\/\/tuzlainfo.ba\/#\/schema\/person\/f434e20dc27ea133923aab08451b7f7f","name":"nedim","image":{"@type":"ImageObject","inLanguage":"bs-BA","@id":"https:\/\/secure.gravatar.com\/avatar\/5b928a2e7e70a54208d2eb6c1edcb75a5350d6ae97d5f0a701203d456823f6f3?s=96&d=mm&r=g","url":"https:\/\/secure.gravatar.com\/avatar\/5b928a2e7e70a54208d2eb6c1edcb75a5350d6ae97d5f0a701203d456823f6f3?s=96&d=mm&r=g","contentUrl":"https:\/\/secure.gravatar.com\/avatar\/5b928a2e7e70a54208d2eb6c1edcb75a5350d6ae97d5f0a701203d456823f6f3?s=96&d=mm&r=g","caption":"nedim"},"description":"Tuzlainfo.ba pratite na dru\u0161tvenim mre\u017eama: Facebook, Instagram i Youtube. Svoje pri\u010de, upite i fotografije \u0161aljite na na\u0161u e-mail adresu."}]}},"_links":{"self":[{"href":"https:\/\/tuzlainfo.ba\/index.php\/wp-json\/wp\/v2\/posts\/315050","targetHints":{"allow":["GET"]}}],"collection":[{"href":"https:\/\/tuzlainfo.ba\/index.php\/wp-json\/wp\/v2\/posts"}],"about":[{"href":"https:\/\/tuzlainfo.ba\/index.php\/wp-json\/wp\/v2\/types\/post"}],"author":[{"embeddable":true,"href":"https:\/\/tuzlainfo.ba\/index.php\/wp-json\/wp\/v2\/users\/2"}],"replies":[{"embeddable":true,"href":"https:\/\/tuzlainfo.ba\/index.php\/wp-json\/wp\/v2\/comments?post=315050"}],"version-history":[{"count":3,"href":"https:\/\/tuzlainfo.ba\/index.php\/wp-json\/wp\/v2\/posts\/315050\/revisions"}],"predecessor-version":[{"id":315060,"href":"https:\/\/tuzlainfo.ba\/index.php\/wp-json\/wp\/v2\/posts\/315050\/revisions\/315060"}],"wp:featuredmedia":[{"embeddable":true,"href":"https:\/\/tuzlainfo.ba\/index.php\/wp-json\/wp\/v2\/media\/315058"}],"wp:attachment":[{"href":"https:\/\/tuzlainfo.ba\/index.php\/wp-json\/wp\/v2\/media?parent=315050"}],"wp:term":[{"taxonomy":"category","embeddable":true,"href":"https:\/\/tuzlainfo.ba\/index.php\/wp-json\/wp\/v2\/categories?post=315050"},{"taxonomy":"post_tag","embeddable":true,"href":"https:\/\/tuzlainfo.ba\/index.php\/wp-json\/wp\/v2\/tags?post=315050"}],"curies":[{"name":"wp","href":"https:\/\/api.w.org\/{rel}","templated":true}]}}