{"id":315037,"date":"2026-09-05T20:02:10","date_gmt":"2026-09-05T18:02:10","guid":{"rendered":"https:\/\/tuzlainfo.ba\/?p=315037"},"modified":"2026-09-05T20:02:10","modified_gmt":"2026-09-05T18:02:10","slug":"cudic-s-trga-slobode-u-tuzli-porucila-onima-koji-daju-velika-obecanja-da-prvo-obecaju-da-prestaju-krasti","status":"publish","type":"post","link":"https:\/\/tuzlainfo.ba\/index.php\/istaknuto\/item\/315037-cudic-s-trga-slobode-u-tuzli-porucila-onima-koji-daju-velika-obecanja-da-prvo-obecaju-da-prestaju-krasti\/","title":{"rendered":"\u0106udi\u0107 s Trga slobode u Tuzli poru\u010dila onima koji daju velika obe\u0107anja da prvo obe\u0107aju da prestaju krasti"},"content":{"rendered":"<p>Na\u0161a stranka je danas zvani\u010dno otvorila kampanju s Trga slobode u Tuzli, pod sloganom \u201c\u017divimo slobodno\u201d. Sabina \u0106udi\u0107, predsjednica Na\u0161e stranke, tom prilikom je izjavila:<\/p>\n<p>\u201cOd strana\u010dkih lidera koji nakon desetina godina u politici nude ista obe\u0107anja o novim radnim mjestima i platama nam treba samo jedno obe\u0107anje, a to je da ne\u0107e krasti. Zato se nakon izbora \u017eelimo rukovati i sara\u0111ivati sa svima koji pristaju da smo svi jednaki pred zakonom, kojima je evropska BiH opredjeljenje, i kojima \u0107e, kada govorimo iz Tuzle, nakon 30 godina, ceste i autoputevi do Tuzle biti prioritet a ne kriminal u autocestama FBiH.<\/p>\n<p><iframe title=\"Sabina \u0106udi\u0107 (Na\u0161a stranka): &quot;Na\u0161 slogan je inspirisan slobodarskom Tuzlom&quot;\" width=\"800\" height=\"450\" src=\"https:\/\/www.youtube.com\/embed\/xmbdoje7CVk?feature=oembed\" frameborder=\"0\" allow=\"accelerometer; autoplay; clipboard-write; encrypted-media; gyroscope; picture-in-picture; web-share\" referrerpolicy=\"strict-origin-when-cross-origin\" allowfullscreen><\/iframe><\/p>\n<p>&nbsp;<\/p>\n<p>Drugim rije\u010dima, Pru\u017eamo ruku svim \u010destitim ljudima, ali se i borimo protiv svih koji iza parola o dr\u017eavnom interesu kriju samo vlastiti.<\/p>\n<p>U proteklim danima i sedmicama obi\u0161la sam sve dijelove Tuzlanskog kantona. Nismo dr\u017eali govore, nego smo slu\u0161ali na\u0161e sugra\u0111ane. Tra\u017ee da se zapo\u0161ljavaju, rade i \u017eive dostojanstveno bez strana\u010dkih iskaznica. Drugim rije\u010dima, tra\u017ee da \u017eive slobodno.\u201d<\/p>\n<div id='gallery-1' class='gallery galleryid-315037 gallery-columns-3 gallery-size-medium'><figure class='gallery-item'>\n\t\t\t<div class='gallery-icon landscape'>\n\t\t\t\t<a href='https:\/\/tuzlainfo.ba\/index.php\/istaknuto\/item\/315037-cudic-s-trga-slobode-u-tuzli-porucila-onima-koji-daju-velika-obecanja-da-prvo-obecaju-da-prestaju-krasti\/attachment\/nasa-stranka-skup-tuzla-2\/'><img fetchpriority=\"high\" decoding=\"async\" width=\"300\" height=\"169\" src=\"https:\/\/tuzlainfo.ba\/wp-content\/uploads\/2026\/09\/Nasa-Stranka-skup-tuzla-2-300x169.jpg\" class=\"attachment-medium size-medium\" alt=\"\" srcset=\"https:\/\/tuzlainfo.ba\/wp-content\/uploads\/2026\/09\/Nasa-Stranka-skup-tuzla-2-300x169.jpg 300w, https:\/\/tuzlainfo.ba\/wp-content\/uploads\/2026\/09\/Nasa-Stranka-skup-tuzla-2-1024x576.jpg 1024w, https:\/\/tuzlainfo.ba\/wp-content\/uploads\/2026\/09\/Nasa-Stranka-skup-tuzla-2-768x432.jpg 768w, https:\/\/tuzlainfo.ba\/wp-content\/uploads\/2026\/09\/Nasa-Stranka-skup-tuzla-2-1536x864.jpg 1536w, https:\/\/tuzlainfo.ba\/wp-content\/uploads\/2026\/09\/Nasa-Stranka-skup-tuzla-2-2048x1152.jpg 2048w, https:\/\/tuzlainfo.ba\/wp-content\/uploads\/2026\/09\/Nasa-Stranka-skup-tuzla-2-150x84.jpg 150w, https:\/\/tuzlainfo.ba\/wp-content\/uploads\/2026\/09\/Nasa-Stranka-skup-tuzla-2-500x281.jpg 500w, https:\/\/tuzlainfo.ba\/wp-content\/uploads\/2026\/09\/Nasa-Stranka-skup-tuzla-2-1920x1080.jpg 1920w, https:\/\/tuzlainfo.ba\/wp-content\/uploads\/2026\/09\/Nasa-Stranka-skup-tuzla-2-1170x663.jpg 1170w, https:\/\/tuzlainfo.ba\/wp-content\/uploads\/2026\/09\/Nasa-Stranka-skup-tuzla-2-585x329.jpg 585w\" sizes=\"(max-width: 300px) 100vw, 300px\" \/><\/a>\n\t\t\t<\/div><\/figure><figure class='gallery-item'>\n\t\t\t<div class='gallery-icon landscape'>\n\t\t\t\t<a href='https:\/\/tuzlainfo.ba\/index.php\/istaknuto\/item\/315037-cudic-s-trga-slobode-u-tuzli-porucila-onima-koji-daju-velika-obecanja-da-prvo-obecaju-da-prestaju-krasti\/attachment\/nasa-stranka-skup-tuzla-3\/'><img decoding=\"async\" width=\"300\" height=\"169\" src=\"https:\/\/tuzlainfo.ba\/wp-content\/uploads\/2026\/09\/Nasa-Stranka-skup-tuzla-3-300x169.jpg\" class=\"attachment-medium size-medium\" alt=\"\" srcset=\"https:\/\/tuzlainfo.ba\/wp-content\/uploads\/2026\/09\/Nasa-Stranka-skup-tuzla-3-300x169.jpg 300w, https:\/\/tuzlainfo.ba\/wp-content\/uploads\/2026\/09\/Nasa-Stranka-skup-tuzla-3-1024x576.jpg 1024w, https:\/\/tuzlainfo.ba\/wp-content\/uploads\/2026\/09\/Nasa-Stranka-skup-tuzla-3-768x432.jpg 768w, https:\/\/tuzlainfo.ba\/wp-content\/uploads\/2026\/09\/Nasa-Stranka-skup-tuzla-3-1536x864.jpg 1536w, https:\/\/tuzlainfo.ba\/wp-content\/uploads\/2026\/09\/Nasa-Stranka-skup-tuzla-3-2048x1152.jpg 2048w, https:\/\/tuzlainfo.ba\/wp-content\/uploads\/2026\/09\/Nasa-Stranka-skup-tuzla-3-150x84.jpg 150w, https:\/\/tuzlainfo.ba\/wp-content\/uploads\/2026\/09\/Nasa-Stranka-skup-tuzla-3-500x281.jpg 500w, https:\/\/tuzlainfo.ba\/wp-content\/uploads\/2026\/09\/Nasa-Stranka-skup-tuzla-3-1920x1080.jpg 1920w, https:\/\/tuzlainfo.ba\/wp-content\/uploads\/2026\/09\/Nasa-Stranka-skup-tuzla-3-1170x663.jpg 1170w, https:\/\/tuzlainfo.ba\/wp-content\/uploads\/2026\/09\/Nasa-Stranka-skup-tuzla-3-585x329.jpg 585w\" sizes=\"(max-width: 300px) 100vw, 300px\" \/><\/a>\n\t\t\t<\/div><\/figure><figure class='gallery-item'>\n\t\t\t<div class='gallery-icon landscape'>\n\t\t\t\t<a href='https:\/\/tuzlainfo.ba\/index.php\/istaknuto\/item\/315037-cudic-s-trga-slobode-u-tuzli-porucila-onima-koji-daju-velika-obecanja-da-prvo-obecaju-da-prestaju-krasti\/attachment\/nasa-stranka-skup-tuzla-4\/'><img decoding=\"async\" width=\"300\" height=\"169\" src=\"https:\/\/tuzlainfo.ba\/wp-content\/uploads\/2026\/09\/Nasa-Stranka-skup-tuzla-4-300x169.jpg\" class=\"attachment-medium size-medium\" alt=\"\" srcset=\"https:\/\/tuzlainfo.ba\/wp-content\/uploads\/2026\/09\/Nasa-Stranka-skup-tuzla-4-300x169.jpg 300w, https:\/\/tuzlainfo.ba\/wp-content\/uploads\/2026\/09\/Nasa-Stranka-skup-tuzla-4-1024x576.jpg 1024w, https:\/\/tuzlainfo.ba\/wp-content\/uploads\/2026\/09\/Nasa-Stranka-skup-tuzla-4-768x432.jpg 768w, https:\/\/tuzlainfo.ba\/wp-content\/uploads\/2026\/09\/Nasa-Stranka-skup-tuzla-4-1536x864.jpg 1536w, https:\/\/tuzlainfo.ba\/wp-content\/uploads\/2026\/09\/Nasa-Stranka-skup-tuzla-4-2048x1152.jpg 2048w, https:\/\/tuzlainfo.ba\/wp-content\/uploads\/2026\/09\/Nasa-Stranka-skup-tuzla-4-150x84.jpg 150w, https:\/\/tuzlainfo.ba\/wp-content\/uploads\/2026\/09\/Nasa-Stranka-skup-tuzla-4-500x281.jpg 500w, https:\/\/tuzlainfo.ba\/wp-content\/uploads\/2026\/09\/Nasa-Stranka-skup-tuzla-4-1920x1080.jpg 1920w, https:\/\/tuzlainfo.ba\/wp-content\/uploads\/2026\/09\/Nasa-Stranka-skup-tuzla-4-1170x663.jpg 1170w, https:\/\/tuzlainfo.ba\/wp-content\/uploads\/2026\/09\/Nasa-Stranka-skup-tuzla-4-585x329.jpg 585w\" sizes=\"(max-width: 300px) 100vw, 300px\" \/><\/a>\n\t\t\t<\/div><\/figure><figure class='gallery-item'>\n\t\t\t<div class='gallery-icon landscape'>\n\t\t\t\t<a href='https:\/\/tuzlainfo.ba\/index.php\/istaknuto\/item\/315037-cudic-s-trga-slobode-u-tuzli-porucila-onima-koji-daju-velika-obecanja-da-prvo-obecaju-da-prestaju-krasti\/attachment\/nasa-stranka-skup-tuzla-5\/'><img loading=\"lazy\" decoding=\"async\" width=\"300\" height=\"169\" src=\"https:\/\/tuzlainfo.ba\/wp-content\/uploads\/2026\/09\/Nasa-Stranka-skup-tuzla-5-300x169.jpg\" class=\"attachment-medium size-medium\" alt=\"\" srcset=\"https:\/\/tuzlainfo.ba\/wp-content\/uploads\/2026\/09\/Nasa-Stranka-skup-tuzla-5-300x169.jpg 300w, https:\/\/tuzlainfo.ba\/wp-content\/uploads\/2026\/09\/Nasa-Stranka-skup-tuzla-5-1024x576.jpg 1024w, https:\/\/tuzlainfo.ba\/wp-content\/uploads\/2026\/09\/Nasa-Stranka-skup-tuzla-5-768x432.jpg 768w, https:\/\/tuzlainfo.ba\/wp-content\/uploads\/2026\/09\/Nasa-Stranka-skup-tuzla-5-1536x864.jpg 1536w, https:\/\/tuzlainfo.ba\/wp-content\/uploads\/2026\/09\/Nasa-Stranka-skup-tuzla-5-2048x1152.jpg 2048w, https:\/\/tuzlainfo.ba\/wp-content\/uploads\/2026\/09\/Nasa-Stranka-skup-tuzla-5-150x84.jpg 150w, https:\/\/tuzlainfo.ba\/wp-content\/uploads\/2026\/09\/Nasa-Stranka-skup-tuzla-5-500x281.jpg 500w, https:\/\/tuzlainfo.ba\/wp-content\/uploads\/2026\/09\/Nasa-Stranka-skup-tuzla-5-1920x1080.jpg 1920w, https:\/\/tuzlainfo.ba\/wp-content\/uploads\/2026\/09\/Nasa-Stranka-skup-tuzla-5-1170x663.jpg 1170w, https:\/\/tuzlainfo.ba\/wp-content\/uploads\/2026\/09\/Nasa-Stranka-skup-tuzla-5-585x329.jpg 585w\" sizes=\"(max-width: 300px) 100vw, 300px\" \/><\/a>\n\t\t\t<\/div><\/figure><figure class='gallery-item'>\n\t\t\t<div class='gallery-icon landscape'>\n\t\t\t\t<a href='https:\/\/tuzlainfo.ba\/index.php\/istaknuto\/item\/315037-cudic-s-trga-slobode-u-tuzli-porucila-onima-koji-daju-velika-obecanja-da-prvo-obecaju-da-prestaju-krasti\/attachment\/nasa-stranka-skup-tuzla-6\/'><img loading=\"lazy\" decoding=\"async\" width=\"300\" height=\"169\" src=\"https:\/\/tuzlainfo.ba\/wp-content\/uploads\/2026\/09\/Nasa-Stranka-skup-tuzla-6-300x169.jpg\" class=\"attachment-medium size-medium\" alt=\"\" srcset=\"https:\/\/tuzlainfo.ba\/wp-content\/uploads\/2026\/09\/Nasa-Stranka-skup-tuzla-6-300x169.jpg 300w, https:\/\/tuzlainfo.ba\/wp-content\/uploads\/2026\/09\/Nasa-Stranka-skup-tuzla-6-1024x576.jpg 1024w, https:\/\/tuzlainfo.ba\/wp-content\/uploads\/2026\/09\/Nasa-Stranka-skup-tuzla-6-768x432.jpg 768w, https:\/\/tuzlainfo.ba\/wp-content\/uploads\/2026\/09\/Nasa-Stranka-skup-tuzla-6-1536x865.jpg 1536w, https:\/\/tuzlainfo.ba\/wp-content\/uploads\/2026\/09\/Nasa-Stranka-skup-tuzla-6-150x84.jpg 150w, https:\/\/tuzlainfo.ba\/wp-content\/uploads\/2026\/09\/Nasa-Stranka-skup-tuzla-6-500x281.jpg 500w, https:\/\/tuzlainfo.ba\/wp-content\/uploads\/2026\/09\/Nasa-Stranka-skup-tuzla-6-1170x663.jpg 1170w, https:\/\/tuzlainfo.ba\/wp-content\/uploads\/2026\/09\/Nasa-Stranka-skup-tuzla-6-585x329.jpg 585w, https:\/\/tuzlainfo.ba\/wp-content\/uploads\/2026\/09\/Nasa-Stranka-skup-tuzla-6.jpg 1727w\" sizes=\"(max-width: 300px) 100vw, 300px\" \/><\/a>\n\t\t\t<\/div><\/figure><figure class='gallery-item'>\n\t\t\t<div class='gallery-icon landscape'>\n\t\t\t\t<a href='https:\/\/tuzlainfo.ba\/index.php\/istaknuto\/item\/315037-cudic-s-trga-slobode-u-tuzli-porucila-onima-koji-daju-velika-obecanja-da-prvo-obecaju-da-prestaju-krasti\/attachment\/nasa-stranka-skup-tuzla-1\/'><img loading=\"lazy\" decoding=\"async\" width=\"300\" height=\"189\" src=\"https:\/\/tuzlainfo.ba\/wp-content\/uploads\/2026\/09\/Nasa-Stranka-skup-tuzla-1-e1788631061254-300x189.jpg\" class=\"attachment-medium size-medium\" alt=\"\" srcset=\"https:\/\/tuzlainfo.ba\/wp-content\/uploads\/2026\/09\/Nasa-Stranka-skup-tuzla-1-e1788631061254-300x189.jpg 300w, https:\/\/tuzlainfo.ba\/wp-content\/uploads\/2026\/09\/Nasa-Stranka-skup-tuzla-1-e1788631061254-1024x645.jpg 1024w, https:\/\/tuzlainfo.ba\/wp-content\/uploads\/2026\/09\/Nasa-Stranka-skup-tuzla-1-e1788631061254-768x484.jpg 768w, https:\/\/tuzlainfo.ba\/wp-content\/uploads\/2026\/09\/Nasa-Stranka-skup-tuzla-1-e1788631061254-1536x968.jpg 1536w, https:\/\/tuzlainfo.ba\/wp-content\/uploads\/2026\/09\/Nasa-Stranka-skup-tuzla-1-e1788631061254-150x94.jpg 150w, https:\/\/tuzlainfo.ba\/wp-content\/uploads\/2026\/09\/Nasa-Stranka-skup-tuzla-1-e1788631061254-500x315.jpg 500w, https:\/\/tuzlainfo.ba\/wp-content\/uploads\/2026\/09\/Nasa-Stranka-skup-tuzla-1-e1788631061254-1920x1209.jpg 1920w, https:\/\/tuzlainfo.ba\/wp-content\/uploads\/2026\/09\/Nasa-Stranka-skup-tuzla-1-e1788631061254-1170x737.jpg 1170w, https:\/\/tuzlainfo.ba\/wp-content\/uploads\/2026\/09\/Nasa-Stranka-skup-tuzla-1-e1788631061254-585x368.jpg 585w, https:\/\/tuzlainfo.ba\/wp-content\/uploads\/2026\/09\/Nasa-Stranka-skup-tuzla-1-e1788631061254.jpg 2048w\" sizes=\"(max-width: 300px) 100vw, 300px\" \/><\/a>\n\t\t\t<\/div><\/figure>\n\t\t<\/div>\n\n<p><iframe title=\"Na\u0161a stranka na Trgu slobode u Tuzli zapo\u010dela kampanju\" width=\"800\" height=\"450\" src=\"https:\/\/www.youtube.com\/embed\/QqHxhCKDUIg?feature=oembed\" frameborder=\"0\" allow=\"accelerometer; autoplay; clipboard-write; encrypted-media; gyroscope; picture-in-picture; web-share\" referrerpolicy=\"strict-origin-when-cross-origin\" allowfullscreen><\/iframe><\/p>\n<p>&nbsp;<\/p>\n<p>Nosilac liste Na\u0161e stranke za Skup\u0161tinu Tuzlanskog kantona je Mirsad \u010camd\u017ei\u0107. On je govorio o putnoj povezanosti Tuzle s ostatkom dr\u017eave:<br \/>\n\u201eOno za \u0161ta \u0107u se boriti jeste totalna deblokada Tuzlanskog kantona koji je jedan od najpotentnijih kantona, ali nema rije\u0161enu putnu infrastrukturu. Borit \u0107u se za spajanje Tuzle sa Sarajevom, za brzu cestu za Ora\u0161je i spajanje sa Dobojem, odnosno s priklju\u010dkom na Vc.\u201c<\/p>\n<p><iframe title=\"Mirsad \u010camd\u017ei\u0107 (Na\u0161a stranka); Nosilac liste za Skup\u0161tinu TK\" width=\"800\" height=\"450\" src=\"https:\/\/www.youtube.com\/embed\/pPZOdKxS5LQ?feature=oembed\" frameborder=\"0\" allow=\"accelerometer; autoplay; clipboard-write; encrypted-media; gyroscope; picture-in-picture; web-share\" referrerpolicy=\"strict-origin-when-cross-origin\" allowfullscreen><\/iframe><\/p>\n<p>&nbsp;<\/p>\n<p>Amra Nadarevi\u0107-Voden\u010darevi\u0107, nositeljica liste Na\u0161e stranke za Federalni parlament, istakla je da joj je posebno zadovoljstvo \u0161to Na\u0161a stranka kampanju pokre\u0107e iz Tuzle jer je Tuzla grad koji ne priznaje podjele.<\/p>\n<div class=\"elementor-element elementor-element-d29343f elementor-widget elementor-widget-theme-post-content\" data-id=\"d29343f\" data-element_type=\"widget\" data-e-type=\"widget\" data-widget_type=\"theme-post-content.default\">\n<div class=\"elementor-element elementor-element-d29343f elementor-widget elementor-widget-theme-post-content\" data-id=\"d29343f\" data-element_type=\"widget\" data-e-type=\"widget\" data-widget_type=\"theme-post-content.default\">\n<div class=\"elementor-element elementor-element-d29343f elementor-widget elementor-widget-theme-post-content\" data-id=\"d29343f\" data-element_type=\"widget\" data-e-type=\"widget\" data-widget_type=\"theme-post-content.default\">\n<p data-start=\"1358\" data-end=\"1568\"><span style=\"font-size: 8pt;\"><strong>Sadr\u017eaj je objavljen u okviru pla\u0107enog politi\u010dkog ogla\u0161avanja, u skladu s ugovorenim uslugama tokom izborne kampanje za Op\u0107e izbore 2026. godine.<\/strong><\/span><\/p>\n<\/div>\n<\/div>\n<\/div>\n<div class=\"elementor-element elementor-element-9e2b860 e-con-full e-flex e-con e-child\" data-id=\"9e2b860\" data-element_type=\"container\" data-e-type=\"container\">\n<div class=\"elementor-element elementor-element-439dc0d elementor-widget-mobile__width-initial elementor-widget elementor-widget-heading\" data-id=\"439dc0d\" data-element_type=\"widget\" data-e-type=\"widget\" data-widget_type=\"heading.default\"><\/div>\n<\/div>\n","protected":false},"excerpt":{"rendered":"<p>Na\u0161a stranka je danas zvani\u010dno otvorila kampanju s Trga slobode u Tuzli, pod sloganom \u201c\u017divimo slobodno\u201d. Sabina \u0106udi\u0107, predsjednica Na\u0161e stranke, tom prilikom je izjavila: \u201cOd strana\u010dkih lidera koji nakon desetina godina u politici nude ista obe\u0107anja o novim radnim mjestima i platama nam treba samo jedno obe\u0107anje, a to je da ne\u0107e krasti. Zato [&hellip;]<\/p>\n","protected":false},"author":2,"featured_media":315044,"comment_status":"closed","ping_status":"closed","sticky":false,"template":"","format":"standard","meta":{"footnotes":""},"categories":[304,15],"tags":[475,989],"class_list":["post-315037","post","type-post","status-publish","format-standard","has-post-thumbnail","hentry","category-istaknuto","category-izbori-clanci","tag-izbori","tag-nasa-stranka"],"yoast_head":"<!-- This site is optimized with the Yoast SEO plugin v28.4 - https:\/\/yoast.com\/product\/yoast-seo-wordpress\/ -->\n<title>\u0106udi\u0107 s Trga slobode u Tuzli poru\u010dila onima koji daju velika obe\u0107anja da prvo obe\u0107aju da prestaju krasti<\/title>\n<meta name=\"robots\" content=\"index, follow, max-snippet:-1, max-image-preview:large, max-video-preview:-1\" \/>\n<link rel=\"canonical\" href=\"https:\/\/tuzlainfo.ba\/index.php\/istaknuto\/item\/315037-cudic-s-trga-slobode-u-tuzli-porucila-onima-koji-daju-velika-obecanja-da-prvo-obecaju-da-prestaju-krasti\/\" \/>\n<meta property=\"og:locale\" content=\"bs_BA\" \/>\n<meta property=\"og:type\" content=\"article\" \/>\n<meta property=\"og:title\" content=\"\u0106udi\u0107 s Trga slobode u Tuzli poru\u010dila onima koji daju velika obe\u0107anja da prvo obe\u0107aju da prestaju krasti\" \/>\n<meta property=\"og:description\" content=\"Na\u0161a stranka je danas zvani\u010dno otvorila kampanju s Trga slobode u Tuzli, pod sloganom \u201c\u017divimo slobodno\u201d. Sabina \u0106udi\u0107, predsjednica Na\u0161e stranke, tom prilikom je izjavila: \u201cOd strana\u010dkih lidera koji nakon desetina godina u politici nude ista obe\u0107anja o novim radnim mjestima i platama nam treba samo jedno obe\u0107anje, a to je da ne\u0107e krasti. Zato [&hellip;]\" \/>\n<meta property=\"og:url\" content=\"https:\/\/tuzlainfo.ba\/index.php\/istaknuto\/item\/315037-cudic-s-trga-slobode-u-tuzli-porucila-onima-koji-daju-velika-obecanja-da-prvo-obecaju-da-prestaju-krasti\/\" \/>\n<meta property=\"og:site_name\" content=\"TuzlaInfo.ba\" \/>\n<meta property=\"article:publisher\" content=\"https:\/\/www.facebook.com\/tuzlainfo.ba\/\" \/>\n<meta property=\"article:published_time\" content=\"2026-09-05T18:02:10+00:00\" \/>\n<meta property=\"og:image\" content=\"https:\/\/tuzlainfo.ba\/wp-content\/uploads\/2026\/09\/0509_kolaz_NS.jpg\" \/>\n\t<meta property=\"og:image:width\" content=\"1000\" \/>\n\t<meta property=\"og:image:height\" content=\"668\" \/>\n\t<meta property=\"og:image:type\" content=\"image\/jpeg\" \/>\n<meta name=\"author\" content=\"nedim\" \/>\n<meta name=\"twitter:card\" content=\"summary_large_image\" \/>\n<meta name=\"twitter:label1\" content=\"Written by\" \/>\n\t<meta name=\"twitter:data1\" content=\"nedim\" \/>\n\t<meta name=\"twitter:label2\" content=\"Est. reading time\" \/>\n\t<meta name=\"twitter:data2\" content=\"2 minute\" \/>\n<script type=\"application\/ld+json\" class=\"yoast-schema-graph\">{\"@context\":\"https:\\\/\\\/schema.org\",\"@graph\":[{\"@type\":\"Article\",\"@id\":\"https:\\\/\\\/tuzlainfo.ba\\\/index.php\\\/istaknuto\\\/item\\\/315037-cudic-s-trga-slobode-u-tuzli-porucila-onima-koji-daju-velika-obecanja-da-prvo-obecaju-da-prestaju-krasti\\\/#article\",\"isPartOf\":{\"@id\":\"https:\\\/\\\/tuzlainfo.ba\\\/index.php\\\/istaknuto\\\/item\\\/315037-cudic-s-trga-slobode-u-tuzli-porucila-onima-koji-daju-velika-obecanja-da-prvo-obecaju-da-prestaju-krasti\\\/\"},\"author\":{\"name\":\"nedim\",\"@id\":\"https:\\\/\\\/tuzlainfo.ba\\\/#\\\/schema\\\/person\\\/f434e20dc27ea133923aab08451b7f7f\"},\"headline\":\"\u0106udi\u0107 s Trga slobode u Tuzli poru\u010dila onima koji daju velika obe\u0107anja da prvo obe\u0107aju da prestaju krasti\",\"datePublished\":\"2026-09-05T18:02:10+00:00\",\"mainEntityOfPage\":{\"@id\":\"https:\\\/\\\/tuzlainfo.ba\\\/index.php\\\/istaknuto\\\/item\\\/315037-cudic-s-trga-slobode-u-tuzli-porucila-onima-koji-daju-velika-obecanja-da-prvo-obecaju-da-prestaju-krasti\\\/\"},\"wordCount\":366,\"publisher\":{\"@id\":\"https:\\\/\\\/tuzlainfo.ba\\\/#organization\"},\"image\":{\"@id\":\"https:\\\/\\\/tuzlainfo.ba\\\/index.php\\\/istaknuto\\\/item\\\/315037-cudic-s-trga-slobode-u-tuzli-porucila-onima-koji-daju-velika-obecanja-da-prvo-obecaju-da-prestaju-krasti\\\/#primaryimage\"},\"thumbnailUrl\":\"https:\\\/\\\/tuzlainfo.ba\\\/wp-content\\\/uploads\\\/2026\\\/09\\\/0509_kolaz_NS.jpg\",\"keywords\":[\"izbori\",\"na\u0161a stranka\"],\"articleSection\":[\"Istaknuto\",\"Izbori\"],\"inLanguage\":\"bs-BA\",\"copyrightYear\":\"2026\",\"copyrightHolder\":{\"@id\":\"https:\\\/\\\/tuzlainfo.ba\\\/#organization\"}},{\"@type\":\"WebPage\",\"@id\":\"https:\\\/\\\/tuzlainfo.ba\\\/index.php\\\/istaknuto\\\/item\\\/315037-cudic-s-trga-slobode-u-tuzli-porucila-onima-koji-daju-velika-obecanja-da-prvo-obecaju-da-prestaju-krasti\\\/\",\"url\":\"https:\\\/\\\/tuzlainfo.ba\\\/index.php\\\/istaknuto\\\/item\\\/315037-cudic-s-trga-slobode-u-tuzli-porucila-onima-koji-daju-velika-obecanja-da-prvo-obecaju-da-prestaju-krasti\\\/\",\"name\":\"\u0106udi\u0107 s Trga slobode u Tuzli poru\u010dila onima koji daju velika obe\u0107anja da prvo obe\u0107aju da prestaju krasti\",\"isPartOf\":{\"@id\":\"https:\\\/\\\/tuzlainfo.ba\\\/#website\"},\"primaryImageOfPage\":{\"@id\":\"https:\\\/\\\/tuzlainfo.ba\\\/index.php\\\/istaknuto\\\/item\\\/315037-cudic-s-trga-slobode-u-tuzli-porucila-onima-koji-daju-velika-obecanja-da-prvo-obecaju-da-prestaju-krasti\\\/#primaryimage\"},\"image\":{\"@id\":\"https:\\\/\\\/tuzlainfo.ba\\\/index.php\\\/istaknuto\\\/item\\\/315037-cudic-s-trga-slobode-u-tuzli-porucila-onima-koji-daju-velika-obecanja-da-prvo-obecaju-da-prestaju-krasti\\\/#primaryimage\"},\"thumbnailUrl\":\"https:\\\/\\\/tuzlainfo.ba\\\/wp-content\\\/uploads\\\/2026\\\/09\\\/0509_kolaz_NS.jpg\",\"datePublished\":\"2026-09-05T18:02:10+00:00\",\"breadcrumb\":{\"@id\":\"https:\\\/\\\/tuzlainfo.ba\\\/index.php\\\/istaknuto\\\/item\\\/315037-cudic-s-trga-slobode-u-tuzli-porucila-onima-koji-daju-velika-obecanja-da-prvo-obecaju-da-prestaju-krasti\\\/#breadcrumb\"},\"inLanguage\":\"bs-BA\",\"potentialAction\":[{\"@type\":\"ReadAction\",\"target\":[\"https:\\\/\\\/tuzlainfo.ba\\\/index.php\\\/istaknuto\\\/item\\\/315037-cudic-s-trga-slobode-u-tuzli-porucila-onima-koji-daju-velika-obecanja-da-prvo-obecaju-da-prestaju-krasti\\\/\"]}]},{\"@type\":\"ImageObject\",\"inLanguage\":\"bs-BA\",\"@id\":\"https:\\\/\\\/tuzlainfo.ba\\\/index.php\\\/istaknuto\\\/item\\\/315037-cudic-s-trga-slobode-u-tuzli-porucila-onima-koji-daju-velika-obecanja-da-prvo-obecaju-da-prestaju-krasti\\\/#primaryimage\",\"url\":\"https:\\\/\\\/tuzlainfo.ba\\\/wp-content\\\/uploads\\\/2026\\\/09\\\/0509_kolaz_NS.jpg\",\"contentUrl\":\"https:\\\/\\\/tuzlainfo.ba\\\/wp-content\\\/uploads\\\/2026\\\/09\\\/0509_kolaz_NS.jpg\",\"width\":1000,\"height\":668},{\"@type\":\"BreadcrumbList\",\"@id\":\"https:\\\/\\\/tuzlainfo.ba\\\/index.php\\\/istaknuto\\\/item\\\/315037-cudic-s-trga-slobode-u-tuzli-porucila-onima-koji-daju-velika-obecanja-da-prvo-obecaju-da-prestaju-krasti\\\/#breadcrumb\",\"itemListElement\":[{\"@type\":\"ListItem\",\"position\":1,\"name\":\"Home\",\"item\":\"https:\\\/\\\/tuzlainfo.ba\\\/\"},{\"@type\":\"ListItem\",\"position\":2,\"name\":\"\u0106udi\u0107 s Trga slobode u Tuzli poru\u010dila onima koji daju velika obe\u0107anja da prvo obe\u0107aju da prestaju krasti\"}]},{\"@type\":\"WebSite\",\"@id\":\"https:\\\/\\\/tuzlainfo.ba\\\/#website\",\"url\":\"https:\\\/\\\/tuzlainfo.ba\\\/\",\"name\":\"TuzlaInfo.ba\",\"description\":\"Tuzla info, gradski informator - Tuzla na dlanu\",\"publisher\":{\"@id\":\"https:\\\/\\\/tuzlainfo.ba\\\/#organization\"},\"potentialAction\":[{\"@type\":\"SearchAction\",\"target\":{\"@type\":\"EntryPoint\",\"urlTemplate\":\"https:\\\/\\\/tuzlainfo.ba\\\/?s={search_term_string}\"},\"query-input\":{\"@type\":\"PropertyValueSpecification\",\"valueRequired\":true,\"valueName\":\"search_term_string\"}}],\"inLanguage\":\"bs-BA\"},{\"@type\":\"Organization\",\"@id\":\"https:\\\/\\\/tuzlainfo.ba\\\/#organization\",\"name\":\"TuzlaInfo.ba\",\"url\":\"https:\\\/\\\/tuzlainfo.ba\\\/\",\"logo\":{\"@type\":\"ImageObject\",\"inLanguage\":\"bs-BA\",\"@id\":\"https:\\\/\\\/tuzlainfo.ba\\\/#\\\/schema\\\/logo\\\/image\\\/\",\"url\":\"https:\\\/\\\/tuzlainfo.ba\\\/wp-content\\\/uploads\\\/2021\\\/03\\\/logo-ver-3-1.png\",\"contentUrl\":\"https:\\\/\\\/tuzlainfo.ba\\\/wp-content\\\/uploads\\\/2021\\\/03\\\/logo-ver-3-1.png\",\"width\":350,\"height\":95,\"caption\":\"TuzlaInfo.ba\"},\"image\":{\"@id\":\"https:\\\/\\\/tuzlainfo.ba\\\/#\\\/schema\\\/logo\\\/image\\\/\"},\"sameAs\":[\"https:\\\/\\\/www.facebook.com\\\/tuzlainfo.ba\\\/\"]},{\"@type\":\"Person\",\"@id\":\"https:\\\/\\\/tuzlainfo.ba\\\/#\\\/schema\\\/person\\\/f434e20dc27ea133923aab08451b7f7f\",\"name\":\"nedim\",\"image\":{\"@type\":\"ImageObject\",\"inLanguage\":\"bs-BA\",\"@id\":\"https:\\\/\\\/secure.gravatar.com\\\/avatar\\\/5b928a2e7e70a54208d2eb6c1edcb75a5350d6ae97d5f0a701203d456823f6f3?s=96&d=mm&r=g\",\"url\":\"https:\\\/\\\/secure.gravatar.com\\\/avatar\\\/5b928a2e7e70a54208d2eb6c1edcb75a5350d6ae97d5f0a701203d456823f6f3?s=96&d=mm&r=g\",\"contentUrl\":\"https:\\\/\\\/secure.gravatar.com\\\/avatar\\\/5b928a2e7e70a54208d2eb6c1edcb75a5350d6ae97d5f0a701203d456823f6f3?s=96&d=mm&r=g\",\"caption\":\"nedim\"},\"description\":\"Tuzlainfo.ba pratite na dru\u0161tvenim mre\u017eama: Facebook, Instagram i Youtube. Svoje pri\u010de, upite i fotografije \u0161aljite na na\u0161u e-mail adresu.\"}]}<\/script>\n<!-- \/ Yoast SEO plugin. -->","yoast_head_json":{"title":"\u0106udi\u0107 s Trga slobode u Tuzli poru\u010dila onima koji daju velika obe\u0107anja da prvo obe\u0107aju da prestaju krasti","robots":{"index":"index","follow":"follow","max-snippet":"max-snippet:-1","max-image-preview":"max-image-preview:large","max-video-preview":"max-video-preview:-1"},"canonical":"https:\/\/tuzlainfo.ba\/index.php\/istaknuto\/item\/315037-cudic-s-trga-slobode-u-tuzli-porucila-onima-koji-daju-velika-obecanja-da-prvo-obecaju-da-prestaju-krasti\/","og_locale":"bs_BA","og_type":"article","og_title":"\u0106udi\u0107 s Trga slobode u Tuzli poru\u010dila onima koji daju velika obe\u0107anja da prvo obe\u0107aju da prestaju krasti","og_description":"Na\u0161a stranka je danas zvani\u010dno otvorila kampanju s Trga slobode u Tuzli, pod sloganom \u201c\u017divimo slobodno\u201d. Sabina \u0106udi\u0107, predsjednica Na\u0161e stranke, tom prilikom je izjavila: \u201cOd strana\u010dkih lidera koji nakon desetina godina u politici nude ista obe\u0107anja o novim radnim mjestima i platama nam treba samo jedno obe\u0107anje, a to je da ne\u0107e krasti. Zato [&hellip;]","og_url":"https:\/\/tuzlainfo.ba\/index.php\/istaknuto\/item\/315037-cudic-s-trga-slobode-u-tuzli-porucila-onima-koji-daju-velika-obecanja-da-prvo-obecaju-da-prestaju-krasti\/","og_site_name":"TuzlaInfo.ba","article_publisher":"https:\/\/www.facebook.com\/tuzlainfo.ba\/","article_published_time":"2026-09-05T18:02:10+00:00","og_image":[{"width":1000,"height":668,"url":"https:\/\/tuzlainfo.ba\/wp-content\/uploads\/2026\/09\/0509_kolaz_NS.jpg","type":"image\/jpeg"}],"author":"nedim","twitter_card":"summary_large_image","twitter_misc":{"Written by":"nedim","Est. reading time":"2 minute"},"schema":{"@context":"https:\/\/schema.org","@graph":[{"@type":"Article","@id":"https:\/\/tuzlainfo.ba\/index.php\/istaknuto\/item\/315037-cudic-s-trga-slobode-u-tuzli-porucila-onima-koji-daju-velika-obecanja-da-prvo-obecaju-da-prestaju-krasti\/#article","isPartOf":{"@id":"https:\/\/tuzlainfo.ba\/index.php\/istaknuto\/item\/315037-cudic-s-trga-slobode-u-tuzli-porucila-onima-koji-daju-velika-obecanja-da-prvo-obecaju-da-prestaju-krasti\/"},"author":{"name":"nedim","@id":"https:\/\/tuzlainfo.ba\/#\/schema\/person\/f434e20dc27ea133923aab08451b7f7f"},"headline":"\u0106udi\u0107 s Trga slobode u Tuzli poru\u010dila onima koji daju velika obe\u0107anja da prvo obe\u0107aju da prestaju krasti","datePublished":"2026-09-05T18:02:10+00:00","mainEntityOfPage":{"@id":"https:\/\/tuzlainfo.ba\/index.php\/istaknuto\/item\/315037-cudic-s-trga-slobode-u-tuzli-porucila-onima-koji-daju-velika-obecanja-da-prvo-obecaju-da-prestaju-krasti\/"},"wordCount":366,"publisher":{"@id":"https:\/\/tuzlainfo.ba\/#organization"},"image":{"@id":"https:\/\/tuzlainfo.ba\/index.php\/istaknuto\/item\/315037-cudic-s-trga-slobode-u-tuzli-porucila-onima-koji-daju-velika-obecanja-da-prvo-obecaju-da-prestaju-krasti\/#primaryimage"},"thumbnailUrl":"https:\/\/tuzlainfo.ba\/wp-content\/uploads\/2026\/09\/0509_kolaz_NS.jpg","keywords":["izbori","na\u0161a stranka"],"articleSection":["Istaknuto","Izbori"],"inLanguage":"bs-BA","copyrightYear":"2026","copyrightHolder":{"@id":"https:\/\/tuzlainfo.ba\/#organization"}},{"@type":"WebPage","@id":"https:\/\/tuzlainfo.ba\/index.php\/istaknuto\/item\/315037-cudic-s-trga-slobode-u-tuzli-porucila-onima-koji-daju-velika-obecanja-da-prvo-obecaju-da-prestaju-krasti\/","url":"https:\/\/tuzlainfo.ba\/index.php\/istaknuto\/item\/315037-cudic-s-trga-slobode-u-tuzli-porucila-onima-koji-daju-velika-obecanja-da-prvo-obecaju-da-prestaju-krasti\/","name":"\u0106udi\u0107 s Trga slobode u Tuzli poru\u010dila onima koji daju velika obe\u0107anja da prvo obe\u0107aju da prestaju krasti","isPartOf":{"@id":"https:\/\/tuzlainfo.ba\/#website"},"primaryImageOfPage":{"@id":"https:\/\/tuzlainfo.ba\/index.php\/istaknuto\/item\/315037-cudic-s-trga-slobode-u-tuzli-porucila-onima-koji-daju-velika-obecanja-da-prvo-obecaju-da-prestaju-krasti\/#primaryimage"},"image":{"@id":"https:\/\/tuzlainfo.ba\/index.php\/istaknuto\/item\/315037-cudic-s-trga-slobode-u-tuzli-porucila-onima-koji-daju-velika-obecanja-da-prvo-obecaju-da-prestaju-krasti\/#primaryimage"},"thumbnailUrl":"https:\/\/tuzlainfo.ba\/wp-content\/uploads\/2026\/09\/0509_kolaz_NS.jpg","datePublished":"2026-09-05T18:02:10+00:00","breadcrumb":{"@id":"https:\/\/tuzlainfo.ba\/index.php\/istaknuto\/item\/315037-cudic-s-trga-slobode-u-tuzli-porucila-onima-koji-daju-velika-obecanja-da-prvo-obecaju-da-prestaju-krasti\/#breadcrumb"},"inLanguage":"bs-BA","potentialAction":[{"@type":"ReadAction","target":["https:\/\/tuzlainfo.ba\/index.php\/istaknuto\/item\/315037-cudic-s-trga-slobode-u-tuzli-porucila-onima-koji-daju-velika-obecanja-da-prvo-obecaju-da-prestaju-krasti\/"]}]},{"@type":"ImageObject","inLanguage":"bs-BA","@id":"https:\/\/tuzlainfo.ba\/index.php\/istaknuto\/item\/315037-cudic-s-trga-slobode-u-tuzli-porucila-onima-koji-daju-velika-obecanja-da-prvo-obecaju-da-prestaju-krasti\/#primaryimage","url":"https:\/\/tuzlainfo.ba\/wp-content\/uploads\/2026\/09\/0509_kolaz_NS.jpg","contentUrl":"https:\/\/tuzlainfo.ba\/wp-content\/uploads\/2026\/09\/0509_kolaz_NS.jpg","width":1000,"height":668},{"@type":"BreadcrumbList","@id":"https:\/\/tuzlainfo.ba\/index.php\/istaknuto\/item\/315037-cudic-s-trga-slobode-u-tuzli-porucila-onima-koji-daju-velika-obecanja-da-prvo-obecaju-da-prestaju-krasti\/#breadcrumb","itemListElement":[{"@type":"ListItem","position":1,"name":"Home","item":"https:\/\/tuzlainfo.ba\/"},{"@type":"ListItem","position":2,"name":"\u0106udi\u0107 s Trga slobode u Tuzli poru\u010dila onima koji daju velika obe\u0107anja da prvo obe\u0107aju da prestaju krasti"}]},{"@type":"WebSite","@id":"https:\/\/tuzlainfo.ba\/#website","url":"https:\/\/tuzlainfo.ba\/","name":"TuzlaInfo.ba","description":"Tuzla info, gradski informator - Tuzla na dlanu","publisher":{"@id":"https:\/\/tuzlainfo.ba\/#organization"},"potentialAction":[{"@type":"SearchAction","target":{"@type":"EntryPoint","urlTemplate":"https:\/\/tuzlainfo.ba\/?s={search_term_string}"},"query-input":{"@type":"PropertyValueSpecification","valueRequired":true,"valueName":"search_term_string"}}],"inLanguage":"bs-BA"},{"@type":"Organization","@id":"https:\/\/tuzlainfo.ba\/#organization","name":"TuzlaInfo.ba","url":"https:\/\/tuzlainfo.ba\/","logo":{"@type":"ImageObject","inLanguage":"bs-BA","@id":"https:\/\/tuzlainfo.ba\/#\/schema\/logo\/image\/","url":"https:\/\/tuzlainfo.ba\/wp-content\/uploads\/2021\/03\/logo-ver-3-1.png","contentUrl":"https:\/\/tuzlainfo.ba\/wp-content\/uploads\/2021\/03\/logo-ver-3-1.png","width":350,"height":95,"caption":"TuzlaInfo.ba"},"image":{"@id":"https:\/\/tuzlainfo.ba\/#\/schema\/logo\/image\/"},"sameAs":["https:\/\/www.facebook.com\/tuzlainfo.ba\/"]},{"@type":"Person","@id":"https:\/\/tuzlainfo.ba\/#\/schema\/person\/f434e20dc27ea133923aab08451b7f7f","name":"nedim","image":{"@type":"ImageObject","inLanguage":"bs-BA","@id":"https:\/\/secure.gravatar.com\/avatar\/5b928a2e7e70a54208d2eb6c1edcb75a5350d6ae97d5f0a701203d456823f6f3?s=96&d=mm&r=g","url":"https:\/\/secure.gravatar.com\/avatar\/5b928a2e7e70a54208d2eb6c1edcb75a5350d6ae97d5f0a701203d456823f6f3?s=96&d=mm&r=g","contentUrl":"https:\/\/secure.gravatar.com\/avatar\/5b928a2e7e70a54208d2eb6c1edcb75a5350d6ae97d5f0a701203d456823f6f3?s=96&d=mm&r=g","caption":"nedim"},"description":"Tuzlainfo.ba pratite na dru\u0161tvenim mre\u017eama: Facebook, Instagram i Youtube. Svoje pri\u010de, upite i fotografije \u0161aljite na na\u0161u e-mail adresu."}]}},"_links":{"self":[{"href":"https:\/\/tuzlainfo.ba\/index.php\/wp-json\/wp\/v2\/posts\/315037","targetHints":{"allow":["GET"]}}],"collection":[{"href":"https:\/\/tuzlainfo.ba\/index.php\/wp-json\/wp\/v2\/posts"}],"about":[{"href":"https:\/\/tuzlainfo.ba\/index.php\/wp-json\/wp\/v2\/types\/post"}],"author":[{"embeddable":true,"href":"https:\/\/tuzlainfo.ba\/index.php\/wp-json\/wp\/v2\/users\/2"}],"replies":[{"embeddable":true,"href":"https:\/\/tuzlainfo.ba\/index.php\/wp-json\/wp\/v2\/comments?post=315037"}],"version-history":[{"count":1,"href":"https:\/\/tuzlainfo.ba\/index.php\/wp-json\/wp\/v2\/posts\/315037\/revisions"}],"predecessor-version":[{"id":315045,"href":"https:\/\/tuzlainfo.ba\/index.php\/wp-json\/wp\/v2\/posts\/315037\/revisions\/315045"}],"wp:featuredmedia":[{"embeddable":true,"href":"https:\/\/tuzlainfo.ba\/index.php\/wp-json\/wp\/v2\/media\/315044"}],"wp:attachment":[{"href":"https:\/\/tuzlainfo.ba\/index.php\/wp-json\/wp\/v2\/media?parent=315037"}],"wp:term":[{"taxonomy":"category","embeddable":true,"href":"https:\/\/tuzlainfo.ba\/index.php\/wp-json\/wp\/v2\/categories?post=315037"},{"taxonomy":"post_tag","embeddable":true,"href":"https:\/\/tuzlainfo.ba\/index.php\/wp-json\/wp\/v2\/tags?post=315037"}],"curies":[{"name":"wp","href":"https:\/\/api.w.org\/{rel}","templated":true}]}}