{"id":315023,"date":"2026-09-05T13:49:28","date_gmt":"2026-09-05T11:49:28","guid":{"rendered":"https:\/\/tuzlainfo.ba\/?p=315023"},"modified":"2026-09-05T13:49:28","modified_gmt":"2026-09-05T11:49:28","slug":"od-susjeda-nista-novo-u-beogradu-odrzana-komemoracija-zlocincu-ratku-mladicu","status":"publish","type":"post","link":"https:\/\/tuzlainfo.ba\/index.php\/clanci\/sa-svih-strana\/item\/315023-od-susjeda-nista-novo-u-beogradu-odrzana-komemoracija-zlocincu-ratku-mladicu\/","title":{"rendered":"Od susjeda ni\u0161ta novo: U Beogradu odr\u017eana komemoracija zlo\u010dincu Ratku Mladi\u0107u"},"content":{"rendered":"<p class=\"PDq2pG_selectionAnchorContainer\" data-start=\"93\" data-end=\"305\">U Domu Vojske u Beogradu odr\u017eana je komemoracija ratnom zlo\u010dincu Ratku Mladi\u0107u, koji je pravosna\u017eno osu\u0111en na do\u017eivotnu kaznu zatvora za genocid u Srebrenici i druge ratne zlo\u010dine po\u010dinjene u Bosni i Hercegovini.<\/p>\n<p data-start=\"307\" data-end=\"600\">Komemoraciji je prisustvovao Mladi\u0107ev sin Darko, kao i predsjednik entiteta RS Sini\u0161a Karan i ministar unutra\u0161njih poslova RS \u017deljko Budimir. Me\u0111u prisutnima su bili i Mladi\u0107ev nekada\u0161nji branilac Branko Luki\u0107 te advokat Goran Petronijevi\u0107, koji je u ha\u0161kom postupku branio Radovana Karad\u017ei\u0107a.<\/p>\n<p data-start=\"602\" data-end=\"856\">Milorad Dodik nije prisustvovao komemoraciji, ali je najavio dolazak na sahranu, koja je zakazana za ponedjeljak na Top\u010diderskom groblju. Predsjednik Srbije Aleksandar Vu\u010di\u0107 tako\u0111er nije bio na komemoraciji, a najavio je da ne\u0107e prisustvovati ni sahrani.<\/p>\n<p data-start=\"858\" data-end=\"1226\">Tokom skupa vi\u0161e govornika veli\u010dalo je Mladi\u0107a i njegovu ulogu tokom rata. Jelena Guskova iz Instituta za slavistiku Ruske akademije nauka, koja je i ranije javno negirala genocid u Srebrenici, govorila je o Mladi\u0107u kao osobi zahvaljuju\u0107i kojoj je, prema njenim rije\u010dima, srpski narod opstao. Najavila je i da \u0107e se u Rusiji nastaviti izu\u010davati njegove rije\u010di i djela.<\/p>\n<p data-start=\"1228\" data-end=\"1466\">Ministar rada i bora\u010dko-invalidske za\u0161tite RS Radan Ostoji\u0107 kazao je da mu je \u201e\u010dast i privilegija\u201c da se oprosti od Mladi\u0107a, dok ga je penzionisani general \u017divojin Ninkovi\u0107 nazvao \u201egromadom\u201c i pripisao mu zasluge za \u201espas srpskog naroda\u201c.<\/p>\n<p data-start=\"1468\" data-end=\"1653\">Komemoracija je odr\u017eana nakon \u0161to je Me\u0111unarodni mehanizam za krivi\u010dne sudove 3. septembra na Aerodromu Rotterdam \u2013 Haag predao Mladi\u0107eve posmrtne ostatke njegovim najbli\u017eim srodnicima.<\/p>\n<p data-start=\"1655\" data-end=\"2027\">Mehanizam je tom prilikom ponovio stav generalnog sekretara Ujedinjenih nacija Antonija Guterresa, izraziv\u0161i solidarnost sa \u017ertvama, pre\u017eivjelima i porodicama koje su pretrpjele zlo\u010dine za koje je Mladi\u0107 progla\u0161en krivim. Istovremeno je osu\u0111ena svaka radnja kojom se veli\u010daju osobe koje su me\u0111unarodni sudovi osudili za ratne zlo\u010dine, zlo\u010dine protiv \u010dovje\u010dnosti i genocid.<\/p>\n<p data-start=\"2029\" data-end=\"2323\">Ratko Mladi\u0107, nekada\u0161nji komandant Glavnog \u0161taba Vojske RS, umro je 27. augusta u Pritvorskoj jedinici MMKS-a. U junu 2021. pravosna\u017eno je osu\u0111en na do\u017eivotni zatvor za genocid u Srebrenici, progone Bo\u0161njaka i Hrvata, terorisanje stanovni\u0161tva Sarajeva i uzimanje pripadnika UNPROFOR-a za taoce.<\/p>\n","protected":false},"excerpt":{"rendered":"<p>U Domu Vojske u Beogradu odr\u017eana je komemoracija ratnom zlo\u010dincu Ratku Mladi\u0107u, koji je pravosna\u017eno osu\u0111en na do\u017eivotnu kaznu zatvora za genocid u Srebrenici i druge ratne zlo\u010dine po\u010dinjene u Bosni i Hercegovini. Komemoraciji je prisustvovao Mladi\u0107ev sin Darko, kao i predsjednik entiteta RS Sini\u0161a Karan i ministar unutra\u0161njih poslova RS \u017deljko Budimir. Me\u0111u prisutnima [&hellip;]<\/p>\n","protected":false},"author":2,"featured_media":315024,"comment_status":"closed","ping_status":"closed","sticky":false,"template":"","format":"standard","meta":{"footnotes":""},"categories":[16],"tags":[1336,939],"class_list":["post-315023","post","type-post","status-publish","format-standard","has-post-thumbnail","hentry","category-sa-svih-strana","tag-komemoracija","tag-ratko-mladic"],"yoast_head":"<!-- This site is optimized with the Yoast SEO plugin v28.4 - https:\/\/yoast.com\/product\/yoast-seo-wordpress\/ -->\n<title>Od susjeda ni\u0161ta novo: U Beogradu odr\u017eana komemoracija zlo\u010dincu Ratku Mladi\u0107u<\/title>\n<meta name=\"robots\" content=\"index, follow, max-snippet:-1, max-image-preview:large, max-video-preview:-1\" \/>\n<link rel=\"canonical\" href=\"https:\/\/tuzlainfo.ba\/index.php\/clanci\/sa-svih-strana\/item\/315023-od-susjeda-nista-novo-u-beogradu-odrzana-komemoracija-zlocincu-ratku-mladicu\/\" \/>\n<meta property=\"og:locale\" content=\"bs_BA\" \/>\n<meta property=\"og:type\" content=\"article\" \/>\n<meta property=\"og:title\" content=\"Od susjeda ni\u0161ta novo: U Beogradu odr\u017eana komemoracija zlo\u010dincu Ratku Mladi\u0107u\" \/>\n<meta property=\"og:description\" content=\"U Domu Vojske u Beogradu odr\u017eana je komemoracija ratnom zlo\u010dincu Ratku Mladi\u0107u, koji je pravosna\u017eno osu\u0111en na do\u017eivotnu kaznu zatvora za genocid u Srebrenici i druge ratne zlo\u010dine po\u010dinjene u Bosni i Hercegovini. Komemoraciji je prisustvovao Mladi\u0107ev sin Darko, kao i predsjednik entiteta RS Sini\u0161a Karan i ministar unutra\u0161njih poslova RS \u017deljko Budimir. Me\u0111u prisutnima [&hellip;]\" \/>\n<meta property=\"og:url\" content=\"https:\/\/tuzlainfo.ba\/index.php\/clanci\/sa-svih-strana\/item\/315023-od-susjeda-nista-novo-u-beogradu-odrzana-komemoracija-zlocincu-ratku-mladicu\/\" \/>\n<meta property=\"og:site_name\" content=\"TuzlaInfo.ba\" \/>\n<meta property=\"article:publisher\" content=\"https:\/\/www.facebook.com\/tuzlainfo.ba\/\" \/>\n<meta property=\"article:published_time\" content=\"2026-09-05T11:49:28+00:00\" \/>\n<meta property=\"og:image\" content=\"https:\/\/tuzlainfo.ba\/wp-content\/uploads\/2026\/09\/komemoracija.jpg\" \/>\n\t<meta property=\"og:image:width\" content=\"1000\" \/>\n\t<meta property=\"og:image:height\" content=\"563\" \/>\n\t<meta property=\"og:image:type\" content=\"image\/jpeg\" \/>\n<meta name=\"author\" content=\"nedim\" \/>\n<meta name=\"twitter:card\" content=\"summary_large_image\" \/>\n<meta name=\"twitter:label1\" content=\"Written by\" \/>\n\t<meta name=\"twitter:data1\" content=\"nedim\" \/>\n\t<meta name=\"twitter:label2\" content=\"Est. reading time\" \/>\n\t<meta name=\"twitter:data2\" content=\"2 minute\" \/>\n<script type=\"application\/ld+json\" class=\"yoast-schema-graph\">{\"@context\":\"https:\\\/\\\/schema.org\",\"@graph\":[{\"@type\":\"Article\",\"@id\":\"https:\\\/\\\/tuzlainfo.ba\\\/index.php\\\/clanci\\\/sa-svih-strana\\\/item\\\/315023-od-susjeda-nista-novo-u-beogradu-odrzana-komemoracija-zlocincu-ratku-mladicu\\\/#article\",\"isPartOf\":{\"@id\":\"https:\\\/\\\/tuzlainfo.ba\\\/index.php\\\/clanci\\\/sa-svih-strana\\\/item\\\/315023-od-susjeda-nista-novo-u-beogradu-odrzana-komemoracija-zlocincu-ratku-mladicu\\\/\"},\"author\":{\"name\":\"nedim\",\"@id\":\"https:\\\/\\\/tuzlainfo.ba\\\/#\\\/schema\\\/person\\\/f434e20dc27ea133923aab08451b7f7f\"},\"headline\":\"Od susjeda ni\u0161ta novo: U Beogradu odr\u017eana komemoracija zlo\u010dincu Ratku Mladi\u0107u\",\"datePublished\":\"2026-09-05T11:49:28+00:00\",\"mainEntityOfPage\":{\"@id\":\"https:\\\/\\\/tuzlainfo.ba\\\/index.php\\\/clanci\\\/sa-svih-strana\\\/item\\\/315023-od-susjeda-nista-novo-u-beogradu-odrzana-komemoracija-zlocincu-ratku-mladicu\\\/\"},\"wordCount\":390,\"publisher\":{\"@id\":\"https:\\\/\\\/tuzlainfo.ba\\\/#organization\"},\"image\":{\"@id\":\"https:\\\/\\\/tuzlainfo.ba\\\/index.php\\\/clanci\\\/sa-svih-strana\\\/item\\\/315023-od-susjeda-nista-novo-u-beogradu-odrzana-komemoracija-zlocincu-ratku-mladicu\\\/#primaryimage\"},\"thumbnailUrl\":\"https:\\\/\\\/tuzlainfo.ba\\\/wp-content\\\/uploads\\\/2026\\\/09\\\/komemoracija.jpg\",\"keywords\":[\"komemoracija\",\"ratko mladi\u0107\"],\"articleSection\":[\"Sa svih strana\"],\"inLanguage\":\"bs-BA\",\"copyrightYear\":\"2026\",\"copyrightHolder\":{\"@id\":\"https:\\\/\\\/tuzlainfo.ba\\\/#organization\"}},{\"@type\":\"WebPage\",\"@id\":\"https:\\\/\\\/tuzlainfo.ba\\\/index.php\\\/clanci\\\/sa-svih-strana\\\/item\\\/315023-od-susjeda-nista-novo-u-beogradu-odrzana-komemoracija-zlocincu-ratku-mladicu\\\/\",\"url\":\"https:\\\/\\\/tuzlainfo.ba\\\/index.php\\\/clanci\\\/sa-svih-strana\\\/item\\\/315023-od-susjeda-nista-novo-u-beogradu-odrzana-komemoracija-zlocincu-ratku-mladicu\\\/\",\"name\":\"Od susjeda ni\u0161ta novo: U Beogradu odr\u017eana komemoracija zlo\u010dincu Ratku Mladi\u0107u\",\"isPartOf\":{\"@id\":\"https:\\\/\\\/tuzlainfo.ba\\\/#website\"},\"primaryImageOfPage\":{\"@id\":\"https:\\\/\\\/tuzlainfo.ba\\\/index.php\\\/clanci\\\/sa-svih-strana\\\/item\\\/315023-od-susjeda-nista-novo-u-beogradu-odrzana-komemoracija-zlocincu-ratku-mladicu\\\/#primaryimage\"},\"image\":{\"@id\":\"https:\\\/\\\/tuzlainfo.ba\\\/index.php\\\/clanci\\\/sa-svih-strana\\\/item\\\/315023-od-susjeda-nista-novo-u-beogradu-odrzana-komemoracija-zlocincu-ratku-mladicu\\\/#primaryimage\"},\"thumbnailUrl\":\"https:\\\/\\\/tuzlainfo.ba\\\/wp-content\\\/uploads\\\/2026\\\/09\\\/komemoracija.jpg\",\"datePublished\":\"2026-09-05T11:49:28+00:00\",\"breadcrumb\":{\"@id\":\"https:\\\/\\\/tuzlainfo.ba\\\/index.php\\\/clanci\\\/sa-svih-strana\\\/item\\\/315023-od-susjeda-nista-novo-u-beogradu-odrzana-komemoracija-zlocincu-ratku-mladicu\\\/#breadcrumb\"},\"inLanguage\":\"bs-BA\",\"potentialAction\":[{\"@type\":\"ReadAction\",\"target\":[\"https:\\\/\\\/tuzlainfo.ba\\\/index.php\\\/clanci\\\/sa-svih-strana\\\/item\\\/315023-od-susjeda-nista-novo-u-beogradu-odrzana-komemoracija-zlocincu-ratku-mladicu\\\/\"]}]},{\"@type\":\"ImageObject\",\"inLanguage\":\"bs-BA\",\"@id\":\"https:\\\/\\\/tuzlainfo.ba\\\/index.php\\\/clanci\\\/sa-svih-strana\\\/item\\\/315023-od-susjeda-nista-novo-u-beogradu-odrzana-komemoracija-zlocincu-ratku-mladicu\\\/#primaryimage\",\"url\":\"https:\\\/\\\/tuzlainfo.ba\\\/wp-content\\\/uploads\\\/2026\\\/09\\\/komemoracija.jpg\",\"contentUrl\":\"https:\\\/\\\/tuzlainfo.ba\\\/wp-content\\\/uploads\\\/2026\\\/09\\\/komemoracija.jpg\",\"width\":1000,\"height\":563},{\"@type\":\"BreadcrumbList\",\"@id\":\"https:\\\/\\\/tuzlainfo.ba\\\/index.php\\\/clanci\\\/sa-svih-strana\\\/item\\\/315023-od-susjeda-nista-novo-u-beogradu-odrzana-komemoracija-zlocincu-ratku-mladicu\\\/#breadcrumb\",\"itemListElement\":[{\"@type\":\"ListItem\",\"position\":1,\"name\":\"Home\",\"item\":\"https:\\\/\\\/tuzlainfo.ba\\\/\"},{\"@type\":\"ListItem\",\"position\":2,\"name\":\"Od susjeda ni\u0161ta novo: U Beogradu odr\u017eana komemoracija zlo\u010dincu Ratku Mladi\u0107u\"}]},{\"@type\":\"WebSite\",\"@id\":\"https:\\\/\\\/tuzlainfo.ba\\\/#website\",\"url\":\"https:\\\/\\\/tuzlainfo.ba\\\/\",\"name\":\"TuzlaInfo.ba\",\"description\":\"Tuzla info, gradski informator - Tuzla na dlanu\",\"publisher\":{\"@id\":\"https:\\\/\\\/tuzlainfo.ba\\\/#organization\"},\"potentialAction\":[{\"@type\":\"SearchAction\",\"target\":{\"@type\":\"EntryPoint\",\"urlTemplate\":\"https:\\\/\\\/tuzlainfo.ba\\\/?s={search_term_string}\"},\"query-input\":{\"@type\":\"PropertyValueSpecification\",\"valueRequired\":true,\"valueName\":\"search_term_string\"}}],\"inLanguage\":\"bs-BA\"},{\"@type\":\"Organization\",\"@id\":\"https:\\\/\\\/tuzlainfo.ba\\\/#organization\",\"name\":\"TuzlaInfo.ba\",\"url\":\"https:\\\/\\\/tuzlainfo.ba\\\/\",\"logo\":{\"@type\":\"ImageObject\",\"inLanguage\":\"bs-BA\",\"@id\":\"https:\\\/\\\/tuzlainfo.ba\\\/#\\\/schema\\\/logo\\\/image\\\/\",\"url\":\"https:\\\/\\\/tuzlainfo.ba\\\/wp-content\\\/uploads\\\/2021\\\/03\\\/logo-ver-3-1.png\",\"contentUrl\":\"https:\\\/\\\/tuzlainfo.ba\\\/wp-content\\\/uploads\\\/2021\\\/03\\\/logo-ver-3-1.png\",\"width\":350,\"height\":95,\"caption\":\"TuzlaInfo.ba\"},\"image\":{\"@id\":\"https:\\\/\\\/tuzlainfo.ba\\\/#\\\/schema\\\/logo\\\/image\\\/\"},\"sameAs\":[\"https:\\\/\\\/www.facebook.com\\\/tuzlainfo.ba\\\/\"]},{\"@type\":\"Person\",\"@id\":\"https:\\\/\\\/tuzlainfo.ba\\\/#\\\/schema\\\/person\\\/f434e20dc27ea133923aab08451b7f7f\",\"name\":\"nedim\",\"image\":{\"@type\":\"ImageObject\",\"inLanguage\":\"bs-BA\",\"@id\":\"https:\\\/\\\/secure.gravatar.com\\\/avatar\\\/5b928a2e7e70a54208d2eb6c1edcb75a5350d6ae97d5f0a701203d456823f6f3?s=96&d=mm&r=g\",\"url\":\"https:\\\/\\\/secure.gravatar.com\\\/avatar\\\/5b928a2e7e70a54208d2eb6c1edcb75a5350d6ae97d5f0a701203d456823f6f3?s=96&d=mm&r=g\",\"contentUrl\":\"https:\\\/\\\/secure.gravatar.com\\\/avatar\\\/5b928a2e7e70a54208d2eb6c1edcb75a5350d6ae97d5f0a701203d456823f6f3?s=96&d=mm&r=g\",\"caption\":\"nedim\"},\"description\":\"Tuzlainfo.ba pratite na dru\u0161tvenim mre\u017eama: Facebook, Instagram i Youtube. Svoje pri\u010de, upite i fotografije \u0161aljite na na\u0161u e-mail adresu.\"}]}<\/script>\n<!-- \/ Yoast SEO plugin. -->","yoast_head_json":{"title":"Od susjeda ni\u0161ta novo: U Beogradu odr\u017eana komemoracija zlo\u010dincu Ratku Mladi\u0107u","robots":{"index":"index","follow":"follow","max-snippet":"max-snippet:-1","max-image-preview":"max-image-preview:large","max-video-preview":"max-video-preview:-1"},"canonical":"https:\/\/tuzlainfo.ba\/index.php\/clanci\/sa-svih-strana\/item\/315023-od-susjeda-nista-novo-u-beogradu-odrzana-komemoracija-zlocincu-ratku-mladicu\/","og_locale":"bs_BA","og_type":"article","og_title":"Od susjeda ni\u0161ta novo: U Beogradu odr\u017eana komemoracija zlo\u010dincu Ratku Mladi\u0107u","og_description":"U Domu Vojske u Beogradu odr\u017eana je komemoracija ratnom zlo\u010dincu Ratku Mladi\u0107u, koji je pravosna\u017eno osu\u0111en na do\u017eivotnu kaznu zatvora za genocid u Srebrenici i druge ratne zlo\u010dine po\u010dinjene u Bosni i Hercegovini. Komemoraciji je prisustvovao Mladi\u0107ev sin Darko, kao i predsjednik entiteta RS Sini\u0161a Karan i ministar unutra\u0161njih poslova RS \u017deljko Budimir. Me\u0111u prisutnima [&hellip;]","og_url":"https:\/\/tuzlainfo.ba\/index.php\/clanci\/sa-svih-strana\/item\/315023-od-susjeda-nista-novo-u-beogradu-odrzana-komemoracija-zlocincu-ratku-mladicu\/","og_site_name":"TuzlaInfo.ba","article_publisher":"https:\/\/www.facebook.com\/tuzlainfo.ba\/","article_published_time":"2026-09-05T11:49:28+00:00","og_image":[{"width":1000,"height":563,"url":"https:\/\/tuzlainfo.ba\/wp-content\/uploads\/2026\/09\/komemoracija.jpg","type":"image\/jpeg"}],"author":"nedim","twitter_card":"summary_large_image","twitter_misc":{"Written by":"nedim","Est. reading time":"2 minute"},"schema":{"@context":"https:\/\/schema.org","@graph":[{"@type":"Article","@id":"https:\/\/tuzlainfo.ba\/index.php\/clanci\/sa-svih-strana\/item\/315023-od-susjeda-nista-novo-u-beogradu-odrzana-komemoracija-zlocincu-ratku-mladicu\/#article","isPartOf":{"@id":"https:\/\/tuzlainfo.ba\/index.php\/clanci\/sa-svih-strana\/item\/315023-od-susjeda-nista-novo-u-beogradu-odrzana-komemoracija-zlocincu-ratku-mladicu\/"},"author":{"name":"nedim","@id":"https:\/\/tuzlainfo.ba\/#\/schema\/person\/f434e20dc27ea133923aab08451b7f7f"},"headline":"Od susjeda ni\u0161ta novo: U Beogradu odr\u017eana komemoracija zlo\u010dincu Ratku Mladi\u0107u","datePublished":"2026-09-05T11:49:28+00:00","mainEntityOfPage":{"@id":"https:\/\/tuzlainfo.ba\/index.php\/clanci\/sa-svih-strana\/item\/315023-od-susjeda-nista-novo-u-beogradu-odrzana-komemoracija-zlocincu-ratku-mladicu\/"},"wordCount":390,"publisher":{"@id":"https:\/\/tuzlainfo.ba\/#organization"},"image":{"@id":"https:\/\/tuzlainfo.ba\/index.php\/clanci\/sa-svih-strana\/item\/315023-od-susjeda-nista-novo-u-beogradu-odrzana-komemoracija-zlocincu-ratku-mladicu\/#primaryimage"},"thumbnailUrl":"https:\/\/tuzlainfo.ba\/wp-content\/uploads\/2026\/09\/komemoracija.jpg","keywords":["komemoracija","ratko mladi\u0107"],"articleSection":["Sa svih strana"],"inLanguage":"bs-BA","copyrightYear":"2026","copyrightHolder":{"@id":"https:\/\/tuzlainfo.ba\/#organization"}},{"@type":"WebPage","@id":"https:\/\/tuzlainfo.ba\/index.php\/clanci\/sa-svih-strana\/item\/315023-od-susjeda-nista-novo-u-beogradu-odrzana-komemoracija-zlocincu-ratku-mladicu\/","url":"https:\/\/tuzlainfo.ba\/index.php\/clanci\/sa-svih-strana\/item\/315023-od-susjeda-nista-novo-u-beogradu-odrzana-komemoracija-zlocincu-ratku-mladicu\/","name":"Od susjeda ni\u0161ta novo: U Beogradu odr\u017eana komemoracija zlo\u010dincu Ratku Mladi\u0107u","isPartOf":{"@id":"https:\/\/tuzlainfo.ba\/#website"},"primaryImageOfPage":{"@id":"https:\/\/tuzlainfo.ba\/index.php\/clanci\/sa-svih-strana\/item\/315023-od-susjeda-nista-novo-u-beogradu-odrzana-komemoracija-zlocincu-ratku-mladicu\/#primaryimage"},"image":{"@id":"https:\/\/tuzlainfo.ba\/index.php\/clanci\/sa-svih-strana\/item\/315023-od-susjeda-nista-novo-u-beogradu-odrzana-komemoracija-zlocincu-ratku-mladicu\/#primaryimage"},"thumbnailUrl":"https:\/\/tuzlainfo.ba\/wp-content\/uploads\/2026\/09\/komemoracija.jpg","datePublished":"2026-09-05T11:49:28+00:00","breadcrumb":{"@id":"https:\/\/tuzlainfo.ba\/index.php\/clanci\/sa-svih-strana\/item\/315023-od-susjeda-nista-novo-u-beogradu-odrzana-komemoracija-zlocincu-ratku-mladicu\/#breadcrumb"},"inLanguage":"bs-BA","potentialAction":[{"@type":"ReadAction","target":["https:\/\/tuzlainfo.ba\/index.php\/clanci\/sa-svih-strana\/item\/315023-od-susjeda-nista-novo-u-beogradu-odrzana-komemoracija-zlocincu-ratku-mladicu\/"]}]},{"@type":"ImageObject","inLanguage":"bs-BA","@id":"https:\/\/tuzlainfo.ba\/index.php\/clanci\/sa-svih-strana\/item\/315023-od-susjeda-nista-novo-u-beogradu-odrzana-komemoracija-zlocincu-ratku-mladicu\/#primaryimage","url":"https:\/\/tuzlainfo.ba\/wp-content\/uploads\/2026\/09\/komemoracija.jpg","contentUrl":"https:\/\/tuzlainfo.ba\/wp-content\/uploads\/2026\/09\/komemoracija.jpg","width":1000,"height":563},{"@type":"BreadcrumbList","@id":"https:\/\/tuzlainfo.ba\/index.php\/clanci\/sa-svih-strana\/item\/315023-od-susjeda-nista-novo-u-beogradu-odrzana-komemoracija-zlocincu-ratku-mladicu\/#breadcrumb","itemListElement":[{"@type":"ListItem","position":1,"name":"Home","item":"https:\/\/tuzlainfo.ba\/"},{"@type":"ListItem","position":2,"name":"Od susjeda ni\u0161ta novo: U Beogradu odr\u017eana komemoracija zlo\u010dincu Ratku Mladi\u0107u"}]},{"@type":"WebSite","@id":"https:\/\/tuzlainfo.ba\/#website","url":"https:\/\/tuzlainfo.ba\/","name":"TuzlaInfo.ba","description":"Tuzla info, gradski informator - Tuzla na dlanu","publisher":{"@id":"https:\/\/tuzlainfo.ba\/#organization"},"potentialAction":[{"@type":"SearchAction","target":{"@type":"EntryPoint","urlTemplate":"https:\/\/tuzlainfo.ba\/?s={search_term_string}"},"query-input":{"@type":"PropertyValueSpecification","valueRequired":true,"valueName":"search_term_string"}}],"inLanguage":"bs-BA"},{"@type":"Organization","@id":"https:\/\/tuzlainfo.ba\/#organization","name":"TuzlaInfo.ba","url":"https:\/\/tuzlainfo.ba\/","logo":{"@type":"ImageObject","inLanguage":"bs-BA","@id":"https:\/\/tuzlainfo.ba\/#\/schema\/logo\/image\/","url":"https:\/\/tuzlainfo.ba\/wp-content\/uploads\/2021\/03\/logo-ver-3-1.png","contentUrl":"https:\/\/tuzlainfo.ba\/wp-content\/uploads\/2021\/03\/logo-ver-3-1.png","width":350,"height":95,"caption":"TuzlaInfo.ba"},"image":{"@id":"https:\/\/tuzlainfo.ba\/#\/schema\/logo\/image\/"},"sameAs":["https:\/\/www.facebook.com\/tuzlainfo.ba\/"]},{"@type":"Person","@id":"https:\/\/tuzlainfo.ba\/#\/schema\/person\/f434e20dc27ea133923aab08451b7f7f","name":"nedim","image":{"@type":"ImageObject","inLanguage":"bs-BA","@id":"https:\/\/secure.gravatar.com\/avatar\/5b928a2e7e70a54208d2eb6c1edcb75a5350d6ae97d5f0a701203d456823f6f3?s=96&d=mm&r=g","url":"https:\/\/secure.gravatar.com\/avatar\/5b928a2e7e70a54208d2eb6c1edcb75a5350d6ae97d5f0a701203d456823f6f3?s=96&d=mm&r=g","contentUrl":"https:\/\/secure.gravatar.com\/avatar\/5b928a2e7e70a54208d2eb6c1edcb75a5350d6ae97d5f0a701203d456823f6f3?s=96&d=mm&r=g","caption":"nedim"},"description":"Tuzlainfo.ba pratite na dru\u0161tvenim mre\u017eama: Facebook, Instagram i Youtube. Svoje pri\u010de, upite i fotografije \u0161aljite na na\u0161u e-mail adresu."}]}},"_links":{"self":[{"href":"https:\/\/tuzlainfo.ba\/index.php\/wp-json\/wp\/v2\/posts\/315023","targetHints":{"allow":["GET"]}}],"collection":[{"href":"https:\/\/tuzlainfo.ba\/index.php\/wp-json\/wp\/v2\/posts"}],"about":[{"href":"https:\/\/tuzlainfo.ba\/index.php\/wp-json\/wp\/v2\/types\/post"}],"author":[{"embeddable":true,"href":"https:\/\/tuzlainfo.ba\/index.php\/wp-json\/wp\/v2\/users\/2"}],"replies":[{"embeddable":true,"href":"https:\/\/tuzlainfo.ba\/index.php\/wp-json\/wp\/v2\/comments?post=315023"}],"version-history":[{"count":1,"href":"https:\/\/tuzlainfo.ba\/index.php\/wp-json\/wp\/v2\/posts\/315023\/revisions"}],"predecessor-version":[{"id":315025,"href":"https:\/\/tuzlainfo.ba\/index.php\/wp-json\/wp\/v2\/posts\/315023\/revisions\/315025"}],"wp:featuredmedia":[{"embeddable":true,"href":"https:\/\/tuzlainfo.ba\/index.php\/wp-json\/wp\/v2\/media\/315024"}],"wp:attachment":[{"href":"https:\/\/tuzlainfo.ba\/index.php\/wp-json\/wp\/v2\/media?parent=315023"}],"wp:term":[{"taxonomy":"category","embeddable":true,"href":"https:\/\/tuzlainfo.ba\/index.php\/wp-json\/wp\/v2\/categories?post=315023"},{"taxonomy":"post_tag","embeddable":true,"href":"https:\/\/tuzlainfo.ba\/index.php\/wp-json\/wp\/v2\/tags?post=315023"}],"curies":[{"name":"wp","href":"https:\/\/api.w.org\/{rel}","templated":true}]}}