{"id":315007,"date":"2026-09-05T09:07:11","date_gmt":"2026-09-05T07:07:11","guid":{"rendered":"https:\/\/tuzlainfo.ba\/?p=315007"},"modified":"2026-09-05T09:07:30","modified_gmt":"2026-09-05T07:07:30","slug":"sbb-iz-banovica-otvorio-kampanju-za-opce-izbore-2026-godine","status":"publish","type":"post","link":"https:\/\/tuzlainfo.ba\/index.php\/clanci\/izbori-clanci\/item\/315007-sbb-iz-banovica-otvorio-kampanju-za-opce-izbore-2026-godine\/","title":{"rendered":"SBB iz Banovi\u0107a otvorio kampanju za Op\u0107e izbore 2026. godine"},"content":{"rendered":"<p class=\"PDq2pG_selectionAnchorContainer\" data-start=\"93\" data-end=\"318\">Savez za bolju budu\u0107nost BiH zvani\u010dno je otvorio predizbornu kampanju za Op\u0107e izbore 2026. godine skupom odr\u017eanim sino\u0107 u Radni\u010dkom domu u Banovi\u0107ima, na kojem su predstavljeni kandidati ove stranke za razli\u010dite nivoe vlasti.<\/p>\n<p data-start=\"320\" data-end=\"561\">Centralno obra\u0107anje imao je predsjednik SBB-a i kandidat za bo\u0161nja\u010dkog \u010dlana Predsjedni\u0161tva BiH Fahrudin Radon\u010di\u0107, koji je dio govora posvetio funkcioniranju dr\u017eave, politi\u010dkim odnosima i svojim prioritetima ukoliko dobije povjerenje bira\u010da.<\/p>\n<p data-start=\"563\" data-end=\"755\">Radon\u010di\u0107 je poru\u010dio da bo\u0161nja\u010dki politi\u010dki faktor, prema njegovom mi\u0161ljenju, trebaju predstavljati \u201eozbiljni, obrazovani i odgovorni ljudi\u201c, uz o\u0161tre kritike na ra\u010dun aktuelne politi\u010dke scene.<\/p>\n<p data-start=\"757\" data-end=\"1021\">\u201eDr\u017eava mora prestati sa situacijom da je vode cirkusanti i tragikomi\u010dni neuspje\u0161ni influenseri koji se bave ispuhavanjem dje\u010dijih igra\u010daka u liku flaminga. Bo\u0161nja\u010dki politi\u010dki faktor zaslu\u017euje da ga vode ozbiljni, obrazovani i odgovorni ljudi\u201c, kazao je Radon\u010di\u0107.<\/p>\n<p data-start=\"1023\" data-end=\"1117\">Govore\u0107i o Miloradu Dodiku, Radon\u010di\u0107 je poru\u010dio da se protivi mogu\u0107nosti njegovog pomilovanja.<\/p>\n<p data-start=\"1119\" data-end=\"1294\">\u201eNe\u0107u dozvoliti ni pomilovanje Milorada Dodika, kako neki planiraju, jer ne mo\u017eete pomilovati nekoga ko brutalno ru\u0161i dr\u017eavu od koje o\u010dekuje pravnu milost\u201c, rekao je Radon\u010di\u0107.<\/p>\n<p data-start=\"1296\" data-end=\"1477\">U svom obra\u0107anju iznio je i tvrdnju da ne\u0107e dozvoliti da \u201edr\u017eavom upravlja narkomafija iz Dubaija\u201c, ne navode\u0107i u objavi dodatne detalje ili dokaze koji bi potkrijepili ovu tvrdnju.<\/p>\n<p data-start=\"1479\" data-end=\"1617\">Kao jedan od svojih politi\u010dkih prioriteta izdvojio je i potpisivanje ugovora izme\u0111u dr\u017eave Bosne i Hercegovine i Islamske zajednice u BiH.<\/p>\n<p data-start=\"1619\" data-end=\"1922\">\u201eDrugi moj zadatak \u0107e biti ono \u0161to nisu uspjeli ni gospodin Izetbegovi\u0107 za osam godina, ni Be\u0107irovi\u0107 za \u010detiri godine, da dr\u017eava potpi\u0161e ugovor sa Islamskom zajednicom u BiH, jer isti takav postoji sa Katoli\u010dkom i Pravoslavnom crkvom. Tra\u017eimo isto. Bo\u0161njaci nemaju rezervnu domovinu\u201c, kazao je Radon\u010di\u0107.<\/p>\n<p data-start=\"1924\" data-end=\"2322\">Na skupu su predstavljeni nosioci lista i kandidati SBB-a za Parlamentarnu skup\u0161tinu BiH, Predstavni\u010dki dom Parlamenta FBiH i kantonalne skup\u0161tine. Me\u0111u onima koji su se obratili prisutnima bili su Enver Bijedi\u0107, Nermin D\u017eindi\u0107, Mirvad Kuri\u0107, Fahrudin Pecikoza, Edis Trumi\u0107, Elvir Salihovi\u0107, Zumra Begi\u0107, Sanela Dilberovi\u0107, Muradif Kanli\u0107, \u0160efik Smlati\u0107, Salih Mustafi\u0107, Rusmir \u0160i\u0161i\u0107 i Admir \u010cavka.<\/p>\n","protected":false},"excerpt":{"rendered":"<p>Savez za bolju budu\u0107nost BiH zvani\u010dno je otvorio predizbornu kampanju za Op\u0107e izbore 2026. godine skupom odr\u017eanim sino\u0107 u Radni\u010dkom domu u Banovi\u0107ima, na kojem su predstavljeni kandidati ove stranke za razli\u010dite nivoe vlasti. Centralno obra\u0107anje imao je predsjednik SBB-a i kandidat za bo\u0161nja\u010dkog \u010dlana Predsjedni\u0161tva BiH Fahrudin Radon\u010di\u0107, koji je dio govora posvetio funkcioniranju [&hellip;]<\/p>\n","protected":false},"author":2,"featured_media":315008,"comment_status":"closed","ping_status":"closed","sticky":false,"template":"","format":"standard","meta":{"footnotes":""},"categories":[15],"tags":[475,1113],"class_list":["post-315007","post","type-post","status-publish","format-standard","has-post-thumbnail","hentry","category-izbori-clanci","tag-izbori","tag-sbb"],"yoast_head":"<!-- This site is optimized with the Yoast SEO plugin v28.4 - https:\/\/yoast.com\/product\/yoast-seo-wordpress\/ -->\n<title>SBB iz Banovi\u0107a otvorio kampanju za Op\u0107e izbore 2026. godine<\/title>\n<meta name=\"robots\" content=\"index, follow, max-snippet:-1, max-image-preview:large, max-video-preview:-1\" \/>\n<link rel=\"canonical\" href=\"https:\/\/tuzlainfo.ba\/index.php\/clanci\/izbori-clanci\/item\/315007-sbb-iz-banovica-otvorio-kampanju-za-opce-izbore-2026-godine\/\" \/>\n<meta property=\"og:locale\" content=\"bs_BA\" \/>\n<meta property=\"og:type\" content=\"article\" \/>\n<meta property=\"og:title\" content=\"SBB iz Banovi\u0107a otvorio kampanju za Op\u0107e izbore 2026. godine\" \/>\n<meta property=\"og:description\" content=\"Savez za bolju budu\u0107nost BiH zvani\u010dno je otvorio predizbornu kampanju za Op\u0107e izbore 2026. godine skupom odr\u017eanim sino\u0107 u Radni\u010dkom domu u Banovi\u0107ima, na kojem su predstavljeni kandidati ove stranke za razli\u010dite nivoe vlasti. Centralno obra\u0107anje imao je predsjednik SBB-a i kandidat za bo\u0161nja\u010dkog \u010dlana Predsjedni\u0161tva BiH Fahrudin Radon\u010di\u0107, koji je dio govora posvetio funkcioniranju [&hellip;]\" \/>\n<meta property=\"og:url\" content=\"https:\/\/tuzlainfo.ba\/index.php\/clanci\/izbori-clanci\/item\/315007-sbb-iz-banovica-otvorio-kampanju-za-opce-izbore-2026-godine\/\" \/>\n<meta property=\"og:site_name\" content=\"TuzlaInfo.ba\" \/>\n<meta property=\"article:publisher\" content=\"https:\/\/www.facebook.com\/tuzlainfo.ba\/\" \/>\n<meta property=\"article:published_time\" content=\"2026-09-05T07:07:11+00:00\" \/>\n<meta property=\"article:modified_time\" content=\"2026-09-05T07:07:30+00:00\" \/>\n<meta property=\"og:image\" content=\"https:\/\/tuzlainfo.ba\/wp-content\/uploads\/2026\/09\/0509_sbb_banovici.jpg\" \/>\n\t<meta property=\"og:image:width\" content=\"1000\" \/>\n\t<meta property=\"og:image:height\" content=\"518\" \/>\n\t<meta property=\"og:image:type\" content=\"image\/jpeg\" \/>\n<meta name=\"author\" content=\"nedim\" \/>\n<meta name=\"twitter:card\" content=\"summary_large_image\" \/>\n<meta name=\"twitter:label1\" content=\"Written by\" \/>\n\t<meta name=\"twitter:data1\" content=\"nedim\" \/>\n\t<meta name=\"twitter:label2\" content=\"Est. reading time\" \/>\n\t<meta name=\"twitter:data2\" content=\"2 minute\" \/>\n<script type=\"application\/ld+json\" class=\"yoast-schema-graph\">{\"@context\":\"https:\\\/\\\/schema.org\",\"@graph\":[{\"@type\":\"Article\",\"@id\":\"https:\\\/\\\/tuzlainfo.ba\\\/index.php\\\/clanci\\\/izbori-clanci\\\/item\\\/315007-sbb-iz-banovica-otvorio-kampanju-za-opce-izbore-2026-godine\\\/#article\",\"isPartOf\":{\"@id\":\"https:\\\/\\\/tuzlainfo.ba\\\/index.php\\\/clanci\\\/izbori-clanci\\\/item\\\/315007-sbb-iz-banovica-otvorio-kampanju-za-opce-izbore-2026-godine\\\/\"},\"author\":{\"name\":\"nedim\",\"@id\":\"https:\\\/\\\/tuzlainfo.ba\\\/#\\\/schema\\\/person\\\/f434e20dc27ea133923aab08451b7f7f\"},\"headline\":\"SBB iz Banovi\u0107a otvorio kampanju za Op\u0107e izbore 2026. godine\",\"datePublished\":\"2026-09-05T07:07:11+00:00\",\"dateModified\":\"2026-09-05T07:07:30+00:00\",\"mainEntityOfPage\":{\"@id\":\"https:\\\/\\\/tuzlainfo.ba\\\/index.php\\\/clanci\\\/izbori-clanci\\\/item\\\/315007-sbb-iz-banovica-otvorio-kampanju-za-opce-izbore-2026-godine\\\/\"},\"wordCount\":393,\"publisher\":{\"@id\":\"https:\\\/\\\/tuzlainfo.ba\\\/#organization\"},\"image\":{\"@id\":\"https:\\\/\\\/tuzlainfo.ba\\\/index.php\\\/clanci\\\/izbori-clanci\\\/item\\\/315007-sbb-iz-banovica-otvorio-kampanju-za-opce-izbore-2026-godine\\\/#primaryimage\"},\"thumbnailUrl\":\"https:\\\/\\\/tuzlainfo.ba\\\/wp-content\\\/uploads\\\/2026\\\/09\\\/0509_sbb_banovici.jpg\",\"keywords\":[\"izbori\",\"sbb\"],\"articleSection\":[\"Izbori\"],\"inLanguage\":\"bs-BA\",\"copyrightYear\":\"2026\",\"copyrightHolder\":{\"@id\":\"https:\\\/\\\/tuzlainfo.ba\\\/#organization\"}},{\"@type\":\"WebPage\",\"@id\":\"https:\\\/\\\/tuzlainfo.ba\\\/index.php\\\/clanci\\\/izbori-clanci\\\/item\\\/315007-sbb-iz-banovica-otvorio-kampanju-za-opce-izbore-2026-godine\\\/\",\"url\":\"https:\\\/\\\/tuzlainfo.ba\\\/index.php\\\/clanci\\\/izbori-clanci\\\/item\\\/315007-sbb-iz-banovica-otvorio-kampanju-za-opce-izbore-2026-godine\\\/\",\"name\":\"SBB iz Banovi\u0107a otvorio kampanju za Op\u0107e izbore 2026. godine\",\"isPartOf\":{\"@id\":\"https:\\\/\\\/tuzlainfo.ba\\\/#website\"},\"primaryImageOfPage\":{\"@id\":\"https:\\\/\\\/tuzlainfo.ba\\\/index.php\\\/clanci\\\/izbori-clanci\\\/item\\\/315007-sbb-iz-banovica-otvorio-kampanju-za-opce-izbore-2026-godine\\\/#primaryimage\"},\"image\":{\"@id\":\"https:\\\/\\\/tuzlainfo.ba\\\/index.php\\\/clanci\\\/izbori-clanci\\\/item\\\/315007-sbb-iz-banovica-otvorio-kampanju-za-opce-izbore-2026-godine\\\/#primaryimage\"},\"thumbnailUrl\":\"https:\\\/\\\/tuzlainfo.ba\\\/wp-content\\\/uploads\\\/2026\\\/09\\\/0509_sbb_banovici.jpg\",\"datePublished\":\"2026-09-05T07:07:11+00:00\",\"dateModified\":\"2026-09-05T07:07:30+00:00\",\"breadcrumb\":{\"@id\":\"https:\\\/\\\/tuzlainfo.ba\\\/index.php\\\/clanci\\\/izbori-clanci\\\/item\\\/315007-sbb-iz-banovica-otvorio-kampanju-za-opce-izbore-2026-godine\\\/#breadcrumb\"},\"inLanguage\":\"bs-BA\",\"potentialAction\":[{\"@type\":\"ReadAction\",\"target\":[\"https:\\\/\\\/tuzlainfo.ba\\\/index.php\\\/clanci\\\/izbori-clanci\\\/item\\\/315007-sbb-iz-banovica-otvorio-kampanju-za-opce-izbore-2026-godine\\\/\"]}]},{\"@type\":\"ImageObject\",\"inLanguage\":\"bs-BA\",\"@id\":\"https:\\\/\\\/tuzlainfo.ba\\\/index.php\\\/clanci\\\/izbori-clanci\\\/item\\\/315007-sbb-iz-banovica-otvorio-kampanju-za-opce-izbore-2026-godine\\\/#primaryimage\",\"url\":\"https:\\\/\\\/tuzlainfo.ba\\\/wp-content\\\/uploads\\\/2026\\\/09\\\/0509_sbb_banovici.jpg\",\"contentUrl\":\"https:\\\/\\\/tuzlainfo.ba\\\/wp-content\\\/uploads\\\/2026\\\/09\\\/0509_sbb_banovici.jpg\",\"width\":1000,\"height\":518},{\"@type\":\"BreadcrumbList\",\"@id\":\"https:\\\/\\\/tuzlainfo.ba\\\/index.php\\\/clanci\\\/izbori-clanci\\\/item\\\/315007-sbb-iz-banovica-otvorio-kampanju-za-opce-izbore-2026-godine\\\/#breadcrumb\",\"itemListElement\":[{\"@type\":\"ListItem\",\"position\":1,\"name\":\"Home\",\"item\":\"https:\\\/\\\/tuzlainfo.ba\\\/\"},{\"@type\":\"ListItem\",\"position\":2,\"name\":\"SBB iz Banovi\u0107a otvorio kampanju za Op\u0107e izbore 2026. godine\"}]},{\"@type\":\"WebSite\",\"@id\":\"https:\\\/\\\/tuzlainfo.ba\\\/#website\",\"url\":\"https:\\\/\\\/tuzlainfo.ba\\\/\",\"name\":\"TuzlaInfo.ba\",\"description\":\"Tuzla info, gradski informator - Tuzla na dlanu\",\"publisher\":{\"@id\":\"https:\\\/\\\/tuzlainfo.ba\\\/#organization\"},\"potentialAction\":[{\"@type\":\"SearchAction\",\"target\":{\"@type\":\"EntryPoint\",\"urlTemplate\":\"https:\\\/\\\/tuzlainfo.ba\\\/?s={search_term_string}\"},\"query-input\":{\"@type\":\"PropertyValueSpecification\",\"valueRequired\":true,\"valueName\":\"search_term_string\"}}],\"inLanguage\":\"bs-BA\"},{\"@type\":\"Organization\",\"@id\":\"https:\\\/\\\/tuzlainfo.ba\\\/#organization\",\"name\":\"TuzlaInfo.ba\",\"url\":\"https:\\\/\\\/tuzlainfo.ba\\\/\",\"logo\":{\"@type\":\"ImageObject\",\"inLanguage\":\"bs-BA\",\"@id\":\"https:\\\/\\\/tuzlainfo.ba\\\/#\\\/schema\\\/logo\\\/image\\\/\",\"url\":\"https:\\\/\\\/tuzlainfo.ba\\\/wp-content\\\/uploads\\\/2021\\\/03\\\/logo-ver-3-1.png\",\"contentUrl\":\"https:\\\/\\\/tuzlainfo.ba\\\/wp-content\\\/uploads\\\/2021\\\/03\\\/logo-ver-3-1.png\",\"width\":350,\"height\":95,\"caption\":\"TuzlaInfo.ba\"},\"image\":{\"@id\":\"https:\\\/\\\/tuzlainfo.ba\\\/#\\\/schema\\\/logo\\\/image\\\/\"},\"sameAs\":[\"https:\\\/\\\/www.facebook.com\\\/tuzlainfo.ba\\\/\"]},{\"@type\":\"Person\",\"@id\":\"https:\\\/\\\/tuzlainfo.ba\\\/#\\\/schema\\\/person\\\/f434e20dc27ea133923aab08451b7f7f\",\"name\":\"nedim\",\"image\":{\"@type\":\"ImageObject\",\"inLanguage\":\"bs-BA\",\"@id\":\"https:\\\/\\\/secure.gravatar.com\\\/avatar\\\/5b928a2e7e70a54208d2eb6c1edcb75a5350d6ae97d5f0a701203d456823f6f3?s=96&d=mm&r=g\",\"url\":\"https:\\\/\\\/secure.gravatar.com\\\/avatar\\\/5b928a2e7e70a54208d2eb6c1edcb75a5350d6ae97d5f0a701203d456823f6f3?s=96&d=mm&r=g\",\"contentUrl\":\"https:\\\/\\\/secure.gravatar.com\\\/avatar\\\/5b928a2e7e70a54208d2eb6c1edcb75a5350d6ae97d5f0a701203d456823f6f3?s=96&d=mm&r=g\",\"caption\":\"nedim\"},\"description\":\"Tuzlainfo.ba pratite na dru\u0161tvenim mre\u017eama: Facebook, Instagram i Youtube. Svoje pri\u010de, upite i fotografije \u0161aljite na na\u0161u e-mail adresu.\"}]}<\/script>\n<!-- \/ Yoast SEO plugin. -->","yoast_head_json":{"title":"SBB iz Banovi\u0107a otvorio kampanju za Op\u0107e izbore 2026. godine","robots":{"index":"index","follow":"follow","max-snippet":"max-snippet:-1","max-image-preview":"max-image-preview:large","max-video-preview":"max-video-preview:-1"},"canonical":"https:\/\/tuzlainfo.ba\/index.php\/clanci\/izbori-clanci\/item\/315007-sbb-iz-banovica-otvorio-kampanju-za-opce-izbore-2026-godine\/","og_locale":"bs_BA","og_type":"article","og_title":"SBB iz Banovi\u0107a otvorio kampanju za Op\u0107e izbore 2026. godine","og_description":"Savez za bolju budu\u0107nost BiH zvani\u010dno je otvorio predizbornu kampanju za Op\u0107e izbore 2026. godine skupom odr\u017eanim sino\u0107 u Radni\u010dkom domu u Banovi\u0107ima, na kojem su predstavljeni kandidati ove stranke za razli\u010dite nivoe vlasti. Centralno obra\u0107anje imao je predsjednik SBB-a i kandidat za bo\u0161nja\u010dkog \u010dlana Predsjedni\u0161tva BiH Fahrudin Radon\u010di\u0107, koji je dio govora posvetio funkcioniranju [&hellip;]","og_url":"https:\/\/tuzlainfo.ba\/index.php\/clanci\/izbori-clanci\/item\/315007-sbb-iz-banovica-otvorio-kampanju-za-opce-izbore-2026-godine\/","og_site_name":"TuzlaInfo.ba","article_publisher":"https:\/\/www.facebook.com\/tuzlainfo.ba\/","article_published_time":"2026-09-05T07:07:11+00:00","article_modified_time":"2026-09-05T07:07:30+00:00","og_image":[{"width":1000,"height":518,"url":"https:\/\/tuzlainfo.ba\/wp-content\/uploads\/2026\/09\/0509_sbb_banovici.jpg","type":"image\/jpeg"}],"author":"nedim","twitter_card":"summary_large_image","twitter_misc":{"Written by":"nedim","Est. reading time":"2 minute"},"schema":{"@context":"https:\/\/schema.org","@graph":[{"@type":"Article","@id":"https:\/\/tuzlainfo.ba\/index.php\/clanci\/izbori-clanci\/item\/315007-sbb-iz-banovica-otvorio-kampanju-za-opce-izbore-2026-godine\/#article","isPartOf":{"@id":"https:\/\/tuzlainfo.ba\/index.php\/clanci\/izbori-clanci\/item\/315007-sbb-iz-banovica-otvorio-kampanju-za-opce-izbore-2026-godine\/"},"author":{"name":"nedim","@id":"https:\/\/tuzlainfo.ba\/#\/schema\/person\/f434e20dc27ea133923aab08451b7f7f"},"headline":"SBB iz Banovi\u0107a otvorio kampanju za Op\u0107e izbore 2026. godine","datePublished":"2026-09-05T07:07:11+00:00","dateModified":"2026-09-05T07:07:30+00:00","mainEntityOfPage":{"@id":"https:\/\/tuzlainfo.ba\/index.php\/clanci\/izbori-clanci\/item\/315007-sbb-iz-banovica-otvorio-kampanju-za-opce-izbore-2026-godine\/"},"wordCount":393,"publisher":{"@id":"https:\/\/tuzlainfo.ba\/#organization"},"image":{"@id":"https:\/\/tuzlainfo.ba\/index.php\/clanci\/izbori-clanci\/item\/315007-sbb-iz-banovica-otvorio-kampanju-za-opce-izbore-2026-godine\/#primaryimage"},"thumbnailUrl":"https:\/\/tuzlainfo.ba\/wp-content\/uploads\/2026\/09\/0509_sbb_banovici.jpg","keywords":["izbori","sbb"],"articleSection":["Izbori"],"inLanguage":"bs-BA","copyrightYear":"2026","copyrightHolder":{"@id":"https:\/\/tuzlainfo.ba\/#organization"}},{"@type":"WebPage","@id":"https:\/\/tuzlainfo.ba\/index.php\/clanci\/izbori-clanci\/item\/315007-sbb-iz-banovica-otvorio-kampanju-za-opce-izbore-2026-godine\/","url":"https:\/\/tuzlainfo.ba\/index.php\/clanci\/izbori-clanci\/item\/315007-sbb-iz-banovica-otvorio-kampanju-za-opce-izbore-2026-godine\/","name":"SBB iz Banovi\u0107a otvorio kampanju za Op\u0107e izbore 2026. godine","isPartOf":{"@id":"https:\/\/tuzlainfo.ba\/#website"},"primaryImageOfPage":{"@id":"https:\/\/tuzlainfo.ba\/index.php\/clanci\/izbori-clanci\/item\/315007-sbb-iz-banovica-otvorio-kampanju-za-opce-izbore-2026-godine\/#primaryimage"},"image":{"@id":"https:\/\/tuzlainfo.ba\/index.php\/clanci\/izbori-clanci\/item\/315007-sbb-iz-banovica-otvorio-kampanju-za-opce-izbore-2026-godine\/#primaryimage"},"thumbnailUrl":"https:\/\/tuzlainfo.ba\/wp-content\/uploads\/2026\/09\/0509_sbb_banovici.jpg","datePublished":"2026-09-05T07:07:11+00:00","dateModified":"2026-09-05T07:07:30+00:00","breadcrumb":{"@id":"https:\/\/tuzlainfo.ba\/index.php\/clanci\/izbori-clanci\/item\/315007-sbb-iz-banovica-otvorio-kampanju-za-opce-izbore-2026-godine\/#breadcrumb"},"inLanguage":"bs-BA","potentialAction":[{"@type":"ReadAction","target":["https:\/\/tuzlainfo.ba\/index.php\/clanci\/izbori-clanci\/item\/315007-sbb-iz-banovica-otvorio-kampanju-za-opce-izbore-2026-godine\/"]}]},{"@type":"ImageObject","inLanguage":"bs-BA","@id":"https:\/\/tuzlainfo.ba\/index.php\/clanci\/izbori-clanci\/item\/315007-sbb-iz-banovica-otvorio-kampanju-za-opce-izbore-2026-godine\/#primaryimage","url":"https:\/\/tuzlainfo.ba\/wp-content\/uploads\/2026\/09\/0509_sbb_banovici.jpg","contentUrl":"https:\/\/tuzlainfo.ba\/wp-content\/uploads\/2026\/09\/0509_sbb_banovici.jpg","width":1000,"height":518},{"@type":"BreadcrumbList","@id":"https:\/\/tuzlainfo.ba\/index.php\/clanci\/izbori-clanci\/item\/315007-sbb-iz-banovica-otvorio-kampanju-za-opce-izbore-2026-godine\/#breadcrumb","itemListElement":[{"@type":"ListItem","position":1,"name":"Home","item":"https:\/\/tuzlainfo.ba\/"},{"@type":"ListItem","position":2,"name":"SBB iz Banovi\u0107a otvorio kampanju za Op\u0107e izbore 2026. godine"}]},{"@type":"WebSite","@id":"https:\/\/tuzlainfo.ba\/#website","url":"https:\/\/tuzlainfo.ba\/","name":"TuzlaInfo.ba","description":"Tuzla info, gradski informator - Tuzla na dlanu","publisher":{"@id":"https:\/\/tuzlainfo.ba\/#organization"},"potentialAction":[{"@type":"SearchAction","target":{"@type":"EntryPoint","urlTemplate":"https:\/\/tuzlainfo.ba\/?s={search_term_string}"},"query-input":{"@type":"PropertyValueSpecification","valueRequired":true,"valueName":"search_term_string"}}],"inLanguage":"bs-BA"},{"@type":"Organization","@id":"https:\/\/tuzlainfo.ba\/#organization","name":"TuzlaInfo.ba","url":"https:\/\/tuzlainfo.ba\/","logo":{"@type":"ImageObject","inLanguage":"bs-BA","@id":"https:\/\/tuzlainfo.ba\/#\/schema\/logo\/image\/","url":"https:\/\/tuzlainfo.ba\/wp-content\/uploads\/2021\/03\/logo-ver-3-1.png","contentUrl":"https:\/\/tuzlainfo.ba\/wp-content\/uploads\/2021\/03\/logo-ver-3-1.png","width":350,"height":95,"caption":"TuzlaInfo.ba"},"image":{"@id":"https:\/\/tuzlainfo.ba\/#\/schema\/logo\/image\/"},"sameAs":["https:\/\/www.facebook.com\/tuzlainfo.ba\/"]},{"@type":"Person","@id":"https:\/\/tuzlainfo.ba\/#\/schema\/person\/f434e20dc27ea133923aab08451b7f7f","name":"nedim","image":{"@type":"ImageObject","inLanguage":"bs-BA","@id":"https:\/\/secure.gravatar.com\/avatar\/5b928a2e7e70a54208d2eb6c1edcb75a5350d6ae97d5f0a701203d456823f6f3?s=96&d=mm&r=g","url":"https:\/\/secure.gravatar.com\/avatar\/5b928a2e7e70a54208d2eb6c1edcb75a5350d6ae97d5f0a701203d456823f6f3?s=96&d=mm&r=g","contentUrl":"https:\/\/secure.gravatar.com\/avatar\/5b928a2e7e70a54208d2eb6c1edcb75a5350d6ae97d5f0a701203d456823f6f3?s=96&d=mm&r=g","caption":"nedim"},"description":"Tuzlainfo.ba pratite na dru\u0161tvenim mre\u017eama: Facebook, Instagram i Youtube. Svoje pri\u010de, upite i fotografije \u0161aljite na na\u0161u e-mail adresu."}]}},"_links":{"self":[{"href":"https:\/\/tuzlainfo.ba\/index.php\/wp-json\/wp\/v2\/posts\/315007","targetHints":{"allow":["GET"]}}],"collection":[{"href":"https:\/\/tuzlainfo.ba\/index.php\/wp-json\/wp\/v2\/posts"}],"about":[{"href":"https:\/\/tuzlainfo.ba\/index.php\/wp-json\/wp\/v2\/types\/post"}],"author":[{"embeddable":true,"href":"https:\/\/tuzlainfo.ba\/index.php\/wp-json\/wp\/v2\/users\/2"}],"replies":[{"embeddable":true,"href":"https:\/\/tuzlainfo.ba\/index.php\/wp-json\/wp\/v2\/comments?post=315007"}],"version-history":[{"count":1,"href":"https:\/\/tuzlainfo.ba\/index.php\/wp-json\/wp\/v2\/posts\/315007\/revisions"}],"predecessor-version":[{"id":315009,"href":"https:\/\/tuzlainfo.ba\/index.php\/wp-json\/wp\/v2\/posts\/315007\/revisions\/315009"}],"wp:featuredmedia":[{"embeddable":true,"href":"https:\/\/tuzlainfo.ba\/index.php\/wp-json\/wp\/v2\/media\/315008"}],"wp:attachment":[{"href":"https:\/\/tuzlainfo.ba\/index.php\/wp-json\/wp\/v2\/media?parent=315007"}],"wp:term":[{"taxonomy":"category","embeddable":true,"href":"https:\/\/tuzlainfo.ba\/index.php\/wp-json\/wp\/v2\/categories?post=315007"},{"taxonomy":"post_tag","embeddable":true,"href":"https:\/\/tuzlainfo.ba\/index.php\/wp-json\/wp\/v2\/tags?post=315007"}],"curies":[{"name":"wp","href":"https:\/\/api.w.org\/{rel}","templated":true}]}}