{"id":315001,"date":"2026-09-04T21:41:07","date_gmt":"2026-09-04T19:41:07","guid":{"rendered":"https:\/\/tuzlainfo.ba\/?p=315001"},"modified":"2026-09-04T21:41:07","modified_gmt":"2026-09-04T19:41:07","slug":"halilagic-krenuo-u-utrku-za-parlament-fbih-rezultati-naseg-rada-neka-budu-razlog-za-povjerenje","status":"publish","type":"post","link":"https:\/\/tuzlainfo.ba\/index.php\/novosti\/item\/315001-halilagic-krenuo-u-utrku-za-parlament-fbih-rezultati-naseg-rada-neka-budu-razlog-za-povjerenje\/","title":{"rendered":"Halilagi\u0107 krenuo u utrku za Parlament FBiH: \u201eRezultati na\u0161eg rada neka budu razlog za povjerenje\u201c"},"content":{"rendered":"<p class=\"PDq2pG_selectionAnchorContainer\" data-start=\"94\" data-end=\"309\">Premijer Tuzlanskog kantona Irfan Halilagi\u0107 oglasio se povodom po\u010detka kampanje za Op\u0107e izbore 2026. godine, potvrdiv\u0161i da je nosilac liste SDA za Predstavni\u010dki dom Parlamenta Federacije BiH u Izbornoj jedinici 403.<\/p>\n<p data-start=\"311\" data-end=\"463\">Halilagi\u0107 je naveo da nakon \u010detiri i po godine provedene na \u010delu Vlade Tuzlanskog kantona pred njim slijede novi politi\u010dki izazovi, prilike i isku\u0161enja.<\/p>\n<p data-start=\"465\" data-end=\"632\">\u201eVoljom strana\u010dkih organa, po\u010da\u0161\u0107en sam povjerenjem i kandidaturom za nosioca liste SDA za Parlament Federacije BiH u Izbornoj jedinici 3 (403)\u201c, poru\u010dio je Halilagi\u0107.<\/p>\n<p data-start=\"634\" data-end=\"853\">U osvrtu na dosada\u0161nji mandat premijera naveo je da je u protekle \u010detiri i po godine fokus bio na politi\u010dkoj i finansijskoj stabilnosti Tuzlanskog kantona, kao i realizaciji mjera, investicija i projekata \u0161irom kantona.<\/p>\n<p data-start=\"855\" data-end=\"1073\">\u201eIskreno se nadam da \u0107e rezultati tog rada, odgovornost koju smo pokazali i povjerenje koje smo gradili svih ovih godina biti dovoljan razlog i motiv da mi gra\u0111ani 4. oktobra daju svoje povjerenje\u201c, naveo je Halilagi\u0107.<\/p>\n<p data-start=\"1075\" data-end=\"1227\">Pozvao je bira\u010de iz Lukavca, Tuzle, Srebrenika i \u010celi\u0107a, koji \u010dine ovu izbornu jedinicu, da mu na izborima daju podr\u0161ku za ulazak u Federalni parlament.<\/p>\n<p data-start=\"1229\" data-end=\"1347\">\u201eBit \u0107e mi velika \u010dast i privilegija dobiti glas gra\u0111ana Lukavca, Tuzle, Srebrenika i \u010celi\u0107a\u201c, zaklju\u010dio je Halilagi\u0107.<\/p>\n<p data-start=\"1229\" data-end=\"1347\"><img fetchpriority=\"high\" decoding=\"async\" class=\"alignnone size-full wp-image-315002\" src=\"https:\/\/tuzlainfo.ba\/wp-content\/uploads\/2026\/09\/halilagic_plakat.jpg\" alt=\"\" width=\"900\" height=\"1125\" srcset=\"https:\/\/tuzlainfo.ba\/wp-content\/uploads\/2026\/09\/halilagic_plakat.jpg 900w, https:\/\/tuzlainfo.ba\/wp-content\/uploads\/2026\/09\/halilagic_plakat-240x300.jpg 240w, https:\/\/tuzlainfo.ba\/wp-content\/uploads\/2026\/09\/halilagic_plakat-819x1024.jpg 819w, https:\/\/tuzlainfo.ba\/wp-content\/uploads\/2026\/09\/halilagic_plakat-768x960.jpg 768w, https:\/\/tuzlainfo.ba\/wp-content\/uploads\/2026\/09\/halilagic_plakat-150x188.jpg 150w, https:\/\/tuzlainfo.ba\/wp-content\/uploads\/2026\/09\/halilagic_plakat-400x500.jpg 400w, https:\/\/tuzlainfo.ba\/wp-content\/uploads\/2026\/09\/halilagic_plakat-585x731.jpg 585w\" sizes=\"(max-width: 900px) 100vw, 900px\" \/><\/p>\n<p class=\"PDq2pG_selectionAnchorContainer\" data-start=\"683\" data-end=\"950\">Uz objavu o kandidaturi, Halilagi\u0107 je iznio i niz podataka kojima obrazla\u017ee rezultate vlasti u Tuzlanskom kantonu. Prema njegovim navodima, TK je u proteklih \u0161est godina pro\u0161ao put od nelikvidnosti i deficita do bud\u017eeta koji je u 2026. godini dostigao 952 miliona KM.<\/p>\n<p data-start=\"952\" data-end=\"1377\">Halilagi\u0107 navodi da je nakon finansijske krize iz 2019. godine, kada je akumulirani deficit bio ve\u0107i od 25 miliona KM, uz pribli\u017eno isti iznos dospjelih kreditnih obaveza, Tuzlanski kanton kraj 2025. godine do\u010dekao sa akumuliranim suficitom od 104 miliona KM. Bud\u017eet je, prema podacima koje je objavio, sa 585 miliona KM u 2023. porastao na 952 miliona KM u 2026. godini, a o\u010dekuje da bi naredni mogao prema\u0161iti milijardu KM.<\/p>\n<p data-start=\"1379\" data-end=\"1740\">Kao rezultate takve finansijske stabilnosti izdvojio je pove\u0107anje kapitalnih ulaganja i uvo\u0111enje novih socijalnih mjera. Za UKC Tuzla, kako navodi, u 2026. godini planirano je 50 miliona KM za nabavku opreme, dok su za domove zdravlja izdvojena tri miliona KM. Podsjetio je i na ukidanje premije zdravstvenog osiguranja, odnosno takozvanih zdravstvenih markica.<\/p>\n<p data-start=\"1742\" data-end=\"2049\">Me\u0111u mjerama socijalne i demografske politike Halilagi\u0107 je izdvojio 24,5 miliona KM godi\u0161nje za naknade nezaposlenim porodiljama, koje iznose 996 KM mjese\u010dno, kao i 15 miliona KM podr\u0161ke penzionerima tokom \u010detiri godine. Tvrdi i da su pla\u0107e u javnom sektoru u posmatranom periodu pove\u0107ane za blizu 50 posto.<\/p>\n<p data-start=\"2051\" data-end=\"2273\">U oblasti obrazovanja naveo je besplatne ud\u017ebenike za osnovce, za \u0161ta se godi\u0161nje izdvaja \u010detiri miliona KM, stipendije za izvrsne u\u010denike i studente, sufinansiranje vrti\u0107a te subvencioniranje kantonalnog javnog prijevoza.<\/p>\n<p data-start=\"2275\" data-end=\"2609\">Kada je rije\u010d o kapitalnim projektima, Halilagi\u0107 navodi da su kapitalni izdaci pove\u0107ani sa devet na 82 miliona KM, a transferi ni\u017eim nivoima vlasti sa 15,2 na 128 miliona KM. Me\u0111u projektima je izdvojio program \u201eVoda za sve\u201c vrijedan 40 miliona KM, 24,4 miliona KM za Kampus Univerziteta u Tuzli te 11,5 miliona KM za zgradu Vlade TK.<\/p>\n<p data-start=\"2611\" data-end=\"2767\">Istakao je i ulaganja od 16,5 miliona KM u poljoprivredu, \u0161est miliona KM u Me\u0111unarodni aerodrom Tuzla te oko 40 miliona KM za opremanje i objekte policije.<\/p>\n<p data-start=\"2769\" data-end=\"2989\">\u201eIskreno se nadam da \u0107e rezultati tog rada, odgovornost koju smo pokazali i povjerenje koje smo gradili svih ovih godina biti dovoljan razlog i motiv da mi gra\u0111ani 4. oktobra daju svoje povjerenje\u201c, poru\u010dio je Halilagi\u0107.<\/p>\n","protected":false},"excerpt":{"rendered":"<p>Premijer Tuzlanskog kantona Irfan Halilagi\u0107 oglasio se povodom po\u010detka kampanje za Op\u0107e izbore 2026. godine, potvrdiv\u0161i da je nosilac liste SDA za Predstavni\u010dki dom Parlamenta Federacije BiH u Izbornoj jedinici 403. Halilagi\u0107 je naveo da nakon \u010detiri i po godine provedene na \u010delu Vlade Tuzlanskog kantona pred njim slijede novi politi\u010dki izazovi, prilike i isku\u0161enja. [&hellip;]<\/p>\n","protected":false},"author":2,"featured_media":299874,"comment_status":"closed","ping_status":"closed","sticky":false,"template":"","format":"standard","meta":{"footnotes":""},"categories":[304,15,12],"tags":[4189,475],"class_list":["post-315001","post","type-post","status-publish","format-standard","has-post-thumbnail","hentry","category-istaknuto","category-izbori-clanci","category-novosti","tag-irfan-halilagic","tag-izbori"],"yoast_head":"<!-- This site is optimized with the Yoast SEO plugin v28.4 - https:\/\/yoast.com\/product\/yoast-seo-wordpress\/ -->\n<title>Halilagi\u0107 krenuo u utrku za Parlament FBiH: \u201eRezultati na\u0161eg rada neka budu razlog za povjerenje\u201c<\/title>\n<meta name=\"robots\" content=\"index, follow, max-snippet:-1, max-image-preview:large, max-video-preview:-1\" \/>\n<link rel=\"canonical\" href=\"https:\/\/tuzlainfo.ba\/index.php\/novosti\/item\/315001-halilagic-krenuo-u-utrku-za-parlament-fbih-rezultati-naseg-rada-neka-budu-razlog-za-povjerenje\/\" \/>\n<meta property=\"og:locale\" content=\"bs_BA\" \/>\n<meta property=\"og:type\" content=\"article\" \/>\n<meta property=\"og:title\" content=\"Halilagi\u0107 krenuo u utrku za Parlament FBiH: \u201eRezultati na\u0161eg rada neka budu razlog za povjerenje\u201c\" \/>\n<meta property=\"og:description\" content=\"Premijer Tuzlanskog kantona Irfan Halilagi\u0107 oglasio se povodom po\u010detka kampanje za Op\u0107e izbore 2026. godine, potvrdiv\u0161i da je nosilac liste SDA za Predstavni\u010dki dom Parlamenta Federacije BiH u Izbornoj jedinici 403. Halilagi\u0107 je naveo da nakon \u010detiri i po godine provedene na \u010delu Vlade Tuzlanskog kantona pred njim slijede novi politi\u010dki izazovi, prilike i isku\u0161enja. [&hellip;]\" \/>\n<meta property=\"og:url\" content=\"https:\/\/tuzlainfo.ba\/index.php\/novosti\/item\/315001-halilagic-krenuo-u-utrku-za-parlament-fbih-rezultati-naseg-rada-neka-budu-razlog-za-povjerenje\/\" \/>\n<meta property=\"og:site_name\" content=\"TuzlaInfo.ba\" \/>\n<meta property=\"article:publisher\" content=\"https:\/\/www.facebook.com\/tuzlainfo.ba\/\" \/>\n<meta property=\"article:published_time\" content=\"2026-09-04T19:41:07+00:00\" \/>\n<meta property=\"og:image\" content=\"https:\/\/tuzlainfo.ba\/wp-content\/uploads\/2026\/04\/irfan-halilagic_premijer-2.jpg\" \/>\n\t<meta property=\"og:image:width\" content=\"1600\" \/>\n\t<meta property=\"og:image:height\" content=\"1142\" \/>\n\t<meta property=\"og:image:type\" content=\"image\/jpeg\" \/>\n<meta name=\"author\" content=\"nedim\" \/>\n<meta name=\"twitter:card\" content=\"summary_large_image\" \/>\n<meta name=\"twitter:label1\" content=\"Written by\" \/>\n\t<meta name=\"twitter:data1\" content=\"nedim\" \/>\n\t<meta name=\"twitter:label2\" content=\"Est. reading time\" \/>\n\t<meta name=\"twitter:data2\" content=\"4 minute\" \/>\n<script type=\"application\/ld+json\" class=\"yoast-schema-graph\">{\"@context\":\"https:\\\/\\\/schema.org\",\"@graph\":[{\"@type\":\"Article\",\"@id\":\"https:\\\/\\\/tuzlainfo.ba\\\/index.php\\\/novosti\\\/item\\\/315001-halilagic-krenuo-u-utrku-za-parlament-fbih-rezultati-naseg-rada-neka-budu-razlog-za-povjerenje\\\/#article\",\"isPartOf\":{\"@id\":\"https:\\\/\\\/tuzlainfo.ba\\\/index.php\\\/novosti\\\/item\\\/315001-halilagic-krenuo-u-utrku-za-parlament-fbih-rezultati-naseg-rada-neka-budu-razlog-za-povjerenje\\\/\"},\"author\":{\"name\":\"nedim\",\"@id\":\"https:\\\/\\\/tuzlainfo.ba\\\/#\\\/schema\\\/person\\\/f434e20dc27ea133923aab08451b7f7f\"},\"headline\":\"Halilagi\u0107 krenuo u utrku za Parlament FBiH: \u201eRezultati na\u0161eg rada neka budu razlog za povjerenje\u201c\",\"datePublished\":\"2026-09-04T19:41:07+00:00\",\"mainEntityOfPage\":{\"@id\":\"https:\\\/\\\/tuzlainfo.ba\\\/index.php\\\/novosti\\\/item\\\/315001-halilagic-krenuo-u-utrku-za-parlament-fbih-rezultati-naseg-rada-neka-budu-razlog-za-povjerenje\\\/\"},\"wordCount\":588,\"publisher\":{\"@id\":\"https:\\\/\\\/tuzlainfo.ba\\\/#organization\"},\"image\":{\"@id\":\"https:\\\/\\\/tuzlainfo.ba\\\/index.php\\\/novosti\\\/item\\\/315001-halilagic-krenuo-u-utrku-za-parlament-fbih-rezultati-naseg-rada-neka-budu-razlog-za-povjerenje\\\/#primaryimage\"},\"thumbnailUrl\":\"https:\\\/\\\/tuzlainfo.ba\\\/wp-content\\\/uploads\\\/2026\\\/04\\\/irfan-halilagic_premijer-2.jpg\",\"keywords\":[\"irfan halilagic\",\"izbori\"],\"articleSection\":[\"Istaknuto\",\"Izbori\",\"Novosti\"],\"inLanguage\":\"bs-BA\",\"copyrightYear\":\"2026\",\"copyrightHolder\":{\"@id\":\"https:\\\/\\\/tuzlainfo.ba\\\/#organization\"}},{\"@type\":\"WebPage\",\"@id\":\"https:\\\/\\\/tuzlainfo.ba\\\/index.php\\\/novosti\\\/item\\\/315001-halilagic-krenuo-u-utrku-za-parlament-fbih-rezultati-naseg-rada-neka-budu-razlog-za-povjerenje\\\/\",\"url\":\"https:\\\/\\\/tuzlainfo.ba\\\/index.php\\\/novosti\\\/item\\\/315001-halilagic-krenuo-u-utrku-za-parlament-fbih-rezultati-naseg-rada-neka-budu-razlog-za-povjerenje\\\/\",\"name\":\"Halilagi\u0107 krenuo u utrku za Parlament FBiH: \u201eRezultati na\u0161eg rada neka budu razlog za povjerenje\u201c\",\"isPartOf\":{\"@id\":\"https:\\\/\\\/tuzlainfo.ba\\\/#website\"},\"primaryImageOfPage\":{\"@id\":\"https:\\\/\\\/tuzlainfo.ba\\\/index.php\\\/novosti\\\/item\\\/315001-halilagic-krenuo-u-utrku-za-parlament-fbih-rezultati-naseg-rada-neka-budu-razlog-za-povjerenje\\\/#primaryimage\"},\"image\":{\"@id\":\"https:\\\/\\\/tuzlainfo.ba\\\/index.php\\\/novosti\\\/item\\\/315001-halilagic-krenuo-u-utrku-za-parlament-fbih-rezultati-naseg-rada-neka-budu-razlog-za-povjerenje\\\/#primaryimage\"},\"thumbnailUrl\":\"https:\\\/\\\/tuzlainfo.ba\\\/wp-content\\\/uploads\\\/2026\\\/04\\\/irfan-halilagic_premijer-2.jpg\",\"datePublished\":\"2026-09-04T19:41:07+00:00\",\"breadcrumb\":{\"@id\":\"https:\\\/\\\/tuzlainfo.ba\\\/index.php\\\/novosti\\\/item\\\/315001-halilagic-krenuo-u-utrku-za-parlament-fbih-rezultati-naseg-rada-neka-budu-razlog-za-povjerenje\\\/#breadcrumb\"},\"inLanguage\":\"bs-BA\",\"potentialAction\":[{\"@type\":\"ReadAction\",\"target\":[\"https:\\\/\\\/tuzlainfo.ba\\\/index.php\\\/novosti\\\/item\\\/315001-halilagic-krenuo-u-utrku-za-parlament-fbih-rezultati-naseg-rada-neka-budu-razlog-za-povjerenje\\\/\"]}]},{\"@type\":\"ImageObject\",\"inLanguage\":\"bs-BA\",\"@id\":\"https:\\\/\\\/tuzlainfo.ba\\\/index.php\\\/novosti\\\/item\\\/315001-halilagic-krenuo-u-utrku-za-parlament-fbih-rezultati-naseg-rada-neka-budu-razlog-za-povjerenje\\\/#primaryimage\",\"url\":\"https:\\\/\\\/tuzlainfo.ba\\\/wp-content\\\/uploads\\\/2026\\\/04\\\/irfan-halilagic_premijer-2.jpg\",\"contentUrl\":\"https:\\\/\\\/tuzlainfo.ba\\\/wp-content\\\/uploads\\\/2026\\\/04\\\/irfan-halilagic_premijer-2.jpg\",\"width\":1600,\"height\":1142},{\"@type\":\"BreadcrumbList\",\"@id\":\"https:\\\/\\\/tuzlainfo.ba\\\/index.php\\\/novosti\\\/item\\\/315001-halilagic-krenuo-u-utrku-za-parlament-fbih-rezultati-naseg-rada-neka-budu-razlog-za-povjerenje\\\/#breadcrumb\",\"itemListElement\":[{\"@type\":\"ListItem\",\"position\":1,\"name\":\"Home\",\"item\":\"https:\\\/\\\/tuzlainfo.ba\\\/\"},{\"@type\":\"ListItem\",\"position\":2,\"name\":\"Halilagi\u0107 krenuo u utrku za Parlament FBiH: \u201eRezultati na\u0161eg rada neka budu razlog za povjerenje\u201c\"}]},{\"@type\":\"WebSite\",\"@id\":\"https:\\\/\\\/tuzlainfo.ba\\\/#website\",\"url\":\"https:\\\/\\\/tuzlainfo.ba\\\/\",\"name\":\"TuzlaInfo.ba\",\"description\":\"Tuzla info, gradski informator - Tuzla na dlanu\",\"publisher\":{\"@id\":\"https:\\\/\\\/tuzlainfo.ba\\\/#organization\"},\"potentialAction\":[{\"@type\":\"SearchAction\",\"target\":{\"@type\":\"EntryPoint\",\"urlTemplate\":\"https:\\\/\\\/tuzlainfo.ba\\\/?s={search_term_string}\"},\"query-input\":{\"@type\":\"PropertyValueSpecification\",\"valueRequired\":true,\"valueName\":\"search_term_string\"}}],\"inLanguage\":\"bs-BA\"},{\"@type\":\"Organization\",\"@id\":\"https:\\\/\\\/tuzlainfo.ba\\\/#organization\",\"name\":\"TuzlaInfo.ba\",\"url\":\"https:\\\/\\\/tuzlainfo.ba\\\/\",\"logo\":{\"@type\":\"ImageObject\",\"inLanguage\":\"bs-BA\",\"@id\":\"https:\\\/\\\/tuzlainfo.ba\\\/#\\\/schema\\\/logo\\\/image\\\/\",\"url\":\"https:\\\/\\\/tuzlainfo.ba\\\/wp-content\\\/uploads\\\/2021\\\/03\\\/logo-ver-3-1.png\",\"contentUrl\":\"https:\\\/\\\/tuzlainfo.ba\\\/wp-content\\\/uploads\\\/2021\\\/03\\\/logo-ver-3-1.png\",\"width\":350,\"height\":95,\"caption\":\"TuzlaInfo.ba\"},\"image\":{\"@id\":\"https:\\\/\\\/tuzlainfo.ba\\\/#\\\/schema\\\/logo\\\/image\\\/\"},\"sameAs\":[\"https:\\\/\\\/www.facebook.com\\\/tuzlainfo.ba\\\/\"]},{\"@type\":\"Person\",\"@id\":\"https:\\\/\\\/tuzlainfo.ba\\\/#\\\/schema\\\/person\\\/f434e20dc27ea133923aab08451b7f7f\",\"name\":\"nedim\",\"image\":{\"@type\":\"ImageObject\",\"inLanguage\":\"bs-BA\",\"@id\":\"https:\\\/\\\/secure.gravatar.com\\\/avatar\\\/5b928a2e7e70a54208d2eb6c1edcb75a5350d6ae97d5f0a701203d456823f6f3?s=96&d=mm&r=g\",\"url\":\"https:\\\/\\\/secure.gravatar.com\\\/avatar\\\/5b928a2e7e70a54208d2eb6c1edcb75a5350d6ae97d5f0a701203d456823f6f3?s=96&d=mm&r=g\",\"contentUrl\":\"https:\\\/\\\/secure.gravatar.com\\\/avatar\\\/5b928a2e7e70a54208d2eb6c1edcb75a5350d6ae97d5f0a701203d456823f6f3?s=96&d=mm&r=g\",\"caption\":\"nedim\"},\"description\":\"Tuzlainfo.ba pratite na dru\u0161tvenim mre\u017eama: Facebook, Instagram i Youtube. Svoje pri\u010de, upite i fotografije \u0161aljite na na\u0161u e-mail adresu.\"}]}<\/script>\n<!-- \/ Yoast SEO plugin. -->","yoast_head_json":{"title":"Halilagi\u0107 krenuo u utrku za Parlament FBiH: \u201eRezultati na\u0161eg rada neka budu razlog za povjerenje\u201c","robots":{"index":"index","follow":"follow","max-snippet":"max-snippet:-1","max-image-preview":"max-image-preview:large","max-video-preview":"max-video-preview:-1"},"canonical":"https:\/\/tuzlainfo.ba\/index.php\/novosti\/item\/315001-halilagic-krenuo-u-utrku-za-parlament-fbih-rezultati-naseg-rada-neka-budu-razlog-za-povjerenje\/","og_locale":"bs_BA","og_type":"article","og_title":"Halilagi\u0107 krenuo u utrku za Parlament FBiH: \u201eRezultati na\u0161eg rada neka budu razlog za povjerenje\u201c","og_description":"Premijer Tuzlanskog kantona Irfan Halilagi\u0107 oglasio se povodom po\u010detka kampanje za Op\u0107e izbore 2026. godine, potvrdiv\u0161i da je nosilac liste SDA za Predstavni\u010dki dom Parlamenta Federacije BiH u Izbornoj jedinici 403. Halilagi\u0107 je naveo da nakon \u010detiri i po godine provedene na \u010delu Vlade Tuzlanskog kantona pred njim slijede novi politi\u010dki izazovi, prilike i isku\u0161enja. [&hellip;]","og_url":"https:\/\/tuzlainfo.ba\/index.php\/novosti\/item\/315001-halilagic-krenuo-u-utrku-za-parlament-fbih-rezultati-naseg-rada-neka-budu-razlog-za-povjerenje\/","og_site_name":"TuzlaInfo.ba","article_publisher":"https:\/\/www.facebook.com\/tuzlainfo.ba\/","article_published_time":"2026-09-04T19:41:07+00:00","og_image":[{"width":1600,"height":1142,"url":"https:\/\/tuzlainfo.ba\/wp-content\/uploads\/2026\/04\/irfan-halilagic_premijer-2.jpg","type":"image\/jpeg"}],"author":"nedim","twitter_card":"summary_large_image","twitter_misc":{"Written by":"nedim","Est. reading time":"4 minute"},"schema":{"@context":"https:\/\/schema.org","@graph":[{"@type":"Article","@id":"https:\/\/tuzlainfo.ba\/index.php\/novosti\/item\/315001-halilagic-krenuo-u-utrku-za-parlament-fbih-rezultati-naseg-rada-neka-budu-razlog-za-povjerenje\/#article","isPartOf":{"@id":"https:\/\/tuzlainfo.ba\/index.php\/novosti\/item\/315001-halilagic-krenuo-u-utrku-za-parlament-fbih-rezultati-naseg-rada-neka-budu-razlog-za-povjerenje\/"},"author":{"name":"nedim","@id":"https:\/\/tuzlainfo.ba\/#\/schema\/person\/f434e20dc27ea133923aab08451b7f7f"},"headline":"Halilagi\u0107 krenuo u utrku za Parlament FBiH: \u201eRezultati na\u0161eg rada neka budu razlog za povjerenje\u201c","datePublished":"2026-09-04T19:41:07+00:00","mainEntityOfPage":{"@id":"https:\/\/tuzlainfo.ba\/index.php\/novosti\/item\/315001-halilagic-krenuo-u-utrku-za-parlament-fbih-rezultati-naseg-rada-neka-budu-razlog-za-povjerenje\/"},"wordCount":588,"publisher":{"@id":"https:\/\/tuzlainfo.ba\/#organization"},"image":{"@id":"https:\/\/tuzlainfo.ba\/index.php\/novosti\/item\/315001-halilagic-krenuo-u-utrku-za-parlament-fbih-rezultati-naseg-rada-neka-budu-razlog-za-povjerenje\/#primaryimage"},"thumbnailUrl":"https:\/\/tuzlainfo.ba\/wp-content\/uploads\/2026\/04\/irfan-halilagic_premijer-2.jpg","keywords":["irfan halilagic","izbori"],"articleSection":["Istaknuto","Izbori","Novosti"],"inLanguage":"bs-BA","copyrightYear":"2026","copyrightHolder":{"@id":"https:\/\/tuzlainfo.ba\/#organization"}},{"@type":"WebPage","@id":"https:\/\/tuzlainfo.ba\/index.php\/novosti\/item\/315001-halilagic-krenuo-u-utrku-za-parlament-fbih-rezultati-naseg-rada-neka-budu-razlog-za-povjerenje\/","url":"https:\/\/tuzlainfo.ba\/index.php\/novosti\/item\/315001-halilagic-krenuo-u-utrku-za-parlament-fbih-rezultati-naseg-rada-neka-budu-razlog-za-povjerenje\/","name":"Halilagi\u0107 krenuo u utrku za Parlament FBiH: \u201eRezultati na\u0161eg rada neka budu razlog za povjerenje\u201c","isPartOf":{"@id":"https:\/\/tuzlainfo.ba\/#website"},"primaryImageOfPage":{"@id":"https:\/\/tuzlainfo.ba\/index.php\/novosti\/item\/315001-halilagic-krenuo-u-utrku-za-parlament-fbih-rezultati-naseg-rada-neka-budu-razlog-za-povjerenje\/#primaryimage"},"image":{"@id":"https:\/\/tuzlainfo.ba\/index.php\/novosti\/item\/315001-halilagic-krenuo-u-utrku-za-parlament-fbih-rezultati-naseg-rada-neka-budu-razlog-za-povjerenje\/#primaryimage"},"thumbnailUrl":"https:\/\/tuzlainfo.ba\/wp-content\/uploads\/2026\/04\/irfan-halilagic_premijer-2.jpg","datePublished":"2026-09-04T19:41:07+00:00","breadcrumb":{"@id":"https:\/\/tuzlainfo.ba\/index.php\/novosti\/item\/315001-halilagic-krenuo-u-utrku-za-parlament-fbih-rezultati-naseg-rada-neka-budu-razlog-za-povjerenje\/#breadcrumb"},"inLanguage":"bs-BA","potentialAction":[{"@type":"ReadAction","target":["https:\/\/tuzlainfo.ba\/index.php\/novosti\/item\/315001-halilagic-krenuo-u-utrku-za-parlament-fbih-rezultati-naseg-rada-neka-budu-razlog-za-povjerenje\/"]}]},{"@type":"ImageObject","inLanguage":"bs-BA","@id":"https:\/\/tuzlainfo.ba\/index.php\/novosti\/item\/315001-halilagic-krenuo-u-utrku-za-parlament-fbih-rezultati-naseg-rada-neka-budu-razlog-za-povjerenje\/#primaryimage","url":"https:\/\/tuzlainfo.ba\/wp-content\/uploads\/2026\/04\/irfan-halilagic_premijer-2.jpg","contentUrl":"https:\/\/tuzlainfo.ba\/wp-content\/uploads\/2026\/04\/irfan-halilagic_premijer-2.jpg","width":1600,"height":1142},{"@type":"BreadcrumbList","@id":"https:\/\/tuzlainfo.ba\/index.php\/novosti\/item\/315001-halilagic-krenuo-u-utrku-za-parlament-fbih-rezultati-naseg-rada-neka-budu-razlog-za-povjerenje\/#breadcrumb","itemListElement":[{"@type":"ListItem","position":1,"name":"Home","item":"https:\/\/tuzlainfo.ba\/"},{"@type":"ListItem","position":2,"name":"Halilagi\u0107 krenuo u utrku za Parlament FBiH: \u201eRezultati na\u0161eg rada neka budu razlog za povjerenje\u201c"}]},{"@type":"WebSite","@id":"https:\/\/tuzlainfo.ba\/#website","url":"https:\/\/tuzlainfo.ba\/","name":"TuzlaInfo.ba","description":"Tuzla info, gradski informator - Tuzla na dlanu","publisher":{"@id":"https:\/\/tuzlainfo.ba\/#organization"},"potentialAction":[{"@type":"SearchAction","target":{"@type":"EntryPoint","urlTemplate":"https:\/\/tuzlainfo.ba\/?s={search_term_string}"},"query-input":{"@type":"PropertyValueSpecification","valueRequired":true,"valueName":"search_term_string"}}],"inLanguage":"bs-BA"},{"@type":"Organization","@id":"https:\/\/tuzlainfo.ba\/#organization","name":"TuzlaInfo.ba","url":"https:\/\/tuzlainfo.ba\/","logo":{"@type":"ImageObject","inLanguage":"bs-BA","@id":"https:\/\/tuzlainfo.ba\/#\/schema\/logo\/image\/","url":"https:\/\/tuzlainfo.ba\/wp-content\/uploads\/2021\/03\/logo-ver-3-1.png","contentUrl":"https:\/\/tuzlainfo.ba\/wp-content\/uploads\/2021\/03\/logo-ver-3-1.png","width":350,"height":95,"caption":"TuzlaInfo.ba"},"image":{"@id":"https:\/\/tuzlainfo.ba\/#\/schema\/logo\/image\/"},"sameAs":["https:\/\/www.facebook.com\/tuzlainfo.ba\/"]},{"@type":"Person","@id":"https:\/\/tuzlainfo.ba\/#\/schema\/person\/f434e20dc27ea133923aab08451b7f7f","name":"nedim","image":{"@type":"ImageObject","inLanguage":"bs-BA","@id":"https:\/\/secure.gravatar.com\/avatar\/5b928a2e7e70a54208d2eb6c1edcb75a5350d6ae97d5f0a701203d456823f6f3?s=96&d=mm&r=g","url":"https:\/\/secure.gravatar.com\/avatar\/5b928a2e7e70a54208d2eb6c1edcb75a5350d6ae97d5f0a701203d456823f6f3?s=96&d=mm&r=g","contentUrl":"https:\/\/secure.gravatar.com\/avatar\/5b928a2e7e70a54208d2eb6c1edcb75a5350d6ae97d5f0a701203d456823f6f3?s=96&d=mm&r=g","caption":"nedim"},"description":"Tuzlainfo.ba pratite na dru\u0161tvenim mre\u017eama: Facebook, Instagram i Youtube. Svoje pri\u010de, upite i fotografije \u0161aljite na na\u0161u e-mail adresu."}]}},"_links":{"self":[{"href":"https:\/\/tuzlainfo.ba\/index.php\/wp-json\/wp\/v2\/posts\/315001","targetHints":{"allow":["GET"]}}],"collection":[{"href":"https:\/\/tuzlainfo.ba\/index.php\/wp-json\/wp\/v2\/posts"}],"about":[{"href":"https:\/\/tuzlainfo.ba\/index.php\/wp-json\/wp\/v2\/types\/post"}],"author":[{"embeddable":true,"href":"https:\/\/tuzlainfo.ba\/index.php\/wp-json\/wp\/v2\/users\/2"}],"replies":[{"embeddable":true,"href":"https:\/\/tuzlainfo.ba\/index.php\/wp-json\/wp\/v2\/comments?post=315001"}],"version-history":[{"count":1,"href":"https:\/\/tuzlainfo.ba\/index.php\/wp-json\/wp\/v2\/posts\/315001\/revisions"}],"predecessor-version":[{"id":315003,"href":"https:\/\/tuzlainfo.ba\/index.php\/wp-json\/wp\/v2\/posts\/315001\/revisions\/315003"}],"wp:featuredmedia":[{"embeddable":true,"href":"https:\/\/tuzlainfo.ba\/index.php\/wp-json\/wp\/v2\/media\/299874"}],"wp:attachment":[{"href":"https:\/\/tuzlainfo.ba\/index.php\/wp-json\/wp\/v2\/media?parent=315001"}],"wp:term":[{"taxonomy":"category","embeddable":true,"href":"https:\/\/tuzlainfo.ba\/index.php\/wp-json\/wp\/v2\/categories?post=315001"},{"taxonomy":"post_tag","embeddable":true,"href":"https:\/\/tuzlainfo.ba\/index.php\/wp-json\/wp\/v2\/tags?post=315001"}],"curies":[{"name":"wp","href":"https:\/\/api.w.org\/{rel}","templated":true}]}}