{"id":314999,"date":"2026-09-04T21:30:59","date_gmt":"2026-09-04T19:30:59","guid":{"rendered":"https:\/\/tuzlainfo.ba\/?p=314999"},"modified":"2026-09-04T21:30:59","modified_gmt":"2026-09-04T19:30:59","slug":"grad-tuzla-upozorio-politicke-stranke-za-nepropisno-postavljanje-plakata-kazne-do-10-000-km","status":"publish","type":"post","link":"https:\/\/tuzlainfo.ba\/index.php\/novosti\/item\/314999-grad-tuzla-upozorio-politicke-stranke-za-nepropisno-postavljanje-plakata-kazne-do-10-000-km\/","title":{"rendered":"Grad Tuzla upozorio politi\u010dke stranke: Za nepropisno postavljanje plakata kazne do 10.000 KM"},"content":{"rendered":"<p class=\"PDq2pG_selectionAnchorContainer\" data-start=\"87\" data-end=\"317\">Povodom po\u010detka predizborne kampanje za Op\u0107e izbore 2026. godine, nadle\u017ene slu\u017ebe Grada Tuzle upozorile su politi\u010dke subjekte da se izborni plakati i drugi promotivni materijali mogu postavljati samo na za to dozvoljenim mjestima.<\/p>\n<p data-start=\"319\" data-end=\"612\">Prema Odluci o komunalnom redu, plakati, oglasi i sli\u010dne objave mogu se postavljati na oglasnim plo\u010dama, oglasnim stubovima i u oglasnim ormari\u0107ima. Izuzetno ih je mogu\u0107e postaviti i na privremenim ogradama gradili\u0161ta, ali isklju\u010divo uz saglasnost gradske slu\u017ebe nadle\u017ene za komunalne poslove.<\/p>\n<p data-start=\"614\" data-end=\"911\">Saglasnost je potrebno zatra\u017eiti najkasnije 48 sati prije postavljanja plakata. Uz zahtjev se dostavljaju primjerak plakata i podatak o ukupnom broju plakata koji \u0107e biti postavljeni. Nadle\u017ena slu\u017eba odre\u0111uje i naknadu za postavljanje i uklanjanje, kao i rok u kojem plakati moraju biti uklonjeni.<\/p>\n<p data-start=\"913\" data-end=\"1212\">Posebno je nagla\u0161eno da je zabranjeno postavljanje predizbornih plakata na fasadama, stalnim ogradama, potpornim zidovima, rasvjetnim stubovima, stubovima saobra\u0107ajne signalizacije, energetskim i drugim postrojenjima te sli\u010dnim objektima. Bez odobrenja nije dozvoljeno ni postavljanje na trotoarima.<\/p>\n<p data-start=\"1214\" data-end=\"1435\">Plakate postavljene mimo dozvoljenih mjesta uklonit \u0107e nadle\u017ena gradska slu\u017eba o tro\u0161ku fizi\u010dkog ili pravnog lica koje ih je postavilo. Tako\u0111er, uredno postavljene plakate zabranjeno je prljati, o\u0161te\u0107ivati ili uni\u0161tavati.<\/p>\n<p data-start=\"1437\" data-end=\"1620\">Za kr\u0161enje ovih odredbi predvi\u0111ene su nov\u010dane kazne od <strong data-start=\"1492\" data-end=\"1619\">50 do 500 KM za fizi\u010dka lica, od 1.000 do 10.000 KM za pravna lica te od 200 do 1.000 KM za odgovorna lica u pravnim licima<\/strong>.<\/p>\n<p data-start=\"1622\" data-end=\"1801\">Kontrolu postavljanja izbornih plakata tokom kampanje vr\u0161it \u0107e Slu\u017eba za inspekcijske poslove Grada Tuzle, koja je politi\u010dke subjekte pozvala da se pridr\u017eavaju propisanih pravila.<\/p>\n","protected":false},"excerpt":{"rendered":"<p>Povodom po\u010detka predizborne kampanje za Op\u0107e izbore 2026. godine, nadle\u017ene slu\u017ebe Grada Tuzle upozorile su politi\u010dke subjekte da se izborni plakati i drugi promotivni materijali mogu postavljati samo na za to dozvoljenim mjestima. Prema Odluci o komunalnom redu, plakati, oglasi i sli\u010dne objave mogu se postavljati na oglasnim plo\u010dama, oglasnim stubovima i u oglasnim ormari\u0107ima. [&hellip;]<\/p>\n","protected":false},"author":2,"featured_media":74890,"comment_status":"closed","ping_status":"closed","sticky":false,"template":"","format":"standard","meta":{"footnotes":""},"categories":[304,15,12],"tags":[331,475],"class_list":["post-314999","post","type-post","status-publish","format-standard","has-post-thumbnail","hentry","category-istaknuto","category-izbori-clanci","category-novosti","tag-grad-tuzla","tag-izbori"],"yoast_head":"<!-- This site is optimized with the Yoast SEO plugin v28.4 - https:\/\/yoast.com\/product\/yoast-seo-wordpress\/ -->\n<title>Grad Tuzla upozorio politi\u010dke stranke: Za nepropisno postavljanje plakata kazne do 10.000 KM<\/title>\n<meta name=\"robots\" content=\"index, follow, max-snippet:-1, max-image-preview:large, max-video-preview:-1\" \/>\n<link rel=\"canonical\" href=\"https:\/\/tuzlainfo.ba\/index.php\/novosti\/item\/314999-grad-tuzla-upozorio-politicke-stranke-za-nepropisno-postavljanje-plakata-kazne-do-10-000-km\/\" \/>\n<meta property=\"og:locale\" content=\"bs_BA\" \/>\n<meta property=\"og:type\" content=\"article\" \/>\n<meta property=\"og:title\" content=\"Grad Tuzla upozorio politi\u010dke stranke: Za nepropisno postavljanje plakata kazne do 10.000 KM\" \/>\n<meta property=\"og:description\" content=\"Povodom po\u010detka predizborne kampanje za Op\u0107e izbore 2026. godine, nadle\u017ene slu\u017ebe Grada Tuzle upozorile su politi\u010dke subjekte da se izborni plakati i drugi promotivni materijali mogu postavljati samo na za to dozvoljenim mjestima. Prema Odluci o komunalnom redu, plakati, oglasi i sli\u010dne objave mogu se postavljati na oglasnim plo\u010dama, oglasnim stubovima i u oglasnim ormari\u0107ima. [&hellip;]\" \/>\n<meta property=\"og:url\" content=\"https:\/\/tuzlainfo.ba\/index.php\/novosti\/item\/314999-grad-tuzla-upozorio-politicke-stranke-za-nepropisno-postavljanje-plakata-kazne-do-10-000-km\/\" \/>\n<meta property=\"og:site_name\" content=\"TuzlaInfo.ba\" \/>\n<meta property=\"article:publisher\" content=\"https:\/\/www.facebook.com\/tuzlainfo.ba\/\" \/>\n<meta property=\"article:published_time\" content=\"2026-09-04T19:30:59+00:00\" \/>\n<meta property=\"og:image\" content=\"https:\/\/tuzlainfo.ba\/wp-content\/uploads\/2019\/11\/sadrzaj_2018_2018_01_Tuzla_1811_korzo_sbalkona.jpg\" \/>\n\t<meta property=\"og:image:width\" content=\"770\" \/>\n\t<meta property=\"og:image:height\" content=\"433\" \/>\n\t<meta property=\"og:image:type\" content=\"image\/jpeg\" \/>\n<meta name=\"author\" content=\"nedim\" \/>\n<meta name=\"twitter:card\" content=\"summary_large_image\" \/>\n<meta name=\"twitter:label1\" content=\"Written by\" \/>\n\t<meta name=\"twitter:data1\" content=\"nedim\" \/>\n\t<meta name=\"twitter:label2\" content=\"Est. reading time\" \/>\n\t<meta name=\"twitter:data2\" content=\"2 minute\" \/>\n<script type=\"application\/ld+json\" class=\"yoast-schema-graph\">{\"@context\":\"https:\\\/\\\/schema.org\",\"@graph\":[{\"@type\":\"Article\",\"@id\":\"https:\\\/\\\/tuzlainfo.ba\\\/index.php\\\/novosti\\\/item\\\/314999-grad-tuzla-upozorio-politicke-stranke-za-nepropisno-postavljanje-plakata-kazne-do-10-000-km\\\/#article\",\"isPartOf\":{\"@id\":\"https:\\\/\\\/tuzlainfo.ba\\\/index.php\\\/novosti\\\/item\\\/314999-grad-tuzla-upozorio-politicke-stranke-za-nepropisno-postavljanje-plakata-kazne-do-10-000-km\\\/\"},\"author\":{\"name\":\"nedim\",\"@id\":\"https:\\\/\\\/tuzlainfo.ba\\\/#\\\/schema\\\/person\\\/f434e20dc27ea133923aab08451b7f7f\"},\"headline\":\"Grad Tuzla upozorio politi\u010dke stranke: Za nepropisno postavljanje plakata kazne do 10.000 KM\",\"datePublished\":\"2026-09-04T19:30:59+00:00\",\"mainEntityOfPage\":{\"@id\":\"https:\\\/\\\/tuzlainfo.ba\\\/index.php\\\/novosti\\\/item\\\/314999-grad-tuzla-upozorio-politicke-stranke-za-nepropisno-postavljanje-plakata-kazne-do-10-000-km\\\/\"},\"wordCount\":285,\"publisher\":{\"@id\":\"https:\\\/\\\/tuzlainfo.ba\\\/#organization\"},\"image\":{\"@id\":\"https:\\\/\\\/tuzlainfo.ba\\\/index.php\\\/novosti\\\/item\\\/314999-grad-tuzla-upozorio-politicke-stranke-za-nepropisno-postavljanje-plakata-kazne-do-10-000-km\\\/#primaryimage\"},\"thumbnailUrl\":\"https:\\\/\\\/tuzlainfo.ba\\\/wp-content\\\/uploads\\\/2019\\\/11\\\/sadrzaj_2018_2018_01_Tuzla_1811_korzo_sbalkona.jpg\",\"keywords\":[\"grad tuzla\",\"izbori\"],\"articleSection\":[\"Istaknuto\",\"Izbori\",\"Novosti\"],\"inLanguage\":\"bs-BA\",\"copyrightYear\":\"2026\",\"copyrightHolder\":{\"@id\":\"https:\\\/\\\/tuzlainfo.ba\\\/#organization\"}},{\"@type\":\"WebPage\",\"@id\":\"https:\\\/\\\/tuzlainfo.ba\\\/index.php\\\/novosti\\\/item\\\/314999-grad-tuzla-upozorio-politicke-stranke-za-nepropisno-postavljanje-plakata-kazne-do-10-000-km\\\/\",\"url\":\"https:\\\/\\\/tuzlainfo.ba\\\/index.php\\\/novosti\\\/item\\\/314999-grad-tuzla-upozorio-politicke-stranke-za-nepropisno-postavljanje-plakata-kazne-do-10-000-km\\\/\",\"name\":\"Grad Tuzla upozorio politi\u010dke stranke: Za nepropisno postavljanje plakata kazne do 10.000 KM\",\"isPartOf\":{\"@id\":\"https:\\\/\\\/tuzlainfo.ba\\\/#website\"},\"primaryImageOfPage\":{\"@id\":\"https:\\\/\\\/tuzlainfo.ba\\\/index.php\\\/novosti\\\/item\\\/314999-grad-tuzla-upozorio-politicke-stranke-za-nepropisno-postavljanje-plakata-kazne-do-10-000-km\\\/#primaryimage\"},\"image\":{\"@id\":\"https:\\\/\\\/tuzlainfo.ba\\\/index.php\\\/novosti\\\/item\\\/314999-grad-tuzla-upozorio-politicke-stranke-za-nepropisno-postavljanje-plakata-kazne-do-10-000-km\\\/#primaryimage\"},\"thumbnailUrl\":\"https:\\\/\\\/tuzlainfo.ba\\\/wp-content\\\/uploads\\\/2019\\\/11\\\/sadrzaj_2018_2018_01_Tuzla_1811_korzo_sbalkona.jpg\",\"datePublished\":\"2026-09-04T19:30:59+00:00\",\"breadcrumb\":{\"@id\":\"https:\\\/\\\/tuzlainfo.ba\\\/index.php\\\/novosti\\\/item\\\/314999-grad-tuzla-upozorio-politicke-stranke-za-nepropisno-postavljanje-plakata-kazne-do-10-000-km\\\/#breadcrumb\"},\"inLanguage\":\"bs-BA\",\"potentialAction\":[{\"@type\":\"ReadAction\",\"target\":[\"https:\\\/\\\/tuzlainfo.ba\\\/index.php\\\/novosti\\\/item\\\/314999-grad-tuzla-upozorio-politicke-stranke-za-nepropisno-postavljanje-plakata-kazne-do-10-000-km\\\/\"]}]},{\"@type\":\"ImageObject\",\"inLanguage\":\"bs-BA\",\"@id\":\"https:\\\/\\\/tuzlainfo.ba\\\/index.php\\\/novosti\\\/item\\\/314999-grad-tuzla-upozorio-politicke-stranke-za-nepropisno-postavljanje-plakata-kazne-do-10-000-km\\\/#primaryimage\",\"url\":\"https:\\\/\\\/tuzlainfo.ba\\\/wp-content\\\/uploads\\\/2019\\\/11\\\/sadrzaj_2018_2018_01_Tuzla_1811_korzo_sbalkona.jpg\",\"contentUrl\":\"https:\\\/\\\/tuzlainfo.ba\\\/wp-content\\\/uploads\\\/2019\\\/11\\\/sadrzaj_2018_2018_01_Tuzla_1811_korzo_sbalkona.jpg\",\"width\":770,\"height\":433,\"caption\":\"1811 korzo sbalkona\"},{\"@type\":\"BreadcrumbList\",\"@id\":\"https:\\\/\\\/tuzlainfo.ba\\\/index.php\\\/novosti\\\/item\\\/314999-grad-tuzla-upozorio-politicke-stranke-za-nepropisno-postavljanje-plakata-kazne-do-10-000-km\\\/#breadcrumb\",\"itemListElement\":[{\"@type\":\"ListItem\",\"position\":1,\"name\":\"Home\",\"item\":\"https:\\\/\\\/tuzlainfo.ba\\\/\"},{\"@type\":\"ListItem\",\"position\":2,\"name\":\"Grad Tuzla upozorio politi\u010dke stranke: Za nepropisno postavljanje plakata kazne do 10.000 KM\"}]},{\"@type\":\"WebSite\",\"@id\":\"https:\\\/\\\/tuzlainfo.ba\\\/#website\",\"url\":\"https:\\\/\\\/tuzlainfo.ba\\\/\",\"name\":\"TuzlaInfo.ba\",\"description\":\"Tuzla info, gradski informator - Tuzla na dlanu\",\"publisher\":{\"@id\":\"https:\\\/\\\/tuzlainfo.ba\\\/#organization\"},\"potentialAction\":[{\"@type\":\"SearchAction\",\"target\":{\"@type\":\"EntryPoint\",\"urlTemplate\":\"https:\\\/\\\/tuzlainfo.ba\\\/?s={search_term_string}\"},\"query-input\":{\"@type\":\"PropertyValueSpecification\",\"valueRequired\":true,\"valueName\":\"search_term_string\"}}],\"inLanguage\":\"bs-BA\"},{\"@type\":\"Organization\",\"@id\":\"https:\\\/\\\/tuzlainfo.ba\\\/#organization\",\"name\":\"TuzlaInfo.ba\",\"url\":\"https:\\\/\\\/tuzlainfo.ba\\\/\",\"logo\":{\"@type\":\"ImageObject\",\"inLanguage\":\"bs-BA\",\"@id\":\"https:\\\/\\\/tuzlainfo.ba\\\/#\\\/schema\\\/logo\\\/image\\\/\",\"url\":\"https:\\\/\\\/tuzlainfo.ba\\\/wp-content\\\/uploads\\\/2021\\\/03\\\/logo-ver-3-1.png\",\"contentUrl\":\"https:\\\/\\\/tuzlainfo.ba\\\/wp-content\\\/uploads\\\/2021\\\/03\\\/logo-ver-3-1.png\",\"width\":350,\"height\":95,\"caption\":\"TuzlaInfo.ba\"},\"image\":{\"@id\":\"https:\\\/\\\/tuzlainfo.ba\\\/#\\\/schema\\\/logo\\\/image\\\/\"},\"sameAs\":[\"https:\\\/\\\/www.facebook.com\\\/tuzlainfo.ba\\\/\"]},{\"@type\":\"Person\",\"@id\":\"https:\\\/\\\/tuzlainfo.ba\\\/#\\\/schema\\\/person\\\/f434e20dc27ea133923aab08451b7f7f\",\"name\":\"nedim\",\"image\":{\"@type\":\"ImageObject\",\"inLanguage\":\"bs-BA\",\"@id\":\"https:\\\/\\\/secure.gravatar.com\\\/avatar\\\/5b928a2e7e70a54208d2eb6c1edcb75a5350d6ae97d5f0a701203d456823f6f3?s=96&d=mm&r=g\",\"url\":\"https:\\\/\\\/secure.gravatar.com\\\/avatar\\\/5b928a2e7e70a54208d2eb6c1edcb75a5350d6ae97d5f0a701203d456823f6f3?s=96&d=mm&r=g\",\"contentUrl\":\"https:\\\/\\\/secure.gravatar.com\\\/avatar\\\/5b928a2e7e70a54208d2eb6c1edcb75a5350d6ae97d5f0a701203d456823f6f3?s=96&d=mm&r=g\",\"caption\":\"nedim\"},\"description\":\"Tuzlainfo.ba pratite na dru\u0161tvenim mre\u017eama: Facebook, Instagram i Youtube. Svoje pri\u010de, upite i fotografije \u0161aljite na na\u0161u e-mail adresu.\"}]}<\/script>\n<!-- \/ Yoast SEO plugin. -->","yoast_head_json":{"title":"Grad Tuzla upozorio politi\u010dke stranke: Za nepropisno postavljanje plakata kazne do 10.000 KM","robots":{"index":"index","follow":"follow","max-snippet":"max-snippet:-1","max-image-preview":"max-image-preview:large","max-video-preview":"max-video-preview:-1"},"canonical":"https:\/\/tuzlainfo.ba\/index.php\/novosti\/item\/314999-grad-tuzla-upozorio-politicke-stranke-za-nepropisno-postavljanje-plakata-kazne-do-10-000-km\/","og_locale":"bs_BA","og_type":"article","og_title":"Grad Tuzla upozorio politi\u010dke stranke: Za nepropisno postavljanje plakata kazne do 10.000 KM","og_description":"Povodom po\u010detka predizborne kampanje za Op\u0107e izbore 2026. godine, nadle\u017ene slu\u017ebe Grada Tuzle upozorile su politi\u010dke subjekte da se izborni plakati i drugi promotivni materijali mogu postavljati samo na za to dozvoljenim mjestima. Prema Odluci o komunalnom redu, plakati, oglasi i sli\u010dne objave mogu se postavljati na oglasnim plo\u010dama, oglasnim stubovima i u oglasnim ormari\u0107ima. [&hellip;]","og_url":"https:\/\/tuzlainfo.ba\/index.php\/novosti\/item\/314999-grad-tuzla-upozorio-politicke-stranke-za-nepropisno-postavljanje-plakata-kazne-do-10-000-km\/","og_site_name":"TuzlaInfo.ba","article_publisher":"https:\/\/www.facebook.com\/tuzlainfo.ba\/","article_published_time":"2026-09-04T19:30:59+00:00","og_image":[{"width":770,"height":433,"url":"https:\/\/tuzlainfo.ba\/wp-content\/uploads\/2019\/11\/sadrzaj_2018_2018_01_Tuzla_1811_korzo_sbalkona.jpg","type":"image\/jpeg"}],"author":"nedim","twitter_card":"summary_large_image","twitter_misc":{"Written by":"nedim","Est. reading time":"2 minute"},"schema":{"@context":"https:\/\/schema.org","@graph":[{"@type":"Article","@id":"https:\/\/tuzlainfo.ba\/index.php\/novosti\/item\/314999-grad-tuzla-upozorio-politicke-stranke-za-nepropisno-postavljanje-plakata-kazne-do-10-000-km\/#article","isPartOf":{"@id":"https:\/\/tuzlainfo.ba\/index.php\/novosti\/item\/314999-grad-tuzla-upozorio-politicke-stranke-za-nepropisno-postavljanje-plakata-kazne-do-10-000-km\/"},"author":{"name":"nedim","@id":"https:\/\/tuzlainfo.ba\/#\/schema\/person\/f434e20dc27ea133923aab08451b7f7f"},"headline":"Grad Tuzla upozorio politi\u010dke stranke: Za nepropisno postavljanje plakata kazne do 10.000 KM","datePublished":"2026-09-04T19:30:59+00:00","mainEntityOfPage":{"@id":"https:\/\/tuzlainfo.ba\/index.php\/novosti\/item\/314999-grad-tuzla-upozorio-politicke-stranke-za-nepropisno-postavljanje-plakata-kazne-do-10-000-km\/"},"wordCount":285,"publisher":{"@id":"https:\/\/tuzlainfo.ba\/#organization"},"image":{"@id":"https:\/\/tuzlainfo.ba\/index.php\/novosti\/item\/314999-grad-tuzla-upozorio-politicke-stranke-za-nepropisno-postavljanje-plakata-kazne-do-10-000-km\/#primaryimage"},"thumbnailUrl":"https:\/\/tuzlainfo.ba\/wp-content\/uploads\/2019\/11\/sadrzaj_2018_2018_01_Tuzla_1811_korzo_sbalkona.jpg","keywords":["grad tuzla","izbori"],"articleSection":["Istaknuto","Izbori","Novosti"],"inLanguage":"bs-BA","copyrightYear":"2026","copyrightHolder":{"@id":"https:\/\/tuzlainfo.ba\/#organization"}},{"@type":"WebPage","@id":"https:\/\/tuzlainfo.ba\/index.php\/novosti\/item\/314999-grad-tuzla-upozorio-politicke-stranke-za-nepropisno-postavljanje-plakata-kazne-do-10-000-km\/","url":"https:\/\/tuzlainfo.ba\/index.php\/novosti\/item\/314999-grad-tuzla-upozorio-politicke-stranke-za-nepropisno-postavljanje-plakata-kazne-do-10-000-km\/","name":"Grad Tuzla upozorio politi\u010dke stranke: Za nepropisno postavljanje plakata kazne do 10.000 KM","isPartOf":{"@id":"https:\/\/tuzlainfo.ba\/#website"},"primaryImageOfPage":{"@id":"https:\/\/tuzlainfo.ba\/index.php\/novosti\/item\/314999-grad-tuzla-upozorio-politicke-stranke-za-nepropisno-postavljanje-plakata-kazne-do-10-000-km\/#primaryimage"},"image":{"@id":"https:\/\/tuzlainfo.ba\/index.php\/novosti\/item\/314999-grad-tuzla-upozorio-politicke-stranke-za-nepropisno-postavljanje-plakata-kazne-do-10-000-km\/#primaryimage"},"thumbnailUrl":"https:\/\/tuzlainfo.ba\/wp-content\/uploads\/2019\/11\/sadrzaj_2018_2018_01_Tuzla_1811_korzo_sbalkona.jpg","datePublished":"2026-09-04T19:30:59+00:00","breadcrumb":{"@id":"https:\/\/tuzlainfo.ba\/index.php\/novosti\/item\/314999-grad-tuzla-upozorio-politicke-stranke-za-nepropisno-postavljanje-plakata-kazne-do-10-000-km\/#breadcrumb"},"inLanguage":"bs-BA","potentialAction":[{"@type":"ReadAction","target":["https:\/\/tuzlainfo.ba\/index.php\/novosti\/item\/314999-grad-tuzla-upozorio-politicke-stranke-za-nepropisno-postavljanje-plakata-kazne-do-10-000-km\/"]}]},{"@type":"ImageObject","inLanguage":"bs-BA","@id":"https:\/\/tuzlainfo.ba\/index.php\/novosti\/item\/314999-grad-tuzla-upozorio-politicke-stranke-za-nepropisno-postavljanje-plakata-kazne-do-10-000-km\/#primaryimage","url":"https:\/\/tuzlainfo.ba\/wp-content\/uploads\/2019\/11\/sadrzaj_2018_2018_01_Tuzla_1811_korzo_sbalkona.jpg","contentUrl":"https:\/\/tuzlainfo.ba\/wp-content\/uploads\/2019\/11\/sadrzaj_2018_2018_01_Tuzla_1811_korzo_sbalkona.jpg","width":770,"height":433,"caption":"1811 korzo sbalkona"},{"@type":"BreadcrumbList","@id":"https:\/\/tuzlainfo.ba\/index.php\/novosti\/item\/314999-grad-tuzla-upozorio-politicke-stranke-za-nepropisno-postavljanje-plakata-kazne-do-10-000-km\/#breadcrumb","itemListElement":[{"@type":"ListItem","position":1,"name":"Home","item":"https:\/\/tuzlainfo.ba\/"},{"@type":"ListItem","position":2,"name":"Grad Tuzla upozorio politi\u010dke stranke: Za nepropisno postavljanje plakata kazne do 10.000 KM"}]},{"@type":"WebSite","@id":"https:\/\/tuzlainfo.ba\/#website","url":"https:\/\/tuzlainfo.ba\/","name":"TuzlaInfo.ba","description":"Tuzla info, gradski informator - Tuzla na dlanu","publisher":{"@id":"https:\/\/tuzlainfo.ba\/#organization"},"potentialAction":[{"@type":"SearchAction","target":{"@type":"EntryPoint","urlTemplate":"https:\/\/tuzlainfo.ba\/?s={search_term_string}"},"query-input":{"@type":"PropertyValueSpecification","valueRequired":true,"valueName":"search_term_string"}}],"inLanguage":"bs-BA"},{"@type":"Organization","@id":"https:\/\/tuzlainfo.ba\/#organization","name":"TuzlaInfo.ba","url":"https:\/\/tuzlainfo.ba\/","logo":{"@type":"ImageObject","inLanguage":"bs-BA","@id":"https:\/\/tuzlainfo.ba\/#\/schema\/logo\/image\/","url":"https:\/\/tuzlainfo.ba\/wp-content\/uploads\/2021\/03\/logo-ver-3-1.png","contentUrl":"https:\/\/tuzlainfo.ba\/wp-content\/uploads\/2021\/03\/logo-ver-3-1.png","width":350,"height":95,"caption":"TuzlaInfo.ba"},"image":{"@id":"https:\/\/tuzlainfo.ba\/#\/schema\/logo\/image\/"},"sameAs":["https:\/\/www.facebook.com\/tuzlainfo.ba\/"]},{"@type":"Person","@id":"https:\/\/tuzlainfo.ba\/#\/schema\/person\/f434e20dc27ea133923aab08451b7f7f","name":"nedim","image":{"@type":"ImageObject","inLanguage":"bs-BA","@id":"https:\/\/secure.gravatar.com\/avatar\/5b928a2e7e70a54208d2eb6c1edcb75a5350d6ae97d5f0a701203d456823f6f3?s=96&d=mm&r=g","url":"https:\/\/secure.gravatar.com\/avatar\/5b928a2e7e70a54208d2eb6c1edcb75a5350d6ae97d5f0a701203d456823f6f3?s=96&d=mm&r=g","contentUrl":"https:\/\/secure.gravatar.com\/avatar\/5b928a2e7e70a54208d2eb6c1edcb75a5350d6ae97d5f0a701203d456823f6f3?s=96&d=mm&r=g","caption":"nedim"},"description":"Tuzlainfo.ba pratite na dru\u0161tvenim mre\u017eama: Facebook, Instagram i Youtube. Svoje pri\u010de, upite i fotografije \u0161aljite na na\u0161u e-mail adresu."}]}},"_links":{"self":[{"href":"https:\/\/tuzlainfo.ba\/index.php\/wp-json\/wp\/v2\/posts\/314999","targetHints":{"allow":["GET"]}}],"collection":[{"href":"https:\/\/tuzlainfo.ba\/index.php\/wp-json\/wp\/v2\/posts"}],"about":[{"href":"https:\/\/tuzlainfo.ba\/index.php\/wp-json\/wp\/v2\/types\/post"}],"author":[{"embeddable":true,"href":"https:\/\/tuzlainfo.ba\/index.php\/wp-json\/wp\/v2\/users\/2"}],"replies":[{"embeddable":true,"href":"https:\/\/tuzlainfo.ba\/index.php\/wp-json\/wp\/v2\/comments?post=314999"}],"version-history":[{"count":1,"href":"https:\/\/tuzlainfo.ba\/index.php\/wp-json\/wp\/v2\/posts\/314999\/revisions"}],"predecessor-version":[{"id":315000,"href":"https:\/\/tuzlainfo.ba\/index.php\/wp-json\/wp\/v2\/posts\/314999\/revisions\/315000"}],"wp:featuredmedia":[{"embeddable":true,"href":"https:\/\/tuzlainfo.ba\/index.php\/wp-json\/wp\/v2\/media\/74890"}],"wp:attachment":[{"href":"https:\/\/tuzlainfo.ba\/index.php\/wp-json\/wp\/v2\/media?parent=314999"}],"wp:term":[{"taxonomy":"category","embeddable":true,"href":"https:\/\/tuzlainfo.ba\/index.php\/wp-json\/wp\/v2\/categories?post=314999"},{"taxonomy":"post_tag","embeddable":true,"href":"https:\/\/tuzlainfo.ba\/index.php\/wp-json\/wp\/v2\/tags?post=314999"}],"curies":[{"name":"wp","href":"https:\/\/api.w.org\/{rel}","templated":true}]}}