{"id":314989,"date":"2026-09-04T19:29:23","date_gmt":"2026-09-04T17:29:23","guid":{"rendered":"https:\/\/tuzlainfo.ba\/?p=314989"},"modified":"2026-09-04T20:06:01","modified_gmt":"2026-09-04T18:06:01","slug":"nasa-stranka-na-trgu-slobode-u-tuzli-zvanicno-otvara-izbornu-kampanju","status":"publish","type":"post","link":"https:\/\/tuzlainfo.ba\/index.php\/istaknuto\/item\/314989-nasa-stranka-na-trgu-slobode-u-tuzli-zvanicno-otvara-izbornu-kampanju\/","title":{"rendered":"Na\u0161a stranka na Trgu slobode u Tuzli zvani\u010dno otvara izbornu kampanju"},"content":{"rendered":"<p class=\"PDq2pG_selectionAnchorContainer\" data-start=\"79\" data-end=\"238\">Na\u0161a stranka sutra, 5. septembra, na Trgu slobode u Tuzli zvani\u010dno \u0107e otvoriti kampanju za Op\u0107e izbore 2026. godine. Po\u010detak doga\u0111aja planiran je u 11.30 sati.<\/p>\n<p data-start=\"240\" data-end=\"475\">Prisutnima \u0107e se obratiti predsjednica Na\u0161e stranke Sabina \u0106udi\u0107, Amir Hasi\u010devi\u0107, Amra Nadarevi\u0107-Voden\u010darevi\u0107 i Mirsad \u010camd\u017ei\u0107, a najavljeno je i predstavljanje kandidata, klju\u010dnih poruka kampanje te programa za razli\u010dite nivoe vlasti.<\/p>\n<p data-start=\"477\" data-end=\"624\">Na\u0161a stranka na ovogodi\u0161njim izborima nastupa pod sloganom \u201e\u017divimo slobodno\u201c, a kampanju prati i istoimena pjesma snimljena posebno za ovu priliku.<\/p>\n<p data-start=\"626\" data-end=\"791\">Predstavljaju\u0107i slogan, \u0106udi\u0107 je ranije poru\u010dila da sloboda nije vrijednost koja se podrazumijeva, ve\u0107 ne\u0161to za \u0161ta se, kako je navela, potrebno kontinuirano boriti.<\/p>\n<p data-start=\"793\" data-end=\"1021\">\u201eDecenijama nas dijele na granicama, \u0161kolskim igrali\u0161tima, radnim mjestima, na stadionima. Pitaju jesi li na\u0161 ili njihov. Predugo nam govore koga i \u010dega da se pla\u0161imo. Pitaju nas ko smo, a ne pitaju kako smo\u201c, poru\u010dila je \u0106udi\u0107.<\/p>\n<p data-start=\"1023\" data-end=\"1208\">Kandidatima, \u010dlanovima i simpatizerima stranke uputila je poruku da kampanju vode kroz neposredne razgovore s gra\u0111anima, slu\u0161anje njihovih problema i predstavljanje konkretnih rje\u0161enja.<\/p>\n<p data-start=\"1210\" data-end=\"1369\">\u201ePrvo pokucajte na vrata kom\u0161ijama. Poslu\u0161ajte ih. Krenite od svoje ulice. Billboardi, letci, slike, ne mogu voditi razgovore. Ali mi mo\u017eemo\u201c, navela je \u0106udi\u0107.<\/p>\n<p data-start=\"1371\" data-end=\"1561\">Sutra\u0161nji doga\u0111aj u Tuzli bit \u0107e tako prva prilika da Na\u0161a stranka pred gra\u0111anima ovog podru\u010dja detaljnije predstavi svoje kandidate i politi\u010dke prioritete s kojima ulazi u izbornu kampanju.<\/p>\n<div class=\"elementor-element elementor-element-d29343f elementor-widget elementor-widget-theme-post-content\" data-id=\"d29343f\" data-element_type=\"widget\" data-e-type=\"widget\" data-widget_type=\"theme-post-content.default\">\n<p data-start=\"1358\" data-end=\"1568\"><span style=\"font-size: 8pt;\"><strong>Sadr\u017eaj je objavljen u okviru pla\u0107enog politi\u010dkog ogla\u0161avanja, u skladu s ugovorenim uslugama tokom izborne kampanje za Op\u0107e izbore 2026. godine.<\/strong><\/span><\/p>\n<\/div>\n","protected":false},"excerpt":{"rendered":"<p>Na\u0161a stranka sutra, 5. septembra, na Trgu slobode u Tuzli zvani\u010dno \u0107e otvoriti kampanju za Op\u0107e izbore 2026. godine. Po\u010detak doga\u0111aja planiran je u 11.30 sati. Prisutnima \u0107e se obratiti predsjednica Na\u0161e stranke Sabina \u0106udi\u0107, Amir Hasi\u010devi\u0107, Amra Nadarevi\u0107-Voden\u010darevi\u0107 i Mirsad \u010camd\u017ei\u0107, a najavljeno je i predstavljanje kandidata, klju\u010dnih poruka kampanje te programa za razli\u010dite [&hellip;]<\/p>\n","protected":false},"author":2,"featured_media":314990,"comment_status":"closed","ping_status":"closed","sticky":false,"template":"","format":"standard","meta":{"footnotes":""},"categories":[304,15],"tags":[475,989],"class_list":["post-314989","post","type-post","status-publish","format-standard","has-post-thumbnail","hentry","category-istaknuto","category-izbori-clanci","tag-izbori","tag-nasa-stranka"],"yoast_head":"<!-- This site is optimized with the Yoast SEO plugin v28.4 - https:\/\/yoast.com\/product\/yoast-seo-wordpress\/ -->\n<title>Na\u0161a stranka na Trgu slobode u Tuzli zvani\u010dno otvara izbornu kampanju<\/title>\n<meta name=\"robots\" content=\"index, follow, max-snippet:-1, max-image-preview:large, max-video-preview:-1\" \/>\n<link rel=\"canonical\" href=\"https:\/\/tuzlainfo.ba\/index.php\/istaknuto\/item\/314989-nasa-stranka-na-trgu-slobode-u-tuzli-zvanicno-otvara-izbornu-kampanju\/\" \/>\n<meta property=\"og:locale\" content=\"bs_BA\" \/>\n<meta property=\"og:type\" content=\"article\" \/>\n<meta property=\"og:title\" content=\"Na\u0161a stranka na Trgu slobode u Tuzli zvani\u010dno otvara izbornu kampanju\" \/>\n<meta property=\"og:description\" content=\"Na\u0161a stranka sutra, 5. septembra, na Trgu slobode u Tuzli zvani\u010dno \u0107e otvoriti kampanju za Op\u0107e izbore 2026. godine. Po\u010detak doga\u0111aja planiran je u 11.30 sati. Prisutnima \u0107e se obratiti predsjednica Na\u0161e stranke Sabina \u0106udi\u0107, Amir Hasi\u010devi\u0107, Amra Nadarevi\u0107-Voden\u010darevi\u0107 i Mirsad \u010camd\u017ei\u0107, a najavljeno je i predstavljanje kandidata, klju\u010dnih poruka kampanje te programa za razli\u010dite [&hellip;]\" \/>\n<meta property=\"og:url\" content=\"https:\/\/tuzlainfo.ba\/index.php\/istaknuto\/item\/314989-nasa-stranka-na-trgu-slobode-u-tuzli-zvanicno-otvara-izbornu-kampanju\/\" \/>\n<meta property=\"og:site_name\" content=\"TuzlaInfo.ba\" \/>\n<meta property=\"article:publisher\" content=\"https:\/\/www.facebook.com\/tuzlainfo.ba\/\" \/>\n<meta property=\"article:published_time\" content=\"2026-09-04T17:29:23+00:00\" \/>\n<meta property=\"article:modified_time\" content=\"2026-09-04T18:06:01+00:00\" \/>\n<meta property=\"og:image\" content=\"https:\/\/tuzlainfo.ba\/wp-content\/uploads\/2026\/09\/0409_zivimo_slobodno.jpg\" \/>\n\t<meta property=\"og:image:width\" content=\"905\" \/>\n\t<meta property=\"og:image:height\" content=\"613\" \/>\n\t<meta property=\"og:image:type\" content=\"image\/jpeg\" \/>\n<meta name=\"author\" content=\"nedim\" \/>\n<meta name=\"twitter:card\" content=\"summary_large_image\" \/>\n<meta name=\"twitter:label1\" content=\"Written by\" \/>\n\t<meta name=\"twitter:data1\" content=\"nedim\" \/>\n\t<meta name=\"twitter:label2\" content=\"Est. reading time\" \/>\n\t<meta name=\"twitter:data2\" content=\"2 minute\" \/>\n<script type=\"application\/ld+json\" class=\"yoast-schema-graph\">{\"@context\":\"https:\\\/\\\/schema.org\",\"@graph\":[{\"@type\":\"Article\",\"@id\":\"https:\\\/\\\/tuzlainfo.ba\\\/index.php\\\/istaknuto\\\/item\\\/314989-nasa-stranka-na-trgu-slobode-u-tuzli-zvanicno-otvara-izbornu-kampanju\\\/#article\",\"isPartOf\":{\"@id\":\"https:\\\/\\\/tuzlainfo.ba\\\/index.php\\\/istaknuto\\\/item\\\/314989-nasa-stranka-na-trgu-slobode-u-tuzli-zvanicno-otvara-izbornu-kampanju\\\/\"},\"author\":{\"name\":\"nedim\",\"@id\":\"https:\\\/\\\/tuzlainfo.ba\\\/#\\\/schema\\\/person\\\/f434e20dc27ea133923aab08451b7f7f\"},\"headline\":\"Na\u0161a stranka na Trgu slobode u Tuzli zvani\u010dno otvara izbornu kampanju\",\"datePublished\":\"2026-09-04T17:29:23+00:00\",\"dateModified\":\"2026-09-04T18:06:01+00:00\",\"mainEntityOfPage\":{\"@id\":\"https:\\\/\\\/tuzlainfo.ba\\\/index.php\\\/istaknuto\\\/item\\\/314989-nasa-stranka-na-trgu-slobode-u-tuzli-zvanicno-otvara-izbornu-kampanju\\\/\"},\"wordCount\":283,\"publisher\":{\"@id\":\"https:\\\/\\\/tuzlainfo.ba\\\/#organization\"},\"image\":{\"@id\":\"https:\\\/\\\/tuzlainfo.ba\\\/index.php\\\/istaknuto\\\/item\\\/314989-nasa-stranka-na-trgu-slobode-u-tuzli-zvanicno-otvara-izbornu-kampanju\\\/#primaryimage\"},\"thumbnailUrl\":\"https:\\\/\\\/tuzlainfo.ba\\\/wp-content\\\/uploads\\\/2026\\\/09\\\/0409_zivimo_slobodno.jpg\",\"keywords\":[\"izbori\",\"na\u0161a stranka\"],\"articleSection\":[\"Istaknuto\",\"Izbori\"],\"inLanguage\":\"bs-BA\",\"copyrightYear\":\"2026\",\"copyrightHolder\":{\"@id\":\"https:\\\/\\\/tuzlainfo.ba\\\/#organization\"}},{\"@type\":\"WebPage\",\"@id\":\"https:\\\/\\\/tuzlainfo.ba\\\/index.php\\\/istaknuto\\\/item\\\/314989-nasa-stranka-na-trgu-slobode-u-tuzli-zvanicno-otvara-izbornu-kampanju\\\/\",\"url\":\"https:\\\/\\\/tuzlainfo.ba\\\/index.php\\\/istaknuto\\\/item\\\/314989-nasa-stranka-na-trgu-slobode-u-tuzli-zvanicno-otvara-izbornu-kampanju\\\/\",\"name\":\"Na\u0161a stranka na Trgu slobode u Tuzli zvani\u010dno otvara izbornu kampanju\",\"isPartOf\":{\"@id\":\"https:\\\/\\\/tuzlainfo.ba\\\/#website\"},\"primaryImageOfPage\":{\"@id\":\"https:\\\/\\\/tuzlainfo.ba\\\/index.php\\\/istaknuto\\\/item\\\/314989-nasa-stranka-na-trgu-slobode-u-tuzli-zvanicno-otvara-izbornu-kampanju\\\/#primaryimage\"},\"image\":{\"@id\":\"https:\\\/\\\/tuzlainfo.ba\\\/index.php\\\/istaknuto\\\/item\\\/314989-nasa-stranka-na-trgu-slobode-u-tuzli-zvanicno-otvara-izbornu-kampanju\\\/#primaryimage\"},\"thumbnailUrl\":\"https:\\\/\\\/tuzlainfo.ba\\\/wp-content\\\/uploads\\\/2026\\\/09\\\/0409_zivimo_slobodno.jpg\",\"datePublished\":\"2026-09-04T17:29:23+00:00\",\"dateModified\":\"2026-09-04T18:06:01+00:00\",\"breadcrumb\":{\"@id\":\"https:\\\/\\\/tuzlainfo.ba\\\/index.php\\\/istaknuto\\\/item\\\/314989-nasa-stranka-na-trgu-slobode-u-tuzli-zvanicno-otvara-izbornu-kampanju\\\/#breadcrumb\"},\"inLanguage\":\"bs-BA\",\"potentialAction\":[{\"@type\":\"ReadAction\",\"target\":[\"https:\\\/\\\/tuzlainfo.ba\\\/index.php\\\/istaknuto\\\/item\\\/314989-nasa-stranka-na-trgu-slobode-u-tuzli-zvanicno-otvara-izbornu-kampanju\\\/\"]}]},{\"@type\":\"ImageObject\",\"inLanguage\":\"bs-BA\",\"@id\":\"https:\\\/\\\/tuzlainfo.ba\\\/index.php\\\/istaknuto\\\/item\\\/314989-nasa-stranka-na-trgu-slobode-u-tuzli-zvanicno-otvara-izbornu-kampanju\\\/#primaryimage\",\"url\":\"https:\\\/\\\/tuzlainfo.ba\\\/wp-content\\\/uploads\\\/2026\\\/09\\\/0409_zivimo_slobodno.jpg\",\"contentUrl\":\"https:\\\/\\\/tuzlainfo.ba\\\/wp-content\\\/uploads\\\/2026\\\/09\\\/0409_zivimo_slobodno.jpg\",\"width\":905,\"height\":613},{\"@type\":\"BreadcrumbList\",\"@id\":\"https:\\\/\\\/tuzlainfo.ba\\\/index.php\\\/istaknuto\\\/item\\\/314989-nasa-stranka-na-trgu-slobode-u-tuzli-zvanicno-otvara-izbornu-kampanju\\\/#breadcrumb\",\"itemListElement\":[{\"@type\":\"ListItem\",\"position\":1,\"name\":\"Home\",\"item\":\"https:\\\/\\\/tuzlainfo.ba\\\/\"},{\"@type\":\"ListItem\",\"position\":2,\"name\":\"Na\u0161a stranka na Trgu slobode u Tuzli zvani\u010dno otvara izbornu kampanju\"}]},{\"@type\":\"WebSite\",\"@id\":\"https:\\\/\\\/tuzlainfo.ba\\\/#website\",\"url\":\"https:\\\/\\\/tuzlainfo.ba\\\/\",\"name\":\"TuzlaInfo.ba\",\"description\":\"Tuzla info, gradski informator - Tuzla na dlanu\",\"publisher\":{\"@id\":\"https:\\\/\\\/tuzlainfo.ba\\\/#organization\"},\"potentialAction\":[{\"@type\":\"SearchAction\",\"target\":{\"@type\":\"EntryPoint\",\"urlTemplate\":\"https:\\\/\\\/tuzlainfo.ba\\\/?s={search_term_string}\"},\"query-input\":{\"@type\":\"PropertyValueSpecification\",\"valueRequired\":true,\"valueName\":\"search_term_string\"}}],\"inLanguage\":\"bs-BA\"},{\"@type\":\"Organization\",\"@id\":\"https:\\\/\\\/tuzlainfo.ba\\\/#organization\",\"name\":\"TuzlaInfo.ba\",\"url\":\"https:\\\/\\\/tuzlainfo.ba\\\/\",\"logo\":{\"@type\":\"ImageObject\",\"inLanguage\":\"bs-BA\",\"@id\":\"https:\\\/\\\/tuzlainfo.ba\\\/#\\\/schema\\\/logo\\\/image\\\/\",\"url\":\"https:\\\/\\\/tuzlainfo.ba\\\/wp-content\\\/uploads\\\/2021\\\/03\\\/logo-ver-3-1.png\",\"contentUrl\":\"https:\\\/\\\/tuzlainfo.ba\\\/wp-content\\\/uploads\\\/2021\\\/03\\\/logo-ver-3-1.png\",\"width\":350,\"height\":95,\"caption\":\"TuzlaInfo.ba\"},\"image\":{\"@id\":\"https:\\\/\\\/tuzlainfo.ba\\\/#\\\/schema\\\/logo\\\/image\\\/\"},\"sameAs\":[\"https:\\\/\\\/www.facebook.com\\\/tuzlainfo.ba\\\/\"]},{\"@type\":\"Person\",\"@id\":\"https:\\\/\\\/tuzlainfo.ba\\\/#\\\/schema\\\/person\\\/f434e20dc27ea133923aab08451b7f7f\",\"name\":\"nedim\",\"image\":{\"@type\":\"ImageObject\",\"inLanguage\":\"bs-BA\",\"@id\":\"https:\\\/\\\/secure.gravatar.com\\\/avatar\\\/5b928a2e7e70a54208d2eb6c1edcb75a5350d6ae97d5f0a701203d456823f6f3?s=96&d=mm&r=g\",\"url\":\"https:\\\/\\\/secure.gravatar.com\\\/avatar\\\/5b928a2e7e70a54208d2eb6c1edcb75a5350d6ae97d5f0a701203d456823f6f3?s=96&d=mm&r=g\",\"contentUrl\":\"https:\\\/\\\/secure.gravatar.com\\\/avatar\\\/5b928a2e7e70a54208d2eb6c1edcb75a5350d6ae97d5f0a701203d456823f6f3?s=96&d=mm&r=g\",\"caption\":\"nedim\"},\"description\":\"Tuzlainfo.ba pratite na dru\u0161tvenim mre\u017eama: Facebook, Instagram i Youtube. Svoje pri\u010de, upite i fotografije \u0161aljite na na\u0161u e-mail adresu.\"}]}<\/script>\n<!-- \/ Yoast SEO plugin. -->","yoast_head_json":{"title":"Na\u0161a stranka na Trgu slobode u Tuzli zvani\u010dno otvara izbornu kampanju","robots":{"index":"index","follow":"follow","max-snippet":"max-snippet:-1","max-image-preview":"max-image-preview:large","max-video-preview":"max-video-preview:-1"},"canonical":"https:\/\/tuzlainfo.ba\/index.php\/istaknuto\/item\/314989-nasa-stranka-na-trgu-slobode-u-tuzli-zvanicno-otvara-izbornu-kampanju\/","og_locale":"bs_BA","og_type":"article","og_title":"Na\u0161a stranka na Trgu slobode u Tuzli zvani\u010dno otvara izbornu kampanju","og_description":"Na\u0161a stranka sutra, 5. septembra, na Trgu slobode u Tuzli zvani\u010dno \u0107e otvoriti kampanju za Op\u0107e izbore 2026. godine. Po\u010detak doga\u0111aja planiran je u 11.30 sati. Prisutnima \u0107e se obratiti predsjednica Na\u0161e stranke Sabina \u0106udi\u0107, Amir Hasi\u010devi\u0107, Amra Nadarevi\u0107-Voden\u010darevi\u0107 i Mirsad \u010camd\u017ei\u0107, a najavljeno je i predstavljanje kandidata, klju\u010dnih poruka kampanje te programa za razli\u010dite [&hellip;]","og_url":"https:\/\/tuzlainfo.ba\/index.php\/istaknuto\/item\/314989-nasa-stranka-na-trgu-slobode-u-tuzli-zvanicno-otvara-izbornu-kampanju\/","og_site_name":"TuzlaInfo.ba","article_publisher":"https:\/\/www.facebook.com\/tuzlainfo.ba\/","article_published_time":"2026-09-04T17:29:23+00:00","article_modified_time":"2026-09-04T18:06:01+00:00","og_image":[{"width":905,"height":613,"url":"https:\/\/tuzlainfo.ba\/wp-content\/uploads\/2026\/09\/0409_zivimo_slobodno.jpg","type":"image\/jpeg"}],"author":"nedim","twitter_card":"summary_large_image","twitter_misc":{"Written by":"nedim","Est. reading time":"2 minute"},"schema":{"@context":"https:\/\/schema.org","@graph":[{"@type":"Article","@id":"https:\/\/tuzlainfo.ba\/index.php\/istaknuto\/item\/314989-nasa-stranka-na-trgu-slobode-u-tuzli-zvanicno-otvara-izbornu-kampanju\/#article","isPartOf":{"@id":"https:\/\/tuzlainfo.ba\/index.php\/istaknuto\/item\/314989-nasa-stranka-na-trgu-slobode-u-tuzli-zvanicno-otvara-izbornu-kampanju\/"},"author":{"name":"nedim","@id":"https:\/\/tuzlainfo.ba\/#\/schema\/person\/f434e20dc27ea133923aab08451b7f7f"},"headline":"Na\u0161a stranka na Trgu slobode u Tuzli zvani\u010dno otvara izbornu kampanju","datePublished":"2026-09-04T17:29:23+00:00","dateModified":"2026-09-04T18:06:01+00:00","mainEntityOfPage":{"@id":"https:\/\/tuzlainfo.ba\/index.php\/istaknuto\/item\/314989-nasa-stranka-na-trgu-slobode-u-tuzli-zvanicno-otvara-izbornu-kampanju\/"},"wordCount":283,"publisher":{"@id":"https:\/\/tuzlainfo.ba\/#organization"},"image":{"@id":"https:\/\/tuzlainfo.ba\/index.php\/istaknuto\/item\/314989-nasa-stranka-na-trgu-slobode-u-tuzli-zvanicno-otvara-izbornu-kampanju\/#primaryimage"},"thumbnailUrl":"https:\/\/tuzlainfo.ba\/wp-content\/uploads\/2026\/09\/0409_zivimo_slobodno.jpg","keywords":["izbori","na\u0161a stranka"],"articleSection":["Istaknuto","Izbori"],"inLanguage":"bs-BA","copyrightYear":"2026","copyrightHolder":{"@id":"https:\/\/tuzlainfo.ba\/#organization"}},{"@type":"WebPage","@id":"https:\/\/tuzlainfo.ba\/index.php\/istaknuto\/item\/314989-nasa-stranka-na-trgu-slobode-u-tuzli-zvanicno-otvara-izbornu-kampanju\/","url":"https:\/\/tuzlainfo.ba\/index.php\/istaknuto\/item\/314989-nasa-stranka-na-trgu-slobode-u-tuzli-zvanicno-otvara-izbornu-kampanju\/","name":"Na\u0161a stranka na Trgu slobode u Tuzli zvani\u010dno otvara izbornu kampanju","isPartOf":{"@id":"https:\/\/tuzlainfo.ba\/#website"},"primaryImageOfPage":{"@id":"https:\/\/tuzlainfo.ba\/index.php\/istaknuto\/item\/314989-nasa-stranka-na-trgu-slobode-u-tuzli-zvanicno-otvara-izbornu-kampanju\/#primaryimage"},"image":{"@id":"https:\/\/tuzlainfo.ba\/index.php\/istaknuto\/item\/314989-nasa-stranka-na-trgu-slobode-u-tuzli-zvanicno-otvara-izbornu-kampanju\/#primaryimage"},"thumbnailUrl":"https:\/\/tuzlainfo.ba\/wp-content\/uploads\/2026\/09\/0409_zivimo_slobodno.jpg","datePublished":"2026-09-04T17:29:23+00:00","dateModified":"2026-09-04T18:06:01+00:00","breadcrumb":{"@id":"https:\/\/tuzlainfo.ba\/index.php\/istaknuto\/item\/314989-nasa-stranka-na-trgu-slobode-u-tuzli-zvanicno-otvara-izbornu-kampanju\/#breadcrumb"},"inLanguage":"bs-BA","potentialAction":[{"@type":"ReadAction","target":["https:\/\/tuzlainfo.ba\/index.php\/istaknuto\/item\/314989-nasa-stranka-na-trgu-slobode-u-tuzli-zvanicno-otvara-izbornu-kampanju\/"]}]},{"@type":"ImageObject","inLanguage":"bs-BA","@id":"https:\/\/tuzlainfo.ba\/index.php\/istaknuto\/item\/314989-nasa-stranka-na-trgu-slobode-u-tuzli-zvanicno-otvara-izbornu-kampanju\/#primaryimage","url":"https:\/\/tuzlainfo.ba\/wp-content\/uploads\/2026\/09\/0409_zivimo_slobodno.jpg","contentUrl":"https:\/\/tuzlainfo.ba\/wp-content\/uploads\/2026\/09\/0409_zivimo_slobodno.jpg","width":905,"height":613},{"@type":"BreadcrumbList","@id":"https:\/\/tuzlainfo.ba\/index.php\/istaknuto\/item\/314989-nasa-stranka-na-trgu-slobode-u-tuzli-zvanicno-otvara-izbornu-kampanju\/#breadcrumb","itemListElement":[{"@type":"ListItem","position":1,"name":"Home","item":"https:\/\/tuzlainfo.ba\/"},{"@type":"ListItem","position":2,"name":"Na\u0161a stranka na Trgu slobode u Tuzli zvani\u010dno otvara izbornu kampanju"}]},{"@type":"WebSite","@id":"https:\/\/tuzlainfo.ba\/#website","url":"https:\/\/tuzlainfo.ba\/","name":"TuzlaInfo.ba","description":"Tuzla info, gradski informator - Tuzla na dlanu","publisher":{"@id":"https:\/\/tuzlainfo.ba\/#organization"},"potentialAction":[{"@type":"SearchAction","target":{"@type":"EntryPoint","urlTemplate":"https:\/\/tuzlainfo.ba\/?s={search_term_string}"},"query-input":{"@type":"PropertyValueSpecification","valueRequired":true,"valueName":"search_term_string"}}],"inLanguage":"bs-BA"},{"@type":"Organization","@id":"https:\/\/tuzlainfo.ba\/#organization","name":"TuzlaInfo.ba","url":"https:\/\/tuzlainfo.ba\/","logo":{"@type":"ImageObject","inLanguage":"bs-BA","@id":"https:\/\/tuzlainfo.ba\/#\/schema\/logo\/image\/","url":"https:\/\/tuzlainfo.ba\/wp-content\/uploads\/2021\/03\/logo-ver-3-1.png","contentUrl":"https:\/\/tuzlainfo.ba\/wp-content\/uploads\/2021\/03\/logo-ver-3-1.png","width":350,"height":95,"caption":"TuzlaInfo.ba"},"image":{"@id":"https:\/\/tuzlainfo.ba\/#\/schema\/logo\/image\/"},"sameAs":["https:\/\/www.facebook.com\/tuzlainfo.ba\/"]},{"@type":"Person","@id":"https:\/\/tuzlainfo.ba\/#\/schema\/person\/f434e20dc27ea133923aab08451b7f7f","name":"nedim","image":{"@type":"ImageObject","inLanguage":"bs-BA","@id":"https:\/\/secure.gravatar.com\/avatar\/5b928a2e7e70a54208d2eb6c1edcb75a5350d6ae97d5f0a701203d456823f6f3?s=96&d=mm&r=g","url":"https:\/\/secure.gravatar.com\/avatar\/5b928a2e7e70a54208d2eb6c1edcb75a5350d6ae97d5f0a701203d456823f6f3?s=96&d=mm&r=g","contentUrl":"https:\/\/secure.gravatar.com\/avatar\/5b928a2e7e70a54208d2eb6c1edcb75a5350d6ae97d5f0a701203d456823f6f3?s=96&d=mm&r=g","caption":"nedim"},"description":"Tuzlainfo.ba pratite na dru\u0161tvenim mre\u017eama: Facebook, Instagram i Youtube. Svoje pri\u010de, upite i fotografije \u0161aljite na na\u0161u e-mail adresu."}]}},"_links":{"self":[{"href":"https:\/\/tuzlainfo.ba\/index.php\/wp-json\/wp\/v2\/posts\/314989","targetHints":{"allow":["GET"]}}],"collection":[{"href":"https:\/\/tuzlainfo.ba\/index.php\/wp-json\/wp\/v2\/posts"}],"about":[{"href":"https:\/\/tuzlainfo.ba\/index.php\/wp-json\/wp\/v2\/types\/post"}],"author":[{"embeddable":true,"href":"https:\/\/tuzlainfo.ba\/index.php\/wp-json\/wp\/v2\/users\/2"}],"replies":[{"embeddable":true,"href":"https:\/\/tuzlainfo.ba\/index.php\/wp-json\/wp\/v2\/comments?post=314989"}],"version-history":[{"count":2,"href":"https:\/\/tuzlainfo.ba\/index.php\/wp-json\/wp\/v2\/posts\/314989\/revisions"}],"predecessor-version":[{"id":314994,"href":"https:\/\/tuzlainfo.ba\/index.php\/wp-json\/wp\/v2\/posts\/314989\/revisions\/314994"}],"wp:featuredmedia":[{"embeddable":true,"href":"https:\/\/tuzlainfo.ba\/index.php\/wp-json\/wp\/v2\/media\/314990"}],"wp:attachment":[{"href":"https:\/\/tuzlainfo.ba\/index.php\/wp-json\/wp\/v2\/media?parent=314989"}],"wp:term":[{"taxonomy":"category","embeddable":true,"href":"https:\/\/tuzlainfo.ba\/index.php\/wp-json\/wp\/v2\/categories?post=314989"},{"taxonomy":"post_tag","embeddable":true,"href":"https:\/\/tuzlainfo.ba\/index.php\/wp-json\/wp\/v2\/tags?post=314989"}],"curies":[{"name":"wp","href":"https:\/\/api.w.org\/{rel}","templated":true}]}}