{"id":314986,"date":"2026-09-04T18:41:21","date_gmt":"2026-09-04T16:41:21","guid":{"rendered":"https:\/\/tuzlainfo.ba\/?p=314986"},"modified":"2026-09-04T18:41:21","modified_gmt":"2026-09-04T16:41:21","slug":"uhapsena-djevojcica-koja-je-napale-dvije-ucenice-u-skoli-u-gornjoj-tuzli","status":"publish","type":"post","link":"https:\/\/tuzlainfo.ba\/index.php\/novosti\/item\/314986-uhapsena-djevojcica-koja-je-napale-dvije-ucenice-u-skoli-u-gornjoj-tuzli\/","title":{"rendered":"Uhap\u0161ena djevoj\u010dica koja je napale dvije u\u010denice u \u0161koli u Gornjoj Tuzli"},"content":{"rendered":"<p>Maloljetna u\u010denica devetog razreda Osnovne \u0161kole Gornja Tuzla uhap\u0161ena je nakon incidenta u kojem su, prema informacijama Uprave policije MUP-a Tuzlanskog kantona, povrije\u0111ene dvije u\u010denice.<\/p>\n<p>Prema trenutno dostupnim informacijama, djevoj\u010dica ro\u0111ena 2011. godine je hladnim oru\u017ejem nanijela povrede dvjema u\u010denicama, ro\u0111enim 2012. godine.<\/p>\n<p>Povrije\u0111ene u\u010denice su vozilom Slu\u017ebe hitne medicinske pomo\u0107i Doma zdravlja Tuzla prevezene u JZU UKC Tuzla, gdje im je ukazana medicinska pomo\u0107. Prema informacijama kojima se trenutno raspola\u017ee, nisu \u017eivotno ugro\u017eene.<\/p>\n<p>Iz UKC-a Tuzla potvr\u0111eno je da su obje djevoj\u010dice zadr\u017eane na opservaciji na Klinici za dje\u010dije bolesti. Kod jedne u\u010denice konstatovana je posjekotina na lijevoj podlaktici, dok su kod druge evidentirane posjekotine u predjelu lijeve potkoljenice, lijeve ple\u0107ke i ramena lijeve ruke.<\/p>\n<p>O doga\u0111aju je obavije\u0161ten de\u017eurni tu\u017eilac Kantonalnog tu\u017eila\u0161tva Tuzlanskog kantona, koji rukovodi uvi\u0111ajem na mjestu doga\u0111aja.<\/p>\n<p>Uvi\u0111aj i druge potrebne radnje obavljaju policijski slu\u017ebenici Odjeljenja kriminalisti\u010dke policije Policijske uprave Tuzla pod nadzorom kantonalnog tu\u017eioca, s ciljem rasvjetljavanja i dokumentovanja svih okolnosti ovog doga\u0111aja.<\/p>\n<p>Uprava policije MUP-a TK-a navodi da, u skladu sa Zakonom o za\u0161titi i postupanju sa djecom i maloljetnicima u krivi\u010dnom postupku FBiH, kao i Konvencijom o pravima djeteta, nije u mogu\u0107nosti iznositi vi\u0161e informacija o konkretnom slu\u010daju.<\/p>\n","protected":false},"excerpt":{"rendered":"<p>Maloljetna u\u010denica devetog razreda Osnovne \u0161kole Gornja Tuzla uhap\u0161ena je nakon incidenta u kojem su, prema informacijama Uprave policije MUP-a Tuzlanskog kantona, povrije\u0111ene dvije u\u010denice. Prema trenutno dostupnim informacijama, djevoj\u010dica ro\u0111ena 2011. godine je hladnim oru\u017ejem nanijela povrede dvjema u\u010denicama, ro\u0111enim 2012. godine. Povrije\u0111ene u\u010denice su vozilom Slu\u017ebe hitne medicinske pomo\u0107i Doma zdravlja Tuzla prevezene [&hellip;]<\/p>\n","protected":false},"author":4,"featured_media":314894,"comment_status":"closed","ping_status":"closed","sticky":false,"template":"","format":"standard","meta":{"footnotes":""},"categories":[304,12],"tags":[417,2109,2190,637],"class_list":["post-314986","post","type-post","status-publish","format-standard","has-post-thumbnail","hentry","category-istaknuto","category-novosti","tag-crna-hronika","tag-hapsenje","tag-napad","tag-skola"],"yoast_head":"<!-- This site is optimized with the Yoast SEO plugin v28.4 - https:\/\/yoast.com\/product\/yoast-seo-wordpress\/ -->\n<title>Uhap\u0161ena djevoj\u010dica koja je napale dvije u\u010denice u \u0161koli u Gornjoj Tuzli<\/title>\n<meta name=\"robots\" content=\"index, follow, max-snippet:-1, max-image-preview:large, max-video-preview:-1\" \/>\n<link rel=\"canonical\" href=\"https:\/\/tuzlainfo.ba\/index.php\/novosti\/item\/314986-uhapsena-djevojcica-koja-je-napale-dvije-ucenice-u-skoli-u-gornjoj-tuzli\/\" \/>\n<meta property=\"og:locale\" content=\"bs_BA\" \/>\n<meta property=\"og:type\" content=\"article\" \/>\n<meta property=\"og:title\" content=\"Uhap\u0161ena djevoj\u010dica koja je napale dvije u\u010denice u \u0161koli u Gornjoj Tuzli\" \/>\n<meta property=\"og:description\" content=\"Maloljetna u\u010denica devetog razreda Osnovne \u0161kole Gornja Tuzla uhap\u0161ena je nakon incidenta u kojem su, prema informacijama Uprave policije MUP-a Tuzlanskog kantona, povrije\u0111ene dvije u\u010denice. Prema trenutno dostupnim informacijama, djevoj\u010dica ro\u0111ena 2011. godine je hladnim oru\u017ejem nanijela povrede dvjema u\u010denicama, ro\u0111enim 2012. godine. Povrije\u0111ene u\u010denice su vozilom Slu\u017ebe hitne medicinske pomo\u0107i Doma zdravlja Tuzla prevezene [&hellip;]\" \/>\n<meta property=\"og:url\" content=\"https:\/\/tuzlainfo.ba\/index.php\/novosti\/item\/314986-uhapsena-djevojcica-koja-je-napale-dvije-ucenice-u-skoli-u-gornjoj-tuzli\/\" \/>\n<meta property=\"og:site_name\" content=\"TuzlaInfo.ba\" \/>\n<meta property=\"article:publisher\" content=\"https:\/\/www.facebook.com\/tuzlainfo.ba\/\" \/>\n<meta property=\"article:published_time\" content=\"2026-09-04T16:41:21+00:00\" \/>\n<meta property=\"og:image\" content=\"https:\/\/tuzlainfo.ba\/wp-content\/uploads\/2026\/09\/gornja-tuzla-skola1.jpg\" \/>\n\t<meta property=\"og:image:width\" content=\"1800\" \/>\n\t<meta property=\"og:image:height\" content=\"831\" \/>\n\t<meta property=\"og:image:type\" content=\"image\/jpeg\" \/>\n<meta name=\"author\" content=\"Tuzla Info\" \/>\n<meta name=\"twitter:card\" content=\"summary_large_image\" \/>\n<meta name=\"twitter:label1\" content=\"Written by\" \/>\n\t<meta name=\"twitter:data1\" content=\"Tuzla Info\" \/>\n\t<meta name=\"twitter:label2\" content=\"Est. reading time\" \/>\n\t<meta name=\"twitter:data2\" content=\"2 minute\" \/>\n<script type=\"application\/ld+json\" class=\"yoast-schema-graph\">{\"@context\":\"https:\\\/\\\/schema.org\",\"@graph\":[{\"@type\":\"Article\",\"@id\":\"https:\\\/\\\/tuzlainfo.ba\\\/index.php\\\/novosti\\\/item\\\/314986-uhapsena-djevojcica-koja-je-napale-dvije-ucenice-u-skoli-u-gornjoj-tuzli\\\/#article\",\"isPartOf\":{\"@id\":\"https:\\\/\\\/tuzlainfo.ba\\\/index.php\\\/novosti\\\/item\\\/314986-uhapsena-djevojcica-koja-je-napale-dvije-ucenice-u-skoli-u-gornjoj-tuzli\\\/\"},\"author\":{\"name\":\"Tuzla Info\",\"@id\":\"https:\\\/\\\/tuzlainfo.ba\\\/#\\\/schema\\\/person\\\/46cad4c57790cbc50781edd14870825a\"},\"headline\":\"Uhap\u0161ena djevoj\u010dica koja je napale dvije u\u010denice u \u0161koli u Gornjoj Tuzli\",\"datePublished\":\"2026-09-04T16:41:21+00:00\",\"mainEntityOfPage\":{\"@id\":\"https:\\\/\\\/tuzlainfo.ba\\\/index.php\\\/novosti\\\/item\\\/314986-uhapsena-djevojcica-koja-je-napale-dvije-ucenice-u-skoli-u-gornjoj-tuzli\\\/\"},\"wordCount\":248,\"publisher\":{\"@id\":\"https:\\\/\\\/tuzlainfo.ba\\\/#organization\"},\"image\":{\"@id\":\"https:\\\/\\\/tuzlainfo.ba\\\/index.php\\\/novosti\\\/item\\\/314986-uhapsena-djevojcica-koja-je-napale-dvije-ucenice-u-skoli-u-gornjoj-tuzli\\\/#primaryimage\"},\"thumbnailUrl\":\"https:\\\/\\\/tuzlainfo.ba\\\/wp-content\\\/uploads\\\/2026\\\/09\\\/gornja-tuzla-skola1.jpg\",\"keywords\":[\"crna hronika\",\"hap\u0161enje\",\"napad\",\"\u0161kola\"],\"articleSection\":[\"Istaknuto\",\"Novosti\"],\"inLanguage\":\"bs-BA\",\"copyrightYear\":\"2026\",\"copyrightHolder\":{\"@id\":\"https:\\\/\\\/tuzlainfo.ba\\\/#organization\"}},{\"@type\":\"WebPage\",\"@id\":\"https:\\\/\\\/tuzlainfo.ba\\\/index.php\\\/novosti\\\/item\\\/314986-uhapsena-djevojcica-koja-je-napale-dvije-ucenice-u-skoli-u-gornjoj-tuzli\\\/\",\"url\":\"https:\\\/\\\/tuzlainfo.ba\\\/index.php\\\/novosti\\\/item\\\/314986-uhapsena-djevojcica-koja-je-napale-dvije-ucenice-u-skoli-u-gornjoj-tuzli\\\/\",\"name\":\"Uhap\u0161ena djevoj\u010dica koja je napale dvije u\u010denice u \u0161koli u Gornjoj Tuzli\",\"isPartOf\":{\"@id\":\"https:\\\/\\\/tuzlainfo.ba\\\/#website\"},\"primaryImageOfPage\":{\"@id\":\"https:\\\/\\\/tuzlainfo.ba\\\/index.php\\\/novosti\\\/item\\\/314986-uhapsena-djevojcica-koja-je-napale-dvije-ucenice-u-skoli-u-gornjoj-tuzli\\\/#primaryimage\"},\"image\":{\"@id\":\"https:\\\/\\\/tuzlainfo.ba\\\/index.php\\\/novosti\\\/item\\\/314986-uhapsena-djevojcica-koja-je-napale-dvije-ucenice-u-skoli-u-gornjoj-tuzli\\\/#primaryimage\"},\"thumbnailUrl\":\"https:\\\/\\\/tuzlainfo.ba\\\/wp-content\\\/uploads\\\/2026\\\/09\\\/gornja-tuzla-skola1.jpg\",\"datePublished\":\"2026-09-04T16:41:21+00:00\",\"breadcrumb\":{\"@id\":\"https:\\\/\\\/tuzlainfo.ba\\\/index.php\\\/novosti\\\/item\\\/314986-uhapsena-djevojcica-koja-je-napale-dvije-ucenice-u-skoli-u-gornjoj-tuzli\\\/#breadcrumb\"},\"inLanguage\":\"bs-BA\",\"potentialAction\":[{\"@type\":\"ReadAction\",\"target\":[\"https:\\\/\\\/tuzlainfo.ba\\\/index.php\\\/novosti\\\/item\\\/314986-uhapsena-djevojcica-koja-je-napale-dvije-ucenice-u-skoli-u-gornjoj-tuzli\\\/\"]}]},{\"@type\":\"ImageObject\",\"inLanguage\":\"bs-BA\",\"@id\":\"https:\\\/\\\/tuzlainfo.ba\\\/index.php\\\/novosti\\\/item\\\/314986-uhapsena-djevojcica-koja-je-napale-dvije-ucenice-u-skoli-u-gornjoj-tuzli\\\/#primaryimage\",\"url\":\"https:\\\/\\\/tuzlainfo.ba\\\/wp-content\\\/uploads\\\/2026\\\/09\\\/gornja-tuzla-skola1.jpg\",\"contentUrl\":\"https:\\\/\\\/tuzlainfo.ba\\\/wp-content\\\/uploads\\\/2026\\\/09\\\/gornja-tuzla-skola1.jpg\",\"width\":1800,\"height\":831},{\"@type\":\"BreadcrumbList\",\"@id\":\"https:\\\/\\\/tuzlainfo.ba\\\/index.php\\\/novosti\\\/item\\\/314986-uhapsena-djevojcica-koja-je-napale-dvije-ucenice-u-skoli-u-gornjoj-tuzli\\\/#breadcrumb\",\"itemListElement\":[{\"@type\":\"ListItem\",\"position\":1,\"name\":\"Home\",\"item\":\"https:\\\/\\\/tuzlainfo.ba\\\/\"},{\"@type\":\"ListItem\",\"position\":2,\"name\":\"Uhap\u0161ena djevoj\u010dica koja je napale dvije u\u010denice u \u0161koli u Gornjoj Tuzli\"}]},{\"@type\":\"WebSite\",\"@id\":\"https:\\\/\\\/tuzlainfo.ba\\\/#website\",\"url\":\"https:\\\/\\\/tuzlainfo.ba\\\/\",\"name\":\"TuzlaInfo.ba\",\"description\":\"Tuzla info, gradski informator - Tuzla na dlanu\",\"publisher\":{\"@id\":\"https:\\\/\\\/tuzlainfo.ba\\\/#organization\"},\"potentialAction\":[{\"@type\":\"SearchAction\",\"target\":{\"@type\":\"EntryPoint\",\"urlTemplate\":\"https:\\\/\\\/tuzlainfo.ba\\\/?s={search_term_string}\"},\"query-input\":{\"@type\":\"PropertyValueSpecification\",\"valueRequired\":true,\"valueName\":\"search_term_string\"}}],\"inLanguage\":\"bs-BA\"},{\"@type\":\"Organization\",\"@id\":\"https:\\\/\\\/tuzlainfo.ba\\\/#organization\",\"name\":\"TuzlaInfo.ba\",\"url\":\"https:\\\/\\\/tuzlainfo.ba\\\/\",\"logo\":{\"@type\":\"ImageObject\",\"inLanguage\":\"bs-BA\",\"@id\":\"https:\\\/\\\/tuzlainfo.ba\\\/#\\\/schema\\\/logo\\\/image\\\/\",\"url\":\"https:\\\/\\\/tuzlainfo.ba\\\/wp-content\\\/uploads\\\/2021\\\/03\\\/logo-ver-3-1.png\",\"contentUrl\":\"https:\\\/\\\/tuzlainfo.ba\\\/wp-content\\\/uploads\\\/2021\\\/03\\\/logo-ver-3-1.png\",\"width\":350,\"height\":95,\"caption\":\"TuzlaInfo.ba\"},\"image\":{\"@id\":\"https:\\\/\\\/tuzlainfo.ba\\\/#\\\/schema\\\/logo\\\/image\\\/\"},\"sameAs\":[\"https:\\\/\\\/www.facebook.com\\\/tuzlainfo.ba\\\/\"]},{\"@type\":\"Person\",\"@id\":\"https:\\\/\\\/tuzlainfo.ba\\\/#\\\/schema\\\/person\\\/46cad4c57790cbc50781edd14870825a\",\"name\":\"Tuzla Info\",\"image\":{\"@type\":\"ImageObject\",\"inLanguage\":\"bs-BA\",\"@id\":\"https:\\\/\\\/secure.gravatar.com\\\/avatar\\\/e980921b00fa2e552723a2386544734ce6885d2b2304ccca3f45186f9ca4031d?s=96&d=mm&r=g\",\"url\":\"https:\\\/\\\/secure.gravatar.com\\\/avatar\\\/e980921b00fa2e552723a2386544734ce6885d2b2304ccca3f45186f9ca4031d?s=96&d=mm&r=g\",\"contentUrl\":\"https:\\\/\\\/secure.gravatar.com\\\/avatar\\\/e980921b00fa2e552723a2386544734ce6885d2b2304ccca3f45186f9ca4031d?s=96&d=mm&r=g\",\"caption\":\"Tuzla Info\"}}]}<\/script>\n<!-- \/ Yoast SEO plugin. -->","yoast_head_json":{"title":"Uhap\u0161ena djevoj\u010dica koja je napale dvije u\u010denice u \u0161koli u Gornjoj Tuzli","robots":{"index":"index","follow":"follow","max-snippet":"max-snippet:-1","max-image-preview":"max-image-preview:large","max-video-preview":"max-video-preview:-1"},"canonical":"https:\/\/tuzlainfo.ba\/index.php\/novosti\/item\/314986-uhapsena-djevojcica-koja-je-napale-dvije-ucenice-u-skoli-u-gornjoj-tuzli\/","og_locale":"bs_BA","og_type":"article","og_title":"Uhap\u0161ena djevoj\u010dica koja je napale dvije u\u010denice u \u0161koli u Gornjoj Tuzli","og_description":"Maloljetna u\u010denica devetog razreda Osnovne \u0161kole Gornja Tuzla uhap\u0161ena je nakon incidenta u kojem su, prema informacijama Uprave policije MUP-a Tuzlanskog kantona, povrije\u0111ene dvije u\u010denice. Prema trenutno dostupnim informacijama, djevoj\u010dica ro\u0111ena 2011. godine je hladnim oru\u017ejem nanijela povrede dvjema u\u010denicama, ro\u0111enim 2012. godine. Povrije\u0111ene u\u010denice su vozilom Slu\u017ebe hitne medicinske pomo\u0107i Doma zdravlja Tuzla prevezene [&hellip;]","og_url":"https:\/\/tuzlainfo.ba\/index.php\/novosti\/item\/314986-uhapsena-djevojcica-koja-je-napale-dvije-ucenice-u-skoli-u-gornjoj-tuzli\/","og_site_name":"TuzlaInfo.ba","article_publisher":"https:\/\/www.facebook.com\/tuzlainfo.ba\/","article_published_time":"2026-09-04T16:41:21+00:00","og_image":[{"width":1800,"height":831,"url":"https:\/\/tuzlainfo.ba\/wp-content\/uploads\/2026\/09\/gornja-tuzla-skola1.jpg","type":"image\/jpeg"}],"author":"Tuzla Info","twitter_card":"summary_large_image","twitter_misc":{"Written by":"Tuzla Info","Est. reading time":"2 minute"},"schema":{"@context":"https:\/\/schema.org","@graph":[{"@type":"Article","@id":"https:\/\/tuzlainfo.ba\/index.php\/novosti\/item\/314986-uhapsena-djevojcica-koja-je-napale-dvije-ucenice-u-skoli-u-gornjoj-tuzli\/#article","isPartOf":{"@id":"https:\/\/tuzlainfo.ba\/index.php\/novosti\/item\/314986-uhapsena-djevojcica-koja-je-napale-dvije-ucenice-u-skoli-u-gornjoj-tuzli\/"},"author":{"name":"Tuzla Info","@id":"https:\/\/tuzlainfo.ba\/#\/schema\/person\/46cad4c57790cbc50781edd14870825a"},"headline":"Uhap\u0161ena djevoj\u010dica koja je napale dvije u\u010denice u \u0161koli u Gornjoj Tuzli","datePublished":"2026-09-04T16:41:21+00:00","mainEntityOfPage":{"@id":"https:\/\/tuzlainfo.ba\/index.php\/novosti\/item\/314986-uhapsena-djevojcica-koja-je-napale-dvije-ucenice-u-skoli-u-gornjoj-tuzli\/"},"wordCount":248,"publisher":{"@id":"https:\/\/tuzlainfo.ba\/#organization"},"image":{"@id":"https:\/\/tuzlainfo.ba\/index.php\/novosti\/item\/314986-uhapsena-djevojcica-koja-je-napale-dvije-ucenice-u-skoli-u-gornjoj-tuzli\/#primaryimage"},"thumbnailUrl":"https:\/\/tuzlainfo.ba\/wp-content\/uploads\/2026\/09\/gornja-tuzla-skola1.jpg","keywords":["crna hronika","hap\u0161enje","napad","\u0161kola"],"articleSection":["Istaknuto","Novosti"],"inLanguage":"bs-BA","copyrightYear":"2026","copyrightHolder":{"@id":"https:\/\/tuzlainfo.ba\/#organization"}},{"@type":"WebPage","@id":"https:\/\/tuzlainfo.ba\/index.php\/novosti\/item\/314986-uhapsena-djevojcica-koja-je-napale-dvije-ucenice-u-skoli-u-gornjoj-tuzli\/","url":"https:\/\/tuzlainfo.ba\/index.php\/novosti\/item\/314986-uhapsena-djevojcica-koja-je-napale-dvije-ucenice-u-skoli-u-gornjoj-tuzli\/","name":"Uhap\u0161ena djevoj\u010dica koja je napale dvije u\u010denice u \u0161koli u Gornjoj Tuzli","isPartOf":{"@id":"https:\/\/tuzlainfo.ba\/#website"},"primaryImageOfPage":{"@id":"https:\/\/tuzlainfo.ba\/index.php\/novosti\/item\/314986-uhapsena-djevojcica-koja-je-napale-dvije-ucenice-u-skoli-u-gornjoj-tuzli\/#primaryimage"},"image":{"@id":"https:\/\/tuzlainfo.ba\/index.php\/novosti\/item\/314986-uhapsena-djevojcica-koja-je-napale-dvije-ucenice-u-skoli-u-gornjoj-tuzli\/#primaryimage"},"thumbnailUrl":"https:\/\/tuzlainfo.ba\/wp-content\/uploads\/2026\/09\/gornja-tuzla-skola1.jpg","datePublished":"2026-09-04T16:41:21+00:00","breadcrumb":{"@id":"https:\/\/tuzlainfo.ba\/index.php\/novosti\/item\/314986-uhapsena-djevojcica-koja-je-napale-dvije-ucenice-u-skoli-u-gornjoj-tuzli\/#breadcrumb"},"inLanguage":"bs-BA","potentialAction":[{"@type":"ReadAction","target":["https:\/\/tuzlainfo.ba\/index.php\/novosti\/item\/314986-uhapsena-djevojcica-koja-je-napale-dvije-ucenice-u-skoli-u-gornjoj-tuzli\/"]}]},{"@type":"ImageObject","inLanguage":"bs-BA","@id":"https:\/\/tuzlainfo.ba\/index.php\/novosti\/item\/314986-uhapsena-djevojcica-koja-je-napale-dvije-ucenice-u-skoli-u-gornjoj-tuzli\/#primaryimage","url":"https:\/\/tuzlainfo.ba\/wp-content\/uploads\/2026\/09\/gornja-tuzla-skola1.jpg","contentUrl":"https:\/\/tuzlainfo.ba\/wp-content\/uploads\/2026\/09\/gornja-tuzla-skola1.jpg","width":1800,"height":831},{"@type":"BreadcrumbList","@id":"https:\/\/tuzlainfo.ba\/index.php\/novosti\/item\/314986-uhapsena-djevojcica-koja-je-napale-dvije-ucenice-u-skoli-u-gornjoj-tuzli\/#breadcrumb","itemListElement":[{"@type":"ListItem","position":1,"name":"Home","item":"https:\/\/tuzlainfo.ba\/"},{"@type":"ListItem","position":2,"name":"Uhap\u0161ena djevoj\u010dica koja je napale dvije u\u010denice u \u0161koli u Gornjoj Tuzli"}]},{"@type":"WebSite","@id":"https:\/\/tuzlainfo.ba\/#website","url":"https:\/\/tuzlainfo.ba\/","name":"TuzlaInfo.ba","description":"Tuzla info, gradski informator - Tuzla na dlanu","publisher":{"@id":"https:\/\/tuzlainfo.ba\/#organization"},"potentialAction":[{"@type":"SearchAction","target":{"@type":"EntryPoint","urlTemplate":"https:\/\/tuzlainfo.ba\/?s={search_term_string}"},"query-input":{"@type":"PropertyValueSpecification","valueRequired":true,"valueName":"search_term_string"}}],"inLanguage":"bs-BA"},{"@type":"Organization","@id":"https:\/\/tuzlainfo.ba\/#organization","name":"TuzlaInfo.ba","url":"https:\/\/tuzlainfo.ba\/","logo":{"@type":"ImageObject","inLanguage":"bs-BA","@id":"https:\/\/tuzlainfo.ba\/#\/schema\/logo\/image\/","url":"https:\/\/tuzlainfo.ba\/wp-content\/uploads\/2021\/03\/logo-ver-3-1.png","contentUrl":"https:\/\/tuzlainfo.ba\/wp-content\/uploads\/2021\/03\/logo-ver-3-1.png","width":350,"height":95,"caption":"TuzlaInfo.ba"},"image":{"@id":"https:\/\/tuzlainfo.ba\/#\/schema\/logo\/image\/"},"sameAs":["https:\/\/www.facebook.com\/tuzlainfo.ba\/"]},{"@type":"Person","@id":"https:\/\/tuzlainfo.ba\/#\/schema\/person\/46cad4c57790cbc50781edd14870825a","name":"Tuzla Info","image":{"@type":"ImageObject","inLanguage":"bs-BA","@id":"https:\/\/secure.gravatar.com\/avatar\/e980921b00fa2e552723a2386544734ce6885d2b2304ccca3f45186f9ca4031d?s=96&d=mm&r=g","url":"https:\/\/secure.gravatar.com\/avatar\/e980921b00fa2e552723a2386544734ce6885d2b2304ccca3f45186f9ca4031d?s=96&d=mm&r=g","contentUrl":"https:\/\/secure.gravatar.com\/avatar\/e980921b00fa2e552723a2386544734ce6885d2b2304ccca3f45186f9ca4031d?s=96&d=mm&r=g","caption":"Tuzla Info"}}]}},"_links":{"self":[{"href":"https:\/\/tuzlainfo.ba\/index.php\/wp-json\/wp\/v2\/posts\/314986","targetHints":{"allow":["GET"]}}],"collection":[{"href":"https:\/\/tuzlainfo.ba\/index.php\/wp-json\/wp\/v2\/posts"}],"about":[{"href":"https:\/\/tuzlainfo.ba\/index.php\/wp-json\/wp\/v2\/types\/post"}],"author":[{"embeddable":true,"href":"https:\/\/tuzlainfo.ba\/index.php\/wp-json\/wp\/v2\/users\/4"}],"replies":[{"embeddable":true,"href":"https:\/\/tuzlainfo.ba\/index.php\/wp-json\/wp\/v2\/comments?post=314986"}],"version-history":[{"count":1,"href":"https:\/\/tuzlainfo.ba\/index.php\/wp-json\/wp\/v2\/posts\/314986\/revisions"}],"predecessor-version":[{"id":314987,"href":"https:\/\/tuzlainfo.ba\/index.php\/wp-json\/wp\/v2\/posts\/314986\/revisions\/314987"}],"wp:featuredmedia":[{"embeddable":true,"href":"https:\/\/tuzlainfo.ba\/index.php\/wp-json\/wp\/v2\/media\/314894"}],"wp:attachment":[{"href":"https:\/\/tuzlainfo.ba\/index.php\/wp-json\/wp\/v2\/media?parent=314986"}],"wp:term":[{"taxonomy":"category","embeddable":true,"href":"https:\/\/tuzlainfo.ba\/index.php\/wp-json\/wp\/v2\/categories?post=314986"},{"taxonomy":"post_tag","embeddable":true,"href":"https:\/\/tuzlainfo.ba\/index.php\/wp-json\/wp\/v2\/tags?post=314986"}],"curies":[{"name":"wp","href":"https:\/\/api.w.org\/{rel}","templated":true}]}}