{"id":314972,"date":"2026-09-06T10:02:04","date_gmt":"2026-09-06T08:02:04","guid":{"rendered":"https:\/\/tuzlainfo.ba\/?p=314972"},"modified":"2026-09-06T09:11:16","modified_gmt":"2026-09-06T07:11:16","slug":"obnovljena-husejnija-danas-svecano-otvara-vrata-gradacac-obiljezava-200-godina-dzamije-husein-kapetana","status":"publish","type":"post","link":"https:\/\/tuzlainfo.ba\/index.php\/najava-dogadaja-2\/item\/314972-obnovljena-husejnija-danas-svecano-otvara-vrata-gradacac-obiljezava-200-godina-dzamije-husein-kapetana\/","title":{"rendered":"Obnovljena Husejnija danas sve\u010dano otvara vrata: Grada\u010dac obilje\u017eava 200 godina d\u017eamije Husein-kapetana"},"content":{"rendered":"<p>U Grada\u010dcu \u0107e danas biti uprili\u010deno sve\u010dano otvorenje obnovljene Husejnija d\u017eamije, \u010dime \u0107e ujedno biti obilje\u017een veliki jubilej \u2013 200 godina od izgradnje jednog od najprepoznatljivijih simbola ovog grada.<\/p>\n<p>Sve\u010danost po\u010dinje u 11:30 sati, a organizatori su Med\u017elis Islamske zajednice Grada\u010dac i D\u017eemat Husejnija. Prema najavama, sve\u010danosti \u0107e prisustvovati najvi\u0161i zvani\u010dnici Islamske zajednice u Bosni i Hercegovini, predvo\u0111eni reisul-ulemom Huseinom ef. Kavazovi\u0107em.<\/p>\n<p>Husejniju je 1826. godine podigao Husein-kapetan Grada\u0161\u010devi\u0107, znameniti bosanski vakif, dr\u017eavnik i predvodnik Pokreta za autonomiju Bosne. D\u017eamija je tokom dva stolje\u0107a bila mjesto ibadeta, obrazovanja i okupljanja, ali i jedan od simbola historijskog i kulturnog identiteta Grada\u010dca.<\/p>\n<p>Dana\u0161nje otvorenje predstavlja zavr\u0161nicu vi\u0161egodi\u0161njih konzervatorskih i restauratorskih radova, ali ima dodatnu simboliku zbog doga\u0111aja iz kraja 2023. godine, kada je u unutra\u0161njosti Husejnije podmetnut po\u017ear.<\/p>\n<p>Po\u017ear je te\u0161ko o\u0161tetio oslikane zidne povr\u0161ine i drveni mobilijar. Zidovi su bili zacrnjeni \u010da\u0111i, na pojedinim mjestima do\u0161lo je do otpadanja maltera, a posebno su o\u0161te\u0107eni mimber i mahfil. Konzervatorsko-restauratorski zahvati obuhvatili su \u010di\u0161\u0107enje, u\u010dvr\u0161\u0107ivanje i retu\u0161iranje o\u0161te\u0107enih povr\u0161ina, od kupole prema ni\u017eim dijelovima objekta.<\/p>\n<p>Radovi na sanaciji posljedica po\u017eara po\u010deli su u aprilu 2024. godine, dok je restauracija unutra\u0161njosti zavr\u0161ena krajem 2025. U zavr\u0161noj fazi obnove radilo se i na portalu, munari i vra\u0107anju originalne \u0161erefe, kao i ure\u0111enju harema, kamenog zida, ni\u0161ana, abdesthane i biblioteke Fadil-pa\u0161e \u0160erifovi\u0107a.<\/p>\n<p>Husejnija je od 2004. godine nacionalni spomenik Bosne i Hercegovine. Za\u0161ti\u0107enu graditeljsku cjelinu, osim same d\u017eamije, \u010dine abdesthana, biblioteka, harem s ni\u0161anima i ulazne kapije.<\/p>\n<p>Sve\u010dano otvorenje ujedno je centralni doga\u0111aj programa kojim Grada\u010dac tokom ove godine obilje\u017eava dva stolje\u0107a Husejnije. Jubilej je obilje\u017een nizom nau\u010dnih, kulturnih, obrazovnih i vjerskih sadr\u017eaja posve\u0107enih d\u017eamiji, Husein-kapetanu Grada\u0161\u010devi\u0107u i historijskom naslije\u0111u ovog kraja.<\/p>\n<p>Program povodom otvorenja po\u010deo je u subotu nave\u010der vjerskim sadr\u017eajima u Husejniji, dok \u0107e dana\u0161nja sve\u010danost predstavljati njegov centralni dio i krunu obnove jednog od najvrijednijih kulturno-historijskih spomenika Grada\u010dca.<\/p>\n","protected":false},"excerpt":{"rendered":"<p>U Grada\u010dcu \u0107e danas biti uprili\u010deno sve\u010dano otvorenje obnovljene Husejnija d\u017eamije, \u010dime \u0107e ujedno biti obilje\u017een veliki jubilej \u2013 200 godina od izgradnje jednog od najprepoznatljivijih simbola ovog grada. Sve\u010danost po\u010dinje u 11:30 sati, a organizatori su Med\u017elis Islamske zajednice Grada\u010dac i D\u017eemat Husejnija. Prema najavama, sve\u010danosti \u0107e prisustvovati najvi\u0161i zvani\u010dnici Islamske zajednice u Bosni [&hellip;]<\/p>\n","protected":false},"author":8,"featured_media":313163,"comment_status":"closed","ping_status":"closed","sticky":false,"template":"","format":"standard","meta":{"footnotes":""},"categories":[304,11],"tags":[639,27],"class_list":["post-314972","post","type-post","status-publish","format-standard","has-post-thumbnail","hentry","category-istaknuto","category-najava-dogadaja-2","tag-dzamija","tag-gradacac"],"yoast_head":"<!-- This site is optimized with the Yoast SEO plugin v28.4 - https:\/\/yoast.com\/product\/yoast-seo-wordpress\/ -->\n<title>Obnovljena Husejnija danas sve\u010dano otvara vrata: Grada\u010dac obilje\u017eava 200 godina d\u017eamije Husein-kapetana<\/title>\n<meta name=\"robots\" content=\"index, follow, max-snippet:-1, max-image-preview:large, max-video-preview:-1\" \/>\n<link rel=\"canonical\" href=\"https:\/\/tuzlainfo.ba\/index.php\/najava-dogadaja-2\/item\/314972-obnovljena-husejnija-danas-svecano-otvara-vrata-gradacac-obiljezava-200-godina-dzamije-husein-kapetana\/\" \/>\n<meta property=\"og:locale\" content=\"bs_BA\" \/>\n<meta property=\"og:type\" content=\"article\" \/>\n<meta property=\"og:title\" content=\"Obnovljena Husejnija danas sve\u010dano otvara vrata: Grada\u010dac obilje\u017eava 200 godina d\u017eamije Husein-kapetana\" \/>\n<meta property=\"og:description\" content=\"U Grada\u010dcu \u0107e danas biti uprili\u010deno sve\u010dano otvorenje obnovljene Husejnija d\u017eamije, \u010dime \u0107e ujedno biti obilje\u017een veliki jubilej \u2013 200 godina od izgradnje jednog od najprepoznatljivijih simbola ovog grada. Sve\u010danost po\u010dinje u 11:30 sati, a organizatori su Med\u017elis Islamske zajednice Grada\u010dac i D\u017eemat Husejnija. Prema najavama, sve\u010danosti \u0107e prisustvovati najvi\u0161i zvani\u010dnici Islamske zajednice u Bosni [&hellip;]\" \/>\n<meta property=\"og:url\" content=\"https:\/\/tuzlainfo.ba\/index.php\/najava-dogadaja-2\/item\/314972-obnovljena-husejnija-danas-svecano-otvara-vrata-gradacac-obiljezava-200-godina-dzamije-husein-kapetana\/\" \/>\n<meta property=\"og:site_name\" content=\"TuzlaInfo.ba\" \/>\n<meta property=\"article:publisher\" content=\"https:\/\/www.facebook.com\/tuzlainfo.ba\/\" \/>\n<meta property=\"article:published_time\" content=\"2026-09-06T08:02:04+00:00\" \/>\n<meta property=\"og:image\" content=\"https:\/\/tuzlainfo.ba\/wp-content\/uploads\/2026\/08\/gradacac_dzaamija_husejnija.jpg\" \/>\n\t<meta property=\"og:image:width\" content=\"1000\" \/>\n\t<meta property=\"og:image:height\" content=\"689\" \/>\n\t<meta property=\"og:image:type\" content=\"image\/jpeg\" \/>\n<meta name=\"author\" content=\"Admin Tri\" \/>\n<meta name=\"twitter:card\" content=\"summary_large_image\" \/>\n<meta name=\"twitter:label1\" content=\"Written by\" \/>\n\t<meta name=\"twitter:data1\" content=\"Admin Tri\" \/>\n\t<meta name=\"twitter:label2\" content=\"Est. reading time\" \/>\n\t<meta name=\"twitter:data2\" content=\"2 minute\" \/>\n<script type=\"application\/ld+json\" class=\"yoast-schema-graph\">{\"@context\":\"https:\\\/\\\/schema.org\",\"@graph\":[{\"@type\":\"Article\",\"@id\":\"https:\\\/\\\/tuzlainfo.ba\\\/index.php\\\/najava-dogadaja-2\\\/item\\\/314972-obnovljena-husejnija-danas-svecano-otvara-vrata-gradacac-obiljezava-200-godina-dzamije-husein-kapetana\\\/#article\",\"isPartOf\":{\"@id\":\"https:\\\/\\\/tuzlainfo.ba\\\/index.php\\\/najava-dogadaja-2\\\/item\\\/314972-obnovljena-husejnija-danas-svecano-otvara-vrata-gradacac-obiljezava-200-godina-dzamije-husein-kapetana\\\/\"},\"author\":{\"name\":\"Admin Tri\",\"@id\":\"https:\\\/\\\/tuzlainfo.ba\\\/#\\\/schema\\\/person\\\/593e78a2f6378c5ba3e7600ecfa4e63a\"},\"headline\":\"Obnovljena Husejnija danas sve\u010dano otvara vrata: Grada\u010dac obilje\u017eava 200 godina d\u017eamije Husein-kapetana\",\"datePublished\":\"2026-09-06T08:02:04+00:00\",\"mainEntityOfPage\":{\"@id\":\"https:\\\/\\\/tuzlainfo.ba\\\/index.php\\\/najava-dogadaja-2\\\/item\\\/314972-obnovljena-husejnija-danas-svecano-otvara-vrata-gradacac-obiljezava-200-godina-dzamije-husein-kapetana\\\/\"},\"wordCount\":388,\"publisher\":{\"@id\":\"https:\\\/\\\/tuzlainfo.ba\\\/#organization\"},\"image\":{\"@id\":\"https:\\\/\\\/tuzlainfo.ba\\\/index.php\\\/najava-dogadaja-2\\\/item\\\/314972-obnovljena-husejnija-danas-svecano-otvara-vrata-gradacac-obiljezava-200-godina-dzamije-husein-kapetana\\\/#primaryimage\"},\"thumbnailUrl\":\"https:\\\/\\\/tuzlainfo.ba\\\/wp-content\\\/uploads\\\/2026\\\/08\\\/gradacac_dzaamija_husejnija.jpg\",\"keywords\":[\"d\u017eamija\",\"grada\u010dac\"],\"articleSection\":[\"Istaknuto\",\"Najave i doga\u0111aji\"],\"inLanguage\":\"bs-BA\",\"copyrightYear\":\"2026\",\"copyrightHolder\":{\"@id\":\"https:\\\/\\\/tuzlainfo.ba\\\/#organization\"}},{\"@type\":\"WebPage\",\"@id\":\"https:\\\/\\\/tuzlainfo.ba\\\/index.php\\\/najava-dogadaja-2\\\/item\\\/314972-obnovljena-husejnija-danas-svecano-otvara-vrata-gradacac-obiljezava-200-godina-dzamije-husein-kapetana\\\/\",\"url\":\"https:\\\/\\\/tuzlainfo.ba\\\/index.php\\\/najava-dogadaja-2\\\/item\\\/314972-obnovljena-husejnija-danas-svecano-otvara-vrata-gradacac-obiljezava-200-godina-dzamije-husein-kapetana\\\/\",\"name\":\"Obnovljena Husejnija danas sve\u010dano otvara vrata: Grada\u010dac obilje\u017eava 200 godina d\u017eamije Husein-kapetana\",\"isPartOf\":{\"@id\":\"https:\\\/\\\/tuzlainfo.ba\\\/#website\"},\"primaryImageOfPage\":{\"@id\":\"https:\\\/\\\/tuzlainfo.ba\\\/index.php\\\/najava-dogadaja-2\\\/item\\\/314972-obnovljena-husejnija-danas-svecano-otvara-vrata-gradacac-obiljezava-200-godina-dzamije-husein-kapetana\\\/#primaryimage\"},\"image\":{\"@id\":\"https:\\\/\\\/tuzlainfo.ba\\\/index.php\\\/najava-dogadaja-2\\\/item\\\/314972-obnovljena-husejnija-danas-svecano-otvara-vrata-gradacac-obiljezava-200-godina-dzamije-husein-kapetana\\\/#primaryimage\"},\"thumbnailUrl\":\"https:\\\/\\\/tuzlainfo.ba\\\/wp-content\\\/uploads\\\/2026\\\/08\\\/gradacac_dzaamija_husejnija.jpg\",\"datePublished\":\"2026-09-06T08:02:04+00:00\",\"breadcrumb\":{\"@id\":\"https:\\\/\\\/tuzlainfo.ba\\\/index.php\\\/najava-dogadaja-2\\\/item\\\/314972-obnovljena-husejnija-danas-svecano-otvara-vrata-gradacac-obiljezava-200-godina-dzamije-husein-kapetana\\\/#breadcrumb\"},\"inLanguage\":\"bs-BA\",\"potentialAction\":[{\"@type\":\"ReadAction\",\"target\":[\"https:\\\/\\\/tuzlainfo.ba\\\/index.php\\\/najava-dogadaja-2\\\/item\\\/314972-obnovljena-husejnija-danas-svecano-otvara-vrata-gradacac-obiljezava-200-godina-dzamije-husein-kapetana\\\/\"]}]},{\"@type\":\"ImageObject\",\"inLanguage\":\"bs-BA\",\"@id\":\"https:\\\/\\\/tuzlainfo.ba\\\/index.php\\\/najava-dogadaja-2\\\/item\\\/314972-obnovljena-husejnija-danas-svecano-otvara-vrata-gradacac-obiljezava-200-godina-dzamije-husein-kapetana\\\/#primaryimage\",\"url\":\"https:\\\/\\\/tuzlainfo.ba\\\/wp-content\\\/uploads\\\/2026\\\/08\\\/gradacac_dzaamija_husejnija.jpg\",\"contentUrl\":\"https:\\\/\\\/tuzlainfo.ba\\\/wp-content\\\/uploads\\\/2026\\\/08\\\/gradacac_dzaamija_husejnija.jpg\",\"width\":1000,\"height\":689},{\"@type\":\"BreadcrumbList\",\"@id\":\"https:\\\/\\\/tuzlainfo.ba\\\/index.php\\\/najava-dogadaja-2\\\/item\\\/314972-obnovljena-husejnija-danas-svecano-otvara-vrata-gradacac-obiljezava-200-godina-dzamije-husein-kapetana\\\/#breadcrumb\",\"itemListElement\":[{\"@type\":\"ListItem\",\"position\":1,\"name\":\"Home\",\"item\":\"https:\\\/\\\/tuzlainfo.ba\\\/\"},{\"@type\":\"ListItem\",\"position\":2,\"name\":\"Obnovljena Husejnija danas sve\u010dano otvara vrata: Grada\u010dac obilje\u017eava 200 godina d\u017eamije Husein-kapetana\"}]},{\"@type\":\"WebSite\",\"@id\":\"https:\\\/\\\/tuzlainfo.ba\\\/#website\",\"url\":\"https:\\\/\\\/tuzlainfo.ba\\\/\",\"name\":\"TuzlaInfo.ba\",\"description\":\"Tuzla info, gradski informator - Tuzla na dlanu\",\"publisher\":{\"@id\":\"https:\\\/\\\/tuzlainfo.ba\\\/#organization\"},\"potentialAction\":[{\"@type\":\"SearchAction\",\"target\":{\"@type\":\"EntryPoint\",\"urlTemplate\":\"https:\\\/\\\/tuzlainfo.ba\\\/?s={search_term_string}\"},\"query-input\":{\"@type\":\"PropertyValueSpecification\",\"valueRequired\":true,\"valueName\":\"search_term_string\"}}],\"inLanguage\":\"bs-BA\"},{\"@type\":\"Organization\",\"@id\":\"https:\\\/\\\/tuzlainfo.ba\\\/#organization\",\"name\":\"TuzlaInfo.ba\",\"url\":\"https:\\\/\\\/tuzlainfo.ba\\\/\",\"logo\":{\"@type\":\"ImageObject\",\"inLanguage\":\"bs-BA\",\"@id\":\"https:\\\/\\\/tuzlainfo.ba\\\/#\\\/schema\\\/logo\\\/image\\\/\",\"url\":\"https:\\\/\\\/tuzlainfo.ba\\\/wp-content\\\/uploads\\\/2021\\\/03\\\/logo-ver-3-1.png\",\"contentUrl\":\"https:\\\/\\\/tuzlainfo.ba\\\/wp-content\\\/uploads\\\/2021\\\/03\\\/logo-ver-3-1.png\",\"width\":350,\"height\":95,\"caption\":\"TuzlaInfo.ba\"},\"image\":{\"@id\":\"https:\\\/\\\/tuzlainfo.ba\\\/#\\\/schema\\\/logo\\\/image\\\/\"},\"sameAs\":[\"https:\\\/\\\/www.facebook.com\\\/tuzlainfo.ba\\\/\"]},{\"@type\":\"Person\",\"@id\":\"https:\\\/\\\/tuzlainfo.ba\\\/#\\\/schema\\\/person\\\/593e78a2f6378c5ba3e7600ecfa4e63a\",\"name\":\"Admin Tri\",\"image\":{\"@type\":\"ImageObject\",\"inLanguage\":\"bs-BA\",\"@id\":\"https:\\\/\\\/secure.gravatar.com\\\/avatar\\\/b53a7f47acc7a09467757d8b2234cc38fa334b13599376e53104c0036b528ca1?s=96&d=mm&r=g\",\"url\":\"https:\\\/\\\/secure.gravatar.com\\\/avatar\\\/b53a7f47acc7a09467757d8b2234cc38fa334b13599376e53104c0036b528ca1?s=96&d=mm&r=g\",\"contentUrl\":\"https:\\\/\\\/secure.gravatar.com\\\/avatar\\\/b53a7f47acc7a09467757d8b2234cc38fa334b13599376e53104c0036b528ca1?s=96&d=mm&r=g\",\"caption\":\"Admin Tri\"},\"sameAs\":[\"https:\\\/\\\/tuzlainfo.ba\"]}]}<\/script>\n<!-- \/ Yoast SEO plugin. -->","yoast_head_json":{"title":"Obnovljena Husejnija danas sve\u010dano otvara vrata: Grada\u010dac obilje\u017eava 200 godina d\u017eamije Husein-kapetana","robots":{"index":"index","follow":"follow","max-snippet":"max-snippet:-1","max-image-preview":"max-image-preview:large","max-video-preview":"max-video-preview:-1"},"canonical":"https:\/\/tuzlainfo.ba\/index.php\/najava-dogadaja-2\/item\/314972-obnovljena-husejnija-danas-svecano-otvara-vrata-gradacac-obiljezava-200-godina-dzamije-husein-kapetana\/","og_locale":"bs_BA","og_type":"article","og_title":"Obnovljena Husejnija danas sve\u010dano otvara vrata: Grada\u010dac obilje\u017eava 200 godina d\u017eamije Husein-kapetana","og_description":"U Grada\u010dcu \u0107e danas biti uprili\u010deno sve\u010dano otvorenje obnovljene Husejnija d\u017eamije, \u010dime \u0107e ujedno biti obilje\u017een veliki jubilej \u2013 200 godina od izgradnje jednog od najprepoznatljivijih simbola ovog grada. Sve\u010danost po\u010dinje u 11:30 sati, a organizatori su Med\u017elis Islamske zajednice Grada\u010dac i D\u017eemat Husejnija. Prema najavama, sve\u010danosti \u0107e prisustvovati najvi\u0161i zvani\u010dnici Islamske zajednice u Bosni [&hellip;]","og_url":"https:\/\/tuzlainfo.ba\/index.php\/najava-dogadaja-2\/item\/314972-obnovljena-husejnija-danas-svecano-otvara-vrata-gradacac-obiljezava-200-godina-dzamije-husein-kapetana\/","og_site_name":"TuzlaInfo.ba","article_publisher":"https:\/\/www.facebook.com\/tuzlainfo.ba\/","article_published_time":"2026-09-06T08:02:04+00:00","og_image":[{"width":1000,"height":689,"url":"https:\/\/tuzlainfo.ba\/wp-content\/uploads\/2026\/08\/gradacac_dzaamija_husejnija.jpg","type":"image\/jpeg"}],"author":"Admin Tri","twitter_card":"summary_large_image","twitter_misc":{"Written by":"Admin Tri","Est. reading time":"2 minute"},"schema":{"@context":"https:\/\/schema.org","@graph":[{"@type":"Article","@id":"https:\/\/tuzlainfo.ba\/index.php\/najava-dogadaja-2\/item\/314972-obnovljena-husejnija-danas-svecano-otvara-vrata-gradacac-obiljezava-200-godina-dzamije-husein-kapetana\/#article","isPartOf":{"@id":"https:\/\/tuzlainfo.ba\/index.php\/najava-dogadaja-2\/item\/314972-obnovljena-husejnija-danas-svecano-otvara-vrata-gradacac-obiljezava-200-godina-dzamije-husein-kapetana\/"},"author":{"name":"Admin Tri","@id":"https:\/\/tuzlainfo.ba\/#\/schema\/person\/593e78a2f6378c5ba3e7600ecfa4e63a"},"headline":"Obnovljena Husejnija danas sve\u010dano otvara vrata: Grada\u010dac obilje\u017eava 200 godina d\u017eamije Husein-kapetana","datePublished":"2026-09-06T08:02:04+00:00","mainEntityOfPage":{"@id":"https:\/\/tuzlainfo.ba\/index.php\/najava-dogadaja-2\/item\/314972-obnovljena-husejnija-danas-svecano-otvara-vrata-gradacac-obiljezava-200-godina-dzamije-husein-kapetana\/"},"wordCount":388,"publisher":{"@id":"https:\/\/tuzlainfo.ba\/#organization"},"image":{"@id":"https:\/\/tuzlainfo.ba\/index.php\/najava-dogadaja-2\/item\/314972-obnovljena-husejnija-danas-svecano-otvara-vrata-gradacac-obiljezava-200-godina-dzamije-husein-kapetana\/#primaryimage"},"thumbnailUrl":"https:\/\/tuzlainfo.ba\/wp-content\/uploads\/2026\/08\/gradacac_dzaamija_husejnija.jpg","keywords":["d\u017eamija","grada\u010dac"],"articleSection":["Istaknuto","Najave i doga\u0111aji"],"inLanguage":"bs-BA","copyrightYear":"2026","copyrightHolder":{"@id":"https:\/\/tuzlainfo.ba\/#organization"}},{"@type":"WebPage","@id":"https:\/\/tuzlainfo.ba\/index.php\/najava-dogadaja-2\/item\/314972-obnovljena-husejnija-danas-svecano-otvara-vrata-gradacac-obiljezava-200-godina-dzamije-husein-kapetana\/","url":"https:\/\/tuzlainfo.ba\/index.php\/najava-dogadaja-2\/item\/314972-obnovljena-husejnija-danas-svecano-otvara-vrata-gradacac-obiljezava-200-godina-dzamije-husein-kapetana\/","name":"Obnovljena Husejnija danas sve\u010dano otvara vrata: Grada\u010dac obilje\u017eava 200 godina d\u017eamije Husein-kapetana","isPartOf":{"@id":"https:\/\/tuzlainfo.ba\/#website"},"primaryImageOfPage":{"@id":"https:\/\/tuzlainfo.ba\/index.php\/najava-dogadaja-2\/item\/314972-obnovljena-husejnija-danas-svecano-otvara-vrata-gradacac-obiljezava-200-godina-dzamije-husein-kapetana\/#primaryimage"},"image":{"@id":"https:\/\/tuzlainfo.ba\/index.php\/najava-dogadaja-2\/item\/314972-obnovljena-husejnija-danas-svecano-otvara-vrata-gradacac-obiljezava-200-godina-dzamije-husein-kapetana\/#primaryimage"},"thumbnailUrl":"https:\/\/tuzlainfo.ba\/wp-content\/uploads\/2026\/08\/gradacac_dzaamija_husejnija.jpg","datePublished":"2026-09-06T08:02:04+00:00","breadcrumb":{"@id":"https:\/\/tuzlainfo.ba\/index.php\/najava-dogadaja-2\/item\/314972-obnovljena-husejnija-danas-svecano-otvara-vrata-gradacac-obiljezava-200-godina-dzamije-husein-kapetana\/#breadcrumb"},"inLanguage":"bs-BA","potentialAction":[{"@type":"ReadAction","target":["https:\/\/tuzlainfo.ba\/index.php\/najava-dogadaja-2\/item\/314972-obnovljena-husejnija-danas-svecano-otvara-vrata-gradacac-obiljezava-200-godina-dzamije-husein-kapetana\/"]}]},{"@type":"ImageObject","inLanguage":"bs-BA","@id":"https:\/\/tuzlainfo.ba\/index.php\/najava-dogadaja-2\/item\/314972-obnovljena-husejnija-danas-svecano-otvara-vrata-gradacac-obiljezava-200-godina-dzamije-husein-kapetana\/#primaryimage","url":"https:\/\/tuzlainfo.ba\/wp-content\/uploads\/2026\/08\/gradacac_dzaamija_husejnija.jpg","contentUrl":"https:\/\/tuzlainfo.ba\/wp-content\/uploads\/2026\/08\/gradacac_dzaamija_husejnija.jpg","width":1000,"height":689},{"@type":"BreadcrumbList","@id":"https:\/\/tuzlainfo.ba\/index.php\/najava-dogadaja-2\/item\/314972-obnovljena-husejnija-danas-svecano-otvara-vrata-gradacac-obiljezava-200-godina-dzamije-husein-kapetana\/#breadcrumb","itemListElement":[{"@type":"ListItem","position":1,"name":"Home","item":"https:\/\/tuzlainfo.ba\/"},{"@type":"ListItem","position":2,"name":"Obnovljena Husejnija danas sve\u010dano otvara vrata: Grada\u010dac obilje\u017eava 200 godina d\u017eamije Husein-kapetana"}]},{"@type":"WebSite","@id":"https:\/\/tuzlainfo.ba\/#website","url":"https:\/\/tuzlainfo.ba\/","name":"TuzlaInfo.ba","description":"Tuzla info, gradski informator - Tuzla na dlanu","publisher":{"@id":"https:\/\/tuzlainfo.ba\/#organization"},"potentialAction":[{"@type":"SearchAction","target":{"@type":"EntryPoint","urlTemplate":"https:\/\/tuzlainfo.ba\/?s={search_term_string}"},"query-input":{"@type":"PropertyValueSpecification","valueRequired":true,"valueName":"search_term_string"}}],"inLanguage":"bs-BA"},{"@type":"Organization","@id":"https:\/\/tuzlainfo.ba\/#organization","name":"TuzlaInfo.ba","url":"https:\/\/tuzlainfo.ba\/","logo":{"@type":"ImageObject","inLanguage":"bs-BA","@id":"https:\/\/tuzlainfo.ba\/#\/schema\/logo\/image\/","url":"https:\/\/tuzlainfo.ba\/wp-content\/uploads\/2021\/03\/logo-ver-3-1.png","contentUrl":"https:\/\/tuzlainfo.ba\/wp-content\/uploads\/2021\/03\/logo-ver-3-1.png","width":350,"height":95,"caption":"TuzlaInfo.ba"},"image":{"@id":"https:\/\/tuzlainfo.ba\/#\/schema\/logo\/image\/"},"sameAs":["https:\/\/www.facebook.com\/tuzlainfo.ba\/"]},{"@type":"Person","@id":"https:\/\/tuzlainfo.ba\/#\/schema\/person\/593e78a2f6378c5ba3e7600ecfa4e63a","name":"Admin Tri","image":{"@type":"ImageObject","inLanguage":"bs-BA","@id":"https:\/\/secure.gravatar.com\/avatar\/b53a7f47acc7a09467757d8b2234cc38fa334b13599376e53104c0036b528ca1?s=96&d=mm&r=g","url":"https:\/\/secure.gravatar.com\/avatar\/b53a7f47acc7a09467757d8b2234cc38fa334b13599376e53104c0036b528ca1?s=96&d=mm&r=g","contentUrl":"https:\/\/secure.gravatar.com\/avatar\/b53a7f47acc7a09467757d8b2234cc38fa334b13599376e53104c0036b528ca1?s=96&d=mm&r=g","caption":"Admin Tri"},"sameAs":["https:\/\/tuzlainfo.ba"]}]}},"_links":{"self":[{"href":"https:\/\/tuzlainfo.ba\/index.php\/wp-json\/wp\/v2\/posts\/314972","targetHints":{"allow":["GET"]}}],"collection":[{"href":"https:\/\/tuzlainfo.ba\/index.php\/wp-json\/wp\/v2\/posts"}],"about":[{"href":"https:\/\/tuzlainfo.ba\/index.php\/wp-json\/wp\/v2\/types\/post"}],"author":[{"embeddable":true,"href":"https:\/\/tuzlainfo.ba\/index.php\/wp-json\/wp\/v2\/users\/8"}],"replies":[{"embeddable":true,"href":"https:\/\/tuzlainfo.ba\/index.php\/wp-json\/wp\/v2\/comments?post=314972"}],"version-history":[{"count":1,"href":"https:\/\/tuzlainfo.ba\/index.php\/wp-json\/wp\/v2\/posts\/314972\/revisions"}],"predecessor-version":[{"id":314973,"href":"https:\/\/tuzlainfo.ba\/index.php\/wp-json\/wp\/v2\/posts\/314972\/revisions\/314973"}],"wp:featuredmedia":[{"embeddable":true,"href":"https:\/\/tuzlainfo.ba\/index.php\/wp-json\/wp\/v2\/media\/313163"}],"wp:attachment":[{"href":"https:\/\/tuzlainfo.ba\/index.php\/wp-json\/wp\/v2\/media?parent=314972"}],"wp:term":[{"taxonomy":"category","embeddable":true,"href":"https:\/\/tuzlainfo.ba\/index.php\/wp-json\/wp\/v2\/categories?post=314972"},{"taxonomy":"post_tag","embeddable":true,"href":"https:\/\/tuzlainfo.ba\/index.php\/wp-json\/wp\/v2\/tags?post=314972"}],"curies":[{"name":"wp","href":"https:\/\/api.w.org\/{rel}","templated":true}]}}