{"id":314966,"date":"2026-09-04T15:32:52","date_gmt":"2026-09-04T13:32:52","guid":{"rendered":"https:\/\/tuzlainfo.ba\/?p=314966"},"modified":"2026-09-04T15:32:52","modified_gmt":"2026-09-04T13:32:52","slug":"mijatovic-i-jos-cetvero-optuzeni-tuzilastvo-tvrdi-da-je-konkurs-prilagodjavan-jednoj-kompaniji","status":"publish","type":"post","link":"https:\/\/tuzlainfo.ba\/index.php\/bosna-i-hercegovina\/item\/314966-mijatovic-i-jos-cetvero-optuzeni-tuzilastvo-tvrdi-da-je-konkurs-prilagodjavan-jednoj-kompaniji\/","title":{"rendered":"Mijatovi\u0107 i jo\u0161 \u010detvero optu\u017eeni: Tu\u017eila\u0161tvo tvrdi da je konkurs prilago\u0111avan jednoj kompaniji"},"content":{"rendered":"<p>Posebni odjel za suzbijanje korupcije, organizovanog i me\u0111ukantonalnog kriminala Federalnog tu\u017eila\u0161tva FBiH podigao je optu\u017enicu protiv federalnog ministra razvoja, poduzetni\u0161tva i obrta Vojina Mijatovi\u0107a i jo\u0161 \u010detiri osobe zbog sumnje na zloupotrebu polo\u017eaja ili ovla\u0161tenja prilikom dodjele gotovo milion KM grant sredstava.<\/p>\n<p>Optu\u017enicom su, osim Mijatovi\u0107a, obuhva\u0107eni Nevzet Sefa, stru\u010dni savjetnik u Federalnom ministarstvu razvoja, poduzetni\u0161tva i obrta, Adis Faji\u0107, pomo\u0107nik ministra u Sektoru za razvoj, te Bojan Lazi\u0107 i Harun Mlivo iz kompanije 38X Ventures d.o.o. Sarajevo.<\/p>\n<p>Optu\u017een je i pravni subjekt 38X Ventures d.o.o. Sarajevo.<\/p>\n<p>Prema navodima optu\u017enice, optu\u017eeni su od januara do kraja septembra 2025. godine na podru\u010dju Sarajeva i Mostara djelovali po prethodnom dogovoru s ciljem da kompaniji 38X Ventures osiguraju korist kroz javni konkurs Federalnog ministarstva razvoja, poduzetni\u0161tva i obrta.<\/p>\n<p>Rije\u010d je o grant sredstvima u iznosu od 600.000 ameri\u010dkih dolara, odnosno 997.363,80 KM, namijenjenim pla\u0107anju licence za odr\u017eavanje i implementaciju me\u0111unarodno priznatog akceleratorskog programa Techstars LLC iz Sjedinjenih Ameri\u010dkih Dr\u017eava u Federaciji BiH.<\/p>\n<p>Tu\u017eila\u0161tvo tvrdi da su prije i tokom provo\u0111enja javnog konkursa poduzimane radnje kojima su uslovi prilago\u0111avani kompaniji 38X Ventures.<\/p>\n<p>Prema optu\u017enici, ta kompanija je kroz formiranje Konzorcija Techstars Sarajevo mogla ispuniti postavljene kriterije, dok su druga zainteresovana pravna lica time, kako se navodi, dovedena u nepovoljniji polo\u017eaj.<\/p>\n<p>Na ovaj na\u010din je, prema tvrdnjama Tu\u017eila\u0161tva, kompaniji 38X Ventures, kao predstavniku i nosiocu poslova, prava i obaveza Konzorcija Techstars Sarajevo, pribavljena imovinska korist od najmanje 997.363,80 KM.<\/p>\n<p>Za glavni pretres predlo\u017eeno je saslu\u0161anje 50 svjedoka i pet vje\u0161taka, kao i izvo\u0111enje pribli\u017eno 350 materijalnih dokaza.<\/p>\n<p>Istraga je provedena u saradnji s Ministarstvom unutra\u0161njih poslova Kantona Sarajevo, \u010diji su policijski slu\u017ebenici pod nadzorom postupaju\u0107eg tu\u017eioca proveli zna\u010dajan dio istra\u017enih aktivnosti.<\/p>\n<p>U istrazi je u\u010destvovala i Dr\u017eavna agencija za istrage i za\u0161titu \u2013 SIPA.<\/p>\n<p>O navodima optu\u017enice i eventualnoj krivici optu\u017eenih odlu\u010divat \u0107e nadle\u017eni sud.<\/p>\n","protected":false},"excerpt":{"rendered":"<p>Posebni odjel za suzbijanje korupcije, organizovanog i me\u0111ukantonalnog kriminala Federalnog tu\u017eila\u0161tva FBiH podigao je optu\u017enicu protiv federalnog ministra razvoja, poduzetni\u0161tva i obrta Vojina Mijatovi\u0107a i jo\u0161 \u010detiri osobe zbog sumnje na zloupotrebu polo\u017eaja ili ovla\u0161tenja prilikom dodjele gotovo milion KM grant sredstava. Optu\u017enicom su, osim Mijatovi\u0107a, obuhva\u0107eni Nevzet Sefa, stru\u010dni savjetnik u Federalnom ministarstvu razvoja, [&hellip;]<\/p>\n","protected":false},"author":8,"featured_media":281628,"comment_status":"closed","ping_status":"closed","sticky":false,"template":"","format":"standard","meta":{"footnotes":""},"categories":[291],"tags":[1044],"class_list":["post-314966","post","type-post","status-publish","format-standard","has-post-thumbnail","hentry","category-bosna-i-hercegovina","tag-vojin-mijatovic"],"yoast_head":"<!-- This site is optimized with the Yoast SEO plugin v28.4 - https:\/\/yoast.com\/product\/yoast-seo-wordpress\/ -->\n<title>Mijatovi\u0107 i jo\u0161 \u010detvero optu\u017eeni: Tu\u017eila\u0161tvo tvrdi da je konkurs prilago\u0111avan jednoj kompaniji<\/title>\n<meta name=\"robots\" content=\"index, follow, max-snippet:-1, max-image-preview:large, max-video-preview:-1\" \/>\n<link rel=\"canonical\" href=\"https:\/\/tuzlainfo.ba\/index.php\/bosna-i-hercegovina\/item\/314966-mijatovic-i-jos-cetvero-optuzeni-tuzilastvo-tvrdi-da-je-konkurs-prilagodjavan-jednoj-kompaniji\/\" \/>\n<meta property=\"og:locale\" content=\"bs_BA\" \/>\n<meta property=\"og:type\" content=\"article\" \/>\n<meta property=\"og:title\" content=\"Mijatovi\u0107 i jo\u0161 \u010detvero optu\u017eeni: Tu\u017eila\u0161tvo tvrdi da je konkurs prilago\u0111avan jednoj kompaniji\" \/>\n<meta property=\"og:description\" content=\"Posebni odjel za suzbijanje korupcije, organizovanog i me\u0111ukantonalnog kriminala Federalnog tu\u017eila\u0161tva FBiH podigao je optu\u017enicu protiv federalnog ministra razvoja, poduzetni\u0161tva i obrta Vojina Mijatovi\u0107a i jo\u0161 \u010detiri osobe zbog sumnje na zloupotrebu polo\u017eaja ili ovla\u0161tenja prilikom dodjele gotovo milion KM grant sredstava. Optu\u017enicom su, osim Mijatovi\u0107a, obuhva\u0107eni Nevzet Sefa, stru\u010dni savjetnik u Federalnom ministarstvu razvoja, [&hellip;]\" \/>\n<meta property=\"og:url\" content=\"https:\/\/tuzlainfo.ba\/index.php\/bosna-i-hercegovina\/item\/314966-mijatovic-i-jos-cetvero-optuzeni-tuzilastvo-tvrdi-da-je-konkurs-prilagodjavan-jednoj-kompaniji\/\" \/>\n<meta property=\"og:site_name\" content=\"TuzlaInfo.ba\" \/>\n<meta property=\"article:publisher\" content=\"https:\/\/www.facebook.com\/tuzlainfo.ba\/\" \/>\n<meta property=\"article:published_time\" content=\"2026-09-04T13:32:52+00:00\" \/>\n<meta property=\"og:image\" content=\"https:\/\/tuzlainfo.ba\/wp-content\/uploads\/2025\/09\/2409_vojin-mijatovic.webp\" \/>\n\t<meta property=\"og:image:width\" content=\"1392\" \/>\n\t<meta property=\"og:image:height\" content=\"1020\" \/>\n\t<meta property=\"og:image:type\" content=\"image\/webp\" \/>\n<meta name=\"author\" content=\"Admin Tri\" \/>\n<meta name=\"twitter:card\" content=\"summary_large_image\" \/>\n<meta name=\"twitter:label1\" content=\"Written by\" \/>\n\t<meta name=\"twitter:data1\" content=\"Admin Tri\" \/>\n\t<meta name=\"twitter:label2\" content=\"Est. reading time\" \/>\n\t<meta name=\"twitter:data2\" content=\"2 minute\" \/>\n<script type=\"application\/ld+json\" class=\"yoast-schema-graph\">{\"@context\":\"https:\\\/\\\/schema.org\",\"@graph\":[{\"@type\":\"Article\",\"@id\":\"https:\\\/\\\/tuzlainfo.ba\\\/index.php\\\/bosna-i-hercegovina\\\/item\\\/314966-mijatovic-i-jos-cetvero-optuzeni-tuzilastvo-tvrdi-da-je-konkurs-prilagodjavan-jednoj-kompaniji\\\/#article\",\"isPartOf\":{\"@id\":\"https:\\\/\\\/tuzlainfo.ba\\\/index.php\\\/bosna-i-hercegovina\\\/item\\\/314966-mijatovic-i-jos-cetvero-optuzeni-tuzilastvo-tvrdi-da-je-konkurs-prilagodjavan-jednoj-kompaniji\\\/\"},\"author\":{\"name\":\"Admin Tri\",\"@id\":\"https:\\\/\\\/tuzlainfo.ba\\\/#\\\/schema\\\/person\\\/593e78a2f6378c5ba3e7600ecfa4e63a\"},\"headline\":\"Mijatovi\u0107 i jo\u0161 \u010detvero optu\u017eeni: Tu\u017eila\u0161tvo tvrdi da je konkurs prilago\u0111avan jednoj kompaniji\",\"datePublished\":\"2026-09-04T13:32:52+00:00\",\"mainEntityOfPage\":{\"@id\":\"https:\\\/\\\/tuzlainfo.ba\\\/index.php\\\/bosna-i-hercegovina\\\/item\\\/314966-mijatovic-i-jos-cetvero-optuzeni-tuzilastvo-tvrdi-da-je-konkurs-prilagodjavan-jednoj-kompaniji\\\/\"},\"wordCount\":366,\"publisher\":{\"@id\":\"https:\\\/\\\/tuzlainfo.ba\\\/#organization\"},\"image\":{\"@id\":\"https:\\\/\\\/tuzlainfo.ba\\\/index.php\\\/bosna-i-hercegovina\\\/item\\\/314966-mijatovic-i-jos-cetvero-optuzeni-tuzilastvo-tvrdi-da-je-konkurs-prilagodjavan-jednoj-kompaniji\\\/#primaryimage\"},\"thumbnailUrl\":\"https:\\\/\\\/tuzlainfo.ba\\\/wp-content\\\/uploads\\\/2025\\\/09\\\/2409_vojin-mijatovic.webp\",\"keywords\":[\"vojin mijatovi\u0107\"],\"articleSection\":[\"Bosna i Hercegovina\"],\"inLanguage\":\"bs-BA\",\"copyrightYear\":\"2026\",\"copyrightHolder\":{\"@id\":\"https:\\\/\\\/tuzlainfo.ba\\\/#organization\"}},{\"@type\":\"WebPage\",\"@id\":\"https:\\\/\\\/tuzlainfo.ba\\\/index.php\\\/bosna-i-hercegovina\\\/item\\\/314966-mijatovic-i-jos-cetvero-optuzeni-tuzilastvo-tvrdi-da-je-konkurs-prilagodjavan-jednoj-kompaniji\\\/\",\"url\":\"https:\\\/\\\/tuzlainfo.ba\\\/index.php\\\/bosna-i-hercegovina\\\/item\\\/314966-mijatovic-i-jos-cetvero-optuzeni-tuzilastvo-tvrdi-da-je-konkurs-prilagodjavan-jednoj-kompaniji\\\/\",\"name\":\"Mijatovi\u0107 i jo\u0161 \u010detvero optu\u017eeni: Tu\u017eila\u0161tvo tvrdi da je konkurs prilago\u0111avan jednoj kompaniji\",\"isPartOf\":{\"@id\":\"https:\\\/\\\/tuzlainfo.ba\\\/#website\"},\"primaryImageOfPage\":{\"@id\":\"https:\\\/\\\/tuzlainfo.ba\\\/index.php\\\/bosna-i-hercegovina\\\/item\\\/314966-mijatovic-i-jos-cetvero-optuzeni-tuzilastvo-tvrdi-da-je-konkurs-prilagodjavan-jednoj-kompaniji\\\/#primaryimage\"},\"image\":{\"@id\":\"https:\\\/\\\/tuzlainfo.ba\\\/index.php\\\/bosna-i-hercegovina\\\/item\\\/314966-mijatovic-i-jos-cetvero-optuzeni-tuzilastvo-tvrdi-da-je-konkurs-prilagodjavan-jednoj-kompaniji\\\/#primaryimage\"},\"thumbnailUrl\":\"https:\\\/\\\/tuzlainfo.ba\\\/wp-content\\\/uploads\\\/2025\\\/09\\\/2409_vojin-mijatovic.webp\",\"datePublished\":\"2026-09-04T13:32:52+00:00\",\"breadcrumb\":{\"@id\":\"https:\\\/\\\/tuzlainfo.ba\\\/index.php\\\/bosna-i-hercegovina\\\/item\\\/314966-mijatovic-i-jos-cetvero-optuzeni-tuzilastvo-tvrdi-da-je-konkurs-prilagodjavan-jednoj-kompaniji\\\/#breadcrumb\"},\"inLanguage\":\"bs-BA\",\"potentialAction\":[{\"@type\":\"ReadAction\",\"target\":[\"https:\\\/\\\/tuzlainfo.ba\\\/index.php\\\/bosna-i-hercegovina\\\/item\\\/314966-mijatovic-i-jos-cetvero-optuzeni-tuzilastvo-tvrdi-da-je-konkurs-prilagodjavan-jednoj-kompaniji\\\/\"]}]},{\"@type\":\"ImageObject\",\"inLanguage\":\"bs-BA\",\"@id\":\"https:\\\/\\\/tuzlainfo.ba\\\/index.php\\\/bosna-i-hercegovina\\\/item\\\/314966-mijatovic-i-jos-cetvero-optuzeni-tuzilastvo-tvrdi-da-je-konkurs-prilagodjavan-jednoj-kompaniji\\\/#primaryimage\",\"url\":\"https:\\\/\\\/tuzlainfo.ba\\\/wp-content\\\/uploads\\\/2025\\\/09\\\/2409_vojin-mijatovic.webp\",\"contentUrl\":\"https:\\\/\\\/tuzlainfo.ba\\\/wp-content\\\/uploads\\\/2025\\\/09\\\/2409_vojin-mijatovic.webp\",\"width\":1392,\"height\":1020},{\"@type\":\"BreadcrumbList\",\"@id\":\"https:\\\/\\\/tuzlainfo.ba\\\/index.php\\\/bosna-i-hercegovina\\\/item\\\/314966-mijatovic-i-jos-cetvero-optuzeni-tuzilastvo-tvrdi-da-je-konkurs-prilagodjavan-jednoj-kompaniji\\\/#breadcrumb\",\"itemListElement\":[{\"@type\":\"ListItem\",\"position\":1,\"name\":\"Home\",\"item\":\"https:\\\/\\\/tuzlainfo.ba\\\/\"},{\"@type\":\"ListItem\",\"position\":2,\"name\":\"Mijatovi\u0107 i jo\u0161 \u010detvero optu\u017eeni: Tu\u017eila\u0161tvo tvrdi da je konkurs prilago\u0111avan jednoj kompaniji\"}]},{\"@type\":\"WebSite\",\"@id\":\"https:\\\/\\\/tuzlainfo.ba\\\/#website\",\"url\":\"https:\\\/\\\/tuzlainfo.ba\\\/\",\"name\":\"TuzlaInfo.ba\",\"description\":\"Tuzla info, gradski informator - Tuzla na dlanu\",\"publisher\":{\"@id\":\"https:\\\/\\\/tuzlainfo.ba\\\/#organization\"},\"potentialAction\":[{\"@type\":\"SearchAction\",\"target\":{\"@type\":\"EntryPoint\",\"urlTemplate\":\"https:\\\/\\\/tuzlainfo.ba\\\/?s={search_term_string}\"},\"query-input\":{\"@type\":\"PropertyValueSpecification\",\"valueRequired\":true,\"valueName\":\"search_term_string\"}}],\"inLanguage\":\"bs-BA\"},{\"@type\":\"Organization\",\"@id\":\"https:\\\/\\\/tuzlainfo.ba\\\/#organization\",\"name\":\"TuzlaInfo.ba\",\"url\":\"https:\\\/\\\/tuzlainfo.ba\\\/\",\"logo\":{\"@type\":\"ImageObject\",\"inLanguage\":\"bs-BA\",\"@id\":\"https:\\\/\\\/tuzlainfo.ba\\\/#\\\/schema\\\/logo\\\/image\\\/\",\"url\":\"https:\\\/\\\/tuzlainfo.ba\\\/wp-content\\\/uploads\\\/2021\\\/03\\\/logo-ver-3-1.png\",\"contentUrl\":\"https:\\\/\\\/tuzlainfo.ba\\\/wp-content\\\/uploads\\\/2021\\\/03\\\/logo-ver-3-1.png\",\"width\":350,\"height\":95,\"caption\":\"TuzlaInfo.ba\"},\"image\":{\"@id\":\"https:\\\/\\\/tuzlainfo.ba\\\/#\\\/schema\\\/logo\\\/image\\\/\"},\"sameAs\":[\"https:\\\/\\\/www.facebook.com\\\/tuzlainfo.ba\\\/\"]},{\"@type\":\"Person\",\"@id\":\"https:\\\/\\\/tuzlainfo.ba\\\/#\\\/schema\\\/person\\\/593e78a2f6378c5ba3e7600ecfa4e63a\",\"name\":\"Admin Tri\",\"image\":{\"@type\":\"ImageObject\",\"inLanguage\":\"bs-BA\",\"@id\":\"https:\\\/\\\/secure.gravatar.com\\\/avatar\\\/b53a7f47acc7a09467757d8b2234cc38fa334b13599376e53104c0036b528ca1?s=96&d=mm&r=g\",\"url\":\"https:\\\/\\\/secure.gravatar.com\\\/avatar\\\/b53a7f47acc7a09467757d8b2234cc38fa334b13599376e53104c0036b528ca1?s=96&d=mm&r=g\",\"contentUrl\":\"https:\\\/\\\/secure.gravatar.com\\\/avatar\\\/b53a7f47acc7a09467757d8b2234cc38fa334b13599376e53104c0036b528ca1?s=96&d=mm&r=g\",\"caption\":\"Admin Tri\"},\"sameAs\":[\"https:\\\/\\\/tuzlainfo.ba\"]}]}<\/script>\n<!-- \/ Yoast SEO plugin. -->","yoast_head_json":{"title":"Mijatovi\u0107 i jo\u0161 \u010detvero optu\u017eeni: Tu\u017eila\u0161tvo tvrdi da je konkurs prilago\u0111avan jednoj kompaniji","robots":{"index":"index","follow":"follow","max-snippet":"max-snippet:-1","max-image-preview":"max-image-preview:large","max-video-preview":"max-video-preview:-1"},"canonical":"https:\/\/tuzlainfo.ba\/index.php\/bosna-i-hercegovina\/item\/314966-mijatovic-i-jos-cetvero-optuzeni-tuzilastvo-tvrdi-da-je-konkurs-prilagodjavan-jednoj-kompaniji\/","og_locale":"bs_BA","og_type":"article","og_title":"Mijatovi\u0107 i jo\u0161 \u010detvero optu\u017eeni: Tu\u017eila\u0161tvo tvrdi da je konkurs prilago\u0111avan jednoj kompaniji","og_description":"Posebni odjel za suzbijanje korupcije, organizovanog i me\u0111ukantonalnog kriminala Federalnog tu\u017eila\u0161tva FBiH podigao je optu\u017enicu protiv federalnog ministra razvoja, poduzetni\u0161tva i obrta Vojina Mijatovi\u0107a i jo\u0161 \u010detiri osobe zbog sumnje na zloupotrebu polo\u017eaja ili ovla\u0161tenja prilikom dodjele gotovo milion KM grant sredstava. Optu\u017enicom su, osim Mijatovi\u0107a, obuhva\u0107eni Nevzet Sefa, stru\u010dni savjetnik u Federalnom ministarstvu razvoja, [&hellip;]","og_url":"https:\/\/tuzlainfo.ba\/index.php\/bosna-i-hercegovina\/item\/314966-mijatovic-i-jos-cetvero-optuzeni-tuzilastvo-tvrdi-da-je-konkurs-prilagodjavan-jednoj-kompaniji\/","og_site_name":"TuzlaInfo.ba","article_publisher":"https:\/\/www.facebook.com\/tuzlainfo.ba\/","article_published_time":"2026-09-04T13:32:52+00:00","og_image":[{"width":1392,"height":1020,"url":"https:\/\/tuzlainfo.ba\/wp-content\/uploads\/2025\/09\/2409_vojin-mijatovic.webp","type":"image\/webp"}],"author":"Admin Tri","twitter_card":"summary_large_image","twitter_misc":{"Written by":"Admin Tri","Est. reading time":"2 minute"},"schema":{"@context":"https:\/\/schema.org","@graph":[{"@type":"Article","@id":"https:\/\/tuzlainfo.ba\/index.php\/bosna-i-hercegovina\/item\/314966-mijatovic-i-jos-cetvero-optuzeni-tuzilastvo-tvrdi-da-je-konkurs-prilagodjavan-jednoj-kompaniji\/#article","isPartOf":{"@id":"https:\/\/tuzlainfo.ba\/index.php\/bosna-i-hercegovina\/item\/314966-mijatovic-i-jos-cetvero-optuzeni-tuzilastvo-tvrdi-da-je-konkurs-prilagodjavan-jednoj-kompaniji\/"},"author":{"name":"Admin Tri","@id":"https:\/\/tuzlainfo.ba\/#\/schema\/person\/593e78a2f6378c5ba3e7600ecfa4e63a"},"headline":"Mijatovi\u0107 i jo\u0161 \u010detvero optu\u017eeni: Tu\u017eila\u0161tvo tvrdi da je konkurs prilago\u0111avan jednoj kompaniji","datePublished":"2026-09-04T13:32:52+00:00","mainEntityOfPage":{"@id":"https:\/\/tuzlainfo.ba\/index.php\/bosna-i-hercegovina\/item\/314966-mijatovic-i-jos-cetvero-optuzeni-tuzilastvo-tvrdi-da-je-konkurs-prilagodjavan-jednoj-kompaniji\/"},"wordCount":366,"publisher":{"@id":"https:\/\/tuzlainfo.ba\/#organization"},"image":{"@id":"https:\/\/tuzlainfo.ba\/index.php\/bosna-i-hercegovina\/item\/314966-mijatovic-i-jos-cetvero-optuzeni-tuzilastvo-tvrdi-da-je-konkurs-prilagodjavan-jednoj-kompaniji\/#primaryimage"},"thumbnailUrl":"https:\/\/tuzlainfo.ba\/wp-content\/uploads\/2025\/09\/2409_vojin-mijatovic.webp","keywords":["vojin mijatovi\u0107"],"articleSection":["Bosna i Hercegovina"],"inLanguage":"bs-BA","copyrightYear":"2026","copyrightHolder":{"@id":"https:\/\/tuzlainfo.ba\/#organization"}},{"@type":"WebPage","@id":"https:\/\/tuzlainfo.ba\/index.php\/bosna-i-hercegovina\/item\/314966-mijatovic-i-jos-cetvero-optuzeni-tuzilastvo-tvrdi-da-je-konkurs-prilagodjavan-jednoj-kompaniji\/","url":"https:\/\/tuzlainfo.ba\/index.php\/bosna-i-hercegovina\/item\/314966-mijatovic-i-jos-cetvero-optuzeni-tuzilastvo-tvrdi-da-je-konkurs-prilagodjavan-jednoj-kompaniji\/","name":"Mijatovi\u0107 i jo\u0161 \u010detvero optu\u017eeni: Tu\u017eila\u0161tvo tvrdi da je konkurs prilago\u0111avan jednoj kompaniji","isPartOf":{"@id":"https:\/\/tuzlainfo.ba\/#website"},"primaryImageOfPage":{"@id":"https:\/\/tuzlainfo.ba\/index.php\/bosna-i-hercegovina\/item\/314966-mijatovic-i-jos-cetvero-optuzeni-tuzilastvo-tvrdi-da-je-konkurs-prilagodjavan-jednoj-kompaniji\/#primaryimage"},"image":{"@id":"https:\/\/tuzlainfo.ba\/index.php\/bosna-i-hercegovina\/item\/314966-mijatovic-i-jos-cetvero-optuzeni-tuzilastvo-tvrdi-da-je-konkurs-prilagodjavan-jednoj-kompaniji\/#primaryimage"},"thumbnailUrl":"https:\/\/tuzlainfo.ba\/wp-content\/uploads\/2025\/09\/2409_vojin-mijatovic.webp","datePublished":"2026-09-04T13:32:52+00:00","breadcrumb":{"@id":"https:\/\/tuzlainfo.ba\/index.php\/bosna-i-hercegovina\/item\/314966-mijatovic-i-jos-cetvero-optuzeni-tuzilastvo-tvrdi-da-je-konkurs-prilagodjavan-jednoj-kompaniji\/#breadcrumb"},"inLanguage":"bs-BA","potentialAction":[{"@type":"ReadAction","target":["https:\/\/tuzlainfo.ba\/index.php\/bosna-i-hercegovina\/item\/314966-mijatovic-i-jos-cetvero-optuzeni-tuzilastvo-tvrdi-da-je-konkurs-prilagodjavan-jednoj-kompaniji\/"]}]},{"@type":"ImageObject","inLanguage":"bs-BA","@id":"https:\/\/tuzlainfo.ba\/index.php\/bosna-i-hercegovina\/item\/314966-mijatovic-i-jos-cetvero-optuzeni-tuzilastvo-tvrdi-da-je-konkurs-prilagodjavan-jednoj-kompaniji\/#primaryimage","url":"https:\/\/tuzlainfo.ba\/wp-content\/uploads\/2025\/09\/2409_vojin-mijatovic.webp","contentUrl":"https:\/\/tuzlainfo.ba\/wp-content\/uploads\/2025\/09\/2409_vojin-mijatovic.webp","width":1392,"height":1020},{"@type":"BreadcrumbList","@id":"https:\/\/tuzlainfo.ba\/index.php\/bosna-i-hercegovina\/item\/314966-mijatovic-i-jos-cetvero-optuzeni-tuzilastvo-tvrdi-da-je-konkurs-prilagodjavan-jednoj-kompaniji\/#breadcrumb","itemListElement":[{"@type":"ListItem","position":1,"name":"Home","item":"https:\/\/tuzlainfo.ba\/"},{"@type":"ListItem","position":2,"name":"Mijatovi\u0107 i jo\u0161 \u010detvero optu\u017eeni: Tu\u017eila\u0161tvo tvrdi da je konkurs prilago\u0111avan jednoj kompaniji"}]},{"@type":"WebSite","@id":"https:\/\/tuzlainfo.ba\/#website","url":"https:\/\/tuzlainfo.ba\/","name":"TuzlaInfo.ba","description":"Tuzla info, gradski informator - Tuzla na dlanu","publisher":{"@id":"https:\/\/tuzlainfo.ba\/#organization"},"potentialAction":[{"@type":"SearchAction","target":{"@type":"EntryPoint","urlTemplate":"https:\/\/tuzlainfo.ba\/?s={search_term_string}"},"query-input":{"@type":"PropertyValueSpecification","valueRequired":true,"valueName":"search_term_string"}}],"inLanguage":"bs-BA"},{"@type":"Organization","@id":"https:\/\/tuzlainfo.ba\/#organization","name":"TuzlaInfo.ba","url":"https:\/\/tuzlainfo.ba\/","logo":{"@type":"ImageObject","inLanguage":"bs-BA","@id":"https:\/\/tuzlainfo.ba\/#\/schema\/logo\/image\/","url":"https:\/\/tuzlainfo.ba\/wp-content\/uploads\/2021\/03\/logo-ver-3-1.png","contentUrl":"https:\/\/tuzlainfo.ba\/wp-content\/uploads\/2021\/03\/logo-ver-3-1.png","width":350,"height":95,"caption":"TuzlaInfo.ba"},"image":{"@id":"https:\/\/tuzlainfo.ba\/#\/schema\/logo\/image\/"},"sameAs":["https:\/\/www.facebook.com\/tuzlainfo.ba\/"]},{"@type":"Person","@id":"https:\/\/tuzlainfo.ba\/#\/schema\/person\/593e78a2f6378c5ba3e7600ecfa4e63a","name":"Admin Tri","image":{"@type":"ImageObject","inLanguage":"bs-BA","@id":"https:\/\/secure.gravatar.com\/avatar\/b53a7f47acc7a09467757d8b2234cc38fa334b13599376e53104c0036b528ca1?s=96&d=mm&r=g","url":"https:\/\/secure.gravatar.com\/avatar\/b53a7f47acc7a09467757d8b2234cc38fa334b13599376e53104c0036b528ca1?s=96&d=mm&r=g","contentUrl":"https:\/\/secure.gravatar.com\/avatar\/b53a7f47acc7a09467757d8b2234cc38fa334b13599376e53104c0036b528ca1?s=96&d=mm&r=g","caption":"Admin Tri"},"sameAs":["https:\/\/tuzlainfo.ba"]}]}},"_links":{"self":[{"href":"https:\/\/tuzlainfo.ba\/index.php\/wp-json\/wp\/v2\/posts\/314966","targetHints":{"allow":["GET"]}}],"collection":[{"href":"https:\/\/tuzlainfo.ba\/index.php\/wp-json\/wp\/v2\/posts"}],"about":[{"href":"https:\/\/tuzlainfo.ba\/index.php\/wp-json\/wp\/v2\/types\/post"}],"author":[{"embeddable":true,"href":"https:\/\/tuzlainfo.ba\/index.php\/wp-json\/wp\/v2\/users\/8"}],"replies":[{"embeddable":true,"href":"https:\/\/tuzlainfo.ba\/index.php\/wp-json\/wp\/v2\/comments?post=314966"}],"version-history":[{"count":1,"href":"https:\/\/tuzlainfo.ba\/index.php\/wp-json\/wp\/v2\/posts\/314966\/revisions"}],"predecessor-version":[{"id":314967,"href":"https:\/\/tuzlainfo.ba\/index.php\/wp-json\/wp\/v2\/posts\/314966\/revisions\/314967"}],"wp:featuredmedia":[{"embeddable":true,"href":"https:\/\/tuzlainfo.ba\/index.php\/wp-json\/wp\/v2\/media\/281628"}],"wp:attachment":[{"href":"https:\/\/tuzlainfo.ba\/index.php\/wp-json\/wp\/v2\/media?parent=314966"}],"wp:term":[{"taxonomy":"category","embeddable":true,"href":"https:\/\/tuzlainfo.ba\/index.php\/wp-json\/wp\/v2\/categories?post=314966"},{"taxonomy":"post_tag","embeddable":true,"href":"https:\/\/tuzlainfo.ba\/index.php\/wp-json\/wp\/v2\/tags?post=314966"}],"curies":[{"name":"wp","href":"https:\/\/api.w.org\/{rel}","templated":true}]}}