{"id":314956,"date":"2026-09-04T18:10:58","date_gmt":"2026-09-04T16:10:58","guid":{"rendered":"https:\/\/tuzlainfo.ba\/?p=314956"},"modified":"2026-09-04T15:31:52","modified_gmt":"2026-09-04T13:31:52","slug":"muftija-fazlovic-u-podrinju-u-svakoj-kusnji-bit-cemo-zajedno","status":"publish","type":"post","link":"https:\/\/tuzlainfo.ba\/index.php\/novosti\/item\/314956-muftija-fazlovic-u-podrinju-u-svakoj-kusnji-bit-cemo-zajedno\/","title":{"rendered":"Muftija Fazlovi\u0107 u Podrinju: \u201eU svakoj ku\u0161nji bit \u0107emo zajedno\u201c"},"content":{"rendered":"<p class=\"wp-block-paragraph\">Muftija tuzlanski dr. Vahid-ef. Fazlovi\u0107 posjetio je danas med\u017elise Islamske zajednice \u00a0u Podrinju: Srebrenicu, Bratunac, Zvornik i Vlasenicu. S glavnim imamima i predsjednicima med\u017elisa razgovarao je o stanju u d\u017eematima na ovom podru\u010dju. Posebna pa\u017enja tokom razgovora usmjerena je na ponovna uznemiravanja Bo\u0161njaka koji \u017eive u Podrinju.<\/p>\n<p class=\"wp-block-paragraph\">Muftija Fazlovi\u0107 d\u017euma-namaz je klanjao na musali \u0161ehitluka Genocida u Poto\u010darima. Hutbu je govorio Haris-ef. Had\u017ei\u0107, glavni imam Oru\u017eanih snaga Bosne i Hercegovine. Kako je to praksa ve\u0107 dugi niz godina, prvog petka u septembru d\u017eumi u Poto\u010darima prisustvovali su i \u010dlanovi Koordinacije bora\u010dkih saveza i organizacija Federacije Bosne i Hercegovine.<\/p>\n<figure class=\"wp-block-image size-large\"><img fetchpriority=\"high\" decoding=\"async\" class=\"wp-image-80014\" src=\"https:\/\/muftijstvotz.ba\/muftijstvof\/wp-content\/uploads\/2026\/09\/WhatsApp-Image-2026-09-04-at-13.01.58-1024x682.jpeg\" sizes=\"(max-width: 1024px) 100vw, 1024px\" srcset=\"https:\/\/muftijstvotz.ba\/muftijstvof\/wp-content\/uploads\/2026\/09\/WhatsApp-Image-2026-09-04-at-13.01.58-1024x682.jpeg 1024w, https:\/\/muftijstvotz.ba\/muftijstvof\/wp-content\/uploads\/2026\/09\/WhatsApp-Image-2026-09-04-at-13.01.58-768x512.jpeg 768w, https:\/\/muftijstvotz.ba\/muftijstvof\/wp-content\/uploads\/2026\/09\/WhatsApp-Image-2026-09-04-at-13.01.58-1536x1023.jpeg 1536w, https:\/\/muftijstvotz.ba\/muftijstvof\/wp-content\/uploads\/2026\/09\/WhatsApp-Image-2026-09-04-at-13.01.58.jpeg 1600w\" alt=\"\" width=\"1024\" height=\"682\" \/><\/figure>\n<p class=\"wp-block-paragraph\">Prije d\u017euma-namaza muftija Fazlovi\u0107 se obratio d\u017eematlijama, govore\u0107i o zna\u010daju ovog dana, mevludskog mjeseca i okupljanja na ovom \u010dasnom mjestu.<\/p>\n<p class=\"wp-block-paragraph\">\u2013 U odabranom smo danu d\u017euma-namaza, u mevludskom mjesecu u kojem je u punini zasjala milost Bo\u017eja i ljudima i svjetovima se kao uputitelj i spasitelj rodio na\u0161 pejgamber Muhammed, alejhi selam. Na ovom \u010dasnom mjestu, u \u0161ehitlucima Genocida u Poto\u010darima, iskazujem zahvalnost i duboko po\u0161tovanje svima vama koji \u017eivite u Srebrenici, Bratuncu i u Bosanskom Podrinju, kao i vama cijenjenim musafirima. Zajedno smo danas u ovom na\u0161em ibadetu, sa skru\u0161enim dovama za du\u0161e na\u0161ih \u0161ehida i za Allahovu milost na njih, istakao je muftija.<\/p>\n<p class=\"wp-block-paragraph\">Muftija Fazlovi\u0107 se zahvalio Muftijstvu vojnom i na\u0161im gazijama koji su se, nastavljaju\u0107i svoju tradiciju, danas okupili na d\u017euma-namazu u Poto\u010darima. Naglasio je da je veza Bo\u0161njaka sa Srebrenicom, Podrinjem i \u0161ehidskim mezarjem u Poto\u010darima trajna i neraskidiva.<\/p>\n<p class=\"wp-block-paragraph\">\u2013 I danas svjedo\u010dimo da smo neraskidivo vezani za \u0161ehitsko mezarje i Memorijalni centar u Poto\u010darima, za Srebrenicu i Podrinje. Na\u0161 narod je izgradio vezu koja se ne\u0107e nikada prekidati s ovim mjestom, s ovim gradom i s ovim dijelom na\u0161e domovine. U svakoj ku\u0161nji bit \u0107emo zajedno dostojanstveno i razborito, odlu\u010dni da se o sebi odgovorno pobrinemo. Historija je jasno obilje\u017eila one koji su ogrezli u svom zlodjelu i to se ne mo\u017ee promijeniti. Apelujem na sve istinoljubive i odgovorne ljude da se uzme nauk i da se poka\u017ee zajedni\u010dka briga o mladim ljudima i njihovoj budu\u0107nosti u ovoj zemlji, poru\u010dio je muftija Fazlovi\u0107.<\/p>\n","protected":false},"excerpt":{"rendered":"<p>Muftija tuzlanski dr. Vahid-ef. Fazlovi\u0107 posjetio je danas med\u017elise Islamske zajednice \u00a0u Podrinju: Srebrenicu, Bratunac, Zvornik i Vlasenicu. S glavnim imamima i predsjednicima med\u017elisa razgovarao je o stanju u d\u017eematima na ovom podru\u010dju. Posebna pa\u017enja tokom razgovora usmjerena je na ponovna uznemiravanja Bo\u0161njaka koji \u017eive u Podrinju. Muftija Fazlovi\u0107 d\u017euma-namaz je klanjao na musali \u0161ehitluka [&hellip;]<\/p>\n","protected":false},"author":4,"featured_media":314957,"comment_status":"closed","ping_status":"closed","sticky":false,"template":"","format":"standard","meta":{"footnotes":""},"categories":[304,12],"tags":[1379],"class_list":["post-314956","post","type-post","status-publish","format-standard","has-post-thumbnail","hentry","category-istaknuto","category-novosti","tag-muftijstvo-tuzlansko"],"yoast_head":"<!-- This site is optimized with the Yoast SEO plugin v28.4 - https:\/\/yoast.com\/product\/yoast-seo-wordpress\/ -->\n<title>Muftija Fazlovi\u0107 u Podrinju: \u201eU svakoj ku\u0161nji bit \u0107emo zajedno\u201c<\/title>\n<meta name=\"robots\" content=\"index, follow, max-snippet:-1, max-image-preview:large, max-video-preview:-1\" \/>\n<link rel=\"canonical\" href=\"https:\/\/tuzlainfo.ba\/index.php\/novosti\/item\/314956-muftija-fazlovic-u-podrinju-u-svakoj-kusnji-bit-cemo-zajedno\/\" \/>\n<meta property=\"og:locale\" content=\"bs_BA\" \/>\n<meta property=\"og:type\" content=\"article\" \/>\n<meta property=\"og:title\" content=\"Muftija Fazlovi\u0107 u Podrinju: \u201eU svakoj ku\u0161nji bit \u0107emo zajedno\u201c\" \/>\n<meta property=\"og:description\" content=\"Muftija tuzlanski dr. Vahid-ef. Fazlovi\u0107 posjetio je danas med\u017elise Islamske zajednice \u00a0u Podrinju: Srebrenicu, Bratunac, Zvornik i Vlasenicu. S glavnim imamima i predsjednicima med\u017elisa razgovarao je o stanju u d\u017eematima na ovom podru\u010dju. Posebna pa\u017enja tokom razgovora usmjerena je na ponovna uznemiravanja Bo\u0161njaka koji \u017eive u Podrinju. Muftija Fazlovi\u0107 d\u017euma-namaz je klanjao na musali \u0161ehitluka [&hellip;]\" \/>\n<meta property=\"og:url\" content=\"https:\/\/tuzlainfo.ba\/index.php\/novosti\/item\/314956-muftija-fazlovic-u-podrinju-u-svakoj-kusnji-bit-cemo-zajedno\/\" \/>\n<meta property=\"og:site_name\" content=\"TuzlaInfo.ba\" \/>\n<meta property=\"article:publisher\" content=\"https:\/\/www.facebook.com\/tuzlainfo.ba\/\" \/>\n<meta property=\"article:published_time\" content=\"2026-09-04T16:10:58+00:00\" \/>\n<meta property=\"og:image\" content=\"https:\/\/tuzlainfo.ba\/wp-content\/uploads\/2026\/09\/muftijstvo.jpeg\" \/>\n\t<meta property=\"og:image:width\" content=\"1536\" \/>\n\t<meta property=\"og:image:height\" content=\"1023\" \/>\n\t<meta property=\"og:image:type\" content=\"image\/jpeg\" \/>\n<meta name=\"author\" content=\"Tuzla Info\" \/>\n<meta name=\"twitter:card\" content=\"summary_large_image\" \/>\n<meta name=\"twitter:label1\" content=\"Written by\" \/>\n\t<meta name=\"twitter:data1\" content=\"Tuzla Info\" \/>\n\t<meta name=\"twitter:label2\" content=\"Est. reading time\" \/>\n\t<meta name=\"twitter:data2\" content=\"3 minute\" \/>\n<script type=\"application\/ld+json\" class=\"yoast-schema-graph\">{\"@context\":\"https:\\\/\\\/schema.org\",\"@graph\":[{\"@type\":\"Article\",\"@id\":\"https:\\\/\\\/tuzlainfo.ba\\\/index.php\\\/novosti\\\/item\\\/314956-muftija-fazlovic-u-podrinju-u-svakoj-kusnji-bit-cemo-zajedno\\\/#article\",\"isPartOf\":{\"@id\":\"https:\\\/\\\/tuzlainfo.ba\\\/index.php\\\/novosti\\\/item\\\/314956-muftija-fazlovic-u-podrinju-u-svakoj-kusnji-bit-cemo-zajedno\\\/\"},\"author\":{\"name\":\"Tuzla Info\",\"@id\":\"https:\\\/\\\/tuzlainfo.ba\\\/#\\\/schema\\\/person\\\/46cad4c57790cbc50781edd14870825a\"},\"headline\":\"Muftija Fazlovi\u0107 u Podrinju: \u201eU svakoj ku\u0161nji bit \u0107emo zajedno\u201c\",\"datePublished\":\"2026-09-04T16:10:58+00:00\",\"mainEntityOfPage\":{\"@id\":\"https:\\\/\\\/tuzlainfo.ba\\\/index.php\\\/novosti\\\/item\\\/314956-muftija-fazlovic-u-podrinju-u-svakoj-kusnji-bit-cemo-zajedno\\\/\"},\"wordCount\":398,\"publisher\":{\"@id\":\"https:\\\/\\\/tuzlainfo.ba\\\/#organization\"},\"image\":{\"@id\":\"https:\\\/\\\/tuzlainfo.ba\\\/index.php\\\/novosti\\\/item\\\/314956-muftija-fazlovic-u-podrinju-u-svakoj-kusnji-bit-cemo-zajedno\\\/#primaryimage\"},\"thumbnailUrl\":\"https:\\\/\\\/tuzlainfo.ba\\\/wp-content\\\/uploads\\\/2026\\\/09\\\/muftijstvo.jpeg\",\"keywords\":[\"muftijstvo tuzlansko\"],\"articleSection\":[\"Istaknuto\",\"Novosti\"],\"inLanguage\":\"bs-BA\",\"copyrightYear\":\"2026\",\"copyrightHolder\":{\"@id\":\"https:\\\/\\\/tuzlainfo.ba\\\/#organization\"}},{\"@type\":\"WebPage\",\"@id\":\"https:\\\/\\\/tuzlainfo.ba\\\/index.php\\\/novosti\\\/item\\\/314956-muftija-fazlovic-u-podrinju-u-svakoj-kusnji-bit-cemo-zajedno\\\/\",\"url\":\"https:\\\/\\\/tuzlainfo.ba\\\/index.php\\\/novosti\\\/item\\\/314956-muftija-fazlovic-u-podrinju-u-svakoj-kusnji-bit-cemo-zajedno\\\/\",\"name\":\"Muftija Fazlovi\u0107 u Podrinju: \u201eU svakoj ku\u0161nji bit \u0107emo zajedno\u201c\",\"isPartOf\":{\"@id\":\"https:\\\/\\\/tuzlainfo.ba\\\/#website\"},\"primaryImageOfPage\":{\"@id\":\"https:\\\/\\\/tuzlainfo.ba\\\/index.php\\\/novosti\\\/item\\\/314956-muftija-fazlovic-u-podrinju-u-svakoj-kusnji-bit-cemo-zajedno\\\/#primaryimage\"},\"image\":{\"@id\":\"https:\\\/\\\/tuzlainfo.ba\\\/index.php\\\/novosti\\\/item\\\/314956-muftija-fazlovic-u-podrinju-u-svakoj-kusnji-bit-cemo-zajedno\\\/#primaryimage\"},\"thumbnailUrl\":\"https:\\\/\\\/tuzlainfo.ba\\\/wp-content\\\/uploads\\\/2026\\\/09\\\/muftijstvo.jpeg\",\"datePublished\":\"2026-09-04T16:10:58+00:00\",\"breadcrumb\":{\"@id\":\"https:\\\/\\\/tuzlainfo.ba\\\/index.php\\\/novosti\\\/item\\\/314956-muftija-fazlovic-u-podrinju-u-svakoj-kusnji-bit-cemo-zajedno\\\/#breadcrumb\"},\"inLanguage\":\"bs-BA\",\"potentialAction\":[{\"@type\":\"ReadAction\",\"target\":[\"https:\\\/\\\/tuzlainfo.ba\\\/index.php\\\/novosti\\\/item\\\/314956-muftija-fazlovic-u-podrinju-u-svakoj-kusnji-bit-cemo-zajedno\\\/\"]}]},{\"@type\":\"ImageObject\",\"inLanguage\":\"bs-BA\",\"@id\":\"https:\\\/\\\/tuzlainfo.ba\\\/index.php\\\/novosti\\\/item\\\/314956-muftija-fazlovic-u-podrinju-u-svakoj-kusnji-bit-cemo-zajedno\\\/#primaryimage\",\"url\":\"https:\\\/\\\/tuzlainfo.ba\\\/wp-content\\\/uploads\\\/2026\\\/09\\\/muftijstvo.jpeg\",\"contentUrl\":\"https:\\\/\\\/tuzlainfo.ba\\\/wp-content\\\/uploads\\\/2026\\\/09\\\/muftijstvo.jpeg\",\"width\":1536,\"height\":1023},{\"@type\":\"BreadcrumbList\",\"@id\":\"https:\\\/\\\/tuzlainfo.ba\\\/index.php\\\/novosti\\\/item\\\/314956-muftija-fazlovic-u-podrinju-u-svakoj-kusnji-bit-cemo-zajedno\\\/#breadcrumb\",\"itemListElement\":[{\"@type\":\"ListItem\",\"position\":1,\"name\":\"Home\",\"item\":\"https:\\\/\\\/tuzlainfo.ba\\\/\"},{\"@type\":\"ListItem\",\"position\":2,\"name\":\"Muftija Fazlovi\u0107 u Podrinju: \u201eU svakoj ku\u0161nji bit \u0107emo zajedno\u201c\"}]},{\"@type\":\"WebSite\",\"@id\":\"https:\\\/\\\/tuzlainfo.ba\\\/#website\",\"url\":\"https:\\\/\\\/tuzlainfo.ba\\\/\",\"name\":\"TuzlaInfo.ba\",\"description\":\"Tuzla info, gradski informator - Tuzla na dlanu\",\"publisher\":{\"@id\":\"https:\\\/\\\/tuzlainfo.ba\\\/#organization\"},\"potentialAction\":[{\"@type\":\"SearchAction\",\"target\":{\"@type\":\"EntryPoint\",\"urlTemplate\":\"https:\\\/\\\/tuzlainfo.ba\\\/?s={search_term_string}\"},\"query-input\":{\"@type\":\"PropertyValueSpecification\",\"valueRequired\":true,\"valueName\":\"search_term_string\"}}],\"inLanguage\":\"bs-BA\"},{\"@type\":\"Organization\",\"@id\":\"https:\\\/\\\/tuzlainfo.ba\\\/#organization\",\"name\":\"TuzlaInfo.ba\",\"url\":\"https:\\\/\\\/tuzlainfo.ba\\\/\",\"logo\":{\"@type\":\"ImageObject\",\"inLanguage\":\"bs-BA\",\"@id\":\"https:\\\/\\\/tuzlainfo.ba\\\/#\\\/schema\\\/logo\\\/image\\\/\",\"url\":\"https:\\\/\\\/tuzlainfo.ba\\\/wp-content\\\/uploads\\\/2021\\\/03\\\/logo-ver-3-1.png\",\"contentUrl\":\"https:\\\/\\\/tuzlainfo.ba\\\/wp-content\\\/uploads\\\/2021\\\/03\\\/logo-ver-3-1.png\",\"width\":350,\"height\":95,\"caption\":\"TuzlaInfo.ba\"},\"image\":{\"@id\":\"https:\\\/\\\/tuzlainfo.ba\\\/#\\\/schema\\\/logo\\\/image\\\/\"},\"sameAs\":[\"https:\\\/\\\/www.facebook.com\\\/tuzlainfo.ba\\\/\"]},{\"@type\":\"Person\",\"@id\":\"https:\\\/\\\/tuzlainfo.ba\\\/#\\\/schema\\\/person\\\/46cad4c57790cbc50781edd14870825a\",\"name\":\"Tuzla Info\",\"image\":{\"@type\":\"ImageObject\",\"inLanguage\":\"bs-BA\",\"@id\":\"https:\\\/\\\/secure.gravatar.com\\\/avatar\\\/e980921b00fa2e552723a2386544734ce6885d2b2304ccca3f45186f9ca4031d?s=96&d=mm&r=g\",\"url\":\"https:\\\/\\\/secure.gravatar.com\\\/avatar\\\/e980921b00fa2e552723a2386544734ce6885d2b2304ccca3f45186f9ca4031d?s=96&d=mm&r=g\",\"contentUrl\":\"https:\\\/\\\/secure.gravatar.com\\\/avatar\\\/e980921b00fa2e552723a2386544734ce6885d2b2304ccca3f45186f9ca4031d?s=96&d=mm&r=g\",\"caption\":\"Tuzla Info\"}}]}<\/script>\n<!-- \/ Yoast SEO plugin. -->","yoast_head_json":{"title":"Muftija Fazlovi\u0107 u Podrinju: \u201eU svakoj ku\u0161nji bit \u0107emo zajedno\u201c","robots":{"index":"index","follow":"follow","max-snippet":"max-snippet:-1","max-image-preview":"max-image-preview:large","max-video-preview":"max-video-preview:-1"},"canonical":"https:\/\/tuzlainfo.ba\/index.php\/novosti\/item\/314956-muftija-fazlovic-u-podrinju-u-svakoj-kusnji-bit-cemo-zajedno\/","og_locale":"bs_BA","og_type":"article","og_title":"Muftija Fazlovi\u0107 u Podrinju: \u201eU svakoj ku\u0161nji bit \u0107emo zajedno\u201c","og_description":"Muftija tuzlanski dr. Vahid-ef. Fazlovi\u0107 posjetio je danas med\u017elise Islamske zajednice \u00a0u Podrinju: Srebrenicu, Bratunac, Zvornik i Vlasenicu. S glavnim imamima i predsjednicima med\u017elisa razgovarao je o stanju u d\u017eematima na ovom podru\u010dju. Posebna pa\u017enja tokom razgovora usmjerena je na ponovna uznemiravanja Bo\u0161njaka koji \u017eive u Podrinju. Muftija Fazlovi\u0107 d\u017euma-namaz je klanjao na musali \u0161ehitluka [&hellip;]","og_url":"https:\/\/tuzlainfo.ba\/index.php\/novosti\/item\/314956-muftija-fazlovic-u-podrinju-u-svakoj-kusnji-bit-cemo-zajedno\/","og_site_name":"TuzlaInfo.ba","article_publisher":"https:\/\/www.facebook.com\/tuzlainfo.ba\/","article_published_time":"2026-09-04T16:10:58+00:00","og_image":[{"width":1536,"height":1023,"url":"https:\/\/tuzlainfo.ba\/wp-content\/uploads\/2026\/09\/muftijstvo.jpeg","type":"image\/jpeg"}],"author":"Tuzla Info","twitter_card":"summary_large_image","twitter_misc":{"Written by":"Tuzla Info","Est. reading time":"3 minute"},"schema":{"@context":"https:\/\/schema.org","@graph":[{"@type":"Article","@id":"https:\/\/tuzlainfo.ba\/index.php\/novosti\/item\/314956-muftija-fazlovic-u-podrinju-u-svakoj-kusnji-bit-cemo-zajedno\/#article","isPartOf":{"@id":"https:\/\/tuzlainfo.ba\/index.php\/novosti\/item\/314956-muftija-fazlovic-u-podrinju-u-svakoj-kusnji-bit-cemo-zajedno\/"},"author":{"name":"Tuzla Info","@id":"https:\/\/tuzlainfo.ba\/#\/schema\/person\/46cad4c57790cbc50781edd14870825a"},"headline":"Muftija Fazlovi\u0107 u Podrinju: \u201eU svakoj ku\u0161nji bit \u0107emo zajedno\u201c","datePublished":"2026-09-04T16:10:58+00:00","mainEntityOfPage":{"@id":"https:\/\/tuzlainfo.ba\/index.php\/novosti\/item\/314956-muftija-fazlovic-u-podrinju-u-svakoj-kusnji-bit-cemo-zajedno\/"},"wordCount":398,"publisher":{"@id":"https:\/\/tuzlainfo.ba\/#organization"},"image":{"@id":"https:\/\/tuzlainfo.ba\/index.php\/novosti\/item\/314956-muftija-fazlovic-u-podrinju-u-svakoj-kusnji-bit-cemo-zajedno\/#primaryimage"},"thumbnailUrl":"https:\/\/tuzlainfo.ba\/wp-content\/uploads\/2026\/09\/muftijstvo.jpeg","keywords":["muftijstvo tuzlansko"],"articleSection":["Istaknuto","Novosti"],"inLanguage":"bs-BA","copyrightYear":"2026","copyrightHolder":{"@id":"https:\/\/tuzlainfo.ba\/#organization"}},{"@type":"WebPage","@id":"https:\/\/tuzlainfo.ba\/index.php\/novosti\/item\/314956-muftija-fazlovic-u-podrinju-u-svakoj-kusnji-bit-cemo-zajedno\/","url":"https:\/\/tuzlainfo.ba\/index.php\/novosti\/item\/314956-muftija-fazlovic-u-podrinju-u-svakoj-kusnji-bit-cemo-zajedno\/","name":"Muftija Fazlovi\u0107 u Podrinju: \u201eU svakoj ku\u0161nji bit \u0107emo zajedno\u201c","isPartOf":{"@id":"https:\/\/tuzlainfo.ba\/#website"},"primaryImageOfPage":{"@id":"https:\/\/tuzlainfo.ba\/index.php\/novosti\/item\/314956-muftija-fazlovic-u-podrinju-u-svakoj-kusnji-bit-cemo-zajedno\/#primaryimage"},"image":{"@id":"https:\/\/tuzlainfo.ba\/index.php\/novosti\/item\/314956-muftija-fazlovic-u-podrinju-u-svakoj-kusnji-bit-cemo-zajedno\/#primaryimage"},"thumbnailUrl":"https:\/\/tuzlainfo.ba\/wp-content\/uploads\/2026\/09\/muftijstvo.jpeg","datePublished":"2026-09-04T16:10:58+00:00","breadcrumb":{"@id":"https:\/\/tuzlainfo.ba\/index.php\/novosti\/item\/314956-muftija-fazlovic-u-podrinju-u-svakoj-kusnji-bit-cemo-zajedno\/#breadcrumb"},"inLanguage":"bs-BA","potentialAction":[{"@type":"ReadAction","target":["https:\/\/tuzlainfo.ba\/index.php\/novosti\/item\/314956-muftija-fazlovic-u-podrinju-u-svakoj-kusnji-bit-cemo-zajedno\/"]}]},{"@type":"ImageObject","inLanguage":"bs-BA","@id":"https:\/\/tuzlainfo.ba\/index.php\/novosti\/item\/314956-muftija-fazlovic-u-podrinju-u-svakoj-kusnji-bit-cemo-zajedno\/#primaryimage","url":"https:\/\/tuzlainfo.ba\/wp-content\/uploads\/2026\/09\/muftijstvo.jpeg","contentUrl":"https:\/\/tuzlainfo.ba\/wp-content\/uploads\/2026\/09\/muftijstvo.jpeg","width":1536,"height":1023},{"@type":"BreadcrumbList","@id":"https:\/\/tuzlainfo.ba\/index.php\/novosti\/item\/314956-muftija-fazlovic-u-podrinju-u-svakoj-kusnji-bit-cemo-zajedno\/#breadcrumb","itemListElement":[{"@type":"ListItem","position":1,"name":"Home","item":"https:\/\/tuzlainfo.ba\/"},{"@type":"ListItem","position":2,"name":"Muftija Fazlovi\u0107 u Podrinju: \u201eU svakoj ku\u0161nji bit \u0107emo zajedno\u201c"}]},{"@type":"WebSite","@id":"https:\/\/tuzlainfo.ba\/#website","url":"https:\/\/tuzlainfo.ba\/","name":"TuzlaInfo.ba","description":"Tuzla info, gradski informator - Tuzla na dlanu","publisher":{"@id":"https:\/\/tuzlainfo.ba\/#organization"},"potentialAction":[{"@type":"SearchAction","target":{"@type":"EntryPoint","urlTemplate":"https:\/\/tuzlainfo.ba\/?s={search_term_string}"},"query-input":{"@type":"PropertyValueSpecification","valueRequired":true,"valueName":"search_term_string"}}],"inLanguage":"bs-BA"},{"@type":"Organization","@id":"https:\/\/tuzlainfo.ba\/#organization","name":"TuzlaInfo.ba","url":"https:\/\/tuzlainfo.ba\/","logo":{"@type":"ImageObject","inLanguage":"bs-BA","@id":"https:\/\/tuzlainfo.ba\/#\/schema\/logo\/image\/","url":"https:\/\/tuzlainfo.ba\/wp-content\/uploads\/2021\/03\/logo-ver-3-1.png","contentUrl":"https:\/\/tuzlainfo.ba\/wp-content\/uploads\/2021\/03\/logo-ver-3-1.png","width":350,"height":95,"caption":"TuzlaInfo.ba"},"image":{"@id":"https:\/\/tuzlainfo.ba\/#\/schema\/logo\/image\/"},"sameAs":["https:\/\/www.facebook.com\/tuzlainfo.ba\/"]},{"@type":"Person","@id":"https:\/\/tuzlainfo.ba\/#\/schema\/person\/46cad4c57790cbc50781edd14870825a","name":"Tuzla Info","image":{"@type":"ImageObject","inLanguage":"bs-BA","@id":"https:\/\/secure.gravatar.com\/avatar\/e980921b00fa2e552723a2386544734ce6885d2b2304ccca3f45186f9ca4031d?s=96&d=mm&r=g","url":"https:\/\/secure.gravatar.com\/avatar\/e980921b00fa2e552723a2386544734ce6885d2b2304ccca3f45186f9ca4031d?s=96&d=mm&r=g","contentUrl":"https:\/\/secure.gravatar.com\/avatar\/e980921b00fa2e552723a2386544734ce6885d2b2304ccca3f45186f9ca4031d?s=96&d=mm&r=g","caption":"Tuzla Info"}}]}},"_links":{"self":[{"href":"https:\/\/tuzlainfo.ba\/index.php\/wp-json\/wp\/v2\/posts\/314956","targetHints":{"allow":["GET"]}}],"collection":[{"href":"https:\/\/tuzlainfo.ba\/index.php\/wp-json\/wp\/v2\/posts"}],"about":[{"href":"https:\/\/tuzlainfo.ba\/index.php\/wp-json\/wp\/v2\/types\/post"}],"author":[{"embeddable":true,"href":"https:\/\/tuzlainfo.ba\/index.php\/wp-json\/wp\/v2\/users\/4"}],"replies":[{"embeddable":true,"href":"https:\/\/tuzlainfo.ba\/index.php\/wp-json\/wp\/v2\/comments?post=314956"}],"version-history":[{"count":1,"href":"https:\/\/tuzlainfo.ba\/index.php\/wp-json\/wp\/v2\/posts\/314956\/revisions"}],"predecessor-version":[{"id":314958,"href":"https:\/\/tuzlainfo.ba\/index.php\/wp-json\/wp\/v2\/posts\/314956\/revisions\/314958"}],"wp:featuredmedia":[{"embeddable":true,"href":"https:\/\/tuzlainfo.ba\/index.php\/wp-json\/wp\/v2\/media\/314957"}],"wp:attachment":[{"href":"https:\/\/tuzlainfo.ba\/index.php\/wp-json\/wp\/v2\/media?parent=314956"}],"wp:term":[{"taxonomy":"category","embeddable":true,"href":"https:\/\/tuzlainfo.ba\/index.php\/wp-json\/wp\/v2\/categories?post=314956"},{"taxonomy":"post_tag","embeddable":true,"href":"https:\/\/tuzlainfo.ba\/index.php\/wp-json\/wp\/v2\/tags?post=314956"}],"curies":[{"name":"wp","href":"https:\/\/api.w.org\/{rel}","templated":true}]}}