{"id":314944,"date":"2026-09-06T15:28:40","date_gmt":"2026-09-06T13:28:40","guid":{"rendered":"https:\/\/tuzlainfo.ba\/?p=314944"},"modified":"2026-09-04T14:22:57","modified_gmt":"2026-09-04T12:22:57","slug":"pripreme-za-zimu-vec-pocele-pelet-u-tuzli-od-700-do-gotovo-900-km-po-toni","status":"publish","type":"post","link":"https:\/\/tuzlainfo.ba\/index.php\/bosna-i-hercegovina\/item\/314944-pripreme-za-zimu-vec-pocele-pelet-u-tuzli-od-700-do-gotovo-900-km-po-toni\/","title":{"rendered":"Pripreme za zimu ve\u0107 po\u010dele: Pelet u Tuzli od 700 do gotovo 900 KM po toni"},"content":{"rendered":"<p>Iako temperature po\u010detkom septembra jo\u0161 podsje\u0107aju na ljeto, dio gra\u0111ana ve\u0107 razmi\u0161lja o predstoje\u0107oj sezoni grijanja. Nabavka ogrjeva tradicionalno po\u010dinje prije prvih hladnih dana, a ove godine posebnu pa\u017enju privla\u010di pelet, \u010dije se cijene znatno razlikuju od prodavca do prodavca.<\/p>\n<p>Na podru\u010dju Tuzle trenutno se sirovo iscijepano drvo tvrdih li\u0161\u0107ara \u2013 bukve, hrasta i graba \u2013 u paleti dimenzija 100x100x110 centimetara mo\u017ee prona\u0107i po cijeni od oko 148 KM, dok ista koli\u010dina suhog drveta ko\u0161ta oko 195 KM, prema aktuelnom cjenovniku jednog od ve\u0107ih trgovaca ogrjevom.<\/p>\n<h3>Pelet od 700 do gotovo 900 KM po toni<\/h3>\n<p>Najve\u0107e razlike trenutno su kod peleta.<\/p>\n<p>Posljednji pregled Federalnog ministarstva trgovine pokazuje da je u Tuzli tona peleta A1 klase kod pojedinih trgovaca evidentirana po cijeni od 700 KM, dok je kod drugog prodavca dostizala \u010dak 895 KM. A2 pelet na istoj lokaciji bio je evidentiran po 840 KM po toni.<\/p>\n<p>Aktuelni cjenovnik jednog tuzlanskog prodavca sada pokazuje cijenu od 830 KM za tonu A1 peleta i 790 KM za A2, bez prevoza.<\/p>\n<p>Da potra\u017enja raste pokazivali su podaci jo\u0161 tokom augusta. Pojedini proizvo\u0111a\u010di tada su zbog velikog broja narud\u017ebi ve\u0107 privremeno prestali primati nove kupce, a kao jedan od problema navodili su nedostatak sirovine.<\/p>\n<p>Zbog toga se gra\u0111anima tradicionalno savjetuje da ogrjev ne ostavljaju za oktobar, kada potra\u017enja dodatno raste.<\/p>\n<h3>Ugalj i dalje znatno jeftiniji po toni<\/h3>\n<p>Kod uglja su cijene ni\u017ee.<\/p>\n<p>Prema zvani\u010dnom cjenovniku RMU Banovi\u0107i za 2026. godinu, tona mrkog uglja granulacije kocka ili orah ko\u0161ta 240 KM sa PDV-om, dok je cijena graha 226 KM, a sitnog uglja 192 KM po toni.<\/p>\n<p>Rije\u010d je o cijeni na separaciji rudnika, s utovarom u prevozno sredstvo, pa na kona\u010dan tro\u0161ak za doma\u0107instvo treba dodati i prijevoz.<\/p>\n<p>U maloprodaji u Tuzli tona kamenog odnosno mrkog uglja trenutno se mo\u017ee prona\u0107i za oko 267 KM, dok je cijena lignita oko 265 KM po toni.<\/p>\n<h3>Isplati li se \u010dekati?<\/h3>\n<p>Na to pitanje nema jednostavnog odgovora.<\/p>\n<p>Cijene ogrjeva zavise od kvaliteta, mjesta kupovine, prevoza i koli\u010dine, a kod peleta se ve\u0107 sada vide velike razlike izme\u0111u pojedinih prodajnih mjesta.<\/p>\n<p>Ono \u0161to je izvjesno jeste da se tr\u017ei\u0161te ve\u0107 priprema za zimu. Jedan od trgovaca ogrjevom krajem augusta kupcima je preporu\u010dio raniju nabavku, prije oktobarske gu\u017eve i o\u010dekivanog dodatnog rasta potra\u017enje.<\/p>\n<p>Dok se po\u010detkom septembra u Tuzli jo\u0161 bilje\u017ee temperature iznad 30 stepeni, za doma\u0107instva koja se griju na drva, pelet ili ugalj ra\u010dunica za zimu, o\u010digledno, ve\u0107 je po\u010dela.<\/p>\n","protected":false},"excerpt":{"rendered":"<p>Iako temperature po\u010detkom septembra jo\u0161 podsje\u0107aju na ljeto, dio gra\u0111ana ve\u0107 razmi\u0161lja o predstoje\u0107oj sezoni grijanja. Nabavka ogrjeva tradicionalno po\u010dinje prije prvih hladnih dana, a ove godine posebnu pa\u017enju privla\u010di pelet, \u010dije se cijene znatno razlikuju od prodavca do prodavca. Na podru\u010dju Tuzle trenutno se sirovo iscijepano drvo tvrdih li\u0161\u0107ara \u2013 bukve, hrasta i graba [&hellip;]<\/p>\n","protected":false},"author":8,"featured_media":285382,"comment_status":"closed","ping_status":"closed","sticky":false,"template":"","format":"standard","meta":{"footnotes":""},"categories":[291,304],"tags":[1369,12569,346,4034],"class_list":["post-314944","post","type-post","status-publish","format-standard","has-post-thumbnail","hentry","category-bosna-i-hercegovina","category-istaknuto","tag-cijene","tag-drva","tag-grijanje","tag-pelet"],"yoast_head":"<!-- This site is optimized with the Yoast SEO plugin v28.4 - https:\/\/yoast.com\/product\/yoast-seo-wordpress\/ -->\n<title>Pripreme za zimu ve\u0107 po\u010dele: Pelet u Tuzli od 700 do gotovo 900 KM po toni<\/title>\n<meta name=\"robots\" content=\"index, follow, max-snippet:-1, max-image-preview:large, max-video-preview:-1\" \/>\n<link rel=\"canonical\" href=\"https:\/\/tuzlainfo.ba\/index.php\/bosna-i-hercegovina\/item\/314944-pripreme-za-zimu-vec-pocele-pelet-u-tuzli-od-700-do-gotovo-900-km-po-toni\/\" \/>\n<meta property=\"og:locale\" content=\"bs_BA\" \/>\n<meta property=\"og:type\" content=\"article\" \/>\n<meta property=\"og:title\" content=\"Pripreme za zimu ve\u0107 po\u010dele: Pelet u Tuzli od 700 do gotovo 900 KM po toni\" \/>\n<meta property=\"og:description\" content=\"Iako temperature po\u010detkom septembra jo\u0161 podsje\u0107aju na ljeto, dio gra\u0111ana ve\u0107 razmi\u0161lja o predstoje\u0107oj sezoni grijanja. Nabavka ogrjeva tradicionalno po\u010dinje prije prvih hladnih dana, a ove godine posebnu pa\u017enju privla\u010di pelet, \u010dije se cijene znatno razlikuju od prodavca do prodavca. Na podru\u010dju Tuzle trenutno se sirovo iscijepano drvo tvrdih li\u0161\u0107ara \u2013 bukve, hrasta i graba [&hellip;]\" \/>\n<meta property=\"og:url\" content=\"https:\/\/tuzlainfo.ba\/index.php\/bosna-i-hercegovina\/item\/314944-pripreme-za-zimu-vec-pocele-pelet-u-tuzli-od-700-do-gotovo-900-km-po-toni\/\" \/>\n<meta property=\"og:site_name\" content=\"TuzlaInfo.ba\" \/>\n<meta property=\"article:publisher\" content=\"https:\/\/www.facebook.com\/tuzlainfo.ba\/\" \/>\n<meta property=\"article:published_time\" content=\"2026-09-06T13:28:40+00:00\" \/>\n<meta property=\"og:image\" content=\"https:\/\/tuzlainfo.ba\/wp-content\/uploads\/2025\/11\/0411_pelet-scaled.jpeg\" \/>\n\t<meta property=\"og:image:width\" content=\"2560\" \/>\n\t<meta property=\"og:image:height\" content=\"1440\" \/>\n\t<meta property=\"og:image:type\" content=\"image\/jpeg\" \/>\n<meta name=\"author\" content=\"Admin Tri\" \/>\n<meta name=\"twitter:card\" content=\"summary_large_image\" \/>\n<meta name=\"twitter:label1\" content=\"Written by\" \/>\n\t<meta name=\"twitter:data1\" content=\"Admin Tri\" \/>\n\t<meta name=\"twitter:label2\" content=\"Est. reading time\" \/>\n\t<meta name=\"twitter:data2\" content=\"2 minute\" \/>\n<script type=\"application\/ld+json\" class=\"yoast-schema-graph\">{\"@context\":\"https:\\\/\\\/schema.org\",\"@graph\":[{\"@type\":\"Article\",\"@id\":\"https:\\\/\\\/tuzlainfo.ba\\\/index.php\\\/bosna-i-hercegovina\\\/item\\\/314944-pripreme-za-zimu-vec-pocele-pelet-u-tuzli-od-700-do-gotovo-900-km-po-toni\\\/#article\",\"isPartOf\":{\"@id\":\"https:\\\/\\\/tuzlainfo.ba\\\/index.php\\\/bosna-i-hercegovina\\\/item\\\/314944-pripreme-za-zimu-vec-pocele-pelet-u-tuzli-od-700-do-gotovo-900-km-po-toni\\\/\"},\"author\":{\"name\":\"Admin Tri\",\"@id\":\"https:\\\/\\\/tuzlainfo.ba\\\/#\\\/schema\\\/person\\\/593e78a2f6378c5ba3e7600ecfa4e63a\"},\"headline\":\"Pripreme za zimu ve\u0107 po\u010dele: Pelet u Tuzli od 700 do gotovo 900 KM po toni\",\"datePublished\":\"2026-09-06T13:28:40+00:00\",\"mainEntityOfPage\":{\"@id\":\"https:\\\/\\\/tuzlainfo.ba\\\/index.php\\\/bosna-i-hercegovina\\\/item\\\/314944-pripreme-za-zimu-vec-pocele-pelet-u-tuzli-od-700-do-gotovo-900-km-po-toni\\\/\"},\"wordCount\":445,\"publisher\":{\"@id\":\"https:\\\/\\\/tuzlainfo.ba\\\/#organization\"},\"image\":{\"@id\":\"https:\\\/\\\/tuzlainfo.ba\\\/index.php\\\/bosna-i-hercegovina\\\/item\\\/314944-pripreme-za-zimu-vec-pocele-pelet-u-tuzli-od-700-do-gotovo-900-km-po-toni\\\/#primaryimage\"},\"thumbnailUrl\":\"https:\\\/\\\/tuzlainfo.ba\\\/wp-content\\\/uploads\\\/2025\\\/11\\\/0411_pelet-scaled.jpeg\",\"keywords\":[\"cijene\",\"drva\",\"grijanje\",\"pelet\"],\"articleSection\":[\"Bosna i Hercegovina\",\"Istaknuto\"],\"inLanguage\":\"bs-BA\",\"copyrightYear\":\"2026\",\"copyrightHolder\":{\"@id\":\"https:\\\/\\\/tuzlainfo.ba\\\/#organization\"}},{\"@type\":\"WebPage\",\"@id\":\"https:\\\/\\\/tuzlainfo.ba\\\/index.php\\\/bosna-i-hercegovina\\\/item\\\/314944-pripreme-za-zimu-vec-pocele-pelet-u-tuzli-od-700-do-gotovo-900-km-po-toni\\\/\",\"url\":\"https:\\\/\\\/tuzlainfo.ba\\\/index.php\\\/bosna-i-hercegovina\\\/item\\\/314944-pripreme-za-zimu-vec-pocele-pelet-u-tuzli-od-700-do-gotovo-900-km-po-toni\\\/\",\"name\":\"Pripreme za zimu ve\u0107 po\u010dele: Pelet u Tuzli od 700 do gotovo 900 KM po toni\",\"isPartOf\":{\"@id\":\"https:\\\/\\\/tuzlainfo.ba\\\/#website\"},\"primaryImageOfPage\":{\"@id\":\"https:\\\/\\\/tuzlainfo.ba\\\/index.php\\\/bosna-i-hercegovina\\\/item\\\/314944-pripreme-za-zimu-vec-pocele-pelet-u-tuzli-od-700-do-gotovo-900-km-po-toni\\\/#primaryimage\"},\"image\":{\"@id\":\"https:\\\/\\\/tuzlainfo.ba\\\/index.php\\\/bosna-i-hercegovina\\\/item\\\/314944-pripreme-za-zimu-vec-pocele-pelet-u-tuzli-od-700-do-gotovo-900-km-po-toni\\\/#primaryimage\"},\"thumbnailUrl\":\"https:\\\/\\\/tuzlainfo.ba\\\/wp-content\\\/uploads\\\/2025\\\/11\\\/0411_pelet-scaled.jpeg\",\"datePublished\":\"2026-09-06T13:28:40+00:00\",\"breadcrumb\":{\"@id\":\"https:\\\/\\\/tuzlainfo.ba\\\/index.php\\\/bosna-i-hercegovina\\\/item\\\/314944-pripreme-za-zimu-vec-pocele-pelet-u-tuzli-od-700-do-gotovo-900-km-po-toni\\\/#breadcrumb\"},\"inLanguage\":\"bs-BA\",\"potentialAction\":[{\"@type\":\"ReadAction\",\"target\":[\"https:\\\/\\\/tuzlainfo.ba\\\/index.php\\\/bosna-i-hercegovina\\\/item\\\/314944-pripreme-za-zimu-vec-pocele-pelet-u-tuzli-od-700-do-gotovo-900-km-po-toni\\\/\"]}]},{\"@type\":\"ImageObject\",\"inLanguage\":\"bs-BA\",\"@id\":\"https:\\\/\\\/tuzlainfo.ba\\\/index.php\\\/bosna-i-hercegovina\\\/item\\\/314944-pripreme-za-zimu-vec-pocele-pelet-u-tuzli-od-700-do-gotovo-900-km-po-toni\\\/#primaryimage\",\"url\":\"https:\\\/\\\/tuzlainfo.ba\\\/wp-content\\\/uploads\\\/2025\\\/11\\\/0411_pelet-scaled.jpeg\",\"contentUrl\":\"https:\\\/\\\/tuzlainfo.ba\\\/wp-content\\\/uploads\\\/2025\\\/11\\\/0411_pelet-scaled.jpeg\",\"width\":2560,\"height\":1440},{\"@type\":\"BreadcrumbList\",\"@id\":\"https:\\\/\\\/tuzlainfo.ba\\\/index.php\\\/bosna-i-hercegovina\\\/item\\\/314944-pripreme-za-zimu-vec-pocele-pelet-u-tuzli-od-700-do-gotovo-900-km-po-toni\\\/#breadcrumb\",\"itemListElement\":[{\"@type\":\"ListItem\",\"position\":1,\"name\":\"Home\",\"item\":\"https:\\\/\\\/tuzlainfo.ba\\\/\"},{\"@type\":\"ListItem\",\"position\":2,\"name\":\"Pripreme za zimu ve\u0107 po\u010dele: Pelet u Tuzli od 700 do gotovo 900 KM po toni\"}]},{\"@type\":\"WebSite\",\"@id\":\"https:\\\/\\\/tuzlainfo.ba\\\/#website\",\"url\":\"https:\\\/\\\/tuzlainfo.ba\\\/\",\"name\":\"TuzlaInfo.ba\",\"description\":\"Tuzla info, gradski informator - Tuzla na dlanu\",\"publisher\":{\"@id\":\"https:\\\/\\\/tuzlainfo.ba\\\/#organization\"},\"potentialAction\":[{\"@type\":\"SearchAction\",\"target\":{\"@type\":\"EntryPoint\",\"urlTemplate\":\"https:\\\/\\\/tuzlainfo.ba\\\/?s={search_term_string}\"},\"query-input\":{\"@type\":\"PropertyValueSpecification\",\"valueRequired\":true,\"valueName\":\"search_term_string\"}}],\"inLanguage\":\"bs-BA\"},{\"@type\":\"Organization\",\"@id\":\"https:\\\/\\\/tuzlainfo.ba\\\/#organization\",\"name\":\"TuzlaInfo.ba\",\"url\":\"https:\\\/\\\/tuzlainfo.ba\\\/\",\"logo\":{\"@type\":\"ImageObject\",\"inLanguage\":\"bs-BA\",\"@id\":\"https:\\\/\\\/tuzlainfo.ba\\\/#\\\/schema\\\/logo\\\/image\\\/\",\"url\":\"https:\\\/\\\/tuzlainfo.ba\\\/wp-content\\\/uploads\\\/2021\\\/03\\\/logo-ver-3-1.png\",\"contentUrl\":\"https:\\\/\\\/tuzlainfo.ba\\\/wp-content\\\/uploads\\\/2021\\\/03\\\/logo-ver-3-1.png\",\"width\":350,\"height\":95,\"caption\":\"TuzlaInfo.ba\"},\"image\":{\"@id\":\"https:\\\/\\\/tuzlainfo.ba\\\/#\\\/schema\\\/logo\\\/image\\\/\"},\"sameAs\":[\"https:\\\/\\\/www.facebook.com\\\/tuzlainfo.ba\\\/\"]},{\"@type\":\"Person\",\"@id\":\"https:\\\/\\\/tuzlainfo.ba\\\/#\\\/schema\\\/person\\\/593e78a2f6378c5ba3e7600ecfa4e63a\",\"name\":\"Admin Tri\",\"image\":{\"@type\":\"ImageObject\",\"inLanguage\":\"bs-BA\",\"@id\":\"https:\\\/\\\/secure.gravatar.com\\\/avatar\\\/b53a7f47acc7a09467757d8b2234cc38fa334b13599376e53104c0036b528ca1?s=96&d=mm&r=g\",\"url\":\"https:\\\/\\\/secure.gravatar.com\\\/avatar\\\/b53a7f47acc7a09467757d8b2234cc38fa334b13599376e53104c0036b528ca1?s=96&d=mm&r=g\",\"contentUrl\":\"https:\\\/\\\/secure.gravatar.com\\\/avatar\\\/b53a7f47acc7a09467757d8b2234cc38fa334b13599376e53104c0036b528ca1?s=96&d=mm&r=g\",\"caption\":\"Admin Tri\"},\"sameAs\":[\"https:\\\/\\\/tuzlainfo.ba\"]}]}<\/script>\n<!-- \/ Yoast SEO plugin. -->","yoast_head_json":{"title":"Pripreme za zimu ve\u0107 po\u010dele: Pelet u Tuzli od 700 do gotovo 900 KM po toni","robots":{"index":"index","follow":"follow","max-snippet":"max-snippet:-1","max-image-preview":"max-image-preview:large","max-video-preview":"max-video-preview:-1"},"canonical":"https:\/\/tuzlainfo.ba\/index.php\/bosna-i-hercegovina\/item\/314944-pripreme-za-zimu-vec-pocele-pelet-u-tuzli-od-700-do-gotovo-900-km-po-toni\/","og_locale":"bs_BA","og_type":"article","og_title":"Pripreme za zimu ve\u0107 po\u010dele: Pelet u Tuzli od 700 do gotovo 900 KM po toni","og_description":"Iako temperature po\u010detkom septembra jo\u0161 podsje\u0107aju na ljeto, dio gra\u0111ana ve\u0107 razmi\u0161lja o predstoje\u0107oj sezoni grijanja. Nabavka ogrjeva tradicionalno po\u010dinje prije prvih hladnih dana, a ove godine posebnu pa\u017enju privla\u010di pelet, \u010dije se cijene znatno razlikuju od prodavca do prodavca. Na podru\u010dju Tuzle trenutno se sirovo iscijepano drvo tvrdih li\u0161\u0107ara \u2013 bukve, hrasta i graba [&hellip;]","og_url":"https:\/\/tuzlainfo.ba\/index.php\/bosna-i-hercegovina\/item\/314944-pripreme-za-zimu-vec-pocele-pelet-u-tuzli-od-700-do-gotovo-900-km-po-toni\/","og_site_name":"TuzlaInfo.ba","article_publisher":"https:\/\/www.facebook.com\/tuzlainfo.ba\/","article_published_time":"2026-09-06T13:28:40+00:00","og_image":[{"width":2560,"height":1440,"url":"https:\/\/tuzlainfo.ba\/wp-content\/uploads\/2025\/11\/0411_pelet-scaled.jpeg","type":"image\/jpeg"}],"author":"Admin Tri","twitter_card":"summary_large_image","twitter_misc":{"Written by":"Admin Tri","Est. reading time":"2 minute"},"schema":{"@context":"https:\/\/schema.org","@graph":[{"@type":"Article","@id":"https:\/\/tuzlainfo.ba\/index.php\/bosna-i-hercegovina\/item\/314944-pripreme-za-zimu-vec-pocele-pelet-u-tuzli-od-700-do-gotovo-900-km-po-toni\/#article","isPartOf":{"@id":"https:\/\/tuzlainfo.ba\/index.php\/bosna-i-hercegovina\/item\/314944-pripreme-za-zimu-vec-pocele-pelet-u-tuzli-od-700-do-gotovo-900-km-po-toni\/"},"author":{"name":"Admin Tri","@id":"https:\/\/tuzlainfo.ba\/#\/schema\/person\/593e78a2f6378c5ba3e7600ecfa4e63a"},"headline":"Pripreme za zimu ve\u0107 po\u010dele: Pelet u Tuzli od 700 do gotovo 900 KM po toni","datePublished":"2026-09-06T13:28:40+00:00","mainEntityOfPage":{"@id":"https:\/\/tuzlainfo.ba\/index.php\/bosna-i-hercegovina\/item\/314944-pripreme-za-zimu-vec-pocele-pelet-u-tuzli-od-700-do-gotovo-900-km-po-toni\/"},"wordCount":445,"publisher":{"@id":"https:\/\/tuzlainfo.ba\/#organization"},"image":{"@id":"https:\/\/tuzlainfo.ba\/index.php\/bosna-i-hercegovina\/item\/314944-pripreme-za-zimu-vec-pocele-pelet-u-tuzli-od-700-do-gotovo-900-km-po-toni\/#primaryimage"},"thumbnailUrl":"https:\/\/tuzlainfo.ba\/wp-content\/uploads\/2025\/11\/0411_pelet-scaled.jpeg","keywords":["cijene","drva","grijanje","pelet"],"articleSection":["Bosna i Hercegovina","Istaknuto"],"inLanguage":"bs-BA","copyrightYear":"2026","copyrightHolder":{"@id":"https:\/\/tuzlainfo.ba\/#organization"}},{"@type":"WebPage","@id":"https:\/\/tuzlainfo.ba\/index.php\/bosna-i-hercegovina\/item\/314944-pripreme-za-zimu-vec-pocele-pelet-u-tuzli-od-700-do-gotovo-900-km-po-toni\/","url":"https:\/\/tuzlainfo.ba\/index.php\/bosna-i-hercegovina\/item\/314944-pripreme-za-zimu-vec-pocele-pelet-u-tuzli-od-700-do-gotovo-900-km-po-toni\/","name":"Pripreme za zimu ve\u0107 po\u010dele: Pelet u Tuzli od 700 do gotovo 900 KM po toni","isPartOf":{"@id":"https:\/\/tuzlainfo.ba\/#website"},"primaryImageOfPage":{"@id":"https:\/\/tuzlainfo.ba\/index.php\/bosna-i-hercegovina\/item\/314944-pripreme-za-zimu-vec-pocele-pelet-u-tuzli-od-700-do-gotovo-900-km-po-toni\/#primaryimage"},"image":{"@id":"https:\/\/tuzlainfo.ba\/index.php\/bosna-i-hercegovina\/item\/314944-pripreme-za-zimu-vec-pocele-pelet-u-tuzli-od-700-do-gotovo-900-km-po-toni\/#primaryimage"},"thumbnailUrl":"https:\/\/tuzlainfo.ba\/wp-content\/uploads\/2025\/11\/0411_pelet-scaled.jpeg","datePublished":"2026-09-06T13:28:40+00:00","breadcrumb":{"@id":"https:\/\/tuzlainfo.ba\/index.php\/bosna-i-hercegovina\/item\/314944-pripreme-za-zimu-vec-pocele-pelet-u-tuzli-od-700-do-gotovo-900-km-po-toni\/#breadcrumb"},"inLanguage":"bs-BA","potentialAction":[{"@type":"ReadAction","target":["https:\/\/tuzlainfo.ba\/index.php\/bosna-i-hercegovina\/item\/314944-pripreme-za-zimu-vec-pocele-pelet-u-tuzli-od-700-do-gotovo-900-km-po-toni\/"]}]},{"@type":"ImageObject","inLanguage":"bs-BA","@id":"https:\/\/tuzlainfo.ba\/index.php\/bosna-i-hercegovina\/item\/314944-pripreme-za-zimu-vec-pocele-pelet-u-tuzli-od-700-do-gotovo-900-km-po-toni\/#primaryimage","url":"https:\/\/tuzlainfo.ba\/wp-content\/uploads\/2025\/11\/0411_pelet-scaled.jpeg","contentUrl":"https:\/\/tuzlainfo.ba\/wp-content\/uploads\/2025\/11\/0411_pelet-scaled.jpeg","width":2560,"height":1440},{"@type":"BreadcrumbList","@id":"https:\/\/tuzlainfo.ba\/index.php\/bosna-i-hercegovina\/item\/314944-pripreme-za-zimu-vec-pocele-pelet-u-tuzli-od-700-do-gotovo-900-km-po-toni\/#breadcrumb","itemListElement":[{"@type":"ListItem","position":1,"name":"Home","item":"https:\/\/tuzlainfo.ba\/"},{"@type":"ListItem","position":2,"name":"Pripreme za zimu ve\u0107 po\u010dele: Pelet u Tuzli od 700 do gotovo 900 KM po toni"}]},{"@type":"WebSite","@id":"https:\/\/tuzlainfo.ba\/#website","url":"https:\/\/tuzlainfo.ba\/","name":"TuzlaInfo.ba","description":"Tuzla info, gradski informator - Tuzla na dlanu","publisher":{"@id":"https:\/\/tuzlainfo.ba\/#organization"},"potentialAction":[{"@type":"SearchAction","target":{"@type":"EntryPoint","urlTemplate":"https:\/\/tuzlainfo.ba\/?s={search_term_string}"},"query-input":{"@type":"PropertyValueSpecification","valueRequired":true,"valueName":"search_term_string"}}],"inLanguage":"bs-BA"},{"@type":"Organization","@id":"https:\/\/tuzlainfo.ba\/#organization","name":"TuzlaInfo.ba","url":"https:\/\/tuzlainfo.ba\/","logo":{"@type":"ImageObject","inLanguage":"bs-BA","@id":"https:\/\/tuzlainfo.ba\/#\/schema\/logo\/image\/","url":"https:\/\/tuzlainfo.ba\/wp-content\/uploads\/2021\/03\/logo-ver-3-1.png","contentUrl":"https:\/\/tuzlainfo.ba\/wp-content\/uploads\/2021\/03\/logo-ver-3-1.png","width":350,"height":95,"caption":"TuzlaInfo.ba"},"image":{"@id":"https:\/\/tuzlainfo.ba\/#\/schema\/logo\/image\/"},"sameAs":["https:\/\/www.facebook.com\/tuzlainfo.ba\/"]},{"@type":"Person","@id":"https:\/\/tuzlainfo.ba\/#\/schema\/person\/593e78a2f6378c5ba3e7600ecfa4e63a","name":"Admin Tri","image":{"@type":"ImageObject","inLanguage":"bs-BA","@id":"https:\/\/secure.gravatar.com\/avatar\/b53a7f47acc7a09467757d8b2234cc38fa334b13599376e53104c0036b528ca1?s=96&d=mm&r=g","url":"https:\/\/secure.gravatar.com\/avatar\/b53a7f47acc7a09467757d8b2234cc38fa334b13599376e53104c0036b528ca1?s=96&d=mm&r=g","contentUrl":"https:\/\/secure.gravatar.com\/avatar\/b53a7f47acc7a09467757d8b2234cc38fa334b13599376e53104c0036b528ca1?s=96&d=mm&r=g","caption":"Admin Tri"},"sameAs":["https:\/\/tuzlainfo.ba"]}]}},"_links":{"self":[{"href":"https:\/\/tuzlainfo.ba\/index.php\/wp-json\/wp\/v2\/posts\/314944","targetHints":{"allow":["GET"]}}],"collection":[{"href":"https:\/\/tuzlainfo.ba\/index.php\/wp-json\/wp\/v2\/posts"}],"about":[{"href":"https:\/\/tuzlainfo.ba\/index.php\/wp-json\/wp\/v2\/types\/post"}],"author":[{"embeddable":true,"href":"https:\/\/tuzlainfo.ba\/index.php\/wp-json\/wp\/v2\/users\/8"}],"replies":[{"embeddable":true,"href":"https:\/\/tuzlainfo.ba\/index.php\/wp-json\/wp\/v2\/comments?post=314944"}],"version-history":[{"count":1,"href":"https:\/\/tuzlainfo.ba\/index.php\/wp-json\/wp\/v2\/posts\/314944\/revisions"}],"predecessor-version":[{"id":314945,"href":"https:\/\/tuzlainfo.ba\/index.php\/wp-json\/wp\/v2\/posts\/314944\/revisions\/314945"}],"wp:featuredmedia":[{"embeddable":true,"href":"https:\/\/tuzlainfo.ba\/index.php\/wp-json\/wp\/v2\/media\/285382"}],"wp:attachment":[{"href":"https:\/\/tuzlainfo.ba\/index.php\/wp-json\/wp\/v2\/media?parent=314944"}],"wp:term":[{"taxonomy":"category","embeddable":true,"href":"https:\/\/tuzlainfo.ba\/index.php\/wp-json\/wp\/v2\/categories?post=314944"},{"taxonomy":"post_tag","embeddable":true,"href":"https:\/\/tuzlainfo.ba\/index.php\/wp-json\/wp\/v2\/tags?post=314944"}],"curies":[{"name":"wp","href":"https:\/\/api.w.org\/{rel}","templated":true}]}}