{"id":314932,"date":"2026-09-06T13:51:17","date_gmt":"2026-09-06T11:51:17","guid":{"rendered":"https:\/\/tuzlainfo.ba\/?p=314932"},"modified":"2026-09-04T14:13:53","modified_gmt":"2026-09-04T12:13:53","slug":"vezeni-most-u-oktobru-ponovo-okuplja-djecije-pisce-i-ilustratore-u-tk","status":"publish","type":"post","link":"https:\/\/tuzlainfo.ba\/index.php\/najava-dogadaja-2\/item\/314932-vezeni-most-u-oktobru-ponovo-okuplja-djecije-pisce-i-ilustratore-u-tk\/","title":{"rendered":"\u201eVezeni most\u201c u oktobru ponovo okuplja dje\u010dije pisce i ilustratore u TK"},"content":{"rendered":"<p>Tuzlanski kanton \u0107e od 14. do 17. oktobra biti doma\u0107in 23. Me\u0111unarodnog dje\u010dijeg festivala \u201eVezeni most\u201c, manifestacije koja ve\u0107 vi\u0161e od dvije decenije okuplja autore, ilustratore i najmla\u0111e \u010ditaoce iz Bosne i Hercegovine i regiona.<\/p>\n<p>Centralni doga\u0111aj festivala i ove godine bit \u0107e dodjela regionalne nagrade \u201eMali princ\u201c za najbolju dje\u010diju knjigu, jednog od najzna\u010dajnijih priznanja ove vrste u regionu.<\/p>\n<p>U konkurenciji za ovogodi\u0161nju nagradu nalazi se osam knjiga iz Bosne i Hercegovine, Crne Gore, Hrvatske i Srbije, odnosno po dva naslova iz svake zemlje. Rije\u010d je o djelima objavljenim tokom 2025. godine, koja su odabrali selektori iz \u010detiri dr\u017eave.<\/p>\n<p>Bosnu i Hercegovinu predstavljaju Ismet Bekri\u0107 s knjigom \u201eDrveni konji\u0107 i druge bajke\u201c i Muhidin \u0160ari\u0107 s knjigom \u201eMrvica\u201c.<\/p>\n<p>Nagrada \u201eMali princ\u201c tradicionalno se dodjeljuje na zavr\u0161noj ve\u010deri festivala, a \u010dine je bron\u010dana statua Malog princa, rad akademskog vajara Enesa Sivca, plaketa i nov\u010dani iznos.<\/p>\n<h3>Festival s dugom tradicijom<\/h3>\n<p>\u201eVezeni most\u201c nastao je kao nastavak tradicije nekada\u0161njih Oktobarskih poetskih drugovanja, knji\u017eevne manifestacije koju je Dom mladih Tuzla organizovao od 1972. do 1991. godine i koja je okupljala zna\u010dajne autore dje\u010dije knji\u017eevnosti s prostora tada\u0161nje Jugoslavije.<\/p>\n<p>Festival danas njeguje doma\u0107u i svjetsku knji\u017eevnu ba\u0161tinu, povezuje autore i djecu te podsti\u010de kulturnu saradnju u regionu.<\/p>\n<p>Tokom prethodnih izdanja kroz njegove programe pro\u0161le su stotine umjetnika, dok su organizovani brojni susreti djece s piscima, izlo\u017ebe, koncerti i drugi sadr\u017eaji posve\u0107eni knji\u017eevnosti i stvarala\u0161tvu za najmla\u0111e.<\/p>\n<p>Organizator festivala je Udru\u017eenje prijatelja knjige \u2013 Dru\u0161tvo \u201eMali princ\u201c iz Tuzle.<\/p>\n<p>Pripreme za ovogodi\u0161nje izdanje ve\u0107 su u toku, a detaljan program i raspored festivalskih sadr\u017eaja bit \u0107e predstavljen naknadno.<\/p>\n<p>Odr\u017eavanje \u201eVezenog mosta 2026\u201c podr\u017eala je i Vlada Tuzlanskog kantona, koja je za sufinansiranje manifestacije izdvojila 9.000 KM.<\/p>\n<p>Ovogodi\u0161nje izdanje tako \u0107e sredinom oktobra ponovo povezati knji\u017eevnike, ilustratore i mlade \u010ditaoce, nastavljaju\u0107i tradiciju festivala \u010diji je osnovni cilj pribli\u017eavanje knjige djeci i stvaranje prostora za susret autora i njihove publike.<\/p>\n","protected":false},"excerpt":{"rendered":"<p>Tuzlanski kanton \u0107e od 14. do 17. oktobra biti doma\u0107in 23. Me\u0111unarodnog dje\u010dijeg festivala \u201eVezeni most\u201c, manifestacije koja ve\u0107 vi\u0161e od dvije decenije okuplja autore, ilustratore i najmla\u0111e \u010ditaoce iz Bosne i Hercegovine i regiona. Centralni doga\u0111aj festivala i ove godine bit \u0107e dodjela regionalne nagrade \u201eMali princ\u201c za najbolju dje\u010diju knjigu, jednog od najzna\u010dajnijih [&hellip;]<\/p>\n","protected":false},"author":8,"featured_media":283448,"comment_status":"closed","ping_status":"closed","sticky":false,"template":"","format":"standard","meta":{"footnotes":""},"categories":[11],"tags":[1696],"class_list":["post-314932","post","type-post","status-publish","format-standard","has-post-thumbnail","hentry","category-najava-dogadaja-2","tag-vezeni-most"],"yoast_head":"<!-- This site is optimized with the Yoast SEO plugin v28.4 - https:\/\/yoast.com\/product\/yoast-seo-wordpress\/ -->\n<title>\u201eVezeni most\u201c u oktobru ponovo okuplja dje\u010dije pisce i ilustratore u TK<\/title>\n<meta name=\"robots\" content=\"index, follow, max-snippet:-1, max-image-preview:large, max-video-preview:-1\" \/>\n<link rel=\"canonical\" href=\"https:\/\/tuzlainfo.ba\/index.php\/najava-dogadaja-2\/item\/314932-vezeni-most-u-oktobru-ponovo-okuplja-djecije-pisce-i-ilustratore-u-tk\/\" \/>\n<meta property=\"og:locale\" content=\"bs_BA\" \/>\n<meta property=\"og:type\" content=\"article\" \/>\n<meta property=\"og:title\" content=\"\u201eVezeni most\u201c u oktobru ponovo okuplja dje\u010dije pisce i ilustratore u TK\" \/>\n<meta property=\"og:description\" content=\"Tuzlanski kanton \u0107e od 14. do 17. oktobra biti doma\u0107in 23. Me\u0111unarodnog dje\u010dijeg festivala \u201eVezeni most\u201c, manifestacije koja ve\u0107 vi\u0161e od dvije decenije okuplja autore, ilustratore i najmla\u0111e \u010ditaoce iz Bosne i Hercegovine i regiona. Centralni doga\u0111aj festivala i ove godine bit \u0107e dodjela regionalne nagrade \u201eMali princ\u201c za najbolju dje\u010diju knjigu, jednog od najzna\u010dajnijih [&hellip;]\" \/>\n<meta property=\"og:url\" content=\"https:\/\/tuzlainfo.ba\/index.php\/najava-dogadaja-2\/item\/314932-vezeni-most-u-oktobru-ponovo-okuplja-djecije-pisce-i-ilustratore-u-tk\/\" \/>\n<meta property=\"og:site_name\" content=\"TuzlaInfo.ba\" \/>\n<meta property=\"article:publisher\" content=\"https:\/\/www.facebook.com\/tuzlainfo.ba\/\" \/>\n<meta property=\"article:published_time\" content=\"2026-09-06T11:51:17+00:00\" \/>\n<meta property=\"og:image\" content=\"https:\/\/tuzlainfo.ba\/wp-content\/uploads\/2025\/10\/vezeni-most.jpg\" \/>\n\t<meta property=\"og:image:width\" content=\"715\" \/>\n\t<meta property=\"og:image:height\" content=\"460\" \/>\n\t<meta property=\"og:image:type\" content=\"image\/jpeg\" \/>\n<meta name=\"author\" content=\"Admin Tri\" \/>\n<meta name=\"twitter:card\" content=\"summary_large_image\" \/>\n<meta name=\"twitter:label1\" content=\"Written by\" \/>\n\t<meta name=\"twitter:data1\" content=\"Admin Tri\" \/>\n\t<meta name=\"twitter:label2\" content=\"Est. reading time\" \/>\n\t<meta name=\"twitter:data2\" content=\"2 minute\" \/>\n<script type=\"application\/ld+json\" class=\"yoast-schema-graph\">{\"@context\":\"https:\\\/\\\/schema.org\",\"@graph\":[{\"@type\":\"Article\",\"@id\":\"https:\\\/\\\/tuzlainfo.ba\\\/index.php\\\/najava-dogadaja-2\\\/item\\\/314932-vezeni-most-u-oktobru-ponovo-okuplja-djecije-pisce-i-ilustratore-u-tk\\\/#article\",\"isPartOf\":{\"@id\":\"https:\\\/\\\/tuzlainfo.ba\\\/index.php\\\/najava-dogadaja-2\\\/item\\\/314932-vezeni-most-u-oktobru-ponovo-okuplja-djecije-pisce-i-ilustratore-u-tk\\\/\"},\"author\":{\"name\":\"Admin Tri\",\"@id\":\"https:\\\/\\\/tuzlainfo.ba\\\/#\\\/schema\\\/person\\\/593e78a2f6378c5ba3e7600ecfa4e63a\"},\"headline\":\"\u201eVezeni most\u201c u oktobru ponovo okuplja dje\u010dije pisce i ilustratore u TK\",\"datePublished\":\"2026-09-06T11:51:17+00:00\",\"mainEntityOfPage\":{\"@id\":\"https:\\\/\\\/tuzlainfo.ba\\\/index.php\\\/najava-dogadaja-2\\\/item\\\/314932-vezeni-most-u-oktobru-ponovo-okuplja-djecije-pisce-i-ilustratore-u-tk\\\/\"},\"wordCount\":358,\"publisher\":{\"@id\":\"https:\\\/\\\/tuzlainfo.ba\\\/#organization\"},\"image\":{\"@id\":\"https:\\\/\\\/tuzlainfo.ba\\\/index.php\\\/najava-dogadaja-2\\\/item\\\/314932-vezeni-most-u-oktobru-ponovo-okuplja-djecije-pisce-i-ilustratore-u-tk\\\/#primaryimage\"},\"thumbnailUrl\":\"https:\\\/\\\/tuzlainfo.ba\\\/wp-content\\\/uploads\\\/2025\\\/10\\\/vezeni-most.jpg\",\"keywords\":[\"vezeni most\"],\"articleSection\":[\"Najave i doga\u0111aji\"],\"inLanguage\":\"bs-BA\",\"copyrightYear\":\"2026\",\"copyrightHolder\":{\"@id\":\"https:\\\/\\\/tuzlainfo.ba\\\/#organization\"}},{\"@type\":\"WebPage\",\"@id\":\"https:\\\/\\\/tuzlainfo.ba\\\/index.php\\\/najava-dogadaja-2\\\/item\\\/314932-vezeni-most-u-oktobru-ponovo-okuplja-djecije-pisce-i-ilustratore-u-tk\\\/\",\"url\":\"https:\\\/\\\/tuzlainfo.ba\\\/index.php\\\/najava-dogadaja-2\\\/item\\\/314932-vezeni-most-u-oktobru-ponovo-okuplja-djecije-pisce-i-ilustratore-u-tk\\\/\",\"name\":\"\u201eVezeni most\u201c u oktobru ponovo okuplja dje\u010dije pisce i ilustratore u TK\",\"isPartOf\":{\"@id\":\"https:\\\/\\\/tuzlainfo.ba\\\/#website\"},\"primaryImageOfPage\":{\"@id\":\"https:\\\/\\\/tuzlainfo.ba\\\/index.php\\\/najava-dogadaja-2\\\/item\\\/314932-vezeni-most-u-oktobru-ponovo-okuplja-djecije-pisce-i-ilustratore-u-tk\\\/#primaryimage\"},\"image\":{\"@id\":\"https:\\\/\\\/tuzlainfo.ba\\\/index.php\\\/najava-dogadaja-2\\\/item\\\/314932-vezeni-most-u-oktobru-ponovo-okuplja-djecije-pisce-i-ilustratore-u-tk\\\/#primaryimage\"},\"thumbnailUrl\":\"https:\\\/\\\/tuzlainfo.ba\\\/wp-content\\\/uploads\\\/2025\\\/10\\\/vezeni-most.jpg\",\"datePublished\":\"2026-09-06T11:51:17+00:00\",\"breadcrumb\":{\"@id\":\"https:\\\/\\\/tuzlainfo.ba\\\/index.php\\\/najava-dogadaja-2\\\/item\\\/314932-vezeni-most-u-oktobru-ponovo-okuplja-djecije-pisce-i-ilustratore-u-tk\\\/#breadcrumb\"},\"inLanguage\":\"bs-BA\",\"potentialAction\":[{\"@type\":\"ReadAction\",\"target\":[\"https:\\\/\\\/tuzlainfo.ba\\\/index.php\\\/najava-dogadaja-2\\\/item\\\/314932-vezeni-most-u-oktobru-ponovo-okuplja-djecije-pisce-i-ilustratore-u-tk\\\/\"]}]},{\"@type\":\"ImageObject\",\"inLanguage\":\"bs-BA\",\"@id\":\"https:\\\/\\\/tuzlainfo.ba\\\/index.php\\\/najava-dogadaja-2\\\/item\\\/314932-vezeni-most-u-oktobru-ponovo-okuplja-djecije-pisce-i-ilustratore-u-tk\\\/#primaryimage\",\"url\":\"https:\\\/\\\/tuzlainfo.ba\\\/wp-content\\\/uploads\\\/2025\\\/10\\\/vezeni-most.jpg\",\"contentUrl\":\"https:\\\/\\\/tuzlainfo.ba\\\/wp-content\\\/uploads\\\/2025\\\/10\\\/vezeni-most.jpg\",\"width\":715,\"height\":460},{\"@type\":\"BreadcrumbList\",\"@id\":\"https:\\\/\\\/tuzlainfo.ba\\\/index.php\\\/najava-dogadaja-2\\\/item\\\/314932-vezeni-most-u-oktobru-ponovo-okuplja-djecije-pisce-i-ilustratore-u-tk\\\/#breadcrumb\",\"itemListElement\":[{\"@type\":\"ListItem\",\"position\":1,\"name\":\"Home\",\"item\":\"https:\\\/\\\/tuzlainfo.ba\\\/\"},{\"@type\":\"ListItem\",\"position\":2,\"name\":\"\u201eVezeni most\u201c u oktobru ponovo okuplja dje\u010dije pisce i ilustratore u TK\"}]},{\"@type\":\"WebSite\",\"@id\":\"https:\\\/\\\/tuzlainfo.ba\\\/#website\",\"url\":\"https:\\\/\\\/tuzlainfo.ba\\\/\",\"name\":\"TuzlaInfo.ba\",\"description\":\"Tuzla info, gradski informator - Tuzla na dlanu\",\"publisher\":{\"@id\":\"https:\\\/\\\/tuzlainfo.ba\\\/#organization\"},\"potentialAction\":[{\"@type\":\"SearchAction\",\"target\":{\"@type\":\"EntryPoint\",\"urlTemplate\":\"https:\\\/\\\/tuzlainfo.ba\\\/?s={search_term_string}\"},\"query-input\":{\"@type\":\"PropertyValueSpecification\",\"valueRequired\":true,\"valueName\":\"search_term_string\"}}],\"inLanguage\":\"bs-BA\"},{\"@type\":\"Organization\",\"@id\":\"https:\\\/\\\/tuzlainfo.ba\\\/#organization\",\"name\":\"TuzlaInfo.ba\",\"url\":\"https:\\\/\\\/tuzlainfo.ba\\\/\",\"logo\":{\"@type\":\"ImageObject\",\"inLanguage\":\"bs-BA\",\"@id\":\"https:\\\/\\\/tuzlainfo.ba\\\/#\\\/schema\\\/logo\\\/image\\\/\",\"url\":\"https:\\\/\\\/tuzlainfo.ba\\\/wp-content\\\/uploads\\\/2021\\\/03\\\/logo-ver-3-1.png\",\"contentUrl\":\"https:\\\/\\\/tuzlainfo.ba\\\/wp-content\\\/uploads\\\/2021\\\/03\\\/logo-ver-3-1.png\",\"width\":350,\"height\":95,\"caption\":\"TuzlaInfo.ba\"},\"image\":{\"@id\":\"https:\\\/\\\/tuzlainfo.ba\\\/#\\\/schema\\\/logo\\\/image\\\/\"},\"sameAs\":[\"https:\\\/\\\/www.facebook.com\\\/tuzlainfo.ba\\\/\"]},{\"@type\":\"Person\",\"@id\":\"https:\\\/\\\/tuzlainfo.ba\\\/#\\\/schema\\\/person\\\/593e78a2f6378c5ba3e7600ecfa4e63a\",\"name\":\"Admin Tri\",\"image\":{\"@type\":\"ImageObject\",\"inLanguage\":\"bs-BA\",\"@id\":\"https:\\\/\\\/secure.gravatar.com\\\/avatar\\\/b53a7f47acc7a09467757d8b2234cc38fa334b13599376e53104c0036b528ca1?s=96&d=mm&r=g\",\"url\":\"https:\\\/\\\/secure.gravatar.com\\\/avatar\\\/b53a7f47acc7a09467757d8b2234cc38fa334b13599376e53104c0036b528ca1?s=96&d=mm&r=g\",\"contentUrl\":\"https:\\\/\\\/secure.gravatar.com\\\/avatar\\\/b53a7f47acc7a09467757d8b2234cc38fa334b13599376e53104c0036b528ca1?s=96&d=mm&r=g\",\"caption\":\"Admin Tri\"},\"sameAs\":[\"https:\\\/\\\/tuzlainfo.ba\"]}]}<\/script>\n<!-- \/ Yoast SEO plugin. -->","yoast_head_json":{"title":"\u201eVezeni most\u201c u oktobru ponovo okuplja dje\u010dije pisce i ilustratore u TK","robots":{"index":"index","follow":"follow","max-snippet":"max-snippet:-1","max-image-preview":"max-image-preview:large","max-video-preview":"max-video-preview:-1"},"canonical":"https:\/\/tuzlainfo.ba\/index.php\/najava-dogadaja-2\/item\/314932-vezeni-most-u-oktobru-ponovo-okuplja-djecije-pisce-i-ilustratore-u-tk\/","og_locale":"bs_BA","og_type":"article","og_title":"\u201eVezeni most\u201c u oktobru ponovo okuplja dje\u010dije pisce i ilustratore u TK","og_description":"Tuzlanski kanton \u0107e od 14. do 17. oktobra biti doma\u0107in 23. Me\u0111unarodnog dje\u010dijeg festivala \u201eVezeni most\u201c, manifestacije koja ve\u0107 vi\u0161e od dvije decenije okuplja autore, ilustratore i najmla\u0111e \u010ditaoce iz Bosne i Hercegovine i regiona. Centralni doga\u0111aj festivala i ove godine bit \u0107e dodjela regionalne nagrade \u201eMali princ\u201c za najbolju dje\u010diju knjigu, jednog od najzna\u010dajnijih [&hellip;]","og_url":"https:\/\/tuzlainfo.ba\/index.php\/najava-dogadaja-2\/item\/314932-vezeni-most-u-oktobru-ponovo-okuplja-djecije-pisce-i-ilustratore-u-tk\/","og_site_name":"TuzlaInfo.ba","article_publisher":"https:\/\/www.facebook.com\/tuzlainfo.ba\/","article_published_time":"2026-09-06T11:51:17+00:00","og_image":[{"width":715,"height":460,"url":"https:\/\/tuzlainfo.ba\/wp-content\/uploads\/2025\/10\/vezeni-most.jpg","type":"image\/jpeg"}],"author":"Admin Tri","twitter_card":"summary_large_image","twitter_misc":{"Written by":"Admin Tri","Est. reading time":"2 minute"},"schema":{"@context":"https:\/\/schema.org","@graph":[{"@type":"Article","@id":"https:\/\/tuzlainfo.ba\/index.php\/najava-dogadaja-2\/item\/314932-vezeni-most-u-oktobru-ponovo-okuplja-djecije-pisce-i-ilustratore-u-tk\/#article","isPartOf":{"@id":"https:\/\/tuzlainfo.ba\/index.php\/najava-dogadaja-2\/item\/314932-vezeni-most-u-oktobru-ponovo-okuplja-djecije-pisce-i-ilustratore-u-tk\/"},"author":{"name":"Admin Tri","@id":"https:\/\/tuzlainfo.ba\/#\/schema\/person\/593e78a2f6378c5ba3e7600ecfa4e63a"},"headline":"\u201eVezeni most\u201c u oktobru ponovo okuplja dje\u010dije pisce i ilustratore u TK","datePublished":"2026-09-06T11:51:17+00:00","mainEntityOfPage":{"@id":"https:\/\/tuzlainfo.ba\/index.php\/najava-dogadaja-2\/item\/314932-vezeni-most-u-oktobru-ponovo-okuplja-djecije-pisce-i-ilustratore-u-tk\/"},"wordCount":358,"publisher":{"@id":"https:\/\/tuzlainfo.ba\/#organization"},"image":{"@id":"https:\/\/tuzlainfo.ba\/index.php\/najava-dogadaja-2\/item\/314932-vezeni-most-u-oktobru-ponovo-okuplja-djecije-pisce-i-ilustratore-u-tk\/#primaryimage"},"thumbnailUrl":"https:\/\/tuzlainfo.ba\/wp-content\/uploads\/2025\/10\/vezeni-most.jpg","keywords":["vezeni most"],"articleSection":["Najave i doga\u0111aji"],"inLanguage":"bs-BA","copyrightYear":"2026","copyrightHolder":{"@id":"https:\/\/tuzlainfo.ba\/#organization"}},{"@type":"WebPage","@id":"https:\/\/tuzlainfo.ba\/index.php\/najava-dogadaja-2\/item\/314932-vezeni-most-u-oktobru-ponovo-okuplja-djecije-pisce-i-ilustratore-u-tk\/","url":"https:\/\/tuzlainfo.ba\/index.php\/najava-dogadaja-2\/item\/314932-vezeni-most-u-oktobru-ponovo-okuplja-djecije-pisce-i-ilustratore-u-tk\/","name":"\u201eVezeni most\u201c u oktobru ponovo okuplja dje\u010dije pisce i ilustratore u TK","isPartOf":{"@id":"https:\/\/tuzlainfo.ba\/#website"},"primaryImageOfPage":{"@id":"https:\/\/tuzlainfo.ba\/index.php\/najava-dogadaja-2\/item\/314932-vezeni-most-u-oktobru-ponovo-okuplja-djecije-pisce-i-ilustratore-u-tk\/#primaryimage"},"image":{"@id":"https:\/\/tuzlainfo.ba\/index.php\/najava-dogadaja-2\/item\/314932-vezeni-most-u-oktobru-ponovo-okuplja-djecije-pisce-i-ilustratore-u-tk\/#primaryimage"},"thumbnailUrl":"https:\/\/tuzlainfo.ba\/wp-content\/uploads\/2025\/10\/vezeni-most.jpg","datePublished":"2026-09-06T11:51:17+00:00","breadcrumb":{"@id":"https:\/\/tuzlainfo.ba\/index.php\/najava-dogadaja-2\/item\/314932-vezeni-most-u-oktobru-ponovo-okuplja-djecije-pisce-i-ilustratore-u-tk\/#breadcrumb"},"inLanguage":"bs-BA","potentialAction":[{"@type":"ReadAction","target":["https:\/\/tuzlainfo.ba\/index.php\/najava-dogadaja-2\/item\/314932-vezeni-most-u-oktobru-ponovo-okuplja-djecije-pisce-i-ilustratore-u-tk\/"]}]},{"@type":"ImageObject","inLanguage":"bs-BA","@id":"https:\/\/tuzlainfo.ba\/index.php\/najava-dogadaja-2\/item\/314932-vezeni-most-u-oktobru-ponovo-okuplja-djecije-pisce-i-ilustratore-u-tk\/#primaryimage","url":"https:\/\/tuzlainfo.ba\/wp-content\/uploads\/2025\/10\/vezeni-most.jpg","contentUrl":"https:\/\/tuzlainfo.ba\/wp-content\/uploads\/2025\/10\/vezeni-most.jpg","width":715,"height":460},{"@type":"BreadcrumbList","@id":"https:\/\/tuzlainfo.ba\/index.php\/najava-dogadaja-2\/item\/314932-vezeni-most-u-oktobru-ponovo-okuplja-djecije-pisce-i-ilustratore-u-tk\/#breadcrumb","itemListElement":[{"@type":"ListItem","position":1,"name":"Home","item":"https:\/\/tuzlainfo.ba\/"},{"@type":"ListItem","position":2,"name":"\u201eVezeni most\u201c u oktobru ponovo okuplja dje\u010dije pisce i ilustratore u TK"}]},{"@type":"WebSite","@id":"https:\/\/tuzlainfo.ba\/#website","url":"https:\/\/tuzlainfo.ba\/","name":"TuzlaInfo.ba","description":"Tuzla info, gradski informator - Tuzla na dlanu","publisher":{"@id":"https:\/\/tuzlainfo.ba\/#organization"},"potentialAction":[{"@type":"SearchAction","target":{"@type":"EntryPoint","urlTemplate":"https:\/\/tuzlainfo.ba\/?s={search_term_string}"},"query-input":{"@type":"PropertyValueSpecification","valueRequired":true,"valueName":"search_term_string"}}],"inLanguage":"bs-BA"},{"@type":"Organization","@id":"https:\/\/tuzlainfo.ba\/#organization","name":"TuzlaInfo.ba","url":"https:\/\/tuzlainfo.ba\/","logo":{"@type":"ImageObject","inLanguage":"bs-BA","@id":"https:\/\/tuzlainfo.ba\/#\/schema\/logo\/image\/","url":"https:\/\/tuzlainfo.ba\/wp-content\/uploads\/2021\/03\/logo-ver-3-1.png","contentUrl":"https:\/\/tuzlainfo.ba\/wp-content\/uploads\/2021\/03\/logo-ver-3-1.png","width":350,"height":95,"caption":"TuzlaInfo.ba"},"image":{"@id":"https:\/\/tuzlainfo.ba\/#\/schema\/logo\/image\/"},"sameAs":["https:\/\/www.facebook.com\/tuzlainfo.ba\/"]},{"@type":"Person","@id":"https:\/\/tuzlainfo.ba\/#\/schema\/person\/593e78a2f6378c5ba3e7600ecfa4e63a","name":"Admin Tri","image":{"@type":"ImageObject","inLanguage":"bs-BA","@id":"https:\/\/secure.gravatar.com\/avatar\/b53a7f47acc7a09467757d8b2234cc38fa334b13599376e53104c0036b528ca1?s=96&d=mm&r=g","url":"https:\/\/secure.gravatar.com\/avatar\/b53a7f47acc7a09467757d8b2234cc38fa334b13599376e53104c0036b528ca1?s=96&d=mm&r=g","contentUrl":"https:\/\/secure.gravatar.com\/avatar\/b53a7f47acc7a09467757d8b2234cc38fa334b13599376e53104c0036b528ca1?s=96&d=mm&r=g","caption":"Admin Tri"},"sameAs":["https:\/\/tuzlainfo.ba"]}]}},"_links":{"self":[{"href":"https:\/\/tuzlainfo.ba\/index.php\/wp-json\/wp\/v2\/posts\/314932","targetHints":{"allow":["GET"]}}],"collection":[{"href":"https:\/\/tuzlainfo.ba\/index.php\/wp-json\/wp\/v2\/posts"}],"about":[{"href":"https:\/\/tuzlainfo.ba\/index.php\/wp-json\/wp\/v2\/types\/post"}],"author":[{"embeddable":true,"href":"https:\/\/tuzlainfo.ba\/index.php\/wp-json\/wp\/v2\/users\/8"}],"replies":[{"embeddable":true,"href":"https:\/\/tuzlainfo.ba\/index.php\/wp-json\/wp\/v2\/comments?post=314932"}],"version-history":[{"count":1,"href":"https:\/\/tuzlainfo.ba\/index.php\/wp-json\/wp\/v2\/posts\/314932\/revisions"}],"predecessor-version":[{"id":314933,"href":"https:\/\/tuzlainfo.ba\/index.php\/wp-json\/wp\/v2\/posts\/314932\/revisions\/314933"}],"wp:featuredmedia":[{"embeddable":true,"href":"https:\/\/tuzlainfo.ba\/index.php\/wp-json\/wp\/v2\/media\/283448"}],"wp:attachment":[{"href":"https:\/\/tuzlainfo.ba\/index.php\/wp-json\/wp\/v2\/media?parent=314932"}],"wp:term":[{"taxonomy":"category","embeddable":true,"href":"https:\/\/tuzlainfo.ba\/index.php\/wp-json\/wp\/v2\/categories?post=314932"},{"taxonomy":"post_tag","embeddable":true,"href":"https:\/\/tuzlainfo.ba\/index.php\/wp-json\/wp\/v2\/tags?post=314932"}],"curies":[{"name":"wp","href":"https:\/\/api.w.org\/{rel}","templated":true}]}}