{"id":314928,"date":"2026-09-05T19:02:33","date_gmt":"2026-09-05T17:02:33","guid":{"rendered":"https:\/\/tuzlainfo.ba\/?p=314928"},"modified":"2026-09-05T16:37:11","modified_gmt":"2026-09-05T14:37:11","slug":"septembarske-vrucine-na-izmaku-evo-kada-stize-osvjezenje","status":"publish","type":"post","link":"https:\/\/tuzlainfo.ba\/index.php\/bosna-i-hercegovina\/item\/314928-septembarske-vrucine-na-izmaku-evo-kada-stize-osvjezenje\/","title":{"rendered":"Septembarske vru\u0107ine na izmaku, evo kada sti\u017ee osvje\u017eenje"},"content":{"rendered":"<p>Danas je bio najtopliji septembarski dan, a period natprosje\u010dno visokih temperatura zraka i relativno stabilnih vremenskih prilika nastavlja se do 9. septembra.<\/p>\n<p>Od 10. septembra slijedi nestabilniji period, pra\u0107en \u010de\u0161\u0107im pljuskovitim padavinama, koji \u0107e se zadr\u017eati do 16. septembra. Krajem prognoznog perioda izgledna je stabilizacija vremenskih prilika, uz vi\u0161e sun\u010danih intervala i postepen porast temperatura zraka, koje \u0107e i dalje biti ne\u0161to ni\u017ee od uobi\u010dajenih za ovo doba godine.<\/p>\n<p>Do 9. septembra prognozira se natprosje\u010dno topao period. Jutarnje temperature u Bosni kretat \u0107e se od 12 do 16 \u00b0C, a u Hercegovini od 19 do 24 \u00b0C. Maksimalne dnevne temperature u Bosni o\u010dekuju se izme\u0111u 27 i 32 \u00b0C, a u Hercegovini do 36 \u00b0C.<\/p>\n<p>Od 10. septembra o\u010dekuje se osjetan pad temperatura zraka, pa \u0107e njihove vrijednosti tokom ve\u0107eg dijela ovog perioda biti ni\u017ee od uobi\u010dajenih za sredinu septembra. Jutarnje temperature u Bosni kretat \u0107e se od 7 do 12 \u00b0C, a u Hercegovini od 11 do 16 \u00b0C.<\/p>\n<p>Maksimalne dnevne temperature u Bosni o\u010dekuju se do 26 \u00b0C, a u Hercegovini do 30 \u00b0C. Krajem prognoznog perioda izgledan je postepen porast temperatura, ali \u0107e njihove vrijednosti i dalje ostati ne\u0161to ispod uobi\u010dajenih za ovaj dio godine.<\/p>\n","protected":false},"excerpt":{"rendered":"<p>Danas je bio najtopliji septembarski dan, a period natprosje\u010dno visokih temperatura zraka i relativno stabilnih vremenskih prilika nastavlja se do 9. septembra. Od 10. septembra slijedi nestabilniji period, pra\u0107en \u010de\u0161\u0107im pljuskovitim padavinama, koji \u0107e se zadr\u017eati do 16. septembra. Krajem prognoznog perioda izgledna je stabilizacija vremenskih prilika, uz vi\u0161e sun\u010danih intervala i postepen porast temperatura [&hellip;]<\/p>\n","protected":false},"author":8,"featured_media":147965,"comment_status":"closed","ping_status":"closed","sticky":false,"template":"","format":"standard","meta":{"footnotes":""},"categories":[291,304],"tags":[1042,312],"class_list":["post-314928","post","type-post","status-publish","format-standard","has-post-thumbnail","hentry","category-bosna-i-hercegovina","category-istaknuto","tag-prognoza","tag-vrijeme"],"yoast_head":"<!-- This site is optimized with the Yoast SEO plugin v28.4 - https:\/\/yoast.com\/product\/yoast-seo-wordpress\/ -->\n<title>Septembarske vru\u0107ine na izmaku, evo kada sti\u017ee osvje\u017eenje<\/title>\n<meta name=\"robots\" content=\"index, follow, max-snippet:-1, max-image-preview:large, max-video-preview:-1\" \/>\n<link rel=\"canonical\" href=\"https:\/\/tuzlainfo.ba\/index.php\/bosna-i-hercegovina\/item\/314928-septembarske-vrucine-na-izmaku-evo-kada-stize-osvjezenje\/\" \/>\n<meta property=\"og:locale\" content=\"bs_BA\" \/>\n<meta property=\"og:type\" content=\"article\" \/>\n<meta property=\"og:title\" content=\"Septembarske vru\u0107ine na izmaku, evo kada sti\u017ee osvje\u017eenje\" \/>\n<meta property=\"og:description\" content=\"Danas je bio najtopliji septembarski dan, a period natprosje\u010dno visokih temperatura zraka i relativno stabilnih vremenskih prilika nastavlja se do 9. septembra. Od 10. septembra slijedi nestabilniji period, pra\u0107en \u010de\u0161\u0107im pljuskovitim padavinama, koji \u0107e se zadr\u017eati do 16. septembra. Krajem prognoznog perioda izgledna je stabilizacija vremenskih prilika, uz vi\u0161e sun\u010danih intervala i postepen porast temperatura [&hellip;]\" \/>\n<meta property=\"og:url\" content=\"https:\/\/tuzlainfo.ba\/index.php\/bosna-i-hercegovina\/item\/314928-septembarske-vrucine-na-izmaku-evo-kada-stize-osvjezenje\/\" \/>\n<meta property=\"og:site_name\" content=\"TuzlaInfo.ba\" \/>\n<meta property=\"article:publisher\" content=\"https:\/\/www.facebook.com\/tuzlainfo.ba\/\" \/>\n<meta property=\"article:published_time\" content=\"2026-09-05T17:02:33+00:00\" \/>\n<meta property=\"og:image\" content=\"https:\/\/tuzlainfo.ba\/wp-content\/uploads\/2021\/09\/1509_kisa.jpg\" \/>\n\t<meta property=\"og:image:width\" content=\"1280\" \/>\n\t<meta property=\"og:image:height\" content=\"819\" \/>\n\t<meta property=\"og:image:type\" content=\"image\/jpeg\" \/>\n<meta name=\"author\" content=\"Admin Tri\" \/>\n<meta name=\"twitter:card\" content=\"summary_large_image\" \/>\n<meta name=\"twitter:label1\" content=\"Written by\" \/>\n\t<meta name=\"twitter:data1\" content=\"Admin Tri\" \/>\n\t<meta name=\"twitter:label2\" content=\"Est. reading time\" \/>\n\t<meta name=\"twitter:data2\" content=\"1 minuta\" \/>\n<script type=\"application\/ld+json\" class=\"yoast-schema-graph\">{\"@context\":\"https:\\\/\\\/schema.org\",\"@graph\":[{\"@type\":\"Article\",\"@id\":\"https:\\\/\\\/tuzlainfo.ba\\\/index.php\\\/bosna-i-hercegovina\\\/item\\\/314928-septembarske-vrucine-na-izmaku-evo-kada-stize-osvjezenje\\\/#article\",\"isPartOf\":{\"@id\":\"https:\\\/\\\/tuzlainfo.ba\\\/index.php\\\/bosna-i-hercegovina\\\/item\\\/314928-septembarske-vrucine-na-izmaku-evo-kada-stize-osvjezenje\\\/\"},\"author\":{\"name\":\"Admin Tri\",\"@id\":\"https:\\\/\\\/tuzlainfo.ba\\\/#\\\/schema\\\/person\\\/593e78a2f6378c5ba3e7600ecfa4e63a\"},\"headline\":\"Septembarske vru\u0107ine na izmaku, evo kada sti\u017ee osvje\u017eenje\",\"datePublished\":\"2026-09-05T17:02:33+00:00\",\"mainEntityOfPage\":{\"@id\":\"https:\\\/\\\/tuzlainfo.ba\\\/index.php\\\/bosna-i-hercegovina\\\/item\\\/314928-septembarske-vrucine-na-izmaku-evo-kada-stize-osvjezenje\\\/\"},\"wordCount\":210,\"publisher\":{\"@id\":\"https:\\\/\\\/tuzlainfo.ba\\\/#organization\"},\"image\":{\"@id\":\"https:\\\/\\\/tuzlainfo.ba\\\/index.php\\\/bosna-i-hercegovina\\\/item\\\/314928-septembarske-vrucine-na-izmaku-evo-kada-stize-osvjezenje\\\/#primaryimage\"},\"thumbnailUrl\":\"https:\\\/\\\/tuzlainfo.ba\\\/wp-content\\\/uploads\\\/2021\\\/09\\\/1509_kisa.jpg\",\"keywords\":[\"prognoza\",\"vrijeme\"],\"articleSection\":[\"Bosna i Hercegovina\",\"Istaknuto\"],\"inLanguage\":\"bs-BA\",\"copyrightYear\":\"2026\",\"copyrightHolder\":{\"@id\":\"https:\\\/\\\/tuzlainfo.ba\\\/#organization\"}},{\"@type\":\"WebPage\",\"@id\":\"https:\\\/\\\/tuzlainfo.ba\\\/index.php\\\/bosna-i-hercegovina\\\/item\\\/314928-septembarske-vrucine-na-izmaku-evo-kada-stize-osvjezenje\\\/\",\"url\":\"https:\\\/\\\/tuzlainfo.ba\\\/index.php\\\/bosna-i-hercegovina\\\/item\\\/314928-septembarske-vrucine-na-izmaku-evo-kada-stize-osvjezenje\\\/\",\"name\":\"Septembarske vru\u0107ine na izmaku, evo kada sti\u017ee osvje\u017eenje\",\"isPartOf\":{\"@id\":\"https:\\\/\\\/tuzlainfo.ba\\\/#website\"},\"primaryImageOfPage\":{\"@id\":\"https:\\\/\\\/tuzlainfo.ba\\\/index.php\\\/bosna-i-hercegovina\\\/item\\\/314928-septembarske-vrucine-na-izmaku-evo-kada-stize-osvjezenje\\\/#primaryimage\"},\"image\":{\"@id\":\"https:\\\/\\\/tuzlainfo.ba\\\/index.php\\\/bosna-i-hercegovina\\\/item\\\/314928-septembarske-vrucine-na-izmaku-evo-kada-stize-osvjezenje\\\/#primaryimage\"},\"thumbnailUrl\":\"https:\\\/\\\/tuzlainfo.ba\\\/wp-content\\\/uploads\\\/2021\\\/09\\\/1509_kisa.jpg\",\"datePublished\":\"2026-09-05T17:02:33+00:00\",\"breadcrumb\":{\"@id\":\"https:\\\/\\\/tuzlainfo.ba\\\/index.php\\\/bosna-i-hercegovina\\\/item\\\/314928-septembarske-vrucine-na-izmaku-evo-kada-stize-osvjezenje\\\/#breadcrumb\"},\"inLanguage\":\"bs-BA\",\"potentialAction\":[{\"@type\":\"ReadAction\",\"target\":[\"https:\\\/\\\/tuzlainfo.ba\\\/index.php\\\/bosna-i-hercegovina\\\/item\\\/314928-septembarske-vrucine-na-izmaku-evo-kada-stize-osvjezenje\\\/\"]}]},{\"@type\":\"ImageObject\",\"inLanguage\":\"bs-BA\",\"@id\":\"https:\\\/\\\/tuzlainfo.ba\\\/index.php\\\/bosna-i-hercegovina\\\/item\\\/314928-septembarske-vrucine-na-izmaku-evo-kada-stize-osvjezenje\\\/#primaryimage\",\"url\":\"https:\\\/\\\/tuzlainfo.ba\\\/wp-content\\\/uploads\\\/2021\\\/09\\\/1509_kisa.jpg\",\"contentUrl\":\"https:\\\/\\\/tuzlainfo.ba\\\/wp-content\\\/uploads\\\/2021\\\/09\\\/1509_kisa.jpg\",\"width\":1280,\"height\":819},{\"@type\":\"BreadcrumbList\",\"@id\":\"https:\\\/\\\/tuzlainfo.ba\\\/index.php\\\/bosna-i-hercegovina\\\/item\\\/314928-septembarske-vrucine-na-izmaku-evo-kada-stize-osvjezenje\\\/#breadcrumb\",\"itemListElement\":[{\"@type\":\"ListItem\",\"position\":1,\"name\":\"Home\",\"item\":\"https:\\\/\\\/tuzlainfo.ba\\\/\"},{\"@type\":\"ListItem\",\"position\":2,\"name\":\"Septembarske vru\u0107ine na izmaku, evo kada sti\u017ee osvje\u017eenje\"}]},{\"@type\":\"WebSite\",\"@id\":\"https:\\\/\\\/tuzlainfo.ba\\\/#website\",\"url\":\"https:\\\/\\\/tuzlainfo.ba\\\/\",\"name\":\"TuzlaInfo.ba\",\"description\":\"Tuzla info, gradski informator - Tuzla na dlanu\",\"publisher\":{\"@id\":\"https:\\\/\\\/tuzlainfo.ba\\\/#organization\"},\"potentialAction\":[{\"@type\":\"SearchAction\",\"target\":{\"@type\":\"EntryPoint\",\"urlTemplate\":\"https:\\\/\\\/tuzlainfo.ba\\\/?s={search_term_string}\"},\"query-input\":{\"@type\":\"PropertyValueSpecification\",\"valueRequired\":true,\"valueName\":\"search_term_string\"}}],\"inLanguage\":\"bs-BA\"},{\"@type\":\"Organization\",\"@id\":\"https:\\\/\\\/tuzlainfo.ba\\\/#organization\",\"name\":\"TuzlaInfo.ba\",\"url\":\"https:\\\/\\\/tuzlainfo.ba\\\/\",\"logo\":{\"@type\":\"ImageObject\",\"inLanguage\":\"bs-BA\",\"@id\":\"https:\\\/\\\/tuzlainfo.ba\\\/#\\\/schema\\\/logo\\\/image\\\/\",\"url\":\"https:\\\/\\\/tuzlainfo.ba\\\/wp-content\\\/uploads\\\/2021\\\/03\\\/logo-ver-3-1.png\",\"contentUrl\":\"https:\\\/\\\/tuzlainfo.ba\\\/wp-content\\\/uploads\\\/2021\\\/03\\\/logo-ver-3-1.png\",\"width\":350,\"height\":95,\"caption\":\"TuzlaInfo.ba\"},\"image\":{\"@id\":\"https:\\\/\\\/tuzlainfo.ba\\\/#\\\/schema\\\/logo\\\/image\\\/\"},\"sameAs\":[\"https:\\\/\\\/www.facebook.com\\\/tuzlainfo.ba\\\/\"]},{\"@type\":\"Person\",\"@id\":\"https:\\\/\\\/tuzlainfo.ba\\\/#\\\/schema\\\/person\\\/593e78a2f6378c5ba3e7600ecfa4e63a\",\"name\":\"Admin Tri\",\"image\":{\"@type\":\"ImageObject\",\"inLanguage\":\"bs-BA\",\"@id\":\"https:\\\/\\\/secure.gravatar.com\\\/avatar\\\/b53a7f47acc7a09467757d8b2234cc38fa334b13599376e53104c0036b528ca1?s=96&d=mm&r=g\",\"url\":\"https:\\\/\\\/secure.gravatar.com\\\/avatar\\\/b53a7f47acc7a09467757d8b2234cc38fa334b13599376e53104c0036b528ca1?s=96&d=mm&r=g\",\"contentUrl\":\"https:\\\/\\\/secure.gravatar.com\\\/avatar\\\/b53a7f47acc7a09467757d8b2234cc38fa334b13599376e53104c0036b528ca1?s=96&d=mm&r=g\",\"caption\":\"Admin Tri\"},\"sameAs\":[\"https:\\\/\\\/tuzlainfo.ba\"]}]}<\/script>\n<!-- \/ Yoast SEO plugin. -->","yoast_head_json":{"title":"Septembarske vru\u0107ine na izmaku, evo kada sti\u017ee osvje\u017eenje","robots":{"index":"index","follow":"follow","max-snippet":"max-snippet:-1","max-image-preview":"max-image-preview:large","max-video-preview":"max-video-preview:-1"},"canonical":"https:\/\/tuzlainfo.ba\/index.php\/bosna-i-hercegovina\/item\/314928-septembarske-vrucine-na-izmaku-evo-kada-stize-osvjezenje\/","og_locale":"bs_BA","og_type":"article","og_title":"Septembarske vru\u0107ine na izmaku, evo kada sti\u017ee osvje\u017eenje","og_description":"Danas je bio najtopliji septembarski dan, a period natprosje\u010dno visokih temperatura zraka i relativno stabilnih vremenskih prilika nastavlja se do 9. septembra. Od 10. septembra slijedi nestabilniji period, pra\u0107en \u010de\u0161\u0107im pljuskovitim padavinama, koji \u0107e se zadr\u017eati do 16. septembra. Krajem prognoznog perioda izgledna je stabilizacija vremenskih prilika, uz vi\u0161e sun\u010danih intervala i postepen porast temperatura [&hellip;]","og_url":"https:\/\/tuzlainfo.ba\/index.php\/bosna-i-hercegovina\/item\/314928-septembarske-vrucine-na-izmaku-evo-kada-stize-osvjezenje\/","og_site_name":"TuzlaInfo.ba","article_publisher":"https:\/\/www.facebook.com\/tuzlainfo.ba\/","article_published_time":"2026-09-05T17:02:33+00:00","og_image":[{"width":1280,"height":819,"url":"https:\/\/tuzlainfo.ba\/wp-content\/uploads\/2021\/09\/1509_kisa.jpg","type":"image\/jpeg"}],"author":"Admin Tri","twitter_card":"summary_large_image","twitter_misc":{"Written by":"Admin Tri","Est. reading time":"1 minuta"},"schema":{"@context":"https:\/\/schema.org","@graph":[{"@type":"Article","@id":"https:\/\/tuzlainfo.ba\/index.php\/bosna-i-hercegovina\/item\/314928-septembarske-vrucine-na-izmaku-evo-kada-stize-osvjezenje\/#article","isPartOf":{"@id":"https:\/\/tuzlainfo.ba\/index.php\/bosna-i-hercegovina\/item\/314928-septembarske-vrucine-na-izmaku-evo-kada-stize-osvjezenje\/"},"author":{"name":"Admin Tri","@id":"https:\/\/tuzlainfo.ba\/#\/schema\/person\/593e78a2f6378c5ba3e7600ecfa4e63a"},"headline":"Septembarske vru\u0107ine na izmaku, evo kada sti\u017ee osvje\u017eenje","datePublished":"2026-09-05T17:02:33+00:00","mainEntityOfPage":{"@id":"https:\/\/tuzlainfo.ba\/index.php\/bosna-i-hercegovina\/item\/314928-septembarske-vrucine-na-izmaku-evo-kada-stize-osvjezenje\/"},"wordCount":210,"publisher":{"@id":"https:\/\/tuzlainfo.ba\/#organization"},"image":{"@id":"https:\/\/tuzlainfo.ba\/index.php\/bosna-i-hercegovina\/item\/314928-septembarske-vrucine-na-izmaku-evo-kada-stize-osvjezenje\/#primaryimage"},"thumbnailUrl":"https:\/\/tuzlainfo.ba\/wp-content\/uploads\/2021\/09\/1509_kisa.jpg","keywords":["prognoza","vrijeme"],"articleSection":["Bosna i Hercegovina","Istaknuto"],"inLanguage":"bs-BA","copyrightYear":"2026","copyrightHolder":{"@id":"https:\/\/tuzlainfo.ba\/#organization"}},{"@type":"WebPage","@id":"https:\/\/tuzlainfo.ba\/index.php\/bosna-i-hercegovina\/item\/314928-septembarske-vrucine-na-izmaku-evo-kada-stize-osvjezenje\/","url":"https:\/\/tuzlainfo.ba\/index.php\/bosna-i-hercegovina\/item\/314928-septembarske-vrucine-na-izmaku-evo-kada-stize-osvjezenje\/","name":"Septembarske vru\u0107ine na izmaku, evo kada sti\u017ee osvje\u017eenje","isPartOf":{"@id":"https:\/\/tuzlainfo.ba\/#website"},"primaryImageOfPage":{"@id":"https:\/\/tuzlainfo.ba\/index.php\/bosna-i-hercegovina\/item\/314928-septembarske-vrucine-na-izmaku-evo-kada-stize-osvjezenje\/#primaryimage"},"image":{"@id":"https:\/\/tuzlainfo.ba\/index.php\/bosna-i-hercegovina\/item\/314928-septembarske-vrucine-na-izmaku-evo-kada-stize-osvjezenje\/#primaryimage"},"thumbnailUrl":"https:\/\/tuzlainfo.ba\/wp-content\/uploads\/2021\/09\/1509_kisa.jpg","datePublished":"2026-09-05T17:02:33+00:00","breadcrumb":{"@id":"https:\/\/tuzlainfo.ba\/index.php\/bosna-i-hercegovina\/item\/314928-septembarske-vrucine-na-izmaku-evo-kada-stize-osvjezenje\/#breadcrumb"},"inLanguage":"bs-BA","potentialAction":[{"@type":"ReadAction","target":["https:\/\/tuzlainfo.ba\/index.php\/bosna-i-hercegovina\/item\/314928-septembarske-vrucine-na-izmaku-evo-kada-stize-osvjezenje\/"]}]},{"@type":"ImageObject","inLanguage":"bs-BA","@id":"https:\/\/tuzlainfo.ba\/index.php\/bosna-i-hercegovina\/item\/314928-septembarske-vrucine-na-izmaku-evo-kada-stize-osvjezenje\/#primaryimage","url":"https:\/\/tuzlainfo.ba\/wp-content\/uploads\/2021\/09\/1509_kisa.jpg","contentUrl":"https:\/\/tuzlainfo.ba\/wp-content\/uploads\/2021\/09\/1509_kisa.jpg","width":1280,"height":819},{"@type":"BreadcrumbList","@id":"https:\/\/tuzlainfo.ba\/index.php\/bosna-i-hercegovina\/item\/314928-septembarske-vrucine-na-izmaku-evo-kada-stize-osvjezenje\/#breadcrumb","itemListElement":[{"@type":"ListItem","position":1,"name":"Home","item":"https:\/\/tuzlainfo.ba\/"},{"@type":"ListItem","position":2,"name":"Septembarske vru\u0107ine na izmaku, evo kada sti\u017ee osvje\u017eenje"}]},{"@type":"WebSite","@id":"https:\/\/tuzlainfo.ba\/#website","url":"https:\/\/tuzlainfo.ba\/","name":"TuzlaInfo.ba","description":"Tuzla info, gradski informator - Tuzla na dlanu","publisher":{"@id":"https:\/\/tuzlainfo.ba\/#organization"},"potentialAction":[{"@type":"SearchAction","target":{"@type":"EntryPoint","urlTemplate":"https:\/\/tuzlainfo.ba\/?s={search_term_string}"},"query-input":{"@type":"PropertyValueSpecification","valueRequired":true,"valueName":"search_term_string"}}],"inLanguage":"bs-BA"},{"@type":"Organization","@id":"https:\/\/tuzlainfo.ba\/#organization","name":"TuzlaInfo.ba","url":"https:\/\/tuzlainfo.ba\/","logo":{"@type":"ImageObject","inLanguage":"bs-BA","@id":"https:\/\/tuzlainfo.ba\/#\/schema\/logo\/image\/","url":"https:\/\/tuzlainfo.ba\/wp-content\/uploads\/2021\/03\/logo-ver-3-1.png","contentUrl":"https:\/\/tuzlainfo.ba\/wp-content\/uploads\/2021\/03\/logo-ver-3-1.png","width":350,"height":95,"caption":"TuzlaInfo.ba"},"image":{"@id":"https:\/\/tuzlainfo.ba\/#\/schema\/logo\/image\/"},"sameAs":["https:\/\/www.facebook.com\/tuzlainfo.ba\/"]},{"@type":"Person","@id":"https:\/\/tuzlainfo.ba\/#\/schema\/person\/593e78a2f6378c5ba3e7600ecfa4e63a","name":"Admin Tri","image":{"@type":"ImageObject","inLanguage":"bs-BA","@id":"https:\/\/secure.gravatar.com\/avatar\/b53a7f47acc7a09467757d8b2234cc38fa334b13599376e53104c0036b528ca1?s=96&d=mm&r=g","url":"https:\/\/secure.gravatar.com\/avatar\/b53a7f47acc7a09467757d8b2234cc38fa334b13599376e53104c0036b528ca1?s=96&d=mm&r=g","contentUrl":"https:\/\/secure.gravatar.com\/avatar\/b53a7f47acc7a09467757d8b2234cc38fa334b13599376e53104c0036b528ca1?s=96&d=mm&r=g","caption":"Admin Tri"},"sameAs":["https:\/\/tuzlainfo.ba"]}]}},"_links":{"self":[{"href":"https:\/\/tuzlainfo.ba\/index.php\/wp-json\/wp\/v2\/posts\/314928","targetHints":{"allow":["GET"]}}],"collection":[{"href":"https:\/\/tuzlainfo.ba\/index.php\/wp-json\/wp\/v2\/posts"}],"about":[{"href":"https:\/\/tuzlainfo.ba\/index.php\/wp-json\/wp\/v2\/types\/post"}],"author":[{"embeddable":true,"href":"https:\/\/tuzlainfo.ba\/index.php\/wp-json\/wp\/v2\/users\/8"}],"replies":[{"embeddable":true,"href":"https:\/\/tuzlainfo.ba\/index.php\/wp-json\/wp\/v2\/comments?post=314928"}],"version-history":[{"count":1,"href":"https:\/\/tuzlainfo.ba\/index.php\/wp-json\/wp\/v2\/posts\/314928\/revisions"}],"predecessor-version":[{"id":314929,"href":"https:\/\/tuzlainfo.ba\/index.php\/wp-json\/wp\/v2\/posts\/314928\/revisions\/314929"}],"wp:featuredmedia":[{"embeddable":true,"href":"https:\/\/tuzlainfo.ba\/index.php\/wp-json\/wp\/v2\/media\/147965"}],"wp:attachment":[{"href":"https:\/\/tuzlainfo.ba\/index.php\/wp-json\/wp\/v2\/media?parent=314928"}],"wp:term":[{"taxonomy":"category","embeddable":true,"href":"https:\/\/tuzlainfo.ba\/index.php\/wp-json\/wp\/v2\/categories?post=314928"},{"taxonomy":"post_tag","embeddable":true,"href":"https:\/\/tuzlainfo.ba\/index.php\/wp-json\/wp\/v2\/tags?post=314928"}],"curies":[{"name":"wp","href":"https:\/\/api.w.org\/{rel}","templated":true}]}}