{"id":314926,"date":"2026-09-05T15:23:02","date_gmt":"2026-09-05T13:23:02","guid":{"rendered":"https:\/\/tuzlainfo.ba\/?p=314926"},"modified":"2026-09-04T13:44:13","modified_gmt":"2026-09-04T11:44:13","slug":"lidl-u-bih-trazi-vise-od-1-000-radnika-prijave-otvorene-u-21-gradu","status":"publish","type":"post","link":"https:\/\/tuzlainfo.ba\/index.php\/bosna-i-hercegovina\/item\/314926-lidl-u-bih-trazi-vise-od-1-000-radnika-prijave-otvorene-u-21-gradu\/","title":{"rendered":"Lidl u BiH tra\u017ei vi\u0161e od 1.000 radnika: Prijave otvorene u 21 gradu"},"content":{"rendered":"<p>Lidl Bosna i Hercegovina ubrzano \u0161iri svoj tim uo\u010di najavljenog otvaranja prodavnica u na\u0161oj zemlji, a do 30. septembra otvorene su prijave za vi\u0161e od 1.000 prodava\u010da u vi\u0161e od 20 gradova \u0161irom BiH.<\/p>\n<p>Prethodno radno iskustvo nije uslov, a za sve novozaposlene predvi\u0111ena je sveobuhvatna obuka tokom koje \u0107e se, uz podr\u0161ku iskusnijih kolega, upoznati sa svim poslovima u prodavnici.<\/p>\n<p>Prijave su trenutno otvorene u 21 gradu i op\u0107ini u Bosni i Hercegovini, a rije\u010d je o prvom velikom talasu zapo\u0161ljavanja kojim \u0107e se postoje\u0107em timu Lidla BH pridru\u017eiti vi\u0161e od 1.000 novih radnika.<\/p>\n<h3>Obuka od teorije do rada u prodavnici<\/h3>\n<p>Posao prodava\u010da u Lidlu podrazumijeva razli\u010dite zadatke tokom jedne radne smjene, zbog \u010dega je obuka osmi\u0161ljena tako da novi zaposlenici upoznaju sve segmente rada prodavnice.<\/p>\n<p>Najprije prolaze kroz interaktivne sadr\u017eaje i upoznaju standarde i na\u010din rada kompanije, nakon \u010dega ste\u010deno znanje primjenjuju u praksi.<\/p>\n<p>Tokom obuke zaposlenici \u0107e prolaziti kroz razli\u010dite radne zadatke \u2013 od slaganja i dopune robe, rotacije proizvoda, kontrole rokova trajanja i svje\u017eine, postavljanja cijena i odr\u017eavanja prostora urednim, do rada u pekari, na kasi i komunikacije s kupcima.<\/p>\n<p>Kako navode iz kompanije, poslovi nisu strogo podijeljeni, pa \u0107e prodava\u010di biti osposobljeni za rad na vi\u0161e pozicija unutar prodavnice.<\/p>\n<p>\u201eZa vi\u0161e od 1.000 prodava\u010da koje zapo\u0161ljavamo u vi\u0161e od 20 gradova \u0161irom BiH pripremili smo sveobuhvatnu obuku. Kroz nju \u0107e nau\u010diti sve aspekte rada po na\u0161em jedinstvenom modelu, pri \u010demu poslovi nisu strogo podijeljeni. Imat \u0107e priliku raditi u pekari, na kasi, u uslu\u017eivanju kupaca i izlaganju robe. Prethodno iskustvo nije uslov \u2013 najva\u017eniji su nam motivacija i \u017eelja za radom\u201c, rekao je Edin Ibrahimovi\u0107, izvr\u0161ni direktor Regionalnog dru\u0161tva.<\/p>\n<h3>Model obuke: poka\u017ei, objasni, uradi zajedno<\/h3>\n<p>Lidlov model obuke zasniva se na principu postupnog uvo\u0111enja u svaki radni zadatak.<\/p>\n<p>Primjenjuje se model: poka\u017ei \u2013 objasni \u2013 uradi zajedno \u2013 uradi samostalno \u2013 provjeri.<\/p>\n<p>Novi zaposlenici tako prvo posmatraju kako se odre\u0111eni zadatak obavlja, zatim ga rade zajedno s iskusnijim kolegom, a tek nakon toga prelaze na samostalan rad.<\/p>\n<p>Dodatna prednost za ve\u0107inu budu\u0107ih prodava\u010da je to \u0161to \u0107e se obuka odvijati upravo u prodavnicama u kojima \u0107e kasnije raditi. Na taj na\u010din mo\u0107i \u0107e se unaprijed upoznati i s prostorom, kolegama i organizacijom rada.<\/p>\n<p>Izuzetak \u0107e biti kandidati za nekoliko prodavnica koje ne\u0107e biti otvorene u prvom talasu, pa \u0107e za njih obuka biti organizovana na drugim Lidlovim lokacijama.<\/p>\n<h3>Prijave otvorene u 21 gradu<\/h3>\n<p>Za poziciju prodava\u010da mogu\u0107e se prijaviti u Banjoj Luci, Biha\u0107u, Bijeljini, Br\u010dkom, \u010capljini, Doboju, Gra\u010danici, Gradi\u0161ci, Isto\u010dnom Sarajevu, Kaknju, Kiseljaku, Lakta\u0161ima, Livnu, Modri\u010di, Mostaru, Sarajevu, Te\u0161nju, Travniku, Vogo\u0161\u0107i, Zenici i Zvorniku.<\/p>\n<p>Od kandidata se, osim motivacije i spremnosti za u\u010denje, o\u010dekuje i spremnost na timski rad.<\/p>\n<p>Lidl je za zainteresovane kandidate organizovao i dodatnu podr\u0161ku na terenu. Od 2. do 7. septembra Lidl bus \u0107e posjetiti \u010capljinu, Mostar, Livno, Biha\u0107, Doboj i Modri\u010du, gdje \u0107e zainteresovani mo\u0107i dobiti vi\u0161e informacija o poslu i pomo\u0107 prilikom prijave.<\/p>\n<p>Vi\u0161e informacija o otvorenim pozicijama dostupno je na zvani\u010dnoj stranici Lidl karijera.<\/p>\n","protected":false},"excerpt":{"rendered":"<p>Lidl Bosna i Hercegovina ubrzano \u0161iri svoj tim uo\u010di najavljenog otvaranja prodavnica u na\u0161oj zemlji, a do 30. septembra otvorene su prijave za vi\u0161e od 1.000 prodava\u010da u vi\u0161e od 20 gradova \u0161irom BiH. Prethodno radno iskustvo nije uslov, a za sve novozaposlene predvi\u0111ena je sveobuhvatna obuka tokom koje \u0107e se, uz podr\u0161ku iskusnijih kolega, [&hellip;]<\/p>\n","protected":false},"author":8,"featured_media":220493,"comment_status":"closed","ping_status":"closed","sticky":false,"template":"","format":"standard","meta":{"footnotes":""},"categories":[291,304],"tags":[1572,786,9745],"class_list":["post-314926","post","type-post","status-publish","format-standard","has-post-thumbnail","hentry","category-bosna-i-hercegovina","category-istaknuto","tag-lidl","tag-posao","tag-prijava"],"yoast_head":"<!-- This site is optimized with the Yoast SEO plugin v28.4 - https:\/\/yoast.com\/product\/yoast-seo-wordpress\/ -->\n<title>Lidl u BiH tra\u017ei vi\u0161e od 1.000 radnika: Prijave otvorene u 21 gradu<\/title>\n<meta name=\"robots\" content=\"index, follow, max-snippet:-1, max-image-preview:large, max-video-preview:-1\" \/>\n<link rel=\"canonical\" href=\"https:\/\/tuzlainfo.ba\/index.php\/bosna-i-hercegovina\/item\/314926-lidl-u-bih-trazi-vise-od-1-000-radnika-prijave-otvorene-u-21-gradu\/\" \/>\n<meta property=\"og:locale\" content=\"bs_BA\" \/>\n<meta property=\"og:type\" content=\"article\" \/>\n<meta property=\"og:title\" content=\"Lidl u BiH tra\u017ei vi\u0161e od 1.000 radnika: Prijave otvorene u 21 gradu\" \/>\n<meta property=\"og:description\" content=\"Lidl Bosna i Hercegovina ubrzano \u0161iri svoj tim uo\u010di najavljenog otvaranja prodavnica u na\u0161oj zemlji, a do 30. septembra otvorene su prijave za vi\u0161e od 1.000 prodava\u010da u vi\u0161e od 20 gradova \u0161irom BiH. Prethodno radno iskustvo nije uslov, a za sve novozaposlene predvi\u0111ena je sveobuhvatna obuka tokom koje \u0107e se, uz podr\u0161ku iskusnijih kolega, [&hellip;]\" \/>\n<meta property=\"og:url\" content=\"https:\/\/tuzlainfo.ba\/index.php\/bosna-i-hercegovina\/item\/314926-lidl-u-bih-trazi-vise-od-1-000-radnika-prijave-otvorene-u-21-gradu\/\" \/>\n<meta property=\"og:site_name\" content=\"TuzlaInfo.ba\" \/>\n<meta property=\"article:publisher\" content=\"https:\/\/www.facebook.com\/tuzlainfo.ba\/\" \/>\n<meta property=\"article:published_time\" content=\"2026-09-05T13:23:02+00:00\" \/>\n<meta property=\"og:image\" content=\"https:\/\/tuzlainfo.ba\/wp-content\/uploads\/2023\/10\/Lidl-2.jpg\" \/>\n\t<meta property=\"og:image:width\" content=\"1023\" \/>\n\t<meta property=\"og:image:height\" content=\"641\" \/>\n\t<meta property=\"og:image:type\" content=\"image\/jpeg\" \/>\n<meta name=\"author\" content=\"Admin Tri\" \/>\n<meta name=\"twitter:card\" content=\"summary_large_image\" \/>\n<meta name=\"twitter:label1\" content=\"Written by\" \/>\n\t<meta name=\"twitter:data1\" content=\"Admin Tri\" \/>\n\t<meta name=\"twitter:label2\" content=\"Est. reading time\" \/>\n\t<meta name=\"twitter:data2\" content=\"3 minute\" \/>\n<script type=\"application\/ld+json\" class=\"yoast-schema-graph\">{\"@context\":\"https:\\\/\\\/schema.org\",\"@graph\":[{\"@type\":\"Article\",\"@id\":\"https:\\\/\\\/tuzlainfo.ba\\\/index.php\\\/bosna-i-hercegovina\\\/item\\\/314926-lidl-u-bih-trazi-vise-od-1-000-radnika-prijave-otvorene-u-21-gradu\\\/#article\",\"isPartOf\":{\"@id\":\"https:\\\/\\\/tuzlainfo.ba\\\/index.php\\\/bosna-i-hercegovina\\\/item\\\/314926-lidl-u-bih-trazi-vise-od-1-000-radnika-prijave-otvorene-u-21-gradu\\\/\"},\"author\":{\"name\":\"Admin Tri\",\"@id\":\"https:\\\/\\\/tuzlainfo.ba\\\/#\\\/schema\\\/person\\\/593e78a2f6378c5ba3e7600ecfa4e63a\"},\"headline\":\"Lidl u BiH tra\u017ei vi\u0161e od 1.000 radnika: Prijave otvorene u 21 gradu\",\"datePublished\":\"2026-09-05T13:23:02+00:00\",\"mainEntityOfPage\":{\"@id\":\"https:\\\/\\\/tuzlainfo.ba\\\/index.php\\\/bosna-i-hercegovina\\\/item\\\/314926-lidl-u-bih-trazi-vise-od-1-000-radnika-prijave-otvorene-u-21-gradu\\\/\"},\"wordCount\":555,\"publisher\":{\"@id\":\"https:\\\/\\\/tuzlainfo.ba\\\/#organization\"},\"image\":{\"@id\":\"https:\\\/\\\/tuzlainfo.ba\\\/index.php\\\/bosna-i-hercegovina\\\/item\\\/314926-lidl-u-bih-trazi-vise-od-1-000-radnika-prijave-otvorene-u-21-gradu\\\/#primaryimage\"},\"thumbnailUrl\":\"https:\\\/\\\/tuzlainfo.ba\\\/wp-content\\\/uploads\\\/2023\\\/10\\\/Lidl-2.jpg\",\"keywords\":[\"LIDL\",\"posao\",\"prijava\"],\"articleSection\":[\"Bosna i Hercegovina\",\"Istaknuto\"],\"inLanguage\":\"bs-BA\",\"copyrightYear\":\"2026\",\"copyrightHolder\":{\"@id\":\"https:\\\/\\\/tuzlainfo.ba\\\/#organization\"}},{\"@type\":\"WebPage\",\"@id\":\"https:\\\/\\\/tuzlainfo.ba\\\/index.php\\\/bosna-i-hercegovina\\\/item\\\/314926-lidl-u-bih-trazi-vise-od-1-000-radnika-prijave-otvorene-u-21-gradu\\\/\",\"url\":\"https:\\\/\\\/tuzlainfo.ba\\\/index.php\\\/bosna-i-hercegovina\\\/item\\\/314926-lidl-u-bih-trazi-vise-od-1-000-radnika-prijave-otvorene-u-21-gradu\\\/\",\"name\":\"Lidl u BiH tra\u017ei vi\u0161e od 1.000 radnika: Prijave otvorene u 21 gradu\",\"isPartOf\":{\"@id\":\"https:\\\/\\\/tuzlainfo.ba\\\/#website\"},\"primaryImageOfPage\":{\"@id\":\"https:\\\/\\\/tuzlainfo.ba\\\/index.php\\\/bosna-i-hercegovina\\\/item\\\/314926-lidl-u-bih-trazi-vise-od-1-000-radnika-prijave-otvorene-u-21-gradu\\\/#primaryimage\"},\"image\":{\"@id\":\"https:\\\/\\\/tuzlainfo.ba\\\/index.php\\\/bosna-i-hercegovina\\\/item\\\/314926-lidl-u-bih-trazi-vise-od-1-000-radnika-prijave-otvorene-u-21-gradu\\\/#primaryimage\"},\"thumbnailUrl\":\"https:\\\/\\\/tuzlainfo.ba\\\/wp-content\\\/uploads\\\/2023\\\/10\\\/Lidl-2.jpg\",\"datePublished\":\"2026-09-05T13:23:02+00:00\",\"breadcrumb\":{\"@id\":\"https:\\\/\\\/tuzlainfo.ba\\\/index.php\\\/bosna-i-hercegovina\\\/item\\\/314926-lidl-u-bih-trazi-vise-od-1-000-radnika-prijave-otvorene-u-21-gradu\\\/#breadcrumb\"},\"inLanguage\":\"bs-BA\",\"potentialAction\":[{\"@type\":\"ReadAction\",\"target\":[\"https:\\\/\\\/tuzlainfo.ba\\\/index.php\\\/bosna-i-hercegovina\\\/item\\\/314926-lidl-u-bih-trazi-vise-od-1-000-radnika-prijave-otvorene-u-21-gradu\\\/\"]}]},{\"@type\":\"ImageObject\",\"inLanguage\":\"bs-BA\",\"@id\":\"https:\\\/\\\/tuzlainfo.ba\\\/index.php\\\/bosna-i-hercegovina\\\/item\\\/314926-lidl-u-bih-trazi-vise-od-1-000-radnika-prijave-otvorene-u-21-gradu\\\/#primaryimage\",\"url\":\"https:\\\/\\\/tuzlainfo.ba\\\/wp-content\\\/uploads\\\/2023\\\/10\\\/Lidl-2.jpg\",\"contentUrl\":\"https:\\\/\\\/tuzlainfo.ba\\\/wp-content\\\/uploads\\\/2023\\\/10\\\/Lidl-2.jpg\",\"width\":1023,\"height\":641},{\"@type\":\"BreadcrumbList\",\"@id\":\"https:\\\/\\\/tuzlainfo.ba\\\/index.php\\\/bosna-i-hercegovina\\\/item\\\/314926-lidl-u-bih-trazi-vise-od-1-000-radnika-prijave-otvorene-u-21-gradu\\\/#breadcrumb\",\"itemListElement\":[{\"@type\":\"ListItem\",\"position\":1,\"name\":\"Home\",\"item\":\"https:\\\/\\\/tuzlainfo.ba\\\/\"},{\"@type\":\"ListItem\",\"position\":2,\"name\":\"Lidl u BiH tra\u017ei vi\u0161e od 1.000 radnika: Prijave otvorene u 21 gradu\"}]},{\"@type\":\"WebSite\",\"@id\":\"https:\\\/\\\/tuzlainfo.ba\\\/#website\",\"url\":\"https:\\\/\\\/tuzlainfo.ba\\\/\",\"name\":\"TuzlaInfo.ba\",\"description\":\"Tuzla info, gradski informator - Tuzla na dlanu\",\"publisher\":{\"@id\":\"https:\\\/\\\/tuzlainfo.ba\\\/#organization\"},\"potentialAction\":[{\"@type\":\"SearchAction\",\"target\":{\"@type\":\"EntryPoint\",\"urlTemplate\":\"https:\\\/\\\/tuzlainfo.ba\\\/?s={search_term_string}\"},\"query-input\":{\"@type\":\"PropertyValueSpecification\",\"valueRequired\":true,\"valueName\":\"search_term_string\"}}],\"inLanguage\":\"bs-BA\"},{\"@type\":\"Organization\",\"@id\":\"https:\\\/\\\/tuzlainfo.ba\\\/#organization\",\"name\":\"TuzlaInfo.ba\",\"url\":\"https:\\\/\\\/tuzlainfo.ba\\\/\",\"logo\":{\"@type\":\"ImageObject\",\"inLanguage\":\"bs-BA\",\"@id\":\"https:\\\/\\\/tuzlainfo.ba\\\/#\\\/schema\\\/logo\\\/image\\\/\",\"url\":\"https:\\\/\\\/tuzlainfo.ba\\\/wp-content\\\/uploads\\\/2021\\\/03\\\/logo-ver-3-1.png\",\"contentUrl\":\"https:\\\/\\\/tuzlainfo.ba\\\/wp-content\\\/uploads\\\/2021\\\/03\\\/logo-ver-3-1.png\",\"width\":350,\"height\":95,\"caption\":\"TuzlaInfo.ba\"},\"image\":{\"@id\":\"https:\\\/\\\/tuzlainfo.ba\\\/#\\\/schema\\\/logo\\\/image\\\/\"},\"sameAs\":[\"https:\\\/\\\/www.facebook.com\\\/tuzlainfo.ba\\\/\"]},{\"@type\":\"Person\",\"@id\":\"https:\\\/\\\/tuzlainfo.ba\\\/#\\\/schema\\\/person\\\/593e78a2f6378c5ba3e7600ecfa4e63a\",\"name\":\"Admin Tri\",\"image\":{\"@type\":\"ImageObject\",\"inLanguage\":\"bs-BA\",\"@id\":\"https:\\\/\\\/secure.gravatar.com\\\/avatar\\\/b53a7f47acc7a09467757d8b2234cc38fa334b13599376e53104c0036b528ca1?s=96&d=mm&r=g\",\"url\":\"https:\\\/\\\/secure.gravatar.com\\\/avatar\\\/b53a7f47acc7a09467757d8b2234cc38fa334b13599376e53104c0036b528ca1?s=96&d=mm&r=g\",\"contentUrl\":\"https:\\\/\\\/secure.gravatar.com\\\/avatar\\\/b53a7f47acc7a09467757d8b2234cc38fa334b13599376e53104c0036b528ca1?s=96&d=mm&r=g\",\"caption\":\"Admin Tri\"},\"sameAs\":[\"https:\\\/\\\/tuzlainfo.ba\"]}]}<\/script>\n<!-- \/ Yoast SEO plugin. -->","yoast_head_json":{"title":"Lidl u BiH tra\u017ei vi\u0161e od 1.000 radnika: Prijave otvorene u 21 gradu","robots":{"index":"index","follow":"follow","max-snippet":"max-snippet:-1","max-image-preview":"max-image-preview:large","max-video-preview":"max-video-preview:-1"},"canonical":"https:\/\/tuzlainfo.ba\/index.php\/bosna-i-hercegovina\/item\/314926-lidl-u-bih-trazi-vise-od-1-000-radnika-prijave-otvorene-u-21-gradu\/","og_locale":"bs_BA","og_type":"article","og_title":"Lidl u BiH tra\u017ei vi\u0161e od 1.000 radnika: Prijave otvorene u 21 gradu","og_description":"Lidl Bosna i Hercegovina ubrzano \u0161iri svoj tim uo\u010di najavljenog otvaranja prodavnica u na\u0161oj zemlji, a do 30. septembra otvorene su prijave za vi\u0161e od 1.000 prodava\u010da u vi\u0161e od 20 gradova \u0161irom BiH. Prethodno radno iskustvo nije uslov, a za sve novozaposlene predvi\u0111ena je sveobuhvatna obuka tokom koje \u0107e se, uz podr\u0161ku iskusnijih kolega, [&hellip;]","og_url":"https:\/\/tuzlainfo.ba\/index.php\/bosna-i-hercegovina\/item\/314926-lidl-u-bih-trazi-vise-od-1-000-radnika-prijave-otvorene-u-21-gradu\/","og_site_name":"TuzlaInfo.ba","article_publisher":"https:\/\/www.facebook.com\/tuzlainfo.ba\/","article_published_time":"2026-09-05T13:23:02+00:00","og_image":[{"width":1023,"height":641,"url":"https:\/\/tuzlainfo.ba\/wp-content\/uploads\/2023\/10\/Lidl-2.jpg","type":"image\/jpeg"}],"author":"Admin Tri","twitter_card":"summary_large_image","twitter_misc":{"Written by":"Admin Tri","Est. reading time":"3 minute"},"schema":{"@context":"https:\/\/schema.org","@graph":[{"@type":"Article","@id":"https:\/\/tuzlainfo.ba\/index.php\/bosna-i-hercegovina\/item\/314926-lidl-u-bih-trazi-vise-od-1-000-radnika-prijave-otvorene-u-21-gradu\/#article","isPartOf":{"@id":"https:\/\/tuzlainfo.ba\/index.php\/bosna-i-hercegovina\/item\/314926-lidl-u-bih-trazi-vise-od-1-000-radnika-prijave-otvorene-u-21-gradu\/"},"author":{"name":"Admin Tri","@id":"https:\/\/tuzlainfo.ba\/#\/schema\/person\/593e78a2f6378c5ba3e7600ecfa4e63a"},"headline":"Lidl u BiH tra\u017ei vi\u0161e od 1.000 radnika: Prijave otvorene u 21 gradu","datePublished":"2026-09-05T13:23:02+00:00","mainEntityOfPage":{"@id":"https:\/\/tuzlainfo.ba\/index.php\/bosna-i-hercegovina\/item\/314926-lidl-u-bih-trazi-vise-od-1-000-radnika-prijave-otvorene-u-21-gradu\/"},"wordCount":555,"publisher":{"@id":"https:\/\/tuzlainfo.ba\/#organization"},"image":{"@id":"https:\/\/tuzlainfo.ba\/index.php\/bosna-i-hercegovina\/item\/314926-lidl-u-bih-trazi-vise-od-1-000-radnika-prijave-otvorene-u-21-gradu\/#primaryimage"},"thumbnailUrl":"https:\/\/tuzlainfo.ba\/wp-content\/uploads\/2023\/10\/Lidl-2.jpg","keywords":["LIDL","posao","prijava"],"articleSection":["Bosna i Hercegovina","Istaknuto"],"inLanguage":"bs-BA","copyrightYear":"2026","copyrightHolder":{"@id":"https:\/\/tuzlainfo.ba\/#organization"}},{"@type":"WebPage","@id":"https:\/\/tuzlainfo.ba\/index.php\/bosna-i-hercegovina\/item\/314926-lidl-u-bih-trazi-vise-od-1-000-radnika-prijave-otvorene-u-21-gradu\/","url":"https:\/\/tuzlainfo.ba\/index.php\/bosna-i-hercegovina\/item\/314926-lidl-u-bih-trazi-vise-od-1-000-radnika-prijave-otvorene-u-21-gradu\/","name":"Lidl u BiH tra\u017ei vi\u0161e od 1.000 radnika: Prijave otvorene u 21 gradu","isPartOf":{"@id":"https:\/\/tuzlainfo.ba\/#website"},"primaryImageOfPage":{"@id":"https:\/\/tuzlainfo.ba\/index.php\/bosna-i-hercegovina\/item\/314926-lidl-u-bih-trazi-vise-od-1-000-radnika-prijave-otvorene-u-21-gradu\/#primaryimage"},"image":{"@id":"https:\/\/tuzlainfo.ba\/index.php\/bosna-i-hercegovina\/item\/314926-lidl-u-bih-trazi-vise-od-1-000-radnika-prijave-otvorene-u-21-gradu\/#primaryimage"},"thumbnailUrl":"https:\/\/tuzlainfo.ba\/wp-content\/uploads\/2023\/10\/Lidl-2.jpg","datePublished":"2026-09-05T13:23:02+00:00","breadcrumb":{"@id":"https:\/\/tuzlainfo.ba\/index.php\/bosna-i-hercegovina\/item\/314926-lidl-u-bih-trazi-vise-od-1-000-radnika-prijave-otvorene-u-21-gradu\/#breadcrumb"},"inLanguage":"bs-BA","potentialAction":[{"@type":"ReadAction","target":["https:\/\/tuzlainfo.ba\/index.php\/bosna-i-hercegovina\/item\/314926-lidl-u-bih-trazi-vise-od-1-000-radnika-prijave-otvorene-u-21-gradu\/"]}]},{"@type":"ImageObject","inLanguage":"bs-BA","@id":"https:\/\/tuzlainfo.ba\/index.php\/bosna-i-hercegovina\/item\/314926-lidl-u-bih-trazi-vise-od-1-000-radnika-prijave-otvorene-u-21-gradu\/#primaryimage","url":"https:\/\/tuzlainfo.ba\/wp-content\/uploads\/2023\/10\/Lidl-2.jpg","contentUrl":"https:\/\/tuzlainfo.ba\/wp-content\/uploads\/2023\/10\/Lidl-2.jpg","width":1023,"height":641},{"@type":"BreadcrumbList","@id":"https:\/\/tuzlainfo.ba\/index.php\/bosna-i-hercegovina\/item\/314926-lidl-u-bih-trazi-vise-od-1-000-radnika-prijave-otvorene-u-21-gradu\/#breadcrumb","itemListElement":[{"@type":"ListItem","position":1,"name":"Home","item":"https:\/\/tuzlainfo.ba\/"},{"@type":"ListItem","position":2,"name":"Lidl u BiH tra\u017ei vi\u0161e od 1.000 radnika: Prijave otvorene u 21 gradu"}]},{"@type":"WebSite","@id":"https:\/\/tuzlainfo.ba\/#website","url":"https:\/\/tuzlainfo.ba\/","name":"TuzlaInfo.ba","description":"Tuzla info, gradski informator - Tuzla na dlanu","publisher":{"@id":"https:\/\/tuzlainfo.ba\/#organization"},"potentialAction":[{"@type":"SearchAction","target":{"@type":"EntryPoint","urlTemplate":"https:\/\/tuzlainfo.ba\/?s={search_term_string}"},"query-input":{"@type":"PropertyValueSpecification","valueRequired":true,"valueName":"search_term_string"}}],"inLanguage":"bs-BA"},{"@type":"Organization","@id":"https:\/\/tuzlainfo.ba\/#organization","name":"TuzlaInfo.ba","url":"https:\/\/tuzlainfo.ba\/","logo":{"@type":"ImageObject","inLanguage":"bs-BA","@id":"https:\/\/tuzlainfo.ba\/#\/schema\/logo\/image\/","url":"https:\/\/tuzlainfo.ba\/wp-content\/uploads\/2021\/03\/logo-ver-3-1.png","contentUrl":"https:\/\/tuzlainfo.ba\/wp-content\/uploads\/2021\/03\/logo-ver-3-1.png","width":350,"height":95,"caption":"TuzlaInfo.ba"},"image":{"@id":"https:\/\/tuzlainfo.ba\/#\/schema\/logo\/image\/"},"sameAs":["https:\/\/www.facebook.com\/tuzlainfo.ba\/"]},{"@type":"Person","@id":"https:\/\/tuzlainfo.ba\/#\/schema\/person\/593e78a2f6378c5ba3e7600ecfa4e63a","name":"Admin Tri","image":{"@type":"ImageObject","inLanguage":"bs-BA","@id":"https:\/\/secure.gravatar.com\/avatar\/b53a7f47acc7a09467757d8b2234cc38fa334b13599376e53104c0036b528ca1?s=96&d=mm&r=g","url":"https:\/\/secure.gravatar.com\/avatar\/b53a7f47acc7a09467757d8b2234cc38fa334b13599376e53104c0036b528ca1?s=96&d=mm&r=g","contentUrl":"https:\/\/secure.gravatar.com\/avatar\/b53a7f47acc7a09467757d8b2234cc38fa334b13599376e53104c0036b528ca1?s=96&d=mm&r=g","caption":"Admin Tri"},"sameAs":["https:\/\/tuzlainfo.ba"]}]}},"_links":{"self":[{"href":"https:\/\/tuzlainfo.ba\/index.php\/wp-json\/wp\/v2\/posts\/314926","targetHints":{"allow":["GET"]}}],"collection":[{"href":"https:\/\/tuzlainfo.ba\/index.php\/wp-json\/wp\/v2\/posts"}],"about":[{"href":"https:\/\/tuzlainfo.ba\/index.php\/wp-json\/wp\/v2\/types\/post"}],"author":[{"embeddable":true,"href":"https:\/\/tuzlainfo.ba\/index.php\/wp-json\/wp\/v2\/users\/8"}],"replies":[{"embeddable":true,"href":"https:\/\/tuzlainfo.ba\/index.php\/wp-json\/wp\/v2\/comments?post=314926"}],"version-history":[{"count":1,"href":"https:\/\/tuzlainfo.ba\/index.php\/wp-json\/wp\/v2\/posts\/314926\/revisions"}],"predecessor-version":[{"id":314927,"href":"https:\/\/tuzlainfo.ba\/index.php\/wp-json\/wp\/v2\/posts\/314926\/revisions\/314927"}],"wp:featuredmedia":[{"embeddable":true,"href":"https:\/\/tuzlainfo.ba\/index.php\/wp-json\/wp\/v2\/media\/220493"}],"wp:attachment":[{"href":"https:\/\/tuzlainfo.ba\/index.php\/wp-json\/wp\/v2\/media?parent=314926"}],"wp:term":[{"taxonomy":"category","embeddable":true,"href":"https:\/\/tuzlainfo.ba\/index.php\/wp-json\/wp\/v2\/categories?post=314926"},{"taxonomy":"post_tag","embeddable":true,"href":"https:\/\/tuzlainfo.ba\/index.php\/wp-json\/wp\/v2\/tags?post=314926"}],"curies":[{"name":"wp","href":"https:\/\/api.w.org\/{rel}","templated":true}]}}