{"id":314922,"date":"2026-09-06T16:50:21","date_gmt":"2026-09-06T14:50:21","guid":{"rendered":"https:\/\/tuzlainfo.ba\/?p=314922"},"modified":"2026-09-06T16:54:01","modified_gmt":"2026-09-06T14:54:01","slug":"plate-u-fbih-rastu-ali-moze-li-privreda-pratiti-novi-skok-na-1-500-km","status":"publish","type":"post","link":"https:\/\/tuzlainfo.ba\/index.php\/bosna-i-hercegovina\/item\/314922-plate-u-fbih-rastu-ali-moze-li-privreda-pratiti-novi-skok-na-1-500-km\/","title":{"rendered":"Plate u FBiH rastu, ali mo\u017ee li privreda pratiti novi skok na 1.500 KM?"},"content":{"rendered":"<p>Najava da bi najni\u017ea plata u Federaciji Bosne i Hercegovine u narednom mandatu mogla dosti\u0107i 1.500 KM, a prosje\u010dna se pribli\u017eiti iznosu od 2.500 KM, na prvi pogled djeluje kao nastavak sna\u017enog rasta primanja kojem svjedo\u010dimo posljednje dvije godine.<\/p>\n<p>Brojke, me\u0111utim, pokazuju da je iza takvog cilja mnogo slo\u017eenija ra\u010dunica.<\/p>\n<p>Najni\u017ea plata u Federaciji BiH po\u010detkom 2025. godine pove\u0107ana je sa 619 na 1.000 KM, odnosno za \u010dak 61,6 posto. Godinu kasnije vi\u0161e nije bilo sli\u010dnog skoka. Minimalna plata za 2026. utvr\u0111ena je na 1.027 KM, \u0161to je pove\u0107anje od svega 2,7 posto.<\/p>\n<p>Ako bi se sa sada\u0161njih 1.027 KM stiglo do najavljenih 1.500 KM, rije\u010d je o dodatnom rastu od oko 46 posto.<\/p>\n<p>Sli\u010dna ra\u010dunica vrijedi i za prosje\u010dnu platu.<\/p>\n<p>Prema posljednjim podacima, prosje\u010dna neto plata u Federaciji BiH u junu 2026. iznosila je 1.714 KM. Godinu ranije bila je 1.577 KM. To zna\u010di da je za godinu nominalno porasla za 8,7 posto, dok je realni rast, kada se ura\u010duna pove\u0107anje cijena, iznosio 4,6 posto.<\/p>\n<p>Da bi dana\u0161nji prosjek od 1.714 KM stigao do 2.500 KM, morao bi porasti za jo\u0161 gotovo 46 posto.<\/p>\n<p>Ako je rije\u010d o cilju za kraj \u010detverogodi\u0161njeg mandata, takav rast podrazumijevao bi pribli\u017eno deset posto nominalnog pove\u0107anja plata svake godine. To nije matemati\u010dki nemogu\u0107e. Ali upravo tu po\u010dinje pitanje odr\u017eivosti.<\/p>\n<h3>Plate rastu znatno br\u017ee od produktivnosti<\/h3>\n<p>Problem nije u tome \u0161to plate rastu. Naprotiv, vi\u0161egodi\u0161nje niske zarade jedan su od razloga odlaska radne snage iz Bosne i Hercegovine.<\/p>\n<p>Problem nastaje kada rast plata du\u017ee vrijeme zna\u010dajno nadma\u0161uje rast produktivnosti \u2013 odnosno vrijednosti koju ekonomija proizvodi po zaposlenom.<\/p>\n<p>Evropska komisija je ve\u0107 upozorila da su realne plate u BiH tokom prvih sedam mjeseci 2025. rasle za oko deset posto, dok je rast produktivnosti bio tek izme\u0111u dva i 2,5 posto godi\u0161nje. Takav jaz, upozorava Komisija, mo\u017ee pove\u0107avati inflatorne pritiske i slabiti konkurentnost doma\u0107e privrede.<\/p>\n<p>Jo\u0161 nepovoljniju sliku za prvo polugodi\u0161te 2025. daje Svjetska banka. Prema njihovoj analizi, BiH je imala rast realnih jedini\u010dnih tro\u0161kova rada od 10,4 posto \u2013 najve\u0107i u regiji \u2013 dok je produktivnost rada rasla svega 1,6 posto.<\/p>\n<p>Drugim rije\u010dima, kompanije su za rad izdvajale sve vi\u0161e, ali proizvodnja po radniku nije rasla pribli\u017eno istom brzinom.<\/p>\n<p>Takav model mo\u017ee funkcionisati neko vrijeme. Dugoro\u010dno, me\u0111utim, razlika mora biti pokrivena ve\u0107om produktivno\u0161\u0107u, ve\u0107im cijenama proizvoda i usluga, ni\u017eim profitom kompanija ili smanjenjem drugih tro\u0161kova.<\/p>\n<h3>Minimalac od 1.500 KM danas bi bio ve\u0107i od prosje\u010dne plate u \u010ditavim sektorima<\/h3>\n<p>Koliki je zapravo skok do 1.500 KM mo\u017eda najbolje pokazuju plate po djelatnostima.<\/p>\n<p>U junu ove godine prosje\u010dna neto plata u ugostiteljstvu i hotelijerstvu iznosila je 1.139 KM. U gra\u0111evinarstvu 1.331 KM, trgovini 1.368 KM, a u prera\u0111iva\u010dkoj industriji 1.400 KM.<\/p>\n<p>Dakle, kada bi se minimalac od 1.500 KM primijenio na dana\u0161nju strukturu plata, bio bi vi\u0161i \u010dak i od trenutne prosje\u010dne plate u nekim od djelatnosti koje zapo\u0161ljavaju veliki broj radnika.<\/p>\n<p>Naravno, ako je rije\u010d o cilju za nekoliko godina, do tada \u0107e i prosje\u010dne plate u ovim sektorima vjerovatno rasti. Ali upravo ovi podaci pokazuju koliko bi sna\u017ene promjene morale pro\u0107i djelatnosti sa niskim mar\u017eama i velikim udjelom tro\u0161kova rada.<\/p>\n<p>IMF je nakon pove\u0107anja minimalne plate na 1.000 KM upozoravao da su rizici najve\u0107i upravo za male firme i djelatnosti sa ni\u017eim platama, te da nagli rast tro\u0161kova rada mo\u017ee utjecati na konkurentnost, podsta\u0107i sivu ekonomiju ili smanjivanje drugih primanja zaposlenih.<\/p>\n<h3>Nije se dogodio slom zaposlenosti, ali ni veliki rast<\/h3>\n<p>Jedan od glavnih argumenata protiv pove\u0107anja minimalca na 1.000 KM bio je da \u0107e uslijediti masovna otpu\u0161tanja.<\/p>\n<p>Agregatni podaci zasad ne potvr\u0111uju takav scenario.<\/p>\n<p>Prema Poreznoj upravi FBiH, 30. juna 2025. bilo je 547.055 zaposlenih, a godinu kasnije 548.609. To je oko 1.550 zaposlenih vi\u0161e, odnosno rast od svega 0,3 posto. Istovremeno je broj aktivnih poslovnih subjekata porastao sa 134.030 na 137.155.<\/p>\n<p>Dakle, nije do\u0161lo do dramati\u010dnog pada zaposlenosti, ali se te\u0161ko mo\u017ee govoriti i o sna\u017enoj ekspanziji broja radnih mjesta.<\/p>\n<p>Uz to, iz tih podataka nije mogu\u0107e zaklju\u010diti da je upravo minimalna plata izazvala sva kretanja na tr\u017ei\u0161tu rada. Na broj zaposlenih istovremeno uti\u010du nedostatak radne snage, odlazak stanovni\u0161tva, rast pojedinih sektora, poslovni ciklus i niz drugih faktora.<\/p>\n<h3>Dr\u017eava je nakon prvog pove\u0107anja morala rasteretiti poslodavce<\/h3>\n<p>Va\u017eno je i kako je provedeno pove\u0107anje iz 2025.<\/p>\n<p>Nakon \u0161to je minimalna plata sko\u010dila sa 619 na 1.000 KM, Vlada FBiH je izdvojila 100 miliona KM za finansijsku pomo\u0107 dijelu privatnih poslodavaca radi refundiranja dijela doprinosa i o\u010duvanja radnih mjesta.<\/p>\n<p>Od 1. jula 2025. dodatno je smanjena stopa doprinosa na teret poslodavca za 5,5 procentnih poena. Ukupna stopa doprinosa tako je sa 41,5 smanjena na 36 posto.<\/p>\n<p>To je va\u017ena lekcija za svako novo veliko pove\u0107anje minimalne plate: pitanje nije samo koliko \u0107e radnik dobiti na ra\u010dun, nego koliko \u0107e njegovo ukupno zaposlenje ko\u0161tati poslodavca.<\/p>\n<p>Bez daljeg smanjenja poreza i doprinosa, pove\u0107anja produktivnosti ili drugih rastere\u0107enja, novi veliki skok minimalca mogao bi biti znatno te\u017ei za privredu od postepenog pove\u0107avanja kroz nekoliko godina.<\/p>\n<h3>Prosje\u010dnu platu Vlada ne mo\u017ee jednostavno odrediti<\/h3>\n<p>Postoji jo\u0161 jedna va\u017ena razlika izme\u0111u obe\u0107anja o minimalnoj i prosje\u010dnoj plati.<\/p>\n<p>Minimalnu platu Vlada mo\u017ee propisati odlukom.<\/p>\n<p>Prosje\u010dnu platu od 2.500 KM ne mo\u017ee.<\/p>\n<p>Prosje\u010dna plata rezultat je zarada stotina hiljada zaposlenih u privatnom i javnom sektoru. Vlada na nju mo\u017ee utjecati minimalnom platom, poreznom politikom, javnim platama, investicijama i ekonomskim rastom, ali je ne mo\u017ee administrativno propisati.<\/p>\n<p>Zato je najava prosjeka od 2.500 KM prije svega projekcija onoga \u0161to bi se trebalo dogoditi u ekonomiji.<\/p>\n<p>A za takav rast ne\u0107e biti dovoljno samo nekoliko novih odluka o visini plata.<\/p>\n<p>Bi\u0107e potreban rast investicija, produktivnosti, izvoza i kompanija koje mogu stvarati ve\u0107u dodanu vrijednost.<\/p>\n<p>Jer klju\u010dno pitanje vi\u0161e nije mogu li plate biti pove\u0107ane politi\u010dkom odlukom.<\/p>\n<p>Pitanje je mo\u017ee li privreda proizvesti dovoljno da ih takve i zadr\u017ei.<\/p>\n","protected":false},"excerpt":{"rendered":"<p>Najava da bi najni\u017ea plata u Federaciji Bosne i Hercegovine u narednom mandatu mogla dosti\u0107i 1.500 KM, a prosje\u010dna se pribli\u017eiti iznosu od 2.500 KM, na prvi pogled djeluje kao nastavak sna\u017enog rasta primanja kojem svjedo\u010dimo posljednje dvije godine. Brojke, me\u0111utim, pokazuju da je iza takvog cilja mnogo slo\u017eenija ra\u010dunica. Najni\u017ea plata u Federaciji BiH [&hellip;]<\/p>\n","protected":false},"author":8,"featured_media":288735,"comment_status":"closed","ping_status":"closed","sticky":false,"template":"","format":"standard","meta":{"footnotes":""},"categories":[291,304],"tags":[12198,486,1309],"class_list":["post-314922","post","type-post","status-publish","format-standard","has-post-thumbnail","hentry","category-bosna-i-hercegovina","category-istaknuto","tag-minimalac","tag-plata","tag-privreda"],"yoast_head":"<!-- This site is optimized with the Yoast SEO plugin v28.4 - https:\/\/yoast.com\/product\/yoast-seo-wordpress\/ -->\n<title>Plate u FBiH rastu, ali mo\u017ee li privreda pratiti novi skok na 1.500 KM?<\/title>\n<meta name=\"robots\" content=\"index, follow, max-snippet:-1, max-image-preview:large, max-video-preview:-1\" \/>\n<link rel=\"canonical\" href=\"https:\/\/tuzlainfo.ba\/index.php\/bosna-i-hercegovina\/item\/314922-plate-u-fbih-rastu-ali-moze-li-privreda-pratiti-novi-skok-na-1-500-km\/\" \/>\n<meta property=\"og:locale\" content=\"bs_BA\" \/>\n<meta property=\"og:type\" content=\"article\" \/>\n<meta property=\"og:title\" content=\"Plate u FBiH rastu, ali mo\u017ee li privreda pratiti novi skok na 1.500 KM?\" \/>\n<meta property=\"og:description\" content=\"Najava da bi najni\u017ea plata u Federaciji Bosne i Hercegovine u narednom mandatu mogla dosti\u0107i 1.500 KM, a prosje\u010dna se pribli\u017eiti iznosu od 2.500 KM, na prvi pogled djeluje kao nastavak sna\u017enog rasta primanja kojem svjedo\u010dimo posljednje dvije godine. Brojke, me\u0111utim, pokazuju da je iza takvog cilja mnogo slo\u017eenija ra\u010dunica. Najni\u017ea plata u Federaciji BiH [&hellip;]\" \/>\n<meta property=\"og:url\" content=\"https:\/\/tuzlainfo.ba\/index.php\/bosna-i-hercegovina\/item\/314922-plate-u-fbih-rastu-ali-moze-li-privreda-pratiti-novi-skok-na-1-500-km\/\" \/>\n<meta property=\"og:site_name\" content=\"TuzlaInfo.ba\" \/>\n<meta property=\"article:publisher\" content=\"https:\/\/www.facebook.com\/tuzlainfo.ba\/\" \/>\n<meta property=\"article:published_time\" content=\"2026-09-06T14:50:21+00:00\" \/>\n<meta property=\"article:modified_time\" content=\"2026-09-06T14:54:01+00:00\" \/>\n<meta property=\"og:image\" content=\"https:\/\/tuzlainfo.ba\/wp-content\/uploads\/2025\/12\/novac_pare_novcanice.jpg\" \/>\n\t<meta property=\"og:image:width\" content=\"1600\" \/>\n\t<meta property=\"og:image:height\" content=\"1205\" \/>\n\t<meta property=\"og:image:type\" content=\"image\/jpeg\" \/>\n<meta name=\"author\" content=\"Admin Tri\" \/>\n<meta name=\"twitter:card\" content=\"summary_large_image\" \/>\n<meta name=\"twitter:label1\" content=\"Written by\" \/>\n\t<meta name=\"twitter:data1\" content=\"Admin Tri\" \/>\n\t<meta name=\"twitter:label2\" content=\"Est. reading time\" \/>\n\t<meta name=\"twitter:data2\" content=\"5 minuta\" \/>\n<script type=\"application\/ld+json\" class=\"yoast-schema-graph\">{\"@context\":\"https:\\\/\\\/schema.org\",\"@graph\":[{\"@type\":\"Article\",\"@id\":\"https:\\\/\\\/tuzlainfo.ba\\\/index.php\\\/bosna-i-hercegovina\\\/item\\\/314922-plate-u-fbih-rastu-ali-moze-li-privreda-pratiti-novi-skok-na-1-500-km\\\/#article\",\"isPartOf\":{\"@id\":\"https:\\\/\\\/tuzlainfo.ba\\\/index.php\\\/bosna-i-hercegovina\\\/item\\\/314922-plate-u-fbih-rastu-ali-moze-li-privreda-pratiti-novi-skok-na-1-500-km\\\/\"},\"author\":{\"name\":\"Admin Tri\",\"@id\":\"https:\\\/\\\/tuzlainfo.ba\\\/#\\\/schema\\\/person\\\/593e78a2f6378c5ba3e7600ecfa4e63a\"},\"headline\":\"Plate u FBiH rastu, ali mo\u017ee li privreda pratiti novi skok na 1.500 KM?\",\"datePublished\":\"2026-09-06T14:50:21+00:00\",\"dateModified\":\"2026-09-06T14:54:01+00:00\",\"mainEntityOfPage\":{\"@id\":\"https:\\\/\\\/tuzlainfo.ba\\\/index.php\\\/bosna-i-hercegovina\\\/item\\\/314922-plate-u-fbih-rastu-ali-moze-li-privreda-pratiti-novi-skok-na-1-500-km\\\/\"},\"wordCount\":1041,\"publisher\":{\"@id\":\"https:\\\/\\\/tuzlainfo.ba\\\/#organization\"},\"image\":{\"@id\":\"https:\\\/\\\/tuzlainfo.ba\\\/index.php\\\/bosna-i-hercegovina\\\/item\\\/314922-plate-u-fbih-rastu-ali-moze-li-privreda-pratiti-novi-skok-na-1-500-km\\\/#primaryimage\"},\"thumbnailUrl\":\"https:\\\/\\\/tuzlainfo.ba\\\/wp-content\\\/uploads\\\/2025\\\/12\\\/novac_pare_novcanice.jpg\",\"keywords\":[\"minimalac\",\"plata\",\"privreda\"],\"articleSection\":[\"Bosna i Hercegovina\",\"Istaknuto\"],\"inLanguage\":\"bs-BA\",\"copyrightYear\":\"2026\",\"copyrightHolder\":{\"@id\":\"https:\\\/\\\/tuzlainfo.ba\\\/#organization\"}},{\"@type\":\"WebPage\",\"@id\":\"https:\\\/\\\/tuzlainfo.ba\\\/index.php\\\/bosna-i-hercegovina\\\/item\\\/314922-plate-u-fbih-rastu-ali-moze-li-privreda-pratiti-novi-skok-na-1-500-km\\\/\",\"url\":\"https:\\\/\\\/tuzlainfo.ba\\\/index.php\\\/bosna-i-hercegovina\\\/item\\\/314922-plate-u-fbih-rastu-ali-moze-li-privreda-pratiti-novi-skok-na-1-500-km\\\/\",\"name\":\"Plate u FBiH rastu, ali mo\u017ee li privreda pratiti novi skok na 1.500 KM?\",\"isPartOf\":{\"@id\":\"https:\\\/\\\/tuzlainfo.ba\\\/#website\"},\"primaryImageOfPage\":{\"@id\":\"https:\\\/\\\/tuzlainfo.ba\\\/index.php\\\/bosna-i-hercegovina\\\/item\\\/314922-plate-u-fbih-rastu-ali-moze-li-privreda-pratiti-novi-skok-na-1-500-km\\\/#primaryimage\"},\"image\":{\"@id\":\"https:\\\/\\\/tuzlainfo.ba\\\/index.php\\\/bosna-i-hercegovina\\\/item\\\/314922-plate-u-fbih-rastu-ali-moze-li-privreda-pratiti-novi-skok-na-1-500-km\\\/#primaryimage\"},\"thumbnailUrl\":\"https:\\\/\\\/tuzlainfo.ba\\\/wp-content\\\/uploads\\\/2025\\\/12\\\/novac_pare_novcanice.jpg\",\"datePublished\":\"2026-09-06T14:50:21+00:00\",\"dateModified\":\"2026-09-06T14:54:01+00:00\",\"breadcrumb\":{\"@id\":\"https:\\\/\\\/tuzlainfo.ba\\\/index.php\\\/bosna-i-hercegovina\\\/item\\\/314922-plate-u-fbih-rastu-ali-moze-li-privreda-pratiti-novi-skok-na-1-500-km\\\/#breadcrumb\"},\"inLanguage\":\"bs-BA\",\"potentialAction\":[{\"@type\":\"ReadAction\",\"target\":[\"https:\\\/\\\/tuzlainfo.ba\\\/index.php\\\/bosna-i-hercegovina\\\/item\\\/314922-plate-u-fbih-rastu-ali-moze-li-privreda-pratiti-novi-skok-na-1-500-km\\\/\"]}]},{\"@type\":\"ImageObject\",\"inLanguage\":\"bs-BA\",\"@id\":\"https:\\\/\\\/tuzlainfo.ba\\\/index.php\\\/bosna-i-hercegovina\\\/item\\\/314922-plate-u-fbih-rastu-ali-moze-li-privreda-pratiti-novi-skok-na-1-500-km\\\/#primaryimage\",\"url\":\"https:\\\/\\\/tuzlainfo.ba\\\/wp-content\\\/uploads\\\/2025\\\/12\\\/novac_pare_novcanice.jpg\",\"contentUrl\":\"https:\\\/\\\/tuzlainfo.ba\\\/wp-content\\\/uploads\\\/2025\\\/12\\\/novac_pare_novcanice.jpg\",\"width\":1600,\"height\":1205},{\"@type\":\"BreadcrumbList\",\"@id\":\"https:\\\/\\\/tuzlainfo.ba\\\/index.php\\\/bosna-i-hercegovina\\\/item\\\/314922-plate-u-fbih-rastu-ali-moze-li-privreda-pratiti-novi-skok-na-1-500-km\\\/#breadcrumb\",\"itemListElement\":[{\"@type\":\"ListItem\",\"position\":1,\"name\":\"Home\",\"item\":\"https:\\\/\\\/tuzlainfo.ba\\\/\"},{\"@type\":\"ListItem\",\"position\":2,\"name\":\"Plate u FBiH rastu, ali mo\u017ee li privreda pratiti novi skok na 1.500 KM?\"}]},{\"@type\":\"WebSite\",\"@id\":\"https:\\\/\\\/tuzlainfo.ba\\\/#website\",\"url\":\"https:\\\/\\\/tuzlainfo.ba\\\/\",\"name\":\"TuzlaInfo.ba\",\"description\":\"Tuzla info, gradski informator - Tuzla na dlanu\",\"publisher\":{\"@id\":\"https:\\\/\\\/tuzlainfo.ba\\\/#organization\"},\"potentialAction\":[{\"@type\":\"SearchAction\",\"target\":{\"@type\":\"EntryPoint\",\"urlTemplate\":\"https:\\\/\\\/tuzlainfo.ba\\\/?s={search_term_string}\"},\"query-input\":{\"@type\":\"PropertyValueSpecification\",\"valueRequired\":true,\"valueName\":\"search_term_string\"}}],\"inLanguage\":\"bs-BA\"},{\"@type\":\"Organization\",\"@id\":\"https:\\\/\\\/tuzlainfo.ba\\\/#organization\",\"name\":\"TuzlaInfo.ba\",\"url\":\"https:\\\/\\\/tuzlainfo.ba\\\/\",\"logo\":{\"@type\":\"ImageObject\",\"inLanguage\":\"bs-BA\",\"@id\":\"https:\\\/\\\/tuzlainfo.ba\\\/#\\\/schema\\\/logo\\\/image\\\/\",\"url\":\"https:\\\/\\\/tuzlainfo.ba\\\/wp-content\\\/uploads\\\/2021\\\/03\\\/logo-ver-3-1.png\",\"contentUrl\":\"https:\\\/\\\/tuzlainfo.ba\\\/wp-content\\\/uploads\\\/2021\\\/03\\\/logo-ver-3-1.png\",\"width\":350,\"height\":95,\"caption\":\"TuzlaInfo.ba\"},\"image\":{\"@id\":\"https:\\\/\\\/tuzlainfo.ba\\\/#\\\/schema\\\/logo\\\/image\\\/\"},\"sameAs\":[\"https:\\\/\\\/www.facebook.com\\\/tuzlainfo.ba\\\/\"]},{\"@type\":\"Person\",\"@id\":\"https:\\\/\\\/tuzlainfo.ba\\\/#\\\/schema\\\/person\\\/593e78a2f6378c5ba3e7600ecfa4e63a\",\"name\":\"Admin Tri\",\"image\":{\"@type\":\"ImageObject\",\"inLanguage\":\"bs-BA\",\"@id\":\"https:\\\/\\\/secure.gravatar.com\\\/avatar\\\/b53a7f47acc7a09467757d8b2234cc38fa334b13599376e53104c0036b528ca1?s=96&d=mm&r=g\",\"url\":\"https:\\\/\\\/secure.gravatar.com\\\/avatar\\\/b53a7f47acc7a09467757d8b2234cc38fa334b13599376e53104c0036b528ca1?s=96&d=mm&r=g\",\"contentUrl\":\"https:\\\/\\\/secure.gravatar.com\\\/avatar\\\/b53a7f47acc7a09467757d8b2234cc38fa334b13599376e53104c0036b528ca1?s=96&d=mm&r=g\",\"caption\":\"Admin Tri\"},\"sameAs\":[\"https:\\\/\\\/tuzlainfo.ba\"]}]}<\/script>\n<!-- \/ Yoast SEO plugin. -->","yoast_head_json":{"title":"Plate u FBiH rastu, ali mo\u017ee li privreda pratiti novi skok na 1.500 KM?","robots":{"index":"index","follow":"follow","max-snippet":"max-snippet:-1","max-image-preview":"max-image-preview:large","max-video-preview":"max-video-preview:-1"},"canonical":"https:\/\/tuzlainfo.ba\/index.php\/bosna-i-hercegovina\/item\/314922-plate-u-fbih-rastu-ali-moze-li-privreda-pratiti-novi-skok-na-1-500-km\/","og_locale":"bs_BA","og_type":"article","og_title":"Plate u FBiH rastu, ali mo\u017ee li privreda pratiti novi skok na 1.500 KM?","og_description":"Najava da bi najni\u017ea plata u Federaciji Bosne i Hercegovine u narednom mandatu mogla dosti\u0107i 1.500 KM, a prosje\u010dna se pribli\u017eiti iznosu od 2.500 KM, na prvi pogled djeluje kao nastavak sna\u017enog rasta primanja kojem svjedo\u010dimo posljednje dvije godine. Brojke, me\u0111utim, pokazuju da je iza takvog cilja mnogo slo\u017eenija ra\u010dunica. Najni\u017ea plata u Federaciji BiH [&hellip;]","og_url":"https:\/\/tuzlainfo.ba\/index.php\/bosna-i-hercegovina\/item\/314922-plate-u-fbih-rastu-ali-moze-li-privreda-pratiti-novi-skok-na-1-500-km\/","og_site_name":"TuzlaInfo.ba","article_publisher":"https:\/\/www.facebook.com\/tuzlainfo.ba\/","article_published_time":"2026-09-06T14:50:21+00:00","article_modified_time":"2026-09-06T14:54:01+00:00","og_image":[{"width":1600,"height":1205,"url":"https:\/\/tuzlainfo.ba\/wp-content\/uploads\/2025\/12\/novac_pare_novcanice.jpg","type":"image\/jpeg"}],"author":"Admin Tri","twitter_card":"summary_large_image","twitter_misc":{"Written by":"Admin Tri","Est. reading time":"5 minuta"},"schema":{"@context":"https:\/\/schema.org","@graph":[{"@type":"Article","@id":"https:\/\/tuzlainfo.ba\/index.php\/bosna-i-hercegovina\/item\/314922-plate-u-fbih-rastu-ali-moze-li-privreda-pratiti-novi-skok-na-1-500-km\/#article","isPartOf":{"@id":"https:\/\/tuzlainfo.ba\/index.php\/bosna-i-hercegovina\/item\/314922-plate-u-fbih-rastu-ali-moze-li-privreda-pratiti-novi-skok-na-1-500-km\/"},"author":{"name":"Admin Tri","@id":"https:\/\/tuzlainfo.ba\/#\/schema\/person\/593e78a2f6378c5ba3e7600ecfa4e63a"},"headline":"Plate u FBiH rastu, ali mo\u017ee li privreda pratiti novi skok na 1.500 KM?","datePublished":"2026-09-06T14:50:21+00:00","dateModified":"2026-09-06T14:54:01+00:00","mainEntityOfPage":{"@id":"https:\/\/tuzlainfo.ba\/index.php\/bosna-i-hercegovina\/item\/314922-plate-u-fbih-rastu-ali-moze-li-privreda-pratiti-novi-skok-na-1-500-km\/"},"wordCount":1041,"publisher":{"@id":"https:\/\/tuzlainfo.ba\/#organization"},"image":{"@id":"https:\/\/tuzlainfo.ba\/index.php\/bosna-i-hercegovina\/item\/314922-plate-u-fbih-rastu-ali-moze-li-privreda-pratiti-novi-skok-na-1-500-km\/#primaryimage"},"thumbnailUrl":"https:\/\/tuzlainfo.ba\/wp-content\/uploads\/2025\/12\/novac_pare_novcanice.jpg","keywords":["minimalac","plata","privreda"],"articleSection":["Bosna i Hercegovina","Istaknuto"],"inLanguage":"bs-BA","copyrightYear":"2026","copyrightHolder":{"@id":"https:\/\/tuzlainfo.ba\/#organization"}},{"@type":"WebPage","@id":"https:\/\/tuzlainfo.ba\/index.php\/bosna-i-hercegovina\/item\/314922-plate-u-fbih-rastu-ali-moze-li-privreda-pratiti-novi-skok-na-1-500-km\/","url":"https:\/\/tuzlainfo.ba\/index.php\/bosna-i-hercegovina\/item\/314922-plate-u-fbih-rastu-ali-moze-li-privreda-pratiti-novi-skok-na-1-500-km\/","name":"Plate u FBiH rastu, ali mo\u017ee li privreda pratiti novi skok na 1.500 KM?","isPartOf":{"@id":"https:\/\/tuzlainfo.ba\/#website"},"primaryImageOfPage":{"@id":"https:\/\/tuzlainfo.ba\/index.php\/bosna-i-hercegovina\/item\/314922-plate-u-fbih-rastu-ali-moze-li-privreda-pratiti-novi-skok-na-1-500-km\/#primaryimage"},"image":{"@id":"https:\/\/tuzlainfo.ba\/index.php\/bosna-i-hercegovina\/item\/314922-plate-u-fbih-rastu-ali-moze-li-privreda-pratiti-novi-skok-na-1-500-km\/#primaryimage"},"thumbnailUrl":"https:\/\/tuzlainfo.ba\/wp-content\/uploads\/2025\/12\/novac_pare_novcanice.jpg","datePublished":"2026-09-06T14:50:21+00:00","dateModified":"2026-09-06T14:54:01+00:00","breadcrumb":{"@id":"https:\/\/tuzlainfo.ba\/index.php\/bosna-i-hercegovina\/item\/314922-plate-u-fbih-rastu-ali-moze-li-privreda-pratiti-novi-skok-na-1-500-km\/#breadcrumb"},"inLanguage":"bs-BA","potentialAction":[{"@type":"ReadAction","target":["https:\/\/tuzlainfo.ba\/index.php\/bosna-i-hercegovina\/item\/314922-plate-u-fbih-rastu-ali-moze-li-privreda-pratiti-novi-skok-na-1-500-km\/"]}]},{"@type":"ImageObject","inLanguage":"bs-BA","@id":"https:\/\/tuzlainfo.ba\/index.php\/bosna-i-hercegovina\/item\/314922-plate-u-fbih-rastu-ali-moze-li-privreda-pratiti-novi-skok-na-1-500-km\/#primaryimage","url":"https:\/\/tuzlainfo.ba\/wp-content\/uploads\/2025\/12\/novac_pare_novcanice.jpg","contentUrl":"https:\/\/tuzlainfo.ba\/wp-content\/uploads\/2025\/12\/novac_pare_novcanice.jpg","width":1600,"height":1205},{"@type":"BreadcrumbList","@id":"https:\/\/tuzlainfo.ba\/index.php\/bosna-i-hercegovina\/item\/314922-plate-u-fbih-rastu-ali-moze-li-privreda-pratiti-novi-skok-na-1-500-km\/#breadcrumb","itemListElement":[{"@type":"ListItem","position":1,"name":"Home","item":"https:\/\/tuzlainfo.ba\/"},{"@type":"ListItem","position":2,"name":"Plate u FBiH rastu, ali mo\u017ee li privreda pratiti novi skok na 1.500 KM?"}]},{"@type":"WebSite","@id":"https:\/\/tuzlainfo.ba\/#website","url":"https:\/\/tuzlainfo.ba\/","name":"TuzlaInfo.ba","description":"Tuzla info, gradski informator - Tuzla na dlanu","publisher":{"@id":"https:\/\/tuzlainfo.ba\/#organization"},"potentialAction":[{"@type":"SearchAction","target":{"@type":"EntryPoint","urlTemplate":"https:\/\/tuzlainfo.ba\/?s={search_term_string}"},"query-input":{"@type":"PropertyValueSpecification","valueRequired":true,"valueName":"search_term_string"}}],"inLanguage":"bs-BA"},{"@type":"Organization","@id":"https:\/\/tuzlainfo.ba\/#organization","name":"TuzlaInfo.ba","url":"https:\/\/tuzlainfo.ba\/","logo":{"@type":"ImageObject","inLanguage":"bs-BA","@id":"https:\/\/tuzlainfo.ba\/#\/schema\/logo\/image\/","url":"https:\/\/tuzlainfo.ba\/wp-content\/uploads\/2021\/03\/logo-ver-3-1.png","contentUrl":"https:\/\/tuzlainfo.ba\/wp-content\/uploads\/2021\/03\/logo-ver-3-1.png","width":350,"height":95,"caption":"TuzlaInfo.ba"},"image":{"@id":"https:\/\/tuzlainfo.ba\/#\/schema\/logo\/image\/"},"sameAs":["https:\/\/www.facebook.com\/tuzlainfo.ba\/"]},{"@type":"Person","@id":"https:\/\/tuzlainfo.ba\/#\/schema\/person\/593e78a2f6378c5ba3e7600ecfa4e63a","name":"Admin Tri","image":{"@type":"ImageObject","inLanguage":"bs-BA","@id":"https:\/\/secure.gravatar.com\/avatar\/b53a7f47acc7a09467757d8b2234cc38fa334b13599376e53104c0036b528ca1?s=96&d=mm&r=g","url":"https:\/\/secure.gravatar.com\/avatar\/b53a7f47acc7a09467757d8b2234cc38fa334b13599376e53104c0036b528ca1?s=96&d=mm&r=g","contentUrl":"https:\/\/secure.gravatar.com\/avatar\/b53a7f47acc7a09467757d8b2234cc38fa334b13599376e53104c0036b528ca1?s=96&d=mm&r=g","caption":"Admin Tri"},"sameAs":["https:\/\/tuzlainfo.ba"]}]}},"_links":{"self":[{"href":"https:\/\/tuzlainfo.ba\/index.php\/wp-json\/wp\/v2\/posts\/314922","targetHints":{"allow":["GET"]}}],"collection":[{"href":"https:\/\/tuzlainfo.ba\/index.php\/wp-json\/wp\/v2\/posts"}],"about":[{"href":"https:\/\/tuzlainfo.ba\/index.php\/wp-json\/wp\/v2\/types\/post"}],"author":[{"embeddable":true,"href":"https:\/\/tuzlainfo.ba\/index.php\/wp-json\/wp\/v2\/users\/8"}],"replies":[{"embeddable":true,"href":"https:\/\/tuzlainfo.ba\/index.php\/wp-json\/wp\/v2\/comments?post=314922"}],"version-history":[{"count":1,"href":"https:\/\/tuzlainfo.ba\/index.php\/wp-json\/wp\/v2\/posts\/314922\/revisions"}],"predecessor-version":[{"id":314923,"href":"https:\/\/tuzlainfo.ba\/index.php\/wp-json\/wp\/v2\/posts\/314922\/revisions\/314923"}],"wp:featuredmedia":[{"embeddable":true,"href":"https:\/\/tuzlainfo.ba\/index.php\/wp-json\/wp\/v2\/media\/288735"}],"wp:attachment":[{"href":"https:\/\/tuzlainfo.ba\/index.php\/wp-json\/wp\/v2\/media?parent=314922"}],"wp:term":[{"taxonomy":"category","embeddable":true,"href":"https:\/\/tuzlainfo.ba\/index.php\/wp-json\/wp\/v2\/categories?post=314922"},{"taxonomy":"post_tag","embeddable":true,"href":"https:\/\/tuzlainfo.ba\/index.php\/wp-json\/wp\/v2\/tags?post=314922"}],"curies":[{"name":"wp","href":"https:\/\/api.w.org\/{rel}","templated":true}]}}