{"id":314917,"date":"2026-09-04T16:06:58","date_gmt":"2026-09-04T14:06:58","guid":{"rendered":"https:\/\/tuzlainfo.ba\/?p=314917"},"modified":"2026-09-04T15:30:26","modified_gmt":"2026-09-04T13:30:26","slug":"u-komemorativnom-centru-u-tuzli-identifikovana-jos-jedna-zrtva-rata","status":"publish","type":"post","link":"https:\/\/tuzlainfo.ba\/index.php\/novosti\/item\/314917-u-komemorativnom-centru-u-tuzli-identifikovana-jos-jedna-zrtva-rata\/","title":{"rendered":"U Komemorativnom centru u Tuzli identifikovana jo\u0161 jedna \u017ertva rata"},"content":{"rendered":"<p><strong>U Komemorativnom centru u Tuzli identifikovana jo\u0161 jedna \u017ertva proteklog rata<\/strong><\/p>\n<p>U prostorijama Komemorativnog centra u Tuzli zvani\u010dno je identifikovana jedna \u017ertva proteklog rata.<\/p>\n<p>Identifikovan je Slavko (Du\u0161an) Simi\u0107, ro\u0111en 1961. godine na podru\u010dju Prijedora. Slavko Simi\u0107 je nestao 7. decembra 1992. godine u mjestu Novali\u0107i na podru\u010dju op\u0107ine Grada\u010dac.<\/p>\n<p>Njegovi posmrtni ostaci ekshumirani su u julu pro\u0161le godine na lokalitetu Donje Kre\u010dane, koji se tako\u0111er nalazi na podru\u010dju op\u0107ine Grada\u010dac.<\/p>\n<p>Identitet \u017ertve je najprije utvr\u0111en uz pomo\u0107 DNK analize, nakon \u010dega su zvani\u010dnoj identifikaciji prisustvovali \u010dlanovi porodice. Nakon \u0161to su zvani\u010dno potvrdili dobijeni identitet preuzet \u0107e posmrtne ostatke radi dostojnog ukopa \u017ertve.<\/p>\n","protected":false},"excerpt":{"rendered":"<p>U Komemorativnom centru u Tuzli identifikovana jo\u0161 jedna \u017ertva proteklog rata U prostorijama Komemorativnog centra u Tuzli zvani\u010dno je identifikovana jedna \u017ertva proteklog rata. Identifikovan je Slavko (Du\u0161an) Simi\u0107, ro\u0111en 1961. godine na podru\u010dju Prijedora. Slavko Simi\u0107 je nestao 7. decembra 1992. godine u mjestu Novali\u0107i na podru\u010dju op\u0107ine Grada\u010dac. Njegovi posmrtni ostaci ekshumirani su [&hellip;]<\/p>\n","protected":false},"author":4,"featured_media":285604,"comment_status":"closed","ping_status":"closed","sticky":false,"template":"","format":"standard","meta":{"footnotes":""},"categories":[304,12],"tags":[14463],"class_list":["post-314917","post","type-post","status-publish","format-standard","has-post-thumbnail","hentry","category-istaknuto","category-novosti","tag-identifikacija-zrtava"],"yoast_head":"<!-- This site is optimized with the Yoast SEO plugin v28.4 - https:\/\/yoast.com\/product\/yoast-seo-wordpress\/ -->\n<title>U Komemorativnom centru u Tuzli identifikovana jo\u0161 jedna \u017ertva rata<\/title>\n<meta name=\"robots\" content=\"index, follow, max-snippet:-1, max-image-preview:large, max-video-preview:-1\" \/>\n<link rel=\"canonical\" href=\"https:\/\/tuzlainfo.ba\/index.php\/novosti\/item\/314917-u-komemorativnom-centru-u-tuzli-identifikovana-jos-jedna-zrtva-rata\/\" \/>\n<meta property=\"og:locale\" content=\"bs_BA\" \/>\n<meta property=\"og:type\" content=\"article\" \/>\n<meta property=\"og:title\" content=\"U Komemorativnom centru u Tuzli identifikovana jo\u0161 jedna \u017ertva rata\" \/>\n<meta property=\"og:description\" content=\"U Komemorativnom centru u Tuzli identifikovana jo\u0161 jedna \u017ertva proteklog rata U prostorijama Komemorativnog centra u Tuzli zvani\u010dno je identifikovana jedna \u017ertva proteklog rata. Identifikovan je Slavko (Du\u0161an) Simi\u0107, ro\u0111en 1961. godine na podru\u010dju Prijedora. Slavko Simi\u0107 je nestao 7. decembra 1992. godine u mjestu Novali\u0107i na podru\u010dju op\u0107ine Grada\u010dac. Njegovi posmrtni ostaci ekshumirani su [&hellip;]\" \/>\n<meta property=\"og:url\" content=\"https:\/\/tuzlainfo.ba\/index.php\/novosti\/item\/314917-u-komemorativnom-centru-u-tuzli-identifikovana-jos-jedna-zrtva-rata\/\" \/>\n<meta property=\"og:site_name\" content=\"TuzlaInfo.ba\" \/>\n<meta property=\"article:publisher\" content=\"https:\/\/www.facebook.com\/tuzlainfo.ba\/\" \/>\n<meta property=\"article:published_time\" content=\"2026-09-04T14:06:58+00:00\" \/>\n<meta property=\"og:image\" content=\"https:\/\/tuzlainfo.ba\/wp-content\/uploads\/2025\/11\/0611_komemorativni-centar.jpg\" \/>\n\t<meta property=\"og:image:width\" content=\"784\" \/>\n\t<meta property=\"og:image:height\" content=\"474\" \/>\n\t<meta property=\"og:image:type\" content=\"image\/jpeg\" \/>\n<meta name=\"author\" content=\"Tuzla Info\" \/>\n<meta name=\"twitter:card\" content=\"summary_large_image\" \/>\n<meta name=\"twitter:label1\" content=\"Written by\" \/>\n\t<meta name=\"twitter:data1\" content=\"Tuzla Info\" \/>\n\t<meta name=\"twitter:label2\" content=\"Est. reading time\" \/>\n\t<meta name=\"twitter:data2\" content=\"1 minuta\" \/>\n<script type=\"application\/ld+json\" class=\"yoast-schema-graph\">{\"@context\":\"https:\\\/\\\/schema.org\",\"@graph\":[{\"@type\":\"Article\",\"@id\":\"https:\\\/\\\/tuzlainfo.ba\\\/index.php\\\/novosti\\\/item\\\/314917-u-komemorativnom-centru-u-tuzli-identifikovana-jos-jedna-zrtva-rata\\\/#article\",\"isPartOf\":{\"@id\":\"https:\\\/\\\/tuzlainfo.ba\\\/index.php\\\/novosti\\\/item\\\/314917-u-komemorativnom-centru-u-tuzli-identifikovana-jos-jedna-zrtva-rata\\\/\"},\"author\":{\"name\":\"Tuzla Info\",\"@id\":\"https:\\\/\\\/tuzlainfo.ba\\\/#\\\/schema\\\/person\\\/46cad4c57790cbc50781edd14870825a\"},\"headline\":\"U Komemorativnom centru u Tuzli identifikovana jo\u0161 jedna \u017ertva rata\",\"datePublished\":\"2026-09-04T14:06:58+00:00\",\"mainEntityOfPage\":{\"@id\":\"https:\\\/\\\/tuzlainfo.ba\\\/index.php\\\/novosti\\\/item\\\/314917-u-komemorativnom-centru-u-tuzli-identifikovana-jos-jedna-zrtva-rata\\\/\"},\"wordCount\":127,\"publisher\":{\"@id\":\"https:\\\/\\\/tuzlainfo.ba\\\/#organization\"},\"image\":{\"@id\":\"https:\\\/\\\/tuzlainfo.ba\\\/index.php\\\/novosti\\\/item\\\/314917-u-komemorativnom-centru-u-tuzli-identifikovana-jos-jedna-zrtva-rata\\\/#primaryimage\"},\"thumbnailUrl\":\"https:\\\/\\\/tuzlainfo.ba\\\/wp-content\\\/uploads\\\/2025\\\/11\\\/0611_komemorativni-centar.jpg\",\"keywords\":[\"identifikacija \u017ertava\"],\"articleSection\":[\"Istaknuto\",\"Novosti\"],\"inLanguage\":\"bs-BA\",\"copyrightYear\":\"2026\",\"copyrightHolder\":{\"@id\":\"https:\\\/\\\/tuzlainfo.ba\\\/#organization\"}},{\"@type\":\"WebPage\",\"@id\":\"https:\\\/\\\/tuzlainfo.ba\\\/index.php\\\/novosti\\\/item\\\/314917-u-komemorativnom-centru-u-tuzli-identifikovana-jos-jedna-zrtva-rata\\\/\",\"url\":\"https:\\\/\\\/tuzlainfo.ba\\\/index.php\\\/novosti\\\/item\\\/314917-u-komemorativnom-centru-u-tuzli-identifikovana-jos-jedna-zrtva-rata\\\/\",\"name\":\"U Komemorativnom centru u Tuzli identifikovana jo\u0161 jedna \u017ertva rata\",\"isPartOf\":{\"@id\":\"https:\\\/\\\/tuzlainfo.ba\\\/#website\"},\"primaryImageOfPage\":{\"@id\":\"https:\\\/\\\/tuzlainfo.ba\\\/index.php\\\/novosti\\\/item\\\/314917-u-komemorativnom-centru-u-tuzli-identifikovana-jos-jedna-zrtva-rata\\\/#primaryimage\"},\"image\":{\"@id\":\"https:\\\/\\\/tuzlainfo.ba\\\/index.php\\\/novosti\\\/item\\\/314917-u-komemorativnom-centru-u-tuzli-identifikovana-jos-jedna-zrtva-rata\\\/#primaryimage\"},\"thumbnailUrl\":\"https:\\\/\\\/tuzlainfo.ba\\\/wp-content\\\/uploads\\\/2025\\\/11\\\/0611_komemorativni-centar.jpg\",\"datePublished\":\"2026-09-04T14:06:58+00:00\",\"breadcrumb\":{\"@id\":\"https:\\\/\\\/tuzlainfo.ba\\\/index.php\\\/novosti\\\/item\\\/314917-u-komemorativnom-centru-u-tuzli-identifikovana-jos-jedna-zrtva-rata\\\/#breadcrumb\"},\"inLanguage\":\"bs-BA\",\"potentialAction\":[{\"@type\":\"ReadAction\",\"target\":[\"https:\\\/\\\/tuzlainfo.ba\\\/index.php\\\/novosti\\\/item\\\/314917-u-komemorativnom-centru-u-tuzli-identifikovana-jos-jedna-zrtva-rata\\\/\"]}]},{\"@type\":\"ImageObject\",\"inLanguage\":\"bs-BA\",\"@id\":\"https:\\\/\\\/tuzlainfo.ba\\\/index.php\\\/novosti\\\/item\\\/314917-u-komemorativnom-centru-u-tuzli-identifikovana-jos-jedna-zrtva-rata\\\/#primaryimage\",\"url\":\"https:\\\/\\\/tuzlainfo.ba\\\/wp-content\\\/uploads\\\/2025\\\/11\\\/0611_komemorativni-centar.jpg\",\"contentUrl\":\"https:\\\/\\\/tuzlainfo.ba\\\/wp-content\\\/uploads\\\/2025\\\/11\\\/0611_komemorativni-centar.jpg\",\"width\":784,\"height\":474},{\"@type\":\"BreadcrumbList\",\"@id\":\"https:\\\/\\\/tuzlainfo.ba\\\/index.php\\\/novosti\\\/item\\\/314917-u-komemorativnom-centru-u-tuzli-identifikovana-jos-jedna-zrtva-rata\\\/#breadcrumb\",\"itemListElement\":[{\"@type\":\"ListItem\",\"position\":1,\"name\":\"Home\",\"item\":\"https:\\\/\\\/tuzlainfo.ba\\\/\"},{\"@type\":\"ListItem\",\"position\":2,\"name\":\"U Komemorativnom centru u Tuzli identifikovana jo\u0161 jedna \u017ertva rata\"}]},{\"@type\":\"WebSite\",\"@id\":\"https:\\\/\\\/tuzlainfo.ba\\\/#website\",\"url\":\"https:\\\/\\\/tuzlainfo.ba\\\/\",\"name\":\"TuzlaInfo.ba\",\"description\":\"Tuzla info, gradski informator - Tuzla na dlanu\",\"publisher\":{\"@id\":\"https:\\\/\\\/tuzlainfo.ba\\\/#organization\"},\"potentialAction\":[{\"@type\":\"SearchAction\",\"target\":{\"@type\":\"EntryPoint\",\"urlTemplate\":\"https:\\\/\\\/tuzlainfo.ba\\\/?s={search_term_string}\"},\"query-input\":{\"@type\":\"PropertyValueSpecification\",\"valueRequired\":true,\"valueName\":\"search_term_string\"}}],\"inLanguage\":\"bs-BA\"},{\"@type\":\"Organization\",\"@id\":\"https:\\\/\\\/tuzlainfo.ba\\\/#organization\",\"name\":\"TuzlaInfo.ba\",\"url\":\"https:\\\/\\\/tuzlainfo.ba\\\/\",\"logo\":{\"@type\":\"ImageObject\",\"inLanguage\":\"bs-BA\",\"@id\":\"https:\\\/\\\/tuzlainfo.ba\\\/#\\\/schema\\\/logo\\\/image\\\/\",\"url\":\"https:\\\/\\\/tuzlainfo.ba\\\/wp-content\\\/uploads\\\/2021\\\/03\\\/logo-ver-3-1.png\",\"contentUrl\":\"https:\\\/\\\/tuzlainfo.ba\\\/wp-content\\\/uploads\\\/2021\\\/03\\\/logo-ver-3-1.png\",\"width\":350,\"height\":95,\"caption\":\"TuzlaInfo.ba\"},\"image\":{\"@id\":\"https:\\\/\\\/tuzlainfo.ba\\\/#\\\/schema\\\/logo\\\/image\\\/\"},\"sameAs\":[\"https:\\\/\\\/www.facebook.com\\\/tuzlainfo.ba\\\/\"]},{\"@type\":\"Person\",\"@id\":\"https:\\\/\\\/tuzlainfo.ba\\\/#\\\/schema\\\/person\\\/46cad4c57790cbc50781edd14870825a\",\"name\":\"Tuzla Info\",\"image\":{\"@type\":\"ImageObject\",\"inLanguage\":\"bs-BA\",\"@id\":\"https:\\\/\\\/secure.gravatar.com\\\/avatar\\\/e980921b00fa2e552723a2386544734ce6885d2b2304ccca3f45186f9ca4031d?s=96&d=mm&r=g\",\"url\":\"https:\\\/\\\/secure.gravatar.com\\\/avatar\\\/e980921b00fa2e552723a2386544734ce6885d2b2304ccca3f45186f9ca4031d?s=96&d=mm&r=g\",\"contentUrl\":\"https:\\\/\\\/secure.gravatar.com\\\/avatar\\\/e980921b00fa2e552723a2386544734ce6885d2b2304ccca3f45186f9ca4031d?s=96&d=mm&r=g\",\"caption\":\"Tuzla Info\"}}]}<\/script>\n<!-- \/ Yoast SEO plugin. -->","yoast_head_json":{"title":"U Komemorativnom centru u Tuzli identifikovana jo\u0161 jedna \u017ertva rata","robots":{"index":"index","follow":"follow","max-snippet":"max-snippet:-1","max-image-preview":"max-image-preview:large","max-video-preview":"max-video-preview:-1"},"canonical":"https:\/\/tuzlainfo.ba\/index.php\/novosti\/item\/314917-u-komemorativnom-centru-u-tuzli-identifikovana-jos-jedna-zrtva-rata\/","og_locale":"bs_BA","og_type":"article","og_title":"U Komemorativnom centru u Tuzli identifikovana jo\u0161 jedna \u017ertva rata","og_description":"U Komemorativnom centru u Tuzli identifikovana jo\u0161 jedna \u017ertva proteklog rata U prostorijama Komemorativnog centra u Tuzli zvani\u010dno je identifikovana jedna \u017ertva proteklog rata. Identifikovan je Slavko (Du\u0161an) Simi\u0107, ro\u0111en 1961. godine na podru\u010dju Prijedora. Slavko Simi\u0107 je nestao 7. decembra 1992. godine u mjestu Novali\u0107i na podru\u010dju op\u0107ine Grada\u010dac. Njegovi posmrtni ostaci ekshumirani su [&hellip;]","og_url":"https:\/\/tuzlainfo.ba\/index.php\/novosti\/item\/314917-u-komemorativnom-centru-u-tuzli-identifikovana-jos-jedna-zrtva-rata\/","og_site_name":"TuzlaInfo.ba","article_publisher":"https:\/\/www.facebook.com\/tuzlainfo.ba\/","article_published_time":"2026-09-04T14:06:58+00:00","og_image":[{"width":784,"height":474,"url":"https:\/\/tuzlainfo.ba\/wp-content\/uploads\/2025\/11\/0611_komemorativni-centar.jpg","type":"image\/jpeg"}],"author":"Tuzla Info","twitter_card":"summary_large_image","twitter_misc":{"Written by":"Tuzla Info","Est. reading time":"1 minuta"},"schema":{"@context":"https:\/\/schema.org","@graph":[{"@type":"Article","@id":"https:\/\/tuzlainfo.ba\/index.php\/novosti\/item\/314917-u-komemorativnom-centru-u-tuzli-identifikovana-jos-jedna-zrtva-rata\/#article","isPartOf":{"@id":"https:\/\/tuzlainfo.ba\/index.php\/novosti\/item\/314917-u-komemorativnom-centru-u-tuzli-identifikovana-jos-jedna-zrtva-rata\/"},"author":{"name":"Tuzla Info","@id":"https:\/\/tuzlainfo.ba\/#\/schema\/person\/46cad4c57790cbc50781edd14870825a"},"headline":"U Komemorativnom centru u Tuzli identifikovana jo\u0161 jedna \u017ertva rata","datePublished":"2026-09-04T14:06:58+00:00","mainEntityOfPage":{"@id":"https:\/\/tuzlainfo.ba\/index.php\/novosti\/item\/314917-u-komemorativnom-centru-u-tuzli-identifikovana-jos-jedna-zrtva-rata\/"},"wordCount":127,"publisher":{"@id":"https:\/\/tuzlainfo.ba\/#organization"},"image":{"@id":"https:\/\/tuzlainfo.ba\/index.php\/novosti\/item\/314917-u-komemorativnom-centru-u-tuzli-identifikovana-jos-jedna-zrtva-rata\/#primaryimage"},"thumbnailUrl":"https:\/\/tuzlainfo.ba\/wp-content\/uploads\/2025\/11\/0611_komemorativni-centar.jpg","keywords":["identifikacija \u017ertava"],"articleSection":["Istaknuto","Novosti"],"inLanguage":"bs-BA","copyrightYear":"2026","copyrightHolder":{"@id":"https:\/\/tuzlainfo.ba\/#organization"}},{"@type":"WebPage","@id":"https:\/\/tuzlainfo.ba\/index.php\/novosti\/item\/314917-u-komemorativnom-centru-u-tuzli-identifikovana-jos-jedna-zrtva-rata\/","url":"https:\/\/tuzlainfo.ba\/index.php\/novosti\/item\/314917-u-komemorativnom-centru-u-tuzli-identifikovana-jos-jedna-zrtva-rata\/","name":"U Komemorativnom centru u Tuzli identifikovana jo\u0161 jedna \u017ertva rata","isPartOf":{"@id":"https:\/\/tuzlainfo.ba\/#website"},"primaryImageOfPage":{"@id":"https:\/\/tuzlainfo.ba\/index.php\/novosti\/item\/314917-u-komemorativnom-centru-u-tuzli-identifikovana-jos-jedna-zrtva-rata\/#primaryimage"},"image":{"@id":"https:\/\/tuzlainfo.ba\/index.php\/novosti\/item\/314917-u-komemorativnom-centru-u-tuzli-identifikovana-jos-jedna-zrtva-rata\/#primaryimage"},"thumbnailUrl":"https:\/\/tuzlainfo.ba\/wp-content\/uploads\/2025\/11\/0611_komemorativni-centar.jpg","datePublished":"2026-09-04T14:06:58+00:00","breadcrumb":{"@id":"https:\/\/tuzlainfo.ba\/index.php\/novosti\/item\/314917-u-komemorativnom-centru-u-tuzli-identifikovana-jos-jedna-zrtva-rata\/#breadcrumb"},"inLanguage":"bs-BA","potentialAction":[{"@type":"ReadAction","target":["https:\/\/tuzlainfo.ba\/index.php\/novosti\/item\/314917-u-komemorativnom-centru-u-tuzli-identifikovana-jos-jedna-zrtva-rata\/"]}]},{"@type":"ImageObject","inLanguage":"bs-BA","@id":"https:\/\/tuzlainfo.ba\/index.php\/novosti\/item\/314917-u-komemorativnom-centru-u-tuzli-identifikovana-jos-jedna-zrtva-rata\/#primaryimage","url":"https:\/\/tuzlainfo.ba\/wp-content\/uploads\/2025\/11\/0611_komemorativni-centar.jpg","contentUrl":"https:\/\/tuzlainfo.ba\/wp-content\/uploads\/2025\/11\/0611_komemorativni-centar.jpg","width":784,"height":474},{"@type":"BreadcrumbList","@id":"https:\/\/tuzlainfo.ba\/index.php\/novosti\/item\/314917-u-komemorativnom-centru-u-tuzli-identifikovana-jos-jedna-zrtva-rata\/#breadcrumb","itemListElement":[{"@type":"ListItem","position":1,"name":"Home","item":"https:\/\/tuzlainfo.ba\/"},{"@type":"ListItem","position":2,"name":"U Komemorativnom centru u Tuzli identifikovana jo\u0161 jedna \u017ertva rata"}]},{"@type":"WebSite","@id":"https:\/\/tuzlainfo.ba\/#website","url":"https:\/\/tuzlainfo.ba\/","name":"TuzlaInfo.ba","description":"Tuzla info, gradski informator - Tuzla na dlanu","publisher":{"@id":"https:\/\/tuzlainfo.ba\/#organization"},"potentialAction":[{"@type":"SearchAction","target":{"@type":"EntryPoint","urlTemplate":"https:\/\/tuzlainfo.ba\/?s={search_term_string}"},"query-input":{"@type":"PropertyValueSpecification","valueRequired":true,"valueName":"search_term_string"}}],"inLanguage":"bs-BA"},{"@type":"Organization","@id":"https:\/\/tuzlainfo.ba\/#organization","name":"TuzlaInfo.ba","url":"https:\/\/tuzlainfo.ba\/","logo":{"@type":"ImageObject","inLanguage":"bs-BA","@id":"https:\/\/tuzlainfo.ba\/#\/schema\/logo\/image\/","url":"https:\/\/tuzlainfo.ba\/wp-content\/uploads\/2021\/03\/logo-ver-3-1.png","contentUrl":"https:\/\/tuzlainfo.ba\/wp-content\/uploads\/2021\/03\/logo-ver-3-1.png","width":350,"height":95,"caption":"TuzlaInfo.ba"},"image":{"@id":"https:\/\/tuzlainfo.ba\/#\/schema\/logo\/image\/"},"sameAs":["https:\/\/www.facebook.com\/tuzlainfo.ba\/"]},{"@type":"Person","@id":"https:\/\/tuzlainfo.ba\/#\/schema\/person\/46cad4c57790cbc50781edd14870825a","name":"Tuzla Info","image":{"@type":"ImageObject","inLanguage":"bs-BA","@id":"https:\/\/secure.gravatar.com\/avatar\/e980921b00fa2e552723a2386544734ce6885d2b2304ccca3f45186f9ca4031d?s=96&d=mm&r=g","url":"https:\/\/secure.gravatar.com\/avatar\/e980921b00fa2e552723a2386544734ce6885d2b2304ccca3f45186f9ca4031d?s=96&d=mm&r=g","contentUrl":"https:\/\/secure.gravatar.com\/avatar\/e980921b00fa2e552723a2386544734ce6885d2b2304ccca3f45186f9ca4031d?s=96&d=mm&r=g","caption":"Tuzla Info"}}]}},"_links":{"self":[{"href":"https:\/\/tuzlainfo.ba\/index.php\/wp-json\/wp\/v2\/posts\/314917","targetHints":{"allow":["GET"]}}],"collection":[{"href":"https:\/\/tuzlainfo.ba\/index.php\/wp-json\/wp\/v2\/posts"}],"about":[{"href":"https:\/\/tuzlainfo.ba\/index.php\/wp-json\/wp\/v2\/types\/post"}],"author":[{"embeddable":true,"href":"https:\/\/tuzlainfo.ba\/index.php\/wp-json\/wp\/v2\/users\/4"}],"replies":[{"embeddable":true,"href":"https:\/\/tuzlainfo.ba\/index.php\/wp-json\/wp\/v2\/comments?post=314917"}],"version-history":[{"count":1,"href":"https:\/\/tuzlainfo.ba\/index.php\/wp-json\/wp\/v2\/posts\/314917\/revisions"}],"predecessor-version":[{"id":314918,"href":"https:\/\/tuzlainfo.ba\/index.php\/wp-json\/wp\/v2\/posts\/314917\/revisions\/314918"}],"wp:featuredmedia":[{"embeddable":true,"href":"https:\/\/tuzlainfo.ba\/index.php\/wp-json\/wp\/v2\/media\/285604"}],"wp:attachment":[{"href":"https:\/\/tuzlainfo.ba\/index.php\/wp-json\/wp\/v2\/media?parent=314917"}],"wp:term":[{"taxonomy":"category","embeddable":true,"href":"https:\/\/tuzlainfo.ba\/index.php\/wp-json\/wp\/v2\/categories?post=314917"},{"taxonomy":"post_tag","embeddable":true,"href":"https:\/\/tuzlainfo.ba\/index.php\/wp-json\/wp\/v2\/tags?post=314917"}],"curies":[{"name":"wp","href":"https:\/\/api.w.org\/{rel}","templated":true}]}}