{"id":314871,"date":"2026-09-04T12:36:22","date_gmt":"2026-09-04T10:36:22","guid":{"rendered":"https:\/\/tuzlainfo.ba\/?p=314871"},"modified":"2026-09-04T11:49:54","modified_gmt":"2026-09-04T09:49:54","slug":"eu-ucesce-clanova-vlade-srbije-na-mladicevoj-sahrani-bilo-bi-neprihvatljivo","status":"publish","type":"post","link":"https:\/\/tuzlainfo.ba\/index.php\/clanci\/sa-svih-strana\/item\/314871-eu-ucesce-clanova-vlade-srbije-na-mladicevoj-sahrani-bilo-bi-neprihvatljivo\/","title":{"rendered":"EU: U\u010de\u0161\u0107e \u010dlanova Vlade Srbije na Mladi\u0107evoj sahrani bilo bi neprihvatljivo"},"content":{"rendered":"<p>Dr\u017eavni pogreb osu\u0111enog ratnog zlo\u010dinca Ratka Mladi\u0107a, kao i prisustvo visokih zvani\u010dnika Srbije na njegovoj sahrani, bilo bi neprihvatljivo za Evropsku uniju, poru\u010dio je Thomas Byrne, irski ministar za evropske poslove. Irska trenutno predsjedava Evropskom unijom.<\/p>\n<p>Byrne je to izjavio uo\u010di neformalnog ministarskog sastanka predstavnika Evropske unije i Zapadnog Balkana koji se odr\u017eava u Irskoj.<\/p>\n<p>&#8220;Mislim da bi dr\u017eavni pogreb bio neprihvatljiv. Koliko razumijem, dr\u017eavna sahrana se zapravo ne\u0107e odr\u017eati, ali je sasvim mogu\u0107e da \u0107e visoki zvani\u010dnici vlasti odati po\u010dast tom \u010dovjeku. Ni to nije prihvatljivo&#8221;, kazao je Byrne.<\/p>\n<p>Dodao je da evropski zvani\u010dnici intenzivno djeluju i iza kulisa kada je rije\u010d o ovom pitanju.<\/p>\n<p>&#8220;Nemojte imati nikakve sumnje, ono \u0161to se tamo de\u0161ava, po mom mi\u0161ljenju, i dalje nanosi bol ljudima, posebno u toj regiji, ali i u pojedinim dr\u017eavama \u010dlanicama Evropske unije&#8221;, rekao je Byrne.<\/p>\n<p>Avion s tijelom Ratka Mladi\u0107a, koji je preminuo 27. augusta u Haagu, sletio je u \u010detvrtak na beogradski aerodrom &#8220;Nikola Tesla&#8221;.<\/p>\n<p>Uz \u010dlanove njegove porodice, u avionu su bili i ministar pravde Srbije Nenad Vuji\u0107 te dvojica Mladi\u0107evih saboraca.<\/p>\n<p>Kako je objavio Radio Slobodna Evropa, kov\u010deg s Mladi\u0107evim tijelom bio je prekriven zastavom Srbije, a nosili su ga pripadnici Vojske Srbije.<\/p>\n<p>Mladi\u0107ev sin najavio je da \u0107e ukop biti obavljen u ponedjeljak, 7. septembra, na Top\u010diderskom groblju u Beogradu.<\/p>\n<p>Predsjednik Srbije Aleksandar Vu\u010di\u0107 ranije je kazao da \u0107e dr\u017eava biti spremna pru\u017eiti logisti\u010dku, transportnu i drugu podr\u0161ku, kao i pomo\u0107 u o\u010duvanju javnog reda, mira i sigurnosti tokom sahrane.<\/p>\n<p>Ratko Mladi\u0107 je pred Me\u0111unarodnim rezidualnim mehanizmom za krivi\u010dne sudove pravosna\u017eno osu\u0111en na do\u017eivotni zatvor zbog genocida u Srebrenici, zlo\u010dina protiv \u010dovje\u010dnosti i ratnih zlo\u010dina po\u010dinjenih tokom rata u Bosni i Hercegovini.<\/p>\n","protected":false},"excerpt":{"rendered":"<p>Dr\u017eavni pogreb osu\u0111enog ratnog zlo\u010dinca Ratka Mladi\u0107a, kao i prisustvo visokih zvani\u010dnika Srbije na njegovoj sahrani, bilo bi neprihvatljivo za Evropsku uniju, poru\u010dio je Thomas Byrne, irski ministar za evropske poslove. Irska trenutno predsjedava Evropskom unijom. Byrne je to izjavio uo\u010di neformalnog ministarskog sastanka predstavnika Evropske unije i Zapadnog Balkana koji se odr\u017eava u Irskoj. [&hellip;]<\/p>\n","protected":false},"author":8,"featured_media":262732,"comment_status":"closed","ping_status":"closed","sticky":false,"template":"","format":"standard","meta":{"footnotes":""},"categories":[16],"tags":[638,939],"class_list":["post-314871","post","type-post","status-publish","format-standard","has-post-thumbnail","hentry","category-sa-svih-strana","tag-aleksandar-vucic","tag-ratko-mladic"],"yoast_head":"<!-- This site is optimized with the Yoast SEO plugin v28.4 - https:\/\/yoast.com\/product\/yoast-seo-wordpress\/ -->\n<title>EU: U\u010de\u0161\u0107e \u010dlanova Vlade Srbije na Mladi\u0107evoj sahrani bilo bi neprihvatljivo<\/title>\n<meta name=\"robots\" content=\"index, follow, max-snippet:-1, max-image-preview:large, max-video-preview:-1\" \/>\n<link rel=\"canonical\" href=\"https:\/\/tuzlainfo.ba\/index.php\/clanci\/sa-svih-strana\/item\/314871-eu-ucesce-clanova-vlade-srbije-na-mladicevoj-sahrani-bilo-bi-neprihvatljivo\/\" \/>\n<meta property=\"og:locale\" content=\"bs_BA\" \/>\n<meta property=\"og:type\" content=\"article\" \/>\n<meta property=\"og:title\" content=\"EU: U\u010de\u0161\u0107e \u010dlanova Vlade Srbije na Mladi\u0107evoj sahrani bilo bi neprihvatljivo\" \/>\n<meta property=\"og:description\" content=\"Dr\u017eavni pogreb osu\u0111enog ratnog zlo\u010dinca Ratka Mladi\u0107a, kao i prisustvo visokih zvani\u010dnika Srbije na njegovoj sahrani, bilo bi neprihvatljivo za Evropsku uniju, poru\u010dio je Thomas Byrne, irski ministar za evropske poslove. Irska trenutno predsjedava Evropskom unijom. Byrne je to izjavio uo\u010di neformalnog ministarskog sastanka predstavnika Evropske unije i Zapadnog Balkana koji se odr\u017eava u Irskoj. [&hellip;]\" \/>\n<meta property=\"og:url\" content=\"https:\/\/tuzlainfo.ba\/index.php\/clanci\/sa-svih-strana\/item\/314871-eu-ucesce-clanova-vlade-srbije-na-mladicevoj-sahrani-bilo-bi-neprihvatljivo\/\" \/>\n<meta property=\"og:site_name\" content=\"TuzlaInfo.ba\" \/>\n<meta property=\"article:publisher\" content=\"https:\/\/www.facebook.com\/tuzlainfo.ba\/\" \/>\n<meta property=\"article:published_time\" content=\"2026-09-04T10:36:22+00:00\" \/>\n<meta property=\"og:image\" content=\"https:\/\/tuzlainfo.ba\/wp-content\/uploads\/2025\/02\/1302_aleksandar_vucic.jpg\" \/>\n\t<meta property=\"og:image:width\" content=\"1000\" \/>\n\t<meta property=\"og:image:height\" content=\"576\" \/>\n\t<meta property=\"og:image:type\" content=\"image\/jpeg\" \/>\n<meta name=\"author\" content=\"Admin Tri\" \/>\n<meta name=\"twitter:card\" content=\"summary_large_image\" \/>\n<meta name=\"twitter:label1\" content=\"Written by\" \/>\n\t<meta name=\"twitter:data1\" content=\"Admin Tri\" \/>\n\t<meta name=\"twitter:label2\" content=\"Est. reading time\" \/>\n\t<meta name=\"twitter:data2\" content=\"2 minute\" \/>\n<script type=\"application\/ld+json\" class=\"yoast-schema-graph\">{\"@context\":\"https:\\\/\\\/schema.org\",\"@graph\":[{\"@type\":\"Article\",\"@id\":\"https:\\\/\\\/tuzlainfo.ba\\\/index.php\\\/clanci\\\/sa-svih-strana\\\/item\\\/314871-eu-ucesce-clanova-vlade-srbije-na-mladicevoj-sahrani-bilo-bi-neprihvatljivo\\\/#article\",\"isPartOf\":{\"@id\":\"https:\\\/\\\/tuzlainfo.ba\\\/index.php\\\/clanci\\\/sa-svih-strana\\\/item\\\/314871-eu-ucesce-clanova-vlade-srbije-na-mladicevoj-sahrani-bilo-bi-neprihvatljivo\\\/\"},\"author\":{\"name\":\"Admin Tri\",\"@id\":\"https:\\\/\\\/tuzlainfo.ba\\\/#\\\/schema\\\/person\\\/593e78a2f6378c5ba3e7600ecfa4e63a\"},\"headline\":\"EU: U\u010de\u0161\u0107e \u010dlanova Vlade Srbije na Mladi\u0107evoj sahrani bilo bi neprihvatljivo\",\"datePublished\":\"2026-09-04T10:36:22+00:00\",\"mainEntityOfPage\":{\"@id\":\"https:\\\/\\\/tuzlainfo.ba\\\/index.php\\\/clanci\\\/sa-svih-strana\\\/item\\\/314871-eu-ucesce-clanova-vlade-srbije-na-mladicevoj-sahrani-bilo-bi-neprihvatljivo\\\/\"},\"wordCount\":331,\"publisher\":{\"@id\":\"https:\\\/\\\/tuzlainfo.ba\\\/#organization\"},\"image\":{\"@id\":\"https:\\\/\\\/tuzlainfo.ba\\\/index.php\\\/clanci\\\/sa-svih-strana\\\/item\\\/314871-eu-ucesce-clanova-vlade-srbije-na-mladicevoj-sahrani-bilo-bi-neprihvatljivo\\\/#primaryimage\"},\"thumbnailUrl\":\"https:\\\/\\\/tuzlainfo.ba\\\/wp-content\\\/uploads\\\/2025\\\/02\\\/1302_aleksandar_vucic.jpg\",\"keywords\":[\"aleksandar vu\u010di\u0107\",\"ratko mladi\u0107\"],\"articleSection\":[\"Sa svih strana\"],\"inLanguage\":\"bs-BA\",\"copyrightYear\":\"2026\",\"copyrightHolder\":{\"@id\":\"https:\\\/\\\/tuzlainfo.ba\\\/#organization\"}},{\"@type\":\"WebPage\",\"@id\":\"https:\\\/\\\/tuzlainfo.ba\\\/index.php\\\/clanci\\\/sa-svih-strana\\\/item\\\/314871-eu-ucesce-clanova-vlade-srbije-na-mladicevoj-sahrani-bilo-bi-neprihvatljivo\\\/\",\"url\":\"https:\\\/\\\/tuzlainfo.ba\\\/index.php\\\/clanci\\\/sa-svih-strana\\\/item\\\/314871-eu-ucesce-clanova-vlade-srbije-na-mladicevoj-sahrani-bilo-bi-neprihvatljivo\\\/\",\"name\":\"EU: U\u010de\u0161\u0107e \u010dlanova Vlade Srbije na Mladi\u0107evoj sahrani bilo bi neprihvatljivo\",\"isPartOf\":{\"@id\":\"https:\\\/\\\/tuzlainfo.ba\\\/#website\"},\"primaryImageOfPage\":{\"@id\":\"https:\\\/\\\/tuzlainfo.ba\\\/index.php\\\/clanci\\\/sa-svih-strana\\\/item\\\/314871-eu-ucesce-clanova-vlade-srbije-na-mladicevoj-sahrani-bilo-bi-neprihvatljivo\\\/#primaryimage\"},\"image\":{\"@id\":\"https:\\\/\\\/tuzlainfo.ba\\\/index.php\\\/clanci\\\/sa-svih-strana\\\/item\\\/314871-eu-ucesce-clanova-vlade-srbije-na-mladicevoj-sahrani-bilo-bi-neprihvatljivo\\\/#primaryimage\"},\"thumbnailUrl\":\"https:\\\/\\\/tuzlainfo.ba\\\/wp-content\\\/uploads\\\/2025\\\/02\\\/1302_aleksandar_vucic.jpg\",\"datePublished\":\"2026-09-04T10:36:22+00:00\",\"breadcrumb\":{\"@id\":\"https:\\\/\\\/tuzlainfo.ba\\\/index.php\\\/clanci\\\/sa-svih-strana\\\/item\\\/314871-eu-ucesce-clanova-vlade-srbije-na-mladicevoj-sahrani-bilo-bi-neprihvatljivo\\\/#breadcrumb\"},\"inLanguage\":\"bs-BA\",\"potentialAction\":[{\"@type\":\"ReadAction\",\"target\":[\"https:\\\/\\\/tuzlainfo.ba\\\/index.php\\\/clanci\\\/sa-svih-strana\\\/item\\\/314871-eu-ucesce-clanova-vlade-srbije-na-mladicevoj-sahrani-bilo-bi-neprihvatljivo\\\/\"]}]},{\"@type\":\"ImageObject\",\"inLanguage\":\"bs-BA\",\"@id\":\"https:\\\/\\\/tuzlainfo.ba\\\/index.php\\\/clanci\\\/sa-svih-strana\\\/item\\\/314871-eu-ucesce-clanova-vlade-srbije-na-mladicevoj-sahrani-bilo-bi-neprihvatljivo\\\/#primaryimage\",\"url\":\"https:\\\/\\\/tuzlainfo.ba\\\/wp-content\\\/uploads\\\/2025\\\/02\\\/1302_aleksandar_vucic.jpg\",\"contentUrl\":\"https:\\\/\\\/tuzlainfo.ba\\\/wp-content\\\/uploads\\\/2025\\\/02\\\/1302_aleksandar_vucic.jpg\",\"width\":1000,\"height\":576},{\"@type\":\"BreadcrumbList\",\"@id\":\"https:\\\/\\\/tuzlainfo.ba\\\/index.php\\\/clanci\\\/sa-svih-strana\\\/item\\\/314871-eu-ucesce-clanova-vlade-srbije-na-mladicevoj-sahrani-bilo-bi-neprihvatljivo\\\/#breadcrumb\",\"itemListElement\":[{\"@type\":\"ListItem\",\"position\":1,\"name\":\"Home\",\"item\":\"https:\\\/\\\/tuzlainfo.ba\\\/\"},{\"@type\":\"ListItem\",\"position\":2,\"name\":\"EU: U\u010de\u0161\u0107e \u010dlanova Vlade Srbije na Mladi\u0107evoj sahrani bilo bi neprihvatljivo\"}]},{\"@type\":\"WebSite\",\"@id\":\"https:\\\/\\\/tuzlainfo.ba\\\/#website\",\"url\":\"https:\\\/\\\/tuzlainfo.ba\\\/\",\"name\":\"TuzlaInfo.ba\",\"description\":\"Tuzla info, gradski informator - Tuzla na dlanu\",\"publisher\":{\"@id\":\"https:\\\/\\\/tuzlainfo.ba\\\/#organization\"},\"potentialAction\":[{\"@type\":\"SearchAction\",\"target\":{\"@type\":\"EntryPoint\",\"urlTemplate\":\"https:\\\/\\\/tuzlainfo.ba\\\/?s={search_term_string}\"},\"query-input\":{\"@type\":\"PropertyValueSpecification\",\"valueRequired\":true,\"valueName\":\"search_term_string\"}}],\"inLanguage\":\"bs-BA\"},{\"@type\":\"Organization\",\"@id\":\"https:\\\/\\\/tuzlainfo.ba\\\/#organization\",\"name\":\"TuzlaInfo.ba\",\"url\":\"https:\\\/\\\/tuzlainfo.ba\\\/\",\"logo\":{\"@type\":\"ImageObject\",\"inLanguage\":\"bs-BA\",\"@id\":\"https:\\\/\\\/tuzlainfo.ba\\\/#\\\/schema\\\/logo\\\/image\\\/\",\"url\":\"https:\\\/\\\/tuzlainfo.ba\\\/wp-content\\\/uploads\\\/2021\\\/03\\\/logo-ver-3-1.png\",\"contentUrl\":\"https:\\\/\\\/tuzlainfo.ba\\\/wp-content\\\/uploads\\\/2021\\\/03\\\/logo-ver-3-1.png\",\"width\":350,\"height\":95,\"caption\":\"TuzlaInfo.ba\"},\"image\":{\"@id\":\"https:\\\/\\\/tuzlainfo.ba\\\/#\\\/schema\\\/logo\\\/image\\\/\"},\"sameAs\":[\"https:\\\/\\\/www.facebook.com\\\/tuzlainfo.ba\\\/\"]},{\"@type\":\"Person\",\"@id\":\"https:\\\/\\\/tuzlainfo.ba\\\/#\\\/schema\\\/person\\\/593e78a2f6378c5ba3e7600ecfa4e63a\",\"name\":\"Admin Tri\",\"image\":{\"@type\":\"ImageObject\",\"inLanguage\":\"bs-BA\",\"@id\":\"https:\\\/\\\/secure.gravatar.com\\\/avatar\\\/b53a7f47acc7a09467757d8b2234cc38fa334b13599376e53104c0036b528ca1?s=96&d=mm&r=g\",\"url\":\"https:\\\/\\\/secure.gravatar.com\\\/avatar\\\/b53a7f47acc7a09467757d8b2234cc38fa334b13599376e53104c0036b528ca1?s=96&d=mm&r=g\",\"contentUrl\":\"https:\\\/\\\/secure.gravatar.com\\\/avatar\\\/b53a7f47acc7a09467757d8b2234cc38fa334b13599376e53104c0036b528ca1?s=96&d=mm&r=g\",\"caption\":\"Admin Tri\"},\"sameAs\":[\"https:\\\/\\\/tuzlainfo.ba\"]}]}<\/script>\n<!-- \/ Yoast SEO plugin. -->","yoast_head_json":{"title":"EU: U\u010de\u0161\u0107e \u010dlanova Vlade Srbije na Mladi\u0107evoj sahrani bilo bi neprihvatljivo","robots":{"index":"index","follow":"follow","max-snippet":"max-snippet:-1","max-image-preview":"max-image-preview:large","max-video-preview":"max-video-preview:-1"},"canonical":"https:\/\/tuzlainfo.ba\/index.php\/clanci\/sa-svih-strana\/item\/314871-eu-ucesce-clanova-vlade-srbije-na-mladicevoj-sahrani-bilo-bi-neprihvatljivo\/","og_locale":"bs_BA","og_type":"article","og_title":"EU: U\u010de\u0161\u0107e \u010dlanova Vlade Srbije na Mladi\u0107evoj sahrani bilo bi neprihvatljivo","og_description":"Dr\u017eavni pogreb osu\u0111enog ratnog zlo\u010dinca Ratka Mladi\u0107a, kao i prisustvo visokih zvani\u010dnika Srbije na njegovoj sahrani, bilo bi neprihvatljivo za Evropsku uniju, poru\u010dio je Thomas Byrne, irski ministar za evropske poslove. Irska trenutno predsjedava Evropskom unijom. Byrne je to izjavio uo\u010di neformalnog ministarskog sastanka predstavnika Evropske unije i Zapadnog Balkana koji se odr\u017eava u Irskoj. [&hellip;]","og_url":"https:\/\/tuzlainfo.ba\/index.php\/clanci\/sa-svih-strana\/item\/314871-eu-ucesce-clanova-vlade-srbije-na-mladicevoj-sahrani-bilo-bi-neprihvatljivo\/","og_site_name":"TuzlaInfo.ba","article_publisher":"https:\/\/www.facebook.com\/tuzlainfo.ba\/","article_published_time":"2026-09-04T10:36:22+00:00","og_image":[{"width":1000,"height":576,"url":"https:\/\/tuzlainfo.ba\/wp-content\/uploads\/2025\/02\/1302_aleksandar_vucic.jpg","type":"image\/jpeg"}],"author":"Admin Tri","twitter_card":"summary_large_image","twitter_misc":{"Written by":"Admin Tri","Est. reading time":"2 minute"},"schema":{"@context":"https:\/\/schema.org","@graph":[{"@type":"Article","@id":"https:\/\/tuzlainfo.ba\/index.php\/clanci\/sa-svih-strana\/item\/314871-eu-ucesce-clanova-vlade-srbije-na-mladicevoj-sahrani-bilo-bi-neprihvatljivo\/#article","isPartOf":{"@id":"https:\/\/tuzlainfo.ba\/index.php\/clanci\/sa-svih-strana\/item\/314871-eu-ucesce-clanova-vlade-srbije-na-mladicevoj-sahrani-bilo-bi-neprihvatljivo\/"},"author":{"name":"Admin Tri","@id":"https:\/\/tuzlainfo.ba\/#\/schema\/person\/593e78a2f6378c5ba3e7600ecfa4e63a"},"headline":"EU: U\u010de\u0161\u0107e \u010dlanova Vlade Srbije na Mladi\u0107evoj sahrani bilo bi neprihvatljivo","datePublished":"2026-09-04T10:36:22+00:00","mainEntityOfPage":{"@id":"https:\/\/tuzlainfo.ba\/index.php\/clanci\/sa-svih-strana\/item\/314871-eu-ucesce-clanova-vlade-srbije-na-mladicevoj-sahrani-bilo-bi-neprihvatljivo\/"},"wordCount":331,"publisher":{"@id":"https:\/\/tuzlainfo.ba\/#organization"},"image":{"@id":"https:\/\/tuzlainfo.ba\/index.php\/clanci\/sa-svih-strana\/item\/314871-eu-ucesce-clanova-vlade-srbije-na-mladicevoj-sahrani-bilo-bi-neprihvatljivo\/#primaryimage"},"thumbnailUrl":"https:\/\/tuzlainfo.ba\/wp-content\/uploads\/2025\/02\/1302_aleksandar_vucic.jpg","keywords":["aleksandar vu\u010di\u0107","ratko mladi\u0107"],"articleSection":["Sa svih strana"],"inLanguage":"bs-BA","copyrightYear":"2026","copyrightHolder":{"@id":"https:\/\/tuzlainfo.ba\/#organization"}},{"@type":"WebPage","@id":"https:\/\/tuzlainfo.ba\/index.php\/clanci\/sa-svih-strana\/item\/314871-eu-ucesce-clanova-vlade-srbije-na-mladicevoj-sahrani-bilo-bi-neprihvatljivo\/","url":"https:\/\/tuzlainfo.ba\/index.php\/clanci\/sa-svih-strana\/item\/314871-eu-ucesce-clanova-vlade-srbije-na-mladicevoj-sahrani-bilo-bi-neprihvatljivo\/","name":"EU: U\u010de\u0161\u0107e \u010dlanova Vlade Srbije na Mladi\u0107evoj sahrani bilo bi neprihvatljivo","isPartOf":{"@id":"https:\/\/tuzlainfo.ba\/#website"},"primaryImageOfPage":{"@id":"https:\/\/tuzlainfo.ba\/index.php\/clanci\/sa-svih-strana\/item\/314871-eu-ucesce-clanova-vlade-srbije-na-mladicevoj-sahrani-bilo-bi-neprihvatljivo\/#primaryimage"},"image":{"@id":"https:\/\/tuzlainfo.ba\/index.php\/clanci\/sa-svih-strana\/item\/314871-eu-ucesce-clanova-vlade-srbije-na-mladicevoj-sahrani-bilo-bi-neprihvatljivo\/#primaryimage"},"thumbnailUrl":"https:\/\/tuzlainfo.ba\/wp-content\/uploads\/2025\/02\/1302_aleksandar_vucic.jpg","datePublished":"2026-09-04T10:36:22+00:00","breadcrumb":{"@id":"https:\/\/tuzlainfo.ba\/index.php\/clanci\/sa-svih-strana\/item\/314871-eu-ucesce-clanova-vlade-srbije-na-mladicevoj-sahrani-bilo-bi-neprihvatljivo\/#breadcrumb"},"inLanguage":"bs-BA","potentialAction":[{"@type":"ReadAction","target":["https:\/\/tuzlainfo.ba\/index.php\/clanci\/sa-svih-strana\/item\/314871-eu-ucesce-clanova-vlade-srbije-na-mladicevoj-sahrani-bilo-bi-neprihvatljivo\/"]}]},{"@type":"ImageObject","inLanguage":"bs-BA","@id":"https:\/\/tuzlainfo.ba\/index.php\/clanci\/sa-svih-strana\/item\/314871-eu-ucesce-clanova-vlade-srbije-na-mladicevoj-sahrani-bilo-bi-neprihvatljivo\/#primaryimage","url":"https:\/\/tuzlainfo.ba\/wp-content\/uploads\/2025\/02\/1302_aleksandar_vucic.jpg","contentUrl":"https:\/\/tuzlainfo.ba\/wp-content\/uploads\/2025\/02\/1302_aleksandar_vucic.jpg","width":1000,"height":576},{"@type":"BreadcrumbList","@id":"https:\/\/tuzlainfo.ba\/index.php\/clanci\/sa-svih-strana\/item\/314871-eu-ucesce-clanova-vlade-srbije-na-mladicevoj-sahrani-bilo-bi-neprihvatljivo\/#breadcrumb","itemListElement":[{"@type":"ListItem","position":1,"name":"Home","item":"https:\/\/tuzlainfo.ba\/"},{"@type":"ListItem","position":2,"name":"EU: U\u010de\u0161\u0107e \u010dlanova Vlade Srbije na Mladi\u0107evoj sahrani bilo bi neprihvatljivo"}]},{"@type":"WebSite","@id":"https:\/\/tuzlainfo.ba\/#website","url":"https:\/\/tuzlainfo.ba\/","name":"TuzlaInfo.ba","description":"Tuzla info, gradski informator - Tuzla na dlanu","publisher":{"@id":"https:\/\/tuzlainfo.ba\/#organization"},"potentialAction":[{"@type":"SearchAction","target":{"@type":"EntryPoint","urlTemplate":"https:\/\/tuzlainfo.ba\/?s={search_term_string}"},"query-input":{"@type":"PropertyValueSpecification","valueRequired":true,"valueName":"search_term_string"}}],"inLanguage":"bs-BA"},{"@type":"Organization","@id":"https:\/\/tuzlainfo.ba\/#organization","name":"TuzlaInfo.ba","url":"https:\/\/tuzlainfo.ba\/","logo":{"@type":"ImageObject","inLanguage":"bs-BA","@id":"https:\/\/tuzlainfo.ba\/#\/schema\/logo\/image\/","url":"https:\/\/tuzlainfo.ba\/wp-content\/uploads\/2021\/03\/logo-ver-3-1.png","contentUrl":"https:\/\/tuzlainfo.ba\/wp-content\/uploads\/2021\/03\/logo-ver-3-1.png","width":350,"height":95,"caption":"TuzlaInfo.ba"},"image":{"@id":"https:\/\/tuzlainfo.ba\/#\/schema\/logo\/image\/"},"sameAs":["https:\/\/www.facebook.com\/tuzlainfo.ba\/"]},{"@type":"Person","@id":"https:\/\/tuzlainfo.ba\/#\/schema\/person\/593e78a2f6378c5ba3e7600ecfa4e63a","name":"Admin Tri","image":{"@type":"ImageObject","inLanguage":"bs-BA","@id":"https:\/\/secure.gravatar.com\/avatar\/b53a7f47acc7a09467757d8b2234cc38fa334b13599376e53104c0036b528ca1?s=96&d=mm&r=g","url":"https:\/\/secure.gravatar.com\/avatar\/b53a7f47acc7a09467757d8b2234cc38fa334b13599376e53104c0036b528ca1?s=96&d=mm&r=g","contentUrl":"https:\/\/secure.gravatar.com\/avatar\/b53a7f47acc7a09467757d8b2234cc38fa334b13599376e53104c0036b528ca1?s=96&d=mm&r=g","caption":"Admin Tri"},"sameAs":["https:\/\/tuzlainfo.ba"]}]}},"_links":{"self":[{"href":"https:\/\/tuzlainfo.ba\/index.php\/wp-json\/wp\/v2\/posts\/314871","targetHints":{"allow":["GET"]}}],"collection":[{"href":"https:\/\/tuzlainfo.ba\/index.php\/wp-json\/wp\/v2\/posts"}],"about":[{"href":"https:\/\/tuzlainfo.ba\/index.php\/wp-json\/wp\/v2\/types\/post"}],"author":[{"embeddable":true,"href":"https:\/\/tuzlainfo.ba\/index.php\/wp-json\/wp\/v2\/users\/8"}],"replies":[{"embeddable":true,"href":"https:\/\/tuzlainfo.ba\/index.php\/wp-json\/wp\/v2\/comments?post=314871"}],"version-history":[{"count":1,"href":"https:\/\/tuzlainfo.ba\/index.php\/wp-json\/wp\/v2\/posts\/314871\/revisions"}],"predecessor-version":[{"id":314872,"href":"https:\/\/tuzlainfo.ba\/index.php\/wp-json\/wp\/v2\/posts\/314871\/revisions\/314872"}],"wp:featuredmedia":[{"embeddable":true,"href":"https:\/\/tuzlainfo.ba\/index.php\/wp-json\/wp\/v2\/media\/262732"}],"wp:attachment":[{"href":"https:\/\/tuzlainfo.ba\/index.php\/wp-json\/wp\/v2\/media?parent=314871"}],"wp:term":[{"taxonomy":"category","embeddable":true,"href":"https:\/\/tuzlainfo.ba\/index.php\/wp-json\/wp\/v2\/categories?post=314871"},{"taxonomy":"post_tag","embeddable":true,"href":"https:\/\/tuzlainfo.ba\/index.php\/wp-json\/wp\/v2\/tags?post=314871"}],"curies":[{"name":"wp","href":"https:\/\/api.w.org\/{rel}","templated":true}]}}