{"id":314864,"date":"2026-09-04T10:58:59","date_gmt":"2026-09-04T08:58:59","guid":{"rendered":"https:\/\/tuzlainfo.ba\/?p=314864"},"modified":"2026-09-04T10:58:59","modified_gmt":"2026-09-04T08:58:59","slug":"ostra-poruka-za-srbiju-iz-eu-pred-sahranu-zlocinca-ratka-mladica","status":"publish","type":"post","link":"https:\/\/tuzlainfo.ba\/index.php\/clanci\/sa-svih-strana\/item\/314864-ostra-poruka-za-srbiju-iz-eu-pred-sahranu-zlocinca-ratka-mladica\/","title":{"rendered":"O\u0161tra poruka za Srbiju iz EU pred sahranu zlo\u010dinca Ratka Mladi\u0107a"},"content":{"rendered":"<p data-start=\"108\" data-end=\"367\">Dr\u017eavni pogreb pravosna\u017eno osu\u0111enog ratnog zlo\u010dinca Ratka Mladi\u0107a, kao i u\u010de\u0161\u0107e visokih zvani\u010dnika Srbije u odavanju po\u010dasti, bili bi neprihvatljivi za Evropsku uniju, poru\u010dio je Thomas Byrne, irski ministar za evropske poslove. Irska trenutno predsjedava EU.<\/p>\n<p data-start=\"369\" data-end=\"491\">Byrne je o ovom pitanju govorio uo\u010di neformalnog ministarskog sastanka Evropske unije i zemalja Zapadnog Balkana u Irskoj.<\/p>\n<p data-start=\"493\" data-end=\"728\">\u201eMislim da bi dr\u017eavni pogreb bio neprihvatljiv. Koliko razumijem, zapravo se ne\u0107e odr\u017eati dr\u017eavna sahrana, ali je sasvim mogu\u0107e da \u0107e visoki zvani\u010dnici vlasti odati po\u010dast tom \u010dovjeku. Dakle, ni to nije prihvatljivo\u201c, izjavio je Byrne.<\/p>\n<p data-start=\"730\" data-end=\"915\">Dodao je da evropski zvani\u010dnici \u201emnogo rade u pozadini\u201c kada je rije\u010d o ovom pitanju, nagla\u0161avaju\u0107i da doga\u0111aji povezani s odavanjem po\u010dasti Mladi\u0107u i dalje nanose bol ljudima u regiji.<\/p>\n<p data-start=\"917\" data-end=\"1105\">\u201eNemojte imati nikakve sumnje, ono \u0161to se tamo de\u0161ava, po mom mi\u0161ljenju, i dalje nanosi bol ljudima, posebno u toj regiji, ali i u nekim dr\u017eavama \u010dlanicama Evropske unije\u201c, kazao je Byrne.<\/p>\n<p data-start=\"1107\" data-end=\"1347\">Mladi\u0107evo tijelo u \u010detvrtak je avionom prevezeno iz Haaga u Beograd. Prema navodima Radija Slobodna Evropa, kov\u010deg prekriven zastavom Srbije nosili su pripadnici Vojske Srbije, dok je me\u0111u putnicima bio i ministar pravde Srbije Nenad Vuji\u0107.<\/p>\n<p data-start=\"1349\" data-end=\"1547\">Ratko Mladi\u0107 preminuo je 27. augusta u Haagu, gdje je slu\u017eio kaznu do\u017eivotnog zatvora. Pravosna\u017eno je osu\u0111en za genocid u Srebrenici, zlo\u010dine protiv \u010dovje\u010dnosti i kr\u0161enja zakona i obi\u010daja ratovanja.<\/p>\n<p data-start=\"1549\" data-end=\"1844\">Prema najavi njegovog sina, Mladi\u0107 \u0107e biti sahranjen u ponedjeljak, 7. septembra, na Top\u010diderskom groblju u Beogradu. Predsjednik Srbije Aleksandar Vu\u010di\u0107 ranije je kazao da \u0107e dr\u017eava pru\u017eiti potrebnu logisti\u010dku i drugu podr\u0161ku, uklju\u010duju\u0107i aktivnosti vezane za o\u010duvanje javnog reda i sigurnosti.<\/p>\n","protected":false},"excerpt":{"rendered":"<p>Dr\u017eavni pogreb pravosna\u017eno osu\u0111enog ratnog zlo\u010dinca Ratka Mladi\u0107a, kao i u\u010de\u0161\u0107e visokih zvani\u010dnika Srbije u odavanju po\u010dasti, bili bi neprihvatljivi za Evropsku uniju, poru\u010dio je Thomas Byrne, irski ministar za evropske poslove. Irska trenutno predsjedava EU. Byrne je o ovom pitanju govorio uo\u010di neformalnog ministarskog sastanka Evropske unije i zemalja Zapadnog Balkana u Irskoj. \u201eMislim [&hellip;]<\/p>\n","protected":false},"author":2,"featured_media":289206,"comment_status":"closed","ping_status":"closed","sticky":false,"template":"","format":"standard","meta":{"footnotes":""},"categories":[16],"tags":[1099,309],"class_list":["post-314864","post","type-post","status-publish","format-standard","has-post-thumbnail","hentry","category-sa-svih-strana","tag-eu","tag-srbija"],"yoast_head":"<!-- This site is optimized with the Yoast SEO plugin v28.4 - https:\/\/yoast.com\/product\/yoast-seo-wordpress\/ -->\n<title>O\u0161tra poruka za Srbiju iz EU pred sahranu zlo\u010dinca Ratka Mladi\u0107a<\/title>\n<meta name=\"robots\" content=\"index, follow, max-snippet:-1, max-image-preview:large, max-video-preview:-1\" \/>\n<link rel=\"canonical\" href=\"https:\/\/tuzlainfo.ba\/index.php\/clanci\/sa-svih-strana\/item\/314864-ostra-poruka-za-srbiju-iz-eu-pred-sahranu-zlocinca-ratka-mladica\/\" \/>\n<meta property=\"og:locale\" content=\"bs_BA\" \/>\n<meta property=\"og:type\" content=\"article\" \/>\n<meta property=\"og:title\" content=\"O\u0161tra poruka za Srbiju iz EU pred sahranu zlo\u010dinca Ratka Mladi\u0107a\" \/>\n<meta property=\"og:description\" content=\"Dr\u017eavni pogreb pravosna\u017eno osu\u0111enog ratnog zlo\u010dinca Ratka Mladi\u0107a, kao i u\u010de\u0161\u0107e visokih zvani\u010dnika Srbije u odavanju po\u010dasti, bili bi neprihvatljivi za Evropsku uniju, poru\u010dio je Thomas Byrne, irski ministar za evropske poslove. Irska trenutno predsjedava EU. Byrne je o ovom pitanju govorio uo\u010di neformalnog ministarskog sastanka Evropske unije i zemalja Zapadnog Balkana u Irskoj. \u201eMislim [&hellip;]\" \/>\n<meta property=\"og:url\" content=\"https:\/\/tuzlainfo.ba\/index.php\/clanci\/sa-svih-strana\/item\/314864-ostra-poruka-za-srbiju-iz-eu-pred-sahranu-zlocinca-ratka-mladica\/\" \/>\n<meta property=\"og:site_name\" content=\"TuzlaInfo.ba\" \/>\n<meta property=\"article:publisher\" content=\"https:\/\/www.facebook.com\/tuzlainfo.ba\/\" \/>\n<meta property=\"article:published_time\" content=\"2026-09-04T08:58:59+00:00\" \/>\n<meta property=\"og:image\" content=\"https:\/\/tuzlainfo.ba\/wp-content\/uploads\/2025\/12\/Srbija_granica_srbijanska_zastava.jpg\" \/>\n\t<meta property=\"og:image:width\" content=\"1000\" \/>\n\t<meta property=\"og:image:height\" content=\"612\" \/>\n\t<meta property=\"og:image:type\" content=\"image\/jpeg\" \/>\n<meta name=\"author\" content=\"nedim\" \/>\n<meta name=\"twitter:card\" content=\"summary_large_image\" \/>\n<meta name=\"twitter:label1\" content=\"Written by\" \/>\n\t<meta name=\"twitter:data1\" content=\"nedim\" \/>\n\t<meta name=\"twitter:label2\" content=\"Est. reading time\" \/>\n\t<meta name=\"twitter:data2\" content=\"2 minute\" \/>\n<script type=\"application\/ld+json\" class=\"yoast-schema-graph\">{\"@context\":\"https:\\\/\\\/schema.org\",\"@graph\":[{\"@type\":\"Article\",\"@id\":\"https:\\\/\\\/tuzlainfo.ba\\\/index.php\\\/clanci\\\/sa-svih-strana\\\/item\\\/314864-ostra-poruka-za-srbiju-iz-eu-pred-sahranu-zlocinca-ratka-mladica\\\/#article\",\"isPartOf\":{\"@id\":\"https:\\\/\\\/tuzlainfo.ba\\\/index.php\\\/clanci\\\/sa-svih-strana\\\/item\\\/314864-ostra-poruka-za-srbiju-iz-eu-pred-sahranu-zlocinca-ratka-mladica\\\/\"},\"author\":{\"name\":\"nedim\",\"@id\":\"https:\\\/\\\/tuzlainfo.ba\\\/#\\\/schema\\\/person\\\/f434e20dc27ea133923aab08451b7f7f\"},\"headline\":\"O\u0161tra poruka za Srbiju iz EU pred sahranu zlo\u010dinca Ratka Mladi\u0107a\",\"datePublished\":\"2026-09-04T08:58:59+00:00\",\"mainEntityOfPage\":{\"@id\":\"https:\\\/\\\/tuzlainfo.ba\\\/index.php\\\/clanci\\\/sa-svih-strana\\\/item\\\/314864-ostra-poruka-za-srbiju-iz-eu-pred-sahranu-zlocinca-ratka-mladica\\\/\"},\"wordCount\":319,\"publisher\":{\"@id\":\"https:\\\/\\\/tuzlainfo.ba\\\/#organization\"},\"image\":{\"@id\":\"https:\\\/\\\/tuzlainfo.ba\\\/index.php\\\/clanci\\\/sa-svih-strana\\\/item\\\/314864-ostra-poruka-za-srbiju-iz-eu-pred-sahranu-zlocinca-ratka-mladica\\\/#primaryimage\"},\"thumbnailUrl\":\"https:\\\/\\\/tuzlainfo.ba\\\/wp-content\\\/uploads\\\/2025\\\/12\\\/Srbija_granica_srbijanska_zastava.jpg\",\"keywords\":[\"EU\",\"srbija\"],\"articleSection\":[\"Sa svih strana\"],\"inLanguage\":\"bs-BA\",\"copyrightYear\":\"2026\",\"copyrightHolder\":{\"@id\":\"https:\\\/\\\/tuzlainfo.ba\\\/#organization\"}},{\"@type\":\"WebPage\",\"@id\":\"https:\\\/\\\/tuzlainfo.ba\\\/index.php\\\/clanci\\\/sa-svih-strana\\\/item\\\/314864-ostra-poruka-za-srbiju-iz-eu-pred-sahranu-zlocinca-ratka-mladica\\\/\",\"url\":\"https:\\\/\\\/tuzlainfo.ba\\\/index.php\\\/clanci\\\/sa-svih-strana\\\/item\\\/314864-ostra-poruka-za-srbiju-iz-eu-pred-sahranu-zlocinca-ratka-mladica\\\/\",\"name\":\"O\u0161tra poruka za Srbiju iz EU pred sahranu zlo\u010dinca Ratka Mladi\u0107a\",\"isPartOf\":{\"@id\":\"https:\\\/\\\/tuzlainfo.ba\\\/#website\"},\"primaryImageOfPage\":{\"@id\":\"https:\\\/\\\/tuzlainfo.ba\\\/index.php\\\/clanci\\\/sa-svih-strana\\\/item\\\/314864-ostra-poruka-za-srbiju-iz-eu-pred-sahranu-zlocinca-ratka-mladica\\\/#primaryimage\"},\"image\":{\"@id\":\"https:\\\/\\\/tuzlainfo.ba\\\/index.php\\\/clanci\\\/sa-svih-strana\\\/item\\\/314864-ostra-poruka-za-srbiju-iz-eu-pred-sahranu-zlocinca-ratka-mladica\\\/#primaryimage\"},\"thumbnailUrl\":\"https:\\\/\\\/tuzlainfo.ba\\\/wp-content\\\/uploads\\\/2025\\\/12\\\/Srbija_granica_srbijanska_zastava.jpg\",\"datePublished\":\"2026-09-04T08:58:59+00:00\",\"breadcrumb\":{\"@id\":\"https:\\\/\\\/tuzlainfo.ba\\\/index.php\\\/clanci\\\/sa-svih-strana\\\/item\\\/314864-ostra-poruka-za-srbiju-iz-eu-pred-sahranu-zlocinca-ratka-mladica\\\/#breadcrumb\"},\"inLanguage\":\"bs-BA\",\"potentialAction\":[{\"@type\":\"ReadAction\",\"target\":[\"https:\\\/\\\/tuzlainfo.ba\\\/index.php\\\/clanci\\\/sa-svih-strana\\\/item\\\/314864-ostra-poruka-za-srbiju-iz-eu-pred-sahranu-zlocinca-ratka-mladica\\\/\"]}]},{\"@type\":\"ImageObject\",\"inLanguage\":\"bs-BA\",\"@id\":\"https:\\\/\\\/tuzlainfo.ba\\\/index.php\\\/clanci\\\/sa-svih-strana\\\/item\\\/314864-ostra-poruka-za-srbiju-iz-eu-pred-sahranu-zlocinca-ratka-mladica\\\/#primaryimage\",\"url\":\"https:\\\/\\\/tuzlainfo.ba\\\/wp-content\\\/uploads\\\/2025\\\/12\\\/Srbija_granica_srbijanska_zastava.jpg\",\"contentUrl\":\"https:\\\/\\\/tuzlainfo.ba\\\/wp-content\\\/uploads\\\/2025\\\/12\\\/Srbija_granica_srbijanska_zastava.jpg\",\"width\":1000,\"height\":612},{\"@type\":\"BreadcrumbList\",\"@id\":\"https:\\\/\\\/tuzlainfo.ba\\\/index.php\\\/clanci\\\/sa-svih-strana\\\/item\\\/314864-ostra-poruka-za-srbiju-iz-eu-pred-sahranu-zlocinca-ratka-mladica\\\/#breadcrumb\",\"itemListElement\":[{\"@type\":\"ListItem\",\"position\":1,\"name\":\"Home\",\"item\":\"https:\\\/\\\/tuzlainfo.ba\\\/\"},{\"@type\":\"ListItem\",\"position\":2,\"name\":\"O\u0161tra poruka za Srbiju iz EU pred sahranu zlo\u010dinca Ratka Mladi\u0107a\"}]},{\"@type\":\"WebSite\",\"@id\":\"https:\\\/\\\/tuzlainfo.ba\\\/#website\",\"url\":\"https:\\\/\\\/tuzlainfo.ba\\\/\",\"name\":\"TuzlaInfo.ba\",\"description\":\"Tuzla info, gradski informator - Tuzla na dlanu\",\"publisher\":{\"@id\":\"https:\\\/\\\/tuzlainfo.ba\\\/#organization\"},\"potentialAction\":[{\"@type\":\"SearchAction\",\"target\":{\"@type\":\"EntryPoint\",\"urlTemplate\":\"https:\\\/\\\/tuzlainfo.ba\\\/?s={search_term_string}\"},\"query-input\":{\"@type\":\"PropertyValueSpecification\",\"valueRequired\":true,\"valueName\":\"search_term_string\"}}],\"inLanguage\":\"bs-BA\"},{\"@type\":\"Organization\",\"@id\":\"https:\\\/\\\/tuzlainfo.ba\\\/#organization\",\"name\":\"TuzlaInfo.ba\",\"url\":\"https:\\\/\\\/tuzlainfo.ba\\\/\",\"logo\":{\"@type\":\"ImageObject\",\"inLanguage\":\"bs-BA\",\"@id\":\"https:\\\/\\\/tuzlainfo.ba\\\/#\\\/schema\\\/logo\\\/image\\\/\",\"url\":\"https:\\\/\\\/tuzlainfo.ba\\\/wp-content\\\/uploads\\\/2021\\\/03\\\/logo-ver-3-1.png\",\"contentUrl\":\"https:\\\/\\\/tuzlainfo.ba\\\/wp-content\\\/uploads\\\/2021\\\/03\\\/logo-ver-3-1.png\",\"width\":350,\"height\":95,\"caption\":\"TuzlaInfo.ba\"},\"image\":{\"@id\":\"https:\\\/\\\/tuzlainfo.ba\\\/#\\\/schema\\\/logo\\\/image\\\/\"},\"sameAs\":[\"https:\\\/\\\/www.facebook.com\\\/tuzlainfo.ba\\\/\"]},{\"@type\":\"Person\",\"@id\":\"https:\\\/\\\/tuzlainfo.ba\\\/#\\\/schema\\\/person\\\/f434e20dc27ea133923aab08451b7f7f\",\"name\":\"nedim\",\"image\":{\"@type\":\"ImageObject\",\"inLanguage\":\"bs-BA\",\"@id\":\"https:\\\/\\\/secure.gravatar.com\\\/avatar\\\/5b928a2e7e70a54208d2eb6c1edcb75a5350d6ae97d5f0a701203d456823f6f3?s=96&d=mm&r=g\",\"url\":\"https:\\\/\\\/secure.gravatar.com\\\/avatar\\\/5b928a2e7e70a54208d2eb6c1edcb75a5350d6ae97d5f0a701203d456823f6f3?s=96&d=mm&r=g\",\"contentUrl\":\"https:\\\/\\\/secure.gravatar.com\\\/avatar\\\/5b928a2e7e70a54208d2eb6c1edcb75a5350d6ae97d5f0a701203d456823f6f3?s=96&d=mm&r=g\",\"caption\":\"nedim\"},\"description\":\"Tuzlainfo.ba pratite na dru\u0161tvenim mre\u017eama: Facebook, Instagram i Youtube. Svoje pri\u010de, upite i fotografije \u0161aljite na na\u0161u e-mail adresu.\"}]}<\/script>\n<!-- \/ Yoast SEO plugin. -->","yoast_head_json":{"title":"O\u0161tra poruka za Srbiju iz EU pred sahranu zlo\u010dinca Ratka Mladi\u0107a","robots":{"index":"index","follow":"follow","max-snippet":"max-snippet:-1","max-image-preview":"max-image-preview:large","max-video-preview":"max-video-preview:-1"},"canonical":"https:\/\/tuzlainfo.ba\/index.php\/clanci\/sa-svih-strana\/item\/314864-ostra-poruka-za-srbiju-iz-eu-pred-sahranu-zlocinca-ratka-mladica\/","og_locale":"bs_BA","og_type":"article","og_title":"O\u0161tra poruka za Srbiju iz EU pred sahranu zlo\u010dinca Ratka Mladi\u0107a","og_description":"Dr\u017eavni pogreb pravosna\u017eno osu\u0111enog ratnog zlo\u010dinca Ratka Mladi\u0107a, kao i u\u010de\u0161\u0107e visokih zvani\u010dnika Srbije u odavanju po\u010dasti, bili bi neprihvatljivi za Evropsku uniju, poru\u010dio je Thomas Byrne, irski ministar za evropske poslove. Irska trenutno predsjedava EU. Byrne je o ovom pitanju govorio uo\u010di neformalnog ministarskog sastanka Evropske unije i zemalja Zapadnog Balkana u Irskoj. \u201eMislim [&hellip;]","og_url":"https:\/\/tuzlainfo.ba\/index.php\/clanci\/sa-svih-strana\/item\/314864-ostra-poruka-za-srbiju-iz-eu-pred-sahranu-zlocinca-ratka-mladica\/","og_site_name":"TuzlaInfo.ba","article_publisher":"https:\/\/www.facebook.com\/tuzlainfo.ba\/","article_published_time":"2026-09-04T08:58:59+00:00","og_image":[{"width":1000,"height":612,"url":"https:\/\/tuzlainfo.ba\/wp-content\/uploads\/2025\/12\/Srbija_granica_srbijanska_zastava.jpg","type":"image\/jpeg"}],"author":"nedim","twitter_card":"summary_large_image","twitter_misc":{"Written by":"nedim","Est. reading time":"2 minute"},"schema":{"@context":"https:\/\/schema.org","@graph":[{"@type":"Article","@id":"https:\/\/tuzlainfo.ba\/index.php\/clanci\/sa-svih-strana\/item\/314864-ostra-poruka-za-srbiju-iz-eu-pred-sahranu-zlocinca-ratka-mladica\/#article","isPartOf":{"@id":"https:\/\/tuzlainfo.ba\/index.php\/clanci\/sa-svih-strana\/item\/314864-ostra-poruka-za-srbiju-iz-eu-pred-sahranu-zlocinca-ratka-mladica\/"},"author":{"name":"nedim","@id":"https:\/\/tuzlainfo.ba\/#\/schema\/person\/f434e20dc27ea133923aab08451b7f7f"},"headline":"O\u0161tra poruka za Srbiju iz EU pred sahranu zlo\u010dinca Ratka Mladi\u0107a","datePublished":"2026-09-04T08:58:59+00:00","mainEntityOfPage":{"@id":"https:\/\/tuzlainfo.ba\/index.php\/clanci\/sa-svih-strana\/item\/314864-ostra-poruka-za-srbiju-iz-eu-pred-sahranu-zlocinca-ratka-mladica\/"},"wordCount":319,"publisher":{"@id":"https:\/\/tuzlainfo.ba\/#organization"},"image":{"@id":"https:\/\/tuzlainfo.ba\/index.php\/clanci\/sa-svih-strana\/item\/314864-ostra-poruka-za-srbiju-iz-eu-pred-sahranu-zlocinca-ratka-mladica\/#primaryimage"},"thumbnailUrl":"https:\/\/tuzlainfo.ba\/wp-content\/uploads\/2025\/12\/Srbija_granica_srbijanska_zastava.jpg","keywords":["EU","srbija"],"articleSection":["Sa svih strana"],"inLanguage":"bs-BA","copyrightYear":"2026","copyrightHolder":{"@id":"https:\/\/tuzlainfo.ba\/#organization"}},{"@type":"WebPage","@id":"https:\/\/tuzlainfo.ba\/index.php\/clanci\/sa-svih-strana\/item\/314864-ostra-poruka-za-srbiju-iz-eu-pred-sahranu-zlocinca-ratka-mladica\/","url":"https:\/\/tuzlainfo.ba\/index.php\/clanci\/sa-svih-strana\/item\/314864-ostra-poruka-za-srbiju-iz-eu-pred-sahranu-zlocinca-ratka-mladica\/","name":"O\u0161tra poruka za Srbiju iz EU pred sahranu zlo\u010dinca Ratka Mladi\u0107a","isPartOf":{"@id":"https:\/\/tuzlainfo.ba\/#website"},"primaryImageOfPage":{"@id":"https:\/\/tuzlainfo.ba\/index.php\/clanci\/sa-svih-strana\/item\/314864-ostra-poruka-za-srbiju-iz-eu-pred-sahranu-zlocinca-ratka-mladica\/#primaryimage"},"image":{"@id":"https:\/\/tuzlainfo.ba\/index.php\/clanci\/sa-svih-strana\/item\/314864-ostra-poruka-za-srbiju-iz-eu-pred-sahranu-zlocinca-ratka-mladica\/#primaryimage"},"thumbnailUrl":"https:\/\/tuzlainfo.ba\/wp-content\/uploads\/2025\/12\/Srbija_granica_srbijanska_zastava.jpg","datePublished":"2026-09-04T08:58:59+00:00","breadcrumb":{"@id":"https:\/\/tuzlainfo.ba\/index.php\/clanci\/sa-svih-strana\/item\/314864-ostra-poruka-za-srbiju-iz-eu-pred-sahranu-zlocinca-ratka-mladica\/#breadcrumb"},"inLanguage":"bs-BA","potentialAction":[{"@type":"ReadAction","target":["https:\/\/tuzlainfo.ba\/index.php\/clanci\/sa-svih-strana\/item\/314864-ostra-poruka-za-srbiju-iz-eu-pred-sahranu-zlocinca-ratka-mladica\/"]}]},{"@type":"ImageObject","inLanguage":"bs-BA","@id":"https:\/\/tuzlainfo.ba\/index.php\/clanci\/sa-svih-strana\/item\/314864-ostra-poruka-za-srbiju-iz-eu-pred-sahranu-zlocinca-ratka-mladica\/#primaryimage","url":"https:\/\/tuzlainfo.ba\/wp-content\/uploads\/2025\/12\/Srbija_granica_srbijanska_zastava.jpg","contentUrl":"https:\/\/tuzlainfo.ba\/wp-content\/uploads\/2025\/12\/Srbija_granica_srbijanska_zastava.jpg","width":1000,"height":612},{"@type":"BreadcrumbList","@id":"https:\/\/tuzlainfo.ba\/index.php\/clanci\/sa-svih-strana\/item\/314864-ostra-poruka-za-srbiju-iz-eu-pred-sahranu-zlocinca-ratka-mladica\/#breadcrumb","itemListElement":[{"@type":"ListItem","position":1,"name":"Home","item":"https:\/\/tuzlainfo.ba\/"},{"@type":"ListItem","position":2,"name":"O\u0161tra poruka za Srbiju iz EU pred sahranu zlo\u010dinca Ratka Mladi\u0107a"}]},{"@type":"WebSite","@id":"https:\/\/tuzlainfo.ba\/#website","url":"https:\/\/tuzlainfo.ba\/","name":"TuzlaInfo.ba","description":"Tuzla info, gradski informator - Tuzla na dlanu","publisher":{"@id":"https:\/\/tuzlainfo.ba\/#organization"},"potentialAction":[{"@type":"SearchAction","target":{"@type":"EntryPoint","urlTemplate":"https:\/\/tuzlainfo.ba\/?s={search_term_string}"},"query-input":{"@type":"PropertyValueSpecification","valueRequired":true,"valueName":"search_term_string"}}],"inLanguage":"bs-BA"},{"@type":"Organization","@id":"https:\/\/tuzlainfo.ba\/#organization","name":"TuzlaInfo.ba","url":"https:\/\/tuzlainfo.ba\/","logo":{"@type":"ImageObject","inLanguage":"bs-BA","@id":"https:\/\/tuzlainfo.ba\/#\/schema\/logo\/image\/","url":"https:\/\/tuzlainfo.ba\/wp-content\/uploads\/2021\/03\/logo-ver-3-1.png","contentUrl":"https:\/\/tuzlainfo.ba\/wp-content\/uploads\/2021\/03\/logo-ver-3-1.png","width":350,"height":95,"caption":"TuzlaInfo.ba"},"image":{"@id":"https:\/\/tuzlainfo.ba\/#\/schema\/logo\/image\/"},"sameAs":["https:\/\/www.facebook.com\/tuzlainfo.ba\/"]},{"@type":"Person","@id":"https:\/\/tuzlainfo.ba\/#\/schema\/person\/f434e20dc27ea133923aab08451b7f7f","name":"nedim","image":{"@type":"ImageObject","inLanguage":"bs-BA","@id":"https:\/\/secure.gravatar.com\/avatar\/5b928a2e7e70a54208d2eb6c1edcb75a5350d6ae97d5f0a701203d456823f6f3?s=96&d=mm&r=g","url":"https:\/\/secure.gravatar.com\/avatar\/5b928a2e7e70a54208d2eb6c1edcb75a5350d6ae97d5f0a701203d456823f6f3?s=96&d=mm&r=g","contentUrl":"https:\/\/secure.gravatar.com\/avatar\/5b928a2e7e70a54208d2eb6c1edcb75a5350d6ae97d5f0a701203d456823f6f3?s=96&d=mm&r=g","caption":"nedim"},"description":"Tuzlainfo.ba pratite na dru\u0161tvenim mre\u017eama: Facebook, Instagram i Youtube. Svoje pri\u010de, upite i fotografije \u0161aljite na na\u0161u e-mail adresu."}]}},"_links":{"self":[{"href":"https:\/\/tuzlainfo.ba\/index.php\/wp-json\/wp\/v2\/posts\/314864","targetHints":{"allow":["GET"]}}],"collection":[{"href":"https:\/\/tuzlainfo.ba\/index.php\/wp-json\/wp\/v2\/posts"}],"about":[{"href":"https:\/\/tuzlainfo.ba\/index.php\/wp-json\/wp\/v2\/types\/post"}],"author":[{"embeddable":true,"href":"https:\/\/tuzlainfo.ba\/index.php\/wp-json\/wp\/v2\/users\/2"}],"replies":[{"embeddable":true,"href":"https:\/\/tuzlainfo.ba\/index.php\/wp-json\/wp\/v2\/comments?post=314864"}],"version-history":[{"count":1,"href":"https:\/\/tuzlainfo.ba\/index.php\/wp-json\/wp\/v2\/posts\/314864\/revisions"}],"predecessor-version":[{"id":314865,"href":"https:\/\/tuzlainfo.ba\/index.php\/wp-json\/wp\/v2\/posts\/314864\/revisions\/314865"}],"wp:featuredmedia":[{"embeddable":true,"href":"https:\/\/tuzlainfo.ba\/index.php\/wp-json\/wp\/v2\/media\/289206"}],"wp:attachment":[{"href":"https:\/\/tuzlainfo.ba\/index.php\/wp-json\/wp\/v2\/media?parent=314864"}],"wp:term":[{"taxonomy":"category","embeddable":true,"href":"https:\/\/tuzlainfo.ba\/index.php\/wp-json\/wp\/v2\/categories?post=314864"},{"taxonomy":"post_tag","embeddable":true,"href":"https:\/\/tuzlainfo.ba\/index.php\/wp-json\/wp\/v2\/tags?post=314864"}],"curies":[{"name":"wp","href":"https:\/\/api.w.org\/{rel}","templated":true}]}}