{"id":314857,"date":"2026-09-04T10:01:26","date_gmt":"2026-09-04T08:01:26","guid":{"rendered":"https:\/\/tuzlainfo.ba\/?p=314857"},"modified":"2026-09-04T09:42:28","modified_gmt":"2026-09-04T07:42:28","slug":"danas-komemoracija-i-posljednji-ispracaj-pukovnika-envera-delibegovica","status":"publish","type":"post","link":"https:\/\/tuzlainfo.ba\/index.php\/novosti\/item\/314857-danas-komemoracija-i-posljednji-ispracaj-pukovnika-envera-delibegovica\/","title":{"rendered":"Danas komemoracija i posljednji ispra\u0107aj pukovnika Envera Delibegovi\u0107a"},"content":{"rendered":"<div class=\"flex max-w-full flex-col gap-4 grow\">\n<div class=\"min-h-8 text-message relative flex w-full flex-col items-end gap-2 text-start break-words whitespace-normal outline-none keyboard-focused:focus-ring [.text-message+&amp;]:mt-1\" dir=\"auto\" tabindex=\"0\" data-message-author-role=\"assistant\" data-message-id=\"723f37a2-6367-441a-aa8d-e72b07c7a7e7\" data-message-model-slug=\"gpt-5-6-mini\" data-turn-start-message=\"true\">\n<div class=\"flex w-full flex-col gap-1 empty:hidden\">\n<div class=\"fbskMG_root markdown prose dark:prose-invert wrap-break-word w-full light markdown-new-styling\">\n<p class=\"PDq2pG_selectionAnchorContainer\" data-start=\"84\" data-end=\"238\">Komemoracija povodom smrti pukovnika Envera Delibegovi\u0107a bit \u0107e odr\u017eana danas, 4. septembra 2026. godine, s po\u010detkom u 11 sati u Narodnom pozori\u0161tu Tuzla.<\/p>\n<p data-start=\"240\" data-end=\"378\">Ispra\u0107aj i klanjanje d\u017eenaze bit \u0107e obavljeni ispred D\u017eindijske d\u017eamije, nakon d\u017euma-namaza, dok \u0107e ukop biti obavljen na mezarju Trnovac.<\/p>\n<p data-start=\"380\" data-end=\"586\">Gradona\u010delnik Tuzle Zijad Lugavi\u0107 i predsjedavaju\u0107a Gradskog vije\u0107a Tuzle Ana Peji\u0107 uputili su izraze najdubljeg sau\u010de\u0161\u0107a porodici Delibegovi\u0107, njegovim saborcima, prijateljima i svima koji su ga poznavali.<\/p>\n<p data-start=\"588\" data-end=\"850\">U poruci sau\u010de\u0161\u0107a istaknuto je da je pukovnik Enver Delibegovi\u0107 bio jedan od ljudi koji su u najte\u017eim i najizazovnijim trenucima za Tuzlu i Bosnu i Hercegovinu preuzeli odgovornost i svoje znanje, iskustvo i sposobnosti stavili u slu\u017ebu odbrane grada i domovine.<\/p>\n<p data-start=\"852\" data-end=\"1089\">Posebno je nagla\u0161en njegov doprinos organizovanju i ja\u010danju odbrambenih struktura Tuzle, kao i ukupnoj odbrani Bosne i Hercegovine. Njegov doprinos, kako je navedeno, ostaje trajno sa\u010duvan u kolektivnom sje\u0107anju gra\u0111anki i gra\u0111ana Tuzle.<\/p>\n<p data-start=\"1091\" data-end=\"1269\">Odlaskom pukovnika Delibegovi\u0107a, Tuzla je izgubila istaknutog sugra\u0111anina, patriotu i \u010dasnog \u010dovjeka \u010diji su \u017eivot i djelovanje bili neraskidivo vezani za njegov grad i domovinu.<\/p>\n<p data-start=\"1271\" data-end=\"1528\" data-is-last-node=\"\" data-is-only-node=\"\">\u201eNeka mu je vje\u010dni rahmet, a uspomena na njegov \u017eivot, djelo i doprinos odbrani Tuzle i Bosne i Hercegovine neka ostane trajno urezana u sje\u0107anje na\u0161eg grada, uz zahvalnost za sve \u0161to je u\u010dinio za Tuzlu i Bosnu i Hercegovinu\u201c, poru\u010deno je u izrazu sau\u010de\u0161\u0107a.<\/p>\n<\/div>\n<\/div>\n<\/div>\n<\/div>\n<div class=\"z-0 flex min-h-[46px] justify-start\"><\/div>\n<div class=\"mt-6\">\n<div class=\"flex flex-col items-center gap-3 px-4 pb-1 text-center\">\n<div class=\"text-token-text-secondary text-sm leading-5 [text-wrap:pretty]\"><\/div>\n<\/div>\n<\/div>\n","protected":false},"excerpt":{"rendered":"<p>Komemoracija povodom smrti pukovnika Envera Delibegovi\u0107a bit \u0107e odr\u017eana danas, 4. septembra 2026. godine, s po\u010detkom u 11 sati u Narodnom pozori\u0161tu Tuzla. Ispra\u0107aj i klanjanje d\u017eenaze bit \u0107e obavljeni ispred D\u017eindijske d\u017eamije, nakon d\u017euma-namaza, dok \u0107e ukop biti obavljen na mezarju Trnovac. Gradona\u010delnik Tuzle Zijad Lugavi\u0107 i predsjedavaju\u0107a Gradskog vije\u0107a Tuzle Ana Peji\u0107 uputili [&hellip;]<\/p>\n","protected":false},"author":4,"featured_media":314655,"comment_status":"closed","ping_status":"closed","sticky":false,"template":"","format":"standard","meta":{"footnotes":""},"categories":[304,12],"tags":[14455,331],"class_list":["post-314857","post","type-post","status-publish","format-standard","has-post-thumbnail","hentry","category-istaknuto","category-novosti","tag-enver-delibegovic","tag-grad-tuzla"],"yoast_head":"<!-- This site is optimized with the Yoast SEO plugin v28.4 - https:\/\/yoast.com\/product\/yoast-seo-wordpress\/ -->\n<title>Danas komemoracija i posljednji ispra\u0107aj pukovnika Envera Delibegovi\u0107a<\/title>\n<meta name=\"robots\" content=\"index, follow, max-snippet:-1, max-image-preview:large, max-video-preview:-1\" \/>\n<link rel=\"canonical\" href=\"https:\/\/tuzlainfo.ba\/index.php\/novosti\/item\/314857-danas-komemoracija-i-posljednji-ispracaj-pukovnika-envera-delibegovica\/\" \/>\n<meta property=\"og:locale\" content=\"bs_BA\" \/>\n<meta property=\"og:type\" content=\"article\" \/>\n<meta property=\"og:title\" content=\"Danas komemoracija i posljednji ispra\u0107aj pukovnika Envera Delibegovi\u0107a\" \/>\n<meta property=\"og:description\" content=\"Komemoracija povodom smrti pukovnika Envera Delibegovi\u0107a bit \u0107e odr\u017eana danas, 4. septembra 2026. godine, s po\u010detkom u 11 sati u Narodnom pozori\u0161tu Tuzla. Ispra\u0107aj i klanjanje d\u017eenaze bit \u0107e obavljeni ispred D\u017eindijske d\u017eamije, nakon d\u017euma-namaza, dok \u0107e ukop biti obavljen na mezarju Trnovac. Gradona\u010delnik Tuzle Zijad Lugavi\u0107 i predsjedavaju\u0107a Gradskog vije\u0107a Tuzle Ana Peji\u0107 uputili [&hellip;]\" \/>\n<meta property=\"og:url\" content=\"https:\/\/tuzlainfo.ba\/index.php\/novosti\/item\/314857-danas-komemoracija-i-posljednji-ispracaj-pukovnika-envera-delibegovica\/\" \/>\n<meta property=\"og:site_name\" content=\"TuzlaInfo.ba\" \/>\n<meta property=\"article:publisher\" content=\"https:\/\/www.facebook.com\/tuzlainfo.ba\/\" \/>\n<meta property=\"article:published_time\" content=\"2026-09-04T08:01:26+00:00\" \/>\n<meta property=\"og:image\" content=\"https:\/\/tuzlainfo.ba\/wp-content\/uploads\/2026\/09\/pukovnik.jpg.webp\" \/>\n\t<meta property=\"og:image:width\" content=\"1600\" \/>\n\t<meta property=\"og:image:height\" content=\"900\" \/>\n\t<meta property=\"og:image:type\" content=\"image\/webp\" \/>\n<meta name=\"author\" content=\"Tuzla Info\" \/>\n<meta name=\"twitter:card\" content=\"summary_large_image\" \/>\n<meta name=\"twitter:label1\" content=\"Written by\" \/>\n\t<meta name=\"twitter:data1\" content=\"Tuzla Info\" \/>\n\t<meta name=\"twitter:label2\" content=\"Est. reading time\" \/>\n\t<meta name=\"twitter:data2\" content=\"2 minute\" \/>\n<script type=\"application\/ld+json\" class=\"yoast-schema-graph\">{\"@context\":\"https:\\\/\\\/schema.org\",\"@graph\":[{\"@type\":\"Article\",\"@id\":\"https:\\\/\\\/tuzlainfo.ba\\\/index.php\\\/novosti\\\/item\\\/314857-danas-komemoracija-i-posljednji-ispracaj-pukovnika-envera-delibegovica\\\/#article\",\"isPartOf\":{\"@id\":\"https:\\\/\\\/tuzlainfo.ba\\\/index.php\\\/novosti\\\/item\\\/314857-danas-komemoracija-i-posljednji-ispracaj-pukovnika-envera-delibegovica\\\/\"},\"author\":{\"name\":\"Tuzla Info\",\"@id\":\"https:\\\/\\\/tuzlainfo.ba\\\/#\\\/schema\\\/person\\\/46cad4c57790cbc50781edd14870825a\"},\"headline\":\"Danas komemoracija i posljednji ispra\u0107aj pukovnika Envera Delibegovi\u0107a\",\"datePublished\":\"2026-09-04T08:01:26+00:00\",\"mainEntityOfPage\":{\"@id\":\"https:\\\/\\\/tuzlainfo.ba\\\/index.php\\\/novosti\\\/item\\\/314857-danas-komemoracija-i-posljednji-ispracaj-pukovnika-envera-delibegovica\\\/\"},\"wordCount\":255,\"publisher\":{\"@id\":\"https:\\\/\\\/tuzlainfo.ba\\\/#organization\"},\"image\":{\"@id\":\"https:\\\/\\\/tuzlainfo.ba\\\/index.php\\\/novosti\\\/item\\\/314857-danas-komemoracija-i-posljednji-ispracaj-pukovnika-envera-delibegovica\\\/#primaryimage\"},\"thumbnailUrl\":\"https:\\\/\\\/tuzlainfo.ba\\\/wp-content\\\/uploads\\\/2026\\\/09\\\/pukovnik.jpg.webp\",\"keywords\":[\"Enver Delibegovi\u0107\",\"grad tuzla\"],\"articleSection\":[\"Istaknuto\",\"Novosti\"],\"inLanguage\":\"bs-BA\",\"copyrightYear\":\"2026\",\"copyrightHolder\":{\"@id\":\"https:\\\/\\\/tuzlainfo.ba\\\/#organization\"}},{\"@type\":\"WebPage\",\"@id\":\"https:\\\/\\\/tuzlainfo.ba\\\/index.php\\\/novosti\\\/item\\\/314857-danas-komemoracija-i-posljednji-ispracaj-pukovnika-envera-delibegovica\\\/\",\"url\":\"https:\\\/\\\/tuzlainfo.ba\\\/index.php\\\/novosti\\\/item\\\/314857-danas-komemoracija-i-posljednji-ispracaj-pukovnika-envera-delibegovica\\\/\",\"name\":\"Danas komemoracija i posljednji ispra\u0107aj pukovnika Envera Delibegovi\u0107a\",\"isPartOf\":{\"@id\":\"https:\\\/\\\/tuzlainfo.ba\\\/#website\"},\"primaryImageOfPage\":{\"@id\":\"https:\\\/\\\/tuzlainfo.ba\\\/index.php\\\/novosti\\\/item\\\/314857-danas-komemoracija-i-posljednji-ispracaj-pukovnika-envera-delibegovica\\\/#primaryimage\"},\"image\":{\"@id\":\"https:\\\/\\\/tuzlainfo.ba\\\/index.php\\\/novosti\\\/item\\\/314857-danas-komemoracija-i-posljednji-ispracaj-pukovnika-envera-delibegovica\\\/#primaryimage\"},\"thumbnailUrl\":\"https:\\\/\\\/tuzlainfo.ba\\\/wp-content\\\/uploads\\\/2026\\\/09\\\/pukovnik.jpg.webp\",\"datePublished\":\"2026-09-04T08:01:26+00:00\",\"breadcrumb\":{\"@id\":\"https:\\\/\\\/tuzlainfo.ba\\\/index.php\\\/novosti\\\/item\\\/314857-danas-komemoracija-i-posljednji-ispracaj-pukovnika-envera-delibegovica\\\/#breadcrumb\"},\"inLanguage\":\"bs-BA\",\"potentialAction\":[{\"@type\":\"ReadAction\",\"target\":[\"https:\\\/\\\/tuzlainfo.ba\\\/index.php\\\/novosti\\\/item\\\/314857-danas-komemoracija-i-posljednji-ispracaj-pukovnika-envera-delibegovica\\\/\"]}]},{\"@type\":\"ImageObject\",\"inLanguage\":\"bs-BA\",\"@id\":\"https:\\\/\\\/tuzlainfo.ba\\\/index.php\\\/novosti\\\/item\\\/314857-danas-komemoracija-i-posljednji-ispracaj-pukovnika-envera-delibegovica\\\/#primaryimage\",\"url\":\"https:\\\/\\\/tuzlainfo.ba\\\/wp-content\\\/uploads\\\/2026\\\/09\\\/pukovnik.jpg.webp\",\"contentUrl\":\"https:\\\/\\\/tuzlainfo.ba\\\/wp-content\\\/uploads\\\/2026\\\/09\\\/pukovnik.jpg.webp\",\"width\":1600,\"height\":900},{\"@type\":\"BreadcrumbList\",\"@id\":\"https:\\\/\\\/tuzlainfo.ba\\\/index.php\\\/novosti\\\/item\\\/314857-danas-komemoracija-i-posljednji-ispracaj-pukovnika-envera-delibegovica\\\/#breadcrumb\",\"itemListElement\":[{\"@type\":\"ListItem\",\"position\":1,\"name\":\"Home\",\"item\":\"https:\\\/\\\/tuzlainfo.ba\\\/\"},{\"@type\":\"ListItem\",\"position\":2,\"name\":\"Danas komemoracija i posljednji ispra\u0107aj pukovnika Envera Delibegovi\u0107a\"}]},{\"@type\":\"WebSite\",\"@id\":\"https:\\\/\\\/tuzlainfo.ba\\\/#website\",\"url\":\"https:\\\/\\\/tuzlainfo.ba\\\/\",\"name\":\"TuzlaInfo.ba\",\"description\":\"Tuzla info, gradski informator - Tuzla na dlanu\",\"publisher\":{\"@id\":\"https:\\\/\\\/tuzlainfo.ba\\\/#organization\"},\"potentialAction\":[{\"@type\":\"SearchAction\",\"target\":{\"@type\":\"EntryPoint\",\"urlTemplate\":\"https:\\\/\\\/tuzlainfo.ba\\\/?s={search_term_string}\"},\"query-input\":{\"@type\":\"PropertyValueSpecification\",\"valueRequired\":true,\"valueName\":\"search_term_string\"}}],\"inLanguage\":\"bs-BA\"},{\"@type\":\"Organization\",\"@id\":\"https:\\\/\\\/tuzlainfo.ba\\\/#organization\",\"name\":\"TuzlaInfo.ba\",\"url\":\"https:\\\/\\\/tuzlainfo.ba\\\/\",\"logo\":{\"@type\":\"ImageObject\",\"inLanguage\":\"bs-BA\",\"@id\":\"https:\\\/\\\/tuzlainfo.ba\\\/#\\\/schema\\\/logo\\\/image\\\/\",\"url\":\"https:\\\/\\\/tuzlainfo.ba\\\/wp-content\\\/uploads\\\/2021\\\/03\\\/logo-ver-3-1.png\",\"contentUrl\":\"https:\\\/\\\/tuzlainfo.ba\\\/wp-content\\\/uploads\\\/2021\\\/03\\\/logo-ver-3-1.png\",\"width\":350,\"height\":95,\"caption\":\"TuzlaInfo.ba\"},\"image\":{\"@id\":\"https:\\\/\\\/tuzlainfo.ba\\\/#\\\/schema\\\/logo\\\/image\\\/\"},\"sameAs\":[\"https:\\\/\\\/www.facebook.com\\\/tuzlainfo.ba\\\/\"]},{\"@type\":\"Person\",\"@id\":\"https:\\\/\\\/tuzlainfo.ba\\\/#\\\/schema\\\/person\\\/46cad4c57790cbc50781edd14870825a\",\"name\":\"Tuzla Info\",\"image\":{\"@type\":\"ImageObject\",\"inLanguage\":\"bs-BA\",\"@id\":\"https:\\\/\\\/secure.gravatar.com\\\/avatar\\\/e980921b00fa2e552723a2386544734ce6885d2b2304ccca3f45186f9ca4031d?s=96&d=mm&r=g\",\"url\":\"https:\\\/\\\/secure.gravatar.com\\\/avatar\\\/e980921b00fa2e552723a2386544734ce6885d2b2304ccca3f45186f9ca4031d?s=96&d=mm&r=g\",\"contentUrl\":\"https:\\\/\\\/secure.gravatar.com\\\/avatar\\\/e980921b00fa2e552723a2386544734ce6885d2b2304ccca3f45186f9ca4031d?s=96&d=mm&r=g\",\"caption\":\"Tuzla Info\"}}]}<\/script>\n<!-- \/ Yoast SEO plugin. -->","yoast_head_json":{"title":"Danas komemoracija i posljednji ispra\u0107aj pukovnika Envera Delibegovi\u0107a","robots":{"index":"index","follow":"follow","max-snippet":"max-snippet:-1","max-image-preview":"max-image-preview:large","max-video-preview":"max-video-preview:-1"},"canonical":"https:\/\/tuzlainfo.ba\/index.php\/novosti\/item\/314857-danas-komemoracija-i-posljednji-ispracaj-pukovnika-envera-delibegovica\/","og_locale":"bs_BA","og_type":"article","og_title":"Danas komemoracija i posljednji ispra\u0107aj pukovnika Envera Delibegovi\u0107a","og_description":"Komemoracija povodom smrti pukovnika Envera Delibegovi\u0107a bit \u0107e odr\u017eana danas, 4. septembra 2026. godine, s po\u010detkom u 11 sati u Narodnom pozori\u0161tu Tuzla. Ispra\u0107aj i klanjanje d\u017eenaze bit \u0107e obavljeni ispred D\u017eindijske d\u017eamije, nakon d\u017euma-namaza, dok \u0107e ukop biti obavljen na mezarju Trnovac. Gradona\u010delnik Tuzle Zijad Lugavi\u0107 i predsjedavaju\u0107a Gradskog vije\u0107a Tuzle Ana Peji\u0107 uputili [&hellip;]","og_url":"https:\/\/tuzlainfo.ba\/index.php\/novosti\/item\/314857-danas-komemoracija-i-posljednji-ispracaj-pukovnika-envera-delibegovica\/","og_site_name":"TuzlaInfo.ba","article_publisher":"https:\/\/www.facebook.com\/tuzlainfo.ba\/","article_published_time":"2026-09-04T08:01:26+00:00","og_image":[{"width":1600,"height":900,"url":"https:\/\/tuzlainfo.ba\/wp-content\/uploads\/2026\/09\/pukovnik.jpg.webp","type":"image\/webp"}],"author":"Tuzla Info","twitter_card":"summary_large_image","twitter_misc":{"Written by":"Tuzla Info","Est. reading time":"2 minute"},"schema":{"@context":"https:\/\/schema.org","@graph":[{"@type":"Article","@id":"https:\/\/tuzlainfo.ba\/index.php\/novosti\/item\/314857-danas-komemoracija-i-posljednji-ispracaj-pukovnika-envera-delibegovica\/#article","isPartOf":{"@id":"https:\/\/tuzlainfo.ba\/index.php\/novosti\/item\/314857-danas-komemoracija-i-posljednji-ispracaj-pukovnika-envera-delibegovica\/"},"author":{"name":"Tuzla Info","@id":"https:\/\/tuzlainfo.ba\/#\/schema\/person\/46cad4c57790cbc50781edd14870825a"},"headline":"Danas komemoracija i posljednji ispra\u0107aj pukovnika Envera Delibegovi\u0107a","datePublished":"2026-09-04T08:01:26+00:00","mainEntityOfPage":{"@id":"https:\/\/tuzlainfo.ba\/index.php\/novosti\/item\/314857-danas-komemoracija-i-posljednji-ispracaj-pukovnika-envera-delibegovica\/"},"wordCount":255,"publisher":{"@id":"https:\/\/tuzlainfo.ba\/#organization"},"image":{"@id":"https:\/\/tuzlainfo.ba\/index.php\/novosti\/item\/314857-danas-komemoracija-i-posljednji-ispracaj-pukovnika-envera-delibegovica\/#primaryimage"},"thumbnailUrl":"https:\/\/tuzlainfo.ba\/wp-content\/uploads\/2026\/09\/pukovnik.jpg.webp","keywords":["Enver Delibegovi\u0107","grad tuzla"],"articleSection":["Istaknuto","Novosti"],"inLanguage":"bs-BA","copyrightYear":"2026","copyrightHolder":{"@id":"https:\/\/tuzlainfo.ba\/#organization"}},{"@type":"WebPage","@id":"https:\/\/tuzlainfo.ba\/index.php\/novosti\/item\/314857-danas-komemoracija-i-posljednji-ispracaj-pukovnika-envera-delibegovica\/","url":"https:\/\/tuzlainfo.ba\/index.php\/novosti\/item\/314857-danas-komemoracija-i-posljednji-ispracaj-pukovnika-envera-delibegovica\/","name":"Danas komemoracija i posljednji ispra\u0107aj pukovnika Envera Delibegovi\u0107a","isPartOf":{"@id":"https:\/\/tuzlainfo.ba\/#website"},"primaryImageOfPage":{"@id":"https:\/\/tuzlainfo.ba\/index.php\/novosti\/item\/314857-danas-komemoracija-i-posljednji-ispracaj-pukovnika-envera-delibegovica\/#primaryimage"},"image":{"@id":"https:\/\/tuzlainfo.ba\/index.php\/novosti\/item\/314857-danas-komemoracija-i-posljednji-ispracaj-pukovnika-envera-delibegovica\/#primaryimage"},"thumbnailUrl":"https:\/\/tuzlainfo.ba\/wp-content\/uploads\/2026\/09\/pukovnik.jpg.webp","datePublished":"2026-09-04T08:01:26+00:00","breadcrumb":{"@id":"https:\/\/tuzlainfo.ba\/index.php\/novosti\/item\/314857-danas-komemoracija-i-posljednji-ispracaj-pukovnika-envera-delibegovica\/#breadcrumb"},"inLanguage":"bs-BA","potentialAction":[{"@type":"ReadAction","target":["https:\/\/tuzlainfo.ba\/index.php\/novosti\/item\/314857-danas-komemoracija-i-posljednji-ispracaj-pukovnika-envera-delibegovica\/"]}]},{"@type":"ImageObject","inLanguage":"bs-BA","@id":"https:\/\/tuzlainfo.ba\/index.php\/novosti\/item\/314857-danas-komemoracija-i-posljednji-ispracaj-pukovnika-envera-delibegovica\/#primaryimage","url":"https:\/\/tuzlainfo.ba\/wp-content\/uploads\/2026\/09\/pukovnik.jpg.webp","contentUrl":"https:\/\/tuzlainfo.ba\/wp-content\/uploads\/2026\/09\/pukovnik.jpg.webp","width":1600,"height":900},{"@type":"BreadcrumbList","@id":"https:\/\/tuzlainfo.ba\/index.php\/novosti\/item\/314857-danas-komemoracija-i-posljednji-ispracaj-pukovnika-envera-delibegovica\/#breadcrumb","itemListElement":[{"@type":"ListItem","position":1,"name":"Home","item":"https:\/\/tuzlainfo.ba\/"},{"@type":"ListItem","position":2,"name":"Danas komemoracija i posljednji ispra\u0107aj pukovnika Envera Delibegovi\u0107a"}]},{"@type":"WebSite","@id":"https:\/\/tuzlainfo.ba\/#website","url":"https:\/\/tuzlainfo.ba\/","name":"TuzlaInfo.ba","description":"Tuzla info, gradski informator - Tuzla na dlanu","publisher":{"@id":"https:\/\/tuzlainfo.ba\/#organization"},"potentialAction":[{"@type":"SearchAction","target":{"@type":"EntryPoint","urlTemplate":"https:\/\/tuzlainfo.ba\/?s={search_term_string}"},"query-input":{"@type":"PropertyValueSpecification","valueRequired":true,"valueName":"search_term_string"}}],"inLanguage":"bs-BA"},{"@type":"Organization","@id":"https:\/\/tuzlainfo.ba\/#organization","name":"TuzlaInfo.ba","url":"https:\/\/tuzlainfo.ba\/","logo":{"@type":"ImageObject","inLanguage":"bs-BA","@id":"https:\/\/tuzlainfo.ba\/#\/schema\/logo\/image\/","url":"https:\/\/tuzlainfo.ba\/wp-content\/uploads\/2021\/03\/logo-ver-3-1.png","contentUrl":"https:\/\/tuzlainfo.ba\/wp-content\/uploads\/2021\/03\/logo-ver-3-1.png","width":350,"height":95,"caption":"TuzlaInfo.ba"},"image":{"@id":"https:\/\/tuzlainfo.ba\/#\/schema\/logo\/image\/"},"sameAs":["https:\/\/www.facebook.com\/tuzlainfo.ba\/"]},{"@type":"Person","@id":"https:\/\/tuzlainfo.ba\/#\/schema\/person\/46cad4c57790cbc50781edd14870825a","name":"Tuzla Info","image":{"@type":"ImageObject","inLanguage":"bs-BA","@id":"https:\/\/secure.gravatar.com\/avatar\/e980921b00fa2e552723a2386544734ce6885d2b2304ccca3f45186f9ca4031d?s=96&d=mm&r=g","url":"https:\/\/secure.gravatar.com\/avatar\/e980921b00fa2e552723a2386544734ce6885d2b2304ccca3f45186f9ca4031d?s=96&d=mm&r=g","contentUrl":"https:\/\/secure.gravatar.com\/avatar\/e980921b00fa2e552723a2386544734ce6885d2b2304ccca3f45186f9ca4031d?s=96&d=mm&r=g","caption":"Tuzla Info"}}]}},"_links":{"self":[{"href":"https:\/\/tuzlainfo.ba\/index.php\/wp-json\/wp\/v2\/posts\/314857","targetHints":{"allow":["GET"]}}],"collection":[{"href":"https:\/\/tuzlainfo.ba\/index.php\/wp-json\/wp\/v2\/posts"}],"about":[{"href":"https:\/\/tuzlainfo.ba\/index.php\/wp-json\/wp\/v2\/types\/post"}],"author":[{"embeddable":true,"href":"https:\/\/tuzlainfo.ba\/index.php\/wp-json\/wp\/v2\/users\/4"}],"replies":[{"embeddable":true,"href":"https:\/\/tuzlainfo.ba\/index.php\/wp-json\/wp\/v2\/comments?post=314857"}],"version-history":[{"count":1,"href":"https:\/\/tuzlainfo.ba\/index.php\/wp-json\/wp\/v2\/posts\/314857\/revisions"}],"predecessor-version":[{"id":314858,"href":"https:\/\/tuzlainfo.ba\/index.php\/wp-json\/wp\/v2\/posts\/314857\/revisions\/314858"}],"wp:featuredmedia":[{"embeddable":true,"href":"https:\/\/tuzlainfo.ba\/index.php\/wp-json\/wp\/v2\/media\/314655"}],"wp:attachment":[{"href":"https:\/\/tuzlainfo.ba\/index.php\/wp-json\/wp\/v2\/media?parent=314857"}],"wp:term":[{"taxonomy":"category","embeddable":true,"href":"https:\/\/tuzlainfo.ba\/index.php\/wp-json\/wp\/v2\/categories?post=314857"},{"taxonomy":"post_tag","embeddable":true,"href":"https:\/\/tuzlainfo.ba\/index.php\/wp-json\/wp\/v2\/tags?post=314857"}],"curies":[{"name":"wp","href":"https:\/\/api.w.org\/{rel}","templated":true}]}}