{"id":314855,"date":"2026-09-04T09:42:53","date_gmt":"2026-09-04T07:42:53","guid":{"rendered":"https:\/\/tuzlainfo.ba\/?p=314855"},"modified":"2026-09-04T10:00:30","modified_gmt":"2026-09-04T08:00:30","slug":"nasa-stranka-u-kampanju-ulazi-sa-sloganom-zivimo-slobodno","status":"publish","type":"post","link":"https:\/\/tuzlainfo.ba\/index.php\/clanci\/izbori-clanci\/item\/314855-nasa-stranka-u-kampanju-ulazi-sa-sloganom-zivimo-slobodno\/","title":{"rendered":"Na\u0161a stranka u kampanju ulazi sa sloganom \u201e\u017divimo slobodno\u201c"},"content":{"rendered":"<p class=\"PDq2pG_selectionAnchorContainer\" data-start=\"122\" data-end=\"296\">Na\u0161a stranka \u0107e na Op\u0107im izborima 2026. godine nastupiti pod sloganom \u201e\u017divimo slobodno\u201c, a po\u010detak kampanje obilje\u017eila je i <a href=\"https:\/\/www.facebook.com\/watch\/?v=1719132135841568\"><span style=\"text-decoration: underline;\"><strong>istoimena pjesma posebno snimljena za ovu priliku<\/strong><\/span><\/a>.<\/p>\n<p data-start=\"298\" data-end=\"455\">Predsjednica Na\u0161e stranke Sabina \u0106udi\u0107 poru\u010dila je da sloboda nije ne\u0161to \u0161to je gra\u0111anima poklonjeno, ve\u0107 vrijednost za koju se potrebno kontinuirano boriti.<\/p>\n<p data-start=\"457\" data-end=\"685\">\u201eDecenijama nas dijele na granicama, \u0161kolskim igrali\u0161tima, radnim mjestima, na stadionima. Pitaju jesi li na\u0161 ili njihov. Predugo nam govore koga i \u010dega da se pla\u0161imo. Pitaju nas ko smo, a ne pitaju kako smo\u201c, poru\u010dila je \u0106udi\u0107.<\/p>\n<p data-start=\"687\" data-end=\"843\">Istakla je da, u vremenu kada se, kako je navela, \u201efa\u0161izam, \u0161ovinizam i primitivizam agresivno name\u0107u i normalizuju\u201c, odbrana slobode postaje posebno va\u017ena.<\/p>\n<p data-start=\"845\" data-end=\"979\">\u201ePridru\u017eite nam se, da zajedno \u017eivimo hrabro, po\u0161teno i ljudski. Da \u017eivimo slobodno\u201c, navela je \u0106udi\u0107 predstavljaju\u0107i slogan kampanje.<\/p>\n<p data-start=\"981\" data-end=\"1193\">Posebnu poruku uputila je kandidatima, \u010dlanovima i simpatizerima Na\u0161e stranke, pozivaju\u0107i ih da kampanju vode kroz neposredan razgovor s gra\u0111anima, slu\u0161anje njihovih problema i predstavljanje konkretnih rje\u0161enja.<\/p>\n<p data-start=\"1195\" data-end=\"1356\">\u201ePrvo pokucajte na vrata kom\u0161ijama. Poslu\u0161ajte ih. Krenite od svoje ulice. Billboardi, letci, slike, ne mogu voditi razgovore. Ali mi mo\u017eemo\u201c, poru\u010dila je \u0106udi\u0107.<\/p>\n<p data-start=\"1358\" data-end=\"1568\">Dodala je da na uvrede ne treba odgovarati uvredama, nagla\u0161avaju\u0107i da cilj kampanje ne treba biti poni\u017eavanje politi\u010dkih protivnika i neistomi\u0161ljenika, ve\u0107 izgradnja sistema u kojem su svi jednaki pred zakonom.<\/p>\n<p data-start=\"1358\" data-end=\"1568\"><span style=\"font-size: 8pt;\"><strong>Sadr\u017eaj je objavljen u okviru pla\u0107enog politi\u010dkog ogla\u0161avanja, u skladu s ugovorenim uslugama tokom izborne kampanje za Op\u0107e izbore 2026. godine.<\/strong><\/span><\/p>\n","protected":false},"excerpt":{"rendered":"<p>Na\u0161a stranka \u0107e na Op\u0107im izborima 2026. godine nastupiti pod sloganom \u201e\u017divimo slobodno\u201c, a po\u010detak kampanje obilje\u017eila je i istoimena pjesma posebno snimljena za ovu priliku. Predsjednica Na\u0161e stranke Sabina \u0106udi\u0107 poru\u010dila je da sloboda nije ne\u0161to \u0161to je gra\u0111anima poklonjeno, ve\u0107 vrijednost za koju se potrebno kontinuirano boriti. \u201eDecenijama nas dijele na granicama, \u0161kolskim [&hellip;]<\/p>\n","protected":false},"author":2,"featured_media":314856,"comment_status":"closed","ping_status":"closed","sticky":false,"template":"","format":"standard","meta":{"footnotes":""},"categories":[15],"tags":[475,989],"class_list":["post-314855","post","type-post","status-publish","format-standard","has-post-thumbnail","hentry","category-izbori-clanci","tag-izbori","tag-nasa-stranka"],"yoast_head":"<!-- This site is optimized with the Yoast SEO plugin v28.4 - https:\/\/yoast.com\/product\/yoast-seo-wordpress\/ -->\n<title>Na\u0161a stranka u kampanju ulazi sa sloganom \u201e\u017divimo slobodno\u201c<\/title>\n<meta name=\"robots\" content=\"index, follow, max-snippet:-1, max-image-preview:large, max-video-preview:-1\" \/>\n<link rel=\"canonical\" href=\"https:\/\/tuzlainfo.ba\/index.php\/clanci\/izbori-clanci\/item\/314855-nasa-stranka-u-kampanju-ulazi-sa-sloganom-zivimo-slobodno\/\" \/>\n<meta property=\"og:locale\" content=\"bs_BA\" \/>\n<meta property=\"og:type\" content=\"article\" \/>\n<meta property=\"og:title\" content=\"Na\u0161a stranka u kampanju ulazi sa sloganom \u201e\u017divimo slobodno\u201c\" \/>\n<meta property=\"og:description\" content=\"Na\u0161a stranka \u0107e na Op\u0107im izborima 2026. godine nastupiti pod sloganom \u201e\u017divimo slobodno\u201c, a po\u010detak kampanje obilje\u017eila je i istoimena pjesma posebno snimljena za ovu priliku. Predsjednica Na\u0161e stranke Sabina \u0106udi\u0107 poru\u010dila je da sloboda nije ne\u0161to \u0161to je gra\u0111anima poklonjeno, ve\u0107 vrijednost za koju se potrebno kontinuirano boriti. \u201eDecenijama nas dijele na granicama, \u0161kolskim [&hellip;]\" \/>\n<meta property=\"og:url\" content=\"https:\/\/tuzlainfo.ba\/index.php\/clanci\/izbori-clanci\/item\/314855-nasa-stranka-u-kampanju-ulazi-sa-sloganom-zivimo-slobodno\/\" \/>\n<meta property=\"og:site_name\" content=\"TuzlaInfo.ba\" \/>\n<meta property=\"article:publisher\" content=\"https:\/\/www.facebook.com\/tuzlainfo.ba\/\" \/>\n<meta property=\"article:published_time\" content=\"2026-09-04T07:42:53+00:00\" \/>\n<meta property=\"article:modified_time\" content=\"2026-09-04T08:00:30+00:00\" \/>\n<meta property=\"og:image\" content=\"https:\/\/tuzlainfo.ba\/wp-content\/uploads\/2026\/09\/nasa_stranka_zivimo_slobodono.jpg\" \/>\n\t<meta property=\"og:image:width\" content=\"1000\" \/>\n\t<meta property=\"og:image:height\" content=\"438\" \/>\n\t<meta property=\"og:image:type\" content=\"image\/jpeg\" \/>\n<meta name=\"author\" content=\"nedim\" \/>\n<meta name=\"twitter:card\" content=\"summary_large_image\" \/>\n<meta name=\"twitter:label1\" content=\"Written by\" \/>\n\t<meta name=\"twitter:data1\" content=\"nedim\" \/>\n\t<meta name=\"twitter:label2\" content=\"Est. reading time\" \/>\n\t<meta name=\"twitter:data2\" content=\"2 minute\" \/>\n<script type=\"application\/ld+json\" class=\"yoast-schema-graph\">{\"@context\":\"https:\\\/\\\/schema.org\",\"@graph\":[{\"@type\":\"Article\",\"@id\":\"https:\\\/\\\/tuzlainfo.ba\\\/index.php\\\/clanci\\\/izbori-clanci\\\/item\\\/314855-nasa-stranka-u-kampanju-ulazi-sa-sloganom-zivimo-slobodno\\\/#article\",\"isPartOf\":{\"@id\":\"https:\\\/\\\/tuzlainfo.ba\\\/index.php\\\/clanci\\\/izbori-clanci\\\/item\\\/314855-nasa-stranka-u-kampanju-ulazi-sa-sloganom-zivimo-slobodno\\\/\"},\"author\":{\"name\":\"nedim\",\"@id\":\"https:\\\/\\\/tuzlainfo.ba\\\/#\\\/schema\\\/person\\\/f434e20dc27ea133923aab08451b7f7f\"},\"headline\":\"Na\u0161a stranka u kampanju ulazi sa sloganom \u201e\u017divimo slobodno\u201c\",\"datePublished\":\"2026-09-04T07:42:53+00:00\",\"dateModified\":\"2026-09-04T08:00:30+00:00\",\"mainEntityOfPage\":{\"@id\":\"https:\\\/\\\/tuzlainfo.ba\\\/index.php\\\/clanci\\\/izbori-clanci\\\/item\\\/314855-nasa-stranka-u-kampanju-ulazi-sa-sloganom-zivimo-slobodno\\\/\"},\"wordCount\":276,\"publisher\":{\"@id\":\"https:\\\/\\\/tuzlainfo.ba\\\/#organization\"},\"image\":{\"@id\":\"https:\\\/\\\/tuzlainfo.ba\\\/index.php\\\/clanci\\\/izbori-clanci\\\/item\\\/314855-nasa-stranka-u-kampanju-ulazi-sa-sloganom-zivimo-slobodno\\\/#primaryimage\"},\"thumbnailUrl\":\"https:\\\/\\\/tuzlainfo.ba\\\/wp-content\\\/uploads\\\/2026\\\/09\\\/nasa_stranka_zivimo_slobodono.jpg\",\"keywords\":[\"izbori\",\"na\u0161a stranka\"],\"articleSection\":[\"Izbori\"],\"inLanguage\":\"bs-BA\",\"copyrightYear\":\"2026\",\"copyrightHolder\":{\"@id\":\"https:\\\/\\\/tuzlainfo.ba\\\/#organization\"}},{\"@type\":\"WebPage\",\"@id\":\"https:\\\/\\\/tuzlainfo.ba\\\/index.php\\\/clanci\\\/izbori-clanci\\\/item\\\/314855-nasa-stranka-u-kampanju-ulazi-sa-sloganom-zivimo-slobodno\\\/\",\"url\":\"https:\\\/\\\/tuzlainfo.ba\\\/index.php\\\/clanci\\\/izbori-clanci\\\/item\\\/314855-nasa-stranka-u-kampanju-ulazi-sa-sloganom-zivimo-slobodno\\\/\",\"name\":\"Na\u0161a stranka u kampanju ulazi sa sloganom \u201e\u017divimo slobodno\u201c\",\"isPartOf\":{\"@id\":\"https:\\\/\\\/tuzlainfo.ba\\\/#website\"},\"primaryImageOfPage\":{\"@id\":\"https:\\\/\\\/tuzlainfo.ba\\\/index.php\\\/clanci\\\/izbori-clanci\\\/item\\\/314855-nasa-stranka-u-kampanju-ulazi-sa-sloganom-zivimo-slobodno\\\/#primaryimage\"},\"image\":{\"@id\":\"https:\\\/\\\/tuzlainfo.ba\\\/index.php\\\/clanci\\\/izbori-clanci\\\/item\\\/314855-nasa-stranka-u-kampanju-ulazi-sa-sloganom-zivimo-slobodno\\\/#primaryimage\"},\"thumbnailUrl\":\"https:\\\/\\\/tuzlainfo.ba\\\/wp-content\\\/uploads\\\/2026\\\/09\\\/nasa_stranka_zivimo_slobodono.jpg\",\"datePublished\":\"2026-09-04T07:42:53+00:00\",\"dateModified\":\"2026-09-04T08:00:30+00:00\",\"breadcrumb\":{\"@id\":\"https:\\\/\\\/tuzlainfo.ba\\\/index.php\\\/clanci\\\/izbori-clanci\\\/item\\\/314855-nasa-stranka-u-kampanju-ulazi-sa-sloganom-zivimo-slobodno\\\/#breadcrumb\"},\"inLanguage\":\"bs-BA\",\"potentialAction\":[{\"@type\":\"ReadAction\",\"target\":[\"https:\\\/\\\/tuzlainfo.ba\\\/index.php\\\/clanci\\\/izbori-clanci\\\/item\\\/314855-nasa-stranka-u-kampanju-ulazi-sa-sloganom-zivimo-slobodno\\\/\"]}]},{\"@type\":\"ImageObject\",\"inLanguage\":\"bs-BA\",\"@id\":\"https:\\\/\\\/tuzlainfo.ba\\\/index.php\\\/clanci\\\/izbori-clanci\\\/item\\\/314855-nasa-stranka-u-kampanju-ulazi-sa-sloganom-zivimo-slobodno\\\/#primaryimage\",\"url\":\"https:\\\/\\\/tuzlainfo.ba\\\/wp-content\\\/uploads\\\/2026\\\/09\\\/nasa_stranka_zivimo_slobodono.jpg\",\"contentUrl\":\"https:\\\/\\\/tuzlainfo.ba\\\/wp-content\\\/uploads\\\/2026\\\/09\\\/nasa_stranka_zivimo_slobodono.jpg\",\"width\":1000,\"height\":438},{\"@type\":\"BreadcrumbList\",\"@id\":\"https:\\\/\\\/tuzlainfo.ba\\\/index.php\\\/clanci\\\/izbori-clanci\\\/item\\\/314855-nasa-stranka-u-kampanju-ulazi-sa-sloganom-zivimo-slobodno\\\/#breadcrumb\",\"itemListElement\":[{\"@type\":\"ListItem\",\"position\":1,\"name\":\"Home\",\"item\":\"https:\\\/\\\/tuzlainfo.ba\\\/\"},{\"@type\":\"ListItem\",\"position\":2,\"name\":\"Na\u0161a stranka u kampanju ulazi sa sloganom \u201e\u017divimo slobodno\u201c\"}]},{\"@type\":\"WebSite\",\"@id\":\"https:\\\/\\\/tuzlainfo.ba\\\/#website\",\"url\":\"https:\\\/\\\/tuzlainfo.ba\\\/\",\"name\":\"TuzlaInfo.ba\",\"description\":\"Tuzla info, gradski informator - Tuzla na dlanu\",\"publisher\":{\"@id\":\"https:\\\/\\\/tuzlainfo.ba\\\/#organization\"},\"potentialAction\":[{\"@type\":\"SearchAction\",\"target\":{\"@type\":\"EntryPoint\",\"urlTemplate\":\"https:\\\/\\\/tuzlainfo.ba\\\/?s={search_term_string}\"},\"query-input\":{\"@type\":\"PropertyValueSpecification\",\"valueRequired\":true,\"valueName\":\"search_term_string\"}}],\"inLanguage\":\"bs-BA\"},{\"@type\":\"Organization\",\"@id\":\"https:\\\/\\\/tuzlainfo.ba\\\/#organization\",\"name\":\"TuzlaInfo.ba\",\"url\":\"https:\\\/\\\/tuzlainfo.ba\\\/\",\"logo\":{\"@type\":\"ImageObject\",\"inLanguage\":\"bs-BA\",\"@id\":\"https:\\\/\\\/tuzlainfo.ba\\\/#\\\/schema\\\/logo\\\/image\\\/\",\"url\":\"https:\\\/\\\/tuzlainfo.ba\\\/wp-content\\\/uploads\\\/2021\\\/03\\\/logo-ver-3-1.png\",\"contentUrl\":\"https:\\\/\\\/tuzlainfo.ba\\\/wp-content\\\/uploads\\\/2021\\\/03\\\/logo-ver-3-1.png\",\"width\":350,\"height\":95,\"caption\":\"TuzlaInfo.ba\"},\"image\":{\"@id\":\"https:\\\/\\\/tuzlainfo.ba\\\/#\\\/schema\\\/logo\\\/image\\\/\"},\"sameAs\":[\"https:\\\/\\\/www.facebook.com\\\/tuzlainfo.ba\\\/\"]},{\"@type\":\"Person\",\"@id\":\"https:\\\/\\\/tuzlainfo.ba\\\/#\\\/schema\\\/person\\\/f434e20dc27ea133923aab08451b7f7f\",\"name\":\"nedim\",\"image\":{\"@type\":\"ImageObject\",\"inLanguage\":\"bs-BA\",\"@id\":\"https:\\\/\\\/secure.gravatar.com\\\/avatar\\\/5b928a2e7e70a54208d2eb6c1edcb75a5350d6ae97d5f0a701203d456823f6f3?s=96&d=mm&r=g\",\"url\":\"https:\\\/\\\/secure.gravatar.com\\\/avatar\\\/5b928a2e7e70a54208d2eb6c1edcb75a5350d6ae97d5f0a701203d456823f6f3?s=96&d=mm&r=g\",\"contentUrl\":\"https:\\\/\\\/secure.gravatar.com\\\/avatar\\\/5b928a2e7e70a54208d2eb6c1edcb75a5350d6ae97d5f0a701203d456823f6f3?s=96&d=mm&r=g\",\"caption\":\"nedim\"},\"description\":\"Tuzlainfo.ba pratite na dru\u0161tvenim mre\u017eama: Facebook, Instagram i Youtube. Svoje pri\u010de, upite i fotografije \u0161aljite na na\u0161u e-mail adresu.\"}]}<\/script>\n<!-- \/ Yoast SEO plugin. -->","yoast_head_json":{"title":"Na\u0161a stranka u kampanju ulazi sa sloganom \u201e\u017divimo slobodno\u201c","robots":{"index":"index","follow":"follow","max-snippet":"max-snippet:-1","max-image-preview":"max-image-preview:large","max-video-preview":"max-video-preview:-1"},"canonical":"https:\/\/tuzlainfo.ba\/index.php\/clanci\/izbori-clanci\/item\/314855-nasa-stranka-u-kampanju-ulazi-sa-sloganom-zivimo-slobodno\/","og_locale":"bs_BA","og_type":"article","og_title":"Na\u0161a stranka u kampanju ulazi sa sloganom \u201e\u017divimo slobodno\u201c","og_description":"Na\u0161a stranka \u0107e na Op\u0107im izborima 2026. godine nastupiti pod sloganom \u201e\u017divimo slobodno\u201c, a po\u010detak kampanje obilje\u017eila je i istoimena pjesma posebno snimljena za ovu priliku. Predsjednica Na\u0161e stranke Sabina \u0106udi\u0107 poru\u010dila je da sloboda nije ne\u0161to \u0161to je gra\u0111anima poklonjeno, ve\u0107 vrijednost za koju se potrebno kontinuirano boriti. \u201eDecenijama nas dijele na granicama, \u0161kolskim [&hellip;]","og_url":"https:\/\/tuzlainfo.ba\/index.php\/clanci\/izbori-clanci\/item\/314855-nasa-stranka-u-kampanju-ulazi-sa-sloganom-zivimo-slobodno\/","og_site_name":"TuzlaInfo.ba","article_publisher":"https:\/\/www.facebook.com\/tuzlainfo.ba\/","article_published_time":"2026-09-04T07:42:53+00:00","article_modified_time":"2026-09-04T08:00:30+00:00","og_image":[{"width":1000,"height":438,"url":"https:\/\/tuzlainfo.ba\/wp-content\/uploads\/2026\/09\/nasa_stranka_zivimo_slobodono.jpg","type":"image\/jpeg"}],"author":"nedim","twitter_card":"summary_large_image","twitter_misc":{"Written by":"nedim","Est. reading time":"2 minute"},"schema":{"@context":"https:\/\/schema.org","@graph":[{"@type":"Article","@id":"https:\/\/tuzlainfo.ba\/index.php\/clanci\/izbori-clanci\/item\/314855-nasa-stranka-u-kampanju-ulazi-sa-sloganom-zivimo-slobodno\/#article","isPartOf":{"@id":"https:\/\/tuzlainfo.ba\/index.php\/clanci\/izbori-clanci\/item\/314855-nasa-stranka-u-kampanju-ulazi-sa-sloganom-zivimo-slobodno\/"},"author":{"name":"nedim","@id":"https:\/\/tuzlainfo.ba\/#\/schema\/person\/f434e20dc27ea133923aab08451b7f7f"},"headline":"Na\u0161a stranka u kampanju ulazi sa sloganom \u201e\u017divimo slobodno\u201c","datePublished":"2026-09-04T07:42:53+00:00","dateModified":"2026-09-04T08:00:30+00:00","mainEntityOfPage":{"@id":"https:\/\/tuzlainfo.ba\/index.php\/clanci\/izbori-clanci\/item\/314855-nasa-stranka-u-kampanju-ulazi-sa-sloganom-zivimo-slobodno\/"},"wordCount":276,"publisher":{"@id":"https:\/\/tuzlainfo.ba\/#organization"},"image":{"@id":"https:\/\/tuzlainfo.ba\/index.php\/clanci\/izbori-clanci\/item\/314855-nasa-stranka-u-kampanju-ulazi-sa-sloganom-zivimo-slobodno\/#primaryimage"},"thumbnailUrl":"https:\/\/tuzlainfo.ba\/wp-content\/uploads\/2026\/09\/nasa_stranka_zivimo_slobodono.jpg","keywords":["izbori","na\u0161a stranka"],"articleSection":["Izbori"],"inLanguage":"bs-BA","copyrightYear":"2026","copyrightHolder":{"@id":"https:\/\/tuzlainfo.ba\/#organization"}},{"@type":"WebPage","@id":"https:\/\/tuzlainfo.ba\/index.php\/clanci\/izbori-clanci\/item\/314855-nasa-stranka-u-kampanju-ulazi-sa-sloganom-zivimo-slobodno\/","url":"https:\/\/tuzlainfo.ba\/index.php\/clanci\/izbori-clanci\/item\/314855-nasa-stranka-u-kampanju-ulazi-sa-sloganom-zivimo-slobodno\/","name":"Na\u0161a stranka u kampanju ulazi sa sloganom \u201e\u017divimo slobodno\u201c","isPartOf":{"@id":"https:\/\/tuzlainfo.ba\/#website"},"primaryImageOfPage":{"@id":"https:\/\/tuzlainfo.ba\/index.php\/clanci\/izbori-clanci\/item\/314855-nasa-stranka-u-kampanju-ulazi-sa-sloganom-zivimo-slobodno\/#primaryimage"},"image":{"@id":"https:\/\/tuzlainfo.ba\/index.php\/clanci\/izbori-clanci\/item\/314855-nasa-stranka-u-kampanju-ulazi-sa-sloganom-zivimo-slobodno\/#primaryimage"},"thumbnailUrl":"https:\/\/tuzlainfo.ba\/wp-content\/uploads\/2026\/09\/nasa_stranka_zivimo_slobodono.jpg","datePublished":"2026-09-04T07:42:53+00:00","dateModified":"2026-09-04T08:00:30+00:00","breadcrumb":{"@id":"https:\/\/tuzlainfo.ba\/index.php\/clanci\/izbori-clanci\/item\/314855-nasa-stranka-u-kampanju-ulazi-sa-sloganom-zivimo-slobodno\/#breadcrumb"},"inLanguage":"bs-BA","potentialAction":[{"@type":"ReadAction","target":["https:\/\/tuzlainfo.ba\/index.php\/clanci\/izbori-clanci\/item\/314855-nasa-stranka-u-kampanju-ulazi-sa-sloganom-zivimo-slobodno\/"]}]},{"@type":"ImageObject","inLanguage":"bs-BA","@id":"https:\/\/tuzlainfo.ba\/index.php\/clanci\/izbori-clanci\/item\/314855-nasa-stranka-u-kampanju-ulazi-sa-sloganom-zivimo-slobodno\/#primaryimage","url":"https:\/\/tuzlainfo.ba\/wp-content\/uploads\/2026\/09\/nasa_stranka_zivimo_slobodono.jpg","contentUrl":"https:\/\/tuzlainfo.ba\/wp-content\/uploads\/2026\/09\/nasa_stranka_zivimo_slobodono.jpg","width":1000,"height":438},{"@type":"BreadcrumbList","@id":"https:\/\/tuzlainfo.ba\/index.php\/clanci\/izbori-clanci\/item\/314855-nasa-stranka-u-kampanju-ulazi-sa-sloganom-zivimo-slobodno\/#breadcrumb","itemListElement":[{"@type":"ListItem","position":1,"name":"Home","item":"https:\/\/tuzlainfo.ba\/"},{"@type":"ListItem","position":2,"name":"Na\u0161a stranka u kampanju ulazi sa sloganom \u201e\u017divimo slobodno\u201c"}]},{"@type":"WebSite","@id":"https:\/\/tuzlainfo.ba\/#website","url":"https:\/\/tuzlainfo.ba\/","name":"TuzlaInfo.ba","description":"Tuzla info, gradski informator - Tuzla na dlanu","publisher":{"@id":"https:\/\/tuzlainfo.ba\/#organization"},"potentialAction":[{"@type":"SearchAction","target":{"@type":"EntryPoint","urlTemplate":"https:\/\/tuzlainfo.ba\/?s={search_term_string}"},"query-input":{"@type":"PropertyValueSpecification","valueRequired":true,"valueName":"search_term_string"}}],"inLanguage":"bs-BA"},{"@type":"Organization","@id":"https:\/\/tuzlainfo.ba\/#organization","name":"TuzlaInfo.ba","url":"https:\/\/tuzlainfo.ba\/","logo":{"@type":"ImageObject","inLanguage":"bs-BA","@id":"https:\/\/tuzlainfo.ba\/#\/schema\/logo\/image\/","url":"https:\/\/tuzlainfo.ba\/wp-content\/uploads\/2021\/03\/logo-ver-3-1.png","contentUrl":"https:\/\/tuzlainfo.ba\/wp-content\/uploads\/2021\/03\/logo-ver-3-1.png","width":350,"height":95,"caption":"TuzlaInfo.ba"},"image":{"@id":"https:\/\/tuzlainfo.ba\/#\/schema\/logo\/image\/"},"sameAs":["https:\/\/www.facebook.com\/tuzlainfo.ba\/"]},{"@type":"Person","@id":"https:\/\/tuzlainfo.ba\/#\/schema\/person\/f434e20dc27ea133923aab08451b7f7f","name":"nedim","image":{"@type":"ImageObject","inLanguage":"bs-BA","@id":"https:\/\/secure.gravatar.com\/avatar\/5b928a2e7e70a54208d2eb6c1edcb75a5350d6ae97d5f0a701203d456823f6f3?s=96&d=mm&r=g","url":"https:\/\/secure.gravatar.com\/avatar\/5b928a2e7e70a54208d2eb6c1edcb75a5350d6ae97d5f0a701203d456823f6f3?s=96&d=mm&r=g","contentUrl":"https:\/\/secure.gravatar.com\/avatar\/5b928a2e7e70a54208d2eb6c1edcb75a5350d6ae97d5f0a701203d456823f6f3?s=96&d=mm&r=g","caption":"nedim"},"description":"Tuzlainfo.ba pratite na dru\u0161tvenim mre\u017eama: Facebook, Instagram i Youtube. Svoje pri\u010de, upite i fotografije \u0161aljite na na\u0161u e-mail adresu."}]}},"_links":{"self":[{"href":"https:\/\/tuzlainfo.ba\/index.php\/wp-json\/wp\/v2\/posts\/314855","targetHints":{"allow":["GET"]}}],"collection":[{"href":"https:\/\/tuzlainfo.ba\/index.php\/wp-json\/wp\/v2\/posts"}],"about":[{"href":"https:\/\/tuzlainfo.ba\/index.php\/wp-json\/wp\/v2\/types\/post"}],"author":[{"embeddable":true,"href":"https:\/\/tuzlainfo.ba\/index.php\/wp-json\/wp\/v2\/users\/2"}],"replies":[{"embeddable":true,"href":"https:\/\/tuzlainfo.ba\/index.php\/wp-json\/wp\/v2\/comments?post=314855"}],"version-history":[{"count":3,"href":"https:\/\/tuzlainfo.ba\/index.php\/wp-json\/wp\/v2\/posts\/314855\/revisions"}],"predecessor-version":[{"id":314863,"href":"https:\/\/tuzlainfo.ba\/index.php\/wp-json\/wp\/v2\/posts\/314855\/revisions\/314863"}],"wp:featuredmedia":[{"embeddable":true,"href":"https:\/\/tuzlainfo.ba\/index.php\/wp-json\/wp\/v2\/media\/314856"}],"wp:attachment":[{"href":"https:\/\/tuzlainfo.ba\/index.php\/wp-json\/wp\/v2\/media?parent=314855"}],"wp:term":[{"taxonomy":"category","embeddable":true,"href":"https:\/\/tuzlainfo.ba\/index.php\/wp-json\/wp\/v2\/categories?post=314855"},{"taxonomy":"post_tag","embeddable":true,"href":"https:\/\/tuzlainfo.ba\/index.php\/wp-json\/wp\/v2\/tags?post=314855"}],"curies":[{"name":"wp","href":"https:\/\/api.w.org\/{rel}","templated":true}]}}