{"id":314845,"date":"2026-09-04T09:05:59","date_gmt":"2026-09-04T07:05:59","guid":{"rendered":"https:\/\/tuzlainfo.ba\/?p=314845"},"modified":"2026-09-04T08:20:42","modified_gmt":"2026-09-04T06:20:42","slug":"uprava-policije-mup-a-tk-tuzlak-uhapsen-u-kladnju","status":"publish","type":"post","link":"https:\/\/tuzlainfo.ba\/index.php\/novosti\/item\/314845-uprava-policije-mup-a-tk-tuzlak-uhapsen-u-kladnju\/","title":{"rendered":"Uprava policije MUP-a TK: Tuzlak uhap\u0161en u Kladnju"},"content":{"rendered":"<p>Policijski slu\u017ebenici Policijske uprave Kladanj, odnosno Policijske stanice Kladanj, 2. septembra 2026. godine proveli su akciju \u201eLijevak\u201c u naselju Vitalj, na podru\u010dju op\u0107ine Kladanj.<\/p>\n<p>Tom prilikom kontrolisano je motorno vozilo kojim je upravljao A. M. (1999.) iz Tuzle. Prilikom kontrole policija je prona\u0161la i privremeno oduzela deset pakovanja sa sadr\u017eajem biljne materije koja svojim izgledom asocira na opojnu drogu, kao i jedno pakovanje sa sadr\u017eajem bijele materije koja tako\u0111er svojim izgledom asocira na opojnu drogu.<\/p>\n<p>Privremeno oduzete materije bit \u0107e upu\u0107ene na vje\u0161ta\u010denje.<\/p>\n<p>O doga\u0111aju je obavije\u0161ten tu\u017eilac Kantonalnog tu\u017eila\u0161tva Tuzlanskog kantona, po \u010dijim su uputama istra\u017eitelji Odjeljenja kriminalisti\u010dke policije Policijske uprave Kladanj li\u0161ili slobode A. M. zbog postojanja osnova sumnje da je po\u010dinio krivi\u010dno djelo \u201eNeovla\u0161tena proizvodnja i stavljanje u promet opojnih droga\u201c iz \u010dlana 238. Krivi\u010dnog zakona Federacije BiH.<\/p>\n<p>Nakon kriminalisti\u010dke obrade, A. M. je, uz izvje\u0161taj, predat Kantonalnom tu\u017eila\u0161tvu Tuzlanskog kantona na dalje postupanje.<\/p>\n","protected":false},"excerpt":{"rendered":"<p>Policijski slu\u017ebenici Policijske uprave Kladanj, odnosno Policijske stanice Kladanj, 2. septembra 2026. godine proveli su akciju \u201eLijevak\u201c u naselju Vitalj, na podru\u010dju op\u0107ine Kladanj. Tom prilikom kontrolisano je motorno vozilo kojim je upravljao A. M. (1999.) iz Tuzle. Prilikom kontrole policija je prona\u0161la i privremeno oduzela deset pakovanja sa sadr\u017eajem biljne materije koja svojim izgledom [&hellip;]<\/p>\n","protected":false},"author":4,"featured_media":312572,"comment_status":"closed","ping_status":"closed","sticky":false,"template":"","format":"standard","meta":{"footnotes":""},"categories":[304,12],"tags":[5672],"class_list":["post-314845","post","type-post","status-publish","format-standard","has-post-thumbnail","hentry","category-istaknuto","category-novosti","tag-uprava-policije-mup-a-tk"],"yoast_head":"<!-- This site is optimized with the Yoast SEO plugin v28.4 - https:\/\/yoast.com\/product\/yoast-seo-wordpress\/ -->\n<title>Uprava policije MUP-a TK: Tuzlak uhap\u0161en u Kladnju<\/title>\n<meta name=\"robots\" content=\"index, follow, max-snippet:-1, max-image-preview:large, max-video-preview:-1\" \/>\n<link rel=\"canonical\" href=\"https:\/\/tuzlainfo.ba\/index.php\/novosti\/item\/314845-uprava-policije-mup-a-tk-tuzlak-uhapsen-u-kladnju\/\" \/>\n<meta property=\"og:locale\" content=\"bs_BA\" \/>\n<meta property=\"og:type\" content=\"article\" \/>\n<meta property=\"og:title\" content=\"Uprava policije MUP-a TK: Tuzlak uhap\u0161en u Kladnju\" \/>\n<meta property=\"og:description\" content=\"Policijski slu\u017ebenici Policijske uprave Kladanj, odnosno Policijske stanice Kladanj, 2. septembra 2026. godine proveli su akciju \u201eLijevak\u201c u naselju Vitalj, na podru\u010dju op\u0107ine Kladanj. Tom prilikom kontrolisano je motorno vozilo kojim je upravljao A. M. (1999.) iz Tuzle. Prilikom kontrole policija je prona\u0161la i privremeno oduzela deset pakovanja sa sadr\u017eajem biljne materije koja svojim izgledom [&hellip;]\" \/>\n<meta property=\"og:url\" content=\"https:\/\/tuzlainfo.ba\/index.php\/novosti\/item\/314845-uprava-policije-mup-a-tk-tuzlak-uhapsen-u-kladnju\/\" \/>\n<meta property=\"og:site_name\" content=\"TuzlaInfo.ba\" \/>\n<meta property=\"article:publisher\" content=\"https:\/\/www.facebook.com\/tuzlainfo.ba\/\" \/>\n<meta property=\"article:published_time\" content=\"2026-09-04T07:05:59+00:00\" \/>\n<meta property=\"og:image\" content=\"https:\/\/tuzlainfo.ba\/wp-content\/uploads\/2026\/08\/hapsenje_lisice_privodjenje_pritovr.jpg\" \/>\n\t<meta property=\"og:image:width\" content=\"1000\" \/>\n\t<meta property=\"og:image:height\" content=\"666\" \/>\n\t<meta property=\"og:image:type\" content=\"image\/jpeg\" \/>\n<meta name=\"author\" content=\"Tuzla Info\" \/>\n<meta name=\"twitter:card\" content=\"summary_large_image\" \/>\n<meta name=\"twitter:label1\" content=\"Written by\" \/>\n\t<meta name=\"twitter:data1\" content=\"Tuzla Info\" \/>\n\t<meta name=\"twitter:label2\" content=\"Est. reading time\" \/>\n\t<meta name=\"twitter:data2\" content=\"2 minute\" \/>\n<script type=\"application\/ld+json\" class=\"yoast-schema-graph\">{\"@context\":\"https:\\\/\\\/schema.org\",\"@graph\":[{\"@type\":\"Article\",\"@id\":\"https:\\\/\\\/tuzlainfo.ba\\\/index.php\\\/novosti\\\/item\\\/314845-uprava-policije-mup-a-tk-tuzlak-uhapsen-u-kladnju\\\/#article\",\"isPartOf\":{\"@id\":\"https:\\\/\\\/tuzlainfo.ba\\\/index.php\\\/novosti\\\/item\\\/314845-uprava-policije-mup-a-tk-tuzlak-uhapsen-u-kladnju\\\/\"},\"author\":{\"name\":\"Tuzla Info\",\"@id\":\"https:\\\/\\\/tuzlainfo.ba\\\/#\\\/schema\\\/person\\\/46cad4c57790cbc50781edd14870825a\"},\"headline\":\"Uprava policije MUP-a TK: Tuzlak uhap\u0161en u Kladnju\",\"datePublished\":\"2026-09-04T07:05:59+00:00\",\"mainEntityOfPage\":{\"@id\":\"https:\\\/\\\/tuzlainfo.ba\\\/index.php\\\/novosti\\\/item\\\/314845-uprava-policije-mup-a-tk-tuzlak-uhapsen-u-kladnju\\\/\"},\"wordCount\":178,\"publisher\":{\"@id\":\"https:\\\/\\\/tuzlainfo.ba\\\/#organization\"},\"image\":{\"@id\":\"https:\\\/\\\/tuzlainfo.ba\\\/index.php\\\/novosti\\\/item\\\/314845-uprava-policije-mup-a-tk-tuzlak-uhapsen-u-kladnju\\\/#primaryimage\"},\"thumbnailUrl\":\"https:\\\/\\\/tuzlainfo.ba\\\/wp-content\\\/uploads\\\/2026\\\/08\\\/hapsenje_lisice_privodjenje_pritovr.jpg\",\"keywords\":[\"uprava policije MUP-a TK\"],\"articleSection\":[\"Istaknuto\",\"Novosti\"],\"inLanguage\":\"bs-BA\",\"copyrightYear\":\"2026\",\"copyrightHolder\":{\"@id\":\"https:\\\/\\\/tuzlainfo.ba\\\/#organization\"}},{\"@type\":\"WebPage\",\"@id\":\"https:\\\/\\\/tuzlainfo.ba\\\/index.php\\\/novosti\\\/item\\\/314845-uprava-policije-mup-a-tk-tuzlak-uhapsen-u-kladnju\\\/\",\"url\":\"https:\\\/\\\/tuzlainfo.ba\\\/index.php\\\/novosti\\\/item\\\/314845-uprava-policije-mup-a-tk-tuzlak-uhapsen-u-kladnju\\\/\",\"name\":\"Uprava policije MUP-a TK: Tuzlak uhap\u0161en u Kladnju\",\"isPartOf\":{\"@id\":\"https:\\\/\\\/tuzlainfo.ba\\\/#website\"},\"primaryImageOfPage\":{\"@id\":\"https:\\\/\\\/tuzlainfo.ba\\\/index.php\\\/novosti\\\/item\\\/314845-uprava-policije-mup-a-tk-tuzlak-uhapsen-u-kladnju\\\/#primaryimage\"},\"image\":{\"@id\":\"https:\\\/\\\/tuzlainfo.ba\\\/index.php\\\/novosti\\\/item\\\/314845-uprava-policije-mup-a-tk-tuzlak-uhapsen-u-kladnju\\\/#primaryimage\"},\"thumbnailUrl\":\"https:\\\/\\\/tuzlainfo.ba\\\/wp-content\\\/uploads\\\/2026\\\/08\\\/hapsenje_lisice_privodjenje_pritovr.jpg\",\"datePublished\":\"2026-09-04T07:05:59+00:00\",\"breadcrumb\":{\"@id\":\"https:\\\/\\\/tuzlainfo.ba\\\/index.php\\\/novosti\\\/item\\\/314845-uprava-policije-mup-a-tk-tuzlak-uhapsen-u-kladnju\\\/#breadcrumb\"},\"inLanguage\":\"bs-BA\",\"potentialAction\":[{\"@type\":\"ReadAction\",\"target\":[\"https:\\\/\\\/tuzlainfo.ba\\\/index.php\\\/novosti\\\/item\\\/314845-uprava-policije-mup-a-tk-tuzlak-uhapsen-u-kladnju\\\/\"]}]},{\"@type\":\"ImageObject\",\"inLanguage\":\"bs-BA\",\"@id\":\"https:\\\/\\\/tuzlainfo.ba\\\/index.php\\\/novosti\\\/item\\\/314845-uprava-policije-mup-a-tk-tuzlak-uhapsen-u-kladnju\\\/#primaryimage\",\"url\":\"https:\\\/\\\/tuzlainfo.ba\\\/wp-content\\\/uploads\\\/2026\\\/08\\\/hapsenje_lisice_privodjenje_pritovr.jpg\",\"contentUrl\":\"https:\\\/\\\/tuzlainfo.ba\\\/wp-content\\\/uploads\\\/2026\\\/08\\\/hapsenje_lisice_privodjenje_pritovr.jpg\",\"width\":1000,\"height\":666,\"caption\":\"Foto: Ilustracija\\\/Tuzlainfo.ba\"},{\"@type\":\"BreadcrumbList\",\"@id\":\"https:\\\/\\\/tuzlainfo.ba\\\/index.php\\\/novosti\\\/item\\\/314845-uprava-policije-mup-a-tk-tuzlak-uhapsen-u-kladnju\\\/#breadcrumb\",\"itemListElement\":[{\"@type\":\"ListItem\",\"position\":1,\"name\":\"Home\",\"item\":\"https:\\\/\\\/tuzlainfo.ba\\\/\"},{\"@type\":\"ListItem\",\"position\":2,\"name\":\"Uprava policije MUP-a TK: Tuzlak uhap\u0161en u Kladnju\"}]},{\"@type\":\"WebSite\",\"@id\":\"https:\\\/\\\/tuzlainfo.ba\\\/#website\",\"url\":\"https:\\\/\\\/tuzlainfo.ba\\\/\",\"name\":\"TuzlaInfo.ba\",\"description\":\"Tuzla info, gradski informator - Tuzla na dlanu\",\"publisher\":{\"@id\":\"https:\\\/\\\/tuzlainfo.ba\\\/#organization\"},\"potentialAction\":[{\"@type\":\"SearchAction\",\"target\":{\"@type\":\"EntryPoint\",\"urlTemplate\":\"https:\\\/\\\/tuzlainfo.ba\\\/?s={search_term_string}\"},\"query-input\":{\"@type\":\"PropertyValueSpecification\",\"valueRequired\":true,\"valueName\":\"search_term_string\"}}],\"inLanguage\":\"bs-BA\"},{\"@type\":\"Organization\",\"@id\":\"https:\\\/\\\/tuzlainfo.ba\\\/#organization\",\"name\":\"TuzlaInfo.ba\",\"url\":\"https:\\\/\\\/tuzlainfo.ba\\\/\",\"logo\":{\"@type\":\"ImageObject\",\"inLanguage\":\"bs-BA\",\"@id\":\"https:\\\/\\\/tuzlainfo.ba\\\/#\\\/schema\\\/logo\\\/image\\\/\",\"url\":\"https:\\\/\\\/tuzlainfo.ba\\\/wp-content\\\/uploads\\\/2021\\\/03\\\/logo-ver-3-1.png\",\"contentUrl\":\"https:\\\/\\\/tuzlainfo.ba\\\/wp-content\\\/uploads\\\/2021\\\/03\\\/logo-ver-3-1.png\",\"width\":350,\"height\":95,\"caption\":\"TuzlaInfo.ba\"},\"image\":{\"@id\":\"https:\\\/\\\/tuzlainfo.ba\\\/#\\\/schema\\\/logo\\\/image\\\/\"},\"sameAs\":[\"https:\\\/\\\/www.facebook.com\\\/tuzlainfo.ba\\\/\"]},{\"@type\":\"Person\",\"@id\":\"https:\\\/\\\/tuzlainfo.ba\\\/#\\\/schema\\\/person\\\/46cad4c57790cbc50781edd14870825a\",\"name\":\"Tuzla Info\",\"image\":{\"@type\":\"ImageObject\",\"inLanguage\":\"bs-BA\",\"@id\":\"https:\\\/\\\/secure.gravatar.com\\\/avatar\\\/e980921b00fa2e552723a2386544734ce6885d2b2304ccca3f45186f9ca4031d?s=96&d=mm&r=g\",\"url\":\"https:\\\/\\\/secure.gravatar.com\\\/avatar\\\/e980921b00fa2e552723a2386544734ce6885d2b2304ccca3f45186f9ca4031d?s=96&d=mm&r=g\",\"contentUrl\":\"https:\\\/\\\/secure.gravatar.com\\\/avatar\\\/e980921b00fa2e552723a2386544734ce6885d2b2304ccca3f45186f9ca4031d?s=96&d=mm&r=g\",\"caption\":\"Tuzla Info\"}}]}<\/script>\n<!-- \/ Yoast SEO plugin. -->","yoast_head_json":{"title":"Uprava policije MUP-a TK: Tuzlak uhap\u0161en u Kladnju","robots":{"index":"index","follow":"follow","max-snippet":"max-snippet:-1","max-image-preview":"max-image-preview:large","max-video-preview":"max-video-preview:-1"},"canonical":"https:\/\/tuzlainfo.ba\/index.php\/novosti\/item\/314845-uprava-policije-mup-a-tk-tuzlak-uhapsen-u-kladnju\/","og_locale":"bs_BA","og_type":"article","og_title":"Uprava policije MUP-a TK: Tuzlak uhap\u0161en u Kladnju","og_description":"Policijski slu\u017ebenici Policijske uprave Kladanj, odnosno Policijske stanice Kladanj, 2. septembra 2026. godine proveli su akciju \u201eLijevak\u201c u naselju Vitalj, na podru\u010dju op\u0107ine Kladanj. Tom prilikom kontrolisano je motorno vozilo kojim je upravljao A. M. (1999.) iz Tuzle. Prilikom kontrole policija je prona\u0161la i privremeno oduzela deset pakovanja sa sadr\u017eajem biljne materije koja svojim izgledom [&hellip;]","og_url":"https:\/\/tuzlainfo.ba\/index.php\/novosti\/item\/314845-uprava-policije-mup-a-tk-tuzlak-uhapsen-u-kladnju\/","og_site_name":"TuzlaInfo.ba","article_publisher":"https:\/\/www.facebook.com\/tuzlainfo.ba\/","article_published_time":"2026-09-04T07:05:59+00:00","og_image":[{"width":1000,"height":666,"url":"https:\/\/tuzlainfo.ba\/wp-content\/uploads\/2026\/08\/hapsenje_lisice_privodjenje_pritovr.jpg","type":"image\/jpeg"}],"author":"Tuzla Info","twitter_card":"summary_large_image","twitter_misc":{"Written by":"Tuzla Info","Est. reading time":"2 minute"},"schema":{"@context":"https:\/\/schema.org","@graph":[{"@type":"Article","@id":"https:\/\/tuzlainfo.ba\/index.php\/novosti\/item\/314845-uprava-policije-mup-a-tk-tuzlak-uhapsen-u-kladnju\/#article","isPartOf":{"@id":"https:\/\/tuzlainfo.ba\/index.php\/novosti\/item\/314845-uprava-policije-mup-a-tk-tuzlak-uhapsen-u-kladnju\/"},"author":{"name":"Tuzla Info","@id":"https:\/\/tuzlainfo.ba\/#\/schema\/person\/46cad4c57790cbc50781edd14870825a"},"headline":"Uprava policije MUP-a TK: Tuzlak uhap\u0161en u Kladnju","datePublished":"2026-09-04T07:05:59+00:00","mainEntityOfPage":{"@id":"https:\/\/tuzlainfo.ba\/index.php\/novosti\/item\/314845-uprava-policije-mup-a-tk-tuzlak-uhapsen-u-kladnju\/"},"wordCount":178,"publisher":{"@id":"https:\/\/tuzlainfo.ba\/#organization"},"image":{"@id":"https:\/\/tuzlainfo.ba\/index.php\/novosti\/item\/314845-uprava-policije-mup-a-tk-tuzlak-uhapsen-u-kladnju\/#primaryimage"},"thumbnailUrl":"https:\/\/tuzlainfo.ba\/wp-content\/uploads\/2026\/08\/hapsenje_lisice_privodjenje_pritovr.jpg","keywords":["uprava policije MUP-a TK"],"articleSection":["Istaknuto","Novosti"],"inLanguage":"bs-BA","copyrightYear":"2026","copyrightHolder":{"@id":"https:\/\/tuzlainfo.ba\/#organization"}},{"@type":"WebPage","@id":"https:\/\/tuzlainfo.ba\/index.php\/novosti\/item\/314845-uprava-policije-mup-a-tk-tuzlak-uhapsen-u-kladnju\/","url":"https:\/\/tuzlainfo.ba\/index.php\/novosti\/item\/314845-uprava-policije-mup-a-tk-tuzlak-uhapsen-u-kladnju\/","name":"Uprava policije MUP-a TK: Tuzlak uhap\u0161en u Kladnju","isPartOf":{"@id":"https:\/\/tuzlainfo.ba\/#website"},"primaryImageOfPage":{"@id":"https:\/\/tuzlainfo.ba\/index.php\/novosti\/item\/314845-uprava-policije-mup-a-tk-tuzlak-uhapsen-u-kladnju\/#primaryimage"},"image":{"@id":"https:\/\/tuzlainfo.ba\/index.php\/novosti\/item\/314845-uprava-policije-mup-a-tk-tuzlak-uhapsen-u-kladnju\/#primaryimage"},"thumbnailUrl":"https:\/\/tuzlainfo.ba\/wp-content\/uploads\/2026\/08\/hapsenje_lisice_privodjenje_pritovr.jpg","datePublished":"2026-09-04T07:05:59+00:00","breadcrumb":{"@id":"https:\/\/tuzlainfo.ba\/index.php\/novosti\/item\/314845-uprava-policije-mup-a-tk-tuzlak-uhapsen-u-kladnju\/#breadcrumb"},"inLanguage":"bs-BA","potentialAction":[{"@type":"ReadAction","target":["https:\/\/tuzlainfo.ba\/index.php\/novosti\/item\/314845-uprava-policije-mup-a-tk-tuzlak-uhapsen-u-kladnju\/"]}]},{"@type":"ImageObject","inLanguage":"bs-BA","@id":"https:\/\/tuzlainfo.ba\/index.php\/novosti\/item\/314845-uprava-policije-mup-a-tk-tuzlak-uhapsen-u-kladnju\/#primaryimage","url":"https:\/\/tuzlainfo.ba\/wp-content\/uploads\/2026\/08\/hapsenje_lisice_privodjenje_pritovr.jpg","contentUrl":"https:\/\/tuzlainfo.ba\/wp-content\/uploads\/2026\/08\/hapsenje_lisice_privodjenje_pritovr.jpg","width":1000,"height":666,"caption":"Foto: Ilustracija\/Tuzlainfo.ba"},{"@type":"BreadcrumbList","@id":"https:\/\/tuzlainfo.ba\/index.php\/novosti\/item\/314845-uprava-policije-mup-a-tk-tuzlak-uhapsen-u-kladnju\/#breadcrumb","itemListElement":[{"@type":"ListItem","position":1,"name":"Home","item":"https:\/\/tuzlainfo.ba\/"},{"@type":"ListItem","position":2,"name":"Uprava policije MUP-a TK: Tuzlak uhap\u0161en u Kladnju"}]},{"@type":"WebSite","@id":"https:\/\/tuzlainfo.ba\/#website","url":"https:\/\/tuzlainfo.ba\/","name":"TuzlaInfo.ba","description":"Tuzla info, gradski informator - Tuzla na dlanu","publisher":{"@id":"https:\/\/tuzlainfo.ba\/#organization"},"potentialAction":[{"@type":"SearchAction","target":{"@type":"EntryPoint","urlTemplate":"https:\/\/tuzlainfo.ba\/?s={search_term_string}"},"query-input":{"@type":"PropertyValueSpecification","valueRequired":true,"valueName":"search_term_string"}}],"inLanguage":"bs-BA"},{"@type":"Organization","@id":"https:\/\/tuzlainfo.ba\/#organization","name":"TuzlaInfo.ba","url":"https:\/\/tuzlainfo.ba\/","logo":{"@type":"ImageObject","inLanguage":"bs-BA","@id":"https:\/\/tuzlainfo.ba\/#\/schema\/logo\/image\/","url":"https:\/\/tuzlainfo.ba\/wp-content\/uploads\/2021\/03\/logo-ver-3-1.png","contentUrl":"https:\/\/tuzlainfo.ba\/wp-content\/uploads\/2021\/03\/logo-ver-3-1.png","width":350,"height":95,"caption":"TuzlaInfo.ba"},"image":{"@id":"https:\/\/tuzlainfo.ba\/#\/schema\/logo\/image\/"},"sameAs":["https:\/\/www.facebook.com\/tuzlainfo.ba\/"]},{"@type":"Person","@id":"https:\/\/tuzlainfo.ba\/#\/schema\/person\/46cad4c57790cbc50781edd14870825a","name":"Tuzla Info","image":{"@type":"ImageObject","inLanguage":"bs-BA","@id":"https:\/\/secure.gravatar.com\/avatar\/e980921b00fa2e552723a2386544734ce6885d2b2304ccca3f45186f9ca4031d?s=96&d=mm&r=g","url":"https:\/\/secure.gravatar.com\/avatar\/e980921b00fa2e552723a2386544734ce6885d2b2304ccca3f45186f9ca4031d?s=96&d=mm&r=g","contentUrl":"https:\/\/secure.gravatar.com\/avatar\/e980921b00fa2e552723a2386544734ce6885d2b2304ccca3f45186f9ca4031d?s=96&d=mm&r=g","caption":"Tuzla Info"}}]}},"_links":{"self":[{"href":"https:\/\/tuzlainfo.ba\/index.php\/wp-json\/wp\/v2\/posts\/314845","targetHints":{"allow":["GET"]}}],"collection":[{"href":"https:\/\/tuzlainfo.ba\/index.php\/wp-json\/wp\/v2\/posts"}],"about":[{"href":"https:\/\/tuzlainfo.ba\/index.php\/wp-json\/wp\/v2\/types\/post"}],"author":[{"embeddable":true,"href":"https:\/\/tuzlainfo.ba\/index.php\/wp-json\/wp\/v2\/users\/4"}],"replies":[{"embeddable":true,"href":"https:\/\/tuzlainfo.ba\/index.php\/wp-json\/wp\/v2\/comments?post=314845"}],"version-history":[{"count":1,"href":"https:\/\/tuzlainfo.ba\/index.php\/wp-json\/wp\/v2\/posts\/314845\/revisions"}],"predecessor-version":[{"id":314846,"href":"https:\/\/tuzlainfo.ba\/index.php\/wp-json\/wp\/v2\/posts\/314845\/revisions\/314846"}],"wp:featuredmedia":[{"embeddable":true,"href":"https:\/\/tuzlainfo.ba\/index.php\/wp-json\/wp\/v2\/media\/312572"}],"wp:attachment":[{"href":"https:\/\/tuzlainfo.ba\/index.php\/wp-json\/wp\/v2\/media?parent=314845"}],"wp:term":[{"taxonomy":"category","embeddable":true,"href":"https:\/\/tuzlainfo.ba\/index.php\/wp-json\/wp\/v2\/categories?post=314845"},{"taxonomy":"post_tag","embeddable":true,"href":"https:\/\/tuzlainfo.ba\/index.php\/wp-json\/wp\/v2\/tags?post=314845"}],"curies":[{"name":"wp","href":"https:\/\/api.w.org\/{rel}","templated":true}]}}