{"id":314838,"date":"2026-09-04T08:02:37","date_gmt":"2026-09-04T06:02:37","guid":{"rendered":"https:\/\/tuzlainfo.ba\/?p=314838"},"modified":"2026-09-04T07:47:01","modified_gmt":"2026-09-04T05:47:01","slug":"ljeto-se-ne-predaje-danas-suncano-i-veoma-toplo-u-bih","status":"publish","type":"post","link":"https:\/\/tuzlainfo.ba\/index.php\/bosna-i-hercegovina\/item\/314838-ljeto-se-ne-predaje-danas-suncano-i-veoma-toplo-u-bih\/","title":{"rendered":"Ljeto se ne predaje: Danas sun\u010dano i veoma toplo u BiH"},"content":{"rendered":"<p class=\"PDq2pG_selectionAnchorContainer\" data-start=\"60\" data-end=\"258\">U Bosni i Hercegovini danas se o\u010dekuje prete\u017eno sun\u010dano vrijeme, uz temperature koje \u0107e ponovo biti neuobi\u010dajeno visoke za po\u010detak septembra, saop\u0107eno je iz Federalnog hidrometeorolo\u0161kog zavoda BiH.<\/p>\n<p data-start=\"260\" data-end=\"455\">Vjetar \u0107e biti slab do umjerene ja\u010dine, sjevernog i sjeveroisto\u010dnog smjera. Jutarnja temperatura zraka kretat \u0107e se ve\u0107inom izme\u0111u 13 i 18 stepeni, dok \u0107e na jugu zemlje biti od 20 do 24 stepena.<\/p>\n<p data-start=\"457\" data-end=\"580\">Najvi\u0161a dnevna temperatura uglavnom \u0107e iznositi izme\u0111u 29 i 34 stepena, dok se na jugu o\u010dekuju temperature i do 38 stepeni.<\/p>\n<p data-start=\"582\" data-end=\"769\">Sli\u010dno kao prethodnih dana, jutarnji sati bit \u0107e ne\u0161to ugodniji, dok se tokom dana o\u010dekuju vru\u0107ina i sparina. Posebno visoke temperaturne vrijednosti o\u010dekuju se u poslijepodnevnim satima.<\/p>\n<p data-start=\"771\" data-end=\"1047\" data-is-last-node=\"\" data-is-only-node=\"\">Iz FHMZ-a upozoravaju da osjetljive osobe trebaju biti posebno oprezne, pridr\u017eavati se mjera za\u0161tite od sunca i pratiti preporuke nadle\u017enih slu\u017ebi. Savjetuje se izbjegavanje pretjeranih fizi\u010dkih napora i maksimalno smanjenje boravka na otvorenom tokom najtoplijeg dijela dana.<\/p>\n","protected":false},"excerpt":{"rendered":"<p>U Bosni i Hercegovini danas se o\u010dekuje prete\u017eno sun\u010dano vrijeme, uz temperature koje \u0107e ponovo biti neuobi\u010dajeno visoke za po\u010detak septembra, saop\u0107eno je iz Federalnog hidrometeorolo\u0161kog zavoda BiH. Vjetar \u0107e biti slab do umjerene ja\u010dine, sjevernog i sjeveroisto\u010dnog smjera. Jutarnja temperatura zraka kretat \u0107e se ve\u0107inom izme\u0111u 13 i 18 stepeni, dok \u0107e na jugu [&hellip;]<\/p>\n","protected":false},"author":4,"featured_media":312526,"comment_status":"closed","ping_status":"closed","sticky":false,"template":"","format":"standard","meta":{"footnotes":""},"categories":[291,304],"tags":[328],"class_list":["post-314838","post","type-post","status-publish","format-standard","has-post-thumbnail","hentry","category-bosna-i-hercegovina","category-istaknuto","tag-vremenska-prognoza"],"yoast_head":"<!-- This site is optimized with the Yoast SEO plugin v28.4 - https:\/\/yoast.com\/product\/yoast-seo-wordpress\/ -->\n<title>Ljeto se ne predaje: Danas sun\u010dano i veoma toplo u BiH<\/title>\n<meta name=\"robots\" content=\"index, follow, max-snippet:-1, max-image-preview:large, max-video-preview:-1\" \/>\n<link rel=\"canonical\" href=\"https:\/\/tuzlainfo.ba\/index.php\/bosna-i-hercegovina\/item\/314838-ljeto-se-ne-predaje-danas-suncano-i-veoma-toplo-u-bih\/\" \/>\n<meta property=\"og:locale\" content=\"bs_BA\" \/>\n<meta property=\"og:type\" content=\"article\" \/>\n<meta property=\"og:title\" content=\"Ljeto se ne predaje: Danas sun\u010dano i veoma toplo u BiH\" \/>\n<meta property=\"og:description\" content=\"U Bosni i Hercegovini danas se o\u010dekuje prete\u017eno sun\u010dano vrijeme, uz temperature koje \u0107e ponovo biti neuobi\u010dajeno visoke za po\u010detak septembra, saop\u0107eno je iz Federalnog hidrometeorolo\u0161kog zavoda BiH. Vjetar \u0107e biti slab do umjerene ja\u010dine, sjevernog i sjeveroisto\u010dnog smjera. Jutarnja temperatura zraka kretat \u0107e se ve\u0107inom izme\u0111u 13 i 18 stepeni, dok \u0107e na jugu [&hellip;]\" \/>\n<meta property=\"og:url\" content=\"https:\/\/tuzlainfo.ba\/index.php\/bosna-i-hercegovina\/item\/314838-ljeto-se-ne-predaje-danas-suncano-i-veoma-toplo-u-bih\/\" \/>\n<meta property=\"og:site_name\" content=\"TuzlaInfo.ba\" \/>\n<meta property=\"article:publisher\" content=\"https:\/\/www.facebook.com\/tuzlainfo.ba\/\" \/>\n<meta property=\"article:published_time\" content=\"2026-09-04T06:02:37+00:00\" \/>\n<meta property=\"og:image\" content=\"https:\/\/tuzlainfo.ba\/wp-content\/uploads\/2026\/08\/ljeto_vrucine_prognoza.jpg\" \/>\n\t<meta property=\"og:image:width\" content=\"1000\" \/>\n\t<meta property=\"og:image:height\" content=\"671\" \/>\n\t<meta property=\"og:image:type\" content=\"image\/jpeg\" \/>\n<meta name=\"author\" content=\"Tuzla Info\" \/>\n<meta name=\"twitter:card\" content=\"summary_large_image\" \/>\n<meta name=\"twitter:label1\" content=\"Written by\" \/>\n\t<meta name=\"twitter:data1\" content=\"Tuzla Info\" \/>\n\t<meta name=\"twitter:label2\" content=\"Est. reading time\" \/>\n\t<meta name=\"twitter:data2\" content=\"2 minute\" \/>\n<script type=\"application\/ld+json\" class=\"yoast-schema-graph\">{\"@context\":\"https:\\\/\\\/schema.org\",\"@graph\":[{\"@type\":\"Article\",\"@id\":\"https:\\\/\\\/tuzlainfo.ba\\\/index.php\\\/bosna-i-hercegovina\\\/item\\\/314838-ljeto-se-ne-predaje-danas-suncano-i-veoma-toplo-u-bih\\\/#article\",\"isPartOf\":{\"@id\":\"https:\\\/\\\/tuzlainfo.ba\\\/index.php\\\/bosna-i-hercegovina\\\/item\\\/314838-ljeto-se-ne-predaje-danas-suncano-i-veoma-toplo-u-bih\\\/\"},\"author\":{\"name\":\"Tuzla Info\",\"@id\":\"https:\\\/\\\/tuzlainfo.ba\\\/#\\\/schema\\\/person\\\/46cad4c57790cbc50781edd14870825a\"},\"headline\":\"Ljeto se ne predaje: Danas sun\u010dano i veoma toplo u BiH\",\"datePublished\":\"2026-09-04T06:02:37+00:00\",\"mainEntityOfPage\":{\"@id\":\"https:\\\/\\\/tuzlainfo.ba\\\/index.php\\\/bosna-i-hercegovina\\\/item\\\/314838-ljeto-se-ne-predaje-danas-suncano-i-veoma-toplo-u-bih\\\/\"},\"wordCount\":176,\"publisher\":{\"@id\":\"https:\\\/\\\/tuzlainfo.ba\\\/#organization\"},\"image\":{\"@id\":\"https:\\\/\\\/tuzlainfo.ba\\\/index.php\\\/bosna-i-hercegovina\\\/item\\\/314838-ljeto-se-ne-predaje-danas-suncano-i-veoma-toplo-u-bih\\\/#primaryimage\"},\"thumbnailUrl\":\"https:\\\/\\\/tuzlainfo.ba\\\/wp-content\\\/uploads\\\/2026\\\/08\\\/ljeto_vrucine_prognoza.jpg\",\"keywords\":[\"vremenska prognoza\"],\"articleSection\":[\"Bosna i Hercegovina\",\"Istaknuto\"],\"inLanguage\":\"bs-BA\",\"copyrightYear\":\"2026\",\"copyrightHolder\":{\"@id\":\"https:\\\/\\\/tuzlainfo.ba\\\/#organization\"}},{\"@type\":\"WebPage\",\"@id\":\"https:\\\/\\\/tuzlainfo.ba\\\/index.php\\\/bosna-i-hercegovina\\\/item\\\/314838-ljeto-se-ne-predaje-danas-suncano-i-veoma-toplo-u-bih\\\/\",\"url\":\"https:\\\/\\\/tuzlainfo.ba\\\/index.php\\\/bosna-i-hercegovina\\\/item\\\/314838-ljeto-se-ne-predaje-danas-suncano-i-veoma-toplo-u-bih\\\/\",\"name\":\"Ljeto se ne predaje: Danas sun\u010dano i veoma toplo u BiH\",\"isPartOf\":{\"@id\":\"https:\\\/\\\/tuzlainfo.ba\\\/#website\"},\"primaryImageOfPage\":{\"@id\":\"https:\\\/\\\/tuzlainfo.ba\\\/index.php\\\/bosna-i-hercegovina\\\/item\\\/314838-ljeto-se-ne-predaje-danas-suncano-i-veoma-toplo-u-bih\\\/#primaryimage\"},\"image\":{\"@id\":\"https:\\\/\\\/tuzlainfo.ba\\\/index.php\\\/bosna-i-hercegovina\\\/item\\\/314838-ljeto-se-ne-predaje-danas-suncano-i-veoma-toplo-u-bih\\\/#primaryimage\"},\"thumbnailUrl\":\"https:\\\/\\\/tuzlainfo.ba\\\/wp-content\\\/uploads\\\/2026\\\/08\\\/ljeto_vrucine_prognoza.jpg\",\"datePublished\":\"2026-09-04T06:02:37+00:00\",\"breadcrumb\":{\"@id\":\"https:\\\/\\\/tuzlainfo.ba\\\/index.php\\\/bosna-i-hercegovina\\\/item\\\/314838-ljeto-se-ne-predaje-danas-suncano-i-veoma-toplo-u-bih\\\/#breadcrumb\"},\"inLanguage\":\"bs-BA\",\"potentialAction\":[{\"@type\":\"ReadAction\",\"target\":[\"https:\\\/\\\/tuzlainfo.ba\\\/index.php\\\/bosna-i-hercegovina\\\/item\\\/314838-ljeto-se-ne-predaje-danas-suncano-i-veoma-toplo-u-bih\\\/\"]}]},{\"@type\":\"ImageObject\",\"inLanguage\":\"bs-BA\",\"@id\":\"https:\\\/\\\/tuzlainfo.ba\\\/index.php\\\/bosna-i-hercegovina\\\/item\\\/314838-ljeto-se-ne-predaje-danas-suncano-i-veoma-toplo-u-bih\\\/#primaryimage\",\"url\":\"https:\\\/\\\/tuzlainfo.ba\\\/wp-content\\\/uploads\\\/2026\\\/08\\\/ljeto_vrucine_prognoza.jpg\",\"contentUrl\":\"https:\\\/\\\/tuzlainfo.ba\\\/wp-content\\\/uploads\\\/2026\\\/08\\\/ljeto_vrucine_prognoza.jpg\",\"width\":1000,\"height\":671},{\"@type\":\"BreadcrumbList\",\"@id\":\"https:\\\/\\\/tuzlainfo.ba\\\/index.php\\\/bosna-i-hercegovina\\\/item\\\/314838-ljeto-se-ne-predaje-danas-suncano-i-veoma-toplo-u-bih\\\/#breadcrumb\",\"itemListElement\":[{\"@type\":\"ListItem\",\"position\":1,\"name\":\"Home\",\"item\":\"https:\\\/\\\/tuzlainfo.ba\\\/\"},{\"@type\":\"ListItem\",\"position\":2,\"name\":\"Ljeto se ne predaje: Danas sun\u010dano i veoma toplo u BiH\"}]},{\"@type\":\"WebSite\",\"@id\":\"https:\\\/\\\/tuzlainfo.ba\\\/#website\",\"url\":\"https:\\\/\\\/tuzlainfo.ba\\\/\",\"name\":\"TuzlaInfo.ba\",\"description\":\"Tuzla info, gradski informator - Tuzla na dlanu\",\"publisher\":{\"@id\":\"https:\\\/\\\/tuzlainfo.ba\\\/#organization\"},\"potentialAction\":[{\"@type\":\"SearchAction\",\"target\":{\"@type\":\"EntryPoint\",\"urlTemplate\":\"https:\\\/\\\/tuzlainfo.ba\\\/?s={search_term_string}\"},\"query-input\":{\"@type\":\"PropertyValueSpecification\",\"valueRequired\":true,\"valueName\":\"search_term_string\"}}],\"inLanguage\":\"bs-BA\"},{\"@type\":\"Organization\",\"@id\":\"https:\\\/\\\/tuzlainfo.ba\\\/#organization\",\"name\":\"TuzlaInfo.ba\",\"url\":\"https:\\\/\\\/tuzlainfo.ba\\\/\",\"logo\":{\"@type\":\"ImageObject\",\"inLanguage\":\"bs-BA\",\"@id\":\"https:\\\/\\\/tuzlainfo.ba\\\/#\\\/schema\\\/logo\\\/image\\\/\",\"url\":\"https:\\\/\\\/tuzlainfo.ba\\\/wp-content\\\/uploads\\\/2021\\\/03\\\/logo-ver-3-1.png\",\"contentUrl\":\"https:\\\/\\\/tuzlainfo.ba\\\/wp-content\\\/uploads\\\/2021\\\/03\\\/logo-ver-3-1.png\",\"width\":350,\"height\":95,\"caption\":\"TuzlaInfo.ba\"},\"image\":{\"@id\":\"https:\\\/\\\/tuzlainfo.ba\\\/#\\\/schema\\\/logo\\\/image\\\/\"},\"sameAs\":[\"https:\\\/\\\/www.facebook.com\\\/tuzlainfo.ba\\\/\"]},{\"@type\":\"Person\",\"@id\":\"https:\\\/\\\/tuzlainfo.ba\\\/#\\\/schema\\\/person\\\/46cad4c57790cbc50781edd14870825a\",\"name\":\"Tuzla Info\",\"image\":{\"@type\":\"ImageObject\",\"inLanguage\":\"bs-BA\",\"@id\":\"https:\\\/\\\/secure.gravatar.com\\\/avatar\\\/e980921b00fa2e552723a2386544734ce6885d2b2304ccca3f45186f9ca4031d?s=96&d=mm&r=g\",\"url\":\"https:\\\/\\\/secure.gravatar.com\\\/avatar\\\/e980921b00fa2e552723a2386544734ce6885d2b2304ccca3f45186f9ca4031d?s=96&d=mm&r=g\",\"contentUrl\":\"https:\\\/\\\/secure.gravatar.com\\\/avatar\\\/e980921b00fa2e552723a2386544734ce6885d2b2304ccca3f45186f9ca4031d?s=96&d=mm&r=g\",\"caption\":\"Tuzla Info\"}}]}<\/script>\n<!-- \/ Yoast SEO plugin. -->","yoast_head_json":{"title":"Ljeto se ne predaje: Danas sun\u010dano i veoma toplo u BiH","robots":{"index":"index","follow":"follow","max-snippet":"max-snippet:-1","max-image-preview":"max-image-preview:large","max-video-preview":"max-video-preview:-1"},"canonical":"https:\/\/tuzlainfo.ba\/index.php\/bosna-i-hercegovina\/item\/314838-ljeto-se-ne-predaje-danas-suncano-i-veoma-toplo-u-bih\/","og_locale":"bs_BA","og_type":"article","og_title":"Ljeto se ne predaje: Danas sun\u010dano i veoma toplo u BiH","og_description":"U Bosni i Hercegovini danas se o\u010dekuje prete\u017eno sun\u010dano vrijeme, uz temperature koje \u0107e ponovo biti neuobi\u010dajeno visoke za po\u010detak septembra, saop\u0107eno je iz Federalnog hidrometeorolo\u0161kog zavoda BiH. Vjetar \u0107e biti slab do umjerene ja\u010dine, sjevernog i sjeveroisto\u010dnog smjera. Jutarnja temperatura zraka kretat \u0107e se ve\u0107inom izme\u0111u 13 i 18 stepeni, dok \u0107e na jugu [&hellip;]","og_url":"https:\/\/tuzlainfo.ba\/index.php\/bosna-i-hercegovina\/item\/314838-ljeto-se-ne-predaje-danas-suncano-i-veoma-toplo-u-bih\/","og_site_name":"TuzlaInfo.ba","article_publisher":"https:\/\/www.facebook.com\/tuzlainfo.ba\/","article_published_time":"2026-09-04T06:02:37+00:00","og_image":[{"width":1000,"height":671,"url":"https:\/\/tuzlainfo.ba\/wp-content\/uploads\/2026\/08\/ljeto_vrucine_prognoza.jpg","type":"image\/jpeg"}],"author":"Tuzla Info","twitter_card":"summary_large_image","twitter_misc":{"Written by":"Tuzla Info","Est. reading time":"2 minute"},"schema":{"@context":"https:\/\/schema.org","@graph":[{"@type":"Article","@id":"https:\/\/tuzlainfo.ba\/index.php\/bosna-i-hercegovina\/item\/314838-ljeto-se-ne-predaje-danas-suncano-i-veoma-toplo-u-bih\/#article","isPartOf":{"@id":"https:\/\/tuzlainfo.ba\/index.php\/bosna-i-hercegovina\/item\/314838-ljeto-se-ne-predaje-danas-suncano-i-veoma-toplo-u-bih\/"},"author":{"name":"Tuzla Info","@id":"https:\/\/tuzlainfo.ba\/#\/schema\/person\/46cad4c57790cbc50781edd14870825a"},"headline":"Ljeto se ne predaje: Danas sun\u010dano i veoma toplo u BiH","datePublished":"2026-09-04T06:02:37+00:00","mainEntityOfPage":{"@id":"https:\/\/tuzlainfo.ba\/index.php\/bosna-i-hercegovina\/item\/314838-ljeto-se-ne-predaje-danas-suncano-i-veoma-toplo-u-bih\/"},"wordCount":176,"publisher":{"@id":"https:\/\/tuzlainfo.ba\/#organization"},"image":{"@id":"https:\/\/tuzlainfo.ba\/index.php\/bosna-i-hercegovina\/item\/314838-ljeto-se-ne-predaje-danas-suncano-i-veoma-toplo-u-bih\/#primaryimage"},"thumbnailUrl":"https:\/\/tuzlainfo.ba\/wp-content\/uploads\/2026\/08\/ljeto_vrucine_prognoza.jpg","keywords":["vremenska prognoza"],"articleSection":["Bosna i Hercegovina","Istaknuto"],"inLanguage":"bs-BA","copyrightYear":"2026","copyrightHolder":{"@id":"https:\/\/tuzlainfo.ba\/#organization"}},{"@type":"WebPage","@id":"https:\/\/tuzlainfo.ba\/index.php\/bosna-i-hercegovina\/item\/314838-ljeto-se-ne-predaje-danas-suncano-i-veoma-toplo-u-bih\/","url":"https:\/\/tuzlainfo.ba\/index.php\/bosna-i-hercegovina\/item\/314838-ljeto-se-ne-predaje-danas-suncano-i-veoma-toplo-u-bih\/","name":"Ljeto se ne predaje: Danas sun\u010dano i veoma toplo u BiH","isPartOf":{"@id":"https:\/\/tuzlainfo.ba\/#website"},"primaryImageOfPage":{"@id":"https:\/\/tuzlainfo.ba\/index.php\/bosna-i-hercegovina\/item\/314838-ljeto-se-ne-predaje-danas-suncano-i-veoma-toplo-u-bih\/#primaryimage"},"image":{"@id":"https:\/\/tuzlainfo.ba\/index.php\/bosna-i-hercegovina\/item\/314838-ljeto-se-ne-predaje-danas-suncano-i-veoma-toplo-u-bih\/#primaryimage"},"thumbnailUrl":"https:\/\/tuzlainfo.ba\/wp-content\/uploads\/2026\/08\/ljeto_vrucine_prognoza.jpg","datePublished":"2026-09-04T06:02:37+00:00","breadcrumb":{"@id":"https:\/\/tuzlainfo.ba\/index.php\/bosna-i-hercegovina\/item\/314838-ljeto-se-ne-predaje-danas-suncano-i-veoma-toplo-u-bih\/#breadcrumb"},"inLanguage":"bs-BA","potentialAction":[{"@type":"ReadAction","target":["https:\/\/tuzlainfo.ba\/index.php\/bosna-i-hercegovina\/item\/314838-ljeto-se-ne-predaje-danas-suncano-i-veoma-toplo-u-bih\/"]}]},{"@type":"ImageObject","inLanguage":"bs-BA","@id":"https:\/\/tuzlainfo.ba\/index.php\/bosna-i-hercegovina\/item\/314838-ljeto-se-ne-predaje-danas-suncano-i-veoma-toplo-u-bih\/#primaryimage","url":"https:\/\/tuzlainfo.ba\/wp-content\/uploads\/2026\/08\/ljeto_vrucine_prognoza.jpg","contentUrl":"https:\/\/tuzlainfo.ba\/wp-content\/uploads\/2026\/08\/ljeto_vrucine_prognoza.jpg","width":1000,"height":671},{"@type":"BreadcrumbList","@id":"https:\/\/tuzlainfo.ba\/index.php\/bosna-i-hercegovina\/item\/314838-ljeto-se-ne-predaje-danas-suncano-i-veoma-toplo-u-bih\/#breadcrumb","itemListElement":[{"@type":"ListItem","position":1,"name":"Home","item":"https:\/\/tuzlainfo.ba\/"},{"@type":"ListItem","position":2,"name":"Ljeto se ne predaje: Danas sun\u010dano i veoma toplo u BiH"}]},{"@type":"WebSite","@id":"https:\/\/tuzlainfo.ba\/#website","url":"https:\/\/tuzlainfo.ba\/","name":"TuzlaInfo.ba","description":"Tuzla info, gradski informator - Tuzla na dlanu","publisher":{"@id":"https:\/\/tuzlainfo.ba\/#organization"},"potentialAction":[{"@type":"SearchAction","target":{"@type":"EntryPoint","urlTemplate":"https:\/\/tuzlainfo.ba\/?s={search_term_string}"},"query-input":{"@type":"PropertyValueSpecification","valueRequired":true,"valueName":"search_term_string"}}],"inLanguage":"bs-BA"},{"@type":"Organization","@id":"https:\/\/tuzlainfo.ba\/#organization","name":"TuzlaInfo.ba","url":"https:\/\/tuzlainfo.ba\/","logo":{"@type":"ImageObject","inLanguage":"bs-BA","@id":"https:\/\/tuzlainfo.ba\/#\/schema\/logo\/image\/","url":"https:\/\/tuzlainfo.ba\/wp-content\/uploads\/2021\/03\/logo-ver-3-1.png","contentUrl":"https:\/\/tuzlainfo.ba\/wp-content\/uploads\/2021\/03\/logo-ver-3-1.png","width":350,"height":95,"caption":"TuzlaInfo.ba"},"image":{"@id":"https:\/\/tuzlainfo.ba\/#\/schema\/logo\/image\/"},"sameAs":["https:\/\/www.facebook.com\/tuzlainfo.ba\/"]},{"@type":"Person","@id":"https:\/\/tuzlainfo.ba\/#\/schema\/person\/46cad4c57790cbc50781edd14870825a","name":"Tuzla Info","image":{"@type":"ImageObject","inLanguage":"bs-BA","@id":"https:\/\/secure.gravatar.com\/avatar\/e980921b00fa2e552723a2386544734ce6885d2b2304ccca3f45186f9ca4031d?s=96&d=mm&r=g","url":"https:\/\/secure.gravatar.com\/avatar\/e980921b00fa2e552723a2386544734ce6885d2b2304ccca3f45186f9ca4031d?s=96&d=mm&r=g","contentUrl":"https:\/\/secure.gravatar.com\/avatar\/e980921b00fa2e552723a2386544734ce6885d2b2304ccca3f45186f9ca4031d?s=96&d=mm&r=g","caption":"Tuzla Info"}}]}},"_links":{"self":[{"href":"https:\/\/tuzlainfo.ba\/index.php\/wp-json\/wp\/v2\/posts\/314838","targetHints":{"allow":["GET"]}}],"collection":[{"href":"https:\/\/tuzlainfo.ba\/index.php\/wp-json\/wp\/v2\/posts"}],"about":[{"href":"https:\/\/tuzlainfo.ba\/index.php\/wp-json\/wp\/v2\/types\/post"}],"author":[{"embeddable":true,"href":"https:\/\/tuzlainfo.ba\/index.php\/wp-json\/wp\/v2\/users\/4"}],"replies":[{"embeddable":true,"href":"https:\/\/tuzlainfo.ba\/index.php\/wp-json\/wp\/v2\/comments?post=314838"}],"version-history":[{"count":1,"href":"https:\/\/tuzlainfo.ba\/index.php\/wp-json\/wp\/v2\/posts\/314838\/revisions"}],"predecessor-version":[{"id":314839,"href":"https:\/\/tuzlainfo.ba\/index.php\/wp-json\/wp\/v2\/posts\/314838\/revisions\/314839"}],"wp:featuredmedia":[{"embeddable":true,"href":"https:\/\/tuzlainfo.ba\/index.php\/wp-json\/wp\/v2\/media\/312526"}],"wp:attachment":[{"href":"https:\/\/tuzlainfo.ba\/index.php\/wp-json\/wp\/v2\/media?parent=314838"}],"wp:term":[{"taxonomy":"category","embeddable":true,"href":"https:\/\/tuzlainfo.ba\/index.php\/wp-json\/wp\/v2\/categories?post=314838"},{"taxonomy":"post_tag","embeddable":true,"href":"https:\/\/tuzlainfo.ba\/index.php\/wp-json\/wp\/v2\/tags?post=314838"}],"curies":[{"name":"wp","href":"https:\/\/api.w.org\/{rel}","templated":true}]}}