{"id":314828,"date":"2026-09-03T22:18:33","date_gmt":"2026-09-03T20:18:33","guid":{"rendered":"https:\/\/tuzlainfo.ba\/?p=314828"},"modified":"2026-09-03T22:19:25","modified_gmt":"2026-09-03T20:19:25","slug":"sta-ce-biti-sa-106-korisnika-doma-penzionera-tuzla-vijecnici-raspravljali-o-rjesenju","status":"publish","type":"post","link":"https:\/\/tuzlainfo.ba\/index.php\/novosti\/item\/314828-sta-ce-biti-sa-106-korisnika-doma-penzionera-tuzla-vijecnici-raspravljali-o-rjesenju\/","title":{"rendered":"\u0160ta \u0107e biti sa 106 korisnika Doma penzionera Tuzla? Vije\u0107nici raspravljali o rje\u0161enju"},"content":{"rendered":"<p class=\"PDq2pG_selectionAnchorContainer\" data-start=\"96\" data-end=\"331\">Gradsko vije\u0107e Tuzle danas je na tematskoj sjednici raspravljalo o stanju u JU Dom penzionera Tuzla, nakon \u0161to je kantonalna inspekcija donijela rje\u0161enje kojim se ustanovi privremeno zabranjuje obavljanje djelatnosti socijalne za\u0161tite.<\/p>\n<p data-start=\"333\" data-end=\"543\">Iz Doma penzionera navedeno je da je na rje\u0161enje ulo\u017eena \u017ealba te da ustanova nije zape\u010da\u0107ena, niti su joj blokirani ra\u010duni. Direktorica Andrea Stetkevi\u0107 naglasila je da se briga o 106 korisnika mora nastaviti.<\/p>\n<p data-start=\"545\" data-end=\"759\">Prema informacijama iznesenim na sjednici, Dom jo\u0161 nije otklonio pet nedostataka utvr\u0111enih u postupku uskla\u0111ivanja s propisima. Me\u0111u klju\u010dnim pitanjima su upotrebna dozvola, funkcionalnost liftova i broj korisnika.<\/p>\n<p data-start=\"761\" data-end=\"1049\">Poseban problem predstavlja pravilnik iz 2024. godine prema kojem u jednom objektu ne mo\u017ee biti vi\u0161e od 100 korisnika. Dom je u me\u0111uvremenu obustavio nove prijeme, a broj korisnika sa ranijih oko 160 smanjen je na 106. Upravni odbor ustanove jo\u0161 u januaru je zatra\u017eio izmjene ove odredbe.<\/p>\n<p data-start=\"1051\" data-end=\"1298\">Predstavnici Grada i Doma upozorili su da problem vi\u0161e nije samo administrativne prirode, ve\u0107 uti\u010de i na korisnike, zaposlene i finansijsku odr\u017eivost ustanove. Poru\u010deno je da rje\u0161enje treba tra\u017eiti kroz saradnju gradskih i kantonalnih institucija.<\/p>\n","protected":false},"excerpt":{"rendered":"<p>Gradsko vije\u0107e Tuzle danas je na tematskoj sjednici raspravljalo o stanju u JU Dom penzionera Tuzla, nakon \u0161to je kantonalna inspekcija donijela rje\u0161enje kojim se ustanovi privremeno zabranjuje obavljanje djelatnosti socijalne za\u0161tite. Iz Doma penzionera navedeno je da je na rje\u0161enje ulo\u017eena \u017ealba te da ustanova nije zape\u010da\u0107ena, niti su joj blokirani ra\u010duni. Direktorica Andrea [&hellip;]<\/p>\n","protected":false},"author":2,"featured_media":285601,"comment_status":"closed","ping_status":"closed","sticky":false,"template":"","format":"standard","meta":{"footnotes":""},"categories":[304,12],"tags":[1342,858],"class_list":["post-314828","post","type-post","status-publish","format-standard","has-post-thumbnail","hentry","category-istaknuto","category-novosti","tag-dom-penzionera","tag-gradsko-vijece-tuzla"],"yoast_head":"<!-- This site is optimized with the Yoast SEO plugin v28.4 - https:\/\/yoast.com\/product\/yoast-seo-wordpress\/ -->\n<title>\u0160ta \u0107e biti sa 106 korisnika Doma penzionera Tuzla? Vije\u0107nici raspravljali o rje\u0161enju<\/title>\n<meta name=\"robots\" content=\"index, follow, max-snippet:-1, max-image-preview:large, max-video-preview:-1\" \/>\n<link rel=\"canonical\" href=\"https:\/\/tuzlainfo.ba\/index.php\/novosti\/item\/314828-sta-ce-biti-sa-106-korisnika-doma-penzionera-tuzla-vijecnici-raspravljali-o-rjesenju\/\" \/>\n<meta property=\"og:locale\" content=\"bs_BA\" \/>\n<meta property=\"og:type\" content=\"article\" \/>\n<meta property=\"og:title\" content=\"\u0160ta \u0107e biti sa 106 korisnika Doma penzionera Tuzla? Vije\u0107nici raspravljali o rje\u0161enju\" \/>\n<meta property=\"og:description\" content=\"Gradsko vije\u0107e Tuzle danas je na tematskoj sjednici raspravljalo o stanju u JU Dom penzionera Tuzla, nakon \u0161to je kantonalna inspekcija donijela rje\u0161enje kojim se ustanovi privremeno zabranjuje obavljanje djelatnosti socijalne za\u0161tite. Iz Doma penzionera navedeno je da je na rje\u0161enje ulo\u017eena \u017ealba te da ustanova nije zape\u010da\u0107ena, niti su joj blokirani ra\u010duni. Direktorica Andrea [&hellip;]\" \/>\n<meta property=\"og:url\" content=\"https:\/\/tuzlainfo.ba\/index.php\/novosti\/item\/314828-sta-ce-biti-sa-106-korisnika-doma-penzionera-tuzla-vijecnici-raspravljali-o-rjesenju\/\" \/>\n<meta property=\"og:site_name\" content=\"TuzlaInfo.ba\" \/>\n<meta property=\"article:publisher\" content=\"https:\/\/www.facebook.com\/tuzlainfo.ba\/\" \/>\n<meta property=\"article:published_time\" content=\"2026-09-03T20:18:33+00:00\" \/>\n<meta property=\"article:modified_time\" content=\"2026-09-03T20:19:25+00:00\" \/>\n<meta property=\"og:image\" content=\"https:\/\/tuzlainfo.ba\/wp-content\/uploads\/2025\/11\/0511_dom_penzionera_tuzla-3.jpg\" \/>\n\t<meta property=\"og:image:width\" content=\"1000\" \/>\n\t<meta property=\"og:image:height\" content=\"676\" \/>\n\t<meta property=\"og:image:type\" content=\"image\/jpeg\" \/>\n<meta name=\"author\" content=\"nedim\" \/>\n<meta name=\"twitter:card\" content=\"summary_large_image\" \/>\n<meta name=\"twitter:label1\" content=\"Written by\" \/>\n\t<meta name=\"twitter:data1\" content=\"nedim\" \/>\n\t<meta name=\"twitter:label2\" content=\"Est. reading time\" \/>\n\t<meta name=\"twitter:data2\" content=\"2 minute\" \/>\n<script type=\"application\/ld+json\" class=\"yoast-schema-graph\">{\"@context\":\"https:\\\/\\\/schema.org\",\"@graph\":[{\"@type\":\"Article\",\"@id\":\"https:\\\/\\\/tuzlainfo.ba\\\/index.php\\\/novosti\\\/item\\\/314828-sta-ce-biti-sa-106-korisnika-doma-penzionera-tuzla-vijecnici-raspravljali-o-rjesenju\\\/#article\",\"isPartOf\":{\"@id\":\"https:\\\/\\\/tuzlainfo.ba\\\/index.php\\\/novosti\\\/item\\\/314828-sta-ce-biti-sa-106-korisnika-doma-penzionera-tuzla-vijecnici-raspravljali-o-rjesenju\\\/\"},\"author\":{\"name\":\"nedim\",\"@id\":\"https:\\\/\\\/tuzlainfo.ba\\\/#\\\/schema\\\/person\\\/f434e20dc27ea133923aab08451b7f7f\"},\"headline\":\"\u0160ta \u0107e biti sa 106 korisnika Doma penzionera Tuzla? Vije\u0107nici raspravljali o rje\u0161enju\",\"datePublished\":\"2026-09-03T20:18:33+00:00\",\"dateModified\":\"2026-09-03T20:19:25+00:00\",\"mainEntityOfPage\":{\"@id\":\"https:\\\/\\\/tuzlainfo.ba\\\/index.php\\\/novosti\\\/item\\\/314828-sta-ce-biti-sa-106-korisnika-doma-penzionera-tuzla-vijecnici-raspravljali-o-rjesenju\\\/\"},\"wordCount\":208,\"publisher\":{\"@id\":\"https:\\\/\\\/tuzlainfo.ba\\\/#organization\"},\"image\":{\"@id\":\"https:\\\/\\\/tuzlainfo.ba\\\/index.php\\\/novosti\\\/item\\\/314828-sta-ce-biti-sa-106-korisnika-doma-penzionera-tuzla-vijecnici-raspravljali-o-rjesenju\\\/#primaryimage\"},\"thumbnailUrl\":\"https:\\\/\\\/tuzlainfo.ba\\\/wp-content\\\/uploads\\\/2025\\\/11\\\/0511_dom_penzionera_tuzla-3.jpg\",\"keywords\":[\"dom penzionera\",\"gradsko vije\u0107e tuzla\"],\"articleSection\":[\"Istaknuto\",\"Novosti\"],\"inLanguage\":\"bs-BA\",\"copyrightYear\":\"2026\",\"copyrightHolder\":{\"@id\":\"https:\\\/\\\/tuzlainfo.ba\\\/#organization\"}},{\"@type\":\"WebPage\",\"@id\":\"https:\\\/\\\/tuzlainfo.ba\\\/index.php\\\/novosti\\\/item\\\/314828-sta-ce-biti-sa-106-korisnika-doma-penzionera-tuzla-vijecnici-raspravljali-o-rjesenju\\\/\",\"url\":\"https:\\\/\\\/tuzlainfo.ba\\\/index.php\\\/novosti\\\/item\\\/314828-sta-ce-biti-sa-106-korisnika-doma-penzionera-tuzla-vijecnici-raspravljali-o-rjesenju\\\/\",\"name\":\"\u0160ta \u0107e biti sa 106 korisnika Doma penzionera Tuzla? Vije\u0107nici raspravljali o rje\u0161enju\",\"isPartOf\":{\"@id\":\"https:\\\/\\\/tuzlainfo.ba\\\/#website\"},\"primaryImageOfPage\":{\"@id\":\"https:\\\/\\\/tuzlainfo.ba\\\/index.php\\\/novosti\\\/item\\\/314828-sta-ce-biti-sa-106-korisnika-doma-penzionera-tuzla-vijecnici-raspravljali-o-rjesenju\\\/#primaryimage\"},\"image\":{\"@id\":\"https:\\\/\\\/tuzlainfo.ba\\\/index.php\\\/novosti\\\/item\\\/314828-sta-ce-biti-sa-106-korisnika-doma-penzionera-tuzla-vijecnici-raspravljali-o-rjesenju\\\/#primaryimage\"},\"thumbnailUrl\":\"https:\\\/\\\/tuzlainfo.ba\\\/wp-content\\\/uploads\\\/2025\\\/11\\\/0511_dom_penzionera_tuzla-3.jpg\",\"datePublished\":\"2026-09-03T20:18:33+00:00\",\"dateModified\":\"2026-09-03T20:19:25+00:00\",\"breadcrumb\":{\"@id\":\"https:\\\/\\\/tuzlainfo.ba\\\/index.php\\\/novosti\\\/item\\\/314828-sta-ce-biti-sa-106-korisnika-doma-penzionera-tuzla-vijecnici-raspravljali-o-rjesenju\\\/#breadcrumb\"},\"inLanguage\":\"bs-BA\",\"potentialAction\":[{\"@type\":\"ReadAction\",\"target\":[\"https:\\\/\\\/tuzlainfo.ba\\\/index.php\\\/novosti\\\/item\\\/314828-sta-ce-biti-sa-106-korisnika-doma-penzionera-tuzla-vijecnici-raspravljali-o-rjesenju\\\/\"]}]},{\"@type\":\"ImageObject\",\"inLanguage\":\"bs-BA\",\"@id\":\"https:\\\/\\\/tuzlainfo.ba\\\/index.php\\\/novosti\\\/item\\\/314828-sta-ce-biti-sa-106-korisnika-doma-penzionera-tuzla-vijecnici-raspravljali-o-rjesenju\\\/#primaryimage\",\"url\":\"https:\\\/\\\/tuzlainfo.ba\\\/wp-content\\\/uploads\\\/2025\\\/11\\\/0511_dom_penzionera_tuzla-3.jpg\",\"contentUrl\":\"https:\\\/\\\/tuzlainfo.ba\\\/wp-content\\\/uploads\\\/2025\\\/11\\\/0511_dom_penzionera_tuzla-3.jpg\",\"width\":1000,\"height\":676},{\"@type\":\"BreadcrumbList\",\"@id\":\"https:\\\/\\\/tuzlainfo.ba\\\/index.php\\\/novosti\\\/item\\\/314828-sta-ce-biti-sa-106-korisnika-doma-penzionera-tuzla-vijecnici-raspravljali-o-rjesenju\\\/#breadcrumb\",\"itemListElement\":[{\"@type\":\"ListItem\",\"position\":1,\"name\":\"Home\",\"item\":\"https:\\\/\\\/tuzlainfo.ba\\\/\"},{\"@type\":\"ListItem\",\"position\":2,\"name\":\"\u0160ta \u0107e biti sa 106 korisnika Doma penzionera Tuzla? Vije\u0107nici raspravljali o rje\u0161enju\"}]},{\"@type\":\"WebSite\",\"@id\":\"https:\\\/\\\/tuzlainfo.ba\\\/#website\",\"url\":\"https:\\\/\\\/tuzlainfo.ba\\\/\",\"name\":\"TuzlaInfo.ba\",\"description\":\"Tuzla info, gradski informator - Tuzla na dlanu\",\"publisher\":{\"@id\":\"https:\\\/\\\/tuzlainfo.ba\\\/#organization\"},\"potentialAction\":[{\"@type\":\"SearchAction\",\"target\":{\"@type\":\"EntryPoint\",\"urlTemplate\":\"https:\\\/\\\/tuzlainfo.ba\\\/?s={search_term_string}\"},\"query-input\":{\"@type\":\"PropertyValueSpecification\",\"valueRequired\":true,\"valueName\":\"search_term_string\"}}],\"inLanguage\":\"bs-BA\"},{\"@type\":\"Organization\",\"@id\":\"https:\\\/\\\/tuzlainfo.ba\\\/#organization\",\"name\":\"TuzlaInfo.ba\",\"url\":\"https:\\\/\\\/tuzlainfo.ba\\\/\",\"logo\":{\"@type\":\"ImageObject\",\"inLanguage\":\"bs-BA\",\"@id\":\"https:\\\/\\\/tuzlainfo.ba\\\/#\\\/schema\\\/logo\\\/image\\\/\",\"url\":\"https:\\\/\\\/tuzlainfo.ba\\\/wp-content\\\/uploads\\\/2021\\\/03\\\/logo-ver-3-1.png\",\"contentUrl\":\"https:\\\/\\\/tuzlainfo.ba\\\/wp-content\\\/uploads\\\/2021\\\/03\\\/logo-ver-3-1.png\",\"width\":350,\"height\":95,\"caption\":\"TuzlaInfo.ba\"},\"image\":{\"@id\":\"https:\\\/\\\/tuzlainfo.ba\\\/#\\\/schema\\\/logo\\\/image\\\/\"},\"sameAs\":[\"https:\\\/\\\/www.facebook.com\\\/tuzlainfo.ba\\\/\"]},{\"@type\":\"Person\",\"@id\":\"https:\\\/\\\/tuzlainfo.ba\\\/#\\\/schema\\\/person\\\/f434e20dc27ea133923aab08451b7f7f\",\"name\":\"nedim\",\"image\":{\"@type\":\"ImageObject\",\"inLanguage\":\"bs-BA\",\"@id\":\"https:\\\/\\\/secure.gravatar.com\\\/avatar\\\/5b928a2e7e70a54208d2eb6c1edcb75a5350d6ae97d5f0a701203d456823f6f3?s=96&d=mm&r=g\",\"url\":\"https:\\\/\\\/secure.gravatar.com\\\/avatar\\\/5b928a2e7e70a54208d2eb6c1edcb75a5350d6ae97d5f0a701203d456823f6f3?s=96&d=mm&r=g\",\"contentUrl\":\"https:\\\/\\\/secure.gravatar.com\\\/avatar\\\/5b928a2e7e70a54208d2eb6c1edcb75a5350d6ae97d5f0a701203d456823f6f3?s=96&d=mm&r=g\",\"caption\":\"nedim\"},\"description\":\"Tuzlainfo.ba pratite na dru\u0161tvenim mre\u017eama: Facebook, Instagram i Youtube. Svoje pri\u010de, upite i fotografije \u0161aljite na na\u0161u e-mail adresu.\"}]}<\/script>\n<!-- \/ Yoast SEO plugin. -->","yoast_head_json":{"title":"\u0160ta \u0107e biti sa 106 korisnika Doma penzionera Tuzla? Vije\u0107nici raspravljali o rje\u0161enju","robots":{"index":"index","follow":"follow","max-snippet":"max-snippet:-1","max-image-preview":"max-image-preview:large","max-video-preview":"max-video-preview:-1"},"canonical":"https:\/\/tuzlainfo.ba\/index.php\/novosti\/item\/314828-sta-ce-biti-sa-106-korisnika-doma-penzionera-tuzla-vijecnici-raspravljali-o-rjesenju\/","og_locale":"bs_BA","og_type":"article","og_title":"\u0160ta \u0107e biti sa 106 korisnika Doma penzionera Tuzla? Vije\u0107nici raspravljali o rje\u0161enju","og_description":"Gradsko vije\u0107e Tuzle danas je na tematskoj sjednici raspravljalo o stanju u JU Dom penzionera Tuzla, nakon \u0161to je kantonalna inspekcija donijela rje\u0161enje kojim se ustanovi privremeno zabranjuje obavljanje djelatnosti socijalne za\u0161tite. Iz Doma penzionera navedeno je da je na rje\u0161enje ulo\u017eena \u017ealba te da ustanova nije zape\u010da\u0107ena, niti su joj blokirani ra\u010duni. Direktorica Andrea [&hellip;]","og_url":"https:\/\/tuzlainfo.ba\/index.php\/novosti\/item\/314828-sta-ce-biti-sa-106-korisnika-doma-penzionera-tuzla-vijecnici-raspravljali-o-rjesenju\/","og_site_name":"TuzlaInfo.ba","article_publisher":"https:\/\/www.facebook.com\/tuzlainfo.ba\/","article_published_time":"2026-09-03T20:18:33+00:00","article_modified_time":"2026-09-03T20:19:25+00:00","og_image":[{"width":1000,"height":676,"url":"https:\/\/tuzlainfo.ba\/wp-content\/uploads\/2025\/11\/0511_dom_penzionera_tuzla-3.jpg","type":"image\/jpeg"}],"author":"nedim","twitter_card":"summary_large_image","twitter_misc":{"Written by":"nedim","Est. reading time":"2 minute"},"schema":{"@context":"https:\/\/schema.org","@graph":[{"@type":"Article","@id":"https:\/\/tuzlainfo.ba\/index.php\/novosti\/item\/314828-sta-ce-biti-sa-106-korisnika-doma-penzionera-tuzla-vijecnici-raspravljali-o-rjesenju\/#article","isPartOf":{"@id":"https:\/\/tuzlainfo.ba\/index.php\/novosti\/item\/314828-sta-ce-biti-sa-106-korisnika-doma-penzionera-tuzla-vijecnici-raspravljali-o-rjesenju\/"},"author":{"name":"nedim","@id":"https:\/\/tuzlainfo.ba\/#\/schema\/person\/f434e20dc27ea133923aab08451b7f7f"},"headline":"\u0160ta \u0107e biti sa 106 korisnika Doma penzionera Tuzla? Vije\u0107nici raspravljali o rje\u0161enju","datePublished":"2026-09-03T20:18:33+00:00","dateModified":"2026-09-03T20:19:25+00:00","mainEntityOfPage":{"@id":"https:\/\/tuzlainfo.ba\/index.php\/novosti\/item\/314828-sta-ce-biti-sa-106-korisnika-doma-penzionera-tuzla-vijecnici-raspravljali-o-rjesenju\/"},"wordCount":208,"publisher":{"@id":"https:\/\/tuzlainfo.ba\/#organization"},"image":{"@id":"https:\/\/tuzlainfo.ba\/index.php\/novosti\/item\/314828-sta-ce-biti-sa-106-korisnika-doma-penzionera-tuzla-vijecnici-raspravljali-o-rjesenju\/#primaryimage"},"thumbnailUrl":"https:\/\/tuzlainfo.ba\/wp-content\/uploads\/2025\/11\/0511_dom_penzionera_tuzla-3.jpg","keywords":["dom penzionera","gradsko vije\u0107e tuzla"],"articleSection":["Istaknuto","Novosti"],"inLanguage":"bs-BA","copyrightYear":"2026","copyrightHolder":{"@id":"https:\/\/tuzlainfo.ba\/#organization"}},{"@type":"WebPage","@id":"https:\/\/tuzlainfo.ba\/index.php\/novosti\/item\/314828-sta-ce-biti-sa-106-korisnika-doma-penzionera-tuzla-vijecnici-raspravljali-o-rjesenju\/","url":"https:\/\/tuzlainfo.ba\/index.php\/novosti\/item\/314828-sta-ce-biti-sa-106-korisnika-doma-penzionera-tuzla-vijecnici-raspravljali-o-rjesenju\/","name":"\u0160ta \u0107e biti sa 106 korisnika Doma penzionera Tuzla? Vije\u0107nici raspravljali o rje\u0161enju","isPartOf":{"@id":"https:\/\/tuzlainfo.ba\/#website"},"primaryImageOfPage":{"@id":"https:\/\/tuzlainfo.ba\/index.php\/novosti\/item\/314828-sta-ce-biti-sa-106-korisnika-doma-penzionera-tuzla-vijecnici-raspravljali-o-rjesenju\/#primaryimage"},"image":{"@id":"https:\/\/tuzlainfo.ba\/index.php\/novosti\/item\/314828-sta-ce-biti-sa-106-korisnika-doma-penzionera-tuzla-vijecnici-raspravljali-o-rjesenju\/#primaryimage"},"thumbnailUrl":"https:\/\/tuzlainfo.ba\/wp-content\/uploads\/2025\/11\/0511_dom_penzionera_tuzla-3.jpg","datePublished":"2026-09-03T20:18:33+00:00","dateModified":"2026-09-03T20:19:25+00:00","breadcrumb":{"@id":"https:\/\/tuzlainfo.ba\/index.php\/novosti\/item\/314828-sta-ce-biti-sa-106-korisnika-doma-penzionera-tuzla-vijecnici-raspravljali-o-rjesenju\/#breadcrumb"},"inLanguage":"bs-BA","potentialAction":[{"@type":"ReadAction","target":["https:\/\/tuzlainfo.ba\/index.php\/novosti\/item\/314828-sta-ce-biti-sa-106-korisnika-doma-penzionera-tuzla-vijecnici-raspravljali-o-rjesenju\/"]}]},{"@type":"ImageObject","inLanguage":"bs-BA","@id":"https:\/\/tuzlainfo.ba\/index.php\/novosti\/item\/314828-sta-ce-biti-sa-106-korisnika-doma-penzionera-tuzla-vijecnici-raspravljali-o-rjesenju\/#primaryimage","url":"https:\/\/tuzlainfo.ba\/wp-content\/uploads\/2025\/11\/0511_dom_penzionera_tuzla-3.jpg","contentUrl":"https:\/\/tuzlainfo.ba\/wp-content\/uploads\/2025\/11\/0511_dom_penzionera_tuzla-3.jpg","width":1000,"height":676},{"@type":"BreadcrumbList","@id":"https:\/\/tuzlainfo.ba\/index.php\/novosti\/item\/314828-sta-ce-biti-sa-106-korisnika-doma-penzionera-tuzla-vijecnici-raspravljali-o-rjesenju\/#breadcrumb","itemListElement":[{"@type":"ListItem","position":1,"name":"Home","item":"https:\/\/tuzlainfo.ba\/"},{"@type":"ListItem","position":2,"name":"\u0160ta \u0107e biti sa 106 korisnika Doma penzionera Tuzla? Vije\u0107nici raspravljali o rje\u0161enju"}]},{"@type":"WebSite","@id":"https:\/\/tuzlainfo.ba\/#website","url":"https:\/\/tuzlainfo.ba\/","name":"TuzlaInfo.ba","description":"Tuzla info, gradski informator - Tuzla na dlanu","publisher":{"@id":"https:\/\/tuzlainfo.ba\/#organization"},"potentialAction":[{"@type":"SearchAction","target":{"@type":"EntryPoint","urlTemplate":"https:\/\/tuzlainfo.ba\/?s={search_term_string}"},"query-input":{"@type":"PropertyValueSpecification","valueRequired":true,"valueName":"search_term_string"}}],"inLanguage":"bs-BA"},{"@type":"Organization","@id":"https:\/\/tuzlainfo.ba\/#organization","name":"TuzlaInfo.ba","url":"https:\/\/tuzlainfo.ba\/","logo":{"@type":"ImageObject","inLanguage":"bs-BA","@id":"https:\/\/tuzlainfo.ba\/#\/schema\/logo\/image\/","url":"https:\/\/tuzlainfo.ba\/wp-content\/uploads\/2021\/03\/logo-ver-3-1.png","contentUrl":"https:\/\/tuzlainfo.ba\/wp-content\/uploads\/2021\/03\/logo-ver-3-1.png","width":350,"height":95,"caption":"TuzlaInfo.ba"},"image":{"@id":"https:\/\/tuzlainfo.ba\/#\/schema\/logo\/image\/"},"sameAs":["https:\/\/www.facebook.com\/tuzlainfo.ba\/"]},{"@type":"Person","@id":"https:\/\/tuzlainfo.ba\/#\/schema\/person\/f434e20dc27ea133923aab08451b7f7f","name":"nedim","image":{"@type":"ImageObject","inLanguage":"bs-BA","@id":"https:\/\/secure.gravatar.com\/avatar\/5b928a2e7e70a54208d2eb6c1edcb75a5350d6ae97d5f0a701203d456823f6f3?s=96&d=mm&r=g","url":"https:\/\/secure.gravatar.com\/avatar\/5b928a2e7e70a54208d2eb6c1edcb75a5350d6ae97d5f0a701203d456823f6f3?s=96&d=mm&r=g","contentUrl":"https:\/\/secure.gravatar.com\/avatar\/5b928a2e7e70a54208d2eb6c1edcb75a5350d6ae97d5f0a701203d456823f6f3?s=96&d=mm&r=g","caption":"nedim"},"description":"Tuzlainfo.ba pratite na dru\u0161tvenim mre\u017eama: Facebook, Instagram i Youtube. Svoje pri\u010de, upite i fotografije \u0161aljite na na\u0161u e-mail adresu."}]}},"_links":{"self":[{"href":"https:\/\/tuzlainfo.ba\/index.php\/wp-json\/wp\/v2\/posts\/314828","targetHints":{"allow":["GET"]}}],"collection":[{"href":"https:\/\/tuzlainfo.ba\/index.php\/wp-json\/wp\/v2\/posts"}],"about":[{"href":"https:\/\/tuzlainfo.ba\/index.php\/wp-json\/wp\/v2\/types\/post"}],"author":[{"embeddable":true,"href":"https:\/\/tuzlainfo.ba\/index.php\/wp-json\/wp\/v2\/users\/2"}],"replies":[{"embeddable":true,"href":"https:\/\/tuzlainfo.ba\/index.php\/wp-json\/wp\/v2\/comments?post=314828"}],"version-history":[{"count":1,"href":"https:\/\/tuzlainfo.ba\/index.php\/wp-json\/wp\/v2\/posts\/314828\/revisions"}],"predecessor-version":[{"id":314829,"href":"https:\/\/tuzlainfo.ba\/index.php\/wp-json\/wp\/v2\/posts\/314828\/revisions\/314829"}],"wp:featuredmedia":[{"embeddable":true,"href":"https:\/\/tuzlainfo.ba\/index.php\/wp-json\/wp\/v2\/media\/285601"}],"wp:attachment":[{"href":"https:\/\/tuzlainfo.ba\/index.php\/wp-json\/wp\/v2\/media?parent=314828"}],"wp:term":[{"taxonomy":"category","embeddable":true,"href":"https:\/\/tuzlainfo.ba\/index.php\/wp-json\/wp\/v2\/categories?post=314828"},{"taxonomy":"post_tag","embeddable":true,"href":"https:\/\/tuzlainfo.ba\/index.php\/wp-json\/wp\/v2\/tags?post=314828"}],"curies":[{"name":"wp","href":"https:\/\/api.w.org\/{rel}","templated":true}]}}