{"id":314819,"date":"2026-09-03T20:41:39","date_gmt":"2026-09-03T18:41:39","guid":{"rendered":"https:\/\/tuzlainfo.ba\/?p=314819"},"modified":"2026-09-03T20:41:39","modified_gmt":"2026-09-03T18:41:39","slug":"srbija-les-zlocinca-mladica-docekala-uz-drzavne-i-vojne-pocasti","status":"publish","type":"post","link":"https:\/\/tuzlainfo.ba\/index.php\/clanci\/sa-svih-strana\/item\/314819-srbija-les-zlocinca-mladica-docekala-uz-drzavne-i-vojne-pocasti\/","title":{"rendered":"Srbija le\u0161 zlo\u010dinca Mladi\u0107a do\u010dekala uz dr\u017eavne i vojne po\u010dasti"},"content":{"rendered":"<p>Tijelo osu\u0111enog ratnog zlo\u010dinca Ratka Mladi\u0107a dopremljeno je danas iz Haga u Beograd avionom Vlade Srbije, a na aerodromu \u201eNikola Tesla\u201c do\u010dekano je uz najvi\u0161e vojne po\u010dasti, objavili su srbijanski mediji.<\/p>\n<p>Avion je sletio oko 18 sati, a kov\u010deg je bio prekriven zastavama Srbije i entiteta RS. Tijelo su prethodno u Hagu preuzeli Mladi\u0107ev sin Darko i k\u0107erka Anastasija, uz dvojicu nekada\u0161njih Mladi\u0107evih li\u010dnih pratilaca Zorana Zrni\u0107a i \u0110or\u0111a Marjanovi\u0107a te ministra pravde Srbije Nenada Vuji\u0107a.<\/p>\n<p>Me\u0111unarodni rezidualni mehanizam za krivi\u010dne sudove ranije je potvrdio da je Mladi\u0107evo tijelo predato porodici. Mladi\u0107 je preminuo 27. augusta u Hagu, gdje je slu\u017eio do\u017eivotnu kaznu zatvora.<\/p>\n<p>Prema najavama iz Srbije, komemoracija \u0107e biti odr\u017eana u subotu, 5. septembra, u Domu Vojske Srbije u Beogradu. Tijelo \u0107e istog dana od 9 do 12.30 sati biti izlo\u017eeno u Crkvi Svetog Luke u Skojevskom naselju na \u010cukarici.<\/p>\n<p>Sahrana je planirana za ponedjeljak, 7. septembra, na Top\u010diderskom groblju. Mladi\u0107eva supruga Bosiljka izjavila je za srbijanske medije da \u0107e biti sahranjen pored k\u0107erke Ane.<\/p>\n<p>Predsjednik Srbije Aleksandar Vu\u010di\u0107 potvrdio je da je tijelo preuzeto iz Haga, navode\u0107i da \u0107e vlasti pru\u017eiti logisti\u010dku i transportnu podr\u0161ku te poduzeti mjere radi o\u010duvanja javnog reda i sigurnosti.<\/p>\n<p>\u201eMi \u0107emo tu da budemo da pru\u017eimo svaku vrstu logisti\u010dke, transportne podr\u0161ke da o\u010duvamo javni red, mir i bezbjednost. To je veoma te\u0161ko za obezbje\u0111ivanje i za garantovanje sigurnosti svima\u201c, kazao je Vu\u010di\u0107.<\/p>\n<p>Ministar pravde Srbije Nenad Vuji\u0107 ranije je najavio da \u0107e Mladi\u0107 biti sahranjen uz najvi\u0161e dr\u017eavne po\u010dasti. Takav odnos dr\u017eavnih vlasti Srbije prema pravosna\u017eno osu\u0111enom ratnom zlo\u010dincu ve\u0107 je izazvao o\u0161tre reakcije i upozorenja iz Evropske unije.<\/p>\n<p>Ratko Mladi\u0107, nekada\u0161nji komandant Vojske entiteta RS, pravosna\u017eno je osu\u0111en na do\u017eivotni zatvor za genocid u Srebrenici, zlo\u010dine protiv \u010dovje\u010dnosti i kr\u0161enja zakona i obi\u010daja ratovanja po\u010dinjena tokom rata u Bosni i Hercegovini. Pravomo\u0107na presuda potvr\u0111ena je 2021. godine.<\/p>\n<p>Utvr\u0111ena je njegova odgovornost, izme\u0111u ostalog, za genocid u Srebrenici, progon, istrebljenje, ubistva, deportacije i prisilno premje\u0161tanje, terorisanje stanovni\u0161tva Sarajeva i uzimanje pripadnika UN-a za taoce.<\/p>\n<p>Evropska komesarka za pro\u0161irenje Marta Kos poru\u010dila je da veli\u010danju Mladi\u0107a nema mjesta ni u Evropskoj uniji ni u dr\u017eavama koje \u017eele postati njene \u010dlanice.<\/p>\n<p>\u201eVeli\u010danje Ratka Mladi\u0107a kao ratnog zlo\u010dinca protivno je temeljnim evropskim vrijednostima i nema mjesta u Evropskoj uniji niti u zemljama koje te\u017ee da postanu \u010dlanice Unije. Nadam se da je vlada u Beogradu svjesna \u0161ta je na kocki\u201c, poru\u010dila je Kos.<\/p>\n<p>Reagovao je i \u010de\u0161ki europarlamentarac Ond\u0159ej Kol\u00e1\u0159, koji je najavio da \u0107e od Marte Kos zatra\u017eiti da razmotri obustavu pristupnih pregovora sa Srbijom zbog veli\u010danja Ratka Mladi\u0107a.<\/p>\n","protected":false},"excerpt":{"rendered":"<p>Tijelo osu\u0111enog ratnog zlo\u010dinca Ratka Mladi\u0107a dopremljeno je danas iz Haga u Beograd avionom Vlade Srbije, a na aerodromu \u201eNikola Tesla\u201c do\u010dekano je uz najvi\u0161e vojne po\u010dasti, objavili su srbijanski mediji. Avion je sletio oko 18 sati, a kov\u010deg je bio prekriven zastavama Srbije i entiteta RS. Tijelo su prethodno u Hagu preuzeli Mladi\u0107ev sin [&hellip;]<\/p>\n","protected":false},"author":2,"featured_media":314820,"comment_status":"closed","ping_status":"closed","sticky":false,"template":"","format":"standard","meta":{"footnotes":""},"categories":[16],"tags":[939,309],"class_list":["post-314819","post","type-post","status-publish","format-standard","has-post-thumbnail","hentry","category-sa-svih-strana","tag-ratko-mladic","tag-srbija"],"yoast_head":"<!-- This site is optimized with the Yoast SEO plugin v28.4 - https:\/\/yoast.com\/product\/yoast-seo-wordpress\/ -->\n<title>Srbija le\u0161 zlo\u010dinca Mladi\u0107a do\u010dekala uz dr\u017eavne i vojne po\u010dasti<\/title>\n<meta name=\"robots\" content=\"index, follow, max-snippet:-1, max-image-preview:large, max-video-preview:-1\" \/>\n<link rel=\"canonical\" href=\"https:\/\/tuzlainfo.ba\/index.php\/clanci\/sa-svih-strana\/item\/314819-srbija-les-zlocinca-mladica-docekala-uz-drzavne-i-vojne-pocasti\/\" \/>\n<meta property=\"og:locale\" content=\"bs_BA\" \/>\n<meta property=\"og:type\" content=\"article\" \/>\n<meta property=\"og:title\" content=\"Srbija le\u0161 zlo\u010dinca Mladi\u0107a do\u010dekala uz dr\u017eavne i vojne po\u010dasti\" \/>\n<meta property=\"og:description\" content=\"Tijelo osu\u0111enog ratnog zlo\u010dinca Ratka Mladi\u0107a dopremljeno je danas iz Haga u Beograd avionom Vlade Srbije, a na aerodromu \u201eNikola Tesla\u201c do\u010dekano je uz najvi\u0161e vojne po\u010dasti, objavili su srbijanski mediji. Avion je sletio oko 18 sati, a kov\u010deg je bio prekriven zastavama Srbije i entiteta RS. Tijelo su prethodno u Hagu preuzeli Mladi\u0107ev sin [&hellip;]\" \/>\n<meta property=\"og:url\" content=\"https:\/\/tuzlainfo.ba\/index.php\/clanci\/sa-svih-strana\/item\/314819-srbija-les-zlocinca-mladica-docekala-uz-drzavne-i-vojne-pocasti\/\" \/>\n<meta property=\"og:site_name\" content=\"TuzlaInfo.ba\" \/>\n<meta property=\"article:publisher\" content=\"https:\/\/www.facebook.com\/tuzlainfo.ba\/\" \/>\n<meta property=\"article:published_time\" content=\"2026-09-03T18:41:39+00:00\" \/>\n<meta property=\"og:image\" content=\"https:\/\/tuzlainfo.ba\/wp-content\/uploads\/2026\/09\/IMG_6361.jpeg\" \/>\n\t<meta property=\"og:image:width\" content=\"979\" \/>\n\t<meta property=\"og:image:height\" content=\"519\" \/>\n\t<meta property=\"og:image:type\" content=\"image\/jpeg\" \/>\n<meta name=\"author\" content=\"nedim\" \/>\n<meta name=\"twitter:card\" content=\"summary_large_image\" \/>\n<meta name=\"twitter:label1\" content=\"Written by\" \/>\n\t<meta name=\"twitter:data1\" content=\"nedim\" \/>\n\t<meta name=\"twitter:label2\" content=\"Est. reading time\" \/>\n\t<meta name=\"twitter:data2\" content=\"3 minute\" \/>\n<script type=\"application\/ld+json\" class=\"yoast-schema-graph\">{\"@context\":\"https:\\\/\\\/schema.org\",\"@graph\":[{\"@type\":\"Article\",\"@id\":\"https:\\\/\\\/tuzlainfo.ba\\\/index.php\\\/clanci\\\/sa-svih-strana\\\/item\\\/314819-srbija-les-zlocinca-mladica-docekala-uz-drzavne-i-vojne-pocasti\\\/#article\",\"isPartOf\":{\"@id\":\"https:\\\/\\\/tuzlainfo.ba\\\/index.php\\\/clanci\\\/sa-svih-strana\\\/item\\\/314819-srbija-les-zlocinca-mladica-docekala-uz-drzavne-i-vojne-pocasti\\\/\"},\"author\":{\"name\":\"nedim\",\"@id\":\"https:\\\/\\\/tuzlainfo.ba\\\/#\\\/schema\\\/person\\\/f434e20dc27ea133923aab08451b7f7f\"},\"headline\":\"Srbija le\u0161 zlo\u010dinca Mladi\u0107a do\u010dekala uz dr\u017eavne i vojne po\u010dasti\",\"datePublished\":\"2026-09-03T18:41:39+00:00\",\"mainEntityOfPage\":{\"@id\":\"https:\\\/\\\/tuzlainfo.ba\\\/index.php\\\/clanci\\\/sa-svih-strana\\\/item\\\/314819-srbija-les-zlocinca-mladica-docekala-uz-drzavne-i-vojne-pocasti\\\/\"},\"wordCount\":510,\"publisher\":{\"@id\":\"https:\\\/\\\/tuzlainfo.ba\\\/#organization\"},\"image\":{\"@id\":\"https:\\\/\\\/tuzlainfo.ba\\\/index.php\\\/clanci\\\/sa-svih-strana\\\/item\\\/314819-srbija-les-zlocinca-mladica-docekala-uz-drzavne-i-vojne-pocasti\\\/#primaryimage\"},\"thumbnailUrl\":\"https:\\\/\\\/tuzlainfo.ba\\\/wp-content\\\/uploads\\\/2026\\\/09\\\/IMG_6361.jpeg\",\"keywords\":[\"ratko mladi\u0107\",\"srbija\"],\"articleSection\":[\"Sa svih strana\"],\"inLanguage\":\"bs-BA\",\"copyrightYear\":\"2026\",\"copyrightHolder\":{\"@id\":\"https:\\\/\\\/tuzlainfo.ba\\\/#organization\"}},{\"@type\":\"WebPage\",\"@id\":\"https:\\\/\\\/tuzlainfo.ba\\\/index.php\\\/clanci\\\/sa-svih-strana\\\/item\\\/314819-srbija-les-zlocinca-mladica-docekala-uz-drzavne-i-vojne-pocasti\\\/\",\"url\":\"https:\\\/\\\/tuzlainfo.ba\\\/index.php\\\/clanci\\\/sa-svih-strana\\\/item\\\/314819-srbija-les-zlocinca-mladica-docekala-uz-drzavne-i-vojne-pocasti\\\/\",\"name\":\"Srbija le\u0161 zlo\u010dinca Mladi\u0107a do\u010dekala uz dr\u017eavne i vojne po\u010dasti\",\"isPartOf\":{\"@id\":\"https:\\\/\\\/tuzlainfo.ba\\\/#website\"},\"primaryImageOfPage\":{\"@id\":\"https:\\\/\\\/tuzlainfo.ba\\\/index.php\\\/clanci\\\/sa-svih-strana\\\/item\\\/314819-srbija-les-zlocinca-mladica-docekala-uz-drzavne-i-vojne-pocasti\\\/#primaryimage\"},\"image\":{\"@id\":\"https:\\\/\\\/tuzlainfo.ba\\\/index.php\\\/clanci\\\/sa-svih-strana\\\/item\\\/314819-srbija-les-zlocinca-mladica-docekala-uz-drzavne-i-vojne-pocasti\\\/#primaryimage\"},\"thumbnailUrl\":\"https:\\\/\\\/tuzlainfo.ba\\\/wp-content\\\/uploads\\\/2026\\\/09\\\/IMG_6361.jpeg\",\"datePublished\":\"2026-09-03T18:41:39+00:00\",\"breadcrumb\":{\"@id\":\"https:\\\/\\\/tuzlainfo.ba\\\/index.php\\\/clanci\\\/sa-svih-strana\\\/item\\\/314819-srbija-les-zlocinca-mladica-docekala-uz-drzavne-i-vojne-pocasti\\\/#breadcrumb\"},\"inLanguage\":\"bs-BA\",\"potentialAction\":[{\"@type\":\"ReadAction\",\"target\":[\"https:\\\/\\\/tuzlainfo.ba\\\/index.php\\\/clanci\\\/sa-svih-strana\\\/item\\\/314819-srbija-les-zlocinca-mladica-docekala-uz-drzavne-i-vojne-pocasti\\\/\"]}]},{\"@type\":\"ImageObject\",\"inLanguage\":\"bs-BA\",\"@id\":\"https:\\\/\\\/tuzlainfo.ba\\\/index.php\\\/clanci\\\/sa-svih-strana\\\/item\\\/314819-srbija-les-zlocinca-mladica-docekala-uz-drzavne-i-vojne-pocasti\\\/#primaryimage\",\"url\":\"https:\\\/\\\/tuzlainfo.ba\\\/wp-content\\\/uploads\\\/2026\\\/09\\\/IMG_6361.jpeg\",\"contentUrl\":\"https:\\\/\\\/tuzlainfo.ba\\\/wp-content\\\/uploads\\\/2026\\\/09\\\/IMG_6361.jpeg\",\"width\":979,\"height\":519,\"caption\":\"Screenshot\"},{\"@type\":\"BreadcrumbList\",\"@id\":\"https:\\\/\\\/tuzlainfo.ba\\\/index.php\\\/clanci\\\/sa-svih-strana\\\/item\\\/314819-srbija-les-zlocinca-mladica-docekala-uz-drzavne-i-vojne-pocasti\\\/#breadcrumb\",\"itemListElement\":[{\"@type\":\"ListItem\",\"position\":1,\"name\":\"Home\",\"item\":\"https:\\\/\\\/tuzlainfo.ba\\\/\"},{\"@type\":\"ListItem\",\"position\":2,\"name\":\"Srbija le\u0161 zlo\u010dinca Mladi\u0107a do\u010dekala uz dr\u017eavne i vojne po\u010dasti\"}]},{\"@type\":\"WebSite\",\"@id\":\"https:\\\/\\\/tuzlainfo.ba\\\/#website\",\"url\":\"https:\\\/\\\/tuzlainfo.ba\\\/\",\"name\":\"TuzlaInfo.ba\",\"description\":\"Tuzla info, gradski informator - Tuzla na dlanu\",\"publisher\":{\"@id\":\"https:\\\/\\\/tuzlainfo.ba\\\/#organization\"},\"potentialAction\":[{\"@type\":\"SearchAction\",\"target\":{\"@type\":\"EntryPoint\",\"urlTemplate\":\"https:\\\/\\\/tuzlainfo.ba\\\/?s={search_term_string}\"},\"query-input\":{\"@type\":\"PropertyValueSpecification\",\"valueRequired\":true,\"valueName\":\"search_term_string\"}}],\"inLanguage\":\"bs-BA\"},{\"@type\":\"Organization\",\"@id\":\"https:\\\/\\\/tuzlainfo.ba\\\/#organization\",\"name\":\"TuzlaInfo.ba\",\"url\":\"https:\\\/\\\/tuzlainfo.ba\\\/\",\"logo\":{\"@type\":\"ImageObject\",\"inLanguage\":\"bs-BA\",\"@id\":\"https:\\\/\\\/tuzlainfo.ba\\\/#\\\/schema\\\/logo\\\/image\\\/\",\"url\":\"https:\\\/\\\/tuzlainfo.ba\\\/wp-content\\\/uploads\\\/2021\\\/03\\\/logo-ver-3-1.png\",\"contentUrl\":\"https:\\\/\\\/tuzlainfo.ba\\\/wp-content\\\/uploads\\\/2021\\\/03\\\/logo-ver-3-1.png\",\"width\":350,\"height\":95,\"caption\":\"TuzlaInfo.ba\"},\"image\":{\"@id\":\"https:\\\/\\\/tuzlainfo.ba\\\/#\\\/schema\\\/logo\\\/image\\\/\"},\"sameAs\":[\"https:\\\/\\\/www.facebook.com\\\/tuzlainfo.ba\\\/\"]},{\"@type\":\"Person\",\"@id\":\"https:\\\/\\\/tuzlainfo.ba\\\/#\\\/schema\\\/person\\\/f434e20dc27ea133923aab08451b7f7f\",\"name\":\"nedim\",\"image\":{\"@type\":\"ImageObject\",\"inLanguage\":\"bs-BA\",\"@id\":\"https:\\\/\\\/secure.gravatar.com\\\/avatar\\\/5b928a2e7e70a54208d2eb6c1edcb75a5350d6ae97d5f0a701203d456823f6f3?s=96&d=mm&r=g\",\"url\":\"https:\\\/\\\/secure.gravatar.com\\\/avatar\\\/5b928a2e7e70a54208d2eb6c1edcb75a5350d6ae97d5f0a701203d456823f6f3?s=96&d=mm&r=g\",\"contentUrl\":\"https:\\\/\\\/secure.gravatar.com\\\/avatar\\\/5b928a2e7e70a54208d2eb6c1edcb75a5350d6ae97d5f0a701203d456823f6f3?s=96&d=mm&r=g\",\"caption\":\"nedim\"},\"description\":\"Tuzlainfo.ba pratite na dru\u0161tvenim mre\u017eama: Facebook, Instagram i Youtube. Svoje pri\u010de, upite i fotografije \u0161aljite na na\u0161u e-mail adresu.\"}]}<\/script>\n<!-- \/ Yoast SEO plugin. -->","yoast_head_json":{"title":"Srbija le\u0161 zlo\u010dinca Mladi\u0107a do\u010dekala uz dr\u017eavne i vojne po\u010dasti","robots":{"index":"index","follow":"follow","max-snippet":"max-snippet:-1","max-image-preview":"max-image-preview:large","max-video-preview":"max-video-preview:-1"},"canonical":"https:\/\/tuzlainfo.ba\/index.php\/clanci\/sa-svih-strana\/item\/314819-srbija-les-zlocinca-mladica-docekala-uz-drzavne-i-vojne-pocasti\/","og_locale":"bs_BA","og_type":"article","og_title":"Srbija le\u0161 zlo\u010dinca Mladi\u0107a do\u010dekala uz dr\u017eavne i vojne po\u010dasti","og_description":"Tijelo osu\u0111enog ratnog zlo\u010dinca Ratka Mladi\u0107a dopremljeno je danas iz Haga u Beograd avionom Vlade Srbije, a na aerodromu \u201eNikola Tesla\u201c do\u010dekano je uz najvi\u0161e vojne po\u010dasti, objavili su srbijanski mediji. Avion je sletio oko 18 sati, a kov\u010deg je bio prekriven zastavama Srbije i entiteta RS. Tijelo su prethodno u Hagu preuzeli Mladi\u0107ev sin [&hellip;]","og_url":"https:\/\/tuzlainfo.ba\/index.php\/clanci\/sa-svih-strana\/item\/314819-srbija-les-zlocinca-mladica-docekala-uz-drzavne-i-vojne-pocasti\/","og_site_name":"TuzlaInfo.ba","article_publisher":"https:\/\/www.facebook.com\/tuzlainfo.ba\/","article_published_time":"2026-09-03T18:41:39+00:00","og_image":[{"width":979,"height":519,"url":"https:\/\/tuzlainfo.ba\/wp-content\/uploads\/2026\/09\/IMG_6361.jpeg","type":"image\/jpeg"}],"author":"nedim","twitter_card":"summary_large_image","twitter_misc":{"Written by":"nedim","Est. reading time":"3 minute"},"schema":{"@context":"https:\/\/schema.org","@graph":[{"@type":"Article","@id":"https:\/\/tuzlainfo.ba\/index.php\/clanci\/sa-svih-strana\/item\/314819-srbija-les-zlocinca-mladica-docekala-uz-drzavne-i-vojne-pocasti\/#article","isPartOf":{"@id":"https:\/\/tuzlainfo.ba\/index.php\/clanci\/sa-svih-strana\/item\/314819-srbija-les-zlocinca-mladica-docekala-uz-drzavne-i-vojne-pocasti\/"},"author":{"name":"nedim","@id":"https:\/\/tuzlainfo.ba\/#\/schema\/person\/f434e20dc27ea133923aab08451b7f7f"},"headline":"Srbija le\u0161 zlo\u010dinca Mladi\u0107a do\u010dekala uz dr\u017eavne i vojne po\u010dasti","datePublished":"2026-09-03T18:41:39+00:00","mainEntityOfPage":{"@id":"https:\/\/tuzlainfo.ba\/index.php\/clanci\/sa-svih-strana\/item\/314819-srbija-les-zlocinca-mladica-docekala-uz-drzavne-i-vojne-pocasti\/"},"wordCount":510,"publisher":{"@id":"https:\/\/tuzlainfo.ba\/#organization"},"image":{"@id":"https:\/\/tuzlainfo.ba\/index.php\/clanci\/sa-svih-strana\/item\/314819-srbija-les-zlocinca-mladica-docekala-uz-drzavne-i-vojne-pocasti\/#primaryimage"},"thumbnailUrl":"https:\/\/tuzlainfo.ba\/wp-content\/uploads\/2026\/09\/IMG_6361.jpeg","keywords":["ratko mladi\u0107","srbija"],"articleSection":["Sa svih strana"],"inLanguage":"bs-BA","copyrightYear":"2026","copyrightHolder":{"@id":"https:\/\/tuzlainfo.ba\/#organization"}},{"@type":"WebPage","@id":"https:\/\/tuzlainfo.ba\/index.php\/clanci\/sa-svih-strana\/item\/314819-srbija-les-zlocinca-mladica-docekala-uz-drzavne-i-vojne-pocasti\/","url":"https:\/\/tuzlainfo.ba\/index.php\/clanci\/sa-svih-strana\/item\/314819-srbija-les-zlocinca-mladica-docekala-uz-drzavne-i-vojne-pocasti\/","name":"Srbija le\u0161 zlo\u010dinca Mladi\u0107a do\u010dekala uz dr\u017eavne i vojne po\u010dasti","isPartOf":{"@id":"https:\/\/tuzlainfo.ba\/#website"},"primaryImageOfPage":{"@id":"https:\/\/tuzlainfo.ba\/index.php\/clanci\/sa-svih-strana\/item\/314819-srbija-les-zlocinca-mladica-docekala-uz-drzavne-i-vojne-pocasti\/#primaryimage"},"image":{"@id":"https:\/\/tuzlainfo.ba\/index.php\/clanci\/sa-svih-strana\/item\/314819-srbija-les-zlocinca-mladica-docekala-uz-drzavne-i-vojne-pocasti\/#primaryimage"},"thumbnailUrl":"https:\/\/tuzlainfo.ba\/wp-content\/uploads\/2026\/09\/IMG_6361.jpeg","datePublished":"2026-09-03T18:41:39+00:00","breadcrumb":{"@id":"https:\/\/tuzlainfo.ba\/index.php\/clanci\/sa-svih-strana\/item\/314819-srbija-les-zlocinca-mladica-docekala-uz-drzavne-i-vojne-pocasti\/#breadcrumb"},"inLanguage":"bs-BA","potentialAction":[{"@type":"ReadAction","target":["https:\/\/tuzlainfo.ba\/index.php\/clanci\/sa-svih-strana\/item\/314819-srbija-les-zlocinca-mladica-docekala-uz-drzavne-i-vojne-pocasti\/"]}]},{"@type":"ImageObject","inLanguage":"bs-BA","@id":"https:\/\/tuzlainfo.ba\/index.php\/clanci\/sa-svih-strana\/item\/314819-srbija-les-zlocinca-mladica-docekala-uz-drzavne-i-vojne-pocasti\/#primaryimage","url":"https:\/\/tuzlainfo.ba\/wp-content\/uploads\/2026\/09\/IMG_6361.jpeg","contentUrl":"https:\/\/tuzlainfo.ba\/wp-content\/uploads\/2026\/09\/IMG_6361.jpeg","width":979,"height":519,"caption":"Screenshot"},{"@type":"BreadcrumbList","@id":"https:\/\/tuzlainfo.ba\/index.php\/clanci\/sa-svih-strana\/item\/314819-srbija-les-zlocinca-mladica-docekala-uz-drzavne-i-vojne-pocasti\/#breadcrumb","itemListElement":[{"@type":"ListItem","position":1,"name":"Home","item":"https:\/\/tuzlainfo.ba\/"},{"@type":"ListItem","position":2,"name":"Srbija le\u0161 zlo\u010dinca Mladi\u0107a do\u010dekala uz dr\u017eavne i vojne po\u010dasti"}]},{"@type":"WebSite","@id":"https:\/\/tuzlainfo.ba\/#website","url":"https:\/\/tuzlainfo.ba\/","name":"TuzlaInfo.ba","description":"Tuzla info, gradski informator - Tuzla na dlanu","publisher":{"@id":"https:\/\/tuzlainfo.ba\/#organization"},"potentialAction":[{"@type":"SearchAction","target":{"@type":"EntryPoint","urlTemplate":"https:\/\/tuzlainfo.ba\/?s={search_term_string}"},"query-input":{"@type":"PropertyValueSpecification","valueRequired":true,"valueName":"search_term_string"}}],"inLanguage":"bs-BA"},{"@type":"Organization","@id":"https:\/\/tuzlainfo.ba\/#organization","name":"TuzlaInfo.ba","url":"https:\/\/tuzlainfo.ba\/","logo":{"@type":"ImageObject","inLanguage":"bs-BA","@id":"https:\/\/tuzlainfo.ba\/#\/schema\/logo\/image\/","url":"https:\/\/tuzlainfo.ba\/wp-content\/uploads\/2021\/03\/logo-ver-3-1.png","contentUrl":"https:\/\/tuzlainfo.ba\/wp-content\/uploads\/2021\/03\/logo-ver-3-1.png","width":350,"height":95,"caption":"TuzlaInfo.ba"},"image":{"@id":"https:\/\/tuzlainfo.ba\/#\/schema\/logo\/image\/"},"sameAs":["https:\/\/www.facebook.com\/tuzlainfo.ba\/"]},{"@type":"Person","@id":"https:\/\/tuzlainfo.ba\/#\/schema\/person\/f434e20dc27ea133923aab08451b7f7f","name":"nedim","image":{"@type":"ImageObject","inLanguage":"bs-BA","@id":"https:\/\/secure.gravatar.com\/avatar\/5b928a2e7e70a54208d2eb6c1edcb75a5350d6ae97d5f0a701203d456823f6f3?s=96&d=mm&r=g","url":"https:\/\/secure.gravatar.com\/avatar\/5b928a2e7e70a54208d2eb6c1edcb75a5350d6ae97d5f0a701203d456823f6f3?s=96&d=mm&r=g","contentUrl":"https:\/\/secure.gravatar.com\/avatar\/5b928a2e7e70a54208d2eb6c1edcb75a5350d6ae97d5f0a701203d456823f6f3?s=96&d=mm&r=g","caption":"nedim"},"description":"Tuzlainfo.ba pratite na dru\u0161tvenim mre\u017eama: Facebook, Instagram i Youtube. Svoje pri\u010de, upite i fotografije \u0161aljite na na\u0161u e-mail adresu."}]}},"_links":{"self":[{"href":"https:\/\/tuzlainfo.ba\/index.php\/wp-json\/wp\/v2\/posts\/314819","targetHints":{"allow":["GET"]}}],"collection":[{"href":"https:\/\/tuzlainfo.ba\/index.php\/wp-json\/wp\/v2\/posts"}],"about":[{"href":"https:\/\/tuzlainfo.ba\/index.php\/wp-json\/wp\/v2\/types\/post"}],"author":[{"embeddable":true,"href":"https:\/\/tuzlainfo.ba\/index.php\/wp-json\/wp\/v2\/users\/2"}],"replies":[{"embeddable":true,"href":"https:\/\/tuzlainfo.ba\/index.php\/wp-json\/wp\/v2\/comments?post=314819"}],"version-history":[{"count":1,"href":"https:\/\/tuzlainfo.ba\/index.php\/wp-json\/wp\/v2\/posts\/314819\/revisions"}],"predecessor-version":[{"id":314821,"href":"https:\/\/tuzlainfo.ba\/index.php\/wp-json\/wp\/v2\/posts\/314819\/revisions\/314821"}],"wp:featuredmedia":[{"embeddable":true,"href":"https:\/\/tuzlainfo.ba\/index.php\/wp-json\/wp\/v2\/media\/314820"}],"wp:attachment":[{"href":"https:\/\/tuzlainfo.ba\/index.php\/wp-json\/wp\/v2\/media?parent=314819"}],"wp:term":[{"taxonomy":"category","embeddable":true,"href":"https:\/\/tuzlainfo.ba\/index.php\/wp-json\/wp\/v2\/categories?post=314819"},{"taxonomy":"post_tag","embeddable":true,"href":"https:\/\/tuzlainfo.ba\/index.php\/wp-json\/wp\/v2\/tags?post=314819"}],"curies":[{"name":"wp","href":"https:\/\/api.w.org\/{rel}","templated":true}]}}