{"id":314811,"date":"2026-09-03T18:15:16","date_gmt":"2026-09-03T16:15:16","guid":{"rendered":"https:\/\/tuzlainfo.ba\/?p=314811"},"modified":"2026-09-03T18:15:16","modified_gmt":"2026-09-03T16:15:16","slug":"halilagic-sa-zeps-a-pozvao-na-brze-povezivanje-tuzle-zenice-i-sarajeva","status":"publish","type":"post","link":"https:\/\/tuzlainfo.ba\/index.php\/novosti\/item\/314811-halilagic-sa-zeps-a-pozvao-na-brze-povezivanje-tuzle-zenice-i-sarajeva\/","title":{"rendered":"Halilagi\u0107 sa ZEPS-a pozvao na br\u017ee povezivanje Tuzle, Zenice i Sarajeva"},"content":{"rendered":"<p class=\"PDq2pG_selectionAnchorContainer\" data-start=\"75\" data-end=\"283\">Premijer Tuzlanskog kantona Irfan Halilagi\u0107 boravio je danas u Zenici, gdje je u okviru Me\u0111unarodnog generalnog BH sajma privrede ZEPS 2026. prisustvovao otvaranju posebnog sajamskog koncepta \u201eDan Gra\u010danice\u201c.<\/p>\n<p data-start=\"285\" data-end=\"611\">Grad Gra\u010danica partner je ovogodi\u0161njeg ZEPS-a, a gra\u010dani\u010dka privreda predstavljena je kroz koncept \u201eMade in Gra\u010danica\u201c. Na oko 800 kvadratnih metara izlo\u017ebenog prostora predstavljeno je vi\u0161e od 20 kompanija, od velikih proizvodnih i izvozno orijentiranih firmi do malih biznisa, obrta, start-up projekata i mladih poduzetnika.<\/p>\n<p data-start=\"613\" data-end=\"779\">Halilagi\u0107 je istakao da slogan ovogodi\u0161njeg ZEPS-a \u201eBUSINESS FIRST\u201c posebno odgovara Gra\u010danici, kao sredini prepoznatljivoj po razvijenom poduzetni\u0161tvu i proizvodnji.<\/p>\n<p data-start=\"781\" data-end=\"1026\">\u201eKada ka\u017eemo Gra\u010danica, prve asocijacije su rad, proizvodnja, poduzetni\u0161tvo, obrt i ljudi koji ne \u010dekaju priliku, nego je stvaraju. Zato Gra\u010danica danas na ZEPS nije do\u0161la samo kao gost. Gra\u010danica je ovdje do\u0161la kao partner\u201c, kazao je Halilagi\u0107.<\/p>\n<p data-start=\"1028\" data-end=\"1421\">Govore\u0107i o potrebama realnog sektora, premijer TK posebno je ukazao na zna\u010daj moderne saobra\u0107ajne infrastrukture. Iz Zenice je ponovo aktuelizirao pitanje kvalitetnijeg cestovnog povezivanja Tuzlanskog kantona sa Zenicom i Sarajevom, ocijeniv\u0161i da ova tri urbana i privredna centra, zajedno s industrijskim sredinama koje im gravitiraju, \u010dine privredno izuzetno zna\u010dajan razvojni trokut u BiH.<\/p>\n<p data-start=\"1423\" data-end=\"1553\">U tom kontekstu izdvojio je Y-krak, odnosno autocestovnu vezu Tuzla \u2013 \u017dep\u010de, kojom bi Tuzlanski kanton bio povezan s Koridorom Vc.<\/p>\n<p data-start=\"1555\" data-end=\"1904\">\u201eY-krak, odnosno autocestovna veza Tuzla \u2013 \u017dep\u010de i priklju\u010dak Tuzlanskog kantona na Koridor Vc, nije samo pitanje kilometara asfalta. To je razvojna arterija koja na\u0161oj privredi treba otvoriti br\u017ei put prema evropskim tr\u017ei\u0161tima. Za privrednika to zna\u010di kra\u0107e vrijeme transporta, ni\u017ee logisti\u010dke tro\u0161kove i ve\u0107u konkurentnost\u201c, naglasio je Halilagi\u0107.<\/p>\n<p data-start=\"1906\" data-end=\"2063\">Prema njegovim rije\u010dima, realizacija takvog projekta trebala bi biti zajedni\u010dki interes privrede, lokalnih zajednica te kantonalnih i federalnih institucija.<\/p>\n<p data-start=\"2065\" data-end=\"2406\">\u201ePrivredi poma\u017eemo grantovima, kreditnim linijama i drugim programima, i to \u0107emo nastaviti \u010diniti, ali jedna od najve\u0107ih podr\u0161ki koju joj mo\u017eemo pru\u017eiti jeste otvoriti joj kvalitetniji i br\u017ei put prema tr\u017ei\u0161tu. Privreda Gra\u010danice ve\u0107 je spremna za evropsko tr\u017ei\u0161te, a na\u0161 posao je da joj napravimo br\u017ei put do njega\u201c, poru\u010dio je premijer TK.<\/p>\n<p data-start=\"2408\" data-end=\"2674\">Nakon otvaranja, Halilagi\u0107 je zajedno s premijerom Zeni\u010dko-dobojskog kantona Nezirom Pivi\u0107em, doma\u0107inima i drugim zvanicama obi\u0161ao izlo\u017ebene prostore gra\u010dani\u010dkih kompanija i razgovarao s privrednicima o proizvodnji, planiranim investicijama i izazovima u poslovanju.<\/p>\n","protected":false},"excerpt":{"rendered":"<p>Premijer Tuzlanskog kantona Irfan Halilagi\u0107 boravio je danas u Zenici, gdje je u okviru Me\u0111unarodnog generalnog BH sajma privrede ZEPS 2026. prisustvovao otvaranju posebnog sajamskog koncepta \u201eDan Gra\u010danice\u201c. Grad Gra\u010danica partner je ovogodi\u0161njeg ZEPS-a, a gra\u010dani\u010dka privreda predstavljena je kroz koncept \u201eMade in Gra\u010danica\u201c. Na oko 800 kvadratnih metara izlo\u017ebenog prostora predstavljeno je vi\u0161e od [&hellip;]<\/p>\n","protected":false},"author":2,"featured_media":314812,"comment_status":"closed","ping_status":"closed","sticky":false,"template":"","format":"standard","meta":{"footnotes":""},"categories":[304,12],"tags":[584,336],"class_list":["post-314811","post","type-post","status-publish","format-standard","has-post-thumbnail","hentry","category-istaknuto","category-novosti","tag-gracanica","tag-vlada-tk"],"yoast_head":"<!-- This site is optimized with the Yoast SEO plugin v28.4 - https:\/\/yoast.com\/product\/yoast-seo-wordpress\/ -->\n<title>Halilagi\u0107 sa ZEPS-a pozvao na br\u017ee povezivanje Tuzle, Zenice i Sarajeva<\/title>\n<meta name=\"robots\" content=\"index, follow, max-snippet:-1, max-image-preview:large, max-video-preview:-1\" \/>\n<link rel=\"canonical\" href=\"https:\/\/tuzlainfo.ba\/index.php\/novosti\/item\/314811-halilagic-sa-zeps-a-pozvao-na-brze-povezivanje-tuzle-zenice-i-sarajeva\/\" \/>\n<meta property=\"og:locale\" content=\"bs_BA\" \/>\n<meta property=\"og:type\" content=\"article\" \/>\n<meta property=\"og:title\" content=\"Halilagi\u0107 sa ZEPS-a pozvao na br\u017ee povezivanje Tuzle, Zenice i Sarajeva\" \/>\n<meta property=\"og:description\" content=\"Premijer Tuzlanskog kantona Irfan Halilagi\u0107 boravio je danas u Zenici, gdje je u okviru Me\u0111unarodnog generalnog BH sajma privrede ZEPS 2026. prisustvovao otvaranju posebnog sajamskog koncepta \u201eDan Gra\u010danice\u201c. Grad Gra\u010danica partner je ovogodi\u0161njeg ZEPS-a, a gra\u010dani\u010dka privreda predstavljena je kroz koncept \u201eMade in Gra\u010danica\u201c. Na oko 800 kvadratnih metara izlo\u017ebenog prostora predstavljeno je vi\u0161e od [&hellip;]\" \/>\n<meta property=\"og:url\" content=\"https:\/\/tuzlainfo.ba\/index.php\/novosti\/item\/314811-halilagic-sa-zeps-a-pozvao-na-brze-povezivanje-tuzle-zenice-i-sarajeva\/\" \/>\n<meta property=\"og:site_name\" content=\"TuzlaInfo.ba\" \/>\n<meta property=\"article:publisher\" content=\"https:\/\/www.facebook.com\/tuzlainfo.ba\/\" \/>\n<meta property=\"article:published_time\" content=\"2026-09-03T16:15:16+00:00\" \/>\n<meta property=\"og:image\" content=\"https:\/\/tuzlainfo.ba\/wp-content\/uploads\/2026\/09\/0309_halilagic_zeps.jpg\" \/>\n\t<meta property=\"og:image:width\" content=\"1000\" \/>\n\t<meta property=\"og:image:height\" content=\"562\" \/>\n\t<meta property=\"og:image:type\" content=\"image\/jpeg\" \/>\n<meta name=\"author\" content=\"nedim\" \/>\n<meta name=\"twitter:card\" content=\"summary_large_image\" \/>\n<meta name=\"twitter:label1\" content=\"Written by\" \/>\n\t<meta name=\"twitter:data1\" content=\"nedim\" \/>\n\t<meta name=\"twitter:label2\" content=\"Est. reading time\" \/>\n\t<meta name=\"twitter:data2\" content=\"3 minute\" \/>\n<script type=\"application\/ld+json\" class=\"yoast-schema-graph\">{\"@context\":\"https:\\\/\\\/schema.org\",\"@graph\":[{\"@type\":\"Article\",\"@id\":\"https:\\\/\\\/tuzlainfo.ba\\\/index.php\\\/novosti\\\/item\\\/314811-halilagic-sa-zeps-a-pozvao-na-brze-povezivanje-tuzle-zenice-i-sarajeva\\\/#article\",\"isPartOf\":{\"@id\":\"https:\\\/\\\/tuzlainfo.ba\\\/index.php\\\/novosti\\\/item\\\/314811-halilagic-sa-zeps-a-pozvao-na-brze-povezivanje-tuzle-zenice-i-sarajeva\\\/\"},\"author\":{\"name\":\"nedim\",\"@id\":\"https:\\\/\\\/tuzlainfo.ba\\\/#\\\/schema\\\/person\\\/f434e20dc27ea133923aab08451b7f7f\"},\"headline\":\"Halilagi\u0107 sa ZEPS-a pozvao na br\u017ee povezivanje Tuzle, Zenice i Sarajeva\",\"datePublished\":\"2026-09-03T16:15:16+00:00\",\"mainEntityOfPage\":{\"@id\":\"https:\\\/\\\/tuzlainfo.ba\\\/index.php\\\/novosti\\\/item\\\/314811-halilagic-sa-zeps-a-pozvao-na-brze-povezivanje-tuzle-zenice-i-sarajeva\\\/\"},\"wordCount\":425,\"publisher\":{\"@id\":\"https:\\\/\\\/tuzlainfo.ba\\\/#organization\"},\"image\":{\"@id\":\"https:\\\/\\\/tuzlainfo.ba\\\/index.php\\\/novosti\\\/item\\\/314811-halilagic-sa-zeps-a-pozvao-na-brze-povezivanje-tuzle-zenice-i-sarajeva\\\/#primaryimage\"},\"thumbnailUrl\":\"https:\\\/\\\/tuzlainfo.ba\\\/wp-content\\\/uploads\\\/2026\\\/09\\\/0309_halilagic_zeps.jpg\",\"keywords\":[\"gra\u010danica\",\"vlada tk\"],\"articleSection\":[\"Istaknuto\",\"Novosti\"],\"inLanguage\":\"bs-BA\",\"copyrightYear\":\"2026\",\"copyrightHolder\":{\"@id\":\"https:\\\/\\\/tuzlainfo.ba\\\/#organization\"}},{\"@type\":\"WebPage\",\"@id\":\"https:\\\/\\\/tuzlainfo.ba\\\/index.php\\\/novosti\\\/item\\\/314811-halilagic-sa-zeps-a-pozvao-na-brze-povezivanje-tuzle-zenice-i-sarajeva\\\/\",\"url\":\"https:\\\/\\\/tuzlainfo.ba\\\/index.php\\\/novosti\\\/item\\\/314811-halilagic-sa-zeps-a-pozvao-na-brze-povezivanje-tuzle-zenice-i-sarajeva\\\/\",\"name\":\"Halilagi\u0107 sa ZEPS-a pozvao na br\u017ee povezivanje Tuzle, Zenice i Sarajeva\",\"isPartOf\":{\"@id\":\"https:\\\/\\\/tuzlainfo.ba\\\/#website\"},\"primaryImageOfPage\":{\"@id\":\"https:\\\/\\\/tuzlainfo.ba\\\/index.php\\\/novosti\\\/item\\\/314811-halilagic-sa-zeps-a-pozvao-na-brze-povezivanje-tuzle-zenice-i-sarajeva\\\/#primaryimage\"},\"image\":{\"@id\":\"https:\\\/\\\/tuzlainfo.ba\\\/index.php\\\/novosti\\\/item\\\/314811-halilagic-sa-zeps-a-pozvao-na-brze-povezivanje-tuzle-zenice-i-sarajeva\\\/#primaryimage\"},\"thumbnailUrl\":\"https:\\\/\\\/tuzlainfo.ba\\\/wp-content\\\/uploads\\\/2026\\\/09\\\/0309_halilagic_zeps.jpg\",\"datePublished\":\"2026-09-03T16:15:16+00:00\",\"breadcrumb\":{\"@id\":\"https:\\\/\\\/tuzlainfo.ba\\\/index.php\\\/novosti\\\/item\\\/314811-halilagic-sa-zeps-a-pozvao-na-brze-povezivanje-tuzle-zenice-i-sarajeva\\\/#breadcrumb\"},\"inLanguage\":\"bs-BA\",\"potentialAction\":[{\"@type\":\"ReadAction\",\"target\":[\"https:\\\/\\\/tuzlainfo.ba\\\/index.php\\\/novosti\\\/item\\\/314811-halilagic-sa-zeps-a-pozvao-na-brze-povezivanje-tuzle-zenice-i-sarajeva\\\/\"]}]},{\"@type\":\"ImageObject\",\"inLanguage\":\"bs-BA\",\"@id\":\"https:\\\/\\\/tuzlainfo.ba\\\/index.php\\\/novosti\\\/item\\\/314811-halilagic-sa-zeps-a-pozvao-na-brze-povezivanje-tuzle-zenice-i-sarajeva\\\/#primaryimage\",\"url\":\"https:\\\/\\\/tuzlainfo.ba\\\/wp-content\\\/uploads\\\/2026\\\/09\\\/0309_halilagic_zeps.jpg\",\"contentUrl\":\"https:\\\/\\\/tuzlainfo.ba\\\/wp-content\\\/uploads\\\/2026\\\/09\\\/0309_halilagic_zeps.jpg\",\"width\":1000,\"height\":562},{\"@type\":\"BreadcrumbList\",\"@id\":\"https:\\\/\\\/tuzlainfo.ba\\\/index.php\\\/novosti\\\/item\\\/314811-halilagic-sa-zeps-a-pozvao-na-brze-povezivanje-tuzle-zenice-i-sarajeva\\\/#breadcrumb\",\"itemListElement\":[{\"@type\":\"ListItem\",\"position\":1,\"name\":\"Home\",\"item\":\"https:\\\/\\\/tuzlainfo.ba\\\/\"},{\"@type\":\"ListItem\",\"position\":2,\"name\":\"Halilagi\u0107 sa ZEPS-a pozvao na br\u017ee povezivanje Tuzle, Zenice i Sarajeva\"}]},{\"@type\":\"WebSite\",\"@id\":\"https:\\\/\\\/tuzlainfo.ba\\\/#website\",\"url\":\"https:\\\/\\\/tuzlainfo.ba\\\/\",\"name\":\"TuzlaInfo.ba\",\"description\":\"Tuzla info, gradski informator - Tuzla na dlanu\",\"publisher\":{\"@id\":\"https:\\\/\\\/tuzlainfo.ba\\\/#organization\"},\"potentialAction\":[{\"@type\":\"SearchAction\",\"target\":{\"@type\":\"EntryPoint\",\"urlTemplate\":\"https:\\\/\\\/tuzlainfo.ba\\\/?s={search_term_string}\"},\"query-input\":{\"@type\":\"PropertyValueSpecification\",\"valueRequired\":true,\"valueName\":\"search_term_string\"}}],\"inLanguage\":\"bs-BA\"},{\"@type\":\"Organization\",\"@id\":\"https:\\\/\\\/tuzlainfo.ba\\\/#organization\",\"name\":\"TuzlaInfo.ba\",\"url\":\"https:\\\/\\\/tuzlainfo.ba\\\/\",\"logo\":{\"@type\":\"ImageObject\",\"inLanguage\":\"bs-BA\",\"@id\":\"https:\\\/\\\/tuzlainfo.ba\\\/#\\\/schema\\\/logo\\\/image\\\/\",\"url\":\"https:\\\/\\\/tuzlainfo.ba\\\/wp-content\\\/uploads\\\/2021\\\/03\\\/logo-ver-3-1.png\",\"contentUrl\":\"https:\\\/\\\/tuzlainfo.ba\\\/wp-content\\\/uploads\\\/2021\\\/03\\\/logo-ver-3-1.png\",\"width\":350,\"height\":95,\"caption\":\"TuzlaInfo.ba\"},\"image\":{\"@id\":\"https:\\\/\\\/tuzlainfo.ba\\\/#\\\/schema\\\/logo\\\/image\\\/\"},\"sameAs\":[\"https:\\\/\\\/www.facebook.com\\\/tuzlainfo.ba\\\/\"]},{\"@type\":\"Person\",\"@id\":\"https:\\\/\\\/tuzlainfo.ba\\\/#\\\/schema\\\/person\\\/f434e20dc27ea133923aab08451b7f7f\",\"name\":\"nedim\",\"image\":{\"@type\":\"ImageObject\",\"inLanguage\":\"bs-BA\",\"@id\":\"https:\\\/\\\/secure.gravatar.com\\\/avatar\\\/5b928a2e7e70a54208d2eb6c1edcb75a5350d6ae97d5f0a701203d456823f6f3?s=96&d=mm&r=g\",\"url\":\"https:\\\/\\\/secure.gravatar.com\\\/avatar\\\/5b928a2e7e70a54208d2eb6c1edcb75a5350d6ae97d5f0a701203d456823f6f3?s=96&d=mm&r=g\",\"contentUrl\":\"https:\\\/\\\/secure.gravatar.com\\\/avatar\\\/5b928a2e7e70a54208d2eb6c1edcb75a5350d6ae97d5f0a701203d456823f6f3?s=96&d=mm&r=g\",\"caption\":\"nedim\"},\"description\":\"Tuzlainfo.ba pratite na dru\u0161tvenim mre\u017eama: Facebook, Instagram i Youtube. Svoje pri\u010de, upite i fotografije \u0161aljite na na\u0161u e-mail adresu.\"}]}<\/script>\n<!-- \/ Yoast SEO plugin. -->","yoast_head_json":{"title":"Halilagi\u0107 sa ZEPS-a pozvao na br\u017ee povezivanje Tuzle, Zenice i Sarajeva","robots":{"index":"index","follow":"follow","max-snippet":"max-snippet:-1","max-image-preview":"max-image-preview:large","max-video-preview":"max-video-preview:-1"},"canonical":"https:\/\/tuzlainfo.ba\/index.php\/novosti\/item\/314811-halilagic-sa-zeps-a-pozvao-na-brze-povezivanje-tuzle-zenice-i-sarajeva\/","og_locale":"bs_BA","og_type":"article","og_title":"Halilagi\u0107 sa ZEPS-a pozvao na br\u017ee povezivanje Tuzle, Zenice i Sarajeva","og_description":"Premijer Tuzlanskog kantona Irfan Halilagi\u0107 boravio je danas u Zenici, gdje je u okviru Me\u0111unarodnog generalnog BH sajma privrede ZEPS 2026. prisustvovao otvaranju posebnog sajamskog koncepta \u201eDan Gra\u010danice\u201c. Grad Gra\u010danica partner je ovogodi\u0161njeg ZEPS-a, a gra\u010dani\u010dka privreda predstavljena je kroz koncept \u201eMade in Gra\u010danica\u201c. Na oko 800 kvadratnih metara izlo\u017ebenog prostora predstavljeno je vi\u0161e od [&hellip;]","og_url":"https:\/\/tuzlainfo.ba\/index.php\/novosti\/item\/314811-halilagic-sa-zeps-a-pozvao-na-brze-povezivanje-tuzle-zenice-i-sarajeva\/","og_site_name":"TuzlaInfo.ba","article_publisher":"https:\/\/www.facebook.com\/tuzlainfo.ba\/","article_published_time":"2026-09-03T16:15:16+00:00","og_image":[{"width":1000,"height":562,"url":"https:\/\/tuzlainfo.ba\/wp-content\/uploads\/2026\/09\/0309_halilagic_zeps.jpg","type":"image\/jpeg"}],"author":"nedim","twitter_card":"summary_large_image","twitter_misc":{"Written by":"nedim","Est. reading time":"3 minute"},"schema":{"@context":"https:\/\/schema.org","@graph":[{"@type":"Article","@id":"https:\/\/tuzlainfo.ba\/index.php\/novosti\/item\/314811-halilagic-sa-zeps-a-pozvao-na-brze-povezivanje-tuzle-zenice-i-sarajeva\/#article","isPartOf":{"@id":"https:\/\/tuzlainfo.ba\/index.php\/novosti\/item\/314811-halilagic-sa-zeps-a-pozvao-na-brze-povezivanje-tuzle-zenice-i-sarajeva\/"},"author":{"name":"nedim","@id":"https:\/\/tuzlainfo.ba\/#\/schema\/person\/f434e20dc27ea133923aab08451b7f7f"},"headline":"Halilagi\u0107 sa ZEPS-a pozvao na br\u017ee povezivanje Tuzle, Zenice i Sarajeva","datePublished":"2026-09-03T16:15:16+00:00","mainEntityOfPage":{"@id":"https:\/\/tuzlainfo.ba\/index.php\/novosti\/item\/314811-halilagic-sa-zeps-a-pozvao-na-brze-povezivanje-tuzle-zenice-i-sarajeva\/"},"wordCount":425,"publisher":{"@id":"https:\/\/tuzlainfo.ba\/#organization"},"image":{"@id":"https:\/\/tuzlainfo.ba\/index.php\/novosti\/item\/314811-halilagic-sa-zeps-a-pozvao-na-brze-povezivanje-tuzle-zenice-i-sarajeva\/#primaryimage"},"thumbnailUrl":"https:\/\/tuzlainfo.ba\/wp-content\/uploads\/2026\/09\/0309_halilagic_zeps.jpg","keywords":["gra\u010danica","vlada tk"],"articleSection":["Istaknuto","Novosti"],"inLanguage":"bs-BA","copyrightYear":"2026","copyrightHolder":{"@id":"https:\/\/tuzlainfo.ba\/#organization"}},{"@type":"WebPage","@id":"https:\/\/tuzlainfo.ba\/index.php\/novosti\/item\/314811-halilagic-sa-zeps-a-pozvao-na-brze-povezivanje-tuzle-zenice-i-sarajeva\/","url":"https:\/\/tuzlainfo.ba\/index.php\/novosti\/item\/314811-halilagic-sa-zeps-a-pozvao-na-brze-povezivanje-tuzle-zenice-i-sarajeva\/","name":"Halilagi\u0107 sa ZEPS-a pozvao na br\u017ee povezivanje Tuzle, Zenice i Sarajeva","isPartOf":{"@id":"https:\/\/tuzlainfo.ba\/#website"},"primaryImageOfPage":{"@id":"https:\/\/tuzlainfo.ba\/index.php\/novosti\/item\/314811-halilagic-sa-zeps-a-pozvao-na-brze-povezivanje-tuzle-zenice-i-sarajeva\/#primaryimage"},"image":{"@id":"https:\/\/tuzlainfo.ba\/index.php\/novosti\/item\/314811-halilagic-sa-zeps-a-pozvao-na-brze-povezivanje-tuzle-zenice-i-sarajeva\/#primaryimage"},"thumbnailUrl":"https:\/\/tuzlainfo.ba\/wp-content\/uploads\/2026\/09\/0309_halilagic_zeps.jpg","datePublished":"2026-09-03T16:15:16+00:00","breadcrumb":{"@id":"https:\/\/tuzlainfo.ba\/index.php\/novosti\/item\/314811-halilagic-sa-zeps-a-pozvao-na-brze-povezivanje-tuzle-zenice-i-sarajeva\/#breadcrumb"},"inLanguage":"bs-BA","potentialAction":[{"@type":"ReadAction","target":["https:\/\/tuzlainfo.ba\/index.php\/novosti\/item\/314811-halilagic-sa-zeps-a-pozvao-na-brze-povezivanje-tuzle-zenice-i-sarajeva\/"]}]},{"@type":"ImageObject","inLanguage":"bs-BA","@id":"https:\/\/tuzlainfo.ba\/index.php\/novosti\/item\/314811-halilagic-sa-zeps-a-pozvao-na-brze-povezivanje-tuzle-zenice-i-sarajeva\/#primaryimage","url":"https:\/\/tuzlainfo.ba\/wp-content\/uploads\/2026\/09\/0309_halilagic_zeps.jpg","contentUrl":"https:\/\/tuzlainfo.ba\/wp-content\/uploads\/2026\/09\/0309_halilagic_zeps.jpg","width":1000,"height":562},{"@type":"BreadcrumbList","@id":"https:\/\/tuzlainfo.ba\/index.php\/novosti\/item\/314811-halilagic-sa-zeps-a-pozvao-na-brze-povezivanje-tuzle-zenice-i-sarajeva\/#breadcrumb","itemListElement":[{"@type":"ListItem","position":1,"name":"Home","item":"https:\/\/tuzlainfo.ba\/"},{"@type":"ListItem","position":2,"name":"Halilagi\u0107 sa ZEPS-a pozvao na br\u017ee povezivanje Tuzle, Zenice i Sarajeva"}]},{"@type":"WebSite","@id":"https:\/\/tuzlainfo.ba\/#website","url":"https:\/\/tuzlainfo.ba\/","name":"TuzlaInfo.ba","description":"Tuzla info, gradski informator - Tuzla na dlanu","publisher":{"@id":"https:\/\/tuzlainfo.ba\/#organization"},"potentialAction":[{"@type":"SearchAction","target":{"@type":"EntryPoint","urlTemplate":"https:\/\/tuzlainfo.ba\/?s={search_term_string}"},"query-input":{"@type":"PropertyValueSpecification","valueRequired":true,"valueName":"search_term_string"}}],"inLanguage":"bs-BA"},{"@type":"Organization","@id":"https:\/\/tuzlainfo.ba\/#organization","name":"TuzlaInfo.ba","url":"https:\/\/tuzlainfo.ba\/","logo":{"@type":"ImageObject","inLanguage":"bs-BA","@id":"https:\/\/tuzlainfo.ba\/#\/schema\/logo\/image\/","url":"https:\/\/tuzlainfo.ba\/wp-content\/uploads\/2021\/03\/logo-ver-3-1.png","contentUrl":"https:\/\/tuzlainfo.ba\/wp-content\/uploads\/2021\/03\/logo-ver-3-1.png","width":350,"height":95,"caption":"TuzlaInfo.ba"},"image":{"@id":"https:\/\/tuzlainfo.ba\/#\/schema\/logo\/image\/"},"sameAs":["https:\/\/www.facebook.com\/tuzlainfo.ba\/"]},{"@type":"Person","@id":"https:\/\/tuzlainfo.ba\/#\/schema\/person\/f434e20dc27ea133923aab08451b7f7f","name":"nedim","image":{"@type":"ImageObject","inLanguage":"bs-BA","@id":"https:\/\/secure.gravatar.com\/avatar\/5b928a2e7e70a54208d2eb6c1edcb75a5350d6ae97d5f0a701203d456823f6f3?s=96&d=mm&r=g","url":"https:\/\/secure.gravatar.com\/avatar\/5b928a2e7e70a54208d2eb6c1edcb75a5350d6ae97d5f0a701203d456823f6f3?s=96&d=mm&r=g","contentUrl":"https:\/\/secure.gravatar.com\/avatar\/5b928a2e7e70a54208d2eb6c1edcb75a5350d6ae97d5f0a701203d456823f6f3?s=96&d=mm&r=g","caption":"nedim"},"description":"Tuzlainfo.ba pratite na dru\u0161tvenim mre\u017eama: Facebook, Instagram i Youtube. Svoje pri\u010de, upite i fotografije \u0161aljite na na\u0161u e-mail adresu."}]}},"_links":{"self":[{"href":"https:\/\/tuzlainfo.ba\/index.php\/wp-json\/wp\/v2\/posts\/314811","targetHints":{"allow":["GET"]}}],"collection":[{"href":"https:\/\/tuzlainfo.ba\/index.php\/wp-json\/wp\/v2\/posts"}],"about":[{"href":"https:\/\/tuzlainfo.ba\/index.php\/wp-json\/wp\/v2\/types\/post"}],"author":[{"embeddable":true,"href":"https:\/\/tuzlainfo.ba\/index.php\/wp-json\/wp\/v2\/users\/2"}],"replies":[{"embeddable":true,"href":"https:\/\/tuzlainfo.ba\/index.php\/wp-json\/wp\/v2\/comments?post=314811"}],"version-history":[{"count":1,"href":"https:\/\/tuzlainfo.ba\/index.php\/wp-json\/wp\/v2\/posts\/314811\/revisions"}],"predecessor-version":[{"id":314813,"href":"https:\/\/tuzlainfo.ba\/index.php\/wp-json\/wp\/v2\/posts\/314811\/revisions\/314813"}],"wp:featuredmedia":[{"embeddable":true,"href":"https:\/\/tuzlainfo.ba\/index.php\/wp-json\/wp\/v2\/media\/314812"}],"wp:attachment":[{"href":"https:\/\/tuzlainfo.ba\/index.php\/wp-json\/wp\/v2\/media?parent=314811"}],"wp:term":[{"taxonomy":"category","embeddable":true,"href":"https:\/\/tuzlainfo.ba\/index.php\/wp-json\/wp\/v2\/categories?post=314811"},{"taxonomy":"post_tag","embeddable":true,"href":"https:\/\/tuzlainfo.ba\/index.php\/wp-json\/wp\/v2\/tags?post=314811"}],"curies":[{"name":"wp","href":"https:\/\/api.w.org\/{rel}","templated":true}]}}