{"id":314805,"date":"2026-09-03T22:00:28","date_gmt":"2026-09-03T20:00:28","guid":{"rendered":"https:\/\/tuzlainfo.ba\/?p=314805"},"modified":"2026-09-03T15:39:17","modified_gmt":"2026-09-03T13:39:17","slug":"pauza-od-30-minuta-ulazi-u-radno-vrijeme-ovo-su-kljucne-novine-novog-zakona-o-radu-fbih","status":"publish","type":"post","link":"https:\/\/tuzlainfo.ba\/index.php\/bosna-i-hercegovina\/item\/314805-pauza-od-30-minuta-ulazi-u-radno-vrijeme-ovo-su-kljucne-novine-novog-zakona-o-radu-fbih\/","title":{"rendered":"Pauza od 30 minuta ulazi u radno vrijeme: Ovo su klju\u010dne novine novog Zakona o radu FBiH"},"content":{"rendered":"<p class=\"PDq2pG_selectionAnchorContainer\" data-start=\"95\" data-end=\"313\">Federalno ministarstvo rada i socijalne politike u januaru 2026. godine uputilo je Vladi Federacije Bosne i Hercegovine prednacrt novog Zakona o radu, kojim se predla\u017eu zna\u010dajne promjene u oblasti radnog zakonodavstva.<\/p>\n<p data-start=\"315\" data-end=\"685\">Nakon \u0161to Vlada FBiH usvoji prednacrt, tekst \u0107e biti upu\u0107en u parlamentarnu proceduru u formi nacrta, nakon \u010dega slijedi javna rasprava u trajanju od 30 do 90 dana. Kona\u010dni prijedlog zakona bit \u0107e utvr\u0111en nakon razmatranja pristiglih prijedloga i primjedbi. Da bi novi zakon stupio na snagu, moraju ga u istovjetnom tekstu usvojiti Vlada FBiH i oba doma Parlamenta FBiH.<\/p>\n<p data-start=\"687\" data-end=\"919\">Prema predlo\u017eenim rje\u0161enjima, rije\u010d je o jednoj od najobimnijih reformi radnog zakonodavstva u Federaciji BiH u posljednjih deset godina. Iz resornog ministarstva navode da je osnovni cilj unapre\u0111enje i ve\u0107a za\u0161tita radni\u010dkih prava.<\/p>\n<h3 data-section-id=\"1ukboxg\" data-start=\"921\" data-end=\"961\">Ugovor na neodre\u0111eno postaje pravilo<\/h3>\n<p data-start=\"963\" data-end=\"1193\">Jedna od klju\u010dnih novina odnosi se na ugovore o radu. Ugovor na neodre\u0111eno vrijeme trebao bi postati osnovni oblik zapo\u0161ljavanja, dok bi ugovor na odre\u0111eno bilo mogu\u0107e zaklju\u010diti samo uz jasno naveden i objektivno opravdan razlog.<\/p>\n<p data-start=\"1195\" data-end=\"1414\">To bi, izme\u0111u ostalog, bilo mogu\u0107e u slu\u010daju zamjene privremeno odsutnog radnika, rada na vremenski ograni\u010denom projektu, privremenog pove\u0107anja obima posla, hitnih narud\u017ebi ili sezonskog i privremenog rasta proizvodnje.<\/p>\n<p data-start=\"1416\" data-end=\"1535\">Ukoliko u ugovoru ne bude precizirano njegovo trajanje, smatrat \u0107e se da je radni odnos zasnovan na neodre\u0111eno vrijeme.<\/p>\n<h3 data-section-id=\"z3zbex\" data-start=\"1537\" data-end=\"1587\">Najvi\u0161e tri ugovora na odre\u0111eno u dvije godine<\/h3>\n<p data-start=\"1589\" data-end=\"1736\">S istim radnikom mo\u0107i \u0107e biti zaklju\u010dena najvi\u0161e tri uzastopna ugovora na odre\u0111eno vrijeme, \u010dije ukupno trajanje ne mo\u017ee biti du\u017ee od dvije godine.<\/p>\n<p data-start=\"1738\" data-end=\"1908\">Prekid rada kra\u0107i od 60 dana ne bi prekidao ra\u010dunanje ovog roka, dok bi se u kontinuitet ra\u010dunala i odre\u0111ena odsustva, poput bolovanja, godi\u0161njeg i porodiljskog odsustva.<\/p>\n<p data-start=\"1910\" data-end=\"2079\">Nakon isteka dvije godine ili iskori\u0161tena tri ugovora, isti ili povezani poslodavac mogao bi radnika ponovo anga\u017eovati na odre\u0111eno tek nakon najmanje \u0161est mjeseci pauze.<\/p>\n<h3 data-section-id=\"ti1kra\" data-start=\"2081\" data-end=\"2134\">Kada ugovor na odre\u0111eno postaje ugovor za stalno?<\/h3>\n<p data-start=\"2136\" data-end=\"2367\">Radni odnos na neodre\u0111eno vrijeme smatrao bi se zasnovanim ako je ugovor zaklju\u010den suprotno zakonu, ako radnik nastavi raditi nakon isteka ugovora ili ako na odre\u0111eno vrijeme radi du\u017ee od dvije godine bez zakonom priznatog prekida.<\/p>\n<p data-start=\"2369\" data-end=\"2598\">Prednacrt predvi\u0111a i dodatnu za\u0161titu osoba koje rade bez ugovora. Ako osoba radi uz naknadu bez zaklju\u010denog ugovora o radu, pretpostavljalo bi se da je zaposlena na neodre\u0111eno vrijeme, osim ako poslodavac na sudu doka\u017ee suprotno.<\/p>\n<h3 data-section-id=\"18i0h33\" data-start=\"2600\" data-end=\"2640\">Jednaka prava za radnike na odre\u0111eno<\/h3>\n<p data-start=\"2642\" data-end=\"2846\">Radnici zaposleni na odre\u0111eno vrijeme trebali bi imati jednake uslove rada kao radnici na neodre\u0111eno vrijeme koji kod istog poslodavca obavljaju iste ili sli\u010dne poslove i imaju odgovaraju\u0107e kvalifikacije.<\/p>\n<p data-start=\"2848\" data-end=\"2986\">To se odnosi na platu, uslove rada, stru\u010dno usavr\u0161avanje, obrazovanje, kao i informacije o slobodnim radnim mjestima za stalno zaposlenje.<\/p>\n<h3 data-section-id=\"kjmcye\" data-start=\"2988\" data-end=\"3036\">Posebna pravila za sezonski i agencijski rad<\/h3>\n<p data-start=\"3038\" data-end=\"3248\">Prednacrtom se prvi put posebno defini\u0161e ugovor o radu za sezonske poslove, koji bi mogao trajati najvi\u0161e \u0161est mjeseci tokom godine. Poslodavci bi unaprijed morali definisati koji se poslovi smatraju sezonskim.<\/p>\n<p data-start=\"3250\" data-end=\"3507\">Detaljnije bi bio ure\u0111en i rad putem agencija za privremeno zapo\u0161ljavanje. Ustupljeni radnici ne bi smjeli imati lo\u0161ije uslove rada od zaposlenih kod korisnika, a preciznije bi se definisale obaveze agencije i kompanije u kojoj radnik stvarno obavlja posao.<\/p>\n<h3 data-section-id=\"1ruh6sr\" data-start=\"3509\" data-end=\"3544\">Probni rad najdu\u017ee \u0161est mjeseci<\/h3>\n<p data-start=\"3546\" data-end=\"3700\">Probni rad mogao bi trajati najvi\u0161e \u0161est mjeseci, dok bi kod ugovora na odre\u0111eno njegova du\u017eina morala biti srazmjerna trajanju anga\u017emana i prirodi posla.<\/p>\n<p data-start=\"3702\" data-end=\"3851\">Ako je radnik ve\u0107 pro\u0161ao probni rad za odre\u0111eno radno mjesto, poslodavac mu pri novom ugovoru za iste poslove ne bi mogao ponovo nametati probni rad.<\/p>\n<h3 data-section-id=\"1ay5elt\" data-start=\"3853\" data-end=\"3886\">Aneks ugovora uz obrazlo\u017eenje<\/h3>\n<p data-start=\"3888\" data-end=\"4030\">Kod izmjene uslova rada poslodavac bi morao pismeno obrazlo\u017eiti razloge za zaklju\u010divanje aneksa i radniku ostaviti razuman rok za izja\u0161njenje.<\/p>\n<p data-start=\"4032\" data-end=\"4161\">Potpisivanje aneksa radi zadr\u017eavanja posla ne bi zna\u010dilo gubitak prava radnika da kasnije pred sudom osporava njegovu zakonitost.<\/p>\n<h3 data-section-id=\"msf77j\" data-start=\"4163\" data-end=\"4212\">Pauza od 30 minuta ulazila bi u radno vrijeme<\/h3>\n<p data-start=\"4214\" data-end=\"4386\">Me\u0111u zna\u010dajnijim promjenama je i prijedlog prema kojem bi radnici koji rade najmanje \u0161est sati dnevno imali pravo na pauzu od 30 minuta koja bi se ra\u010dunala u radno vrijeme.<\/p>\n<p data-start=\"4388\" data-end=\"4507\">To bi zna\u010dilo da radnik koji radi, naprimjer, od 8 do 16 sati ne bi morao ostajati do 16:30 sati zbog kori\u0161tenja pauze.<\/p>\n<p data-start=\"4509\" data-end=\"4739\">Za maloljetnike koji rade du\u017ee od \u010detiri i po sata predvi\u0111ena je pauza od 30 minuta. Na\u010din kori\u0161tenja pauze u djelatnostima u kojima priroda posla ne omogu\u0107ava prekid rada morao bi biti ure\u0111en pravilnikom ili kolektivnim ugovorom.<\/p>\n<h3 data-section-id=\"ha4o59\" data-start=\"4741\" data-end=\"4790\">Prekovremeni rad samo u vanrednim okolnostima<\/h3>\n<p data-start=\"4792\" data-end=\"4971\">Prekovremeni rad prema predlo\u017eenim rje\u0161enjima trebao bi biti izuzetak i opravdan stvarnim vanrednim okolnostima. Manjak radnika ne bi se mogao predstavljati kao vanredna okolnost.<\/p>\n<p data-start=\"4973\" data-end=\"5155\">Poslodavci bi bili du\u017eni voditi preciznu evidenciju radnog vremena, a u slu\u010daju neuredne evidencije teret dokazivanja odra\u0111enih sati u eventualnom sudskom sporu bio bi na poslodavcu.<\/p>\n<h3 data-section-id=\"ubhoxk\" data-start=\"5157\" data-end=\"5191\">Raspored rada unaprijed poznat<\/h3>\n<p data-start=\"5193\" data-end=\"5358\">Poslodavci bi morali unaprijed utvrditi po\u010detak i zavr\u0161etak radnog dana, smjene i dane odmora. Time bi se nastojala ograni\u010diti praksa anga\u017eovanja radnika \u201ena poziv\u201c.<\/p>\n<p data-start=\"5360\" data-end=\"5574\">Posebna pravila odnosila bi se i na preraspodjelu radnog vremena. U periodima pove\u0107anog obima posla radnici bi mogli raditi du\u017ee, ali bi se vi\u0161ak sati morao kompenzovati kra\u0107im radom u periodima manjeg obima posla.<\/p>\n<h3 data-section-id=\"13m2imd\" data-start=\"5576\" data-end=\"5613\">Za\u0161tita radnika u no\u0107nim smjenama<\/h3>\n<p data-start=\"5615\" data-end=\"5780\">Za radnike kojima no\u0107ni rad naru\u0161i zdravlje, na osnovu ocjene ljekara, poslodavac bi morao omogu\u0107iti prelazak u dnevnu smjenu na iste ili druge odgovaraju\u0107e poslove.<\/p>\n<p data-start=\"5782\" data-end=\"5895\">No\u0107ni rad maloljetnika bio bi zabranjen, dok bi posebna za\u0161tita bila predvi\u0111ena za trudnice, majke i usvojitelje.<\/p>\n<h3 data-section-id=\"y3rvif\" data-start=\"5897\" data-end=\"5932\">Najmanje 12 sati dnevnog odmora<\/h3>\n<p data-start=\"5934\" data-end=\"6134\">Radnici bi imali pravo na najmanje 12 sati neprekidnog dnevnog odmora u okviru 24 sata. Sedmi\u010dni odmor za punoljetne radnike iznosio bi najmanje 24 sata neprekidno, a za maloljetnike najmanje 48 sati.<\/p>\n<p data-start=\"6136\" data-end=\"6248\">U situacijama kada organizacija rada onemogu\u0107i kori\u0161tenje odmora, poslodavac bi morao omogu\u0107iti zamjenski odmor.<\/p>\n<h3 data-section-id=\"1sued37\" data-start=\"6250\" data-end=\"6296\">Godi\u0161nji odmor bez maksimalnog ograni\u010denja<\/h3>\n<p data-start=\"6298\" data-end=\"6456\">Prednacrt predvi\u0111a najmanje 20 radnih dana pla\u0107enog godi\u0161njeg odmora, dok bi maloljetnici i radnici na te\u0161kim radnim mjestima imali pravo na najmanje 25 dana.<\/p>\n<p data-start=\"6458\" data-end=\"6637\">Istovremeno se predla\u017ee ukidanje dosada\u0161njeg ograni\u010denja maksimalnog trajanja godi\u0161njeg odmora, \u0161to bi omogu\u0107ilo da kolektivnim ugovorom ili pravilnikom bude utvr\u0111en i du\u017ei odmor.<\/p>\n<p data-start=\"6639\" data-end=\"6807\">Godi\u0161nji odmor ne bi se mogao zamijeniti nov\u010danom naknadom tokom trajanja radnog odnosa, a praznici, bolovanja i pla\u0107ena odsustva ne bi se ura\u010dunavali u godi\u0161nji odmor.<\/p>\n<h3 data-section-id=\"ylc29n\" data-start=\"6809\" data-end=\"6858\">Vi\u0161e slobodnih dana za va\u017ene \u017eivotne doga\u0111aje<\/h3>\n<p data-start=\"6860\" data-end=\"7002\">Za vjen\u010danje, ro\u0111enje djeteta, te\u017eu bolest ili smrt \u010dlana u\u017ee porodice radnici bi mogli imati do sedam radnih dana pla\u0107enog odsustva godi\u0161nje.<\/p>\n<p data-start=\"7004\" data-end=\"7145\">Predvi\u0111eno je i pravo o\u010deva na odsustvo nakon ro\u0111enja djeteta, kao i pravo jednog roditelja na slobodan dan za polazak djeteta u prvi razred.<\/p>\n<p data-start=\"7147\" data-end=\"7272\">Dobrovoljni davaoci krvi imali bi pravo na jedan pla\u0107eni slobodan dan, koji se ne bi oduzimao od fonda dana za li\u010dne potrebe.<\/p>\n<h3 data-section-id=\"k1t1ss\" data-start=\"7274\" data-end=\"7332\">Do \u0161est pla\u0107enih dana za vjerske i tradicijske potrebe<\/h3>\n<p data-start=\"7334\" data-end=\"7442\">Prednacrt predvi\u0111a izme\u0111u \u010detiri i \u0161est pla\u0107enih slobodnih dana godi\u0161nje za vjerske ili tradicijske potrebe.<\/p>\n<p data-start=\"7444\" data-end=\"7582\">Radnici bi, na vlastiti zahtjev, jednom sedmi\u010dno mogli koristiti i pauzu do 60 minuta za vjerske potrebe, koja bi ulazila u radno vrijeme.<\/p>\n<h3 data-section-id=\"1aef9iv\" data-start=\"7584\" data-end=\"7632\">Nepla\u0107eno odsustvo za njegu \u010dlanova porodice<\/h3>\n<p data-start=\"7634\" data-end=\"7787\">Radnici bi imali pravo na do pet radnih dana nepla\u0107enog odsustva godi\u0161nje radi li\u010dne njege bolesnog \u010dlana u\u017ee porodice, uz odgovaraju\u0107i medicinski dokaz.<\/p>\n<p data-start=\"7789\" data-end=\"7856\">Hranitelji bi imali pravo na do 10 radnih dana nepla\u0107enog odsustva.<\/p>\n<h3 data-section-id=\"1a3jijz\" data-start=\"7858\" data-end=\"7901\">Jasnija razlika izme\u0111u sta\u017ea i iskustva<\/h3>\n<p data-start=\"7903\" data-end=\"7988\">Novim zakonom predla\u017ee se i jasno razdvajanje pojmova radnog sta\u017ea i radnog iskustva.<\/p>\n<p data-start=\"7990\" data-end=\"8170\">Radni sta\u017e odnosio bi se na ukupan period proveden u radnom odnosu i osiguranju, dok bi radno iskustvo ozna\u010davalo konkretna znanja i vje\u0161tine ste\u010dene obavljanjem odre\u0111enih poslova.<\/p>\n<p data-start=\"8172\" data-end=\"8310\">Time bi se trebale smanjiti nedoumice prilikom zapo\u0161ljavanja, jer ukupan radni sta\u017e ne zna\u010di nu\u017eno i iskustvo na konkretnom radnom mjestu.<\/p>\n<p data-start=\"8312\" data-end=\"8487\">Prednacrtom se, izme\u0111u ostalog, predvi\u0111aju i posebna pravila za radnike na pomorskim ribarskim plovilima, za koje bi dodatni pravilnik uredio radno vrijeme, odmore i odsustva.<\/p>\n<p data-start=\"8489\" data-end=\"8717\">Iako su predlo\u017eene brojne promjene, ugovori na odre\u0111eno, sezonski i probni rad te agencijsko zapo\u0161ljavanje ne bi bili ukinuti. Njihova upotreba bila bi preciznije ure\u0111ena i vezana za jasno utvr\u0111ene privremene potrebe poslodavca.<\/p>\n<p data-start=\"8719\" data-end=\"8906\" data-is-last-node=\"\" data-is-only-node=\"\">Prednacrt novog Zakona o radu FBiH tek treba pro\u0107i proceduru usvajanja, javnu raspravu i parlamentarnu proceduru, \u0161to zna\u010di da se predlo\u017eena rje\u0161enja do kona\u010dnog usvajanja mogu mijenjati.<\/p>\n","protected":false},"excerpt":{"rendered":"<p>Federalno ministarstvo rada i socijalne politike u januaru 2026. godine uputilo je Vladi Federacije Bosne i Hercegovine prednacrt novog Zakona o radu, kojim se predla\u017eu zna\u010dajne promjene u oblasti radnog zakonodavstva. Nakon \u0161to Vlada FBiH usvoji prednacrt, tekst \u0107e biti upu\u0107en u parlamentarnu proceduru u formi nacrta, nakon \u010dega slijedi javna rasprava u trajanju od [&hellip;]<\/p>\n","protected":false},"author":4,"featured_media":181399,"comment_status":"closed","ping_status":"closed","sticky":false,"template":"","format":"standard","meta":{"footnotes":""},"categories":[291,304],"tags":[3260,9999],"class_list":["post-314805","post","type-post","status-publish","format-standard","has-post-thumbnail","hentry","category-bosna-i-hercegovina","category-istaknuto","tag-radnici","tag-zakon-o-radu"],"yoast_head":"<!-- This site is optimized with the Yoast SEO plugin v28.4 - https:\/\/yoast.com\/product\/yoast-seo-wordpress\/ -->\n<title>Pauza od 30 minuta ulazi u radno vrijeme: Ovo su klju\u010dne novine novog Zakona o radu FBiH<\/title>\n<meta name=\"robots\" content=\"index, follow, max-snippet:-1, max-image-preview:large, max-video-preview:-1\" \/>\n<link rel=\"canonical\" href=\"https:\/\/tuzlainfo.ba\/index.php\/bosna-i-hercegovina\/item\/314805-pauza-od-30-minuta-ulazi-u-radno-vrijeme-ovo-su-kljucne-novine-novog-zakona-o-radu-fbih\/\" \/>\n<meta property=\"og:locale\" content=\"bs_BA\" \/>\n<meta property=\"og:type\" content=\"article\" \/>\n<meta property=\"og:title\" content=\"Pauza od 30 minuta ulazi u radno vrijeme: Ovo su klju\u010dne novine novog Zakona o radu FBiH\" \/>\n<meta property=\"og:description\" content=\"Federalno ministarstvo rada i socijalne politike u januaru 2026. godine uputilo je Vladi Federacije Bosne i Hercegovine prednacrt novog Zakona o radu, kojim se predla\u017eu zna\u010dajne promjene u oblasti radnog zakonodavstva. Nakon \u0161to Vlada FBiH usvoji prednacrt, tekst \u0107e biti upu\u0107en u parlamentarnu proceduru u formi nacrta, nakon \u010dega slijedi javna rasprava u trajanju od [&hellip;]\" \/>\n<meta property=\"og:url\" content=\"https:\/\/tuzlainfo.ba\/index.php\/bosna-i-hercegovina\/item\/314805-pauza-od-30-minuta-ulazi-u-radno-vrijeme-ovo-su-kljucne-novine-novog-zakona-o-radu-fbih\/\" \/>\n<meta property=\"og:site_name\" content=\"TuzlaInfo.ba\" \/>\n<meta property=\"article:publisher\" content=\"https:\/\/www.facebook.com\/tuzlainfo.ba\/\" \/>\n<meta property=\"article:published_time\" content=\"2026-09-03T20:00:28+00:00\" \/>\n<meta property=\"og:image\" content=\"https:\/\/tuzlainfo.ba\/wp-content\/uploads\/2022\/08\/varioci-varilac-radnik.jpg\" \/>\n\t<meta property=\"og:image:width\" content=\"800\" \/>\n\t<meta property=\"og:image:height\" content=\"504\" \/>\n\t<meta property=\"og:image:type\" content=\"image\/jpeg\" \/>\n<meta name=\"author\" content=\"Tuzla Info\" \/>\n<meta name=\"twitter:card\" content=\"summary_large_image\" \/>\n<meta name=\"twitter:label1\" content=\"Written by\" \/>\n\t<meta name=\"twitter:data1\" content=\"Tuzla Info\" \/>\n\t<meta name=\"twitter:label2\" content=\"Est. reading time\" \/>\n\t<meta name=\"twitter:data2\" content=\"8 minuta\" \/>\n<script type=\"application\/ld+json\" class=\"yoast-schema-graph\">{\"@context\":\"https:\\\/\\\/schema.org\",\"@graph\":[{\"@type\":\"Article\",\"@id\":\"https:\\\/\\\/tuzlainfo.ba\\\/index.php\\\/bosna-i-hercegovina\\\/item\\\/314805-pauza-od-30-minuta-ulazi-u-radno-vrijeme-ovo-su-kljucne-novine-novog-zakona-o-radu-fbih\\\/#article\",\"isPartOf\":{\"@id\":\"https:\\\/\\\/tuzlainfo.ba\\\/index.php\\\/bosna-i-hercegovina\\\/item\\\/314805-pauza-od-30-minuta-ulazi-u-radno-vrijeme-ovo-su-kljucne-novine-novog-zakona-o-radu-fbih\\\/\"},\"author\":{\"name\":\"Tuzla Info\",\"@id\":\"https:\\\/\\\/tuzlainfo.ba\\\/#\\\/schema\\\/person\\\/46cad4c57790cbc50781edd14870825a\"},\"headline\":\"Pauza od 30 minuta ulazi u radno vrijeme: Ovo su klju\u010dne novine novog Zakona o radu FBiH\",\"datePublished\":\"2026-09-03T20:00:28+00:00\",\"mainEntityOfPage\":{\"@id\":\"https:\\\/\\\/tuzlainfo.ba\\\/index.php\\\/bosna-i-hercegovina\\\/item\\\/314805-pauza-od-30-minuta-ulazi-u-radno-vrijeme-ovo-su-kljucne-novine-novog-zakona-o-radu-fbih\\\/\"},\"wordCount\":1492,\"publisher\":{\"@id\":\"https:\\\/\\\/tuzlainfo.ba\\\/#organization\"},\"image\":{\"@id\":\"https:\\\/\\\/tuzlainfo.ba\\\/index.php\\\/bosna-i-hercegovina\\\/item\\\/314805-pauza-od-30-minuta-ulazi-u-radno-vrijeme-ovo-su-kljucne-novine-novog-zakona-o-radu-fbih\\\/#primaryimage\"},\"thumbnailUrl\":\"https:\\\/\\\/tuzlainfo.ba\\\/wp-content\\\/uploads\\\/2022\\\/08\\\/varioci-varilac-radnik.jpg\",\"keywords\":[\"radnici\",\"zakon o radu\"],\"articleSection\":[\"Bosna i Hercegovina\",\"Istaknuto\"],\"inLanguage\":\"bs-BA\",\"copyrightYear\":\"2026\",\"copyrightHolder\":{\"@id\":\"https:\\\/\\\/tuzlainfo.ba\\\/#organization\"}},{\"@type\":\"WebPage\",\"@id\":\"https:\\\/\\\/tuzlainfo.ba\\\/index.php\\\/bosna-i-hercegovina\\\/item\\\/314805-pauza-od-30-minuta-ulazi-u-radno-vrijeme-ovo-su-kljucne-novine-novog-zakona-o-radu-fbih\\\/\",\"url\":\"https:\\\/\\\/tuzlainfo.ba\\\/index.php\\\/bosna-i-hercegovina\\\/item\\\/314805-pauza-od-30-minuta-ulazi-u-radno-vrijeme-ovo-su-kljucne-novine-novog-zakona-o-radu-fbih\\\/\",\"name\":\"Pauza od 30 minuta ulazi u radno vrijeme: Ovo su klju\u010dne novine novog Zakona o radu FBiH\",\"isPartOf\":{\"@id\":\"https:\\\/\\\/tuzlainfo.ba\\\/#website\"},\"primaryImageOfPage\":{\"@id\":\"https:\\\/\\\/tuzlainfo.ba\\\/index.php\\\/bosna-i-hercegovina\\\/item\\\/314805-pauza-od-30-minuta-ulazi-u-radno-vrijeme-ovo-su-kljucne-novine-novog-zakona-o-radu-fbih\\\/#primaryimage\"},\"image\":{\"@id\":\"https:\\\/\\\/tuzlainfo.ba\\\/index.php\\\/bosna-i-hercegovina\\\/item\\\/314805-pauza-od-30-minuta-ulazi-u-radno-vrijeme-ovo-su-kljucne-novine-novog-zakona-o-radu-fbih\\\/#primaryimage\"},\"thumbnailUrl\":\"https:\\\/\\\/tuzlainfo.ba\\\/wp-content\\\/uploads\\\/2022\\\/08\\\/varioci-varilac-radnik.jpg\",\"datePublished\":\"2026-09-03T20:00:28+00:00\",\"breadcrumb\":{\"@id\":\"https:\\\/\\\/tuzlainfo.ba\\\/index.php\\\/bosna-i-hercegovina\\\/item\\\/314805-pauza-od-30-minuta-ulazi-u-radno-vrijeme-ovo-su-kljucne-novine-novog-zakona-o-radu-fbih\\\/#breadcrumb\"},\"inLanguage\":\"bs-BA\",\"potentialAction\":[{\"@type\":\"ReadAction\",\"target\":[\"https:\\\/\\\/tuzlainfo.ba\\\/index.php\\\/bosna-i-hercegovina\\\/item\\\/314805-pauza-od-30-minuta-ulazi-u-radno-vrijeme-ovo-su-kljucne-novine-novog-zakona-o-radu-fbih\\\/\"]}]},{\"@type\":\"ImageObject\",\"inLanguage\":\"bs-BA\",\"@id\":\"https:\\\/\\\/tuzlainfo.ba\\\/index.php\\\/bosna-i-hercegovina\\\/item\\\/314805-pauza-od-30-minuta-ulazi-u-radno-vrijeme-ovo-su-kljucne-novine-novog-zakona-o-radu-fbih\\\/#primaryimage\",\"url\":\"https:\\\/\\\/tuzlainfo.ba\\\/wp-content\\\/uploads\\\/2022\\\/08\\\/varioci-varilac-radnik.jpg\",\"contentUrl\":\"https:\\\/\\\/tuzlainfo.ba\\\/wp-content\\\/uploads\\\/2022\\\/08\\\/varioci-varilac-radnik.jpg\",\"width\":800,\"height\":504},{\"@type\":\"BreadcrumbList\",\"@id\":\"https:\\\/\\\/tuzlainfo.ba\\\/index.php\\\/bosna-i-hercegovina\\\/item\\\/314805-pauza-od-30-minuta-ulazi-u-radno-vrijeme-ovo-su-kljucne-novine-novog-zakona-o-radu-fbih\\\/#breadcrumb\",\"itemListElement\":[{\"@type\":\"ListItem\",\"position\":1,\"name\":\"Home\",\"item\":\"https:\\\/\\\/tuzlainfo.ba\\\/\"},{\"@type\":\"ListItem\",\"position\":2,\"name\":\"Pauza od 30 minuta ulazi u radno vrijeme: Ovo su klju\u010dne novine novog Zakona o radu FBiH\"}]},{\"@type\":\"WebSite\",\"@id\":\"https:\\\/\\\/tuzlainfo.ba\\\/#website\",\"url\":\"https:\\\/\\\/tuzlainfo.ba\\\/\",\"name\":\"TuzlaInfo.ba\",\"description\":\"Tuzla info, gradski informator - Tuzla na dlanu\",\"publisher\":{\"@id\":\"https:\\\/\\\/tuzlainfo.ba\\\/#organization\"},\"potentialAction\":[{\"@type\":\"SearchAction\",\"target\":{\"@type\":\"EntryPoint\",\"urlTemplate\":\"https:\\\/\\\/tuzlainfo.ba\\\/?s={search_term_string}\"},\"query-input\":{\"@type\":\"PropertyValueSpecification\",\"valueRequired\":true,\"valueName\":\"search_term_string\"}}],\"inLanguage\":\"bs-BA\"},{\"@type\":\"Organization\",\"@id\":\"https:\\\/\\\/tuzlainfo.ba\\\/#organization\",\"name\":\"TuzlaInfo.ba\",\"url\":\"https:\\\/\\\/tuzlainfo.ba\\\/\",\"logo\":{\"@type\":\"ImageObject\",\"inLanguage\":\"bs-BA\",\"@id\":\"https:\\\/\\\/tuzlainfo.ba\\\/#\\\/schema\\\/logo\\\/image\\\/\",\"url\":\"https:\\\/\\\/tuzlainfo.ba\\\/wp-content\\\/uploads\\\/2021\\\/03\\\/logo-ver-3-1.png\",\"contentUrl\":\"https:\\\/\\\/tuzlainfo.ba\\\/wp-content\\\/uploads\\\/2021\\\/03\\\/logo-ver-3-1.png\",\"width\":350,\"height\":95,\"caption\":\"TuzlaInfo.ba\"},\"image\":{\"@id\":\"https:\\\/\\\/tuzlainfo.ba\\\/#\\\/schema\\\/logo\\\/image\\\/\"},\"sameAs\":[\"https:\\\/\\\/www.facebook.com\\\/tuzlainfo.ba\\\/\"]},{\"@type\":\"Person\",\"@id\":\"https:\\\/\\\/tuzlainfo.ba\\\/#\\\/schema\\\/person\\\/46cad4c57790cbc50781edd14870825a\",\"name\":\"Tuzla Info\",\"image\":{\"@type\":\"ImageObject\",\"inLanguage\":\"bs-BA\",\"@id\":\"https:\\\/\\\/secure.gravatar.com\\\/avatar\\\/e980921b00fa2e552723a2386544734ce6885d2b2304ccca3f45186f9ca4031d?s=96&d=mm&r=g\",\"url\":\"https:\\\/\\\/secure.gravatar.com\\\/avatar\\\/e980921b00fa2e552723a2386544734ce6885d2b2304ccca3f45186f9ca4031d?s=96&d=mm&r=g\",\"contentUrl\":\"https:\\\/\\\/secure.gravatar.com\\\/avatar\\\/e980921b00fa2e552723a2386544734ce6885d2b2304ccca3f45186f9ca4031d?s=96&d=mm&r=g\",\"caption\":\"Tuzla Info\"}}]}<\/script>\n<!-- \/ Yoast SEO plugin. -->","yoast_head_json":{"title":"Pauza od 30 minuta ulazi u radno vrijeme: Ovo su klju\u010dne novine novog Zakona o radu FBiH","robots":{"index":"index","follow":"follow","max-snippet":"max-snippet:-1","max-image-preview":"max-image-preview:large","max-video-preview":"max-video-preview:-1"},"canonical":"https:\/\/tuzlainfo.ba\/index.php\/bosna-i-hercegovina\/item\/314805-pauza-od-30-minuta-ulazi-u-radno-vrijeme-ovo-su-kljucne-novine-novog-zakona-o-radu-fbih\/","og_locale":"bs_BA","og_type":"article","og_title":"Pauza od 30 minuta ulazi u radno vrijeme: Ovo su klju\u010dne novine novog Zakona o radu FBiH","og_description":"Federalno ministarstvo rada i socijalne politike u januaru 2026. godine uputilo je Vladi Federacije Bosne i Hercegovine prednacrt novog Zakona o radu, kojim se predla\u017eu zna\u010dajne promjene u oblasti radnog zakonodavstva. Nakon \u0161to Vlada FBiH usvoji prednacrt, tekst \u0107e biti upu\u0107en u parlamentarnu proceduru u formi nacrta, nakon \u010dega slijedi javna rasprava u trajanju od [&hellip;]","og_url":"https:\/\/tuzlainfo.ba\/index.php\/bosna-i-hercegovina\/item\/314805-pauza-od-30-minuta-ulazi-u-radno-vrijeme-ovo-su-kljucne-novine-novog-zakona-o-radu-fbih\/","og_site_name":"TuzlaInfo.ba","article_publisher":"https:\/\/www.facebook.com\/tuzlainfo.ba\/","article_published_time":"2026-09-03T20:00:28+00:00","og_image":[{"width":800,"height":504,"url":"https:\/\/tuzlainfo.ba\/wp-content\/uploads\/2022\/08\/varioci-varilac-radnik.jpg","type":"image\/jpeg"}],"author":"Tuzla Info","twitter_card":"summary_large_image","twitter_misc":{"Written by":"Tuzla Info","Est. reading time":"8 minuta"},"schema":{"@context":"https:\/\/schema.org","@graph":[{"@type":"Article","@id":"https:\/\/tuzlainfo.ba\/index.php\/bosna-i-hercegovina\/item\/314805-pauza-od-30-minuta-ulazi-u-radno-vrijeme-ovo-su-kljucne-novine-novog-zakona-o-radu-fbih\/#article","isPartOf":{"@id":"https:\/\/tuzlainfo.ba\/index.php\/bosna-i-hercegovina\/item\/314805-pauza-od-30-minuta-ulazi-u-radno-vrijeme-ovo-su-kljucne-novine-novog-zakona-o-radu-fbih\/"},"author":{"name":"Tuzla Info","@id":"https:\/\/tuzlainfo.ba\/#\/schema\/person\/46cad4c57790cbc50781edd14870825a"},"headline":"Pauza od 30 minuta ulazi u radno vrijeme: Ovo su klju\u010dne novine novog Zakona o radu FBiH","datePublished":"2026-09-03T20:00:28+00:00","mainEntityOfPage":{"@id":"https:\/\/tuzlainfo.ba\/index.php\/bosna-i-hercegovina\/item\/314805-pauza-od-30-minuta-ulazi-u-radno-vrijeme-ovo-su-kljucne-novine-novog-zakona-o-radu-fbih\/"},"wordCount":1492,"publisher":{"@id":"https:\/\/tuzlainfo.ba\/#organization"},"image":{"@id":"https:\/\/tuzlainfo.ba\/index.php\/bosna-i-hercegovina\/item\/314805-pauza-od-30-minuta-ulazi-u-radno-vrijeme-ovo-su-kljucne-novine-novog-zakona-o-radu-fbih\/#primaryimage"},"thumbnailUrl":"https:\/\/tuzlainfo.ba\/wp-content\/uploads\/2022\/08\/varioci-varilac-radnik.jpg","keywords":["radnici","zakon o radu"],"articleSection":["Bosna i Hercegovina","Istaknuto"],"inLanguage":"bs-BA","copyrightYear":"2026","copyrightHolder":{"@id":"https:\/\/tuzlainfo.ba\/#organization"}},{"@type":"WebPage","@id":"https:\/\/tuzlainfo.ba\/index.php\/bosna-i-hercegovina\/item\/314805-pauza-od-30-minuta-ulazi-u-radno-vrijeme-ovo-su-kljucne-novine-novog-zakona-o-radu-fbih\/","url":"https:\/\/tuzlainfo.ba\/index.php\/bosna-i-hercegovina\/item\/314805-pauza-od-30-minuta-ulazi-u-radno-vrijeme-ovo-su-kljucne-novine-novog-zakona-o-radu-fbih\/","name":"Pauza od 30 minuta ulazi u radno vrijeme: Ovo su klju\u010dne novine novog Zakona o radu FBiH","isPartOf":{"@id":"https:\/\/tuzlainfo.ba\/#website"},"primaryImageOfPage":{"@id":"https:\/\/tuzlainfo.ba\/index.php\/bosna-i-hercegovina\/item\/314805-pauza-od-30-minuta-ulazi-u-radno-vrijeme-ovo-su-kljucne-novine-novog-zakona-o-radu-fbih\/#primaryimage"},"image":{"@id":"https:\/\/tuzlainfo.ba\/index.php\/bosna-i-hercegovina\/item\/314805-pauza-od-30-minuta-ulazi-u-radno-vrijeme-ovo-su-kljucne-novine-novog-zakona-o-radu-fbih\/#primaryimage"},"thumbnailUrl":"https:\/\/tuzlainfo.ba\/wp-content\/uploads\/2022\/08\/varioci-varilac-radnik.jpg","datePublished":"2026-09-03T20:00:28+00:00","breadcrumb":{"@id":"https:\/\/tuzlainfo.ba\/index.php\/bosna-i-hercegovina\/item\/314805-pauza-od-30-minuta-ulazi-u-radno-vrijeme-ovo-su-kljucne-novine-novog-zakona-o-radu-fbih\/#breadcrumb"},"inLanguage":"bs-BA","potentialAction":[{"@type":"ReadAction","target":["https:\/\/tuzlainfo.ba\/index.php\/bosna-i-hercegovina\/item\/314805-pauza-od-30-minuta-ulazi-u-radno-vrijeme-ovo-su-kljucne-novine-novog-zakona-o-radu-fbih\/"]}]},{"@type":"ImageObject","inLanguage":"bs-BA","@id":"https:\/\/tuzlainfo.ba\/index.php\/bosna-i-hercegovina\/item\/314805-pauza-od-30-minuta-ulazi-u-radno-vrijeme-ovo-su-kljucne-novine-novog-zakona-o-radu-fbih\/#primaryimage","url":"https:\/\/tuzlainfo.ba\/wp-content\/uploads\/2022\/08\/varioci-varilac-radnik.jpg","contentUrl":"https:\/\/tuzlainfo.ba\/wp-content\/uploads\/2022\/08\/varioci-varilac-radnik.jpg","width":800,"height":504},{"@type":"BreadcrumbList","@id":"https:\/\/tuzlainfo.ba\/index.php\/bosna-i-hercegovina\/item\/314805-pauza-od-30-minuta-ulazi-u-radno-vrijeme-ovo-su-kljucne-novine-novog-zakona-o-radu-fbih\/#breadcrumb","itemListElement":[{"@type":"ListItem","position":1,"name":"Home","item":"https:\/\/tuzlainfo.ba\/"},{"@type":"ListItem","position":2,"name":"Pauza od 30 minuta ulazi u radno vrijeme: Ovo su klju\u010dne novine novog Zakona o radu FBiH"}]},{"@type":"WebSite","@id":"https:\/\/tuzlainfo.ba\/#website","url":"https:\/\/tuzlainfo.ba\/","name":"TuzlaInfo.ba","description":"Tuzla info, gradski informator - Tuzla na dlanu","publisher":{"@id":"https:\/\/tuzlainfo.ba\/#organization"},"potentialAction":[{"@type":"SearchAction","target":{"@type":"EntryPoint","urlTemplate":"https:\/\/tuzlainfo.ba\/?s={search_term_string}"},"query-input":{"@type":"PropertyValueSpecification","valueRequired":true,"valueName":"search_term_string"}}],"inLanguage":"bs-BA"},{"@type":"Organization","@id":"https:\/\/tuzlainfo.ba\/#organization","name":"TuzlaInfo.ba","url":"https:\/\/tuzlainfo.ba\/","logo":{"@type":"ImageObject","inLanguage":"bs-BA","@id":"https:\/\/tuzlainfo.ba\/#\/schema\/logo\/image\/","url":"https:\/\/tuzlainfo.ba\/wp-content\/uploads\/2021\/03\/logo-ver-3-1.png","contentUrl":"https:\/\/tuzlainfo.ba\/wp-content\/uploads\/2021\/03\/logo-ver-3-1.png","width":350,"height":95,"caption":"TuzlaInfo.ba"},"image":{"@id":"https:\/\/tuzlainfo.ba\/#\/schema\/logo\/image\/"},"sameAs":["https:\/\/www.facebook.com\/tuzlainfo.ba\/"]},{"@type":"Person","@id":"https:\/\/tuzlainfo.ba\/#\/schema\/person\/46cad4c57790cbc50781edd14870825a","name":"Tuzla Info","image":{"@type":"ImageObject","inLanguage":"bs-BA","@id":"https:\/\/secure.gravatar.com\/avatar\/e980921b00fa2e552723a2386544734ce6885d2b2304ccca3f45186f9ca4031d?s=96&d=mm&r=g","url":"https:\/\/secure.gravatar.com\/avatar\/e980921b00fa2e552723a2386544734ce6885d2b2304ccca3f45186f9ca4031d?s=96&d=mm&r=g","contentUrl":"https:\/\/secure.gravatar.com\/avatar\/e980921b00fa2e552723a2386544734ce6885d2b2304ccca3f45186f9ca4031d?s=96&d=mm&r=g","caption":"Tuzla Info"}}]}},"_links":{"self":[{"href":"https:\/\/tuzlainfo.ba\/index.php\/wp-json\/wp\/v2\/posts\/314805","targetHints":{"allow":["GET"]}}],"collection":[{"href":"https:\/\/tuzlainfo.ba\/index.php\/wp-json\/wp\/v2\/posts"}],"about":[{"href":"https:\/\/tuzlainfo.ba\/index.php\/wp-json\/wp\/v2\/types\/post"}],"author":[{"embeddable":true,"href":"https:\/\/tuzlainfo.ba\/index.php\/wp-json\/wp\/v2\/users\/4"}],"replies":[{"embeddable":true,"href":"https:\/\/tuzlainfo.ba\/index.php\/wp-json\/wp\/v2\/comments?post=314805"}],"version-history":[{"count":1,"href":"https:\/\/tuzlainfo.ba\/index.php\/wp-json\/wp\/v2\/posts\/314805\/revisions"}],"predecessor-version":[{"id":314806,"href":"https:\/\/tuzlainfo.ba\/index.php\/wp-json\/wp\/v2\/posts\/314805\/revisions\/314806"}],"wp:featuredmedia":[{"embeddable":true,"href":"https:\/\/tuzlainfo.ba\/index.php\/wp-json\/wp\/v2\/media\/181399"}],"wp:attachment":[{"href":"https:\/\/tuzlainfo.ba\/index.php\/wp-json\/wp\/v2\/media?parent=314805"}],"wp:term":[{"taxonomy":"category","embeddable":true,"href":"https:\/\/tuzlainfo.ba\/index.php\/wp-json\/wp\/v2\/categories?post=314805"},{"taxonomy":"post_tag","embeddable":true,"href":"https:\/\/tuzlainfo.ba\/index.php\/wp-json\/wp\/v2\/tags?post=314805"}],"curies":[{"name":"wp","href":"https:\/\/api.w.org\/{rel}","templated":true}]}}