{"id":314775,"date":"2026-09-03T18:04:05","date_gmt":"2026-09-03T16:04:05","guid":{"rendered":"https:\/\/tuzlainfo.ba\/?p=314775"},"modified":"2026-09-03T18:17:14","modified_gmt":"2026-09-03T16:17:14","slug":"stefani-kresic-zauzela-peto-mjesto-na-mediteranskim-igrama-taranto-2026","status":"publish","type":"post","link":"https:\/\/tuzlainfo.ba\/index.php\/novosti\/item\/314775-stefani-kresic-zauzela-peto-mjesto-na-mediteranskim-igrama-taranto-2026\/","title":{"rendered":"Stefani Kre\u0161i\u0107 zauzela peto mjesto na Mediteranskim igrama Taranto 2026"},"content":{"rendered":"<p class=\"PDq2pG_selectionAnchorContainer\" data-start=\"141\" data-end=\"343\">Takmi\u010darka Karate kluba \u201eDO\u201c Tuzla Stefani Kre\u0161i\u0107 nastupila je za reprezentaciju Bosne i Hercegovine na Mediteranskim igrama Taranto 2026, u kategoriji kumite +68 kilograma, gdje je zauzela peto mjesto.<\/p>\n<p data-start=\"345\" data-end=\"711\">Kre\u0161i\u0107 je imala priliku boriti se za bronzanu medalju, ali je ovoga puta odli\u010dje ostalo nadomak. Plasman me\u0111u pet najboljih takmi\u010darki na Mediteranskim igrama predstavlja vrijedan rezultat, a posebno priznanje za Karate klub \u201eDO\u201c Tuzla predstavlja \u010dinjenica da je upravo njihova takmi\u010darka predstavljala Bosnu i Hercegovinu na ovom velikom multisportskom takmi\u010denju.<\/p>\n<p data-start=\"713\" data-end=\"847\">Iz kluba su Stefani Kre\u0161i\u0107 \u010destitali na ostvarenom rezultatu i dostojnom predstavljanju Bosne i Hercegovine i Karate kluba \u201eDO\u201c Tuzla.<\/p>\n<p data-start=\"849\" data-end=\"1026\" data-is-last-node=\"\" data-is-only-node=\"\">Zahvalnost su uputili i Olimpijskom komitetu Bosne i Hercegovine te Ministarstvu za kulturu, sport i mlade Tuzlanskog kantona na podr\u0161ci Stefani na putu ka Mediteranskim igrama.<\/p>\n","protected":false},"excerpt":{"rendered":"<p>Takmi\u010darka Karate kluba \u201eDO\u201c Tuzla Stefani Kre\u0161i\u0107 nastupila je za reprezentaciju Bosne i Hercegovine na Mediteranskim igrama Taranto 2026, u kategoriji kumite +68 kilograma, gdje je zauzela peto mjesto. Kre\u0161i\u0107 je imala priliku boriti se za bronzanu medalju, ali je ovoga puta odli\u010dje ostalo nadomak. Plasman me\u0111u pet najboljih takmi\u010darki na Mediteranskim igrama predstavlja vrijedan [&hellip;]<\/p>\n","protected":false},"author":4,"featured_media":314776,"comment_status":"closed","ping_status":"closed","sticky":false,"template":"","format":"standard","meta":{"footnotes":""},"categories":[12],"tags":[14207,14189],"class_list":["post-314775","post","type-post","status-publish","format-standard","has-post-thumbnail","hentry","category-novosti","tag-mediteranske-igre","tag-stefani-kresic"],"yoast_head":"<!-- This site is optimized with the Yoast SEO plugin v28.4 - https:\/\/yoast.com\/product\/yoast-seo-wordpress\/ -->\n<title>Stefani Kre\u0161i\u0107 zauzela peto mjesto na Mediteranskim igrama Taranto 2026<\/title>\n<meta name=\"robots\" content=\"index, follow, max-snippet:-1, max-image-preview:large, max-video-preview:-1\" \/>\n<link rel=\"canonical\" href=\"https:\/\/tuzlainfo.ba\/index.php\/novosti\/item\/314775-stefani-kresic-zauzela-peto-mjesto-na-mediteranskim-igrama-taranto-2026\/\" \/>\n<meta property=\"og:locale\" content=\"bs_BA\" \/>\n<meta property=\"og:type\" content=\"article\" \/>\n<meta property=\"og:title\" content=\"Stefani Kre\u0161i\u0107 zauzela peto mjesto na Mediteranskim igrama Taranto 2026\" \/>\n<meta property=\"og:description\" content=\"Takmi\u010darka Karate kluba \u201eDO\u201c Tuzla Stefani Kre\u0161i\u0107 nastupila je za reprezentaciju Bosne i Hercegovine na Mediteranskim igrama Taranto 2026, u kategoriji kumite +68 kilograma, gdje je zauzela peto mjesto. Kre\u0161i\u0107 je imala priliku boriti se za bronzanu medalju, ali je ovoga puta odli\u010dje ostalo nadomak. Plasman me\u0111u pet najboljih takmi\u010darki na Mediteranskim igrama predstavlja vrijedan [&hellip;]\" \/>\n<meta property=\"og:url\" content=\"https:\/\/tuzlainfo.ba\/index.php\/novosti\/item\/314775-stefani-kresic-zauzela-peto-mjesto-na-mediteranskim-igrama-taranto-2026\/\" \/>\n<meta property=\"og:site_name\" content=\"TuzlaInfo.ba\" \/>\n<meta property=\"article:publisher\" content=\"https:\/\/www.facebook.com\/tuzlainfo.ba\/\" \/>\n<meta property=\"article:published_time\" content=\"2026-09-03T16:04:05+00:00\" \/>\n<meta property=\"article:modified_time\" content=\"2026-09-03T16:17:14+00:00\" \/>\n<meta property=\"og:image\" content=\"https:\/\/tuzlainfo.ba\/wp-content\/uploads\/2026\/09\/stefani-kresic.jpg\" \/>\n\t<meta property=\"og:image:width\" content=\"941\" \/>\n\t<meta property=\"og:image:height\" content=\"882\" \/>\n\t<meta property=\"og:image:type\" content=\"image\/jpeg\" \/>\n<meta name=\"author\" content=\"Tuzla Info\" \/>\n<meta name=\"twitter:card\" content=\"summary_large_image\" \/>\n<meta name=\"twitter:label1\" content=\"Written by\" \/>\n\t<meta name=\"twitter:data1\" content=\"Tuzla Info\" \/>\n\t<meta name=\"twitter:label2\" content=\"Est. reading time\" \/>\n\t<meta name=\"twitter:data2\" content=\"1 minuta\" \/>\n<script type=\"application\/ld+json\" class=\"yoast-schema-graph\">{\"@context\":\"https:\\\/\\\/schema.org\",\"@graph\":[{\"@type\":\"Article\",\"@id\":\"https:\\\/\\\/tuzlainfo.ba\\\/index.php\\\/novosti\\\/item\\\/314775-stefani-kresic-zauzela-peto-mjesto-na-mediteranskim-igrama-taranto-2026\\\/#article\",\"isPartOf\":{\"@id\":\"https:\\\/\\\/tuzlainfo.ba\\\/index.php\\\/novosti\\\/item\\\/314775-stefani-kresic-zauzela-peto-mjesto-na-mediteranskim-igrama-taranto-2026\\\/\"},\"author\":{\"name\":\"Tuzla Info\",\"@id\":\"https:\\\/\\\/tuzlainfo.ba\\\/#\\\/schema\\\/person\\\/46cad4c57790cbc50781edd14870825a\"},\"headline\":\"Stefani Kre\u0161i\u0107 zauzela peto mjesto na Mediteranskim igrama Taranto 2026\",\"datePublished\":\"2026-09-03T16:04:05+00:00\",\"dateModified\":\"2026-09-03T16:17:14+00:00\",\"mainEntityOfPage\":{\"@id\":\"https:\\\/\\\/tuzlainfo.ba\\\/index.php\\\/novosti\\\/item\\\/314775-stefani-kresic-zauzela-peto-mjesto-na-mediteranskim-igrama-taranto-2026\\\/\"},\"wordCount\":144,\"publisher\":{\"@id\":\"https:\\\/\\\/tuzlainfo.ba\\\/#organization\"},\"image\":{\"@id\":\"https:\\\/\\\/tuzlainfo.ba\\\/index.php\\\/novosti\\\/item\\\/314775-stefani-kresic-zauzela-peto-mjesto-na-mediteranskim-igrama-taranto-2026\\\/#primaryimage\"},\"thumbnailUrl\":\"https:\\\/\\\/tuzlainfo.ba\\\/wp-content\\\/uploads\\\/2026\\\/09\\\/stefani-kresic.jpg\",\"keywords\":[\"mediteranske igre\",\"stefani kre\u0161i\u0107\"],\"articleSection\":[\"Novosti\"],\"inLanguage\":\"bs-BA\",\"copyrightYear\":\"2026\",\"copyrightHolder\":{\"@id\":\"https:\\\/\\\/tuzlainfo.ba\\\/#organization\"}},{\"@type\":\"WebPage\",\"@id\":\"https:\\\/\\\/tuzlainfo.ba\\\/index.php\\\/novosti\\\/item\\\/314775-stefani-kresic-zauzela-peto-mjesto-na-mediteranskim-igrama-taranto-2026\\\/\",\"url\":\"https:\\\/\\\/tuzlainfo.ba\\\/index.php\\\/novosti\\\/item\\\/314775-stefani-kresic-zauzela-peto-mjesto-na-mediteranskim-igrama-taranto-2026\\\/\",\"name\":\"Stefani Kre\u0161i\u0107 zauzela peto mjesto na Mediteranskim igrama Taranto 2026\",\"isPartOf\":{\"@id\":\"https:\\\/\\\/tuzlainfo.ba\\\/#website\"},\"primaryImageOfPage\":{\"@id\":\"https:\\\/\\\/tuzlainfo.ba\\\/index.php\\\/novosti\\\/item\\\/314775-stefani-kresic-zauzela-peto-mjesto-na-mediteranskim-igrama-taranto-2026\\\/#primaryimage\"},\"image\":{\"@id\":\"https:\\\/\\\/tuzlainfo.ba\\\/index.php\\\/novosti\\\/item\\\/314775-stefani-kresic-zauzela-peto-mjesto-na-mediteranskim-igrama-taranto-2026\\\/#primaryimage\"},\"thumbnailUrl\":\"https:\\\/\\\/tuzlainfo.ba\\\/wp-content\\\/uploads\\\/2026\\\/09\\\/stefani-kresic.jpg\",\"datePublished\":\"2026-09-03T16:04:05+00:00\",\"dateModified\":\"2026-09-03T16:17:14+00:00\",\"breadcrumb\":{\"@id\":\"https:\\\/\\\/tuzlainfo.ba\\\/index.php\\\/novosti\\\/item\\\/314775-stefani-kresic-zauzela-peto-mjesto-na-mediteranskim-igrama-taranto-2026\\\/#breadcrumb\"},\"inLanguage\":\"bs-BA\",\"potentialAction\":[{\"@type\":\"ReadAction\",\"target\":[\"https:\\\/\\\/tuzlainfo.ba\\\/index.php\\\/novosti\\\/item\\\/314775-stefani-kresic-zauzela-peto-mjesto-na-mediteranskim-igrama-taranto-2026\\\/\"]}]},{\"@type\":\"ImageObject\",\"inLanguage\":\"bs-BA\",\"@id\":\"https:\\\/\\\/tuzlainfo.ba\\\/index.php\\\/novosti\\\/item\\\/314775-stefani-kresic-zauzela-peto-mjesto-na-mediteranskim-igrama-taranto-2026\\\/#primaryimage\",\"url\":\"https:\\\/\\\/tuzlainfo.ba\\\/wp-content\\\/uploads\\\/2026\\\/09\\\/stefani-kresic.jpg\",\"contentUrl\":\"https:\\\/\\\/tuzlainfo.ba\\\/wp-content\\\/uploads\\\/2026\\\/09\\\/stefani-kresic.jpg\",\"width\":941,\"height\":882},{\"@type\":\"BreadcrumbList\",\"@id\":\"https:\\\/\\\/tuzlainfo.ba\\\/index.php\\\/novosti\\\/item\\\/314775-stefani-kresic-zauzela-peto-mjesto-na-mediteranskim-igrama-taranto-2026\\\/#breadcrumb\",\"itemListElement\":[{\"@type\":\"ListItem\",\"position\":1,\"name\":\"Home\",\"item\":\"https:\\\/\\\/tuzlainfo.ba\\\/\"},{\"@type\":\"ListItem\",\"position\":2,\"name\":\"Stefani Kre\u0161i\u0107 zauzela peto mjesto na Mediteranskim igrama Taranto 2026\"}]},{\"@type\":\"WebSite\",\"@id\":\"https:\\\/\\\/tuzlainfo.ba\\\/#website\",\"url\":\"https:\\\/\\\/tuzlainfo.ba\\\/\",\"name\":\"TuzlaInfo.ba\",\"description\":\"Tuzla info, gradski informator - Tuzla na dlanu\",\"publisher\":{\"@id\":\"https:\\\/\\\/tuzlainfo.ba\\\/#organization\"},\"potentialAction\":[{\"@type\":\"SearchAction\",\"target\":{\"@type\":\"EntryPoint\",\"urlTemplate\":\"https:\\\/\\\/tuzlainfo.ba\\\/?s={search_term_string}\"},\"query-input\":{\"@type\":\"PropertyValueSpecification\",\"valueRequired\":true,\"valueName\":\"search_term_string\"}}],\"inLanguage\":\"bs-BA\"},{\"@type\":\"Organization\",\"@id\":\"https:\\\/\\\/tuzlainfo.ba\\\/#organization\",\"name\":\"TuzlaInfo.ba\",\"url\":\"https:\\\/\\\/tuzlainfo.ba\\\/\",\"logo\":{\"@type\":\"ImageObject\",\"inLanguage\":\"bs-BA\",\"@id\":\"https:\\\/\\\/tuzlainfo.ba\\\/#\\\/schema\\\/logo\\\/image\\\/\",\"url\":\"https:\\\/\\\/tuzlainfo.ba\\\/wp-content\\\/uploads\\\/2021\\\/03\\\/logo-ver-3-1.png\",\"contentUrl\":\"https:\\\/\\\/tuzlainfo.ba\\\/wp-content\\\/uploads\\\/2021\\\/03\\\/logo-ver-3-1.png\",\"width\":350,\"height\":95,\"caption\":\"TuzlaInfo.ba\"},\"image\":{\"@id\":\"https:\\\/\\\/tuzlainfo.ba\\\/#\\\/schema\\\/logo\\\/image\\\/\"},\"sameAs\":[\"https:\\\/\\\/www.facebook.com\\\/tuzlainfo.ba\\\/\"]},{\"@type\":\"Person\",\"@id\":\"https:\\\/\\\/tuzlainfo.ba\\\/#\\\/schema\\\/person\\\/46cad4c57790cbc50781edd14870825a\",\"name\":\"Tuzla Info\",\"image\":{\"@type\":\"ImageObject\",\"inLanguage\":\"bs-BA\",\"@id\":\"https:\\\/\\\/secure.gravatar.com\\\/avatar\\\/e980921b00fa2e552723a2386544734ce6885d2b2304ccca3f45186f9ca4031d?s=96&d=mm&r=g\",\"url\":\"https:\\\/\\\/secure.gravatar.com\\\/avatar\\\/e980921b00fa2e552723a2386544734ce6885d2b2304ccca3f45186f9ca4031d?s=96&d=mm&r=g\",\"contentUrl\":\"https:\\\/\\\/secure.gravatar.com\\\/avatar\\\/e980921b00fa2e552723a2386544734ce6885d2b2304ccca3f45186f9ca4031d?s=96&d=mm&r=g\",\"caption\":\"Tuzla Info\"}}]}<\/script>\n<!-- \/ Yoast SEO plugin. -->","yoast_head_json":{"title":"Stefani Kre\u0161i\u0107 zauzela peto mjesto na Mediteranskim igrama Taranto 2026","robots":{"index":"index","follow":"follow","max-snippet":"max-snippet:-1","max-image-preview":"max-image-preview:large","max-video-preview":"max-video-preview:-1"},"canonical":"https:\/\/tuzlainfo.ba\/index.php\/novosti\/item\/314775-stefani-kresic-zauzela-peto-mjesto-na-mediteranskim-igrama-taranto-2026\/","og_locale":"bs_BA","og_type":"article","og_title":"Stefani Kre\u0161i\u0107 zauzela peto mjesto na Mediteranskim igrama Taranto 2026","og_description":"Takmi\u010darka Karate kluba \u201eDO\u201c Tuzla Stefani Kre\u0161i\u0107 nastupila je za reprezentaciju Bosne i Hercegovine na Mediteranskim igrama Taranto 2026, u kategoriji kumite +68 kilograma, gdje je zauzela peto mjesto. Kre\u0161i\u0107 je imala priliku boriti se za bronzanu medalju, ali je ovoga puta odli\u010dje ostalo nadomak. Plasman me\u0111u pet najboljih takmi\u010darki na Mediteranskim igrama predstavlja vrijedan [&hellip;]","og_url":"https:\/\/tuzlainfo.ba\/index.php\/novosti\/item\/314775-stefani-kresic-zauzela-peto-mjesto-na-mediteranskim-igrama-taranto-2026\/","og_site_name":"TuzlaInfo.ba","article_publisher":"https:\/\/www.facebook.com\/tuzlainfo.ba\/","article_published_time":"2026-09-03T16:04:05+00:00","article_modified_time":"2026-09-03T16:17:14+00:00","og_image":[{"width":941,"height":882,"url":"https:\/\/tuzlainfo.ba\/wp-content\/uploads\/2026\/09\/stefani-kresic.jpg","type":"image\/jpeg"}],"author":"Tuzla Info","twitter_card":"summary_large_image","twitter_misc":{"Written by":"Tuzla Info","Est. reading time":"1 minuta"},"schema":{"@context":"https:\/\/schema.org","@graph":[{"@type":"Article","@id":"https:\/\/tuzlainfo.ba\/index.php\/novosti\/item\/314775-stefani-kresic-zauzela-peto-mjesto-na-mediteranskim-igrama-taranto-2026\/#article","isPartOf":{"@id":"https:\/\/tuzlainfo.ba\/index.php\/novosti\/item\/314775-stefani-kresic-zauzela-peto-mjesto-na-mediteranskim-igrama-taranto-2026\/"},"author":{"name":"Tuzla Info","@id":"https:\/\/tuzlainfo.ba\/#\/schema\/person\/46cad4c57790cbc50781edd14870825a"},"headline":"Stefani Kre\u0161i\u0107 zauzela peto mjesto na Mediteranskim igrama Taranto 2026","datePublished":"2026-09-03T16:04:05+00:00","dateModified":"2026-09-03T16:17:14+00:00","mainEntityOfPage":{"@id":"https:\/\/tuzlainfo.ba\/index.php\/novosti\/item\/314775-stefani-kresic-zauzela-peto-mjesto-na-mediteranskim-igrama-taranto-2026\/"},"wordCount":144,"publisher":{"@id":"https:\/\/tuzlainfo.ba\/#organization"},"image":{"@id":"https:\/\/tuzlainfo.ba\/index.php\/novosti\/item\/314775-stefani-kresic-zauzela-peto-mjesto-na-mediteranskim-igrama-taranto-2026\/#primaryimage"},"thumbnailUrl":"https:\/\/tuzlainfo.ba\/wp-content\/uploads\/2026\/09\/stefani-kresic.jpg","keywords":["mediteranske igre","stefani kre\u0161i\u0107"],"articleSection":["Novosti"],"inLanguage":"bs-BA","copyrightYear":"2026","copyrightHolder":{"@id":"https:\/\/tuzlainfo.ba\/#organization"}},{"@type":"WebPage","@id":"https:\/\/tuzlainfo.ba\/index.php\/novosti\/item\/314775-stefani-kresic-zauzela-peto-mjesto-na-mediteranskim-igrama-taranto-2026\/","url":"https:\/\/tuzlainfo.ba\/index.php\/novosti\/item\/314775-stefani-kresic-zauzela-peto-mjesto-na-mediteranskim-igrama-taranto-2026\/","name":"Stefani Kre\u0161i\u0107 zauzela peto mjesto na Mediteranskim igrama Taranto 2026","isPartOf":{"@id":"https:\/\/tuzlainfo.ba\/#website"},"primaryImageOfPage":{"@id":"https:\/\/tuzlainfo.ba\/index.php\/novosti\/item\/314775-stefani-kresic-zauzela-peto-mjesto-na-mediteranskim-igrama-taranto-2026\/#primaryimage"},"image":{"@id":"https:\/\/tuzlainfo.ba\/index.php\/novosti\/item\/314775-stefani-kresic-zauzela-peto-mjesto-na-mediteranskim-igrama-taranto-2026\/#primaryimage"},"thumbnailUrl":"https:\/\/tuzlainfo.ba\/wp-content\/uploads\/2026\/09\/stefani-kresic.jpg","datePublished":"2026-09-03T16:04:05+00:00","dateModified":"2026-09-03T16:17:14+00:00","breadcrumb":{"@id":"https:\/\/tuzlainfo.ba\/index.php\/novosti\/item\/314775-stefani-kresic-zauzela-peto-mjesto-na-mediteranskim-igrama-taranto-2026\/#breadcrumb"},"inLanguage":"bs-BA","potentialAction":[{"@type":"ReadAction","target":["https:\/\/tuzlainfo.ba\/index.php\/novosti\/item\/314775-stefani-kresic-zauzela-peto-mjesto-na-mediteranskim-igrama-taranto-2026\/"]}]},{"@type":"ImageObject","inLanguage":"bs-BA","@id":"https:\/\/tuzlainfo.ba\/index.php\/novosti\/item\/314775-stefani-kresic-zauzela-peto-mjesto-na-mediteranskim-igrama-taranto-2026\/#primaryimage","url":"https:\/\/tuzlainfo.ba\/wp-content\/uploads\/2026\/09\/stefani-kresic.jpg","contentUrl":"https:\/\/tuzlainfo.ba\/wp-content\/uploads\/2026\/09\/stefani-kresic.jpg","width":941,"height":882},{"@type":"BreadcrumbList","@id":"https:\/\/tuzlainfo.ba\/index.php\/novosti\/item\/314775-stefani-kresic-zauzela-peto-mjesto-na-mediteranskim-igrama-taranto-2026\/#breadcrumb","itemListElement":[{"@type":"ListItem","position":1,"name":"Home","item":"https:\/\/tuzlainfo.ba\/"},{"@type":"ListItem","position":2,"name":"Stefani Kre\u0161i\u0107 zauzela peto mjesto na Mediteranskim igrama Taranto 2026"}]},{"@type":"WebSite","@id":"https:\/\/tuzlainfo.ba\/#website","url":"https:\/\/tuzlainfo.ba\/","name":"TuzlaInfo.ba","description":"Tuzla info, gradski informator - Tuzla na dlanu","publisher":{"@id":"https:\/\/tuzlainfo.ba\/#organization"},"potentialAction":[{"@type":"SearchAction","target":{"@type":"EntryPoint","urlTemplate":"https:\/\/tuzlainfo.ba\/?s={search_term_string}"},"query-input":{"@type":"PropertyValueSpecification","valueRequired":true,"valueName":"search_term_string"}}],"inLanguage":"bs-BA"},{"@type":"Organization","@id":"https:\/\/tuzlainfo.ba\/#organization","name":"TuzlaInfo.ba","url":"https:\/\/tuzlainfo.ba\/","logo":{"@type":"ImageObject","inLanguage":"bs-BA","@id":"https:\/\/tuzlainfo.ba\/#\/schema\/logo\/image\/","url":"https:\/\/tuzlainfo.ba\/wp-content\/uploads\/2021\/03\/logo-ver-3-1.png","contentUrl":"https:\/\/tuzlainfo.ba\/wp-content\/uploads\/2021\/03\/logo-ver-3-1.png","width":350,"height":95,"caption":"TuzlaInfo.ba"},"image":{"@id":"https:\/\/tuzlainfo.ba\/#\/schema\/logo\/image\/"},"sameAs":["https:\/\/www.facebook.com\/tuzlainfo.ba\/"]},{"@type":"Person","@id":"https:\/\/tuzlainfo.ba\/#\/schema\/person\/46cad4c57790cbc50781edd14870825a","name":"Tuzla Info","image":{"@type":"ImageObject","inLanguage":"bs-BA","@id":"https:\/\/secure.gravatar.com\/avatar\/e980921b00fa2e552723a2386544734ce6885d2b2304ccca3f45186f9ca4031d?s=96&d=mm&r=g","url":"https:\/\/secure.gravatar.com\/avatar\/e980921b00fa2e552723a2386544734ce6885d2b2304ccca3f45186f9ca4031d?s=96&d=mm&r=g","contentUrl":"https:\/\/secure.gravatar.com\/avatar\/e980921b00fa2e552723a2386544734ce6885d2b2304ccca3f45186f9ca4031d?s=96&d=mm&r=g","caption":"Tuzla Info"}}]}},"_links":{"self":[{"href":"https:\/\/tuzlainfo.ba\/index.php\/wp-json\/wp\/v2\/posts\/314775","targetHints":{"allow":["GET"]}}],"collection":[{"href":"https:\/\/tuzlainfo.ba\/index.php\/wp-json\/wp\/v2\/posts"}],"about":[{"href":"https:\/\/tuzlainfo.ba\/index.php\/wp-json\/wp\/v2\/types\/post"}],"author":[{"embeddable":true,"href":"https:\/\/tuzlainfo.ba\/index.php\/wp-json\/wp\/v2\/users\/4"}],"replies":[{"embeddable":true,"href":"https:\/\/tuzlainfo.ba\/index.php\/wp-json\/wp\/v2\/comments?post=314775"}],"version-history":[{"count":1,"href":"https:\/\/tuzlainfo.ba\/index.php\/wp-json\/wp\/v2\/posts\/314775\/revisions"}],"predecessor-version":[{"id":314777,"href":"https:\/\/tuzlainfo.ba\/index.php\/wp-json\/wp\/v2\/posts\/314775\/revisions\/314777"}],"wp:featuredmedia":[{"embeddable":true,"href":"https:\/\/tuzlainfo.ba\/index.php\/wp-json\/wp\/v2\/media\/314776"}],"wp:attachment":[{"href":"https:\/\/tuzlainfo.ba\/index.php\/wp-json\/wp\/v2\/media?parent=314775"}],"wp:term":[{"taxonomy":"category","embeddable":true,"href":"https:\/\/tuzlainfo.ba\/index.php\/wp-json\/wp\/v2\/categories?post=314775"},{"taxonomy":"post_tag","embeddable":true,"href":"https:\/\/tuzlainfo.ba\/index.php\/wp-json\/wp\/v2\/tags?post=314775"}],"curies":[{"name":"wp","href":"https:\/\/api.w.org\/{rel}","templated":true}]}}