{"id":314762,"date":"2026-09-03T14:01:11","date_gmt":"2026-09-03T12:01:11","guid":{"rendered":"https:\/\/tuzlainfo.ba\/?p=314762"},"modified":"2026-09-03T13:41:14","modified_gmt":"2026-09-03T11:41:14","slug":"univerzitet-u-tuzli-dobio-prigodnu-postansku-marku-za-50-godisnjicu","status":"publish","type":"post","link":"https:\/\/tuzlainfo.ba\/index.php\/novosti\/item\/314762-univerzitet-u-tuzli-dobio-prigodnu-postansku-marku-za-50-godisnjicu\/","title":{"rendered":"Univerzitet u Tuzli dobio prigodnu po\u0161tansku marku za 50. godi\u0161njicu"},"content":{"rendered":"<p>Pet decenija znanja, obrazovanja, nauke, istra\u017eivanja i generacija ljudi koji su svojim radom gradili Univerzitet u Tuzli od danas su zabilje\u017eeni i na po\u0161tanskoj marki \u010dija je promocija posve\u0107ena 50. godi\u0161njici ove visoko\u0161kolske ustanove.<\/p>\n<p>Jubilarna marka, osim \u0161to obilje\u017eava zna\u010dajan datum u historiji Univerziteta, nosi i simboliku trajnog zapisa o njegovom razvoju i ulozi koju je tokom pet decenija imao u dru\u0161tvenom, kulturnom, akademskom i nau\u010dnom \u017eivotu Bosne i Hercegovine.<\/p>\n<p>\u201cOvo je jedna od manifestacija u programu obilje\u017eavanja velikog jubileja Univerziteta u Tuzli, ali \u017eelim re\u0107i da zapravo ovom markicom, mi zajedno \u017eelimo osvijestiti sebi i odati priznanje svima onima koji su razvijali Univerzitet u proteklih 50 godina i ohrabriti ovu generaciju mladih ljudi da vide svoju budu\u0107nost u ovom Univerzitetu \u201c, kazao je Rektor Univerziteta u Tuzli, prof. dr. Amir Kari\u0107, poru\u010duju\u0107i da i na ovaj na\u010din \u017eeli vratiti povjerenje mladim ljudima u smisao obrazovanja.<\/p>\n<p>On je kazao da svojim radom \u017eele biti nova nada da ova zemlja i dru\u0161tvo mogu bolje i vi\u0161e, \u0161to \u0107e biti mogu\u0107e ukoliko svi pojedina\u010dno budu radili na pobolj\u0161anju, vra\u0107anju nade i povjerenja u ostvarenje postavljenih ciljeva.<\/p>\n<p>Po\u0161tanska marka je mali format koji putuje daleko, prenosi poruku, \u010duva uspomenu i svjedo\u010di o vremenu u kojem je nastala. U slu\u010daju Univerziteta u Tuzli, ona predstavlja i svojevrsni podsjetnik na generacije studenata, nastavnika, istra\u017eiva\u010da i drugih zaposlenika koji su tokom prethodnih pet decenija bili dio razvoja ove institucije.<\/p>\n<p>Jubilej Univerziteta u Tuzli na ovaj na\u010din nije obilje\u017een prvi put. Prigodna po\u0161tanska marka izdata je i prije 20 godina, povodom 30. godi\u0161njice Univerziteta. Nova marka, dvije decenije kasnije, tako predstavlja svojevrsni nastavak tog simboli\u010dnog bilje\u017eenja va\u017enih etapa u historiji Univerziteta.<\/p>\n<p>Obilje\u017eavanje zna\u010dajnih jubileja kroz prigodna po\u0161tanska izdanja omogu\u0107ava da doga\u0111aji i institucije ostanu sa\u010duvani i izvan prostora u kojem se obilje\u017eavaju. Marka posve\u0107ena 50. godi\u0161njici Univerziteta u Tuzli tako \u0107e ostati kao trajni podsjetnik na njegovih prvih pola stolje\u0107a, razvoj, uspjehe i ljude koji su svojim znanjem i radom ispisivali njegovu historiju.<\/p>\n<p>&nbsp;<\/p>\n<p><strong><b>Po\u0161tansku marku Univerziteta u Tuzli \u0107e dobiti 192 dr\u017eave<\/b><\/strong><\/p>\n<p>&nbsp;<\/p>\n<p>U obilje\u017eavanju jubileja u\u010destvovala je i JP BH PO\u0160TA d.o.o. Sarajevo, koja je prepoznala zna\u010daj 50. godi\u0161njice Univerziteta u Tuzli i pripremila prigodno po\u0161tansko izdanje, dok likovno rje\u0161enje marke potpisuje dizajner Adnan Alagi\u0107.<\/p>\n<p>\u201cZa po\u0161tanske marke \u010desto ka\u017eemo da su mali ambasadori. One putuju mnogo dalje od mjesta na kojem su nastale. Prenose slike, doga\u0111aje, kulturu i pri\u010de o ljudima i institucijama koje \u017eelimo sa\u010duvati od zaborava. One su mnogo vi\u0161e od komadi\u0107a papira. One nose simboliku i pri\u010daju pri\u010de iz Bosne i Hercegovine cijelom svijetu. Ovu po\u0161tansku marku \u0107e dobiti svaka od 192 dr\u017eave \u010dlanice Svjetskog po\u0161tanskog saveza\u201d, kazao je Edis \u0110erzi\u0107, direktor slu\u017ebe marketinga JP BH Po\u0161ta.<\/p>\n<p>Po\u0161tanska marka \u201e50 godina Univerziteta u Tuzli\u201c \u0161tampana je u tira\u017eu od 10.000 primjeraka, nominalne vrijednosti 1,60 KM i od danas je javno dostupna na \u0161alterima BH Po\u0161te i na filatelisti\u010dkom \u0161opu.<\/p>\n<p>Povodom jubileja Univerziteta, predstavnici JP BH PO\u0160TA danas su rektoru Univerziteta u Tuzli uru\u010dili i staklenu plaketu, kao znak pa\u017enje i uva\u017eavanja povodom 50 godina rada Univerziteta.<\/p>\n<p>Prigodna po\u0161tanska marka tako postaje jo\u0161 jedan zapis o jubileju koji Univerzitet u Tuzli obilje\u017eava ove godine, ne samo kao podsje\u0107anje na proteklih 50 godina, ve\u0107 i kao simbol kontinuiteta institucije koja je svoj razvoj gradila kroz obrazovanje, nauku i generacije ljudi koji su kroz nju pro\u0161li.<\/p>\n<p>Sve\u010dano predstavljanje po\u0161tanske marke organizovano je uz podr\u0161ku Centra za sport, kulturu i umjetnost Univerziteta u Tuzli.<\/p>\n","protected":false},"excerpt":{"rendered":"<p>Pet decenija znanja, obrazovanja, nauke, istra\u017eivanja i generacija ljudi koji su svojim radom gradili Univerzitet u Tuzli od danas su zabilje\u017eeni i na po\u0161tanskoj marki \u010dija je promocija posve\u0107ena 50. godi\u0161njici ove visoko\u0161kolske ustanove. Jubilarna marka, osim \u0161to obilje\u017eava zna\u010dajan datum u historiji Univerziteta, nosi i simboliku trajnog zapisa o njegovom razvoju i ulozi koju [&hellip;]<\/p>\n","protected":false},"author":4,"featured_media":314763,"comment_status":"closed","ping_status":"closed","sticky":false,"template":"","format":"standard","meta":{"footnotes":""},"categories":[304,12],"tags":[5875,2149],"class_list":["post-314762","post","type-post","status-publish","format-standard","has-post-thumbnail","hentry","category-istaknuto","category-novosti","tag-postanska-marka","tag-untz"],"yoast_head":"<!-- This site is optimized with the Yoast SEO plugin v28.4 - https:\/\/yoast.com\/product\/yoast-seo-wordpress\/ -->\n<title>Univerzitet u Tuzli dobio prigodnu po\u0161tansku marku za 50. godi\u0161njicu<\/title>\n<meta name=\"robots\" content=\"index, follow, max-snippet:-1, max-image-preview:large, max-video-preview:-1\" \/>\n<link rel=\"canonical\" href=\"https:\/\/tuzlainfo.ba\/index.php\/novosti\/item\/314762-univerzitet-u-tuzli-dobio-prigodnu-postansku-marku-za-50-godisnjicu\/\" \/>\n<meta property=\"og:locale\" content=\"bs_BA\" \/>\n<meta property=\"og:type\" content=\"article\" \/>\n<meta property=\"og:title\" content=\"Univerzitet u Tuzli dobio prigodnu po\u0161tansku marku za 50. godi\u0161njicu\" \/>\n<meta property=\"og:description\" content=\"Pet decenija znanja, obrazovanja, nauke, istra\u017eivanja i generacija ljudi koji su svojim radom gradili Univerzitet u Tuzli od danas su zabilje\u017eeni i na po\u0161tanskoj marki \u010dija je promocija posve\u0107ena 50. godi\u0161njici ove visoko\u0161kolske ustanove. Jubilarna marka, osim \u0161to obilje\u017eava zna\u010dajan datum u historiji Univerziteta, nosi i simboliku trajnog zapisa o njegovom razvoju i ulozi koju [&hellip;]\" \/>\n<meta property=\"og:url\" content=\"https:\/\/tuzlainfo.ba\/index.php\/novosti\/item\/314762-univerzitet-u-tuzli-dobio-prigodnu-postansku-marku-za-50-godisnjicu\/\" \/>\n<meta property=\"og:site_name\" content=\"TuzlaInfo.ba\" \/>\n<meta property=\"article:publisher\" content=\"https:\/\/www.facebook.com\/tuzlainfo.ba\/\" \/>\n<meta property=\"article:published_time\" content=\"2026-09-03T12:01:11+00:00\" \/>\n<meta property=\"og:image\" content=\"https:\/\/tuzlainfo.ba\/wp-content\/uploads\/2026\/09\/postanska-marka-untz.jpg\" \/>\n\t<meta property=\"og:image:width\" content=\"1600\" \/>\n\t<meta property=\"og:image:height\" content=\"900\" \/>\n\t<meta property=\"og:image:type\" content=\"image\/jpeg\" \/>\n<meta name=\"author\" content=\"Tuzla Info\" \/>\n<meta name=\"twitter:card\" content=\"summary_large_image\" \/>\n<meta name=\"twitter:label1\" content=\"Written by\" \/>\n\t<meta name=\"twitter:data1\" content=\"Tuzla Info\" \/>\n\t<meta name=\"twitter:label2\" content=\"Est. reading time\" \/>\n\t<meta name=\"twitter:data2\" content=\"4 minute\" \/>\n<script type=\"application\/ld+json\" class=\"yoast-schema-graph\">{\"@context\":\"https:\\\/\\\/schema.org\",\"@graph\":[{\"@type\":\"Article\",\"@id\":\"https:\\\/\\\/tuzlainfo.ba\\\/index.php\\\/novosti\\\/item\\\/314762-univerzitet-u-tuzli-dobio-prigodnu-postansku-marku-za-50-godisnjicu\\\/#article\",\"isPartOf\":{\"@id\":\"https:\\\/\\\/tuzlainfo.ba\\\/index.php\\\/novosti\\\/item\\\/314762-univerzitet-u-tuzli-dobio-prigodnu-postansku-marku-za-50-godisnjicu\\\/\"},\"author\":{\"name\":\"Tuzla Info\",\"@id\":\"https:\\\/\\\/tuzlainfo.ba\\\/#\\\/schema\\\/person\\\/46cad4c57790cbc50781edd14870825a\"},\"headline\":\"Univerzitet u Tuzli dobio prigodnu po\u0161tansku marku za 50. godi\u0161njicu\",\"datePublished\":\"2026-09-03T12:01:11+00:00\",\"mainEntityOfPage\":{\"@id\":\"https:\\\/\\\/tuzlainfo.ba\\\/index.php\\\/novosti\\\/item\\\/314762-univerzitet-u-tuzli-dobio-prigodnu-postansku-marku-za-50-godisnjicu\\\/\"},\"wordCount\":650,\"publisher\":{\"@id\":\"https:\\\/\\\/tuzlainfo.ba\\\/#organization\"},\"image\":{\"@id\":\"https:\\\/\\\/tuzlainfo.ba\\\/index.php\\\/novosti\\\/item\\\/314762-univerzitet-u-tuzli-dobio-prigodnu-postansku-marku-za-50-godisnjicu\\\/#primaryimage\"},\"thumbnailUrl\":\"https:\\\/\\\/tuzlainfo.ba\\\/wp-content\\\/uploads\\\/2026\\\/09\\\/postanska-marka-untz.jpg\",\"keywords\":[\"po\u0161tanska marka\",\"untz\"],\"articleSection\":[\"Istaknuto\",\"Novosti\"],\"inLanguage\":\"bs-BA\",\"copyrightYear\":\"2026\",\"copyrightHolder\":{\"@id\":\"https:\\\/\\\/tuzlainfo.ba\\\/#organization\"}},{\"@type\":\"WebPage\",\"@id\":\"https:\\\/\\\/tuzlainfo.ba\\\/index.php\\\/novosti\\\/item\\\/314762-univerzitet-u-tuzli-dobio-prigodnu-postansku-marku-za-50-godisnjicu\\\/\",\"url\":\"https:\\\/\\\/tuzlainfo.ba\\\/index.php\\\/novosti\\\/item\\\/314762-univerzitet-u-tuzli-dobio-prigodnu-postansku-marku-za-50-godisnjicu\\\/\",\"name\":\"Univerzitet u Tuzli dobio prigodnu po\u0161tansku marku za 50. godi\u0161njicu\",\"isPartOf\":{\"@id\":\"https:\\\/\\\/tuzlainfo.ba\\\/#website\"},\"primaryImageOfPage\":{\"@id\":\"https:\\\/\\\/tuzlainfo.ba\\\/index.php\\\/novosti\\\/item\\\/314762-univerzitet-u-tuzli-dobio-prigodnu-postansku-marku-za-50-godisnjicu\\\/#primaryimage\"},\"image\":{\"@id\":\"https:\\\/\\\/tuzlainfo.ba\\\/index.php\\\/novosti\\\/item\\\/314762-univerzitet-u-tuzli-dobio-prigodnu-postansku-marku-za-50-godisnjicu\\\/#primaryimage\"},\"thumbnailUrl\":\"https:\\\/\\\/tuzlainfo.ba\\\/wp-content\\\/uploads\\\/2026\\\/09\\\/postanska-marka-untz.jpg\",\"datePublished\":\"2026-09-03T12:01:11+00:00\",\"breadcrumb\":{\"@id\":\"https:\\\/\\\/tuzlainfo.ba\\\/index.php\\\/novosti\\\/item\\\/314762-univerzitet-u-tuzli-dobio-prigodnu-postansku-marku-za-50-godisnjicu\\\/#breadcrumb\"},\"inLanguage\":\"bs-BA\",\"potentialAction\":[{\"@type\":\"ReadAction\",\"target\":[\"https:\\\/\\\/tuzlainfo.ba\\\/index.php\\\/novosti\\\/item\\\/314762-univerzitet-u-tuzli-dobio-prigodnu-postansku-marku-za-50-godisnjicu\\\/\"]}]},{\"@type\":\"ImageObject\",\"inLanguage\":\"bs-BA\",\"@id\":\"https:\\\/\\\/tuzlainfo.ba\\\/index.php\\\/novosti\\\/item\\\/314762-univerzitet-u-tuzli-dobio-prigodnu-postansku-marku-za-50-godisnjicu\\\/#primaryimage\",\"url\":\"https:\\\/\\\/tuzlainfo.ba\\\/wp-content\\\/uploads\\\/2026\\\/09\\\/postanska-marka-untz.jpg\",\"contentUrl\":\"https:\\\/\\\/tuzlainfo.ba\\\/wp-content\\\/uploads\\\/2026\\\/09\\\/postanska-marka-untz.jpg\",\"width\":1600,\"height\":900},{\"@type\":\"BreadcrumbList\",\"@id\":\"https:\\\/\\\/tuzlainfo.ba\\\/index.php\\\/novosti\\\/item\\\/314762-univerzitet-u-tuzli-dobio-prigodnu-postansku-marku-za-50-godisnjicu\\\/#breadcrumb\",\"itemListElement\":[{\"@type\":\"ListItem\",\"position\":1,\"name\":\"Home\",\"item\":\"https:\\\/\\\/tuzlainfo.ba\\\/\"},{\"@type\":\"ListItem\",\"position\":2,\"name\":\"Univerzitet u Tuzli dobio prigodnu po\u0161tansku marku za 50. godi\u0161njicu\"}]},{\"@type\":\"WebSite\",\"@id\":\"https:\\\/\\\/tuzlainfo.ba\\\/#website\",\"url\":\"https:\\\/\\\/tuzlainfo.ba\\\/\",\"name\":\"TuzlaInfo.ba\",\"description\":\"Tuzla info, gradski informator - Tuzla na dlanu\",\"publisher\":{\"@id\":\"https:\\\/\\\/tuzlainfo.ba\\\/#organization\"},\"potentialAction\":[{\"@type\":\"SearchAction\",\"target\":{\"@type\":\"EntryPoint\",\"urlTemplate\":\"https:\\\/\\\/tuzlainfo.ba\\\/?s={search_term_string}\"},\"query-input\":{\"@type\":\"PropertyValueSpecification\",\"valueRequired\":true,\"valueName\":\"search_term_string\"}}],\"inLanguage\":\"bs-BA\"},{\"@type\":\"Organization\",\"@id\":\"https:\\\/\\\/tuzlainfo.ba\\\/#organization\",\"name\":\"TuzlaInfo.ba\",\"url\":\"https:\\\/\\\/tuzlainfo.ba\\\/\",\"logo\":{\"@type\":\"ImageObject\",\"inLanguage\":\"bs-BA\",\"@id\":\"https:\\\/\\\/tuzlainfo.ba\\\/#\\\/schema\\\/logo\\\/image\\\/\",\"url\":\"https:\\\/\\\/tuzlainfo.ba\\\/wp-content\\\/uploads\\\/2021\\\/03\\\/logo-ver-3-1.png\",\"contentUrl\":\"https:\\\/\\\/tuzlainfo.ba\\\/wp-content\\\/uploads\\\/2021\\\/03\\\/logo-ver-3-1.png\",\"width\":350,\"height\":95,\"caption\":\"TuzlaInfo.ba\"},\"image\":{\"@id\":\"https:\\\/\\\/tuzlainfo.ba\\\/#\\\/schema\\\/logo\\\/image\\\/\"},\"sameAs\":[\"https:\\\/\\\/www.facebook.com\\\/tuzlainfo.ba\\\/\"]},{\"@type\":\"Person\",\"@id\":\"https:\\\/\\\/tuzlainfo.ba\\\/#\\\/schema\\\/person\\\/46cad4c57790cbc50781edd14870825a\",\"name\":\"Tuzla Info\",\"image\":{\"@type\":\"ImageObject\",\"inLanguage\":\"bs-BA\",\"@id\":\"https:\\\/\\\/secure.gravatar.com\\\/avatar\\\/e980921b00fa2e552723a2386544734ce6885d2b2304ccca3f45186f9ca4031d?s=96&d=mm&r=g\",\"url\":\"https:\\\/\\\/secure.gravatar.com\\\/avatar\\\/e980921b00fa2e552723a2386544734ce6885d2b2304ccca3f45186f9ca4031d?s=96&d=mm&r=g\",\"contentUrl\":\"https:\\\/\\\/secure.gravatar.com\\\/avatar\\\/e980921b00fa2e552723a2386544734ce6885d2b2304ccca3f45186f9ca4031d?s=96&d=mm&r=g\",\"caption\":\"Tuzla Info\"}}]}<\/script>\n<!-- \/ Yoast SEO plugin. -->","yoast_head_json":{"title":"Univerzitet u Tuzli dobio prigodnu po\u0161tansku marku za 50. godi\u0161njicu","robots":{"index":"index","follow":"follow","max-snippet":"max-snippet:-1","max-image-preview":"max-image-preview:large","max-video-preview":"max-video-preview:-1"},"canonical":"https:\/\/tuzlainfo.ba\/index.php\/novosti\/item\/314762-univerzitet-u-tuzli-dobio-prigodnu-postansku-marku-za-50-godisnjicu\/","og_locale":"bs_BA","og_type":"article","og_title":"Univerzitet u Tuzli dobio prigodnu po\u0161tansku marku za 50. godi\u0161njicu","og_description":"Pet decenija znanja, obrazovanja, nauke, istra\u017eivanja i generacija ljudi koji su svojim radom gradili Univerzitet u Tuzli od danas su zabilje\u017eeni i na po\u0161tanskoj marki \u010dija je promocija posve\u0107ena 50. godi\u0161njici ove visoko\u0161kolske ustanove. Jubilarna marka, osim \u0161to obilje\u017eava zna\u010dajan datum u historiji Univerziteta, nosi i simboliku trajnog zapisa o njegovom razvoju i ulozi koju [&hellip;]","og_url":"https:\/\/tuzlainfo.ba\/index.php\/novosti\/item\/314762-univerzitet-u-tuzli-dobio-prigodnu-postansku-marku-za-50-godisnjicu\/","og_site_name":"TuzlaInfo.ba","article_publisher":"https:\/\/www.facebook.com\/tuzlainfo.ba\/","article_published_time":"2026-09-03T12:01:11+00:00","og_image":[{"width":1600,"height":900,"url":"https:\/\/tuzlainfo.ba\/wp-content\/uploads\/2026\/09\/postanska-marka-untz.jpg","type":"image\/jpeg"}],"author":"Tuzla Info","twitter_card":"summary_large_image","twitter_misc":{"Written by":"Tuzla Info","Est. reading time":"4 minute"},"schema":{"@context":"https:\/\/schema.org","@graph":[{"@type":"Article","@id":"https:\/\/tuzlainfo.ba\/index.php\/novosti\/item\/314762-univerzitet-u-tuzli-dobio-prigodnu-postansku-marku-za-50-godisnjicu\/#article","isPartOf":{"@id":"https:\/\/tuzlainfo.ba\/index.php\/novosti\/item\/314762-univerzitet-u-tuzli-dobio-prigodnu-postansku-marku-za-50-godisnjicu\/"},"author":{"name":"Tuzla Info","@id":"https:\/\/tuzlainfo.ba\/#\/schema\/person\/46cad4c57790cbc50781edd14870825a"},"headline":"Univerzitet u Tuzli dobio prigodnu po\u0161tansku marku za 50. godi\u0161njicu","datePublished":"2026-09-03T12:01:11+00:00","mainEntityOfPage":{"@id":"https:\/\/tuzlainfo.ba\/index.php\/novosti\/item\/314762-univerzitet-u-tuzli-dobio-prigodnu-postansku-marku-za-50-godisnjicu\/"},"wordCount":650,"publisher":{"@id":"https:\/\/tuzlainfo.ba\/#organization"},"image":{"@id":"https:\/\/tuzlainfo.ba\/index.php\/novosti\/item\/314762-univerzitet-u-tuzli-dobio-prigodnu-postansku-marku-za-50-godisnjicu\/#primaryimage"},"thumbnailUrl":"https:\/\/tuzlainfo.ba\/wp-content\/uploads\/2026\/09\/postanska-marka-untz.jpg","keywords":["po\u0161tanska marka","untz"],"articleSection":["Istaknuto","Novosti"],"inLanguage":"bs-BA","copyrightYear":"2026","copyrightHolder":{"@id":"https:\/\/tuzlainfo.ba\/#organization"}},{"@type":"WebPage","@id":"https:\/\/tuzlainfo.ba\/index.php\/novosti\/item\/314762-univerzitet-u-tuzli-dobio-prigodnu-postansku-marku-za-50-godisnjicu\/","url":"https:\/\/tuzlainfo.ba\/index.php\/novosti\/item\/314762-univerzitet-u-tuzli-dobio-prigodnu-postansku-marku-za-50-godisnjicu\/","name":"Univerzitet u Tuzli dobio prigodnu po\u0161tansku marku za 50. godi\u0161njicu","isPartOf":{"@id":"https:\/\/tuzlainfo.ba\/#website"},"primaryImageOfPage":{"@id":"https:\/\/tuzlainfo.ba\/index.php\/novosti\/item\/314762-univerzitet-u-tuzli-dobio-prigodnu-postansku-marku-za-50-godisnjicu\/#primaryimage"},"image":{"@id":"https:\/\/tuzlainfo.ba\/index.php\/novosti\/item\/314762-univerzitet-u-tuzli-dobio-prigodnu-postansku-marku-za-50-godisnjicu\/#primaryimage"},"thumbnailUrl":"https:\/\/tuzlainfo.ba\/wp-content\/uploads\/2026\/09\/postanska-marka-untz.jpg","datePublished":"2026-09-03T12:01:11+00:00","breadcrumb":{"@id":"https:\/\/tuzlainfo.ba\/index.php\/novosti\/item\/314762-univerzitet-u-tuzli-dobio-prigodnu-postansku-marku-za-50-godisnjicu\/#breadcrumb"},"inLanguage":"bs-BA","potentialAction":[{"@type":"ReadAction","target":["https:\/\/tuzlainfo.ba\/index.php\/novosti\/item\/314762-univerzitet-u-tuzli-dobio-prigodnu-postansku-marku-za-50-godisnjicu\/"]}]},{"@type":"ImageObject","inLanguage":"bs-BA","@id":"https:\/\/tuzlainfo.ba\/index.php\/novosti\/item\/314762-univerzitet-u-tuzli-dobio-prigodnu-postansku-marku-za-50-godisnjicu\/#primaryimage","url":"https:\/\/tuzlainfo.ba\/wp-content\/uploads\/2026\/09\/postanska-marka-untz.jpg","contentUrl":"https:\/\/tuzlainfo.ba\/wp-content\/uploads\/2026\/09\/postanska-marka-untz.jpg","width":1600,"height":900},{"@type":"BreadcrumbList","@id":"https:\/\/tuzlainfo.ba\/index.php\/novosti\/item\/314762-univerzitet-u-tuzli-dobio-prigodnu-postansku-marku-za-50-godisnjicu\/#breadcrumb","itemListElement":[{"@type":"ListItem","position":1,"name":"Home","item":"https:\/\/tuzlainfo.ba\/"},{"@type":"ListItem","position":2,"name":"Univerzitet u Tuzli dobio prigodnu po\u0161tansku marku za 50. godi\u0161njicu"}]},{"@type":"WebSite","@id":"https:\/\/tuzlainfo.ba\/#website","url":"https:\/\/tuzlainfo.ba\/","name":"TuzlaInfo.ba","description":"Tuzla info, gradski informator - Tuzla na dlanu","publisher":{"@id":"https:\/\/tuzlainfo.ba\/#organization"},"potentialAction":[{"@type":"SearchAction","target":{"@type":"EntryPoint","urlTemplate":"https:\/\/tuzlainfo.ba\/?s={search_term_string}"},"query-input":{"@type":"PropertyValueSpecification","valueRequired":true,"valueName":"search_term_string"}}],"inLanguage":"bs-BA"},{"@type":"Organization","@id":"https:\/\/tuzlainfo.ba\/#organization","name":"TuzlaInfo.ba","url":"https:\/\/tuzlainfo.ba\/","logo":{"@type":"ImageObject","inLanguage":"bs-BA","@id":"https:\/\/tuzlainfo.ba\/#\/schema\/logo\/image\/","url":"https:\/\/tuzlainfo.ba\/wp-content\/uploads\/2021\/03\/logo-ver-3-1.png","contentUrl":"https:\/\/tuzlainfo.ba\/wp-content\/uploads\/2021\/03\/logo-ver-3-1.png","width":350,"height":95,"caption":"TuzlaInfo.ba"},"image":{"@id":"https:\/\/tuzlainfo.ba\/#\/schema\/logo\/image\/"},"sameAs":["https:\/\/www.facebook.com\/tuzlainfo.ba\/"]},{"@type":"Person","@id":"https:\/\/tuzlainfo.ba\/#\/schema\/person\/46cad4c57790cbc50781edd14870825a","name":"Tuzla Info","image":{"@type":"ImageObject","inLanguage":"bs-BA","@id":"https:\/\/secure.gravatar.com\/avatar\/e980921b00fa2e552723a2386544734ce6885d2b2304ccca3f45186f9ca4031d?s=96&d=mm&r=g","url":"https:\/\/secure.gravatar.com\/avatar\/e980921b00fa2e552723a2386544734ce6885d2b2304ccca3f45186f9ca4031d?s=96&d=mm&r=g","contentUrl":"https:\/\/secure.gravatar.com\/avatar\/e980921b00fa2e552723a2386544734ce6885d2b2304ccca3f45186f9ca4031d?s=96&d=mm&r=g","caption":"Tuzla Info"}}]}},"_links":{"self":[{"href":"https:\/\/tuzlainfo.ba\/index.php\/wp-json\/wp\/v2\/posts\/314762","targetHints":{"allow":["GET"]}}],"collection":[{"href":"https:\/\/tuzlainfo.ba\/index.php\/wp-json\/wp\/v2\/posts"}],"about":[{"href":"https:\/\/tuzlainfo.ba\/index.php\/wp-json\/wp\/v2\/types\/post"}],"author":[{"embeddable":true,"href":"https:\/\/tuzlainfo.ba\/index.php\/wp-json\/wp\/v2\/users\/4"}],"replies":[{"embeddable":true,"href":"https:\/\/tuzlainfo.ba\/index.php\/wp-json\/wp\/v2\/comments?post=314762"}],"version-history":[{"count":1,"href":"https:\/\/tuzlainfo.ba\/index.php\/wp-json\/wp\/v2\/posts\/314762\/revisions"}],"predecessor-version":[{"id":314765,"href":"https:\/\/tuzlainfo.ba\/index.php\/wp-json\/wp\/v2\/posts\/314762\/revisions\/314765"}],"wp:featuredmedia":[{"embeddable":true,"href":"https:\/\/tuzlainfo.ba\/index.php\/wp-json\/wp\/v2\/media\/314763"}],"wp:attachment":[{"href":"https:\/\/tuzlainfo.ba\/index.php\/wp-json\/wp\/v2\/media?parent=314762"}],"wp:term":[{"taxonomy":"category","embeddable":true,"href":"https:\/\/tuzlainfo.ba\/index.php\/wp-json\/wp\/v2\/categories?post=314762"},{"taxonomy":"post_tag","embeddable":true,"href":"https:\/\/tuzlainfo.ba\/index.php\/wp-json\/wp\/v2\/tags?post=314762"}],"curies":[{"name":"wp","href":"https:\/\/api.w.org\/{rel}","templated":true}]}}