{"id":314756,"date":"2026-09-03T12:31:13","date_gmt":"2026-09-03T10:31:13","guid":{"rendered":"https:\/\/tuzlainfo.ba\/?p=314756"},"modified":"2026-09-03T12:31:13","modified_gmt":"2026-09-03T10:31:13","slug":"cik-odustao-od-postupka-protiv-nesica-nisu-mogli-potvrditi-sta-je-pjevao","status":"publish","type":"post","link":"https:\/\/tuzlainfo.ba\/index.php\/bosna-i-hercegovina\/item\/314756-cik-odustao-od-postupka-protiv-nesica-nisu-mogli-potvrditi-sta-je-pjevao\/","title":{"rendered":"CIK odustao od postupka protiv Ne\u0161i\u0107a: Nisu mogli potvrditi \u0161ta je pjevao"},"content":{"rendered":"<p>Centralna izborna komisija Bosne i Hercegovine odbacila je iz formalnih razloga prigovor Na\u0161e stranke koji se odnosio na navodni govor mr\u017enje Nenada Ne\u0161i\u0107a, lidera DNS-a i kandidata na predstoje\u0107im lokalnim izborima.<\/p>\n<p>Na sjednici CIK-a poja\u0161njeno je da je tokom postupka utvr\u0111eno kako prigovor nije sadr\u017eavao sve potrebne elemente, uklju\u010duju\u0107i jasno utvr\u0111en potpis i pe\u010dat ovla\u0161tene osobe. Podnosilac prigovora bio je pozvan da otkloni nedostatke, ali to nije u\u010dinjeno.<\/p>\n<p>Iz nadle\u017ene slu\u017ebe CIK-a navedeno je i da postupak nije pokrenut po slu\u017ebenoj du\u017enosti jer se, nakon uvida u dostavljene materijale, nije moglo sa sigurno\u0161\u0107u utvrditi da je Ne\u0161i\u0107 koristio govor mr\u017enje.<\/p>\n<p>Zbog toga je usvojen zaklju\u010dak da se prigovor odbaci iz formalnih razloga. Za odluku je glasalo svih pet prisutnih \u010dlanova CIK-a.<\/p>\n<p>Na sjednici nije precizirano na koji se doga\u0111aj prigovor odnosio niti \u0161ta je Ne\u0161i\u0107 konkretno izgovorio ili pjevao.<\/p>\n<p>Ne\u0161i\u0107 je, me\u0111utim, pro\u0161log mjeseca bio u centru pa\u017enje nakon va\u0161ara u Bratuncu, gdje su izvo\u0111ene pjesme s nacionalisti\u010dkim porukama, uklju\u010duju\u0107i i pjesmu \u201eNe volim te Alija\u201c, za koju su mediji naveli da ju je upravo Ne\u0161i\u0107 tra\u017eio.<\/p>\n","protected":false},"excerpt":{"rendered":"<p>Centralna izborna komisija Bosne i Hercegovine odbacila je iz formalnih razloga prigovor Na\u0161e stranke koji se odnosio na navodni govor mr\u017enje Nenada Ne\u0161i\u0107a, lidera DNS-a i kandidata na predstoje\u0107im lokalnim izborima. Na sjednici CIK-a poja\u0161njeno je da je tokom postupka utvr\u0111eno kako prigovor nije sadr\u017eavao sve potrebne elemente, uklju\u010duju\u0107i jasno utvr\u0111en potpis i pe\u010dat ovla\u0161tene [&hellip;]<\/p>\n","protected":false},"author":8,"featured_media":312873,"comment_status":"closed","ping_status":"closed","sticky":false,"template":"","format":"standard","meta":{"footnotes":""},"categories":[291],"tags":[1504],"class_list":["post-314756","post","type-post","status-publish","format-standard","has-post-thumbnail","hentry","category-bosna-i-hercegovina","tag-nenad-nesic"],"yoast_head":"<!-- This site is optimized with the Yoast SEO plugin v28.4 - https:\/\/yoast.com\/product\/yoast-seo-wordpress\/ -->\n<title>CIK odustao od postupka protiv Ne\u0161i\u0107a: Nisu mogli potvrditi \u0161ta je pjevao<\/title>\n<meta name=\"robots\" content=\"index, follow, max-snippet:-1, max-image-preview:large, max-video-preview:-1\" \/>\n<link rel=\"canonical\" href=\"https:\/\/tuzlainfo.ba\/index.php\/bosna-i-hercegovina\/item\/314756-cik-odustao-od-postupka-protiv-nesica-nisu-mogli-potvrditi-sta-je-pjevao\/\" \/>\n<meta property=\"og:locale\" content=\"bs_BA\" \/>\n<meta property=\"og:type\" content=\"article\" \/>\n<meta property=\"og:title\" content=\"CIK odustao od postupka protiv Ne\u0161i\u0107a: Nisu mogli potvrditi \u0161ta je pjevao\" \/>\n<meta property=\"og:description\" content=\"Centralna izborna komisija Bosne i Hercegovine odbacila je iz formalnih razloga prigovor Na\u0161e stranke koji se odnosio na navodni govor mr\u017enje Nenada Ne\u0161i\u0107a, lidera DNS-a i kandidata na predstoje\u0107im lokalnim izborima. Na sjednici CIK-a poja\u0161njeno je da je tokom postupka utvr\u0111eno kako prigovor nije sadr\u017eavao sve potrebne elemente, uklju\u010duju\u0107i jasno utvr\u0111en potpis i pe\u010dat ovla\u0161tene [&hellip;]\" \/>\n<meta property=\"og:url\" content=\"https:\/\/tuzlainfo.ba\/index.php\/bosna-i-hercegovina\/item\/314756-cik-odustao-od-postupka-protiv-nesica-nisu-mogli-potvrditi-sta-je-pjevao\/\" \/>\n<meta property=\"og:site_name\" content=\"TuzlaInfo.ba\" \/>\n<meta property=\"article:publisher\" content=\"https:\/\/www.facebook.com\/tuzlainfo.ba\/\" \/>\n<meta property=\"article:published_time\" content=\"2026-09-03T10:31:13+00:00\" \/>\n<meta property=\"og:image\" content=\"https:\/\/tuzlainfo.ba\/wp-content\/uploads\/2026\/08\/nenad-nesic.webp\" \/>\n\t<meta property=\"og:image:width\" content=\"800\" \/>\n\t<meta property=\"og:image:height\" content=\"815\" \/>\n\t<meta property=\"og:image:type\" content=\"image\/webp\" \/>\n<meta name=\"author\" content=\"Admin Tri\" \/>\n<meta name=\"twitter:card\" content=\"summary_large_image\" \/>\n<meta name=\"twitter:label1\" content=\"Written by\" \/>\n\t<meta name=\"twitter:data1\" content=\"Admin Tri\" \/>\n\t<meta name=\"twitter:label2\" content=\"Est. reading time\" \/>\n\t<meta name=\"twitter:data2\" content=\"1 minuta\" \/>\n<script type=\"application\/ld+json\" class=\"yoast-schema-graph\">{\"@context\":\"https:\\\/\\\/schema.org\",\"@graph\":[{\"@type\":\"Article\",\"@id\":\"https:\\\/\\\/tuzlainfo.ba\\\/index.php\\\/bosna-i-hercegovina\\\/item\\\/314756-cik-odustao-od-postupka-protiv-nesica-nisu-mogli-potvrditi-sta-je-pjevao\\\/#article\",\"isPartOf\":{\"@id\":\"https:\\\/\\\/tuzlainfo.ba\\\/index.php\\\/bosna-i-hercegovina\\\/item\\\/314756-cik-odustao-od-postupka-protiv-nesica-nisu-mogli-potvrditi-sta-je-pjevao\\\/\"},\"author\":{\"name\":\"Admin Tri\",\"@id\":\"https:\\\/\\\/tuzlainfo.ba\\\/#\\\/schema\\\/person\\\/593e78a2f6378c5ba3e7600ecfa4e63a\"},\"headline\":\"CIK odustao od postupka protiv Ne\u0161i\u0107a: Nisu mogli potvrditi \u0161ta je pjevao\",\"datePublished\":\"2026-09-03T10:31:13+00:00\",\"mainEntityOfPage\":{\"@id\":\"https:\\\/\\\/tuzlainfo.ba\\\/index.php\\\/bosna-i-hercegovina\\\/item\\\/314756-cik-odustao-od-postupka-protiv-nesica-nisu-mogli-potvrditi-sta-je-pjevao\\\/\"},\"wordCount\":226,\"publisher\":{\"@id\":\"https:\\\/\\\/tuzlainfo.ba\\\/#organization\"},\"image\":{\"@id\":\"https:\\\/\\\/tuzlainfo.ba\\\/index.php\\\/bosna-i-hercegovina\\\/item\\\/314756-cik-odustao-od-postupka-protiv-nesica-nisu-mogli-potvrditi-sta-je-pjevao\\\/#primaryimage\"},\"thumbnailUrl\":\"https:\\\/\\\/tuzlainfo.ba\\\/wp-content\\\/uploads\\\/2026\\\/08\\\/nenad-nesic.webp\",\"keywords\":[\"nenad ne\u0161i\u0107\"],\"articleSection\":[\"Bosna i Hercegovina\"],\"inLanguage\":\"bs-BA\",\"copyrightYear\":\"2026\",\"copyrightHolder\":{\"@id\":\"https:\\\/\\\/tuzlainfo.ba\\\/#organization\"}},{\"@type\":\"WebPage\",\"@id\":\"https:\\\/\\\/tuzlainfo.ba\\\/index.php\\\/bosna-i-hercegovina\\\/item\\\/314756-cik-odustao-od-postupka-protiv-nesica-nisu-mogli-potvrditi-sta-je-pjevao\\\/\",\"url\":\"https:\\\/\\\/tuzlainfo.ba\\\/index.php\\\/bosna-i-hercegovina\\\/item\\\/314756-cik-odustao-od-postupka-protiv-nesica-nisu-mogli-potvrditi-sta-je-pjevao\\\/\",\"name\":\"CIK odustao od postupka protiv Ne\u0161i\u0107a: Nisu mogli potvrditi \u0161ta je pjevao\",\"isPartOf\":{\"@id\":\"https:\\\/\\\/tuzlainfo.ba\\\/#website\"},\"primaryImageOfPage\":{\"@id\":\"https:\\\/\\\/tuzlainfo.ba\\\/index.php\\\/bosna-i-hercegovina\\\/item\\\/314756-cik-odustao-od-postupka-protiv-nesica-nisu-mogli-potvrditi-sta-je-pjevao\\\/#primaryimage\"},\"image\":{\"@id\":\"https:\\\/\\\/tuzlainfo.ba\\\/index.php\\\/bosna-i-hercegovina\\\/item\\\/314756-cik-odustao-od-postupka-protiv-nesica-nisu-mogli-potvrditi-sta-je-pjevao\\\/#primaryimage\"},\"thumbnailUrl\":\"https:\\\/\\\/tuzlainfo.ba\\\/wp-content\\\/uploads\\\/2026\\\/08\\\/nenad-nesic.webp\",\"datePublished\":\"2026-09-03T10:31:13+00:00\",\"breadcrumb\":{\"@id\":\"https:\\\/\\\/tuzlainfo.ba\\\/index.php\\\/bosna-i-hercegovina\\\/item\\\/314756-cik-odustao-od-postupka-protiv-nesica-nisu-mogli-potvrditi-sta-je-pjevao\\\/#breadcrumb\"},\"inLanguage\":\"bs-BA\",\"potentialAction\":[{\"@type\":\"ReadAction\",\"target\":[\"https:\\\/\\\/tuzlainfo.ba\\\/index.php\\\/bosna-i-hercegovina\\\/item\\\/314756-cik-odustao-od-postupka-protiv-nesica-nisu-mogli-potvrditi-sta-je-pjevao\\\/\"]}]},{\"@type\":\"ImageObject\",\"inLanguage\":\"bs-BA\",\"@id\":\"https:\\\/\\\/tuzlainfo.ba\\\/index.php\\\/bosna-i-hercegovina\\\/item\\\/314756-cik-odustao-od-postupka-protiv-nesica-nisu-mogli-potvrditi-sta-je-pjevao\\\/#primaryimage\",\"url\":\"https:\\\/\\\/tuzlainfo.ba\\\/wp-content\\\/uploads\\\/2026\\\/08\\\/nenad-nesic.webp\",\"contentUrl\":\"https:\\\/\\\/tuzlainfo.ba\\\/wp-content\\\/uploads\\\/2026\\\/08\\\/nenad-nesic.webp\",\"width\":800,\"height\":815},{\"@type\":\"BreadcrumbList\",\"@id\":\"https:\\\/\\\/tuzlainfo.ba\\\/index.php\\\/bosna-i-hercegovina\\\/item\\\/314756-cik-odustao-od-postupka-protiv-nesica-nisu-mogli-potvrditi-sta-je-pjevao\\\/#breadcrumb\",\"itemListElement\":[{\"@type\":\"ListItem\",\"position\":1,\"name\":\"Home\",\"item\":\"https:\\\/\\\/tuzlainfo.ba\\\/\"},{\"@type\":\"ListItem\",\"position\":2,\"name\":\"CIK odustao od postupka protiv Ne\u0161i\u0107a: Nisu mogli potvrditi \u0161ta je pjevao\"}]},{\"@type\":\"WebSite\",\"@id\":\"https:\\\/\\\/tuzlainfo.ba\\\/#website\",\"url\":\"https:\\\/\\\/tuzlainfo.ba\\\/\",\"name\":\"TuzlaInfo.ba\",\"description\":\"Tuzla info, gradski informator - Tuzla na dlanu\",\"publisher\":{\"@id\":\"https:\\\/\\\/tuzlainfo.ba\\\/#organization\"},\"potentialAction\":[{\"@type\":\"SearchAction\",\"target\":{\"@type\":\"EntryPoint\",\"urlTemplate\":\"https:\\\/\\\/tuzlainfo.ba\\\/?s={search_term_string}\"},\"query-input\":{\"@type\":\"PropertyValueSpecification\",\"valueRequired\":true,\"valueName\":\"search_term_string\"}}],\"inLanguage\":\"bs-BA\"},{\"@type\":\"Organization\",\"@id\":\"https:\\\/\\\/tuzlainfo.ba\\\/#organization\",\"name\":\"TuzlaInfo.ba\",\"url\":\"https:\\\/\\\/tuzlainfo.ba\\\/\",\"logo\":{\"@type\":\"ImageObject\",\"inLanguage\":\"bs-BA\",\"@id\":\"https:\\\/\\\/tuzlainfo.ba\\\/#\\\/schema\\\/logo\\\/image\\\/\",\"url\":\"https:\\\/\\\/tuzlainfo.ba\\\/wp-content\\\/uploads\\\/2021\\\/03\\\/logo-ver-3-1.png\",\"contentUrl\":\"https:\\\/\\\/tuzlainfo.ba\\\/wp-content\\\/uploads\\\/2021\\\/03\\\/logo-ver-3-1.png\",\"width\":350,\"height\":95,\"caption\":\"TuzlaInfo.ba\"},\"image\":{\"@id\":\"https:\\\/\\\/tuzlainfo.ba\\\/#\\\/schema\\\/logo\\\/image\\\/\"},\"sameAs\":[\"https:\\\/\\\/www.facebook.com\\\/tuzlainfo.ba\\\/\"]},{\"@type\":\"Person\",\"@id\":\"https:\\\/\\\/tuzlainfo.ba\\\/#\\\/schema\\\/person\\\/593e78a2f6378c5ba3e7600ecfa4e63a\",\"name\":\"Admin Tri\",\"image\":{\"@type\":\"ImageObject\",\"inLanguage\":\"bs-BA\",\"@id\":\"https:\\\/\\\/secure.gravatar.com\\\/avatar\\\/b53a7f47acc7a09467757d8b2234cc38fa334b13599376e53104c0036b528ca1?s=96&d=mm&r=g\",\"url\":\"https:\\\/\\\/secure.gravatar.com\\\/avatar\\\/b53a7f47acc7a09467757d8b2234cc38fa334b13599376e53104c0036b528ca1?s=96&d=mm&r=g\",\"contentUrl\":\"https:\\\/\\\/secure.gravatar.com\\\/avatar\\\/b53a7f47acc7a09467757d8b2234cc38fa334b13599376e53104c0036b528ca1?s=96&d=mm&r=g\",\"caption\":\"Admin Tri\"},\"sameAs\":[\"https:\\\/\\\/tuzlainfo.ba\"]}]}<\/script>\n<!-- \/ Yoast SEO plugin. -->","yoast_head_json":{"title":"CIK odustao od postupka protiv Ne\u0161i\u0107a: Nisu mogli potvrditi \u0161ta je pjevao","robots":{"index":"index","follow":"follow","max-snippet":"max-snippet:-1","max-image-preview":"max-image-preview:large","max-video-preview":"max-video-preview:-1"},"canonical":"https:\/\/tuzlainfo.ba\/index.php\/bosna-i-hercegovina\/item\/314756-cik-odustao-od-postupka-protiv-nesica-nisu-mogli-potvrditi-sta-je-pjevao\/","og_locale":"bs_BA","og_type":"article","og_title":"CIK odustao od postupka protiv Ne\u0161i\u0107a: Nisu mogli potvrditi \u0161ta je pjevao","og_description":"Centralna izborna komisija Bosne i Hercegovine odbacila je iz formalnih razloga prigovor Na\u0161e stranke koji se odnosio na navodni govor mr\u017enje Nenada Ne\u0161i\u0107a, lidera DNS-a i kandidata na predstoje\u0107im lokalnim izborima. Na sjednici CIK-a poja\u0161njeno je da je tokom postupka utvr\u0111eno kako prigovor nije sadr\u017eavao sve potrebne elemente, uklju\u010duju\u0107i jasno utvr\u0111en potpis i pe\u010dat ovla\u0161tene [&hellip;]","og_url":"https:\/\/tuzlainfo.ba\/index.php\/bosna-i-hercegovina\/item\/314756-cik-odustao-od-postupka-protiv-nesica-nisu-mogli-potvrditi-sta-je-pjevao\/","og_site_name":"TuzlaInfo.ba","article_publisher":"https:\/\/www.facebook.com\/tuzlainfo.ba\/","article_published_time":"2026-09-03T10:31:13+00:00","og_image":[{"width":800,"height":815,"url":"https:\/\/tuzlainfo.ba\/wp-content\/uploads\/2026\/08\/nenad-nesic.webp","type":"image\/webp"}],"author":"Admin Tri","twitter_card":"summary_large_image","twitter_misc":{"Written by":"Admin Tri","Est. reading time":"1 minuta"},"schema":{"@context":"https:\/\/schema.org","@graph":[{"@type":"Article","@id":"https:\/\/tuzlainfo.ba\/index.php\/bosna-i-hercegovina\/item\/314756-cik-odustao-od-postupka-protiv-nesica-nisu-mogli-potvrditi-sta-je-pjevao\/#article","isPartOf":{"@id":"https:\/\/tuzlainfo.ba\/index.php\/bosna-i-hercegovina\/item\/314756-cik-odustao-od-postupka-protiv-nesica-nisu-mogli-potvrditi-sta-je-pjevao\/"},"author":{"name":"Admin Tri","@id":"https:\/\/tuzlainfo.ba\/#\/schema\/person\/593e78a2f6378c5ba3e7600ecfa4e63a"},"headline":"CIK odustao od postupka protiv Ne\u0161i\u0107a: Nisu mogli potvrditi \u0161ta je pjevao","datePublished":"2026-09-03T10:31:13+00:00","mainEntityOfPage":{"@id":"https:\/\/tuzlainfo.ba\/index.php\/bosna-i-hercegovina\/item\/314756-cik-odustao-od-postupka-protiv-nesica-nisu-mogli-potvrditi-sta-je-pjevao\/"},"wordCount":226,"publisher":{"@id":"https:\/\/tuzlainfo.ba\/#organization"},"image":{"@id":"https:\/\/tuzlainfo.ba\/index.php\/bosna-i-hercegovina\/item\/314756-cik-odustao-od-postupka-protiv-nesica-nisu-mogli-potvrditi-sta-je-pjevao\/#primaryimage"},"thumbnailUrl":"https:\/\/tuzlainfo.ba\/wp-content\/uploads\/2026\/08\/nenad-nesic.webp","keywords":["nenad ne\u0161i\u0107"],"articleSection":["Bosna i Hercegovina"],"inLanguage":"bs-BA","copyrightYear":"2026","copyrightHolder":{"@id":"https:\/\/tuzlainfo.ba\/#organization"}},{"@type":"WebPage","@id":"https:\/\/tuzlainfo.ba\/index.php\/bosna-i-hercegovina\/item\/314756-cik-odustao-od-postupka-protiv-nesica-nisu-mogli-potvrditi-sta-je-pjevao\/","url":"https:\/\/tuzlainfo.ba\/index.php\/bosna-i-hercegovina\/item\/314756-cik-odustao-od-postupka-protiv-nesica-nisu-mogli-potvrditi-sta-je-pjevao\/","name":"CIK odustao od postupka protiv Ne\u0161i\u0107a: Nisu mogli potvrditi \u0161ta je pjevao","isPartOf":{"@id":"https:\/\/tuzlainfo.ba\/#website"},"primaryImageOfPage":{"@id":"https:\/\/tuzlainfo.ba\/index.php\/bosna-i-hercegovina\/item\/314756-cik-odustao-od-postupka-protiv-nesica-nisu-mogli-potvrditi-sta-je-pjevao\/#primaryimage"},"image":{"@id":"https:\/\/tuzlainfo.ba\/index.php\/bosna-i-hercegovina\/item\/314756-cik-odustao-od-postupka-protiv-nesica-nisu-mogli-potvrditi-sta-je-pjevao\/#primaryimage"},"thumbnailUrl":"https:\/\/tuzlainfo.ba\/wp-content\/uploads\/2026\/08\/nenad-nesic.webp","datePublished":"2026-09-03T10:31:13+00:00","breadcrumb":{"@id":"https:\/\/tuzlainfo.ba\/index.php\/bosna-i-hercegovina\/item\/314756-cik-odustao-od-postupka-protiv-nesica-nisu-mogli-potvrditi-sta-je-pjevao\/#breadcrumb"},"inLanguage":"bs-BA","potentialAction":[{"@type":"ReadAction","target":["https:\/\/tuzlainfo.ba\/index.php\/bosna-i-hercegovina\/item\/314756-cik-odustao-od-postupka-protiv-nesica-nisu-mogli-potvrditi-sta-je-pjevao\/"]}]},{"@type":"ImageObject","inLanguage":"bs-BA","@id":"https:\/\/tuzlainfo.ba\/index.php\/bosna-i-hercegovina\/item\/314756-cik-odustao-od-postupka-protiv-nesica-nisu-mogli-potvrditi-sta-je-pjevao\/#primaryimage","url":"https:\/\/tuzlainfo.ba\/wp-content\/uploads\/2026\/08\/nenad-nesic.webp","contentUrl":"https:\/\/tuzlainfo.ba\/wp-content\/uploads\/2026\/08\/nenad-nesic.webp","width":800,"height":815},{"@type":"BreadcrumbList","@id":"https:\/\/tuzlainfo.ba\/index.php\/bosna-i-hercegovina\/item\/314756-cik-odustao-od-postupka-protiv-nesica-nisu-mogli-potvrditi-sta-je-pjevao\/#breadcrumb","itemListElement":[{"@type":"ListItem","position":1,"name":"Home","item":"https:\/\/tuzlainfo.ba\/"},{"@type":"ListItem","position":2,"name":"CIK odustao od postupka protiv Ne\u0161i\u0107a: Nisu mogli potvrditi \u0161ta je pjevao"}]},{"@type":"WebSite","@id":"https:\/\/tuzlainfo.ba\/#website","url":"https:\/\/tuzlainfo.ba\/","name":"TuzlaInfo.ba","description":"Tuzla info, gradski informator - Tuzla na dlanu","publisher":{"@id":"https:\/\/tuzlainfo.ba\/#organization"},"potentialAction":[{"@type":"SearchAction","target":{"@type":"EntryPoint","urlTemplate":"https:\/\/tuzlainfo.ba\/?s={search_term_string}"},"query-input":{"@type":"PropertyValueSpecification","valueRequired":true,"valueName":"search_term_string"}}],"inLanguage":"bs-BA"},{"@type":"Organization","@id":"https:\/\/tuzlainfo.ba\/#organization","name":"TuzlaInfo.ba","url":"https:\/\/tuzlainfo.ba\/","logo":{"@type":"ImageObject","inLanguage":"bs-BA","@id":"https:\/\/tuzlainfo.ba\/#\/schema\/logo\/image\/","url":"https:\/\/tuzlainfo.ba\/wp-content\/uploads\/2021\/03\/logo-ver-3-1.png","contentUrl":"https:\/\/tuzlainfo.ba\/wp-content\/uploads\/2021\/03\/logo-ver-3-1.png","width":350,"height":95,"caption":"TuzlaInfo.ba"},"image":{"@id":"https:\/\/tuzlainfo.ba\/#\/schema\/logo\/image\/"},"sameAs":["https:\/\/www.facebook.com\/tuzlainfo.ba\/"]},{"@type":"Person","@id":"https:\/\/tuzlainfo.ba\/#\/schema\/person\/593e78a2f6378c5ba3e7600ecfa4e63a","name":"Admin Tri","image":{"@type":"ImageObject","inLanguage":"bs-BA","@id":"https:\/\/secure.gravatar.com\/avatar\/b53a7f47acc7a09467757d8b2234cc38fa334b13599376e53104c0036b528ca1?s=96&d=mm&r=g","url":"https:\/\/secure.gravatar.com\/avatar\/b53a7f47acc7a09467757d8b2234cc38fa334b13599376e53104c0036b528ca1?s=96&d=mm&r=g","contentUrl":"https:\/\/secure.gravatar.com\/avatar\/b53a7f47acc7a09467757d8b2234cc38fa334b13599376e53104c0036b528ca1?s=96&d=mm&r=g","caption":"Admin Tri"},"sameAs":["https:\/\/tuzlainfo.ba"]}]}},"_links":{"self":[{"href":"https:\/\/tuzlainfo.ba\/index.php\/wp-json\/wp\/v2\/posts\/314756","targetHints":{"allow":["GET"]}}],"collection":[{"href":"https:\/\/tuzlainfo.ba\/index.php\/wp-json\/wp\/v2\/posts"}],"about":[{"href":"https:\/\/tuzlainfo.ba\/index.php\/wp-json\/wp\/v2\/types\/post"}],"author":[{"embeddable":true,"href":"https:\/\/tuzlainfo.ba\/index.php\/wp-json\/wp\/v2\/users\/8"}],"replies":[{"embeddable":true,"href":"https:\/\/tuzlainfo.ba\/index.php\/wp-json\/wp\/v2\/comments?post=314756"}],"version-history":[{"count":1,"href":"https:\/\/tuzlainfo.ba\/index.php\/wp-json\/wp\/v2\/posts\/314756\/revisions"}],"predecessor-version":[{"id":314757,"href":"https:\/\/tuzlainfo.ba\/index.php\/wp-json\/wp\/v2\/posts\/314756\/revisions\/314757"}],"wp:featuredmedia":[{"embeddable":true,"href":"https:\/\/tuzlainfo.ba\/index.php\/wp-json\/wp\/v2\/media\/312873"}],"wp:attachment":[{"href":"https:\/\/tuzlainfo.ba\/index.php\/wp-json\/wp\/v2\/media?parent=314756"}],"wp:term":[{"taxonomy":"category","embeddable":true,"href":"https:\/\/tuzlainfo.ba\/index.php\/wp-json\/wp\/v2\/categories?post=314756"},{"taxonomy":"post_tag","embeddable":true,"href":"https:\/\/tuzlainfo.ba\/index.php\/wp-json\/wp\/v2\/tags?post=314756"}],"curies":[{"name":"wp","href":"https:\/\/api.w.org\/{rel}","templated":true}]}}