{"id":314738,"date":"2026-09-03T10:26:19","date_gmt":"2026-09-03T08:26:19","guid":{"rendered":"https:\/\/tuzlainfo.ba\/?p=314738"},"modified":"2026-09-03T10:26:19","modified_gmt":"2026-09-03T08:26:19","slug":"dzeko-ce-u-oktobru-posljednji-put-obuci-dres-nacionalnog-tima","status":"publish","type":"post","link":"https:\/\/tuzlainfo.ba\/index.php\/bosna-i-hercegovina\/item\/314738-dzeko-ce-u-oktobru-posljednji-put-obuci-dres-nacionalnog-tima\/","title":{"rendered":"D\u017eeko \u0107e u oktobru posljednji put obu\u0107i dres nacionalnog tima"},"content":{"rendered":"<p>Edin D\u017eeko, kapiten i najbolji strijelac nogometne reprezentacije Bosne i Hercegovine, najavio je kraj reprezentativne karijere.<\/p>\n<p>Popularni Dijamant objavio je da \u0107e 2. oktobra 2026. godine, u utakmici protiv \u0160vedske, posljednji put nastupiti u dresu Bosne i Hercegovine.<\/p>\n<p>Odluku je saop\u0107io putem dru\u0161tvenih mre\u017ea, naglasiv\u0161i da mu je predstavljanje svoje zemlje bilo najve\u0107a privilegija u karijeri.<\/p>\n<p>D\u017eeko je poru\u010dio da je svaki od 151 nastupa za reprezentaciju za njega imao posebnu te\u017einu te da se ponos koji je osje\u0107ao u dresu BiH ne mo\u017ee porediti ni sa \u010dim drugim \u0161to je do\u017eivio u klupskoj karijeri.<\/p>\n<p>Kao jedan od najva\u017enijih trenutaka izdvojio je plasman na Svjetsko prvenstvo 2014. godine, prvo i zasad jedino veliko takmi\u010denje na kojem je nastupila reprezentacija Bosne i Hercegovine.<\/p>\n<p>Posebnu poruku uputio je i navija\u010dima, koje je pozvao da budu uz njega protiv \u0160vedske kako bi zajedno obilje\u017eili njegov posljednji nastup za nacionalni tim.<\/p>\n<p>D\u017eeko je za reprezentaciju Bosne i Hercegovine debitovao protiv Turske, a tokom gotovo dvije decenije postao je jedan od najve\u0107ih simbola bh. nogometa.<\/p>\n<p>Do sada je u dresu reprezentacije odigrao 151 utakmicu i postigao 73 gola, \u010dime dr\u017ei rekord i po broju nastupa i po broju pogodaka za nacionalni tim.<\/p>\n","protected":false},"excerpt":{"rendered":"<p>Edin D\u017eeko, kapiten i najbolji strijelac nogometne reprezentacije Bosne i Hercegovine, najavio je kraj reprezentativne karijere. Popularni Dijamant objavio je da \u0107e 2. oktobra 2026. godine, u utakmici protiv \u0160vedske, posljednji put nastupiti u dresu Bosne i Hercegovine. Odluku je saop\u0107io putem dru\u0161tvenih mre\u017ea, naglasiv\u0161i da mu je predstavljanje svoje zemlje bilo najve\u0107a privilegija u [&hellip;]<\/p>\n","protected":false},"author":8,"featured_media":307187,"comment_status":"closed","ping_status":"closed","sticky":false,"template":"","format":"standard","meta":{"footnotes":""},"categories":[291,304],"tags":[1233,1638,915],"class_list":["post-314738","post","type-post","status-publish","format-standard","has-post-thumbnail","hentry","category-bosna-i-hercegovina","category-istaknuto","tag-edin-dzeko","tag-reprezentacija","tag-sport"],"yoast_head":"<!-- This site is optimized with the Yoast SEO plugin v28.4 - https:\/\/yoast.com\/product\/yoast-seo-wordpress\/ -->\n<title>D\u017eeko \u0107e u oktobru posljednji put obu\u0107i dres nacionalnog tima<\/title>\n<meta name=\"robots\" content=\"index, follow, max-snippet:-1, max-image-preview:large, max-video-preview:-1\" \/>\n<link rel=\"canonical\" href=\"https:\/\/tuzlainfo.ba\/index.php\/bosna-i-hercegovina\/item\/314738-dzeko-ce-u-oktobru-posljednji-put-obuci-dres-nacionalnog-tima\/\" \/>\n<meta property=\"og:locale\" content=\"bs_BA\" \/>\n<meta property=\"og:type\" content=\"article\" \/>\n<meta property=\"og:title\" content=\"D\u017eeko \u0107e u oktobru posljednji put obu\u0107i dres nacionalnog tima\" \/>\n<meta property=\"og:description\" content=\"Edin D\u017eeko, kapiten i najbolji strijelac nogometne reprezentacije Bosne i Hercegovine, najavio je kraj reprezentativne karijere. Popularni Dijamant objavio je da \u0107e 2. oktobra 2026. godine, u utakmici protiv \u0160vedske, posljednji put nastupiti u dresu Bosne i Hercegovine. Odluku je saop\u0107io putem dru\u0161tvenih mre\u017ea, naglasiv\u0161i da mu je predstavljanje svoje zemlje bilo najve\u0107a privilegija u [&hellip;]\" \/>\n<meta property=\"og:url\" content=\"https:\/\/tuzlainfo.ba\/index.php\/bosna-i-hercegovina\/item\/314738-dzeko-ce-u-oktobru-posljednji-put-obuci-dres-nacionalnog-tima\/\" \/>\n<meta property=\"og:site_name\" content=\"TuzlaInfo.ba\" \/>\n<meta property=\"article:publisher\" content=\"https:\/\/www.facebook.com\/tuzlainfo.ba\/\" \/>\n<meta property=\"article:published_time\" content=\"2026-09-03T08:26:19+00:00\" \/>\n<meta property=\"og:image\" content=\"https:\/\/tuzlainfo.ba\/wp-content\/uploads\/2026\/06\/edin_dzeko1.jpg\" \/>\n\t<meta property=\"og:image:width\" content=\"943\" \/>\n\t<meta property=\"og:image:height\" content=\"663\" \/>\n\t<meta property=\"og:image:type\" content=\"image\/jpeg\" \/>\n<meta name=\"author\" content=\"Admin Tri\" \/>\n<meta name=\"twitter:card\" content=\"summary_large_image\" \/>\n<meta name=\"twitter:label1\" content=\"Written by\" \/>\n\t<meta name=\"twitter:data1\" content=\"Admin Tri\" \/>\n\t<meta name=\"twitter:label2\" content=\"Est. reading time\" \/>\n\t<meta name=\"twitter:data2\" content=\"1 minuta\" \/>\n<script type=\"application\/ld+json\" class=\"yoast-schema-graph\">{\"@context\":\"https:\\\/\\\/schema.org\",\"@graph\":[{\"@type\":\"Article\",\"@id\":\"https:\\\/\\\/tuzlainfo.ba\\\/index.php\\\/bosna-i-hercegovina\\\/item\\\/314738-dzeko-ce-u-oktobru-posljednji-put-obuci-dres-nacionalnog-tima\\\/#article\",\"isPartOf\":{\"@id\":\"https:\\\/\\\/tuzlainfo.ba\\\/index.php\\\/bosna-i-hercegovina\\\/item\\\/314738-dzeko-ce-u-oktobru-posljednji-put-obuci-dres-nacionalnog-tima\\\/\"},\"author\":{\"name\":\"Admin Tri\",\"@id\":\"https:\\\/\\\/tuzlainfo.ba\\\/#\\\/schema\\\/person\\\/593e78a2f6378c5ba3e7600ecfa4e63a\"},\"headline\":\"D\u017eeko \u0107e u oktobru posljednji put obu\u0107i dres nacionalnog tima\",\"datePublished\":\"2026-09-03T08:26:19+00:00\",\"mainEntityOfPage\":{\"@id\":\"https:\\\/\\\/tuzlainfo.ba\\\/index.php\\\/bosna-i-hercegovina\\\/item\\\/314738-dzeko-ce-u-oktobru-posljednji-put-obuci-dres-nacionalnog-tima\\\/\"},\"wordCount\":222,\"publisher\":{\"@id\":\"https:\\\/\\\/tuzlainfo.ba\\\/#organization\"},\"image\":{\"@id\":\"https:\\\/\\\/tuzlainfo.ba\\\/index.php\\\/bosna-i-hercegovina\\\/item\\\/314738-dzeko-ce-u-oktobru-posljednji-put-obuci-dres-nacionalnog-tima\\\/#primaryimage\"},\"thumbnailUrl\":\"https:\\\/\\\/tuzlainfo.ba\\\/wp-content\\\/uploads\\\/2026\\\/06\\\/edin_dzeko1.jpg\",\"keywords\":[\"edin d\u017eeko\",\"reprezentacija\",\"sport\"],\"articleSection\":[\"Bosna i Hercegovina\",\"Istaknuto\"],\"inLanguage\":\"bs-BA\",\"copyrightYear\":\"2026\",\"copyrightHolder\":{\"@id\":\"https:\\\/\\\/tuzlainfo.ba\\\/#organization\"}},{\"@type\":\"WebPage\",\"@id\":\"https:\\\/\\\/tuzlainfo.ba\\\/index.php\\\/bosna-i-hercegovina\\\/item\\\/314738-dzeko-ce-u-oktobru-posljednji-put-obuci-dres-nacionalnog-tima\\\/\",\"url\":\"https:\\\/\\\/tuzlainfo.ba\\\/index.php\\\/bosna-i-hercegovina\\\/item\\\/314738-dzeko-ce-u-oktobru-posljednji-put-obuci-dres-nacionalnog-tima\\\/\",\"name\":\"D\u017eeko \u0107e u oktobru posljednji put obu\u0107i dres nacionalnog tima\",\"isPartOf\":{\"@id\":\"https:\\\/\\\/tuzlainfo.ba\\\/#website\"},\"primaryImageOfPage\":{\"@id\":\"https:\\\/\\\/tuzlainfo.ba\\\/index.php\\\/bosna-i-hercegovina\\\/item\\\/314738-dzeko-ce-u-oktobru-posljednji-put-obuci-dres-nacionalnog-tima\\\/#primaryimage\"},\"image\":{\"@id\":\"https:\\\/\\\/tuzlainfo.ba\\\/index.php\\\/bosna-i-hercegovina\\\/item\\\/314738-dzeko-ce-u-oktobru-posljednji-put-obuci-dres-nacionalnog-tima\\\/#primaryimage\"},\"thumbnailUrl\":\"https:\\\/\\\/tuzlainfo.ba\\\/wp-content\\\/uploads\\\/2026\\\/06\\\/edin_dzeko1.jpg\",\"datePublished\":\"2026-09-03T08:26:19+00:00\",\"breadcrumb\":{\"@id\":\"https:\\\/\\\/tuzlainfo.ba\\\/index.php\\\/bosna-i-hercegovina\\\/item\\\/314738-dzeko-ce-u-oktobru-posljednji-put-obuci-dres-nacionalnog-tima\\\/#breadcrumb\"},\"inLanguage\":\"bs-BA\",\"potentialAction\":[{\"@type\":\"ReadAction\",\"target\":[\"https:\\\/\\\/tuzlainfo.ba\\\/index.php\\\/bosna-i-hercegovina\\\/item\\\/314738-dzeko-ce-u-oktobru-posljednji-put-obuci-dres-nacionalnog-tima\\\/\"]}]},{\"@type\":\"ImageObject\",\"inLanguage\":\"bs-BA\",\"@id\":\"https:\\\/\\\/tuzlainfo.ba\\\/index.php\\\/bosna-i-hercegovina\\\/item\\\/314738-dzeko-ce-u-oktobru-posljednji-put-obuci-dres-nacionalnog-tima\\\/#primaryimage\",\"url\":\"https:\\\/\\\/tuzlainfo.ba\\\/wp-content\\\/uploads\\\/2026\\\/06\\\/edin_dzeko1.jpg\",\"contentUrl\":\"https:\\\/\\\/tuzlainfo.ba\\\/wp-content\\\/uploads\\\/2026\\\/06\\\/edin_dzeko1.jpg\",\"width\":943,\"height\":663},{\"@type\":\"BreadcrumbList\",\"@id\":\"https:\\\/\\\/tuzlainfo.ba\\\/index.php\\\/bosna-i-hercegovina\\\/item\\\/314738-dzeko-ce-u-oktobru-posljednji-put-obuci-dres-nacionalnog-tima\\\/#breadcrumb\",\"itemListElement\":[{\"@type\":\"ListItem\",\"position\":1,\"name\":\"Home\",\"item\":\"https:\\\/\\\/tuzlainfo.ba\\\/\"},{\"@type\":\"ListItem\",\"position\":2,\"name\":\"D\u017eeko \u0107e u oktobru posljednji put obu\u0107i dres nacionalnog tima\"}]},{\"@type\":\"WebSite\",\"@id\":\"https:\\\/\\\/tuzlainfo.ba\\\/#website\",\"url\":\"https:\\\/\\\/tuzlainfo.ba\\\/\",\"name\":\"TuzlaInfo.ba\",\"description\":\"Tuzla info, gradski informator - Tuzla na dlanu\",\"publisher\":{\"@id\":\"https:\\\/\\\/tuzlainfo.ba\\\/#organization\"},\"potentialAction\":[{\"@type\":\"SearchAction\",\"target\":{\"@type\":\"EntryPoint\",\"urlTemplate\":\"https:\\\/\\\/tuzlainfo.ba\\\/?s={search_term_string}\"},\"query-input\":{\"@type\":\"PropertyValueSpecification\",\"valueRequired\":true,\"valueName\":\"search_term_string\"}}],\"inLanguage\":\"bs-BA\"},{\"@type\":\"Organization\",\"@id\":\"https:\\\/\\\/tuzlainfo.ba\\\/#organization\",\"name\":\"TuzlaInfo.ba\",\"url\":\"https:\\\/\\\/tuzlainfo.ba\\\/\",\"logo\":{\"@type\":\"ImageObject\",\"inLanguage\":\"bs-BA\",\"@id\":\"https:\\\/\\\/tuzlainfo.ba\\\/#\\\/schema\\\/logo\\\/image\\\/\",\"url\":\"https:\\\/\\\/tuzlainfo.ba\\\/wp-content\\\/uploads\\\/2021\\\/03\\\/logo-ver-3-1.png\",\"contentUrl\":\"https:\\\/\\\/tuzlainfo.ba\\\/wp-content\\\/uploads\\\/2021\\\/03\\\/logo-ver-3-1.png\",\"width\":350,\"height\":95,\"caption\":\"TuzlaInfo.ba\"},\"image\":{\"@id\":\"https:\\\/\\\/tuzlainfo.ba\\\/#\\\/schema\\\/logo\\\/image\\\/\"},\"sameAs\":[\"https:\\\/\\\/www.facebook.com\\\/tuzlainfo.ba\\\/\"]},{\"@type\":\"Person\",\"@id\":\"https:\\\/\\\/tuzlainfo.ba\\\/#\\\/schema\\\/person\\\/593e78a2f6378c5ba3e7600ecfa4e63a\",\"name\":\"Admin Tri\",\"image\":{\"@type\":\"ImageObject\",\"inLanguage\":\"bs-BA\",\"@id\":\"https:\\\/\\\/secure.gravatar.com\\\/avatar\\\/b53a7f47acc7a09467757d8b2234cc38fa334b13599376e53104c0036b528ca1?s=96&d=mm&r=g\",\"url\":\"https:\\\/\\\/secure.gravatar.com\\\/avatar\\\/b53a7f47acc7a09467757d8b2234cc38fa334b13599376e53104c0036b528ca1?s=96&d=mm&r=g\",\"contentUrl\":\"https:\\\/\\\/secure.gravatar.com\\\/avatar\\\/b53a7f47acc7a09467757d8b2234cc38fa334b13599376e53104c0036b528ca1?s=96&d=mm&r=g\",\"caption\":\"Admin Tri\"},\"sameAs\":[\"https:\\\/\\\/tuzlainfo.ba\"]}]}<\/script>\n<!-- \/ Yoast SEO plugin. -->","yoast_head_json":{"title":"D\u017eeko \u0107e u oktobru posljednji put obu\u0107i dres nacionalnog tima","robots":{"index":"index","follow":"follow","max-snippet":"max-snippet:-1","max-image-preview":"max-image-preview:large","max-video-preview":"max-video-preview:-1"},"canonical":"https:\/\/tuzlainfo.ba\/index.php\/bosna-i-hercegovina\/item\/314738-dzeko-ce-u-oktobru-posljednji-put-obuci-dres-nacionalnog-tima\/","og_locale":"bs_BA","og_type":"article","og_title":"D\u017eeko \u0107e u oktobru posljednji put obu\u0107i dres nacionalnog tima","og_description":"Edin D\u017eeko, kapiten i najbolji strijelac nogometne reprezentacije Bosne i Hercegovine, najavio je kraj reprezentativne karijere. Popularni Dijamant objavio je da \u0107e 2. oktobra 2026. godine, u utakmici protiv \u0160vedske, posljednji put nastupiti u dresu Bosne i Hercegovine. Odluku je saop\u0107io putem dru\u0161tvenih mre\u017ea, naglasiv\u0161i da mu je predstavljanje svoje zemlje bilo najve\u0107a privilegija u [&hellip;]","og_url":"https:\/\/tuzlainfo.ba\/index.php\/bosna-i-hercegovina\/item\/314738-dzeko-ce-u-oktobru-posljednji-put-obuci-dres-nacionalnog-tima\/","og_site_name":"TuzlaInfo.ba","article_publisher":"https:\/\/www.facebook.com\/tuzlainfo.ba\/","article_published_time":"2026-09-03T08:26:19+00:00","og_image":[{"width":943,"height":663,"url":"https:\/\/tuzlainfo.ba\/wp-content\/uploads\/2026\/06\/edin_dzeko1.jpg","type":"image\/jpeg"}],"author":"Admin Tri","twitter_card":"summary_large_image","twitter_misc":{"Written by":"Admin Tri","Est. reading time":"1 minuta"},"schema":{"@context":"https:\/\/schema.org","@graph":[{"@type":"Article","@id":"https:\/\/tuzlainfo.ba\/index.php\/bosna-i-hercegovina\/item\/314738-dzeko-ce-u-oktobru-posljednji-put-obuci-dres-nacionalnog-tima\/#article","isPartOf":{"@id":"https:\/\/tuzlainfo.ba\/index.php\/bosna-i-hercegovina\/item\/314738-dzeko-ce-u-oktobru-posljednji-put-obuci-dres-nacionalnog-tima\/"},"author":{"name":"Admin Tri","@id":"https:\/\/tuzlainfo.ba\/#\/schema\/person\/593e78a2f6378c5ba3e7600ecfa4e63a"},"headline":"D\u017eeko \u0107e u oktobru posljednji put obu\u0107i dres nacionalnog tima","datePublished":"2026-09-03T08:26:19+00:00","mainEntityOfPage":{"@id":"https:\/\/tuzlainfo.ba\/index.php\/bosna-i-hercegovina\/item\/314738-dzeko-ce-u-oktobru-posljednji-put-obuci-dres-nacionalnog-tima\/"},"wordCount":222,"publisher":{"@id":"https:\/\/tuzlainfo.ba\/#organization"},"image":{"@id":"https:\/\/tuzlainfo.ba\/index.php\/bosna-i-hercegovina\/item\/314738-dzeko-ce-u-oktobru-posljednji-put-obuci-dres-nacionalnog-tima\/#primaryimage"},"thumbnailUrl":"https:\/\/tuzlainfo.ba\/wp-content\/uploads\/2026\/06\/edin_dzeko1.jpg","keywords":["edin d\u017eeko","reprezentacija","sport"],"articleSection":["Bosna i Hercegovina","Istaknuto"],"inLanguage":"bs-BA","copyrightYear":"2026","copyrightHolder":{"@id":"https:\/\/tuzlainfo.ba\/#organization"}},{"@type":"WebPage","@id":"https:\/\/tuzlainfo.ba\/index.php\/bosna-i-hercegovina\/item\/314738-dzeko-ce-u-oktobru-posljednji-put-obuci-dres-nacionalnog-tima\/","url":"https:\/\/tuzlainfo.ba\/index.php\/bosna-i-hercegovina\/item\/314738-dzeko-ce-u-oktobru-posljednji-put-obuci-dres-nacionalnog-tima\/","name":"D\u017eeko \u0107e u oktobru posljednji put obu\u0107i dres nacionalnog tima","isPartOf":{"@id":"https:\/\/tuzlainfo.ba\/#website"},"primaryImageOfPage":{"@id":"https:\/\/tuzlainfo.ba\/index.php\/bosna-i-hercegovina\/item\/314738-dzeko-ce-u-oktobru-posljednji-put-obuci-dres-nacionalnog-tima\/#primaryimage"},"image":{"@id":"https:\/\/tuzlainfo.ba\/index.php\/bosna-i-hercegovina\/item\/314738-dzeko-ce-u-oktobru-posljednji-put-obuci-dres-nacionalnog-tima\/#primaryimage"},"thumbnailUrl":"https:\/\/tuzlainfo.ba\/wp-content\/uploads\/2026\/06\/edin_dzeko1.jpg","datePublished":"2026-09-03T08:26:19+00:00","breadcrumb":{"@id":"https:\/\/tuzlainfo.ba\/index.php\/bosna-i-hercegovina\/item\/314738-dzeko-ce-u-oktobru-posljednji-put-obuci-dres-nacionalnog-tima\/#breadcrumb"},"inLanguage":"bs-BA","potentialAction":[{"@type":"ReadAction","target":["https:\/\/tuzlainfo.ba\/index.php\/bosna-i-hercegovina\/item\/314738-dzeko-ce-u-oktobru-posljednji-put-obuci-dres-nacionalnog-tima\/"]}]},{"@type":"ImageObject","inLanguage":"bs-BA","@id":"https:\/\/tuzlainfo.ba\/index.php\/bosna-i-hercegovina\/item\/314738-dzeko-ce-u-oktobru-posljednji-put-obuci-dres-nacionalnog-tima\/#primaryimage","url":"https:\/\/tuzlainfo.ba\/wp-content\/uploads\/2026\/06\/edin_dzeko1.jpg","contentUrl":"https:\/\/tuzlainfo.ba\/wp-content\/uploads\/2026\/06\/edin_dzeko1.jpg","width":943,"height":663},{"@type":"BreadcrumbList","@id":"https:\/\/tuzlainfo.ba\/index.php\/bosna-i-hercegovina\/item\/314738-dzeko-ce-u-oktobru-posljednji-put-obuci-dres-nacionalnog-tima\/#breadcrumb","itemListElement":[{"@type":"ListItem","position":1,"name":"Home","item":"https:\/\/tuzlainfo.ba\/"},{"@type":"ListItem","position":2,"name":"D\u017eeko \u0107e u oktobru posljednji put obu\u0107i dres nacionalnog tima"}]},{"@type":"WebSite","@id":"https:\/\/tuzlainfo.ba\/#website","url":"https:\/\/tuzlainfo.ba\/","name":"TuzlaInfo.ba","description":"Tuzla info, gradski informator - Tuzla na dlanu","publisher":{"@id":"https:\/\/tuzlainfo.ba\/#organization"},"potentialAction":[{"@type":"SearchAction","target":{"@type":"EntryPoint","urlTemplate":"https:\/\/tuzlainfo.ba\/?s={search_term_string}"},"query-input":{"@type":"PropertyValueSpecification","valueRequired":true,"valueName":"search_term_string"}}],"inLanguage":"bs-BA"},{"@type":"Organization","@id":"https:\/\/tuzlainfo.ba\/#organization","name":"TuzlaInfo.ba","url":"https:\/\/tuzlainfo.ba\/","logo":{"@type":"ImageObject","inLanguage":"bs-BA","@id":"https:\/\/tuzlainfo.ba\/#\/schema\/logo\/image\/","url":"https:\/\/tuzlainfo.ba\/wp-content\/uploads\/2021\/03\/logo-ver-3-1.png","contentUrl":"https:\/\/tuzlainfo.ba\/wp-content\/uploads\/2021\/03\/logo-ver-3-1.png","width":350,"height":95,"caption":"TuzlaInfo.ba"},"image":{"@id":"https:\/\/tuzlainfo.ba\/#\/schema\/logo\/image\/"},"sameAs":["https:\/\/www.facebook.com\/tuzlainfo.ba\/"]},{"@type":"Person","@id":"https:\/\/tuzlainfo.ba\/#\/schema\/person\/593e78a2f6378c5ba3e7600ecfa4e63a","name":"Admin Tri","image":{"@type":"ImageObject","inLanguage":"bs-BA","@id":"https:\/\/secure.gravatar.com\/avatar\/b53a7f47acc7a09467757d8b2234cc38fa334b13599376e53104c0036b528ca1?s=96&d=mm&r=g","url":"https:\/\/secure.gravatar.com\/avatar\/b53a7f47acc7a09467757d8b2234cc38fa334b13599376e53104c0036b528ca1?s=96&d=mm&r=g","contentUrl":"https:\/\/secure.gravatar.com\/avatar\/b53a7f47acc7a09467757d8b2234cc38fa334b13599376e53104c0036b528ca1?s=96&d=mm&r=g","caption":"Admin Tri"},"sameAs":["https:\/\/tuzlainfo.ba"]}]}},"_links":{"self":[{"href":"https:\/\/tuzlainfo.ba\/index.php\/wp-json\/wp\/v2\/posts\/314738","targetHints":{"allow":["GET"]}}],"collection":[{"href":"https:\/\/tuzlainfo.ba\/index.php\/wp-json\/wp\/v2\/posts"}],"about":[{"href":"https:\/\/tuzlainfo.ba\/index.php\/wp-json\/wp\/v2\/types\/post"}],"author":[{"embeddable":true,"href":"https:\/\/tuzlainfo.ba\/index.php\/wp-json\/wp\/v2\/users\/8"}],"replies":[{"embeddable":true,"href":"https:\/\/tuzlainfo.ba\/index.php\/wp-json\/wp\/v2\/comments?post=314738"}],"version-history":[{"count":1,"href":"https:\/\/tuzlainfo.ba\/index.php\/wp-json\/wp\/v2\/posts\/314738\/revisions"}],"predecessor-version":[{"id":314739,"href":"https:\/\/tuzlainfo.ba\/index.php\/wp-json\/wp\/v2\/posts\/314738\/revisions\/314739"}],"wp:featuredmedia":[{"embeddable":true,"href":"https:\/\/tuzlainfo.ba\/index.php\/wp-json\/wp\/v2\/media\/307187"}],"wp:attachment":[{"href":"https:\/\/tuzlainfo.ba\/index.php\/wp-json\/wp\/v2\/media?parent=314738"}],"wp:term":[{"taxonomy":"category","embeddable":true,"href":"https:\/\/tuzlainfo.ba\/index.php\/wp-json\/wp\/v2\/categories?post=314738"},{"taxonomy":"post_tag","embeddable":true,"href":"https:\/\/tuzlainfo.ba\/index.php\/wp-json\/wp\/v2\/tags?post=314738"}],"curies":[{"name":"wp","href":"https:\/\/api.w.org\/{rel}","templated":true}]}}