{"id":314736,"date":"2026-09-05T12:20:44","date_gmt":"2026-09-05T10:20:44","guid":{"rendered":"https:\/\/tuzlainfo.ba\/?p=314736"},"modified":"2026-09-03T10:21:24","modified_gmt":"2026-09-03T08:21:24","slug":"kada-ce-pojeftiniti-gorivo-u-bih","status":"publish","type":"post","link":"https:\/\/tuzlainfo.ba\/index.php\/bosna-i-hercegovina\/item\/314736-kada-ce-pojeftiniti-gorivo-u-bih\/","title":{"rendered":"Kada \u0107e pojeftiniti gorivo u BiH?"},"content":{"rendered":"<p>Nakon vi\u0161emjese\u010dnog rasta i velikih oscilacija cijena goriva, jedno od naj\u010de\u0161\u0107ih pitanja me\u0111u voza\u010dima u Bosni i Hercegovini jeste \u2013 kada se kona\u010dno mo\u017ee o\u010dekivati pojeftinjenje?<\/p>\n<p>Sude\u0107i prema trenutnim kretanjima na svjetskom tr\u017ei\u0161tu, zna\u010dajniji pad cijena na doma\u0107im benzinskim pumpama ne treba o\u010dekivati u narednim danima. Naprotiv, predstavnici naftnog sektora najavili su da bi dizel u narednih sedam dana mogao poskupjeti za dodatnih 10 do 15 feninga po litru.<\/p>\n<p>Razlog je novi rast cijena na me\u0111unarodnom tr\u017ei\u0161tu. Cijena barela Brent nafte po\u010detkom septembra ponovo se kre\u0107e oko 95 dolara, nakon pogor\u0161anja geopoliti\u010dke situacije i straha od poreme\u0107aja u snabdijevanju s Bliskog istoka. Poseban problem predstavlja i visoka cijena ve\u0107 prera\u0111enog dizela na evropskom tr\u017ei\u0161tu.<\/p>\n<h3>\u0160ta se mora desiti da gorivo pojeftini?<\/h3>\n<p>Da bi voza\u010di u BiH osjetili ozbiljnije pojeftinjenje, nije dovoljan jednodnevni pad cijene nafte. Potrebno je da cijene sirove nafte i naftnih derivata na me\u0111unarodnom tr\u017ei\u0161tu padaju i da se na ni\u017eem nivou zadr\u017ee odre\u0111eni period.<\/p>\n<p>Na kona\u010dnu cijenu na benzinskoj pumpi uti\u010du i nabavna cijena derivata, kurs dolara, tro\u0161kovi transporta, porezi, akcize i mar\u017ee distributera. Zbog toga se promjene sa svjetskih berzi na doma\u0107e pumpe ne prenose odmah niti u jednakom iznosu.<\/p>\n<p>U Federaciji BiH trenutno je na snazi i mjera kojom je maksimalna maloprodajna mar\u017ea za neaditivirane naftne derivate ograni\u010dena na 0,25 KM po litru, dok maksimalna veleprodajna mar\u017ea iznosi 0,06 KM po litru.<\/p>\n<h3>Pojeftinjenje tek nakon smirivanja tr\u017ei\u0161ta<\/h3>\n<p>Prvi ozbiljniji prostor za ni\u017ee cijene pojavio bi se ukoliko do\u0111e do smirivanja geopoliti\u010dkih tenzija, normalizacije snabdijevanja i kontinuiranog pada cijena nafte i dizela na evropskom tr\u017ei\u0161tu.<\/p>\n<p>Do tada \u0107e cijene na pumpama vjerovatno ostati visoke i podlo\u017ene \u010destim promjenama. Prema trenutno dostupnim informacijama, voza\u010de prije pojeftinjenja \u010dak o\u010dekuje jo\u0161 jedno pove\u0107anje cijene dizela, pa bi na pojedinim pumpama litar mogao ponovo biti blizu 3,60 KM.<\/p>\n","protected":false},"excerpt":{"rendered":"<p>Nakon vi\u0161emjese\u010dnog rasta i velikih oscilacija cijena goriva, jedno od naj\u010de\u0161\u0107ih pitanja me\u0111u voza\u010dima u Bosni i Hercegovini jeste \u2013 kada se kona\u010dno mo\u017ee o\u010dekivati pojeftinjenje? Sude\u0107i prema trenutnim kretanjima na svjetskom tr\u017ei\u0161tu, zna\u010dajniji pad cijena na doma\u0107im benzinskim pumpama ne treba o\u010dekivati u narednim danima. Naprotiv, predstavnici naftnog sektora najavili su da bi dizel [&hellip;]<\/p>\n","protected":false},"author":8,"featured_media":246819,"comment_status":"closed","ping_status":"closed","sticky":false,"template":"","format":"standard","meta":{"footnotes":""},"categories":[291,304],"tags":[11851,3010],"class_list":["post-314736","post","type-post","status-publish","format-standard","has-post-thumbnail","hentry","category-bosna-i-hercegovina","category-istaknuto","tag-cijena","tag-gorivo"],"yoast_head":"<!-- This site is optimized with the Yoast SEO plugin v28.4 - https:\/\/yoast.com\/product\/yoast-seo-wordpress\/ -->\n<title>Kada \u0107e pojeftiniti gorivo u BiH?<\/title>\n<meta name=\"robots\" content=\"index, follow, max-snippet:-1, max-image-preview:large, max-video-preview:-1\" \/>\n<link rel=\"canonical\" href=\"https:\/\/tuzlainfo.ba\/index.php\/bosna-i-hercegovina\/item\/314736-kada-ce-pojeftiniti-gorivo-u-bih\/\" \/>\n<meta property=\"og:locale\" content=\"bs_BA\" \/>\n<meta property=\"og:type\" content=\"article\" \/>\n<meta property=\"og:title\" content=\"Kada \u0107e pojeftiniti gorivo u BiH?\" \/>\n<meta property=\"og:description\" content=\"Nakon vi\u0161emjese\u010dnog rasta i velikih oscilacija cijena goriva, jedno od naj\u010de\u0161\u0107ih pitanja me\u0111u voza\u010dima u Bosni i Hercegovini jeste \u2013 kada se kona\u010dno mo\u017ee o\u010dekivati pojeftinjenje? Sude\u0107i prema trenutnim kretanjima na svjetskom tr\u017ei\u0161tu, zna\u010dajniji pad cijena na doma\u0107im benzinskim pumpama ne treba o\u010dekivati u narednim danima. Naprotiv, predstavnici naftnog sektora najavili su da bi dizel [&hellip;]\" \/>\n<meta property=\"og:url\" content=\"https:\/\/tuzlainfo.ba\/index.php\/bosna-i-hercegovina\/item\/314736-kada-ce-pojeftiniti-gorivo-u-bih\/\" \/>\n<meta property=\"og:site_name\" content=\"TuzlaInfo.ba\" \/>\n<meta property=\"article:publisher\" content=\"https:\/\/www.facebook.com\/tuzlainfo.ba\/\" \/>\n<meta property=\"article:published_time\" content=\"2026-09-05T10:20:44+00:00\" \/>\n<meta property=\"og:image\" content=\"https:\/\/tuzlainfo.ba\/wp-content\/uploads\/2024\/08\/gorivo_pumpa_benzinska.jpg\" \/>\n\t<meta property=\"og:image:width\" content=\"1000\" \/>\n\t<meta property=\"og:image:height\" content=\"602\" \/>\n\t<meta property=\"og:image:type\" content=\"image\/jpeg\" \/>\n<meta name=\"author\" content=\"Admin Tri\" \/>\n<meta name=\"twitter:card\" content=\"summary_large_image\" \/>\n<meta name=\"twitter:label1\" content=\"Written by\" \/>\n\t<meta name=\"twitter:data1\" content=\"Admin Tri\" \/>\n\t<meta name=\"twitter:label2\" content=\"Est. reading time\" \/>\n\t<meta name=\"twitter:data2\" content=\"2 minute\" \/>\n<script type=\"application\/ld+json\" class=\"yoast-schema-graph\">{\"@context\":\"https:\\\/\\\/schema.org\",\"@graph\":[{\"@type\":\"Article\",\"@id\":\"https:\\\/\\\/tuzlainfo.ba\\\/index.php\\\/bosna-i-hercegovina\\\/item\\\/314736-kada-ce-pojeftiniti-gorivo-u-bih\\\/#article\",\"isPartOf\":{\"@id\":\"https:\\\/\\\/tuzlainfo.ba\\\/index.php\\\/bosna-i-hercegovina\\\/item\\\/314736-kada-ce-pojeftiniti-gorivo-u-bih\\\/\"},\"author\":{\"name\":\"Admin Tri\",\"@id\":\"https:\\\/\\\/tuzlainfo.ba\\\/#\\\/schema\\\/person\\\/593e78a2f6378c5ba3e7600ecfa4e63a\"},\"headline\":\"Kada \u0107e pojeftiniti gorivo u BiH?\",\"datePublished\":\"2026-09-05T10:20:44+00:00\",\"mainEntityOfPage\":{\"@id\":\"https:\\\/\\\/tuzlainfo.ba\\\/index.php\\\/bosna-i-hercegovina\\\/item\\\/314736-kada-ce-pojeftiniti-gorivo-u-bih\\\/\"},\"wordCount\":349,\"publisher\":{\"@id\":\"https:\\\/\\\/tuzlainfo.ba\\\/#organization\"},\"image\":{\"@id\":\"https:\\\/\\\/tuzlainfo.ba\\\/index.php\\\/bosna-i-hercegovina\\\/item\\\/314736-kada-ce-pojeftiniti-gorivo-u-bih\\\/#primaryimage\"},\"thumbnailUrl\":\"https:\\\/\\\/tuzlainfo.ba\\\/wp-content\\\/uploads\\\/2024\\\/08\\\/gorivo_pumpa_benzinska.jpg\",\"keywords\":[\"cijena\",\"gorivo\"],\"articleSection\":[\"Bosna i Hercegovina\",\"Istaknuto\"],\"inLanguage\":\"bs-BA\",\"copyrightYear\":\"2026\",\"copyrightHolder\":{\"@id\":\"https:\\\/\\\/tuzlainfo.ba\\\/#organization\"}},{\"@type\":\"WebPage\",\"@id\":\"https:\\\/\\\/tuzlainfo.ba\\\/index.php\\\/bosna-i-hercegovina\\\/item\\\/314736-kada-ce-pojeftiniti-gorivo-u-bih\\\/\",\"url\":\"https:\\\/\\\/tuzlainfo.ba\\\/index.php\\\/bosna-i-hercegovina\\\/item\\\/314736-kada-ce-pojeftiniti-gorivo-u-bih\\\/\",\"name\":\"Kada \u0107e pojeftiniti gorivo u BiH?\",\"isPartOf\":{\"@id\":\"https:\\\/\\\/tuzlainfo.ba\\\/#website\"},\"primaryImageOfPage\":{\"@id\":\"https:\\\/\\\/tuzlainfo.ba\\\/index.php\\\/bosna-i-hercegovina\\\/item\\\/314736-kada-ce-pojeftiniti-gorivo-u-bih\\\/#primaryimage\"},\"image\":{\"@id\":\"https:\\\/\\\/tuzlainfo.ba\\\/index.php\\\/bosna-i-hercegovina\\\/item\\\/314736-kada-ce-pojeftiniti-gorivo-u-bih\\\/#primaryimage\"},\"thumbnailUrl\":\"https:\\\/\\\/tuzlainfo.ba\\\/wp-content\\\/uploads\\\/2024\\\/08\\\/gorivo_pumpa_benzinska.jpg\",\"datePublished\":\"2026-09-05T10:20:44+00:00\",\"breadcrumb\":{\"@id\":\"https:\\\/\\\/tuzlainfo.ba\\\/index.php\\\/bosna-i-hercegovina\\\/item\\\/314736-kada-ce-pojeftiniti-gorivo-u-bih\\\/#breadcrumb\"},\"inLanguage\":\"bs-BA\",\"potentialAction\":[{\"@type\":\"ReadAction\",\"target\":[\"https:\\\/\\\/tuzlainfo.ba\\\/index.php\\\/bosna-i-hercegovina\\\/item\\\/314736-kada-ce-pojeftiniti-gorivo-u-bih\\\/\"]}]},{\"@type\":\"ImageObject\",\"inLanguage\":\"bs-BA\",\"@id\":\"https:\\\/\\\/tuzlainfo.ba\\\/index.php\\\/bosna-i-hercegovina\\\/item\\\/314736-kada-ce-pojeftiniti-gorivo-u-bih\\\/#primaryimage\",\"url\":\"https:\\\/\\\/tuzlainfo.ba\\\/wp-content\\\/uploads\\\/2024\\\/08\\\/gorivo_pumpa_benzinska.jpg\",\"contentUrl\":\"https:\\\/\\\/tuzlainfo.ba\\\/wp-content\\\/uploads\\\/2024\\\/08\\\/gorivo_pumpa_benzinska.jpg\",\"width\":1000,\"height\":602},{\"@type\":\"BreadcrumbList\",\"@id\":\"https:\\\/\\\/tuzlainfo.ba\\\/index.php\\\/bosna-i-hercegovina\\\/item\\\/314736-kada-ce-pojeftiniti-gorivo-u-bih\\\/#breadcrumb\",\"itemListElement\":[{\"@type\":\"ListItem\",\"position\":1,\"name\":\"Home\",\"item\":\"https:\\\/\\\/tuzlainfo.ba\\\/\"},{\"@type\":\"ListItem\",\"position\":2,\"name\":\"Kada \u0107e pojeftiniti gorivo u BiH?\"}]},{\"@type\":\"WebSite\",\"@id\":\"https:\\\/\\\/tuzlainfo.ba\\\/#website\",\"url\":\"https:\\\/\\\/tuzlainfo.ba\\\/\",\"name\":\"TuzlaInfo.ba\",\"description\":\"Tuzla info, gradski informator - Tuzla na dlanu\",\"publisher\":{\"@id\":\"https:\\\/\\\/tuzlainfo.ba\\\/#organization\"},\"potentialAction\":[{\"@type\":\"SearchAction\",\"target\":{\"@type\":\"EntryPoint\",\"urlTemplate\":\"https:\\\/\\\/tuzlainfo.ba\\\/?s={search_term_string}\"},\"query-input\":{\"@type\":\"PropertyValueSpecification\",\"valueRequired\":true,\"valueName\":\"search_term_string\"}}],\"inLanguage\":\"bs-BA\"},{\"@type\":\"Organization\",\"@id\":\"https:\\\/\\\/tuzlainfo.ba\\\/#organization\",\"name\":\"TuzlaInfo.ba\",\"url\":\"https:\\\/\\\/tuzlainfo.ba\\\/\",\"logo\":{\"@type\":\"ImageObject\",\"inLanguage\":\"bs-BA\",\"@id\":\"https:\\\/\\\/tuzlainfo.ba\\\/#\\\/schema\\\/logo\\\/image\\\/\",\"url\":\"https:\\\/\\\/tuzlainfo.ba\\\/wp-content\\\/uploads\\\/2021\\\/03\\\/logo-ver-3-1.png\",\"contentUrl\":\"https:\\\/\\\/tuzlainfo.ba\\\/wp-content\\\/uploads\\\/2021\\\/03\\\/logo-ver-3-1.png\",\"width\":350,\"height\":95,\"caption\":\"TuzlaInfo.ba\"},\"image\":{\"@id\":\"https:\\\/\\\/tuzlainfo.ba\\\/#\\\/schema\\\/logo\\\/image\\\/\"},\"sameAs\":[\"https:\\\/\\\/www.facebook.com\\\/tuzlainfo.ba\\\/\"]},{\"@type\":\"Person\",\"@id\":\"https:\\\/\\\/tuzlainfo.ba\\\/#\\\/schema\\\/person\\\/593e78a2f6378c5ba3e7600ecfa4e63a\",\"name\":\"Admin Tri\",\"image\":{\"@type\":\"ImageObject\",\"inLanguage\":\"bs-BA\",\"@id\":\"https:\\\/\\\/secure.gravatar.com\\\/avatar\\\/b53a7f47acc7a09467757d8b2234cc38fa334b13599376e53104c0036b528ca1?s=96&d=mm&r=g\",\"url\":\"https:\\\/\\\/secure.gravatar.com\\\/avatar\\\/b53a7f47acc7a09467757d8b2234cc38fa334b13599376e53104c0036b528ca1?s=96&d=mm&r=g\",\"contentUrl\":\"https:\\\/\\\/secure.gravatar.com\\\/avatar\\\/b53a7f47acc7a09467757d8b2234cc38fa334b13599376e53104c0036b528ca1?s=96&d=mm&r=g\",\"caption\":\"Admin Tri\"},\"sameAs\":[\"https:\\\/\\\/tuzlainfo.ba\"]}]}<\/script>\n<!-- \/ Yoast SEO plugin. -->","yoast_head_json":{"title":"Kada \u0107e pojeftiniti gorivo u BiH?","robots":{"index":"index","follow":"follow","max-snippet":"max-snippet:-1","max-image-preview":"max-image-preview:large","max-video-preview":"max-video-preview:-1"},"canonical":"https:\/\/tuzlainfo.ba\/index.php\/bosna-i-hercegovina\/item\/314736-kada-ce-pojeftiniti-gorivo-u-bih\/","og_locale":"bs_BA","og_type":"article","og_title":"Kada \u0107e pojeftiniti gorivo u BiH?","og_description":"Nakon vi\u0161emjese\u010dnog rasta i velikih oscilacija cijena goriva, jedno od naj\u010de\u0161\u0107ih pitanja me\u0111u voza\u010dima u Bosni i Hercegovini jeste \u2013 kada se kona\u010dno mo\u017ee o\u010dekivati pojeftinjenje? Sude\u0107i prema trenutnim kretanjima na svjetskom tr\u017ei\u0161tu, zna\u010dajniji pad cijena na doma\u0107im benzinskim pumpama ne treba o\u010dekivati u narednim danima. Naprotiv, predstavnici naftnog sektora najavili su da bi dizel [&hellip;]","og_url":"https:\/\/tuzlainfo.ba\/index.php\/bosna-i-hercegovina\/item\/314736-kada-ce-pojeftiniti-gorivo-u-bih\/","og_site_name":"TuzlaInfo.ba","article_publisher":"https:\/\/www.facebook.com\/tuzlainfo.ba\/","article_published_time":"2026-09-05T10:20:44+00:00","og_image":[{"width":1000,"height":602,"url":"https:\/\/tuzlainfo.ba\/wp-content\/uploads\/2024\/08\/gorivo_pumpa_benzinska.jpg","type":"image\/jpeg"}],"author":"Admin Tri","twitter_card":"summary_large_image","twitter_misc":{"Written by":"Admin Tri","Est. reading time":"2 minute"},"schema":{"@context":"https:\/\/schema.org","@graph":[{"@type":"Article","@id":"https:\/\/tuzlainfo.ba\/index.php\/bosna-i-hercegovina\/item\/314736-kada-ce-pojeftiniti-gorivo-u-bih\/#article","isPartOf":{"@id":"https:\/\/tuzlainfo.ba\/index.php\/bosna-i-hercegovina\/item\/314736-kada-ce-pojeftiniti-gorivo-u-bih\/"},"author":{"name":"Admin Tri","@id":"https:\/\/tuzlainfo.ba\/#\/schema\/person\/593e78a2f6378c5ba3e7600ecfa4e63a"},"headline":"Kada \u0107e pojeftiniti gorivo u BiH?","datePublished":"2026-09-05T10:20:44+00:00","mainEntityOfPage":{"@id":"https:\/\/tuzlainfo.ba\/index.php\/bosna-i-hercegovina\/item\/314736-kada-ce-pojeftiniti-gorivo-u-bih\/"},"wordCount":349,"publisher":{"@id":"https:\/\/tuzlainfo.ba\/#organization"},"image":{"@id":"https:\/\/tuzlainfo.ba\/index.php\/bosna-i-hercegovina\/item\/314736-kada-ce-pojeftiniti-gorivo-u-bih\/#primaryimage"},"thumbnailUrl":"https:\/\/tuzlainfo.ba\/wp-content\/uploads\/2024\/08\/gorivo_pumpa_benzinska.jpg","keywords":["cijena","gorivo"],"articleSection":["Bosna i Hercegovina","Istaknuto"],"inLanguage":"bs-BA","copyrightYear":"2026","copyrightHolder":{"@id":"https:\/\/tuzlainfo.ba\/#organization"}},{"@type":"WebPage","@id":"https:\/\/tuzlainfo.ba\/index.php\/bosna-i-hercegovina\/item\/314736-kada-ce-pojeftiniti-gorivo-u-bih\/","url":"https:\/\/tuzlainfo.ba\/index.php\/bosna-i-hercegovina\/item\/314736-kada-ce-pojeftiniti-gorivo-u-bih\/","name":"Kada \u0107e pojeftiniti gorivo u BiH?","isPartOf":{"@id":"https:\/\/tuzlainfo.ba\/#website"},"primaryImageOfPage":{"@id":"https:\/\/tuzlainfo.ba\/index.php\/bosna-i-hercegovina\/item\/314736-kada-ce-pojeftiniti-gorivo-u-bih\/#primaryimage"},"image":{"@id":"https:\/\/tuzlainfo.ba\/index.php\/bosna-i-hercegovina\/item\/314736-kada-ce-pojeftiniti-gorivo-u-bih\/#primaryimage"},"thumbnailUrl":"https:\/\/tuzlainfo.ba\/wp-content\/uploads\/2024\/08\/gorivo_pumpa_benzinska.jpg","datePublished":"2026-09-05T10:20:44+00:00","breadcrumb":{"@id":"https:\/\/tuzlainfo.ba\/index.php\/bosna-i-hercegovina\/item\/314736-kada-ce-pojeftiniti-gorivo-u-bih\/#breadcrumb"},"inLanguage":"bs-BA","potentialAction":[{"@type":"ReadAction","target":["https:\/\/tuzlainfo.ba\/index.php\/bosna-i-hercegovina\/item\/314736-kada-ce-pojeftiniti-gorivo-u-bih\/"]}]},{"@type":"ImageObject","inLanguage":"bs-BA","@id":"https:\/\/tuzlainfo.ba\/index.php\/bosna-i-hercegovina\/item\/314736-kada-ce-pojeftiniti-gorivo-u-bih\/#primaryimage","url":"https:\/\/tuzlainfo.ba\/wp-content\/uploads\/2024\/08\/gorivo_pumpa_benzinska.jpg","contentUrl":"https:\/\/tuzlainfo.ba\/wp-content\/uploads\/2024\/08\/gorivo_pumpa_benzinska.jpg","width":1000,"height":602},{"@type":"BreadcrumbList","@id":"https:\/\/tuzlainfo.ba\/index.php\/bosna-i-hercegovina\/item\/314736-kada-ce-pojeftiniti-gorivo-u-bih\/#breadcrumb","itemListElement":[{"@type":"ListItem","position":1,"name":"Home","item":"https:\/\/tuzlainfo.ba\/"},{"@type":"ListItem","position":2,"name":"Kada \u0107e pojeftiniti gorivo u BiH?"}]},{"@type":"WebSite","@id":"https:\/\/tuzlainfo.ba\/#website","url":"https:\/\/tuzlainfo.ba\/","name":"TuzlaInfo.ba","description":"Tuzla info, gradski informator - Tuzla na dlanu","publisher":{"@id":"https:\/\/tuzlainfo.ba\/#organization"},"potentialAction":[{"@type":"SearchAction","target":{"@type":"EntryPoint","urlTemplate":"https:\/\/tuzlainfo.ba\/?s={search_term_string}"},"query-input":{"@type":"PropertyValueSpecification","valueRequired":true,"valueName":"search_term_string"}}],"inLanguage":"bs-BA"},{"@type":"Organization","@id":"https:\/\/tuzlainfo.ba\/#organization","name":"TuzlaInfo.ba","url":"https:\/\/tuzlainfo.ba\/","logo":{"@type":"ImageObject","inLanguage":"bs-BA","@id":"https:\/\/tuzlainfo.ba\/#\/schema\/logo\/image\/","url":"https:\/\/tuzlainfo.ba\/wp-content\/uploads\/2021\/03\/logo-ver-3-1.png","contentUrl":"https:\/\/tuzlainfo.ba\/wp-content\/uploads\/2021\/03\/logo-ver-3-1.png","width":350,"height":95,"caption":"TuzlaInfo.ba"},"image":{"@id":"https:\/\/tuzlainfo.ba\/#\/schema\/logo\/image\/"},"sameAs":["https:\/\/www.facebook.com\/tuzlainfo.ba\/"]},{"@type":"Person","@id":"https:\/\/tuzlainfo.ba\/#\/schema\/person\/593e78a2f6378c5ba3e7600ecfa4e63a","name":"Admin Tri","image":{"@type":"ImageObject","inLanguage":"bs-BA","@id":"https:\/\/secure.gravatar.com\/avatar\/b53a7f47acc7a09467757d8b2234cc38fa334b13599376e53104c0036b528ca1?s=96&d=mm&r=g","url":"https:\/\/secure.gravatar.com\/avatar\/b53a7f47acc7a09467757d8b2234cc38fa334b13599376e53104c0036b528ca1?s=96&d=mm&r=g","contentUrl":"https:\/\/secure.gravatar.com\/avatar\/b53a7f47acc7a09467757d8b2234cc38fa334b13599376e53104c0036b528ca1?s=96&d=mm&r=g","caption":"Admin Tri"},"sameAs":["https:\/\/tuzlainfo.ba"]}]}},"_links":{"self":[{"href":"https:\/\/tuzlainfo.ba\/index.php\/wp-json\/wp\/v2\/posts\/314736","targetHints":{"allow":["GET"]}}],"collection":[{"href":"https:\/\/tuzlainfo.ba\/index.php\/wp-json\/wp\/v2\/posts"}],"about":[{"href":"https:\/\/tuzlainfo.ba\/index.php\/wp-json\/wp\/v2\/types\/post"}],"author":[{"embeddable":true,"href":"https:\/\/tuzlainfo.ba\/index.php\/wp-json\/wp\/v2\/users\/8"}],"replies":[{"embeddable":true,"href":"https:\/\/tuzlainfo.ba\/index.php\/wp-json\/wp\/v2\/comments?post=314736"}],"version-history":[{"count":1,"href":"https:\/\/tuzlainfo.ba\/index.php\/wp-json\/wp\/v2\/posts\/314736\/revisions"}],"predecessor-version":[{"id":314737,"href":"https:\/\/tuzlainfo.ba\/index.php\/wp-json\/wp\/v2\/posts\/314736\/revisions\/314737"}],"wp:featuredmedia":[{"embeddable":true,"href":"https:\/\/tuzlainfo.ba\/index.php\/wp-json\/wp\/v2\/media\/246819"}],"wp:attachment":[{"href":"https:\/\/tuzlainfo.ba\/index.php\/wp-json\/wp\/v2\/media?parent=314736"}],"wp:term":[{"taxonomy":"category","embeddable":true,"href":"https:\/\/tuzlainfo.ba\/index.php\/wp-json\/wp\/v2\/categories?post=314736"},{"taxonomy":"post_tag","embeddable":true,"href":"https:\/\/tuzlainfo.ba\/index.php\/wp-json\/wp\/v2\/tags?post=314736"}],"curies":[{"name":"wp","href":"https:\/\/api.w.org\/{rel}","templated":true}]}}