{"id":314717,"date":"2026-09-03T08:14:47","date_gmt":"2026-09-03T06:14:47","guid":{"rendered":"https:\/\/tuzlainfo.ba\/?p=314717"},"modified":"2026-09-03T08:14:47","modified_gmt":"2026-09-03T06:14:47","slug":"radoncic-petogodisnja-zabrana-ulaska-u-eu-za-zvanicnike-koji-budu-velicali-ratka-mladica","status":"publish","type":"post","link":"https:\/\/tuzlainfo.ba\/index.php\/bosna-i-hercegovina\/item\/314717-radoncic-petogodisnja-zabrana-ulaska-u-eu-za-zvanicnike-koji-budu-velicali-ratka-mladica\/","title":{"rendered":"Radon\u010di\u0107: Petogodi\u0161nja zabrana ulaska u EU za zvani\u010dnike koji budu veli\u010dali Ratka Mladi\u0107a"},"content":{"rendered":"<p>Predsjednik Saveza za bolju budu\u0107nost (SBB) Fahrudin Radon\u010di\u0107 pozvao je institucije Evropske unije i dr\u017eave \u010dlanice da uvedu petogodi\u0161nju zabranu ulaska zvani\u010dnicima koji bi sahranu Ratka Mladi\u0107a iskoristili za njegovo javno, politi\u010dko ili institucionalno veli\u010danje.<\/p>\n<p>Radon\u010di\u0107 je poru\u010dio da se takva mjera ne bi trebala odnositi na \u010dlanove porodice niti na osobe koje bi ukopu prisustvovale privatno.<\/p>\n<p>\u201ePrivatna ljudska \u017ealost jedno je, a pretvaranje sahrane u dr\u017eavnu ceremoniju slavljenja ratnog zlo\u010dinca ne\u0161to sasvim drugo\u201c, naveo je Radon\u010di\u0107.<\/p>\n<p>Prema njegovom prijedlogu, zabrana ulaska u zemlje Evropske unije trebala bi se odnositi na zvani\u010dnike koji bi sahrani prisustvovali kao predstavnici dr\u017eavnih, entitetskih, gradskih ili drugih javnih institucija, koristili slu\u017ebena vozila ili bud\u017eetski novac, polagali vijence u ime institucija ili u\u010destvovali u organizovanju dr\u017eavnih i vojnih po\u010dasti.<\/p>\n<p>Radon\u010di\u0107 smatra da bi istu sankciju trebalo primijeniti i na zvani\u010dnike koji bi Ratka Mladi\u0107a javno nazivali herojem, za\u0161titnikom ili uzorom, kao i na one koji bi govorima opravdavali ili umanjivali njegove zlo\u010dine, isticali obilje\u017eja kojima se veli\u010da njegov lik ili sahranu koristili za negiranje genocida u Srebrenici i pravosna\u017enih presuda me\u0111unarodnih sudova.<\/p>\n<p>Podsjetio je i na odredbe Krivi\u010dnog zakona Bosne i Hercegovine koje se odnose na veli\u010danje pravosna\u017eno osu\u0111enih ratnih zlo\u010dinaca.<\/p>\n<p>\u201eAko je takvo pona\u0161anje dovoljno ozbiljno da bude krivi\u010dno sankcionisano u BiH, onda mora biti dovoljno ozbiljno i da povu\u010de politi\u010dke posljedice u Evropi\u201c, zaklju\u010dio je Radon\u010di\u0107.<\/p>\n","protected":false},"excerpt":{"rendered":"<p>Predsjednik Saveza za bolju budu\u0107nost (SBB) Fahrudin Radon\u010di\u0107 pozvao je institucije Evropske unije i dr\u017eave \u010dlanice da uvedu petogodi\u0161nju zabranu ulaska zvani\u010dnicima koji bi sahranu Ratka Mladi\u0107a iskoristili za njegovo javno, politi\u010dko ili institucionalno veli\u010danje. Radon\u010di\u0107 je poru\u010dio da se takva mjera ne bi trebala odnositi na \u010dlanove porodice niti na osobe koje bi ukopu [&hellip;]<\/p>\n","protected":false},"author":8,"featured_media":293925,"comment_status":"closed","ping_status":"closed","sticky":false,"template":"","format":"standard","meta":{"footnotes":""},"categories":[291],"tags":[1617,939],"class_list":["post-314717","post","type-post","status-publish","format-standard","has-post-thumbnail","hentry","category-bosna-i-hercegovina","tag-fahrudin-radoncic","tag-ratko-mladic"],"yoast_head":"<!-- This site is optimized with the Yoast SEO plugin v28.4 - https:\/\/yoast.com\/product\/yoast-seo-wordpress\/ -->\n<title>Radon\u010di\u0107: Petogodi\u0161nja zabrana ulaska u EU za zvani\u010dnike koji budu veli\u010dali Ratka Mladi\u0107a<\/title>\n<meta name=\"robots\" content=\"index, follow, max-snippet:-1, max-image-preview:large, max-video-preview:-1\" \/>\n<link rel=\"canonical\" href=\"https:\/\/tuzlainfo.ba\/index.php\/bosna-i-hercegovina\/item\/314717-radoncic-petogodisnja-zabrana-ulaska-u-eu-za-zvanicnike-koji-budu-velicali-ratka-mladica\/\" \/>\n<meta property=\"og:locale\" content=\"bs_BA\" \/>\n<meta property=\"og:type\" content=\"article\" \/>\n<meta property=\"og:title\" content=\"Radon\u010di\u0107: Petogodi\u0161nja zabrana ulaska u EU za zvani\u010dnike koji budu veli\u010dali Ratka Mladi\u0107a\" \/>\n<meta property=\"og:description\" content=\"Predsjednik Saveza za bolju budu\u0107nost (SBB) Fahrudin Radon\u010di\u0107 pozvao je institucije Evropske unije i dr\u017eave \u010dlanice da uvedu petogodi\u0161nju zabranu ulaska zvani\u010dnicima koji bi sahranu Ratka Mladi\u0107a iskoristili za njegovo javno, politi\u010dko ili institucionalno veli\u010danje. Radon\u010di\u0107 je poru\u010dio da se takva mjera ne bi trebala odnositi na \u010dlanove porodice niti na osobe koje bi ukopu [&hellip;]\" \/>\n<meta property=\"og:url\" content=\"https:\/\/tuzlainfo.ba\/index.php\/bosna-i-hercegovina\/item\/314717-radoncic-petogodisnja-zabrana-ulaska-u-eu-za-zvanicnike-koji-budu-velicali-ratka-mladica\/\" \/>\n<meta property=\"og:site_name\" content=\"TuzlaInfo.ba\" \/>\n<meta property=\"article:publisher\" content=\"https:\/\/www.facebook.com\/tuzlainfo.ba\/\" \/>\n<meta property=\"article:published_time\" content=\"2026-09-03T06:14:47+00:00\" \/>\n<meta property=\"og:image\" content=\"https:\/\/tuzlainfo.ba\/wp-content\/uploads\/2026\/02\/0702_radoncic_sbb.jpg\" \/>\n\t<meta property=\"og:image:width\" content=\"1000\" \/>\n\t<meta property=\"og:image:height\" content=\"666\" \/>\n\t<meta property=\"og:image:type\" content=\"image\/jpeg\" \/>\n<meta name=\"author\" content=\"Admin Tri\" \/>\n<meta name=\"twitter:card\" content=\"summary_large_image\" \/>\n<meta name=\"twitter:label1\" content=\"Written by\" \/>\n\t<meta name=\"twitter:data1\" content=\"Admin Tri\" \/>\n\t<meta name=\"twitter:label2\" content=\"Est. reading time\" \/>\n\t<meta name=\"twitter:data2\" content=\"1 minuta\" \/>\n<script type=\"application\/ld+json\" class=\"yoast-schema-graph\">{\"@context\":\"https:\\\/\\\/schema.org\",\"@graph\":[{\"@type\":\"Article\",\"@id\":\"https:\\\/\\\/tuzlainfo.ba\\\/index.php\\\/bosna-i-hercegovina\\\/item\\\/314717-radoncic-petogodisnja-zabrana-ulaska-u-eu-za-zvanicnike-koji-budu-velicali-ratka-mladica\\\/#article\",\"isPartOf\":{\"@id\":\"https:\\\/\\\/tuzlainfo.ba\\\/index.php\\\/bosna-i-hercegovina\\\/item\\\/314717-radoncic-petogodisnja-zabrana-ulaska-u-eu-za-zvanicnike-koji-budu-velicali-ratka-mladica\\\/\"},\"author\":{\"name\":\"Admin Tri\",\"@id\":\"https:\\\/\\\/tuzlainfo.ba\\\/#\\\/schema\\\/person\\\/593e78a2f6378c5ba3e7600ecfa4e63a\"},\"headline\":\"Radon\u010di\u0107: Petogodi\u0161nja zabrana ulaska u EU za zvani\u010dnike koji budu veli\u010dali Ratka Mladi\u0107a\",\"datePublished\":\"2026-09-03T06:14:47+00:00\",\"mainEntityOfPage\":{\"@id\":\"https:\\\/\\\/tuzlainfo.ba\\\/index.php\\\/bosna-i-hercegovina\\\/item\\\/314717-radoncic-petogodisnja-zabrana-ulaska-u-eu-za-zvanicnike-koji-budu-velicali-ratka-mladica\\\/\"},\"wordCount\":282,\"publisher\":{\"@id\":\"https:\\\/\\\/tuzlainfo.ba\\\/#organization\"},\"image\":{\"@id\":\"https:\\\/\\\/tuzlainfo.ba\\\/index.php\\\/bosna-i-hercegovina\\\/item\\\/314717-radoncic-petogodisnja-zabrana-ulaska-u-eu-za-zvanicnike-koji-budu-velicali-ratka-mladica\\\/#primaryimage\"},\"thumbnailUrl\":\"https:\\\/\\\/tuzlainfo.ba\\\/wp-content\\\/uploads\\\/2026\\\/02\\\/0702_radoncic_sbb.jpg\",\"keywords\":[\"fahrudin radon\u010di\u0107\",\"ratko mladi\u0107\"],\"articleSection\":[\"Bosna i Hercegovina\"],\"inLanguage\":\"bs-BA\",\"copyrightYear\":\"2026\",\"copyrightHolder\":{\"@id\":\"https:\\\/\\\/tuzlainfo.ba\\\/#organization\"}},{\"@type\":\"WebPage\",\"@id\":\"https:\\\/\\\/tuzlainfo.ba\\\/index.php\\\/bosna-i-hercegovina\\\/item\\\/314717-radoncic-petogodisnja-zabrana-ulaska-u-eu-za-zvanicnike-koji-budu-velicali-ratka-mladica\\\/\",\"url\":\"https:\\\/\\\/tuzlainfo.ba\\\/index.php\\\/bosna-i-hercegovina\\\/item\\\/314717-radoncic-petogodisnja-zabrana-ulaska-u-eu-za-zvanicnike-koji-budu-velicali-ratka-mladica\\\/\",\"name\":\"Radon\u010di\u0107: Petogodi\u0161nja zabrana ulaska u EU za zvani\u010dnike koji budu veli\u010dali Ratka Mladi\u0107a\",\"isPartOf\":{\"@id\":\"https:\\\/\\\/tuzlainfo.ba\\\/#website\"},\"primaryImageOfPage\":{\"@id\":\"https:\\\/\\\/tuzlainfo.ba\\\/index.php\\\/bosna-i-hercegovina\\\/item\\\/314717-radoncic-petogodisnja-zabrana-ulaska-u-eu-za-zvanicnike-koji-budu-velicali-ratka-mladica\\\/#primaryimage\"},\"image\":{\"@id\":\"https:\\\/\\\/tuzlainfo.ba\\\/index.php\\\/bosna-i-hercegovina\\\/item\\\/314717-radoncic-petogodisnja-zabrana-ulaska-u-eu-za-zvanicnike-koji-budu-velicali-ratka-mladica\\\/#primaryimage\"},\"thumbnailUrl\":\"https:\\\/\\\/tuzlainfo.ba\\\/wp-content\\\/uploads\\\/2026\\\/02\\\/0702_radoncic_sbb.jpg\",\"datePublished\":\"2026-09-03T06:14:47+00:00\",\"breadcrumb\":{\"@id\":\"https:\\\/\\\/tuzlainfo.ba\\\/index.php\\\/bosna-i-hercegovina\\\/item\\\/314717-radoncic-petogodisnja-zabrana-ulaska-u-eu-za-zvanicnike-koji-budu-velicali-ratka-mladica\\\/#breadcrumb\"},\"inLanguage\":\"bs-BA\",\"potentialAction\":[{\"@type\":\"ReadAction\",\"target\":[\"https:\\\/\\\/tuzlainfo.ba\\\/index.php\\\/bosna-i-hercegovina\\\/item\\\/314717-radoncic-petogodisnja-zabrana-ulaska-u-eu-za-zvanicnike-koji-budu-velicali-ratka-mladica\\\/\"]}]},{\"@type\":\"ImageObject\",\"inLanguage\":\"bs-BA\",\"@id\":\"https:\\\/\\\/tuzlainfo.ba\\\/index.php\\\/bosna-i-hercegovina\\\/item\\\/314717-radoncic-petogodisnja-zabrana-ulaska-u-eu-za-zvanicnike-koji-budu-velicali-ratka-mladica\\\/#primaryimage\",\"url\":\"https:\\\/\\\/tuzlainfo.ba\\\/wp-content\\\/uploads\\\/2026\\\/02\\\/0702_radoncic_sbb.jpg\",\"contentUrl\":\"https:\\\/\\\/tuzlainfo.ba\\\/wp-content\\\/uploads\\\/2026\\\/02\\\/0702_radoncic_sbb.jpg\",\"width\":1000,\"height\":666},{\"@type\":\"BreadcrumbList\",\"@id\":\"https:\\\/\\\/tuzlainfo.ba\\\/index.php\\\/bosna-i-hercegovina\\\/item\\\/314717-radoncic-petogodisnja-zabrana-ulaska-u-eu-za-zvanicnike-koji-budu-velicali-ratka-mladica\\\/#breadcrumb\",\"itemListElement\":[{\"@type\":\"ListItem\",\"position\":1,\"name\":\"Home\",\"item\":\"https:\\\/\\\/tuzlainfo.ba\\\/\"},{\"@type\":\"ListItem\",\"position\":2,\"name\":\"Radon\u010di\u0107: Petogodi\u0161nja zabrana ulaska u EU za zvani\u010dnike koji budu veli\u010dali Ratka Mladi\u0107a\"}]},{\"@type\":\"WebSite\",\"@id\":\"https:\\\/\\\/tuzlainfo.ba\\\/#website\",\"url\":\"https:\\\/\\\/tuzlainfo.ba\\\/\",\"name\":\"TuzlaInfo.ba\",\"description\":\"Tuzla info, gradski informator - Tuzla na dlanu\",\"publisher\":{\"@id\":\"https:\\\/\\\/tuzlainfo.ba\\\/#organization\"},\"potentialAction\":[{\"@type\":\"SearchAction\",\"target\":{\"@type\":\"EntryPoint\",\"urlTemplate\":\"https:\\\/\\\/tuzlainfo.ba\\\/?s={search_term_string}\"},\"query-input\":{\"@type\":\"PropertyValueSpecification\",\"valueRequired\":true,\"valueName\":\"search_term_string\"}}],\"inLanguage\":\"bs-BA\"},{\"@type\":\"Organization\",\"@id\":\"https:\\\/\\\/tuzlainfo.ba\\\/#organization\",\"name\":\"TuzlaInfo.ba\",\"url\":\"https:\\\/\\\/tuzlainfo.ba\\\/\",\"logo\":{\"@type\":\"ImageObject\",\"inLanguage\":\"bs-BA\",\"@id\":\"https:\\\/\\\/tuzlainfo.ba\\\/#\\\/schema\\\/logo\\\/image\\\/\",\"url\":\"https:\\\/\\\/tuzlainfo.ba\\\/wp-content\\\/uploads\\\/2021\\\/03\\\/logo-ver-3-1.png\",\"contentUrl\":\"https:\\\/\\\/tuzlainfo.ba\\\/wp-content\\\/uploads\\\/2021\\\/03\\\/logo-ver-3-1.png\",\"width\":350,\"height\":95,\"caption\":\"TuzlaInfo.ba\"},\"image\":{\"@id\":\"https:\\\/\\\/tuzlainfo.ba\\\/#\\\/schema\\\/logo\\\/image\\\/\"},\"sameAs\":[\"https:\\\/\\\/www.facebook.com\\\/tuzlainfo.ba\\\/\"]},{\"@type\":\"Person\",\"@id\":\"https:\\\/\\\/tuzlainfo.ba\\\/#\\\/schema\\\/person\\\/593e78a2f6378c5ba3e7600ecfa4e63a\",\"name\":\"Admin Tri\",\"image\":{\"@type\":\"ImageObject\",\"inLanguage\":\"bs-BA\",\"@id\":\"https:\\\/\\\/secure.gravatar.com\\\/avatar\\\/b53a7f47acc7a09467757d8b2234cc38fa334b13599376e53104c0036b528ca1?s=96&d=mm&r=g\",\"url\":\"https:\\\/\\\/secure.gravatar.com\\\/avatar\\\/b53a7f47acc7a09467757d8b2234cc38fa334b13599376e53104c0036b528ca1?s=96&d=mm&r=g\",\"contentUrl\":\"https:\\\/\\\/secure.gravatar.com\\\/avatar\\\/b53a7f47acc7a09467757d8b2234cc38fa334b13599376e53104c0036b528ca1?s=96&d=mm&r=g\",\"caption\":\"Admin Tri\"},\"sameAs\":[\"https:\\\/\\\/tuzlainfo.ba\"]}]}<\/script>\n<!-- \/ Yoast SEO plugin. -->","yoast_head_json":{"title":"Radon\u010di\u0107: Petogodi\u0161nja zabrana ulaska u EU za zvani\u010dnike koji budu veli\u010dali Ratka Mladi\u0107a","robots":{"index":"index","follow":"follow","max-snippet":"max-snippet:-1","max-image-preview":"max-image-preview:large","max-video-preview":"max-video-preview:-1"},"canonical":"https:\/\/tuzlainfo.ba\/index.php\/bosna-i-hercegovina\/item\/314717-radoncic-petogodisnja-zabrana-ulaska-u-eu-za-zvanicnike-koji-budu-velicali-ratka-mladica\/","og_locale":"bs_BA","og_type":"article","og_title":"Radon\u010di\u0107: Petogodi\u0161nja zabrana ulaska u EU za zvani\u010dnike koji budu veli\u010dali Ratka Mladi\u0107a","og_description":"Predsjednik Saveza za bolju budu\u0107nost (SBB) Fahrudin Radon\u010di\u0107 pozvao je institucije Evropske unije i dr\u017eave \u010dlanice da uvedu petogodi\u0161nju zabranu ulaska zvani\u010dnicima koji bi sahranu Ratka Mladi\u0107a iskoristili za njegovo javno, politi\u010dko ili institucionalno veli\u010danje. Radon\u010di\u0107 je poru\u010dio da se takva mjera ne bi trebala odnositi na \u010dlanove porodice niti na osobe koje bi ukopu [&hellip;]","og_url":"https:\/\/tuzlainfo.ba\/index.php\/bosna-i-hercegovina\/item\/314717-radoncic-petogodisnja-zabrana-ulaska-u-eu-za-zvanicnike-koji-budu-velicali-ratka-mladica\/","og_site_name":"TuzlaInfo.ba","article_publisher":"https:\/\/www.facebook.com\/tuzlainfo.ba\/","article_published_time":"2026-09-03T06:14:47+00:00","og_image":[{"width":1000,"height":666,"url":"https:\/\/tuzlainfo.ba\/wp-content\/uploads\/2026\/02\/0702_radoncic_sbb.jpg","type":"image\/jpeg"}],"author":"Admin Tri","twitter_card":"summary_large_image","twitter_misc":{"Written by":"Admin Tri","Est. reading time":"1 minuta"},"schema":{"@context":"https:\/\/schema.org","@graph":[{"@type":"Article","@id":"https:\/\/tuzlainfo.ba\/index.php\/bosna-i-hercegovina\/item\/314717-radoncic-petogodisnja-zabrana-ulaska-u-eu-za-zvanicnike-koji-budu-velicali-ratka-mladica\/#article","isPartOf":{"@id":"https:\/\/tuzlainfo.ba\/index.php\/bosna-i-hercegovina\/item\/314717-radoncic-petogodisnja-zabrana-ulaska-u-eu-za-zvanicnike-koji-budu-velicali-ratka-mladica\/"},"author":{"name":"Admin Tri","@id":"https:\/\/tuzlainfo.ba\/#\/schema\/person\/593e78a2f6378c5ba3e7600ecfa4e63a"},"headline":"Radon\u010di\u0107: Petogodi\u0161nja zabrana ulaska u EU za zvani\u010dnike koji budu veli\u010dali Ratka Mladi\u0107a","datePublished":"2026-09-03T06:14:47+00:00","mainEntityOfPage":{"@id":"https:\/\/tuzlainfo.ba\/index.php\/bosna-i-hercegovina\/item\/314717-radoncic-petogodisnja-zabrana-ulaska-u-eu-za-zvanicnike-koji-budu-velicali-ratka-mladica\/"},"wordCount":282,"publisher":{"@id":"https:\/\/tuzlainfo.ba\/#organization"},"image":{"@id":"https:\/\/tuzlainfo.ba\/index.php\/bosna-i-hercegovina\/item\/314717-radoncic-petogodisnja-zabrana-ulaska-u-eu-za-zvanicnike-koji-budu-velicali-ratka-mladica\/#primaryimage"},"thumbnailUrl":"https:\/\/tuzlainfo.ba\/wp-content\/uploads\/2026\/02\/0702_radoncic_sbb.jpg","keywords":["fahrudin radon\u010di\u0107","ratko mladi\u0107"],"articleSection":["Bosna i Hercegovina"],"inLanguage":"bs-BA","copyrightYear":"2026","copyrightHolder":{"@id":"https:\/\/tuzlainfo.ba\/#organization"}},{"@type":"WebPage","@id":"https:\/\/tuzlainfo.ba\/index.php\/bosna-i-hercegovina\/item\/314717-radoncic-petogodisnja-zabrana-ulaska-u-eu-za-zvanicnike-koji-budu-velicali-ratka-mladica\/","url":"https:\/\/tuzlainfo.ba\/index.php\/bosna-i-hercegovina\/item\/314717-radoncic-petogodisnja-zabrana-ulaska-u-eu-za-zvanicnike-koji-budu-velicali-ratka-mladica\/","name":"Radon\u010di\u0107: Petogodi\u0161nja zabrana ulaska u EU za zvani\u010dnike koji budu veli\u010dali Ratka Mladi\u0107a","isPartOf":{"@id":"https:\/\/tuzlainfo.ba\/#website"},"primaryImageOfPage":{"@id":"https:\/\/tuzlainfo.ba\/index.php\/bosna-i-hercegovina\/item\/314717-radoncic-petogodisnja-zabrana-ulaska-u-eu-za-zvanicnike-koji-budu-velicali-ratka-mladica\/#primaryimage"},"image":{"@id":"https:\/\/tuzlainfo.ba\/index.php\/bosna-i-hercegovina\/item\/314717-radoncic-petogodisnja-zabrana-ulaska-u-eu-za-zvanicnike-koji-budu-velicali-ratka-mladica\/#primaryimage"},"thumbnailUrl":"https:\/\/tuzlainfo.ba\/wp-content\/uploads\/2026\/02\/0702_radoncic_sbb.jpg","datePublished":"2026-09-03T06:14:47+00:00","breadcrumb":{"@id":"https:\/\/tuzlainfo.ba\/index.php\/bosna-i-hercegovina\/item\/314717-radoncic-petogodisnja-zabrana-ulaska-u-eu-za-zvanicnike-koji-budu-velicali-ratka-mladica\/#breadcrumb"},"inLanguage":"bs-BA","potentialAction":[{"@type":"ReadAction","target":["https:\/\/tuzlainfo.ba\/index.php\/bosna-i-hercegovina\/item\/314717-radoncic-petogodisnja-zabrana-ulaska-u-eu-za-zvanicnike-koji-budu-velicali-ratka-mladica\/"]}]},{"@type":"ImageObject","inLanguage":"bs-BA","@id":"https:\/\/tuzlainfo.ba\/index.php\/bosna-i-hercegovina\/item\/314717-radoncic-petogodisnja-zabrana-ulaska-u-eu-za-zvanicnike-koji-budu-velicali-ratka-mladica\/#primaryimage","url":"https:\/\/tuzlainfo.ba\/wp-content\/uploads\/2026\/02\/0702_radoncic_sbb.jpg","contentUrl":"https:\/\/tuzlainfo.ba\/wp-content\/uploads\/2026\/02\/0702_radoncic_sbb.jpg","width":1000,"height":666},{"@type":"BreadcrumbList","@id":"https:\/\/tuzlainfo.ba\/index.php\/bosna-i-hercegovina\/item\/314717-radoncic-petogodisnja-zabrana-ulaska-u-eu-za-zvanicnike-koji-budu-velicali-ratka-mladica\/#breadcrumb","itemListElement":[{"@type":"ListItem","position":1,"name":"Home","item":"https:\/\/tuzlainfo.ba\/"},{"@type":"ListItem","position":2,"name":"Radon\u010di\u0107: Petogodi\u0161nja zabrana ulaska u EU za zvani\u010dnike koji budu veli\u010dali Ratka Mladi\u0107a"}]},{"@type":"WebSite","@id":"https:\/\/tuzlainfo.ba\/#website","url":"https:\/\/tuzlainfo.ba\/","name":"TuzlaInfo.ba","description":"Tuzla info, gradski informator - Tuzla na dlanu","publisher":{"@id":"https:\/\/tuzlainfo.ba\/#organization"},"potentialAction":[{"@type":"SearchAction","target":{"@type":"EntryPoint","urlTemplate":"https:\/\/tuzlainfo.ba\/?s={search_term_string}"},"query-input":{"@type":"PropertyValueSpecification","valueRequired":true,"valueName":"search_term_string"}}],"inLanguage":"bs-BA"},{"@type":"Organization","@id":"https:\/\/tuzlainfo.ba\/#organization","name":"TuzlaInfo.ba","url":"https:\/\/tuzlainfo.ba\/","logo":{"@type":"ImageObject","inLanguage":"bs-BA","@id":"https:\/\/tuzlainfo.ba\/#\/schema\/logo\/image\/","url":"https:\/\/tuzlainfo.ba\/wp-content\/uploads\/2021\/03\/logo-ver-3-1.png","contentUrl":"https:\/\/tuzlainfo.ba\/wp-content\/uploads\/2021\/03\/logo-ver-3-1.png","width":350,"height":95,"caption":"TuzlaInfo.ba"},"image":{"@id":"https:\/\/tuzlainfo.ba\/#\/schema\/logo\/image\/"},"sameAs":["https:\/\/www.facebook.com\/tuzlainfo.ba\/"]},{"@type":"Person","@id":"https:\/\/tuzlainfo.ba\/#\/schema\/person\/593e78a2f6378c5ba3e7600ecfa4e63a","name":"Admin Tri","image":{"@type":"ImageObject","inLanguage":"bs-BA","@id":"https:\/\/secure.gravatar.com\/avatar\/b53a7f47acc7a09467757d8b2234cc38fa334b13599376e53104c0036b528ca1?s=96&d=mm&r=g","url":"https:\/\/secure.gravatar.com\/avatar\/b53a7f47acc7a09467757d8b2234cc38fa334b13599376e53104c0036b528ca1?s=96&d=mm&r=g","contentUrl":"https:\/\/secure.gravatar.com\/avatar\/b53a7f47acc7a09467757d8b2234cc38fa334b13599376e53104c0036b528ca1?s=96&d=mm&r=g","caption":"Admin Tri"},"sameAs":["https:\/\/tuzlainfo.ba"]}]}},"_links":{"self":[{"href":"https:\/\/tuzlainfo.ba\/index.php\/wp-json\/wp\/v2\/posts\/314717","targetHints":{"allow":["GET"]}}],"collection":[{"href":"https:\/\/tuzlainfo.ba\/index.php\/wp-json\/wp\/v2\/posts"}],"about":[{"href":"https:\/\/tuzlainfo.ba\/index.php\/wp-json\/wp\/v2\/types\/post"}],"author":[{"embeddable":true,"href":"https:\/\/tuzlainfo.ba\/index.php\/wp-json\/wp\/v2\/users\/8"}],"replies":[{"embeddable":true,"href":"https:\/\/tuzlainfo.ba\/index.php\/wp-json\/wp\/v2\/comments?post=314717"}],"version-history":[{"count":1,"href":"https:\/\/tuzlainfo.ba\/index.php\/wp-json\/wp\/v2\/posts\/314717\/revisions"}],"predecessor-version":[{"id":314718,"href":"https:\/\/tuzlainfo.ba\/index.php\/wp-json\/wp\/v2\/posts\/314717\/revisions\/314718"}],"wp:featuredmedia":[{"embeddable":true,"href":"https:\/\/tuzlainfo.ba\/index.php\/wp-json\/wp\/v2\/media\/293925"}],"wp:attachment":[{"href":"https:\/\/tuzlainfo.ba\/index.php\/wp-json\/wp\/v2\/media?parent=314717"}],"wp:term":[{"taxonomy":"category","embeddable":true,"href":"https:\/\/tuzlainfo.ba\/index.php\/wp-json\/wp\/v2\/categories?post=314717"},{"taxonomy":"post_tag","embeddable":true,"href":"https:\/\/tuzlainfo.ba\/index.php\/wp-json\/wp\/v2\/tags?post=314717"}],"curies":[{"name":"wp","href":"https:\/\/api.w.org\/{rel}","templated":true}]}}