{"id":314712,"date":"2026-09-03T11:30:54","date_gmt":"2026-09-03T09:30:54","guid":{"rendered":"https:\/\/tuzlainfo.ba\/?p=314712"},"modified":"2026-09-03T11:20:31","modified_gmt":"2026-09-03T09:20:31","slug":"evo-sta-lidl-nudi-radnicima-hoce-li-domaci-trgovci-morati-poboljsati-uslove-rada","status":"publish","type":"post","link":"https:\/\/tuzlainfo.ba\/index.php\/bosna-i-hercegovina\/item\/314712-evo-sta-lidl-nudi-radnicima-hoce-li-domaci-trgovci-morati-poboljsati-uslove-rada\/","title":{"rendered":"Evo \u0161ta Lidl nudi radnicima: Ho\u0107e li doma\u0107i trgovci morati pobolj\u0161ati uslove rada?"},"content":{"rendered":"<p class=\"PDq2pG_selectionAnchorContainer\" data-start=\"88\" data-end=\"378\">Dolazak Lidla u Bosnu i Hercegovinu mogao bi zna\u010dajno promijeniti doma\u0107e tr\u017ei\u0161te rada u sektoru trgovine. Njema\u010dki trgova\u010dki lanac trenutno tra\u017ei \u010dak 1.131 prodava\u010da u 21 gradu i op\u0107ini \u0161irom BiH, a ovom temom detaljno se bavio poslovni portal <a href=\"https:\/\/www.akta.ba\/vijesti\/bih\/207803\/pocinje-borba-za-radnike-sta-lidl-nudi-prodavacima-a-sta-domaci-trgovci\"><strong>Akta.ba<\/strong><\/a>.<\/p>\n<p data-start=\"380\" data-end=\"680\">Lidl budu\u0107im zaposlenicima, izme\u0111u ostalog, nudi ugovor na neodre\u0111eno vrijeme od prvog dana, dva slobodna dana sedmi\u010dno, pla\u0107en svaki minut rada, novogodi\u0161nji bonus, regres i pro\u0161ireni sistematski pregled. Prethodno iskustvo je po\u017eeljno, ali nije uslov, dok je za nove zaposlenike predvi\u0111ena i obuka.<\/p>\n<p data-start=\"682\" data-end=\"973\">Kako navodi Akta.ba, ovako veliki broj novih radnih mjesta mogao bi dodatno zao\u0161triti borbu za radnike u sektoru koji se ve\u0107 suo\u010dava s nedostatkom zaposlenih. Doma\u0107i trgova\u010dki lanci zbog toga bi se mogli na\u0107i pred dodatnim pritiskom da pobolj\u0161avaju uslove kako bi zadr\u017eali postoje\u0107e radnike.<\/p>\n<p data-start=\"975\" data-end=\"1383\">Pore\u0111enje koje je napravio poslovni portal pokazuje da i doma\u0107i trgovci ve\u0107 nude razli\u010dite pogodnosti. Bingo isti\u010de dodatne isplate, edukacije i zdravstvene programe, dok su u Tropic i mojMarket trgovinama dva slobodna dana sedmi\u010dno postala standard. \u0110uri\u0107, s druge strane, u oglasima nagla\u0161ava planiranje smjena, razumijevanje za porodi\u010dni \u017eivot i sigurnost zaposlenja.<\/p>\n<p data-start=\"1385\" data-end=\"1630\">Zanimljivo je da Lidl, kao ni ve\u0107ina doma\u0107ih konkurenata, u aktuelnim oglasima ne objavljuje konkretan iznos plate. Ipak, javno isticanje uslova rada pokazuje da se konkurencija me\u0111u trgovcima vi\u0161e ne\u0107e voditi samo oko cijena, lokacija i kupaca.<\/p>\n<p data-start=\"1632\" data-end=\"2010\">S obzirom na to da Lidl tra\u017ei vi\u0161e od hiljadu ljudi na tr\u017ei\u0161tu na kojem ve\u0107 postoji nedostatak prodava\u010da, dio novih zaposlenika mogao bi do\u0107i upravo iz postoje\u0107ih trgova\u010dkih lanaca. Zbog toga Akta.ba zaklju\u010duje da bi se prvi ozbiljan efekat dolaska Lidla mogao osjetiti i prije otvaranja prodavnica \u2013 kroz sve intenzivniju borbu za radnike.<\/p>\n","protected":false},"excerpt":{"rendered":"<p>Dolazak Lidla u Bosnu i Hercegovinu mogao bi zna\u010dajno promijeniti doma\u0107e tr\u017ei\u0161te rada u sektoru trgovine. Njema\u010dki trgova\u010dki lanac trenutno tra\u017ei \u010dak 1.131 prodava\u010da u 21 gradu i op\u0107ini \u0161irom BiH, a ovom temom detaljno se bavio poslovni portal Akta.ba. Lidl budu\u0107im zaposlenicima, izme\u0111u ostalog, nudi ugovor na neodre\u0111eno vrijeme od prvog dana, dva slobodna [&hellip;]<\/p>\n","protected":false},"author":2,"featured_media":223939,"comment_status":"closed","ping_status":"closed","sticky":false,"template":"","format":"standard","meta":{"footnotes":""},"categories":[291,304],"tags":[1572],"class_list":["post-314712","post","type-post","status-publish","format-standard","has-post-thumbnail","hentry","category-bosna-i-hercegovina","category-istaknuto","tag-lidl"],"yoast_head":"<!-- This site is optimized with the Yoast SEO plugin v28.4 - https:\/\/yoast.com\/product\/yoast-seo-wordpress\/ -->\n<title>Evo \u0161ta Lidl nudi radnicima: Ho\u0107e li doma\u0107i trgovci morati pobolj\u0161ati uslove rada?<\/title>\n<meta name=\"robots\" content=\"index, follow, max-snippet:-1, max-image-preview:large, max-video-preview:-1\" \/>\n<link rel=\"canonical\" href=\"https:\/\/tuzlainfo.ba\/index.php\/bosna-i-hercegovina\/item\/314712-evo-sta-lidl-nudi-radnicima-hoce-li-domaci-trgovci-morati-poboljsati-uslove-rada\/\" \/>\n<meta property=\"og:locale\" content=\"bs_BA\" \/>\n<meta property=\"og:type\" content=\"article\" \/>\n<meta property=\"og:title\" content=\"Evo \u0161ta Lidl nudi radnicima: Ho\u0107e li doma\u0107i trgovci morati pobolj\u0161ati uslove rada?\" \/>\n<meta property=\"og:description\" content=\"Dolazak Lidla u Bosnu i Hercegovinu mogao bi zna\u010dajno promijeniti doma\u0107e tr\u017ei\u0161te rada u sektoru trgovine. Njema\u010dki trgova\u010dki lanac trenutno tra\u017ei \u010dak 1.131 prodava\u010da u 21 gradu i op\u0107ini \u0161irom BiH, a ovom temom detaljno se bavio poslovni portal Akta.ba. Lidl budu\u0107im zaposlenicima, izme\u0111u ostalog, nudi ugovor na neodre\u0111eno vrijeme od prvog dana, dva slobodna [&hellip;]\" \/>\n<meta property=\"og:url\" content=\"https:\/\/tuzlainfo.ba\/index.php\/bosna-i-hercegovina\/item\/314712-evo-sta-lidl-nudi-radnicima-hoce-li-domaci-trgovci-morati-poboljsati-uslove-rada\/\" \/>\n<meta property=\"og:site_name\" content=\"TuzlaInfo.ba\" \/>\n<meta property=\"article:publisher\" content=\"https:\/\/www.facebook.com\/tuzlainfo.ba\/\" \/>\n<meta property=\"article:published_time\" content=\"2026-09-03T09:30:54+00:00\" \/>\n<meta property=\"og:image\" content=\"https:\/\/tuzlainfo.ba\/wp-content\/uploads\/2023\/11\/2911_prodavnica-cijene-hrana-market-supermarket-trgovina.jpg\" \/>\n\t<meta property=\"og:image:width\" content=\"871\" \/>\n\t<meta property=\"og:image:height\" content=\"540\" \/>\n\t<meta property=\"og:image:type\" content=\"image\/jpeg\" \/>\n<meta name=\"author\" content=\"nedim\" \/>\n<meta name=\"twitter:card\" content=\"summary_large_image\" \/>\n<meta name=\"twitter:label1\" content=\"Written by\" \/>\n\t<meta name=\"twitter:data1\" content=\"nedim\" \/>\n\t<meta name=\"twitter:label2\" content=\"Est. reading time\" \/>\n\t<meta name=\"twitter:data2\" content=\"2 minute\" \/>\n<script type=\"application\/ld+json\" class=\"yoast-schema-graph\">{\"@context\":\"https:\\\/\\\/schema.org\",\"@graph\":[{\"@type\":\"Article\",\"@id\":\"https:\\\/\\\/tuzlainfo.ba\\\/index.php\\\/bosna-i-hercegovina\\\/item\\\/314712-evo-sta-lidl-nudi-radnicima-hoce-li-domaci-trgovci-morati-poboljsati-uslove-rada\\\/#article\",\"isPartOf\":{\"@id\":\"https:\\\/\\\/tuzlainfo.ba\\\/index.php\\\/bosna-i-hercegovina\\\/item\\\/314712-evo-sta-lidl-nudi-radnicima-hoce-li-domaci-trgovci-morati-poboljsati-uslove-rada\\\/\"},\"author\":{\"name\":\"nedim\",\"@id\":\"https:\\\/\\\/tuzlainfo.ba\\\/#\\\/schema\\\/person\\\/f434e20dc27ea133923aab08451b7f7f\"},\"headline\":\"Evo \u0161ta Lidl nudi radnicima: Ho\u0107e li doma\u0107i trgovci morati pobolj\u0161ati uslove rada?\",\"datePublished\":\"2026-09-03T09:30:54+00:00\",\"mainEntityOfPage\":{\"@id\":\"https:\\\/\\\/tuzlainfo.ba\\\/index.php\\\/bosna-i-hercegovina\\\/item\\\/314712-evo-sta-lidl-nudi-radnicima-hoce-li-domaci-trgovci-morati-poboljsati-uslove-rada\\\/\"},\"wordCount\":335,\"publisher\":{\"@id\":\"https:\\\/\\\/tuzlainfo.ba\\\/#organization\"},\"image\":{\"@id\":\"https:\\\/\\\/tuzlainfo.ba\\\/index.php\\\/bosna-i-hercegovina\\\/item\\\/314712-evo-sta-lidl-nudi-radnicima-hoce-li-domaci-trgovci-morati-poboljsati-uslove-rada\\\/#primaryimage\"},\"thumbnailUrl\":\"https:\\\/\\\/tuzlainfo.ba\\\/wp-content\\\/uploads\\\/2023\\\/11\\\/2911_prodavnica-cijene-hrana-market-supermarket-trgovina.jpg\",\"keywords\":[\"LIDL\"],\"articleSection\":[\"Bosna i Hercegovina\",\"Istaknuto\"],\"inLanguage\":\"bs-BA\",\"copyrightYear\":\"2026\",\"copyrightHolder\":{\"@id\":\"https:\\\/\\\/tuzlainfo.ba\\\/#organization\"}},{\"@type\":\"WebPage\",\"@id\":\"https:\\\/\\\/tuzlainfo.ba\\\/index.php\\\/bosna-i-hercegovina\\\/item\\\/314712-evo-sta-lidl-nudi-radnicima-hoce-li-domaci-trgovci-morati-poboljsati-uslove-rada\\\/\",\"url\":\"https:\\\/\\\/tuzlainfo.ba\\\/index.php\\\/bosna-i-hercegovina\\\/item\\\/314712-evo-sta-lidl-nudi-radnicima-hoce-li-domaci-trgovci-morati-poboljsati-uslove-rada\\\/\",\"name\":\"Evo \u0161ta Lidl nudi radnicima: Ho\u0107e li doma\u0107i trgovci morati pobolj\u0161ati uslove rada?\",\"isPartOf\":{\"@id\":\"https:\\\/\\\/tuzlainfo.ba\\\/#website\"},\"primaryImageOfPage\":{\"@id\":\"https:\\\/\\\/tuzlainfo.ba\\\/index.php\\\/bosna-i-hercegovina\\\/item\\\/314712-evo-sta-lidl-nudi-radnicima-hoce-li-domaci-trgovci-morati-poboljsati-uslove-rada\\\/#primaryimage\"},\"image\":{\"@id\":\"https:\\\/\\\/tuzlainfo.ba\\\/index.php\\\/bosna-i-hercegovina\\\/item\\\/314712-evo-sta-lidl-nudi-radnicima-hoce-li-domaci-trgovci-morati-poboljsati-uslove-rada\\\/#primaryimage\"},\"thumbnailUrl\":\"https:\\\/\\\/tuzlainfo.ba\\\/wp-content\\\/uploads\\\/2023\\\/11\\\/2911_prodavnica-cijene-hrana-market-supermarket-trgovina.jpg\",\"datePublished\":\"2026-09-03T09:30:54+00:00\",\"breadcrumb\":{\"@id\":\"https:\\\/\\\/tuzlainfo.ba\\\/index.php\\\/bosna-i-hercegovina\\\/item\\\/314712-evo-sta-lidl-nudi-radnicima-hoce-li-domaci-trgovci-morati-poboljsati-uslove-rada\\\/#breadcrumb\"},\"inLanguage\":\"bs-BA\",\"potentialAction\":[{\"@type\":\"ReadAction\",\"target\":[\"https:\\\/\\\/tuzlainfo.ba\\\/index.php\\\/bosna-i-hercegovina\\\/item\\\/314712-evo-sta-lidl-nudi-radnicima-hoce-li-domaci-trgovci-morati-poboljsati-uslove-rada\\\/\"]}]},{\"@type\":\"ImageObject\",\"inLanguage\":\"bs-BA\",\"@id\":\"https:\\\/\\\/tuzlainfo.ba\\\/index.php\\\/bosna-i-hercegovina\\\/item\\\/314712-evo-sta-lidl-nudi-radnicima-hoce-li-domaci-trgovci-morati-poboljsati-uslove-rada\\\/#primaryimage\",\"url\":\"https:\\\/\\\/tuzlainfo.ba\\\/wp-content\\\/uploads\\\/2023\\\/11\\\/2911_prodavnica-cijene-hrana-market-supermarket-trgovina.jpg\",\"contentUrl\":\"https:\\\/\\\/tuzlainfo.ba\\\/wp-content\\\/uploads\\\/2023\\\/11\\\/2911_prodavnica-cijene-hrana-market-supermarket-trgovina.jpg\",\"width\":871,\"height\":540},{\"@type\":\"BreadcrumbList\",\"@id\":\"https:\\\/\\\/tuzlainfo.ba\\\/index.php\\\/bosna-i-hercegovina\\\/item\\\/314712-evo-sta-lidl-nudi-radnicima-hoce-li-domaci-trgovci-morati-poboljsati-uslove-rada\\\/#breadcrumb\",\"itemListElement\":[{\"@type\":\"ListItem\",\"position\":1,\"name\":\"Home\",\"item\":\"https:\\\/\\\/tuzlainfo.ba\\\/\"},{\"@type\":\"ListItem\",\"position\":2,\"name\":\"Evo \u0161ta Lidl nudi radnicima: Ho\u0107e li doma\u0107i trgovci morati pobolj\u0161ati uslove rada?\"}]},{\"@type\":\"WebSite\",\"@id\":\"https:\\\/\\\/tuzlainfo.ba\\\/#website\",\"url\":\"https:\\\/\\\/tuzlainfo.ba\\\/\",\"name\":\"TuzlaInfo.ba\",\"description\":\"Tuzla info, gradski informator - Tuzla na dlanu\",\"publisher\":{\"@id\":\"https:\\\/\\\/tuzlainfo.ba\\\/#organization\"},\"potentialAction\":[{\"@type\":\"SearchAction\",\"target\":{\"@type\":\"EntryPoint\",\"urlTemplate\":\"https:\\\/\\\/tuzlainfo.ba\\\/?s={search_term_string}\"},\"query-input\":{\"@type\":\"PropertyValueSpecification\",\"valueRequired\":true,\"valueName\":\"search_term_string\"}}],\"inLanguage\":\"bs-BA\"},{\"@type\":\"Organization\",\"@id\":\"https:\\\/\\\/tuzlainfo.ba\\\/#organization\",\"name\":\"TuzlaInfo.ba\",\"url\":\"https:\\\/\\\/tuzlainfo.ba\\\/\",\"logo\":{\"@type\":\"ImageObject\",\"inLanguage\":\"bs-BA\",\"@id\":\"https:\\\/\\\/tuzlainfo.ba\\\/#\\\/schema\\\/logo\\\/image\\\/\",\"url\":\"https:\\\/\\\/tuzlainfo.ba\\\/wp-content\\\/uploads\\\/2021\\\/03\\\/logo-ver-3-1.png\",\"contentUrl\":\"https:\\\/\\\/tuzlainfo.ba\\\/wp-content\\\/uploads\\\/2021\\\/03\\\/logo-ver-3-1.png\",\"width\":350,\"height\":95,\"caption\":\"TuzlaInfo.ba\"},\"image\":{\"@id\":\"https:\\\/\\\/tuzlainfo.ba\\\/#\\\/schema\\\/logo\\\/image\\\/\"},\"sameAs\":[\"https:\\\/\\\/www.facebook.com\\\/tuzlainfo.ba\\\/\"]},{\"@type\":\"Person\",\"@id\":\"https:\\\/\\\/tuzlainfo.ba\\\/#\\\/schema\\\/person\\\/f434e20dc27ea133923aab08451b7f7f\",\"name\":\"nedim\",\"image\":{\"@type\":\"ImageObject\",\"inLanguage\":\"bs-BA\",\"@id\":\"https:\\\/\\\/secure.gravatar.com\\\/avatar\\\/5b928a2e7e70a54208d2eb6c1edcb75a5350d6ae97d5f0a701203d456823f6f3?s=96&d=mm&r=g\",\"url\":\"https:\\\/\\\/secure.gravatar.com\\\/avatar\\\/5b928a2e7e70a54208d2eb6c1edcb75a5350d6ae97d5f0a701203d456823f6f3?s=96&d=mm&r=g\",\"contentUrl\":\"https:\\\/\\\/secure.gravatar.com\\\/avatar\\\/5b928a2e7e70a54208d2eb6c1edcb75a5350d6ae97d5f0a701203d456823f6f3?s=96&d=mm&r=g\",\"caption\":\"nedim\"},\"description\":\"Tuzlainfo.ba pratite na dru\u0161tvenim mre\u017eama: Facebook, Instagram i Youtube. Svoje pri\u010de, upite i fotografije \u0161aljite na na\u0161u e-mail adresu.\"}]}<\/script>\n<!-- \/ Yoast SEO plugin. -->","yoast_head_json":{"title":"Evo \u0161ta Lidl nudi radnicima: Ho\u0107e li doma\u0107i trgovci morati pobolj\u0161ati uslove rada?","robots":{"index":"index","follow":"follow","max-snippet":"max-snippet:-1","max-image-preview":"max-image-preview:large","max-video-preview":"max-video-preview:-1"},"canonical":"https:\/\/tuzlainfo.ba\/index.php\/bosna-i-hercegovina\/item\/314712-evo-sta-lidl-nudi-radnicima-hoce-li-domaci-trgovci-morati-poboljsati-uslove-rada\/","og_locale":"bs_BA","og_type":"article","og_title":"Evo \u0161ta Lidl nudi radnicima: Ho\u0107e li doma\u0107i trgovci morati pobolj\u0161ati uslove rada?","og_description":"Dolazak Lidla u Bosnu i Hercegovinu mogao bi zna\u010dajno promijeniti doma\u0107e tr\u017ei\u0161te rada u sektoru trgovine. Njema\u010dki trgova\u010dki lanac trenutno tra\u017ei \u010dak 1.131 prodava\u010da u 21 gradu i op\u0107ini \u0161irom BiH, a ovom temom detaljno se bavio poslovni portal Akta.ba. Lidl budu\u0107im zaposlenicima, izme\u0111u ostalog, nudi ugovor na neodre\u0111eno vrijeme od prvog dana, dva slobodna [&hellip;]","og_url":"https:\/\/tuzlainfo.ba\/index.php\/bosna-i-hercegovina\/item\/314712-evo-sta-lidl-nudi-radnicima-hoce-li-domaci-trgovci-morati-poboljsati-uslove-rada\/","og_site_name":"TuzlaInfo.ba","article_publisher":"https:\/\/www.facebook.com\/tuzlainfo.ba\/","article_published_time":"2026-09-03T09:30:54+00:00","og_image":[{"width":871,"height":540,"url":"https:\/\/tuzlainfo.ba\/wp-content\/uploads\/2023\/11\/2911_prodavnica-cijene-hrana-market-supermarket-trgovina.jpg","type":"image\/jpeg"}],"author":"nedim","twitter_card":"summary_large_image","twitter_misc":{"Written by":"nedim","Est. reading time":"2 minute"},"schema":{"@context":"https:\/\/schema.org","@graph":[{"@type":"Article","@id":"https:\/\/tuzlainfo.ba\/index.php\/bosna-i-hercegovina\/item\/314712-evo-sta-lidl-nudi-radnicima-hoce-li-domaci-trgovci-morati-poboljsati-uslove-rada\/#article","isPartOf":{"@id":"https:\/\/tuzlainfo.ba\/index.php\/bosna-i-hercegovina\/item\/314712-evo-sta-lidl-nudi-radnicima-hoce-li-domaci-trgovci-morati-poboljsati-uslove-rada\/"},"author":{"name":"nedim","@id":"https:\/\/tuzlainfo.ba\/#\/schema\/person\/f434e20dc27ea133923aab08451b7f7f"},"headline":"Evo \u0161ta Lidl nudi radnicima: Ho\u0107e li doma\u0107i trgovci morati pobolj\u0161ati uslove rada?","datePublished":"2026-09-03T09:30:54+00:00","mainEntityOfPage":{"@id":"https:\/\/tuzlainfo.ba\/index.php\/bosna-i-hercegovina\/item\/314712-evo-sta-lidl-nudi-radnicima-hoce-li-domaci-trgovci-morati-poboljsati-uslove-rada\/"},"wordCount":335,"publisher":{"@id":"https:\/\/tuzlainfo.ba\/#organization"},"image":{"@id":"https:\/\/tuzlainfo.ba\/index.php\/bosna-i-hercegovina\/item\/314712-evo-sta-lidl-nudi-radnicima-hoce-li-domaci-trgovci-morati-poboljsati-uslove-rada\/#primaryimage"},"thumbnailUrl":"https:\/\/tuzlainfo.ba\/wp-content\/uploads\/2023\/11\/2911_prodavnica-cijene-hrana-market-supermarket-trgovina.jpg","keywords":["LIDL"],"articleSection":["Bosna i Hercegovina","Istaknuto"],"inLanguage":"bs-BA","copyrightYear":"2026","copyrightHolder":{"@id":"https:\/\/tuzlainfo.ba\/#organization"}},{"@type":"WebPage","@id":"https:\/\/tuzlainfo.ba\/index.php\/bosna-i-hercegovina\/item\/314712-evo-sta-lidl-nudi-radnicima-hoce-li-domaci-trgovci-morati-poboljsati-uslove-rada\/","url":"https:\/\/tuzlainfo.ba\/index.php\/bosna-i-hercegovina\/item\/314712-evo-sta-lidl-nudi-radnicima-hoce-li-domaci-trgovci-morati-poboljsati-uslove-rada\/","name":"Evo \u0161ta Lidl nudi radnicima: Ho\u0107e li doma\u0107i trgovci morati pobolj\u0161ati uslove rada?","isPartOf":{"@id":"https:\/\/tuzlainfo.ba\/#website"},"primaryImageOfPage":{"@id":"https:\/\/tuzlainfo.ba\/index.php\/bosna-i-hercegovina\/item\/314712-evo-sta-lidl-nudi-radnicima-hoce-li-domaci-trgovci-morati-poboljsati-uslove-rada\/#primaryimage"},"image":{"@id":"https:\/\/tuzlainfo.ba\/index.php\/bosna-i-hercegovina\/item\/314712-evo-sta-lidl-nudi-radnicima-hoce-li-domaci-trgovci-morati-poboljsati-uslove-rada\/#primaryimage"},"thumbnailUrl":"https:\/\/tuzlainfo.ba\/wp-content\/uploads\/2023\/11\/2911_prodavnica-cijene-hrana-market-supermarket-trgovina.jpg","datePublished":"2026-09-03T09:30:54+00:00","breadcrumb":{"@id":"https:\/\/tuzlainfo.ba\/index.php\/bosna-i-hercegovina\/item\/314712-evo-sta-lidl-nudi-radnicima-hoce-li-domaci-trgovci-morati-poboljsati-uslove-rada\/#breadcrumb"},"inLanguage":"bs-BA","potentialAction":[{"@type":"ReadAction","target":["https:\/\/tuzlainfo.ba\/index.php\/bosna-i-hercegovina\/item\/314712-evo-sta-lidl-nudi-radnicima-hoce-li-domaci-trgovci-morati-poboljsati-uslove-rada\/"]}]},{"@type":"ImageObject","inLanguage":"bs-BA","@id":"https:\/\/tuzlainfo.ba\/index.php\/bosna-i-hercegovina\/item\/314712-evo-sta-lidl-nudi-radnicima-hoce-li-domaci-trgovci-morati-poboljsati-uslove-rada\/#primaryimage","url":"https:\/\/tuzlainfo.ba\/wp-content\/uploads\/2023\/11\/2911_prodavnica-cijene-hrana-market-supermarket-trgovina.jpg","contentUrl":"https:\/\/tuzlainfo.ba\/wp-content\/uploads\/2023\/11\/2911_prodavnica-cijene-hrana-market-supermarket-trgovina.jpg","width":871,"height":540},{"@type":"BreadcrumbList","@id":"https:\/\/tuzlainfo.ba\/index.php\/bosna-i-hercegovina\/item\/314712-evo-sta-lidl-nudi-radnicima-hoce-li-domaci-trgovci-morati-poboljsati-uslove-rada\/#breadcrumb","itemListElement":[{"@type":"ListItem","position":1,"name":"Home","item":"https:\/\/tuzlainfo.ba\/"},{"@type":"ListItem","position":2,"name":"Evo \u0161ta Lidl nudi radnicima: Ho\u0107e li doma\u0107i trgovci morati pobolj\u0161ati uslove rada?"}]},{"@type":"WebSite","@id":"https:\/\/tuzlainfo.ba\/#website","url":"https:\/\/tuzlainfo.ba\/","name":"TuzlaInfo.ba","description":"Tuzla info, gradski informator - Tuzla na dlanu","publisher":{"@id":"https:\/\/tuzlainfo.ba\/#organization"},"potentialAction":[{"@type":"SearchAction","target":{"@type":"EntryPoint","urlTemplate":"https:\/\/tuzlainfo.ba\/?s={search_term_string}"},"query-input":{"@type":"PropertyValueSpecification","valueRequired":true,"valueName":"search_term_string"}}],"inLanguage":"bs-BA"},{"@type":"Organization","@id":"https:\/\/tuzlainfo.ba\/#organization","name":"TuzlaInfo.ba","url":"https:\/\/tuzlainfo.ba\/","logo":{"@type":"ImageObject","inLanguage":"bs-BA","@id":"https:\/\/tuzlainfo.ba\/#\/schema\/logo\/image\/","url":"https:\/\/tuzlainfo.ba\/wp-content\/uploads\/2021\/03\/logo-ver-3-1.png","contentUrl":"https:\/\/tuzlainfo.ba\/wp-content\/uploads\/2021\/03\/logo-ver-3-1.png","width":350,"height":95,"caption":"TuzlaInfo.ba"},"image":{"@id":"https:\/\/tuzlainfo.ba\/#\/schema\/logo\/image\/"},"sameAs":["https:\/\/www.facebook.com\/tuzlainfo.ba\/"]},{"@type":"Person","@id":"https:\/\/tuzlainfo.ba\/#\/schema\/person\/f434e20dc27ea133923aab08451b7f7f","name":"nedim","image":{"@type":"ImageObject","inLanguage":"bs-BA","@id":"https:\/\/secure.gravatar.com\/avatar\/5b928a2e7e70a54208d2eb6c1edcb75a5350d6ae97d5f0a701203d456823f6f3?s=96&d=mm&r=g","url":"https:\/\/secure.gravatar.com\/avatar\/5b928a2e7e70a54208d2eb6c1edcb75a5350d6ae97d5f0a701203d456823f6f3?s=96&d=mm&r=g","contentUrl":"https:\/\/secure.gravatar.com\/avatar\/5b928a2e7e70a54208d2eb6c1edcb75a5350d6ae97d5f0a701203d456823f6f3?s=96&d=mm&r=g","caption":"nedim"},"description":"Tuzlainfo.ba pratite na dru\u0161tvenim mre\u017eama: Facebook, Instagram i Youtube. Svoje pri\u010de, upite i fotografije \u0161aljite na na\u0161u e-mail adresu."}]}},"_links":{"self":[{"href":"https:\/\/tuzlainfo.ba\/index.php\/wp-json\/wp\/v2\/posts\/314712","targetHints":{"allow":["GET"]}}],"collection":[{"href":"https:\/\/tuzlainfo.ba\/index.php\/wp-json\/wp\/v2\/posts"}],"about":[{"href":"https:\/\/tuzlainfo.ba\/index.php\/wp-json\/wp\/v2\/types\/post"}],"author":[{"embeddable":true,"href":"https:\/\/tuzlainfo.ba\/index.php\/wp-json\/wp\/v2\/users\/2"}],"replies":[{"embeddable":true,"href":"https:\/\/tuzlainfo.ba\/index.php\/wp-json\/wp\/v2\/comments?post=314712"}],"version-history":[{"count":1,"href":"https:\/\/tuzlainfo.ba\/index.php\/wp-json\/wp\/v2\/posts\/314712\/revisions"}],"predecessor-version":[{"id":314713,"href":"https:\/\/tuzlainfo.ba\/index.php\/wp-json\/wp\/v2\/posts\/314712\/revisions\/314713"}],"wp:featuredmedia":[{"embeddable":true,"href":"https:\/\/tuzlainfo.ba\/index.php\/wp-json\/wp\/v2\/media\/223939"}],"wp:attachment":[{"href":"https:\/\/tuzlainfo.ba\/index.php\/wp-json\/wp\/v2\/media?parent=314712"}],"wp:term":[{"taxonomy":"category","embeddable":true,"href":"https:\/\/tuzlainfo.ba\/index.php\/wp-json\/wp\/v2\/categories?post=314712"},{"taxonomy":"post_tag","embeddable":true,"href":"https:\/\/tuzlainfo.ba\/index.php\/wp-json\/wp\/v2\/tags?post=314712"}],"curies":[{"name":"wp","href":"https:\/\/api.w.org\/{rel}","templated":true}]}}