{"id":314706,"date":"2026-09-03T09:02:18","date_gmt":"2026-09-03T07:02:18","guid":{"rendered":"https:\/\/tuzlainfo.ba\/?p=314706"},"modified":"2026-09-03T07:50:17","modified_gmt":"2026-09-03T05:50:17","slug":"dom-penzionera-jedina-tema-danasnje-sjednice-gradskog-vijeca-tuzla","status":"publish","type":"post","link":"https:\/\/tuzlainfo.ba\/index.php\/novosti\/item\/314706-dom-penzionera-jedina-tema-danasnje-sjednice-gradskog-vijeca-tuzla\/","title":{"rendered":"Dom penzionera jedina tema dana\u0161nje sjednice Gradskog vije\u0107a Tuzla"},"content":{"rendered":"<p class=\"PDq2pG_selectionAnchorContainer\" data-start=\"83\" data-end=\"209\">Gradsko vije\u0107e Tuzla danas, 3. septembra, odr\u017eat \u0107e tematsku sjednicu posve\u0107enu aktuelnoj situaciji u JU Dom penzionera Tuzla.<\/p>\n<p data-start=\"211\" data-end=\"586\">\u0160esta tematska sjednica zakazana je za 16.30 sati u sali za sjednice Gradskog vije\u0107a Tuzla, a na dnevnom redu nalazi se samo jedna ta\u010dka \u2013 rasprava o rje\u0161enju Kantonalne uprave za inspekcijske poslove Tuzlanskog kantona kojim se Domu penzionera Tuzla zabranjuje obavljanje djelatnosti socijalne za\u0161tite do ispunjavanja propisanih uslova.<\/p>\n<p data-start=\"588\" data-end=\"898\">Sjednica dolazi u trenutku kada je otvoreno pitanje daljeg smje\u0161taja dijela korisnika ove ustanove. Nakon \u0161to je utvr\u0111eno da Dom ne ispunjava sve propisane uslove za rad, me\u0111u kojima je i ve\u0107i broj korisnika od dozvoljenog, pojedine porodice dobile su obavijesti da njihovi najbli\u017ei trebaju napustiti ustanovu.<\/p>\n<p data-start=\"900\" data-end=\"1169\">Iz Ministarstva za rad, socijalnu politiku i povratak TK ranije su naglasili da njihovim rje\u0161enjem nije nalo\u017een otpust ili izmje\u0161tanje postoje\u0107ih korisnika, dok su iz Doma penzionera poru\u010dili da rade na rje\u0161avanju problema te da nijedan korisnik ne\u0107e zavr\u0161iti na ulici.<\/p>\n<p data-start=\"1403\" data-end=\"1721\">Dana\u0161nja rasprava pred gradskim vije\u0107nicima trebala bi otvoriti klju\u010dna pitanja o tome na koji na\u010din \u0107e Dom penzionera ispuniti propisane uslove za nastavak rada, \u0161ta \u0107e se dogoditi s korisnicima ukoliko bude neophodno smanjiti njihov broj te kakvu \u0107e ulogu u rje\u0161avanju problema imati Grad Tuzla kao osniva\u010d ustanove.<\/p>\n","protected":false},"excerpt":{"rendered":"<p>Gradsko vije\u0107e Tuzla danas, 3. septembra, odr\u017eat \u0107e tematsku sjednicu posve\u0107enu aktuelnoj situaciji u JU Dom penzionera Tuzla. \u0160esta tematska sjednica zakazana je za 16.30 sati u sali za sjednice Gradskog vije\u0107a Tuzla, a na dnevnom redu nalazi se samo jedna ta\u010dka \u2013 rasprava o rje\u0161enju Kantonalne uprave za inspekcijske poslove Tuzlanskog kantona kojim se [&hellip;]<\/p>\n","protected":false},"author":2,"featured_media":305079,"comment_status":"closed","ping_status":"closed","sticky":false,"template":"","format":"standard","meta":{"footnotes":""},"categories":[304,12],"tags":[1342,472,858],"class_list":["post-314706","post","type-post","status-publish","format-standard","has-post-thumbnail","hentry","category-istaknuto","category-novosti","tag-dom-penzionera","tag-gradsko-vijece","tag-gradsko-vijece-tuzla"],"yoast_head":"<!-- This site is optimized with the Yoast SEO plugin v28.4 - https:\/\/yoast.com\/product\/yoast-seo-wordpress\/ -->\n<title>Dom penzionera jedina tema dana\u0161nje sjednice Gradskog vije\u0107a Tuzla<\/title>\n<meta name=\"robots\" content=\"index, follow, max-snippet:-1, max-image-preview:large, max-video-preview:-1\" \/>\n<link rel=\"canonical\" href=\"https:\/\/tuzlainfo.ba\/index.php\/novosti\/item\/314706-dom-penzionera-jedina-tema-danasnje-sjednice-gradskog-vijeca-tuzla\/\" \/>\n<meta property=\"og:locale\" content=\"bs_BA\" \/>\n<meta property=\"og:type\" content=\"article\" \/>\n<meta property=\"og:title\" content=\"Dom penzionera jedina tema dana\u0161nje sjednice Gradskog vije\u0107a Tuzla\" \/>\n<meta property=\"og:description\" content=\"Gradsko vije\u0107e Tuzla danas, 3. septembra, odr\u017eat \u0107e tematsku sjednicu posve\u0107enu aktuelnoj situaciji u JU Dom penzionera Tuzla. \u0160esta tematska sjednica zakazana je za 16.30 sati u sali za sjednice Gradskog vije\u0107a Tuzla, a na dnevnom redu nalazi se samo jedna ta\u010dka \u2013 rasprava o rje\u0161enju Kantonalne uprave za inspekcijske poslove Tuzlanskog kantona kojim se [&hellip;]\" \/>\n<meta property=\"og:url\" content=\"https:\/\/tuzlainfo.ba\/index.php\/novosti\/item\/314706-dom-penzionera-jedina-tema-danasnje-sjednice-gradskog-vijeca-tuzla\/\" \/>\n<meta property=\"og:site_name\" content=\"TuzlaInfo.ba\" \/>\n<meta property=\"article:publisher\" content=\"https:\/\/www.facebook.com\/tuzlainfo.ba\/\" \/>\n<meta property=\"article:published_time\" content=\"2026-09-03T07:02:18+00:00\" \/>\n<meta property=\"og:image\" content=\"https:\/\/tuzlainfo.ba\/wp-content\/uploads\/2026\/06\/gradsko-vijece_gvtuzla_2026.jpg\" \/>\n\t<meta property=\"og:image:width\" content=\"1000\" \/>\n\t<meta property=\"og:image:height\" content=\"533\" \/>\n\t<meta property=\"og:image:type\" content=\"image\/jpeg\" \/>\n<meta name=\"author\" content=\"nedim\" \/>\n<meta name=\"twitter:card\" content=\"summary_large_image\" \/>\n<meta name=\"twitter:label1\" content=\"Written by\" \/>\n\t<meta name=\"twitter:data1\" content=\"nedim\" \/>\n\t<meta name=\"twitter:label2\" content=\"Est. reading time\" \/>\n\t<meta name=\"twitter:data2\" content=\"2 minute\" \/>\n<script type=\"application\/ld+json\" class=\"yoast-schema-graph\">{\"@context\":\"https:\\\/\\\/schema.org\",\"@graph\":[{\"@type\":\"Article\",\"@id\":\"https:\\\/\\\/tuzlainfo.ba\\\/index.php\\\/novosti\\\/item\\\/314706-dom-penzionera-jedina-tema-danasnje-sjednice-gradskog-vijeca-tuzla\\\/#article\",\"isPartOf\":{\"@id\":\"https:\\\/\\\/tuzlainfo.ba\\\/index.php\\\/novosti\\\/item\\\/314706-dom-penzionera-jedina-tema-danasnje-sjednice-gradskog-vijeca-tuzla\\\/\"},\"author\":{\"name\":\"nedim\",\"@id\":\"https:\\\/\\\/tuzlainfo.ba\\\/#\\\/schema\\\/person\\\/f434e20dc27ea133923aab08451b7f7f\"},\"headline\":\"Dom penzionera jedina tema dana\u0161nje sjednice Gradskog vije\u0107a Tuzla\",\"datePublished\":\"2026-09-03T07:02:18+00:00\",\"mainEntityOfPage\":{\"@id\":\"https:\\\/\\\/tuzlainfo.ba\\\/index.php\\\/novosti\\\/item\\\/314706-dom-penzionera-jedina-tema-danasnje-sjednice-gradskog-vijeca-tuzla\\\/\"},\"wordCount\":237,\"publisher\":{\"@id\":\"https:\\\/\\\/tuzlainfo.ba\\\/#organization\"},\"image\":{\"@id\":\"https:\\\/\\\/tuzlainfo.ba\\\/index.php\\\/novosti\\\/item\\\/314706-dom-penzionera-jedina-tema-danasnje-sjednice-gradskog-vijeca-tuzla\\\/#primaryimage\"},\"thumbnailUrl\":\"https:\\\/\\\/tuzlainfo.ba\\\/wp-content\\\/uploads\\\/2026\\\/06\\\/gradsko-vijece_gvtuzla_2026.jpg\",\"keywords\":[\"dom penzionera\",\"gradsko vije\u0107e\",\"gradsko vije\u0107e tuzla\"],\"articleSection\":[\"Istaknuto\",\"Novosti\"],\"inLanguage\":\"bs-BA\",\"copyrightYear\":\"2026\",\"copyrightHolder\":{\"@id\":\"https:\\\/\\\/tuzlainfo.ba\\\/#organization\"}},{\"@type\":\"WebPage\",\"@id\":\"https:\\\/\\\/tuzlainfo.ba\\\/index.php\\\/novosti\\\/item\\\/314706-dom-penzionera-jedina-tema-danasnje-sjednice-gradskog-vijeca-tuzla\\\/\",\"url\":\"https:\\\/\\\/tuzlainfo.ba\\\/index.php\\\/novosti\\\/item\\\/314706-dom-penzionera-jedina-tema-danasnje-sjednice-gradskog-vijeca-tuzla\\\/\",\"name\":\"Dom penzionera jedina tema dana\u0161nje sjednice Gradskog vije\u0107a Tuzla\",\"isPartOf\":{\"@id\":\"https:\\\/\\\/tuzlainfo.ba\\\/#website\"},\"primaryImageOfPage\":{\"@id\":\"https:\\\/\\\/tuzlainfo.ba\\\/index.php\\\/novosti\\\/item\\\/314706-dom-penzionera-jedina-tema-danasnje-sjednice-gradskog-vijeca-tuzla\\\/#primaryimage\"},\"image\":{\"@id\":\"https:\\\/\\\/tuzlainfo.ba\\\/index.php\\\/novosti\\\/item\\\/314706-dom-penzionera-jedina-tema-danasnje-sjednice-gradskog-vijeca-tuzla\\\/#primaryimage\"},\"thumbnailUrl\":\"https:\\\/\\\/tuzlainfo.ba\\\/wp-content\\\/uploads\\\/2026\\\/06\\\/gradsko-vijece_gvtuzla_2026.jpg\",\"datePublished\":\"2026-09-03T07:02:18+00:00\",\"breadcrumb\":{\"@id\":\"https:\\\/\\\/tuzlainfo.ba\\\/index.php\\\/novosti\\\/item\\\/314706-dom-penzionera-jedina-tema-danasnje-sjednice-gradskog-vijeca-tuzla\\\/#breadcrumb\"},\"inLanguage\":\"bs-BA\",\"potentialAction\":[{\"@type\":\"ReadAction\",\"target\":[\"https:\\\/\\\/tuzlainfo.ba\\\/index.php\\\/novosti\\\/item\\\/314706-dom-penzionera-jedina-tema-danasnje-sjednice-gradskog-vijeca-tuzla\\\/\"]}]},{\"@type\":\"ImageObject\",\"inLanguage\":\"bs-BA\",\"@id\":\"https:\\\/\\\/tuzlainfo.ba\\\/index.php\\\/novosti\\\/item\\\/314706-dom-penzionera-jedina-tema-danasnje-sjednice-gradskog-vijeca-tuzla\\\/#primaryimage\",\"url\":\"https:\\\/\\\/tuzlainfo.ba\\\/wp-content\\\/uploads\\\/2026\\\/06\\\/gradsko-vijece_gvtuzla_2026.jpg\",\"contentUrl\":\"https:\\\/\\\/tuzlainfo.ba\\\/wp-content\\\/uploads\\\/2026\\\/06\\\/gradsko-vijece_gvtuzla_2026.jpg\",\"width\":1000,\"height\":533},{\"@type\":\"BreadcrumbList\",\"@id\":\"https:\\\/\\\/tuzlainfo.ba\\\/index.php\\\/novosti\\\/item\\\/314706-dom-penzionera-jedina-tema-danasnje-sjednice-gradskog-vijeca-tuzla\\\/#breadcrumb\",\"itemListElement\":[{\"@type\":\"ListItem\",\"position\":1,\"name\":\"Home\",\"item\":\"https:\\\/\\\/tuzlainfo.ba\\\/\"},{\"@type\":\"ListItem\",\"position\":2,\"name\":\"Dom penzionera jedina tema dana\u0161nje sjednice Gradskog vije\u0107a Tuzla\"}]},{\"@type\":\"WebSite\",\"@id\":\"https:\\\/\\\/tuzlainfo.ba\\\/#website\",\"url\":\"https:\\\/\\\/tuzlainfo.ba\\\/\",\"name\":\"TuzlaInfo.ba\",\"description\":\"Tuzla info, gradski informator - Tuzla na dlanu\",\"publisher\":{\"@id\":\"https:\\\/\\\/tuzlainfo.ba\\\/#organization\"},\"potentialAction\":[{\"@type\":\"SearchAction\",\"target\":{\"@type\":\"EntryPoint\",\"urlTemplate\":\"https:\\\/\\\/tuzlainfo.ba\\\/?s={search_term_string}\"},\"query-input\":{\"@type\":\"PropertyValueSpecification\",\"valueRequired\":true,\"valueName\":\"search_term_string\"}}],\"inLanguage\":\"bs-BA\"},{\"@type\":\"Organization\",\"@id\":\"https:\\\/\\\/tuzlainfo.ba\\\/#organization\",\"name\":\"TuzlaInfo.ba\",\"url\":\"https:\\\/\\\/tuzlainfo.ba\\\/\",\"logo\":{\"@type\":\"ImageObject\",\"inLanguage\":\"bs-BA\",\"@id\":\"https:\\\/\\\/tuzlainfo.ba\\\/#\\\/schema\\\/logo\\\/image\\\/\",\"url\":\"https:\\\/\\\/tuzlainfo.ba\\\/wp-content\\\/uploads\\\/2021\\\/03\\\/logo-ver-3-1.png\",\"contentUrl\":\"https:\\\/\\\/tuzlainfo.ba\\\/wp-content\\\/uploads\\\/2021\\\/03\\\/logo-ver-3-1.png\",\"width\":350,\"height\":95,\"caption\":\"TuzlaInfo.ba\"},\"image\":{\"@id\":\"https:\\\/\\\/tuzlainfo.ba\\\/#\\\/schema\\\/logo\\\/image\\\/\"},\"sameAs\":[\"https:\\\/\\\/www.facebook.com\\\/tuzlainfo.ba\\\/\"]},{\"@type\":\"Person\",\"@id\":\"https:\\\/\\\/tuzlainfo.ba\\\/#\\\/schema\\\/person\\\/f434e20dc27ea133923aab08451b7f7f\",\"name\":\"nedim\",\"image\":{\"@type\":\"ImageObject\",\"inLanguage\":\"bs-BA\",\"@id\":\"https:\\\/\\\/secure.gravatar.com\\\/avatar\\\/5b928a2e7e70a54208d2eb6c1edcb75a5350d6ae97d5f0a701203d456823f6f3?s=96&d=mm&r=g\",\"url\":\"https:\\\/\\\/secure.gravatar.com\\\/avatar\\\/5b928a2e7e70a54208d2eb6c1edcb75a5350d6ae97d5f0a701203d456823f6f3?s=96&d=mm&r=g\",\"contentUrl\":\"https:\\\/\\\/secure.gravatar.com\\\/avatar\\\/5b928a2e7e70a54208d2eb6c1edcb75a5350d6ae97d5f0a701203d456823f6f3?s=96&d=mm&r=g\",\"caption\":\"nedim\"},\"description\":\"Tuzlainfo.ba pratite na dru\u0161tvenim mre\u017eama: Facebook, Instagram i Youtube. Svoje pri\u010de, upite i fotografije \u0161aljite na na\u0161u e-mail adresu.\"}]}<\/script>\n<!-- \/ Yoast SEO plugin. -->","yoast_head_json":{"title":"Dom penzionera jedina tema dana\u0161nje sjednice Gradskog vije\u0107a Tuzla","robots":{"index":"index","follow":"follow","max-snippet":"max-snippet:-1","max-image-preview":"max-image-preview:large","max-video-preview":"max-video-preview:-1"},"canonical":"https:\/\/tuzlainfo.ba\/index.php\/novosti\/item\/314706-dom-penzionera-jedina-tema-danasnje-sjednice-gradskog-vijeca-tuzla\/","og_locale":"bs_BA","og_type":"article","og_title":"Dom penzionera jedina tema dana\u0161nje sjednice Gradskog vije\u0107a Tuzla","og_description":"Gradsko vije\u0107e Tuzla danas, 3. septembra, odr\u017eat \u0107e tematsku sjednicu posve\u0107enu aktuelnoj situaciji u JU Dom penzionera Tuzla. \u0160esta tematska sjednica zakazana je za 16.30 sati u sali za sjednice Gradskog vije\u0107a Tuzla, a na dnevnom redu nalazi se samo jedna ta\u010dka \u2013 rasprava o rje\u0161enju Kantonalne uprave za inspekcijske poslove Tuzlanskog kantona kojim se [&hellip;]","og_url":"https:\/\/tuzlainfo.ba\/index.php\/novosti\/item\/314706-dom-penzionera-jedina-tema-danasnje-sjednice-gradskog-vijeca-tuzla\/","og_site_name":"TuzlaInfo.ba","article_publisher":"https:\/\/www.facebook.com\/tuzlainfo.ba\/","article_published_time":"2026-09-03T07:02:18+00:00","og_image":[{"width":1000,"height":533,"url":"https:\/\/tuzlainfo.ba\/wp-content\/uploads\/2026\/06\/gradsko-vijece_gvtuzla_2026.jpg","type":"image\/jpeg"}],"author":"nedim","twitter_card":"summary_large_image","twitter_misc":{"Written by":"nedim","Est. reading time":"2 minute"},"schema":{"@context":"https:\/\/schema.org","@graph":[{"@type":"Article","@id":"https:\/\/tuzlainfo.ba\/index.php\/novosti\/item\/314706-dom-penzionera-jedina-tema-danasnje-sjednice-gradskog-vijeca-tuzla\/#article","isPartOf":{"@id":"https:\/\/tuzlainfo.ba\/index.php\/novosti\/item\/314706-dom-penzionera-jedina-tema-danasnje-sjednice-gradskog-vijeca-tuzla\/"},"author":{"name":"nedim","@id":"https:\/\/tuzlainfo.ba\/#\/schema\/person\/f434e20dc27ea133923aab08451b7f7f"},"headline":"Dom penzionera jedina tema dana\u0161nje sjednice Gradskog vije\u0107a Tuzla","datePublished":"2026-09-03T07:02:18+00:00","mainEntityOfPage":{"@id":"https:\/\/tuzlainfo.ba\/index.php\/novosti\/item\/314706-dom-penzionera-jedina-tema-danasnje-sjednice-gradskog-vijeca-tuzla\/"},"wordCount":237,"publisher":{"@id":"https:\/\/tuzlainfo.ba\/#organization"},"image":{"@id":"https:\/\/tuzlainfo.ba\/index.php\/novosti\/item\/314706-dom-penzionera-jedina-tema-danasnje-sjednice-gradskog-vijeca-tuzla\/#primaryimage"},"thumbnailUrl":"https:\/\/tuzlainfo.ba\/wp-content\/uploads\/2026\/06\/gradsko-vijece_gvtuzla_2026.jpg","keywords":["dom penzionera","gradsko vije\u0107e","gradsko vije\u0107e tuzla"],"articleSection":["Istaknuto","Novosti"],"inLanguage":"bs-BA","copyrightYear":"2026","copyrightHolder":{"@id":"https:\/\/tuzlainfo.ba\/#organization"}},{"@type":"WebPage","@id":"https:\/\/tuzlainfo.ba\/index.php\/novosti\/item\/314706-dom-penzionera-jedina-tema-danasnje-sjednice-gradskog-vijeca-tuzla\/","url":"https:\/\/tuzlainfo.ba\/index.php\/novosti\/item\/314706-dom-penzionera-jedina-tema-danasnje-sjednice-gradskog-vijeca-tuzla\/","name":"Dom penzionera jedina tema dana\u0161nje sjednice Gradskog vije\u0107a Tuzla","isPartOf":{"@id":"https:\/\/tuzlainfo.ba\/#website"},"primaryImageOfPage":{"@id":"https:\/\/tuzlainfo.ba\/index.php\/novosti\/item\/314706-dom-penzionera-jedina-tema-danasnje-sjednice-gradskog-vijeca-tuzla\/#primaryimage"},"image":{"@id":"https:\/\/tuzlainfo.ba\/index.php\/novosti\/item\/314706-dom-penzionera-jedina-tema-danasnje-sjednice-gradskog-vijeca-tuzla\/#primaryimage"},"thumbnailUrl":"https:\/\/tuzlainfo.ba\/wp-content\/uploads\/2026\/06\/gradsko-vijece_gvtuzla_2026.jpg","datePublished":"2026-09-03T07:02:18+00:00","breadcrumb":{"@id":"https:\/\/tuzlainfo.ba\/index.php\/novosti\/item\/314706-dom-penzionera-jedina-tema-danasnje-sjednice-gradskog-vijeca-tuzla\/#breadcrumb"},"inLanguage":"bs-BA","potentialAction":[{"@type":"ReadAction","target":["https:\/\/tuzlainfo.ba\/index.php\/novosti\/item\/314706-dom-penzionera-jedina-tema-danasnje-sjednice-gradskog-vijeca-tuzla\/"]}]},{"@type":"ImageObject","inLanguage":"bs-BA","@id":"https:\/\/tuzlainfo.ba\/index.php\/novosti\/item\/314706-dom-penzionera-jedina-tema-danasnje-sjednice-gradskog-vijeca-tuzla\/#primaryimage","url":"https:\/\/tuzlainfo.ba\/wp-content\/uploads\/2026\/06\/gradsko-vijece_gvtuzla_2026.jpg","contentUrl":"https:\/\/tuzlainfo.ba\/wp-content\/uploads\/2026\/06\/gradsko-vijece_gvtuzla_2026.jpg","width":1000,"height":533},{"@type":"BreadcrumbList","@id":"https:\/\/tuzlainfo.ba\/index.php\/novosti\/item\/314706-dom-penzionera-jedina-tema-danasnje-sjednice-gradskog-vijeca-tuzla\/#breadcrumb","itemListElement":[{"@type":"ListItem","position":1,"name":"Home","item":"https:\/\/tuzlainfo.ba\/"},{"@type":"ListItem","position":2,"name":"Dom penzionera jedina tema dana\u0161nje sjednice Gradskog vije\u0107a Tuzla"}]},{"@type":"WebSite","@id":"https:\/\/tuzlainfo.ba\/#website","url":"https:\/\/tuzlainfo.ba\/","name":"TuzlaInfo.ba","description":"Tuzla info, gradski informator - Tuzla na dlanu","publisher":{"@id":"https:\/\/tuzlainfo.ba\/#organization"},"potentialAction":[{"@type":"SearchAction","target":{"@type":"EntryPoint","urlTemplate":"https:\/\/tuzlainfo.ba\/?s={search_term_string}"},"query-input":{"@type":"PropertyValueSpecification","valueRequired":true,"valueName":"search_term_string"}}],"inLanguage":"bs-BA"},{"@type":"Organization","@id":"https:\/\/tuzlainfo.ba\/#organization","name":"TuzlaInfo.ba","url":"https:\/\/tuzlainfo.ba\/","logo":{"@type":"ImageObject","inLanguage":"bs-BA","@id":"https:\/\/tuzlainfo.ba\/#\/schema\/logo\/image\/","url":"https:\/\/tuzlainfo.ba\/wp-content\/uploads\/2021\/03\/logo-ver-3-1.png","contentUrl":"https:\/\/tuzlainfo.ba\/wp-content\/uploads\/2021\/03\/logo-ver-3-1.png","width":350,"height":95,"caption":"TuzlaInfo.ba"},"image":{"@id":"https:\/\/tuzlainfo.ba\/#\/schema\/logo\/image\/"},"sameAs":["https:\/\/www.facebook.com\/tuzlainfo.ba\/"]},{"@type":"Person","@id":"https:\/\/tuzlainfo.ba\/#\/schema\/person\/f434e20dc27ea133923aab08451b7f7f","name":"nedim","image":{"@type":"ImageObject","inLanguage":"bs-BA","@id":"https:\/\/secure.gravatar.com\/avatar\/5b928a2e7e70a54208d2eb6c1edcb75a5350d6ae97d5f0a701203d456823f6f3?s=96&d=mm&r=g","url":"https:\/\/secure.gravatar.com\/avatar\/5b928a2e7e70a54208d2eb6c1edcb75a5350d6ae97d5f0a701203d456823f6f3?s=96&d=mm&r=g","contentUrl":"https:\/\/secure.gravatar.com\/avatar\/5b928a2e7e70a54208d2eb6c1edcb75a5350d6ae97d5f0a701203d456823f6f3?s=96&d=mm&r=g","caption":"nedim"},"description":"Tuzlainfo.ba pratite na dru\u0161tvenim mre\u017eama: Facebook, Instagram i Youtube. Svoje pri\u010de, upite i fotografije \u0161aljite na na\u0161u e-mail adresu."}]}},"_links":{"self":[{"href":"https:\/\/tuzlainfo.ba\/index.php\/wp-json\/wp\/v2\/posts\/314706","targetHints":{"allow":["GET"]}}],"collection":[{"href":"https:\/\/tuzlainfo.ba\/index.php\/wp-json\/wp\/v2\/posts"}],"about":[{"href":"https:\/\/tuzlainfo.ba\/index.php\/wp-json\/wp\/v2\/types\/post"}],"author":[{"embeddable":true,"href":"https:\/\/tuzlainfo.ba\/index.php\/wp-json\/wp\/v2\/users\/2"}],"replies":[{"embeddable":true,"href":"https:\/\/tuzlainfo.ba\/index.php\/wp-json\/wp\/v2\/comments?post=314706"}],"version-history":[{"count":1,"href":"https:\/\/tuzlainfo.ba\/index.php\/wp-json\/wp\/v2\/posts\/314706\/revisions"}],"predecessor-version":[{"id":314708,"href":"https:\/\/tuzlainfo.ba\/index.php\/wp-json\/wp\/v2\/posts\/314706\/revisions\/314708"}],"wp:featuredmedia":[{"embeddable":true,"href":"https:\/\/tuzlainfo.ba\/index.php\/wp-json\/wp\/v2\/media\/305079"}],"wp:attachment":[{"href":"https:\/\/tuzlainfo.ba\/index.php\/wp-json\/wp\/v2\/media?parent=314706"}],"wp:term":[{"taxonomy":"category","embeddable":true,"href":"https:\/\/tuzlainfo.ba\/index.php\/wp-json\/wp\/v2\/categories?post=314706"},{"taxonomy":"post_tag","embeddable":true,"href":"https:\/\/tuzlainfo.ba\/index.php\/wp-json\/wp\/v2\/tags?post=314706"}],"curies":[{"name":"wp","href":"https:\/\/api.w.org\/{rel}","templated":true}]}}