{"id":314699,"date":"2026-09-02T21:43:12","date_gmt":"2026-09-02T19:43:12","guid":{"rendered":"https:\/\/tuzlainfo.ba\/?p=314699"},"modified":"2026-09-02T21:43:12","modified_gmt":"2026-09-02T19:43:12","slug":"sladic-najavio-kada-dolazi-promjena-vremena-uz-ugodnije-temperature-i-kisu","status":"publish","type":"post","link":"https:\/\/tuzlainfo.ba\/index.php\/bosna-i-hercegovina\/item\/314699-sladic-najavio-kada-dolazi-promjena-vremena-uz-ugodnije-temperature-i-kisu\/","title":{"rendered":"Sladi\u0107 najavio kada dolazi promjena vremena uz ugodnije temperature i ki\u0161u"},"content":{"rendered":"<p data-start=\"100\" data-end=\"390\">Nakon perioda iznadprosje\u010dno toplog vremena, prve naznake promjene u Bosni i Hercegovini mogle bi se pojaviti oko 10. septembra. Meteorolog Nedim Sladi\u0107 navodi da prognozni modeli ukazuju na mogu\u0107nost pada temperatura i prolaznih padavina, ali nagla\u0161ava da je signal jo\u0161 nedovoljno pouzdan.<\/p>\n<p data-start=\"392\" data-end=\"567\">Prema trenutnim prognoznim materijalima, temperature bi oko 10. septembra mogle pasti na ugodnije vrijednosti. Ipak, i nakon osvje\u017eenja ostale bi iznad septembarskog prosjeka.<\/p>\n<p data-start=\"569\" data-end=\"796\">\u201eAli i dalje bi ostale natprosje\u010dne za septembar mjesec uz vrlo topla poslijepodneva, maksimalne temperature zraka uglavnom ve\u0107e od 25 stepeni Celzijusovih, i prijatne no\u0107i, a dobili bismo i prolazne padavine\u201c, naveo je Sladi\u0107.<\/p>\n<p data-start=\"798\" data-end=\"1027\">Ipak, rije\u010d je o prognozi za period koji je jo\u0161 dovoljno udaljen da su mogu\u0107e zna\u010dajnije promjene. Sladi\u0107 isti\u010de da je trenutni signal za ostvarenje ovakvog scenarija jo\u0161 relativno slab, posebno kada je rije\u010d o koli\u010dini padavina.<\/p>\n<p data-start=\"1029\" data-end=\"1205\">Posljednji meteorolo\u0161ki izra\u010duni, kako je objasnio, agresivniji su kada je rije\u010d o formiranju niskog zra\u010dnog pritiska, dotoku vla\u017enog zraka i mogu\u0107nosti intenzivnijih padavina.<\/p>\n<p data-start=\"1207\" data-end=\"1526\">\u201eSino\u0107nji i jutarnji izra\u010duni su znatno agresivniji u formiranju niskog zra\u010dnog pritiska i dotoku vla\u017enog zraka prema na\u0161em podru\u010dju te intenzivnijih padavina koji zasad nemaju ve\u0107u podr\u0161ku ostalih \u010dlanica u izra\u010dunima. Trenutni izgledniji scenarij upu\u0107uje na prelazak hladne fronte preko na\u0161e zemlje\u201c, naveo je Sladi\u0107.<\/p>\n<p data-start=\"1528\" data-end=\"1736\">Posebno se osvrnuo na dugotrajnu su\u0161u i pitanje kakve bi padavine zapravo bile potrebne da poprave stanje zemlji\u0161ta. Naglasio je da kratkotrajne i veoma intenzivne padavine ne predstavljaju najbolje rje\u0161enje.<\/p>\n<p data-start=\"1738\" data-end=\"1868\">Zbog izrazito suhog tla velika koli\u010dina ki\u0161e koja padne u kratkom periodu uglavnom otje\u010de, umjesto da se postepeno upija u zemlju.<\/p>\n<p data-start=\"1870\" data-end=\"2171\">\u201eIntenzivne padavine nisu solucija jer ve\u0107ina istresene ki\u0161nice tada otje\u010de umjesto da bude upijena u zemlji\u0161te, jer je tlo suho, a samim tim stegnuto i hidrofobno te se pona\u0161a poput asfaltne podloge. Potrebna nam je umjerena ki\u0161a koja \u0107e omogu\u0107iti da zemlja upije svaku kapljicu\u201c, objasnio je Sladi\u0107.<\/p>\n<p data-start=\"2173\" data-end=\"2351\">Takav tip padavina, prema njegovim rije\u010dima, mogu\u0107e je dobiti prolaskom hladne fronte, ali \u0107e kona\u010dan razvoj situacije zavisiti od vi\u0161e me\u0111usobno povezanih meteorolo\u0161kih faktora.<\/p>\n","protected":false},"excerpt":{"rendered":"<p>Nakon perioda iznadprosje\u010dno toplog vremena, prve naznake promjene u Bosni i Hercegovini mogle bi se pojaviti oko 10. septembra. Meteorolog Nedim Sladi\u0107 navodi da prognozni modeli ukazuju na mogu\u0107nost pada temperatura i prolaznih padavina, ali nagla\u0161ava da je signal jo\u0161 nedovoljno pouzdan. Prema trenutnim prognoznim materijalima, temperature bi oko 10. septembra mogle pasti na ugodnije [&hellip;]<\/p>\n","protected":false},"author":2,"featured_media":193032,"comment_status":"closed","ping_status":"closed","sticky":false,"template":"","format":"standard","meta":{"footnotes":""},"categories":[291,304],"tags":[14456,1636,1042],"class_list":["post-314699","post","type-post","status-publish","format-standard","has-post-thumbnail","hentry","category-bosna-i-hercegovina","category-istaknuto","tag-meteorolog","tag-nedim-sladic","tag-prognoza"],"yoast_head":"<!-- This site is optimized with the Yoast SEO plugin v28.4 - https:\/\/yoast.com\/product\/yoast-seo-wordpress\/ -->\n<title>Sladi\u0107 najavio kada dolazi promjena vremena uz ugodnije temperature i ki\u0161u<\/title>\n<meta name=\"robots\" content=\"index, follow, max-snippet:-1, max-image-preview:large, max-video-preview:-1\" \/>\n<link rel=\"canonical\" href=\"https:\/\/tuzlainfo.ba\/index.php\/bosna-i-hercegovina\/item\/314699-sladic-najavio-kada-dolazi-promjena-vremena-uz-ugodnije-temperature-i-kisu\/\" \/>\n<meta property=\"og:locale\" content=\"bs_BA\" \/>\n<meta property=\"og:type\" content=\"article\" \/>\n<meta property=\"og:title\" content=\"Sladi\u0107 najavio kada dolazi promjena vremena uz ugodnije temperature i ki\u0161u\" \/>\n<meta property=\"og:description\" content=\"Nakon perioda iznadprosje\u010dno toplog vremena, prve naznake promjene u Bosni i Hercegovini mogle bi se pojaviti oko 10. septembra. Meteorolog Nedim Sladi\u0107 navodi da prognozni modeli ukazuju na mogu\u0107nost pada temperatura i prolaznih padavina, ali nagla\u0161ava da je signal jo\u0161 nedovoljno pouzdan. Prema trenutnim prognoznim materijalima, temperature bi oko 10. septembra mogle pasti na ugodnije [&hellip;]\" \/>\n<meta property=\"og:url\" content=\"https:\/\/tuzlainfo.ba\/index.php\/bosna-i-hercegovina\/item\/314699-sladic-najavio-kada-dolazi-promjena-vremena-uz-ugodnije-temperature-i-kisu\/\" \/>\n<meta property=\"og:site_name\" content=\"TuzlaInfo.ba\" \/>\n<meta property=\"article:publisher\" content=\"https:\/\/www.facebook.com\/tuzlainfo.ba\/\" \/>\n<meta property=\"article:published_time\" content=\"2026-09-02T19:43:12+00:00\" \/>\n<meta property=\"og:image\" content=\"https:\/\/tuzlainfo.ba\/wp-content\/uploads\/2022\/12\/2412_nedim_sladic.jpg\" \/>\n\t<meta property=\"og:image:width\" content=\"1000\" \/>\n\t<meta property=\"og:image:height\" content=\"688\" \/>\n\t<meta property=\"og:image:type\" content=\"image\/jpeg\" \/>\n<meta name=\"author\" content=\"nedim\" \/>\n<meta name=\"twitter:card\" content=\"summary_large_image\" \/>\n<meta name=\"twitter:label1\" content=\"Written by\" \/>\n\t<meta name=\"twitter:data1\" content=\"nedim\" \/>\n\t<meta name=\"twitter:label2\" content=\"Est. reading time\" \/>\n\t<meta name=\"twitter:data2\" content=\"2 minute\" \/>\n<script type=\"application\/ld+json\" class=\"yoast-schema-graph\">{\"@context\":\"https:\\\/\\\/schema.org\",\"@graph\":[{\"@type\":\"Article\",\"@id\":\"https:\\\/\\\/tuzlainfo.ba\\\/index.php\\\/bosna-i-hercegovina\\\/item\\\/314699-sladic-najavio-kada-dolazi-promjena-vremena-uz-ugodnije-temperature-i-kisu\\\/#article\",\"isPartOf\":{\"@id\":\"https:\\\/\\\/tuzlainfo.ba\\\/index.php\\\/bosna-i-hercegovina\\\/item\\\/314699-sladic-najavio-kada-dolazi-promjena-vremena-uz-ugodnije-temperature-i-kisu\\\/\"},\"author\":{\"name\":\"nedim\",\"@id\":\"https:\\\/\\\/tuzlainfo.ba\\\/#\\\/schema\\\/person\\\/f434e20dc27ea133923aab08451b7f7f\"},\"headline\":\"Sladi\u0107 najavio kada dolazi promjena vremena uz ugodnije temperature i ki\u0161u\",\"datePublished\":\"2026-09-02T19:43:12+00:00\",\"mainEntityOfPage\":{\"@id\":\"https:\\\/\\\/tuzlainfo.ba\\\/index.php\\\/bosna-i-hercegovina\\\/item\\\/314699-sladic-najavio-kada-dolazi-promjena-vremena-uz-ugodnije-temperature-i-kisu\\\/\"},\"wordCount\":382,\"publisher\":{\"@id\":\"https:\\\/\\\/tuzlainfo.ba\\\/#organization\"},\"image\":{\"@id\":\"https:\\\/\\\/tuzlainfo.ba\\\/index.php\\\/bosna-i-hercegovina\\\/item\\\/314699-sladic-najavio-kada-dolazi-promjena-vremena-uz-ugodnije-temperature-i-kisu\\\/#primaryimage\"},\"thumbnailUrl\":\"https:\\\/\\\/tuzlainfo.ba\\\/wp-content\\\/uploads\\\/2022\\\/12\\\/2412_nedim_sladic.jpg\",\"keywords\":[\"meteorolog\",\"nedim sladi\u0107\",\"prognoza\"],\"articleSection\":[\"Bosna i Hercegovina\",\"Istaknuto\"],\"inLanguage\":\"bs-BA\",\"copyrightYear\":\"2026\",\"copyrightHolder\":{\"@id\":\"https:\\\/\\\/tuzlainfo.ba\\\/#organization\"}},{\"@type\":\"WebPage\",\"@id\":\"https:\\\/\\\/tuzlainfo.ba\\\/index.php\\\/bosna-i-hercegovina\\\/item\\\/314699-sladic-najavio-kada-dolazi-promjena-vremena-uz-ugodnije-temperature-i-kisu\\\/\",\"url\":\"https:\\\/\\\/tuzlainfo.ba\\\/index.php\\\/bosna-i-hercegovina\\\/item\\\/314699-sladic-najavio-kada-dolazi-promjena-vremena-uz-ugodnije-temperature-i-kisu\\\/\",\"name\":\"Sladi\u0107 najavio kada dolazi promjena vremena uz ugodnije temperature i ki\u0161u\",\"isPartOf\":{\"@id\":\"https:\\\/\\\/tuzlainfo.ba\\\/#website\"},\"primaryImageOfPage\":{\"@id\":\"https:\\\/\\\/tuzlainfo.ba\\\/index.php\\\/bosna-i-hercegovina\\\/item\\\/314699-sladic-najavio-kada-dolazi-promjena-vremena-uz-ugodnije-temperature-i-kisu\\\/#primaryimage\"},\"image\":{\"@id\":\"https:\\\/\\\/tuzlainfo.ba\\\/index.php\\\/bosna-i-hercegovina\\\/item\\\/314699-sladic-najavio-kada-dolazi-promjena-vremena-uz-ugodnije-temperature-i-kisu\\\/#primaryimage\"},\"thumbnailUrl\":\"https:\\\/\\\/tuzlainfo.ba\\\/wp-content\\\/uploads\\\/2022\\\/12\\\/2412_nedim_sladic.jpg\",\"datePublished\":\"2026-09-02T19:43:12+00:00\",\"breadcrumb\":{\"@id\":\"https:\\\/\\\/tuzlainfo.ba\\\/index.php\\\/bosna-i-hercegovina\\\/item\\\/314699-sladic-najavio-kada-dolazi-promjena-vremena-uz-ugodnije-temperature-i-kisu\\\/#breadcrumb\"},\"inLanguage\":\"bs-BA\",\"potentialAction\":[{\"@type\":\"ReadAction\",\"target\":[\"https:\\\/\\\/tuzlainfo.ba\\\/index.php\\\/bosna-i-hercegovina\\\/item\\\/314699-sladic-najavio-kada-dolazi-promjena-vremena-uz-ugodnije-temperature-i-kisu\\\/\"]}]},{\"@type\":\"ImageObject\",\"inLanguage\":\"bs-BA\",\"@id\":\"https:\\\/\\\/tuzlainfo.ba\\\/index.php\\\/bosna-i-hercegovina\\\/item\\\/314699-sladic-najavio-kada-dolazi-promjena-vremena-uz-ugodnije-temperature-i-kisu\\\/#primaryimage\",\"url\":\"https:\\\/\\\/tuzlainfo.ba\\\/wp-content\\\/uploads\\\/2022\\\/12\\\/2412_nedim_sladic.jpg\",\"contentUrl\":\"https:\\\/\\\/tuzlainfo.ba\\\/wp-content\\\/uploads\\\/2022\\\/12\\\/2412_nedim_sladic.jpg\",\"width\":1000,\"height\":688},{\"@type\":\"BreadcrumbList\",\"@id\":\"https:\\\/\\\/tuzlainfo.ba\\\/index.php\\\/bosna-i-hercegovina\\\/item\\\/314699-sladic-najavio-kada-dolazi-promjena-vremena-uz-ugodnije-temperature-i-kisu\\\/#breadcrumb\",\"itemListElement\":[{\"@type\":\"ListItem\",\"position\":1,\"name\":\"Home\",\"item\":\"https:\\\/\\\/tuzlainfo.ba\\\/\"},{\"@type\":\"ListItem\",\"position\":2,\"name\":\"Sladi\u0107 najavio kada dolazi promjena vremena uz ugodnije temperature i ki\u0161u\"}]},{\"@type\":\"WebSite\",\"@id\":\"https:\\\/\\\/tuzlainfo.ba\\\/#website\",\"url\":\"https:\\\/\\\/tuzlainfo.ba\\\/\",\"name\":\"TuzlaInfo.ba\",\"description\":\"Tuzla info, gradski informator - Tuzla na dlanu\",\"publisher\":{\"@id\":\"https:\\\/\\\/tuzlainfo.ba\\\/#organization\"},\"potentialAction\":[{\"@type\":\"SearchAction\",\"target\":{\"@type\":\"EntryPoint\",\"urlTemplate\":\"https:\\\/\\\/tuzlainfo.ba\\\/?s={search_term_string}\"},\"query-input\":{\"@type\":\"PropertyValueSpecification\",\"valueRequired\":true,\"valueName\":\"search_term_string\"}}],\"inLanguage\":\"bs-BA\"},{\"@type\":\"Organization\",\"@id\":\"https:\\\/\\\/tuzlainfo.ba\\\/#organization\",\"name\":\"TuzlaInfo.ba\",\"url\":\"https:\\\/\\\/tuzlainfo.ba\\\/\",\"logo\":{\"@type\":\"ImageObject\",\"inLanguage\":\"bs-BA\",\"@id\":\"https:\\\/\\\/tuzlainfo.ba\\\/#\\\/schema\\\/logo\\\/image\\\/\",\"url\":\"https:\\\/\\\/tuzlainfo.ba\\\/wp-content\\\/uploads\\\/2021\\\/03\\\/logo-ver-3-1.png\",\"contentUrl\":\"https:\\\/\\\/tuzlainfo.ba\\\/wp-content\\\/uploads\\\/2021\\\/03\\\/logo-ver-3-1.png\",\"width\":350,\"height\":95,\"caption\":\"TuzlaInfo.ba\"},\"image\":{\"@id\":\"https:\\\/\\\/tuzlainfo.ba\\\/#\\\/schema\\\/logo\\\/image\\\/\"},\"sameAs\":[\"https:\\\/\\\/www.facebook.com\\\/tuzlainfo.ba\\\/\"]},{\"@type\":\"Person\",\"@id\":\"https:\\\/\\\/tuzlainfo.ba\\\/#\\\/schema\\\/person\\\/f434e20dc27ea133923aab08451b7f7f\",\"name\":\"nedim\",\"image\":{\"@type\":\"ImageObject\",\"inLanguage\":\"bs-BA\",\"@id\":\"https:\\\/\\\/secure.gravatar.com\\\/avatar\\\/5b928a2e7e70a54208d2eb6c1edcb75a5350d6ae97d5f0a701203d456823f6f3?s=96&d=mm&r=g\",\"url\":\"https:\\\/\\\/secure.gravatar.com\\\/avatar\\\/5b928a2e7e70a54208d2eb6c1edcb75a5350d6ae97d5f0a701203d456823f6f3?s=96&d=mm&r=g\",\"contentUrl\":\"https:\\\/\\\/secure.gravatar.com\\\/avatar\\\/5b928a2e7e70a54208d2eb6c1edcb75a5350d6ae97d5f0a701203d456823f6f3?s=96&d=mm&r=g\",\"caption\":\"nedim\"},\"description\":\"Tuzlainfo.ba pratite na dru\u0161tvenim mre\u017eama: Facebook, Instagram i Youtube. Svoje pri\u010de, upite i fotografije \u0161aljite na na\u0161u e-mail adresu.\"}]}<\/script>\n<!-- \/ Yoast SEO plugin. -->","yoast_head_json":{"title":"Sladi\u0107 najavio kada dolazi promjena vremena uz ugodnije temperature i ki\u0161u","robots":{"index":"index","follow":"follow","max-snippet":"max-snippet:-1","max-image-preview":"max-image-preview:large","max-video-preview":"max-video-preview:-1"},"canonical":"https:\/\/tuzlainfo.ba\/index.php\/bosna-i-hercegovina\/item\/314699-sladic-najavio-kada-dolazi-promjena-vremena-uz-ugodnije-temperature-i-kisu\/","og_locale":"bs_BA","og_type":"article","og_title":"Sladi\u0107 najavio kada dolazi promjena vremena uz ugodnije temperature i ki\u0161u","og_description":"Nakon perioda iznadprosje\u010dno toplog vremena, prve naznake promjene u Bosni i Hercegovini mogle bi se pojaviti oko 10. septembra. Meteorolog Nedim Sladi\u0107 navodi da prognozni modeli ukazuju na mogu\u0107nost pada temperatura i prolaznih padavina, ali nagla\u0161ava da je signal jo\u0161 nedovoljno pouzdan. Prema trenutnim prognoznim materijalima, temperature bi oko 10. septembra mogle pasti na ugodnije [&hellip;]","og_url":"https:\/\/tuzlainfo.ba\/index.php\/bosna-i-hercegovina\/item\/314699-sladic-najavio-kada-dolazi-promjena-vremena-uz-ugodnije-temperature-i-kisu\/","og_site_name":"TuzlaInfo.ba","article_publisher":"https:\/\/www.facebook.com\/tuzlainfo.ba\/","article_published_time":"2026-09-02T19:43:12+00:00","og_image":[{"width":1000,"height":688,"url":"https:\/\/tuzlainfo.ba\/wp-content\/uploads\/2022\/12\/2412_nedim_sladic.jpg","type":"image\/jpeg"}],"author":"nedim","twitter_card":"summary_large_image","twitter_misc":{"Written by":"nedim","Est. reading time":"2 minute"},"schema":{"@context":"https:\/\/schema.org","@graph":[{"@type":"Article","@id":"https:\/\/tuzlainfo.ba\/index.php\/bosna-i-hercegovina\/item\/314699-sladic-najavio-kada-dolazi-promjena-vremena-uz-ugodnije-temperature-i-kisu\/#article","isPartOf":{"@id":"https:\/\/tuzlainfo.ba\/index.php\/bosna-i-hercegovina\/item\/314699-sladic-najavio-kada-dolazi-promjena-vremena-uz-ugodnije-temperature-i-kisu\/"},"author":{"name":"nedim","@id":"https:\/\/tuzlainfo.ba\/#\/schema\/person\/f434e20dc27ea133923aab08451b7f7f"},"headline":"Sladi\u0107 najavio kada dolazi promjena vremena uz ugodnije temperature i ki\u0161u","datePublished":"2026-09-02T19:43:12+00:00","mainEntityOfPage":{"@id":"https:\/\/tuzlainfo.ba\/index.php\/bosna-i-hercegovina\/item\/314699-sladic-najavio-kada-dolazi-promjena-vremena-uz-ugodnije-temperature-i-kisu\/"},"wordCount":382,"publisher":{"@id":"https:\/\/tuzlainfo.ba\/#organization"},"image":{"@id":"https:\/\/tuzlainfo.ba\/index.php\/bosna-i-hercegovina\/item\/314699-sladic-najavio-kada-dolazi-promjena-vremena-uz-ugodnije-temperature-i-kisu\/#primaryimage"},"thumbnailUrl":"https:\/\/tuzlainfo.ba\/wp-content\/uploads\/2022\/12\/2412_nedim_sladic.jpg","keywords":["meteorolog","nedim sladi\u0107","prognoza"],"articleSection":["Bosna i Hercegovina","Istaknuto"],"inLanguage":"bs-BA","copyrightYear":"2026","copyrightHolder":{"@id":"https:\/\/tuzlainfo.ba\/#organization"}},{"@type":"WebPage","@id":"https:\/\/tuzlainfo.ba\/index.php\/bosna-i-hercegovina\/item\/314699-sladic-najavio-kada-dolazi-promjena-vremena-uz-ugodnije-temperature-i-kisu\/","url":"https:\/\/tuzlainfo.ba\/index.php\/bosna-i-hercegovina\/item\/314699-sladic-najavio-kada-dolazi-promjena-vremena-uz-ugodnije-temperature-i-kisu\/","name":"Sladi\u0107 najavio kada dolazi promjena vremena uz ugodnije temperature i ki\u0161u","isPartOf":{"@id":"https:\/\/tuzlainfo.ba\/#website"},"primaryImageOfPage":{"@id":"https:\/\/tuzlainfo.ba\/index.php\/bosna-i-hercegovina\/item\/314699-sladic-najavio-kada-dolazi-promjena-vremena-uz-ugodnije-temperature-i-kisu\/#primaryimage"},"image":{"@id":"https:\/\/tuzlainfo.ba\/index.php\/bosna-i-hercegovina\/item\/314699-sladic-najavio-kada-dolazi-promjena-vremena-uz-ugodnije-temperature-i-kisu\/#primaryimage"},"thumbnailUrl":"https:\/\/tuzlainfo.ba\/wp-content\/uploads\/2022\/12\/2412_nedim_sladic.jpg","datePublished":"2026-09-02T19:43:12+00:00","breadcrumb":{"@id":"https:\/\/tuzlainfo.ba\/index.php\/bosna-i-hercegovina\/item\/314699-sladic-najavio-kada-dolazi-promjena-vremena-uz-ugodnije-temperature-i-kisu\/#breadcrumb"},"inLanguage":"bs-BA","potentialAction":[{"@type":"ReadAction","target":["https:\/\/tuzlainfo.ba\/index.php\/bosna-i-hercegovina\/item\/314699-sladic-najavio-kada-dolazi-promjena-vremena-uz-ugodnije-temperature-i-kisu\/"]}]},{"@type":"ImageObject","inLanguage":"bs-BA","@id":"https:\/\/tuzlainfo.ba\/index.php\/bosna-i-hercegovina\/item\/314699-sladic-najavio-kada-dolazi-promjena-vremena-uz-ugodnije-temperature-i-kisu\/#primaryimage","url":"https:\/\/tuzlainfo.ba\/wp-content\/uploads\/2022\/12\/2412_nedim_sladic.jpg","contentUrl":"https:\/\/tuzlainfo.ba\/wp-content\/uploads\/2022\/12\/2412_nedim_sladic.jpg","width":1000,"height":688},{"@type":"BreadcrumbList","@id":"https:\/\/tuzlainfo.ba\/index.php\/bosna-i-hercegovina\/item\/314699-sladic-najavio-kada-dolazi-promjena-vremena-uz-ugodnije-temperature-i-kisu\/#breadcrumb","itemListElement":[{"@type":"ListItem","position":1,"name":"Home","item":"https:\/\/tuzlainfo.ba\/"},{"@type":"ListItem","position":2,"name":"Sladi\u0107 najavio kada dolazi promjena vremena uz ugodnije temperature i ki\u0161u"}]},{"@type":"WebSite","@id":"https:\/\/tuzlainfo.ba\/#website","url":"https:\/\/tuzlainfo.ba\/","name":"TuzlaInfo.ba","description":"Tuzla info, gradski informator - Tuzla na dlanu","publisher":{"@id":"https:\/\/tuzlainfo.ba\/#organization"},"potentialAction":[{"@type":"SearchAction","target":{"@type":"EntryPoint","urlTemplate":"https:\/\/tuzlainfo.ba\/?s={search_term_string}"},"query-input":{"@type":"PropertyValueSpecification","valueRequired":true,"valueName":"search_term_string"}}],"inLanguage":"bs-BA"},{"@type":"Organization","@id":"https:\/\/tuzlainfo.ba\/#organization","name":"TuzlaInfo.ba","url":"https:\/\/tuzlainfo.ba\/","logo":{"@type":"ImageObject","inLanguage":"bs-BA","@id":"https:\/\/tuzlainfo.ba\/#\/schema\/logo\/image\/","url":"https:\/\/tuzlainfo.ba\/wp-content\/uploads\/2021\/03\/logo-ver-3-1.png","contentUrl":"https:\/\/tuzlainfo.ba\/wp-content\/uploads\/2021\/03\/logo-ver-3-1.png","width":350,"height":95,"caption":"TuzlaInfo.ba"},"image":{"@id":"https:\/\/tuzlainfo.ba\/#\/schema\/logo\/image\/"},"sameAs":["https:\/\/www.facebook.com\/tuzlainfo.ba\/"]},{"@type":"Person","@id":"https:\/\/tuzlainfo.ba\/#\/schema\/person\/f434e20dc27ea133923aab08451b7f7f","name":"nedim","image":{"@type":"ImageObject","inLanguage":"bs-BA","@id":"https:\/\/secure.gravatar.com\/avatar\/5b928a2e7e70a54208d2eb6c1edcb75a5350d6ae97d5f0a701203d456823f6f3?s=96&d=mm&r=g","url":"https:\/\/secure.gravatar.com\/avatar\/5b928a2e7e70a54208d2eb6c1edcb75a5350d6ae97d5f0a701203d456823f6f3?s=96&d=mm&r=g","contentUrl":"https:\/\/secure.gravatar.com\/avatar\/5b928a2e7e70a54208d2eb6c1edcb75a5350d6ae97d5f0a701203d456823f6f3?s=96&d=mm&r=g","caption":"nedim"},"description":"Tuzlainfo.ba pratite na dru\u0161tvenim mre\u017eama: Facebook, Instagram i Youtube. Svoje pri\u010de, upite i fotografije \u0161aljite na na\u0161u e-mail adresu."}]}},"_links":{"self":[{"href":"https:\/\/tuzlainfo.ba\/index.php\/wp-json\/wp\/v2\/posts\/314699","targetHints":{"allow":["GET"]}}],"collection":[{"href":"https:\/\/tuzlainfo.ba\/index.php\/wp-json\/wp\/v2\/posts"}],"about":[{"href":"https:\/\/tuzlainfo.ba\/index.php\/wp-json\/wp\/v2\/types\/post"}],"author":[{"embeddable":true,"href":"https:\/\/tuzlainfo.ba\/index.php\/wp-json\/wp\/v2\/users\/2"}],"replies":[{"embeddable":true,"href":"https:\/\/tuzlainfo.ba\/index.php\/wp-json\/wp\/v2\/comments?post=314699"}],"version-history":[{"count":1,"href":"https:\/\/tuzlainfo.ba\/index.php\/wp-json\/wp\/v2\/posts\/314699\/revisions"}],"predecessor-version":[{"id":314700,"href":"https:\/\/tuzlainfo.ba\/index.php\/wp-json\/wp\/v2\/posts\/314699\/revisions\/314700"}],"wp:featuredmedia":[{"embeddable":true,"href":"https:\/\/tuzlainfo.ba\/index.php\/wp-json\/wp\/v2\/media\/193032"}],"wp:attachment":[{"href":"https:\/\/tuzlainfo.ba\/index.php\/wp-json\/wp\/v2\/media?parent=314699"}],"wp:term":[{"taxonomy":"category","embeddable":true,"href":"https:\/\/tuzlainfo.ba\/index.php\/wp-json\/wp\/v2\/categories?post=314699"},{"taxonomy":"post_tag","embeddable":true,"href":"https:\/\/tuzlainfo.ba\/index.php\/wp-json\/wp\/v2\/tags?post=314699"}],"curies":[{"name":"wp","href":"https:\/\/api.w.org\/{rel}","templated":true}]}}